{"id":173747,"date":"2022-08-21T00:25:00","date_gmt":"2022-08-21T03:25:00","guid":{"rendered":"https:\/\/experienciadevida.com.ar\/portalurbano\/?p=173747"},"modified":"2022-08-21T00:28:30","modified_gmt":"2022-08-21T03:28:30","slug":"un-atentado-a-la-democracia-y-un-camino-de-reconstruccion-del-comite-de-la-ucr","status":"publish","type":"post","link":"https:\/\/experienciadevida.com.ar\/portalurbano\/un-atentado-a-la-democracia-y-un-camino-de-reconstruccion-del-comite-de-la-ucr\/","title":{"rendered":"Un atentado a la democracia y un camino de reconstrucci\u00f3n del comit\u00e9 de la UCR"},"content":{"rendered":"<p>Por <strong>Agostina Monteleone<br \/>\n21 de Agosto 2022<\/strong><\/p>\n<hr \/>\n<p>Un atentado a la democracia y un camino de reconstrucci\u00f3n del comit\u00e9 de la UCR, en la madrugada del 4 de agosto del a\u00f1o 2013 suced\u00eda un hecho sin antecedentes para nuestra ciudad, el incendio intencional del comit\u00e9 de la Uni\u00f3n C\u00edvica Radical.<\/p>\n<p><a href=\"https:\/\/experienciadevida.com.ar\/portalurbano\/un-atentado-a-la-democracia-y-un-camino-de-reconstruccion-del-comite-de-la-ucr\/incendio\/\" rel=\"attachment wp-att-173748\"><img decoding=\"async\" class=\"alignnone size-full wp-image-173748\" src=\"https:\/\/experienciadevida.com.ar\/portalurbano\/wp-content\/uploads\/2022\/08\/Incendio.jpg\" alt=\"Un \" width=\"887\" height=\"521\" srcset=\"https:\/\/experienciadevida.com.ar\/portalurbano\/wp-content\/uploads\/2022\/08\/Incendio.jpg 887w, https:\/\/experienciadevida.com.ar\/portalurbano\/wp-content\/uploads\/2022\/08\/Incendio-300x176.jpg 300w, https:\/\/experienciadevida.com.ar\/portalurbano\/wp-content\/uploads\/2022\/08\/Incendio-768x451.jpg 768w, https:\/\/experienciadevida.com.ar\/portalurbano\/wp-content\/uploads\/2022\/08\/Incendio-150x88.jpg 150w\" sizes=\"(max-width: 887px) 100vw, 887px\" \/><\/a><\/p>\n<p>A una semana de las PASO de aquel a\u00f1o, acontec\u00eda un atentado a la democracia no s\u00f3lo de nuestra ciudad sino tambi\u00e9n de nuestro pa\u00eds, donde se cumpl\u00edan parad\u00f3jicamente 30 a\u00f1os de la vuelta a la democracia en Argentina. Consternaci\u00f3n y asombro invadi\u00f3 a los radicales y a toda la comunidad Olavarriense. Un suceso que gener\u00f3 un profundo impacto pol\u00edtico que despert\u00f3 un repudio generalizado.<\/p>\n<p>Con el correr de los d\u00edas y los meses posteriores al atentado gener\u00f3 a\u00fan m\u00e1s indignaci\u00f3n al ver las pocas intenciones para esclarecer el incendio donde intervino la Justicia Federal, se hicieron peritajes de Provincia y de Naci\u00f3n, pero poco se pudo saber de los autores materiales, lo que s\u00ed qued\u00f3 claro que el hecho fue puramente intencional, \u201clo \u00fanico que quer\u00edan era dejarnos sin nada, los focos de incendio fueron en lugares claves para nosotros y que no particip\u00e1ramos en las elecciones de ese a\u00f1o. Los autores ingresaron por la parte de atr\u00e1s del edificio y salieron por la puerta principal, en ese momento las c\u00e1maras no funcionaban por eso nunca se pudo esclarecer qui\u00e9nes hab\u00edan sido los que cometieron ese acto\u201d, mencion\u00f3 Bel\u00e9n Vergel actual concejal del Bloque UCR en el Concejo Deliberante.<\/p>\n<p>La causa qued\u00f3 archivada, \u201clamento que no se hayan encontrado qui\u00e9nes fueron porque tambi\u00e9n se hubiese dado un cierre a esa causa judicial, pero m\u00e1s all\u00e1 del dolor y angustia nos fortaleci\u00f3 para seguir adelante y saber que no nos van a callar por m\u00e1s comit\u00e9 que nos prendan fuego, tenemos prendida la llama de que tenemos que llevar el radicalismo hasta el \u00faltimo lugar de Olavarr\u00eda\u201d, expres\u00f3 <a href=\"https:\/\/www.instagram.com\/belenvergel\/\">Bel\u00e9n<\/a>.<\/p>\n<p><a href=\"https:\/\/experienciadevida.com.ar\/portalurbano\/un-atentado-a-la-democracia-y-un-camino-de-reconstruccion-del-comite-de-la-ucr\/atentado\/\" rel=\"attachment wp-att-173751\"><img decoding=\"async\" class=\"alignnone wp-image-173751\" src=\"https:\/\/experienciadevida.com.ar\/portalurbano\/wp-content\/uploads\/2022\/08\/atentado.jpg\" alt=\"atentado \" width=\"808\" height=\"551\" srcset=\"https:\/\/experienciadevida.com.ar\/portalurbano\/wp-content\/uploads\/2022\/08\/atentado.jpg 765w, https:\/\/experienciadevida.com.ar\/portalurbano\/wp-content\/uploads\/2022\/08\/atentado-300x205.jpg 300w, https:\/\/experienciadevida.com.ar\/portalurbano\/wp-content\/uploads\/2022\/08\/atentado-150x102.jpg 150w\" sizes=\"(max-width: 808px) 100vw, 808px\" \/><\/a><\/p>\n<p><strong>Los inicios de la reconstrucci\u00f3n:<\/strong><\/p>\n<p>Recordaron la situaci\u00f3n como tr\u00e1gica y \u201cdevastadora\u201d, el trabajo que se hizo fue descomunal, ya que tuvieron que hacer una limpieza profunda del lugar hasta que \u201cnos dimos cuenta que no pod\u00edamos hacerlo nosotros solos sino que necesit\u00e1bamos de maquinaria porque la situaci\u00f3n era de derrumbe\u201d, dijo Bel\u00e9n.<\/p>\n<p>Con angustia retiraban los escombros y la suciedad que hab\u00eda quedado en el lugar, \u201cuna imagen t\u00e9trica\u201d, remarc\u00f3 <a href=\"https:\/\/www.instagram.com\/francocominotto\/\">Franco Cominotto,<\/a> adem\u00e1s \u201ctodas las comisiones trabajaron para que pudi\u00e9ramos volver a nuestra casa\u201d.<\/p>\n<p><a href=\"https:\/\/experienciadevida.com.ar\/portalurbano\/franco-cominotto-el-radicalismo-de-olavarria-tiene-una-fuerte-vocacion-de-servicio\/franco-cominotto-4\/\" rel=\"attachment wp-att-173301\"><img decoding=\"async\" class=\"alignnone wp-image-173301\" src=\"https:\/\/experienciadevida.com.ar\/portalurbano\/wp-content\/uploads\/2022\/08\/Franco-Cominotto.jpg\" alt=\"\" width=\"812\" height=\"541\" srcset=\"https:\/\/experienciadevida.com.ar\/portalurbano\/wp-content\/uploads\/2022\/08\/Franco-Cominotto.jpg 765w, https:\/\/experienciadevida.com.ar\/portalurbano\/wp-content\/uploads\/2022\/08\/Franco-Cominotto-300x200.jpg 300w, https:\/\/experienciadevida.com.ar\/portalurbano\/wp-content\/uploads\/2022\/08\/Franco-Cominotto-150x100.jpg 150w\" sizes=\"(max-width: 812px) 100vw, 812px\" \/><\/a><\/p>\n<p>Los d\u00edas posteriores fueron pensar distintas estrategias para recaudar fondos y comenzar con los trabajos, como por ejemplo, venta de comida, y otras campa\u00f1as con un \u00fanico objetivo, volver a tener ese espacio.<\/p>\n<p>Entre lo que se fue recaudando durante tantos a\u00f1os se realiz\u00f3 una obra sumamente costosa que fue hacer un tinglado y un entrepiso, pero los costos de las materiales aumentaban considerablemente, cosa que se hizo a\u00fan m\u00e1s dif\u00edcil para la reconstrucci\u00f3n, pero no se dieron por vencidos y siguieron trabajando incansablemente, \u201ccon la gran cena que se realiz\u00f3 d\u00edas pasados se podr\u00e1 cerrar lo que era el antiguo garaje y hacer los ba\u00f1os que son dos cosas fundamentales para poder volver a nuestra casa, tendr\u00edamos un local medianamente chico pero s\u00ed dentro de ese espacio\u201d.<\/p>\n<p><strong>Comisi\u00f3n de reconstrucci\u00f3n:<\/strong><\/p>\n<p>Existe en la actualidad una comisi\u00f3n de reconstrucci\u00f3n en el comit\u00e9, que trabaja constantemente en generar actividades para recaudar fondos.<\/p>\n<p>\u201cEs muy amplia la zona que va a ir techada ,entonces terminar todo junto en un tiempo corto es imposible, es por eso que se decidi\u00f3 terminar el garaje para poder estar nuevamente en el comit\u00e9 de la calle 25 de Mayo que es nuestra casa\u201d dijo <a href=\"https:\/\/www.instagram.com\/sebastianmatrella\/\">Sebasti\u00e1n Matrella,<\/a> concejal del bloque.<\/p>\n<p><a href=\"https:\/\/experienciadevida.com.ar\/portalurbano\/un-atentado-a-la-democracia-y-un-camino-de-reconstruccion-del-comite-de-la-ucr\/a-16\/\" rel=\"attachment wp-att-173753\"><img decoding=\"async\" class=\"alignnone wp-image-173753\" src=\"https:\/\/experienciadevida.com.ar\/portalurbano\/wp-content\/uploads\/2022\/08\/a-2.jpg\" alt=\"a \" width=\"809\" height=\"637\" srcset=\"https:\/\/experienciadevida.com.ar\/portalurbano\/wp-content\/uploads\/2022\/08\/a-2.jpg 765w, https:\/\/experienciadevida.com.ar\/portalurbano\/wp-content\/uploads\/2022\/08\/a-2-300x236.jpg 300w, https:\/\/experienciadevida.com.ar\/portalurbano\/wp-content\/uploads\/2022\/08\/a-2-150x118.jpg 150w\" sizes=\"(max-width: 809px) 100vw, 809px\" \/><\/a><\/p>\n<p>Remarcaron que no tuvieron ayuda de nadie, s\u00f3lo del afiliado radical y del vecino Olavarriense que ve los esfuerzos que llevan adelante para la tan esperada reconstrucci\u00f3n.<\/p>\n<p>\u201cTendr\u00eda que existir a nivel nacional alg\u00fan tipo de ley que pueda estar detr\u00e1s de este tipo de atentados para cualquier partido pol\u00edtico\u201d, dijo Sebasti\u00e1n.<\/p>\n<p>La comisi\u00f3n sirvi\u00f3 tambi\u00e9n para organizar la gran cena que fue realizada el d\u00eda s\u00e1bado 13 de agosto y que cont\u00f3 con la presencia de importantes figuras a nivel nacional y provincial.<\/p>\n<p>Destacaron el gran balance obtenido tanto econ\u00f3mico como pol\u00edtico en donde se recaud\u00f3 m\u00e1s de medio mill\u00f3n de pesos. \u201cEl afiliado radical conf\u00edo en nosotros para comprar una tarjeta para seguir reconstruyendo el comit\u00e9, as\u00ed como tambi\u00e9n el apoyo recibido por nuestras m\u00e1ximas autoridades\u201d, dijo Gonzalo Dolagaray Presidente de la UCR local.<\/p>\n<p><strong>La cena como puntapi\u00e9 inicial para el regreso a su casa<\/strong><\/p>\n<p>Sabemos que Olavarr\u00eda es tierra de demostraciones de fuerza y unidad, en todos los partidos pol\u00edticos, un encuentro hist\u00f3rico que atrajo la atenci\u00f3n hacia nuestra ciudad, la cena estaba prevista desde hac\u00eda varias semanas y las expectativas no s\u00f3lo se cumplieron sino que tambi\u00e9n se superaron, dirigentes de mucho peso pol\u00edtico acompa\u00f1aron la misma como Gerardo Morales, actual Gobernador de Jujuy y Presidente de la UCR a nivel nacional y Maximiliano Abad Diputado de la Provincia de Buenos Aires por la quinta secci\u00f3n electoral y Presidente del comit\u00e9 Provincial de la UCR.<\/p>\n<p><a href=\"https:\/\/experienciadevida.com.ar\/portalurbano\/una-cena-de-la-union-civica-radical-para-la-reconstruccion-de-su-edificio\/una-cena-de-la\/\" rel=\"attachment wp-att-173278\"><img decoding=\"async\" class=\"alignnone wp-image-173278\" src=\"https:\/\/experienciadevida.com.ar\/portalurbano\/wp-content\/uploads\/2022\/08\/Una-cena-de-la.jpg\" alt=\"la \" width=\"810\" height=\"540\" srcset=\"https:\/\/experienciadevida.com.ar\/portalurbano\/wp-content\/uploads\/2022\/08\/Una-cena-de-la.jpg 765w, https:\/\/experienciadevida.com.ar\/portalurbano\/wp-content\/uploads\/2022\/08\/Una-cena-de-la-300x200.jpg 300w, https:\/\/experienciadevida.com.ar\/portalurbano\/wp-content\/uploads\/2022\/08\/Una-cena-de-la-150x100.jpg 150w\" sizes=\"(max-width: 810px) 100vw, 810px\" \/><\/a><\/p>\n<p>No podemos dejar de mencionar el acompa\u00f1amiento local del Intendente Ezequiel Galli junto a su equipo de trabajo, y Mario Cura referente del Peronismo Republicano, una cena donde hubo de todo desde discursos y sorpresas, pero el objetivo principal es regresar a su casa.<\/p>\n<p>\u201cEl apoyo fue formidable y la felicidad de esa noche va a quedar grabada como un hito, una gran cena. Es importante mencionar que hubo un equipo que se ocup\u00f3 de cada tarea\u201d, dijo Bel\u00e9n, la juventud radical tambi\u00e9n tuvo su protagonismo.<\/p>\n<p>\u201cQueremos poner el radicalismo donde tiene que estar, m\u00e1s all\u00e1 de la estructura es un lugar muy importante para muchos, es la casa de todos\u201d, coment\u00f3 Sebasti\u00e1n.<\/p>\n<p>Por \u00faltimo, Franco Cominotto dijo \u201cmuchos miran al radicalismo como una verdadera opci\u00f3n y eso se not\u00f3 en la cena, la concurrencia como la repercusi\u00f3n es altamente positiva, estamos por un muy buen camino\u201d.<\/p>\n<p><span style=\"color: #0000ff;\"><a href=\"https:\/\/experienciadevida.com.ar\/portalurbano\/un-atentado-a-la-democracia-y-un-camino-de-reconstruccion-del-comite-de-la-ucr\/fb_img_1596312137315\/\" rel=\"attachment wp-att-173754\"><img decoding=\"async\" class=\"alignnone size-full wp-image-173754\" src=\"https:\/\/experienciadevida.com.ar\/portalurbano\/wp-content\/uploads\/2022\/08\/FB_IMG_1596312137315.jpg\" alt=\"\" width=\"960\" height=\"540\" srcset=\"https:\/\/experienciadevida.com.ar\/portalurbano\/wp-content\/uploads\/2022\/08\/FB_IMG_1596312137315.jpg 960w, https:\/\/experienciadevida.com.ar\/portalurbano\/wp-content\/uploads\/2022\/08\/FB_IMG_1596312137315-300x169.jpg 300w, https:\/\/experienciadevida.com.ar\/portalurbano\/wp-content\/uploads\/2022\/08\/FB_IMG_1596312137315-768x432.jpg 768w, https:\/\/experienciadevida.com.ar\/portalurbano\/wp-content\/uploads\/2022\/08\/FB_IMG_1596312137315-150x84.jpg 150w\" sizes=\"(max-width: 960px) 100vw, 960px\" \/><\/a><\/span><\/p>\n<p><a href=\"https:\/\/experienciadevida.com.ar\/portalurbano\/un-atentado-a-la-democracia-y-un-camino-de-reconstruccion-del-comite-de-la-ucr\/fb_img_1596312141763\/\" rel=\"attachment wp-att-173755\"><img decoding=\"async\" class=\"alignnone size-full wp-image-173755\" src=\"https:\/\/experienciadevida.com.ar\/portalurbano\/wp-content\/uploads\/2022\/08\/FB_IMG_1596312141763.jpg\" alt=\"\" width=\"960\" height=\"720\" srcset=\"https:\/\/experienciadevida.com.ar\/portalurbano\/wp-content\/uploads\/2022\/08\/FB_IMG_1596312141763.jpg 960w, https:\/\/experienciadevida.com.ar\/portalurbano\/wp-content\/uploads\/2022\/08\/FB_IMG_1596312141763-300x225.jpg 300w, https:\/\/experienciadevida.com.ar\/portalurbano\/wp-content\/uploads\/2022\/08\/FB_IMG_1596312141763-768x576.jpg 768w, https:\/\/experienciadevida.com.ar\/portalurbano\/wp-content\/uploads\/2022\/08\/FB_IMG_1596312141763-150x113.jpg 150w\" sizes=\"(max-width: 960px) 100vw, 960px\" \/><\/a><\/p>\n<p><a href=\"https:\/\/experienciadevida.com.ar\/portalurbano\/un-atentado-a-la-democracia-y-un-camino-de-reconstruccion-del-comite-de-la-ucr\/img_20200515_113636\/\" rel=\"attachment wp-att-173756\"><img decoding=\"async\" class=\"alignnone wp-image-173756\" src=\"https:\/\/experienciadevida.com.ar\/portalurbano\/wp-content\/uploads\/2022\/08\/IMG_20200515_113636-768x1024.jpg\" alt=\"\" width=\"825\" height=\"1100\" srcset=\"https:\/\/experienciadevida.com.ar\/portalurbano\/wp-content\/uploads\/2022\/08\/IMG_20200515_113636-768x1024.jpg 768w, https:\/\/experienciadevida.com.ar\/portalurbano\/wp-content\/uploads\/2022\/08\/IMG_20200515_113636-225x300.jpg 225w, https:\/\/experienciadevida.com.ar\/portalurbano\/wp-content\/uploads\/2022\/08\/IMG_20200515_113636-576x768.jpg 576w, https:\/\/experienciadevida.com.ar\/portalurbano\/wp-content\/uploads\/2022\/08\/IMG_20200515_113636-1152x1536.jpg 1152w, https:\/\/experienciadevida.com.ar\/portalurbano\/wp-content\/uploads\/2022\/08\/IMG_20200515_113636-1536x2048.jpg 1536w, https:\/\/experienciadevida.com.ar\/portalurbano\/wp-content\/uploads\/2022\/08\/IMG_20200515_113636-640x853.jpg 640w, https:\/\/experienciadevida.com.ar\/portalurbano\/wp-content\/uploads\/2022\/08\/IMG_20200515_113636-150x200.jpg 150w, https:\/\/experienciadevida.com.ar\/portalurbano\/wp-content\/uploads\/2022\/08\/IMG_20200515_113636-scaled.jpg 1920w\" sizes=\"(max-width: 825px) 100vw, 825px\" \/><\/a><\/p>\n<p><a href=\"https:\/\/experienciadevida.com.ar\/portalurbano\/un-atentado-a-la-democracia-y-un-camino-de-reconstruccion-del-comite-de-la-ucr\/img_20200804_100752\/\" rel=\"attachment wp-att-173757\"><img decoding=\"async\" class=\"alignnone wp-image-173757\" src=\"https:\/\/experienciadevida.com.ar\/portalurbano\/wp-content\/uploads\/2022\/08\/IMG_20200804_100752-768x1024.jpg\" alt=\"\" width=\"825\" height=\"1100\" srcset=\"https:\/\/experienciadevida.com.ar\/portalurbano\/wp-content\/uploads\/2022\/08\/IMG_20200804_100752-768x1024.jpg 768w, https:\/\/experienciadevida.com.ar\/portalurbano\/wp-content\/uploads\/2022\/08\/IMG_20200804_100752-225x300.jpg 225w, https:\/\/experienciadevida.com.ar\/portalurbano\/wp-content\/uploads\/2022\/08\/IMG_20200804_100752-576x768.jpg 576w, https:\/\/experienciadevida.com.ar\/portalurbano\/wp-content\/uploads\/2022\/08\/IMG_20200804_100752-1152x1536.jpg 1152w, https:\/\/experienciadevida.com.ar\/portalurbano\/wp-content\/uploads\/2022\/08\/IMG_20200804_100752-1536x2048.jpg 1536w, https:\/\/experienciadevida.com.ar\/portalurbano\/wp-content\/uploads\/2022\/08\/IMG_20200804_100752-640x853.jpg 640w, https:\/\/experienciadevida.com.ar\/portalurbano\/wp-content\/uploads\/2022\/08\/IMG_20200804_100752-150x200.jpg 150w, https:\/\/experienciadevida.com.ar\/portalurbano\/wp-content\/uploads\/2022\/08\/IMG_20200804_100752-scaled.jpg 1920w\" sizes=\"(max-width: 825px) 100vw, 825px\" \/><\/a><\/p>\n<p><a href=\"https:\/\/experienciadevida.com.ar\/portalurbano\/un-atentado-a-la-democracia-y-un-camino-de-reconstruccion-del-comite-de-la-ucr\/img_20200820_172233\/\" rel=\"attachment wp-att-173758\"><img decoding=\"async\" class=\"alignnone wp-image-173758\" src=\"https:\/\/experienciadevida.com.ar\/portalurbano\/wp-content\/uploads\/2022\/08\/IMG_20200820_172233-768x1024.jpg\" alt=\"\" width=\"824\" height=\"1099\" srcset=\"https:\/\/experienciadevida.com.ar\/portalurbano\/wp-content\/uploads\/2022\/08\/IMG_20200820_172233-768x1024.jpg 768w, https:\/\/experienciadevida.com.ar\/portalurbano\/wp-content\/uploads\/2022\/08\/IMG_20200820_172233-225x300.jpg 225w, https:\/\/experienciadevida.com.ar\/portalurbano\/wp-content\/uploads\/2022\/08\/IMG_20200820_172233-576x768.jpg 576w, https:\/\/experienciadevida.com.ar\/portalurbano\/wp-content\/uploads\/2022\/08\/IMG_20200820_172233-1152x1536.jpg 1152w, https:\/\/experienciadevida.com.ar\/portalurbano\/wp-content\/uploads\/2022\/08\/IMG_20200820_172233-1536x2048.jpg 1536w, https:\/\/experienciadevida.com.ar\/portalurbano\/wp-content\/uploads\/2022\/08\/IMG_20200820_172233-640x853.jpg 640w, https:\/\/experienciadevida.com.ar\/portalurbano\/wp-content\/uploads\/2022\/08\/IMG_20200820_172233-150x200.jpg 150w, https:\/\/experienciadevida.com.ar\/portalurbano\/wp-content\/uploads\/2022\/08\/IMG_20200820_172233-scaled.jpg 1920w\" sizes=\"(max-width: 824px) 100vw, 824px\" \/><\/a><\/p>\n<p><a href=\"https:\/\/experienciadevida.com.ar\/portalurbano\/un-atentado-a-la-democracia-y-un-camino-de-reconstruccion-del-comite-de-la-ucr\/img_20200820_172152\/\" rel=\"attachment wp-att-173759\"><img decoding=\"async\" class=\"alignnone wp-image-173759\" src=\"https:\/\/experienciadevida.com.ar\/portalurbano\/wp-content\/uploads\/2022\/08\/IMG_20200820_172152-768x1024.jpg\" alt=\"\" width=\"823\" height=\"1097\" srcset=\"https:\/\/experienciadevida.com.ar\/portalurbano\/wp-content\/uploads\/2022\/08\/IMG_20200820_172152-768x1024.jpg 768w, https:\/\/experienciadevida.com.ar\/portalurbano\/wp-content\/uploads\/2022\/08\/IMG_20200820_172152-225x300.jpg 225w, https:\/\/experienciadevida.com.ar\/portalurbano\/wp-content\/uploads\/2022\/08\/IMG_20200820_172152-576x768.jpg 576w, https:\/\/experienciadevida.com.ar\/portalurbano\/wp-content\/uploads\/2022\/08\/IMG_20200820_172152-1152x1536.jpg 1152w, https:\/\/experienciadevida.com.ar\/portalurbano\/wp-content\/uploads\/2022\/08\/IMG_20200820_172152-1536x2048.jpg 1536w, https:\/\/experienciadevida.com.ar\/portalurbano\/wp-content\/uploads\/2022\/08\/IMG_20200820_172152-640x853.jpg 640w, https:\/\/experienciadevida.com.ar\/portalurbano\/wp-content\/uploads\/2022\/08\/IMG_20200820_172152-150x200.jpg 150w, https:\/\/experienciadevida.com.ar\/portalurbano\/wp-content\/uploads\/2022\/08\/IMG_20200820_172152-scaled.jpg 1920w\" sizes=\"(max-width: 823px) 100vw, 823px\" \/><\/a><\/p>\n","protected":false},"excerpt":{"rendered":"<p>Por Agostina Monteleone 21 de Agosto 2022 Un atentado a la democracia y un camino&#8230;<\/p>\n","protected":false},"author":1,"featured_media":173750,"comment_status":"closed","ping_status":"closed","sticky":false,"template":"","format":"standard","meta":{"content-type":""},"categories":[27,51],"tags":[],"nelio_content":{"isAutoShareEnabled":false,"autoShareEndMode":"default","automationSources":{"useContentSentences":true,"useSocialTemplates":true,"useCustomSentences":false,"customSentences":[]},"followers":[1],"suggestedReferences":[],"includedReferences":["https:\/\/www.instagram.com\/belenvergel\/","https:\/\/www.instagram.com\/francocominotto\/","https:\/\/www.instagram.com\/sebastianmatrella\/"],"efiUrl":"","efiAlt":"","highlights":[]},"yoast_head":"<!-- This site is optimized with the Yoast SEO plugin v20.7 - https:\/\/yoast.com\/wordpress\/plugins\/seo\/ -->\n<title>Un atentado a la democracia y un camino de reconstrucci\u00f3n<\/title>\n<meta name=\"description\" content=\"Un atentado a la democracia y un camino de reconstrucci\u00f3n del comit\u00e9 de la UCR, en la madrugada del 4 de agosto del a\u00f1o 2013\" \/>\n<meta name=\"robots\" content=\"index, follow, max-snippet:-1, max-image-preview:large, max-video-preview:-1\" \/>\n<link rel=\"canonical\" href=\"https:\/\/experienciadevida.com.ar\/portalurbano\/un-atentado-a-la-democracia-y-un-camino-de-reconstruccion-del-comite-de-la-ucr\/\" \/>\n<meta property=\"og:locale\" content=\"es_ES\" \/>\n<meta property=\"og:type\" content=\"article\" \/>\n<meta property=\"og:title\" content=\"Un atentado a la democracia y un camino de reconstrucci\u00f3n\" \/>\n<meta property=\"og:description\" content=\"Un atentado a la democracia y un camino de reconstrucci\u00f3n del comit\u00e9 de la UCR, en la madrugada del 4 de agosto del a\u00f1o 2013\" \/>\n<meta property=\"og:url\" content=\"https:\/\/experienciadevida.com.ar\/portalurbano\/un-atentado-a-la-democracia-y-un-camino-de-reconstruccion-del-comite-de-la-ucr\/\" \/>\n<meta property=\"article:publisher\" content=\"https:\/\/www.facebook.com\/Portal-Urbano-171542830093757\/\" \/>\n<meta property=\"article:published_time\" content=\"2022-08-21T03:25:00+00:00\" \/>\n<meta property=\"article:modified_time\" content=\"2022-08-21T03:28:30+00:00\" \/>\n<meta property=\"og:image\" content=\"https:\/\/experienciadevida.com.ar\/portalurbano\/wp-content\/uploads\/2022\/08\/Un-atentado-a-la-democracia.jpg\" \/>\n\t<meta property=\"og:image:width\" content=\"1080\" \/>\n\t<meta property=\"og:image:height\" content=\"810\" \/>\n\t<meta property=\"og:image:type\" content=\"image\/jpeg\" \/>\n<meta name=\"author\" content=\"admpu17wp\" \/>\n<meta name=\"twitter:card\" content=\"summary_large_image\" \/>\n<meta name=\"twitter:creator\" content=\"@portalurbanook\" \/>\n<meta name=\"twitter:site\" content=\"@portalurbanook\" \/>\n<meta name=\"twitter:label1\" content=\"Escrito por\" \/>\n\t<meta name=\"twitter:data1\" content=\"admpu17wp\" \/>\n\t<meta name=\"twitter:label2\" content=\"Tiempo de lectura\" \/>\n\t<meta name=\"twitter:data2\" content=\"7 minutos\" \/>\n<script type=\"application\/ld+json\" class=\"yoast-schema-graph\">{\"@context\":\"https:\/\/schema.org\",\"@graph\":[{\"@type\":\"Article\",\"@id\":\"https:\/\/experienciadevida.com.ar\/portalurbano\/un-atentado-a-la-democracia-y-un-camino-de-reconstruccion-del-comite-de-la-ucr\/#article\",\"isPartOf\":{\"@id\":\"https:\/\/experienciadevida.com.ar\/portalurbano\/un-atentado-a-la-democracia-y-un-camino-de-reconstruccion-del-comite-de-la-ucr\/\"},\"author\":{\"name\":\"admpu17wp\",\"@id\":\"https:\/\/experienciadevida.com.ar\/portalurbano\/#\/schema\/person\/02dd326b1c4b056e9cc972486934a3a7\"},\"headline\":\"Un atentado a la democracia y un camino de reconstrucci\u00f3n del comit\u00e9 de la UCR\",\"datePublished\":\"2022-08-21T03:25:00+00:00\",\"dateModified\":\"2022-08-21T03:28:30+00:00\",\"mainEntityOfPage\":{\"@id\":\"https:\/\/experienciadevida.com.ar\/portalurbano\/un-atentado-a-la-democracia-y-un-camino-de-reconstruccion-del-comite-de-la-ucr\/\"},\"wordCount\":1097,\"publisher\":{\"@id\":\"https:\/\/experienciadevida.com.ar\/portalurbano\/#organization\"},\"articleSection\":[\"Ciudad\",\"Destacadas\"],\"inLanguage\":\"es\"},{\"@type\":\"WebPage\",\"@id\":\"https:\/\/experienciadevida.com.ar\/portalurbano\/un-atentado-a-la-democracia-y-un-camino-de-reconstruccion-del-comite-de-la-ucr\/\",\"url\":\"https:\/\/experienciadevida.com.ar\/portalurbano\/un-atentado-a-la-democracia-y-un-camino-de-reconstruccion-del-comite-de-la-ucr\/\",\"name\":\"Un atentado a la democracia y un camino de reconstrucci\u00f3n\",\"isPartOf\":{\"@id\":\"https:\/\/experienciadevida.com.ar\/portalurbano\/#website\"},\"datePublished\":\"2022-08-21T03:25:00+00:00\",\"dateModified\":\"2022-08-21T03:28:30+00:00\",\"description\":\"Un atentado a la democracia y un camino de reconstrucci\u00f3n del comit\u00e9 de la UCR, en la madrugada del 4 de agosto del a\u00f1o 2013\",\"breadcrumb\":{\"@id\":\"https:\/\/experienciadevida.com.ar\/portalurbano\/un-atentado-a-la-democracia-y-un-camino-de-reconstruccion-del-comite-de-la-ucr\/#breadcrumb\"},\"inLanguage\":\"es\",\"potentialAction\":[{\"@type\":\"ReadAction\",\"target\":[\"https:\/\/experienciadevida.com.ar\/portalurbano\/un-atentado-a-la-democracia-y-un-camino-de-reconstruccion-del-comite-de-la-ucr\/\"]}]},{\"@type\":\"BreadcrumbList\",\"@id\":\"https:\/\/experienciadevida.com.ar\/portalurbano\/un-atentado-a-la-democracia-y-un-camino-de-reconstruccion-del-comite-de-la-ucr\/#breadcrumb\",\"itemListElement\":[{\"@type\":\"ListItem\",\"position\":1,\"name\":\"Portada\",\"item\":\"https:\/\/experienciadevida.com.ar\/portalurbano\/\"},{\"@type\":\"ListItem\",\"position\":2,\"name\":\"Un atentado a la democracia y un camino de reconstrucci\u00f3n del comit\u00e9 de la UCR\"}]},{\"@type\":\"WebSite\",\"@id\":\"https:\/\/experienciadevida.com.ar\/portalurbano\/#website\",\"url\":\"https:\/\/experienciadevida.com.ar\/portalurbano\/\",\"name\":\"\",\"description\":\"\",\"publisher\":{\"@id\":\"https:\/\/experienciadevida.com.ar\/portalurbano\/#organization\"},\"potentialAction\":[{\"@type\":\"SearchAction\",\"target\":{\"@type\":\"EntryPoint\",\"urlTemplate\":\"https:\/\/experienciadevida.com.ar\/portalurbano\/?s={search_term_string}\"},\"query-input\":\"required name=search_term_string\"}],\"inLanguage\":\"es\"},{\"@type\":\"Organization\",\"@id\":\"https:\/\/experienciadevida.com.ar\/portalurbano\/#organization\",\"name\":\"Portal Urbano\",\"url\":\"https:\/\/experienciadevida.com.ar\/portalurbano\/\",\"logo\":{\"@type\":\"ImageObject\",\"inLanguage\":\"es\",\"@id\":\"https:\/\/experienciadevida.com.ar\/portalurbano\/#\/schema\/logo\/image\/\",\"url\":\"https:\/\/experienciadevida.com.ar\/portalurbano\/wp-content\/uploads\/2019\/09\/Logo-Original.png\",\"contentUrl\":\"https:\/\/experienciadevida.com.ar\/portalurbano\/wp-content\/uploads\/2019\/09\/Logo-Original.png\",\"width\":2236,\"height\":1216,\"caption\":\"Portal Urbano\"},\"image\":{\"@id\":\"https:\/\/experienciadevida.com.ar\/portalurbano\/#\/schema\/logo\/image\/\"},\"sameAs\":[\"https:\/\/www.facebook.com\/Portal-Urbano-171542830093757\/\",\"https:\/\/twitter.com\/portalurbanook\",\"https:\/\/www.instagram.com\/_portalurbano\/\",\"https:\/\/www.youtube.com\/channel\/UCXhagIfszH8KxFiOok79zbA?view_as=subscriber\"]},{\"@type\":\"Person\",\"@id\":\"https:\/\/experienciadevida.com.ar\/portalurbano\/#\/schema\/person\/02dd326b1c4b056e9cc972486934a3a7\",\"name\":\"admpu17wp\",\"image\":{\"@type\":\"ImageObject\",\"inLanguage\":\"es\",\"@id\":\"https:\/\/experienciadevida.com.ar\/portalurbano\/#\/schema\/person\/image\/\",\"url\":\"https:\/\/secure.gravatar.com\/avatar\/830d4c57adaae6630765e449a6908047?s=96&d=mm&r=g\",\"contentUrl\":\"https:\/\/secure.gravatar.com\/avatar\/830d4c57adaae6630765e449a6908047?s=96&d=mm&r=g\",\"caption\":\"admpu17wp\"}}]}<\/script>\n<!-- \/ Yoast SEO plugin. -->","yoast_head_json":{"title":"Un atentado a la democracia y un camino de reconstrucci\u00f3n","description":"Un atentado a la democracia y un camino de reconstrucci\u00f3n del comit\u00e9 de la UCR, en la madrugada del 4 de agosto del a\u00f1o 2013","robots":{"index":"index","follow":"follow","max-snippet":"max-snippet:-1","max-image-preview":"max-image-preview:large","max-video-preview":"max-video-preview:-1"},"canonical":"https:\/\/experienciadevida.com.ar\/portalurbano\/un-atentado-a-la-democracia-y-un-camino-de-reconstruccion-del-comite-de-la-ucr\/","og_locale":"es_ES","og_type":"article","og_title":"Un atentado a la democracia y un camino de reconstrucci\u00f3n","og_description":"Un atentado a la democracia y un camino de reconstrucci\u00f3n del comit\u00e9 de la UCR, en la madrugada del 4 de agosto del a\u00f1o 2013","og_url":"https:\/\/experienciadevida.com.ar\/portalurbano\/un-atentado-a-la-democracia-y-un-camino-de-reconstruccion-del-comite-de-la-ucr\/","article_publisher":"https:\/\/www.facebook.com\/Portal-Urbano-171542830093757\/","article_published_time":"2022-08-21T03:25:00+00:00","article_modified_time":"2022-08-21T03:28:30+00:00","og_image":[{"width":1080,"height":810,"url":"https:\/\/experienciadevida.com.ar\/portalurbano\/wp-content\/uploads\/2022\/08\/Un-atentado-a-la-democracia.jpg","type":"image\/jpeg"}],"author":"admpu17wp","twitter_card":"summary_large_image","twitter_creator":"@portalurbanook","twitter_site":"@portalurbanook","twitter_misc":{"Escrito por":"admpu17wp","Tiempo de lectura":"7 minutos"},"schema":{"@context":"https:\/\/schema.org","@graph":[{"@type":"Article","@id":"https:\/\/experienciadevida.com.ar\/portalurbano\/un-atentado-a-la-democracia-y-un-camino-de-reconstruccion-del-comite-de-la-ucr\/#article","isPartOf":{"@id":"https:\/\/experienciadevida.com.ar\/portalurbano\/un-atentado-a-la-democracia-y-un-camino-de-reconstruccion-del-comite-de-la-ucr\/"},"author":{"name":"admpu17wp","@id":"https:\/\/experienciadevida.com.ar\/portalurbano\/#\/schema\/person\/02dd326b1c4b056e9cc972486934a3a7"},"headline":"Un atentado a la democracia y un camino de reconstrucci\u00f3n del comit\u00e9 de la UCR","datePublished":"2022-08-21T03:25:00+00:00","dateModified":"2022-08-21T03:28:30+00:00","mainEntityOfPage":{"@id":"https:\/\/experienciadevida.com.ar\/portalurbano\/un-atentado-a-la-democracia-y-un-camino-de-reconstruccion-del-comite-de-la-ucr\/"},"wordCount":1097,"publisher":{"@id":"https:\/\/experienciadevida.com.ar\/portalurbano\/#organization"},"articleSection":["Ciudad","Destacadas"],"inLanguage":"es"},{"@type":"WebPage","@id":"https:\/\/experienciadevida.com.ar\/portalurbano\/un-atentado-a-la-democracia-y-un-camino-de-reconstruccion-del-comite-de-la-ucr\/","url":"https:\/\/experienciadevida.com.ar\/portalurbano\/un-atentado-a-la-democracia-y-un-camino-de-reconstruccion-del-comite-de-la-ucr\/","name":"Un atentado a la democracia y un camino de reconstrucci\u00f3n","isPartOf":{"@id":"https:\/\/experienciadevida.com.ar\/portalurbano\/#website"},"datePublished":"2022-08-21T03:25:00+00:00","dateModified":"2022-08-21T03:28:30+00:00","description":"Un atentado a la democracia y un camino de reconstrucci\u00f3n del comit\u00e9 de la UCR, en la madrugada del 4 de agosto del a\u00f1o 2013","breadcrumb":{"@id":"https:\/\/experienciadevida.com.ar\/portalurbano\/un-atentado-a-la-democracia-y-un-camino-de-reconstruccion-del-comite-de-la-ucr\/#breadcrumb"},"inLanguage":"es","potentialAction":[{"@type":"ReadAction","target":["https:\/\/experienciadevida.com.ar\/portalurbano\/un-atentado-a-la-democracia-y-un-camino-de-reconstruccion-del-comite-de-la-ucr\/"]}]},{"@type":"BreadcrumbList","@id":"https:\/\/experienciadevida.com.ar\/portalurbano\/un-atentado-a-la-democracia-y-un-camino-de-reconstruccion-del-comite-de-la-ucr\/#breadcrumb","itemListElement":[{"@type":"ListItem","position":1,"name":"Portada","item":"https:\/\/experienciadevida.com.ar\/portalurbano\/"},{"@type":"ListItem","position":2,"name":"Un atentado a la democracia y un camino de reconstrucci\u00f3n del comit\u00e9 de la UCR"}]},{"@type":"WebSite","@id":"https:\/\/experienciadevida.com.ar\/portalurbano\/#website","url":"https:\/\/experienciadevida.com.ar\/portalurbano\/","name":"","description":"","publisher":{"@id":"https:\/\/experienciadevida.com.ar\/portalurbano\/#organization"},"potentialAction":[{"@type":"SearchAction","target":{"@type":"EntryPoint","urlTemplate":"https:\/\/experienciadevida.com.ar\/portalurbano\/?s={search_term_string}"},"query-input":"required name=search_term_string"}],"inLanguage":"es"},{"@type":"Organization","@id":"https:\/\/experienciadevida.com.ar\/portalurbano\/#organization","name":"Portal Urbano","url":"https:\/\/experienciadevida.com.ar\/portalurbano\/","logo":{"@type":"ImageObject","inLanguage":"es","@id":"https:\/\/experienciadevida.com.ar\/portalurbano\/#\/schema\/logo\/image\/","url":"https:\/\/experienciadevida.com.ar\/portalurbano\/wp-content\/uploads\/2019\/09\/Logo-Original.png","contentUrl":"https:\/\/experienciadevida.com.ar\/portalurbano\/wp-content\/uploads\/2019\/09\/Logo-Original.png","width":2236,"height":1216,"caption":"Portal Urbano"},"image":{"@id":"https:\/\/experienciadevida.com.ar\/portalurbano\/#\/schema\/logo\/image\/"},"sameAs":["https:\/\/www.facebook.com\/Portal-Urbano-171542830093757\/","https:\/\/twitter.com\/portalurbanook","https:\/\/www.instagram.com\/_portalurbano\/","https:\/\/www.youtube.com\/channel\/UCXhagIfszH8KxFiOok79zbA?view_as=subscriber"]},{"@type":"Person","@id":"https:\/\/experienciadevida.com.ar\/portalurbano\/#\/schema\/person\/02dd326b1c4b056e9cc972486934a3a7","name":"admpu17wp","image":{"@type":"ImageObject","inLanguage":"es","@id":"https:\/\/experienciadevida.com.ar\/portalurbano\/#\/schema\/person\/image\/","url":"https:\/\/secure.gravatar.com\/avatar\/830d4c57adaae6630765e449a6908047?s=96&d=mm&r=g","contentUrl":"https:\/\/secure.gravatar.com\/avatar\/830d4c57adaae6630765e449a6908047?s=96&d=mm&r=g","caption":"admpu17wp"}}]}},"featured_image_urls":{"full":["https:\/\/experienciadevida.com.ar\/portalurbano\/wp-content\/uploads\/2022\/08\/Un-atentado-a-la-democracia.jpg",1080,810,false],"thumbnail":["https:\/\/experienciadevida.com.ar\/portalurbano\/wp-content\/uploads\/2022\/08\/Un-atentado-a-la-democracia-150x150.jpg",150,150,true],"medium":["https:\/\/experienciadevida.com.ar\/portalurbano\/wp-content\/uploads\/2022\/08\/Un-atentado-a-la-democracia-300x225.jpg",300,225,true],"medium_large":["https:\/\/experienciadevida.com.ar\/portalurbano\/wp-content\/uploads\/2022\/08\/Un-atentado-a-la-democracia-768x576.jpg",640,480,true],"large":["https:\/\/experienciadevida.com.ar\/portalurbano\/wp-content\/uploads\/2022\/08\/Un-atentado-a-la-democracia-1024x768.jpg",640,480,true],"ug_big":["https:\/\/experienciadevida.com.ar\/portalurbano\/wp-content\/uploads\/2022\/08\/Un-atentado-a-la-democracia-768x576.jpg",768,576,true],"1536x1536":["https:\/\/experienciadevida.com.ar\/portalurbano\/wp-content\/uploads\/2022\/08\/Un-atentado-a-la-democracia.jpg",1080,810,false],"2048x2048":["https:\/\/experienciadevida.com.ar\/portalurbano\/wp-content\/uploads\/2022\/08\/Un-atentado-a-la-democracia.jpg",1080,810,false],"newsever-slider-full":["https:\/\/experienciadevida.com.ar\/portalurbano\/wp-content\/uploads\/2022\/08\/Un-atentado-a-la-democracia.jpg",1080,810,false],"newsever-featured":["https:\/\/experienciadevida.com.ar\/portalurbano\/wp-content\/uploads\/2022\/08\/Un-atentado-a-la-democracia.jpg",1024,768,false],"newsever-medium":["https:\/\/experienciadevida.com.ar\/portalurbano\/wp-content\/uploads\/2022\/08\/Un-atentado-a-la-democracia.jpg",633,475,false],"web-stories-poster-portrait":["https:\/\/experienciadevida.com.ar\/portalurbano\/wp-content\/uploads\/2022\/08\/Un-atentado-a-la-democracia-640x810.jpg",640,810,true],"web-stories-publisher-logo":["https:\/\/experienciadevida.com.ar\/portalurbano\/wp-content\/uploads\/2022\/08\/Un-atentado-a-la-democracia-96x96.jpg",96,96,true],"web-stories-thumbnail":["https:\/\/experienciadevida.com.ar\/portalurbano\/wp-content\/uploads\/2022\/08\/Un-atentado-a-la-democracia-150x113.jpg",150,113,true]},"author_info":{"display_name":"admpu17wp","author_link":"https:\/\/experienciadevida.com.ar\/portalurbano\/author\/admpu17wp\/"},"category_info":"<a href=\"https:\/\/experienciadevida.com.ar\/portalurbano\/category\/ciudad\/\" rel=\"category tag\">Ciudad<\/a> <a href=\"https:\/\/experienciadevida.com.ar\/portalurbano\/category\/destacadas\/\" rel=\"category tag\">Destacadas<\/a>","tag_info":"Destacadas","comment_count":"0","amp_enabled":true,"_links":{"self":[{"href":"https:\/\/experienciadevida.com.ar\/portalurbano\/wp-json\/wp\/v2\/posts\/173747"}],"collection":[{"href":"https:\/\/experienciadevida.com.ar\/portalurbano\/wp-json\/wp\/v2\/posts"}],"about":[{"href":"https:\/\/experienciadevida.com.ar\/portalurbano\/wp-json\/wp\/v2\/types\/post"}],"author":[{"embeddable":true,"href":"https:\/\/experienciadevida.com.ar\/portalurbano\/wp-json\/wp\/v2\/users\/1"}],"replies":[{"embeddable":true,"href":"https:\/\/experienciadevida.com.ar\/portalurbano\/wp-json\/wp\/v2\/comments?post=173747"}],"version-history":[{"count":10,"href":"https:\/\/experienciadevida.com.ar\/portalurbano\/wp-json\/wp\/v2\/posts\/173747\/revisions"}],"predecessor-version":[{"id":173799,"href":"https:\/\/experienciadevida.com.ar\/portalurbano\/wp-json\/wp\/v2\/posts\/173747\/revisions\/173799"}],"wp:featuredmedia":[{"embeddable":true,"href":"https:\/\/experienciadevida.com.ar\/portalurbano\/wp-json\/wp\/v2\/media\/173750"}],"wp:attachment":[{"href":"https:\/\/experienciadevida.com.ar\/portalurbano\/wp-json\/wp\/v2\/media?parent=173747"}],"wp:term":[{"taxonomy":"category","embeddable":true,"href":"https:\/\/experienciadevida.com.ar\/portalurbano\/wp-json\/wp\/v2\/categories?post=173747"},{"taxonomy":"post_tag","embeddable":true,"href":"https:\/\/experienciadevida.com.ar\/portalurbano\/wp-json\/wp\/v2\/tags?post=173747"}],"curies":[{"name":"wp","href":"https:\/\/api.w.org\/{rel}","templated":true}]}}