{"id":173737,"date":"2022-08-20T11:20:08","date_gmt":"2022-08-20T14:20:08","guid":{"rendered":"https:\/\/experienciadevida.com.ar\/portalurbano\/?p=173737"},"modified":"2022-08-20T11:26:41","modified_gmt":"2022-08-20T14:26:41","slug":"olavarria-se-prepara-para-celebrar-el-dia-de-la-ninez","status":"publish","type":"post","link":"https:\/\/experienciadevida.com.ar\/portalurbano\/olavarria-se-prepara-para-celebrar-el-dia-de-la-ninez\/","title":{"rendered":"Olavarr\u00eda se prepara para celebrar el D\u00eda de la Ni\u00f1ez"},"content":{"rendered":"<p>Olavarr\u00eda se prepara para celebrar el D\u00eda de la Ni\u00f1ez, este domingo 21 de agosto, en el predio de la Sociedad Rural, se realizar\u00e1 la 40\u00aa Fiesta D\u00eda de la Ni\u00f1ez 2022, que vuelve con un sinn\u00famero de entretenidas y atractivas propuestas para celebrar este d\u00eda tan especial.<\/p>\n<p>Se trata de una nueva edici\u00f3n de esta tradicional fiesta que espera reunir a cientos de ni\u00f1os y ni\u00f1as de Olavarr\u00eda y la regi\u00f3n, organizada conjuntamente entre MANO (Movimiento a la Alegr\u00eda del Ni\u00f1o Olavarriense) y la <a href=\"https:\/\/www.facebook.com\/municipiodeolavarria\">Municipalidad<\/a> de Olavarr\u00eda.<\/p>\n<p>La jornada se iniciar\u00e1 a las 14 horas y est\u00e1 previsto que finalice alrededor de las 18 horas.<\/p>\n<p>La propuesta incluye: juegos inflables, maquillaje art\u00edstico, payasos y malabaristas, estatuas vivientes, mimos, parkur, talleres de concientizaci\u00f3n ambiental, talleres de percusi\u00f3n con materiales reciclables, talleres art\u00edsticos, juegos deportivos, una exposici\u00f3n est\u00e1tica y juegos organizados por el Regimiento de Caballer\u00eda Tanques 2 \u201cLanceros Gral Paz\u201d y una maravillosa exhibici\u00f3n de los Bomberos Voluntarios.<\/p>\n<p>Los espect\u00e1culos art\u00edsticos se desarrollar\u00e1n sobre tres escenarios distribuidos en diferentes espacios del predio, y dentro del pabell\u00f3n se realizar\u00e1n talleres y actividades organizadas por las Escuelas de Art\u00edstica Municipal.<\/p>\n<p>Todos los ni\u00f1os y ni\u00f1as podr\u00e1n disfrutar de golosinas, pochoclos y del tradicional chocolate y las facturas elaboradas por el Servicio Penitenciario Provincial.<\/p>\n<p>Los espect\u00e1culos art\u00edsticos se llevar\u00e1n a cabo, siguiendo el cronograma que se detalla a continuaci\u00f3n:<\/p>\n<p>&nbsp;<\/p>\n<p>Escenario 1 (principal)<\/p>\n<p>14:00 hs. Apertura<br \/>\n14:30 hs. Presentaci\u00f3n del grupo musical \u201cLas Rockeristicas\u201d<br \/>\n15:30 hs. Presentaci\u00f3n de la compa\u00f1\u00eda de teatro\/circo Mejunje<br \/>\n16:30hs: Demostraci\u00f3n de parkur (Naturalfit)<br \/>\n17:00 hs. Presentaci\u00f3n de la banda \u201cLas Corbatas\u201d<br \/>\n18 hs. Cierre de la fiesta.<br \/>\nEscenario 2 (predio)<\/p>\n<p>14:15 hs. Ensamble de rock infantil Escuela Municipal de M\u00fasica \u201cHnos. Rossi\u201d.<br \/>\n14:30 hs. Ensamble de rock juvenil Escuela Municipal de M\u00fasica \u201cHnos. Rossi\u201d.<br \/>\n15:00 hs. Espect\u00e1culo a cargo de Caty Weslate.<br \/>\n16:00 hs. Espect\u00e1culo de t\u00edteres a cargo de Compa\u00f1\u00eda \u201cLa Valija\u201d de Beto Melendi.<\/p>\n<p>Escenario 3 (exterior Pabell\u00f3n Igui\u00f1iz)<\/p>\n<p>14:30 hs. Presentaci\u00f3n Escuela Municipal de Danzas con las disciplinas de: tango, folklore ni\u00f1os, ritmos urbanos, alem\u00e1n y folklore (Extensi\u00f3n NIDO El progreso y Escuela N\u00ba 6).<br \/>\n15:30 hs. Presentaci\u00f3n Escuela de Art\u00edstica Integrada, junto a la Escuela Municipal de Teatro.<br \/>\n16:30 hs. Espect\u00e1culo a cargo de Mechongu\u00e9.<br \/>\nAsimismo, dentro del pabell\u00f3n Igui\u00f1iz habr\u00e1 talleres y actividades organizadas por: Escuela Municipal de Ajedrez (taller de ajedrez), Museo Municipal de Ciencias (juegos did\u00e1cticos), Atenci\u00f3n Primaria de la Salud (juegos de concientizaci\u00f3n) y Escuela Municipal de Artes Pl\u00e1sticas, Escuela Municipal de Orfebrer\u00eda, Escuela Municipal de Cer\u00e1mica, Escuela Literaria Municipal \u201cAlfonsina\u201d, Taller de arte a cargo de Mar\u00eda Elena Pintos (construcci\u00f3n de m\u00e1scaras de carnaval) y ajedrez y yenga gigante.<\/p>\n<p>Asimismo, se brindar\u00e1 el tradicional chocolate y las facturas elaboradas por el Servicio Penitenciario Provincial como todos los a\u00f1os. Adem\u00e1s de golosinas, pochoclos y copos de nieve.<\/p>\n<p>Recorridos gratuitos de colectivos<\/p>\n<p>13:20 horas:<\/p>\n<p>Del Valle y Pellegrini \/ Del Valle y Urquiza\/ B. Fonavi (Del Valle y Amparo Castro).<br \/>\nJard\u00edn (Trabajadores y Saavedra) \/ CECO II \/ Servicio Territorial Municipal N\u00ba4 (H. Irigoyen y Berutti) \/ Sociedad De Fomento Belgrano (Urquiza y Balcarce).<br \/>\nPuente Emiliozzi\/ Jard\u00edn de Infantes Bel\u00e9n\/ Rotonda Matadero- Isaura.<br \/>\n13:30 horas:<\/p>\n<p>Parque Helios Eseverri (Trabajadores y Lavalle) \/ Servicio Territorial Municipal N\u00ba1 (Esc.N\u00ba6) \/ Alberdi y Sarmiento\/ B. Lourdes\/ B. Trabajadores.<br \/>\nServicio Territorial Municipal N\u00ba2 (Alberdi y Hornos) \/ Barrio 104 (Pueyrred\u00f3n e Ituzaing\u00f3).<br \/>\nBarrio CECO I (Escuela N\u00ba 80) \/ B. Bancario (Avellaneda y Urquiza) \/ Avellaneda y Aguilar.<br \/>\nVilla Magdalena (Circunvalaci\u00f3n y San Mart\u00edn) \/ B. Acupo I (Iglesia Del Carmen) \/ Plaza Central (Rivadavia y San Mart\u00edn)<br \/>\nLocalidades<\/p>\n<p>13:00 horas:<\/p>\n<p>Colonia San Miguel: Plaza Colonia San Miguel (25 de Mayo y San Mart\u00edn) \u2013 Sierras Bayas: Terminal de \u00d3mnibus.<br \/>\nHinojo: Plaza Central (Bazterrica 1769)- Colonia Hinojo: Sal\u00f3n Parroquial (Av. Fundadores y Scharle) y Sierra Chica: Escuela Primaria N\u00ba 2 (Av. Pedro Iriart Legorburu s\/n).<br \/>\nLoma Negra: Plaza Central (Av. 25 de Mayo y Av. Libertad) \u2013 Barrio AOMA (parada de \u00f3mnibus)\/ Escuela Agropecuaria (parada de \u00f3mnibus).<\/p>\n","protected":false},"excerpt":{"rendered":"<p>Olavarr\u00eda se prepara para celebrar el D\u00eda de la Ni\u00f1ez, este domingo 21 de agosto,&#8230;<\/p>\n","protected":false},"author":1,"featured_media":173738,"comment_status":"closed","ping_status":"closed","sticky":false,"template":"","format":"standard","meta":{"content-type":""},"categories":[27,51],"tags":[],"nelio_content":{"isAutoShareEnabled":false,"autoShareEndMode":"default","automationSources":{"useContentSentences":true,"useSocialTemplates":true,"useCustomSentences":false,"customSentences":[]},"followers":[1],"suggestedReferences":[],"includedReferences":[],"efiUrl":"","efiAlt":"","highlights":[]},"yoast_head":"<!-- This site is optimized with the Yoast SEO plugin v20.7 - https:\/\/yoast.com\/wordpress\/plugins\/seo\/ -->\n<title>Olavarr\u00eda se prepara para celebrar el d\u00eda de la ni\u00f1ez<\/title>\n<meta name=\"description\" content=\"Olavarr\u00eda se prepara para celebrar el D\u00eda de la Ni\u00f1ez, este domingo 21 de agosto, en el predio de la Sociedad Rural, se realizar\u00e1\" \/>\n<meta name=\"robots\" content=\"index, follow, max-snippet:-1, max-image-preview:large, max-video-preview:-1\" \/>\n<link rel=\"canonical\" href=\"https:\/\/experienciadevida.com.ar\/portalurbano\/olavarria-se-prepara-para-celebrar-el-dia-de-la-ninez\/\" \/>\n<meta property=\"og:locale\" content=\"es_ES\" \/>\n<meta property=\"og:type\" content=\"article\" \/>\n<meta property=\"og:title\" content=\"Olavarr\u00eda se prepara para celebrar el d\u00eda de la ni\u00f1ez\" \/>\n<meta property=\"og:description\" content=\"Olavarr\u00eda se prepara para celebrar el D\u00eda de la Ni\u00f1ez, este domingo 21 de agosto, en el predio de la Sociedad Rural, se realizar\u00e1\" \/>\n<meta property=\"og:url\" content=\"https:\/\/experienciadevida.com.ar\/portalurbano\/olavarria-se-prepara-para-celebrar-el-dia-de-la-ninez\/\" \/>\n<meta property=\"article:publisher\" content=\"https:\/\/www.facebook.com\/Portal-Urbano-171542830093757\/\" \/>\n<meta property=\"article:published_time\" content=\"2022-08-20T14:20:08+00:00\" \/>\n<meta property=\"article:modified_time\" content=\"2022-08-20T14:26:41+00:00\" \/>\n<meta property=\"og:image\" content=\"https:\/\/experienciadevida.com.ar\/portalurbano\/wp-content\/uploads\/2022\/08\/Olavarria-se-prepara-para.jpg\" \/>\n\t<meta property=\"og:image:width\" content=\"1024\" \/>\n\t<meta property=\"og:image:height\" content=\"683\" \/>\n\t<meta property=\"og:image:type\" content=\"image\/jpeg\" \/>\n<meta name=\"author\" content=\"admpu17wp\" \/>\n<meta name=\"twitter:card\" content=\"summary_large_image\" \/>\n<meta name=\"twitter:creator\" content=\"@portalurbanook\" \/>\n<meta name=\"twitter:site\" content=\"@portalurbanook\" \/>\n<meta name=\"twitter:label1\" content=\"Escrito por\" \/>\n\t<meta name=\"twitter:data1\" content=\"admpu17wp\" \/>\n\t<meta name=\"twitter:label2\" content=\"Tiempo de lectura\" \/>\n\t<meta name=\"twitter:data2\" content=\"4 minutos\" \/>\n<script type=\"application\/ld+json\" class=\"yoast-schema-graph\">{\"@context\":\"https:\/\/schema.org\",\"@graph\":[{\"@type\":\"Article\",\"@id\":\"https:\/\/experienciadevida.com.ar\/portalurbano\/olavarria-se-prepara-para-celebrar-el-dia-de-la-ninez\/#article\",\"isPartOf\":{\"@id\":\"https:\/\/experienciadevida.com.ar\/portalurbano\/olavarria-se-prepara-para-celebrar-el-dia-de-la-ninez\/\"},\"author\":{\"name\":\"admpu17wp\",\"@id\":\"https:\/\/experienciadevida.com.ar\/portalurbano\/#\/schema\/person\/02dd326b1c4b056e9cc972486934a3a7\"},\"headline\":\"Olavarr\u00eda se prepara para celebrar el D\u00eda de la Ni\u00f1ez\",\"datePublished\":\"2022-08-20T14:20:08+00:00\",\"dateModified\":\"2022-08-20T14:26:41+00:00\",\"mainEntityOfPage\":{\"@id\":\"https:\/\/experienciadevida.com.ar\/portalurbano\/olavarria-se-prepara-para-celebrar-el-dia-de-la-ninez\/\"},\"wordCount\":713,\"publisher\":{\"@id\":\"https:\/\/experienciadevida.com.ar\/portalurbano\/#organization\"},\"articleSection\":[\"Ciudad\",\"Destacadas\"],\"inLanguage\":\"es\"},{\"@type\":\"WebPage\",\"@id\":\"https:\/\/experienciadevida.com.ar\/portalurbano\/olavarria-se-prepara-para-celebrar-el-dia-de-la-ninez\/\",\"url\":\"https:\/\/experienciadevida.com.ar\/portalurbano\/olavarria-se-prepara-para-celebrar-el-dia-de-la-ninez\/\",\"name\":\"Olavarr\u00eda se prepara para celebrar el d\u00eda de la ni\u00f1ez\",\"isPartOf\":{\"@id\":\"https:\/\/experienciadevida.com.ar\/portalurbano\/#website\"},\"datePublished\":\"2022-08-20T14:20:08+00:00\",\"dateModified\":\"2022-08-20T14:26:41+00:00\",\"description\":\"Olavarr\u00eda se prepara para celebrar el D\u00eda de la Ni\u00f1ez, este domingo 21 de agosto, en el predio de la Sociedad Rural, se realizar\u00e1\",\"breadcrumb\":{\"@id\":\"https:\/\/experienciadevida.com.ar\/portalurbano\/olavarria-se-prepara-para-celebrar-el-dia-de-la-ninez\/#breadcrumb\"},\"inLanguage\":\"es\",\"potentialAction\":[{\"@type\":\"ReadAction\",\"target\":[\"https:\/\/experienciadevida.com.ar\/portalurbano\/olavarria-se-prepara-para-celebrar-el-dia-de-la-ninez\/\"]}]},{\"@type\":\"BreadcrumbList\",\"@id\":\"https:\/\/experienciadevida.com.ar\/portalurbano\/olavarria-se-prepara-para-celebrar-el-dia-de-la-ninez\/#breadcrumb\",\"itemListElement\":[{\"@type\":\"ListItem\",\"position\":1,\"name\":\"Portada\",\"item\":\"https:\/\/experienciadevida.com.ar\/portalurbano\/\"},{\"@type\":\"ListItem\",\"position\":2,\"name\":\"Olavarr\u00eda se prepara para celebrar el D\u00eda de la Ni\u00f1ez\"}]},{\"@type\":\"WebSite\",\"@id\":\"https:\/\/experienciadevida.com.ar\/portalurbano\/#website\",\"url\":\"https:\/\/experienciadevida.com.ar\/portalurbano\/\",\"name\":\"\",\"description\":\"\",\"publisher\":{\"@id\":\"https:\/\/experienciadevida.com.ar\/portalurbano\/#organization\"},\"potentialAction\":[{\"@type\":\"SearchAction\",\"target\":{\"@type\":\"EntryPoint\",\"urlTemplate\":\"https:\/\/experienciadevida.com.ar\/portalurbano\/?s={search_term_string}\"},\"query-input\":\"required name=search_term_string\"}],\"inLanguage\":\"es\"},{\"@type\":\"Organization\",\"@id\":\"https:\/\/experienciadevida.com.ar\/portalurbano\/#organization\",\"name\":\"Portal Urbano\",\"url\":\"https:\/\/experienciadevida.com.ar\/portalurbano\/\",\"logo\":{\"@type\":\"ImageObject\",\"inLanguage\":\"es\",\"@id\":\"https:\/\/experienciadevida.com.ar\/portalurbano\/#\/schema\/logo\/image\/\",\"url\":\"https:\/\/experienciadevida.com.ar\/portalurbano\/wp-content\/uploads\/2019\/09\/Logo-Original.png\",\"contentUrl\":\"https:\/\/experienciadevida.com.ar\/portalurbano\/wp-content\/uploads\/2019\/09\/Logo-Original.png\",\"width\":2236,\"height\":1216,\"caption\":\"Portal Urbano\"},\"image\":{\"@id\":\"https:\/\/experienciadevida.com.ar\/portalurbano\/#\/schema\/logo\/image\/\"},\"sameAs\":[\"https:\/\/www.facebook.com\/Portal-Urbano-171542830093757\/\",\"https:\/\/twitter.com\/portalurbanook\",\"https:\/\/www.instagram.com\/_portalurbano\/\",\"https:\/\/www.youtube.com\/channel\/UCXhagIfszH8KxFiOok79zbA?view_as=subscriber\"]},{\"@type\":\"Person\",\"@id\":\"https:\/\/experienciadevida.com.ar\/portalurbano\/#\/schema\/person\/02dd326b1c4b056e9cc972486934a3a7\",\"name\":\"admpu17wp\",\"image\":{\"@type\":\"ImageObject\",\"inLanguage\":\"es\",\"@id\":\"https:\/\/experienciadevida.com.ar\/portalurbano\/#\/schema\/person\/image\/\",\"url\":\"https:\/\/secure.gravatar.com\/avatar\/830d4c57adaae6630765e449a6908047?s=96&d=mm&r=g\",\"contentUrl\":\"https:\/\/secure.gravatar.com\/avatar\/830d4c57adaae6630765e449a6908047?s=96&d=mm&r=g\",\"caption\":\"admpu17wp\"}}]}<\/script>\n<!-- \/ Yoast SEO plugin. -->","yoast_head_json":{"title":"Olavarr\u00eda se prepara para celebrar el d\u00eda de la ni\u00f1ez","description":"Olavarr\u00eda se prepara para celebrar el D\u00eda de la Ni\u00f1ez, este domingo 21 de agosto, en el predio de la Sociedad Rural, se realizar\u00e1","robots":{"index":"index","follow":"follow","max-snippet":"max-snippet:-1","max-image-preview":"max-image-preview:large","max-video-preview":"max-video-preview:-1"},"canonical":"https:\/\/experienciadevida.com.ar\/portalurbano\/olavarria-se-prepara-para-celebrar-el-dia-de-la-ninez\/","og_locale":"es_ES","og_type":"article","og_title":"Olavarr\u00eda se prepara para celebrar el d\u00eda de la ni\u00f1ez","og_description":"Olavarr\u00eda se prepara para celebrar el D\u00eda de la Ni\u00f1ez, este domingo 21 de agosto, en el predio de la Sociedad Rural, se realizar\u00e1","og_url":"https:\/\/experienciadevida.com.ar\/portalurbano\/olavarria-se-prepara-para-celebrar-el-dia-de-la-ninez\/","article_publisher":"https:\/\/www.facebook.com\/Portal-Urbano-171542830093757\/","article_published_time":"2022-08-20T14:20:08+00:00","article_modified_time":"2022-08-20T14:26:41+00:00","og_image":[{"width":1024,"height":683,"url":"https:\/\/experienciadevida.com.ar\/portalurbano\/wp-content\/uploads\/2022\/08\/Olavarria-se-prepara-para.jpg","type":"image\/jpeg"}],"author":"admpu17wp","twitter_card":"summary_large_image","twitter_creator":"@portalurbanook","twitter_site":"@portalurbanook","twitter_misc":{"Escrito por":"admpu17wp","Tiempo de lectura":"4 minutos"},"schema":{"@context":"https:\/\/schema.org","@graph":[{"@type":"Article","@id":"https:\/\/experienciadevida.com.ar\/portalurbano\/olavarria-se-prepara-para-celebrar-el-dia-de-la-ninez\/#article","isPartOf":{"@id":"https:\/\/experienciadevida.com.ar\/portalurbano\/olavarria-se-prepara-para-celebrar-el-dia-de-la-ninez\/"},"author":{"name":"admpu17wp","@id":"https:\/\/experienciadevida.com.ar\/portalurbano\/#\/schema\/person\/02dd326b1c4b056e9cc972486934a3a7"},"headline":"Olavarr\u00eda se prepara para celebrar el D\u00eda de la Ni\u00f1ez","datePublished":"2022-08-20T14:20:08+00:00","dateModified":"2022-08-20T14:26:41+00:00","mainEntityOfPage":{"@id":"https:\/\/experienciadevida.com.ar\/portalurbano\/olavarria-se-prepara-para-celebrar-el-dia-de-la-ninez\/"},"wordCount":713,"publisher":{"@id":"https:\/\/experienciadevida.com.ar\/portalurbano\/#organization"},"articleSection":["Ciudad","Destacadas"],"inLanguage":"es"},{"@type":"WebPage","@id":"https:\/\/experienciadevida.com.ar\/portalurbano\/olavarria-se-prepara-para-celebrar-el-dia-de-la-ninez\/","url":"https:\/\/experienciadevida.com.ar\/portalurbano\/olavarria-se-prepara-para-celebrar-el-dia-de-la-ninez\/","name":"Olavarr\u00eda se prepara para celebrar el d\u00eda de la ni\u00f1ez","isPartOf":{"@id":"https:\/\/experienciadevida.com.ar\/portalurbano\/#website"},"datePublished":"2022-08-20T14:20:08+00:00","dateModified":"2022-08-20T14:26:41+00:00","description":"Olavarr\u00eda se prepara para celebrar el D\u00eda de la Ni\u00f1ez, este domingo 21 de agosto, en el predio de la Sociedad Rural, se realizar\u00e1","breadcrumb":{"@id":"https:\/\/experienciadevida.com.ar\/portalurbano\/olavarria-se-prepara-para-celebrar-el-dia-de-la-ninez\/#breadcrumb"},"inLanguage":"es","potentialAction":[{"@type":"ReadAction","target":["https:\/\/experienciadevida.com.ar\/portalurbano\/olavarria-se-prepara-para-celebrar-el-dia-de-la-ninez\/"]}]},{"@type":"BreadcrumbList","@id":"https:\/\/experienciadevida.com.ar\/portalurbano\/olavarria-se-prepara-para-celebrar-el-dia-de-la-ninez\/#breadcrumb","itemListElement":[{"@type":"ListItem","position":1,"name":"Portada","item":"https:\/\/experienciadevida.com.ar\/portalurbano\/"},{"@type":"ListItem","position":2,"name":"Olavarr\u00eda se prepara para celebrar el D\u00eda de la Ni\u00f1ez"}]},{"@type":"WebSite","@id":"https:\/\/experienciadevida.com.ar\/portalurbano\/#website","url":"https:\/\/experienciadevida.com.ar\/portalurbano\/","name":"","description":"","publisher":{"@id":"https:\/\/experienciadevida.com.ar\/portalurbano\/#organization"},"potentialAction":[{"@type":"SearchAction","target":{"@type":"EntryPoint","urlTemplate":"https:\/\/experienciadevida.com.ar\/portalurbano\/?s={search_term_string}"},"query-input":"required name=search_term_string"}],"inLanguage":"es"},{"@type":"Organization","@id":"https:\/\/experienciadevida.com.ar\/portalurbano\/#organization","name":"Portal Urbano","url":"https:\/\/experienciadevida.com.ar\/portalurbano\/","logo":{"@type":"ImageObject","inLanguage":"es","@id":"https:\/\/experienciadevida.com.ar\/portalurbano\/#\/schema\/logo\/image\/","url":"https:\/\/experienciadevida.com.ar\/portalurbano\/wp-content\/uploads\/2019\/09\/Logo-Original.png","contentUrl":"https:\/\/experienciadevida.com.ar\/portalurbano\/wp-content\/uploads\/2019\/09\/Logo-Original.png","width":2236,"height":1216,"caption":"Portal Urbano"},"image":{"@id":"https:\/\/experienciadevida.com.ar\/portalurbano\/#\/schema\/logo\/image\/"},"sameAs":["https:\/\/www.facebook.com\/Portal-Urbano-171542830093757\/","https:\/\/twitter.com\/portalurbanook","https:\/\/www.instagram.com\/_portalurbano\/","https:\/\/www.youtube.com\/channel\/UCXhagIfszH8KxFiOok79zbA?view_as=subscriber"]},{"@type":"Person","@id":"https:\/\/experienciadevida.com.ar\/portalurbano\/#\/schema\/person\/02dd326b1c4b056e9cc972486934a3a7","name":"admpu17wp","image":{"@type":"ImageObject","inLanguage":"es","@id":"https:\/\/experienciadevida.com.ar\/portalurbano\/#\/schema\/person\/image\/","url":"https:\/\/secure.gravatar.com\/avatar\/830d4c57adaae6630765e449a6908047?s=96&d=mm&r=g","contentUrl":"https:\/\/secure.gravatar.com\/avatar\/830d4c57adaae6630765e449a6908047?s=96&d=mm&r=g","caption":"admpu17wp"}}]}},"featured_image_urls":{"full":["https:\/\/experienciadevida.com.ar\/portalurbano\/wp-content\/uploads\/2022\/08\/Olavarria-se-prepara-para.jpg",1024,683,false],"thumbnail":["https:\/\/experienciadevida.com.ar\/portalurbano\/wp-content\/uploads\/2022\/08\/Olavarria-se-prepara-para-150x150.jpg",150,150,true],"medium":["https:\/\/experienciadevida.com.ar\/portalurbano\/wp-content\/uploads\/2022\/08\/Olavarria-se-prepara-para-300x200.jpg",300,200,true],"medium_large":["https:\/\/experienciadevida.com.ar\/portalurbano\/wp-content\/uploads\/2022\/08\/Olavarria-se-prepara-para-768x512.jpg",640,427,true],"large":["https:\/\/experienciadevida.com.ar\/portalurbano\/wp-content\/uploads\/2022\/08\/Olavarria-se-prepara-para.jpg",640,427,false],"ug_big":["https:\/\/experienciadevida.com.ar\/portalurbano\/wp-content\/uploads\/2022\/08\/Olavarria-se-prepara-para-768x512.jpg",768,512,true],"1536x1536":["https:\/\/experienciadevida.com.ar\/portalurbano\/wp-content\/uploads\/2022\/08\/Olavarria-se-prepara-para.jpg",1024,683,false],"2048x2048":["https:\/\/experienciadevida.com.ar\/portalurbano\/wp-content\/uploads\/2022\/08\/Olavarria-se-prepara-para.jpg",1024,683,false],"newsever-slider-full":["https:\/\/experienciadevida.com.ar\/portalurbano\/wp-content\/uploads\/2022\/08\/Olavarria-se-prepara-para.jpg",1024,683,false],"newsever-featured":["https:\/\/experienciadevida.com.ar\/portalurbano\/wp-content\/uploads\/2022\/08\/Olavarria-se-prepara-para.jpg",1024,683,false],"newsever-medium":["https:\/\/experienciadevida.com.ar\/portalurbano\/wp-content\/uploads\/2022\/08\/Olavarria-se-prepara-para.jpg",712,475,false],"web-stories-poster-portrait":["https:\/\/experienciadevida.com.ar\/portalurbano\/wp-content\/uploads\/2022\/08\/Olavarria-se-prepara-para-640x683.jpg",640,683,true],"web-stories-publisher-logo":["https:\/\/experienciadevida.com.ar\/portalurbano\/wp-content\/uploads\/2022\/08\/Olavarria-se-prepara-para-96x96.jpg",96,96,true],"web-stories-thumbnail":["https:\/\/experienciadevida.com.ar\/portalurbano\/wp-content\/uploads\/2022\/08\/Olavarria-se-prepara-para-150x100.jpg",150,100,true]},"author_info":{"display_name":"admpu17wp","author_link":"https:\/\/experienciadevida.com.ar\/portalurbano\/author\/admpu17wp\/"},"category_info":"<a href=\"https:\/\/experienciadevida.com.ar\/portalurbano\/category\/ciudad\/\" rel=\"category tag\">Ciudad<\/a> <a href=\"https:\/\/experienciadevida.com.ar\/portalurbano\/category\/destacadas\/\" rel=\"category tag\">Destacadas<\/a>","tag_info":"Destacadas","comment_count":"0","amp_enabled":true,"_links":{"self":[{"href":"https:\/\/experienciadevida.com.ar\/portalurbano\/wp-json\/wp\/v2\/posts\/173737"}],"collection":[{"href":"https:\/\/experienciadevida.com.ar\/portalurbano\/wp-json\/wp\/v2\/posts"}],"about":[{"href":"https:\/\/experienciadevida.com.ar\/portalurbano\/wp-json\/wp\/v2\/types\/post"}],"author":[{"embeddable":true,"href":"https:\/\/experienciadevida.com.ar\/portalurbano\/wp-json\/wp\/v2\/users\/1"}],"replies":[{"embeddable":true,"href":"https:\/\/experienciadevida.com.ar\/portalurbano\/wp-json\/wp\/v2\/comments?post=173737"}],"version-history":[{"count":2,"href":"https:\/\/experienciadevida.com.ar\/portalurbano\/wp-json\/wp\/v2\/posts\/173737\/revisions"}],"predecessor-version":[{"id":173740,"href":"https:\/\/experienciadevida.com.ar\/portalurbano\/wp-json\/wp\/v2\/posts\/173737\/revisions\/173740"}],"wp:featuredmedia":[{"embeddable":true,"href":"https:\/\/experienciadevida.com.ar\/portalurbano\/wp-json\/wp\/v2\/media\/173738"}],"wp:attachment":[{"href":"https:\/\/experienciadevida.com.ar\/portalurbano\/wp-json\/wp\/v2\/media?parent=173737"}],"wp:term":[{"taxonomy":"category","embeddable":true,"href":"https:\/\/experienciadevida.com.ar\/portalurbano\/wp-json\/wp\/v2\/categories?post=173737"},{"taxonomy":"post_tag","embeddable":true,"href":"https:\/\/experienciadevida.com.ar\/portalurbano\/wp-json\/wp\/v2\/tags?post=173737"}],"curies":[{"name":"wp","href":"https:\/\/api.w.org\/{rel}","templated":true}]}}