{"id":173732,"date":"2022-08-20T11:04:29","date_gmt":"2022-08-20T14:04:29","guid":{"rendered":"https:\/\/experienciadevida.com.ar\/portalurbano\/?p=173732"},"modified":"2022-08-20T11:15:12","modified_gmt":"2022-08-20T14:15:12","slug":"visita-a-la-chacra-agroecologica-el-aromo","status":"publish","type":"post","link":"https:\/\/experienciadevida.com.ar\/portalurbano\/visita-a-la-chacra-agroecologica-el-aromo\/","title":{"rendered":"Visita a la chacra agroecol\u00f3gica \u201cEl Aromo\u201d"},"content":{"rendered":"<p>Visita a la chacra agroecol\u00f3gica \u201cEl Aromo\u201d, integrantes del equipo de la Direcci\u00f3n de Desarrollo Sustentable, perteneciente a la Secretar\u00eda de Desarrollo Econ\u00f3mico, visitaron la chacra agroecol\u00f3gica \u201cEl Aromo\u201d ubicada a 3 kil\u00f3metros del paraje El Gaucho sobre la RN226 Kil\u00f3metro 309, a 17 kil\u00f3metros del casco urbano.<\/p>\n<p>Esta visita se produce en el marco del proyecto de Empleos Verdes Locales en articulaci\u00f3n con la RAMCC (Red Argentina de Municipios Frente al Cambio Clim\u00e1tico) financiado por la Uni\u00f3n Europea, cuyo objetivo es la creaci\u00f3n y fortalecimiento de empleos verdes, que posibiliten una transici\u00f3n justa hacia modelos sostenibles de producci\u00f3n, a la vez que aporten al desarrollo de las econom\u00edas locales y regionales.<\/p>\n<p>Cabe recordar que Olavarr\u00eda forma parte de esta red de municipios y ha presentado oportunamente un plan de acci\u00f3n contra el cambio clim\u00e1tico, donde se abordan diferentes ejes de trabajo que buscan reducir la emisi\u00f3n de gases de efecto invernadero (GEI) y mitigar los efectos del cambio clim\u00e1tico.<\/p>\n<p>En esta oportunidad se present\u00f3 un proyecto piloto para reconversi\u00f3n productiva sostenible a emprendimientos verdes, promovido por la RAMCC donde, en caso de ser seleccionado este emprendimiento, se obtendr\u00edan fondos para invertir en una instalaci\u00f3n solar de generaci\u00f3n el\u00e9ctrica fotovoltaica en el predio, que permitir\u00eda evitar la quema de hidrocarburos para accionar un moto-generador el\u00e9ctrico.<\/p>\n<p>La chacra agroecol\u00f3gica \u201cEl Aromo\u201d, es un emprendimiento dedicado a la producci\u00f3n sostenible de alimentos. Los productos generados en la chacra surgen de un manejo regenerativo del suelo, entre estos: hortalizas, semillas, huevos, carne de pollo, cordero, cerdo, y conejo. Paralelamente producen fertilizantes y abonos biol\u00f3gicos naturales para ser utilizados en su producci\u00f3n y para la venta. Dentro de los servicios ofrecen: asesoramientos, talleres y visitas guiadas. Su objetivo es ofrecer alimentos naturales, sanos, sin utilizar ning\u00fan tipo de agroqu\u00edmicos en su producci\u00f3n.<\/p>\n<p>All\u00ed se trabaja de una manera integral y cada circuito productivo sirve para maximizar las necesidades del siguiente. Por ejemplo, para la producci\u00f3n intensiva de carnes, utilizan jaulas o cercos m\u00f3viles, de manera de que el suelo vaya descansando luego del paso de los animales y paralelamente utilizan las mismas heces como abono, incorporando nutrientes a la tierra.<\/p>\n<p>Para m\u00e1s informaci\u00f3n, comunicarse con la Direcci\u00f3n de Desarrollo Sustentable, perteneciente a la Secretar\u00eda de Desarrollo Econ\u00f3mico de la Municipalidad de Olavarr\u00eda. Mail: gestionambiental@olavarr\u00eda.gov.ar \/ Instagram @ desarrollosustentableolavarria\u201d. \/ Tel 02284 \u2013 412600<\/p>\n<p><a href=\"https:\/\/experienciadevida.com.ar\/portalurbano\/visita-a-la-chacra-agroecologica-el-aromo\/visita-4\/\" rel=\"attachment wp-att-173735\"><img decoding=\"async\" class=\"alignnone size-large wp-image-173735\" src=\"https:\/\/experienciadevida.com.ar\/portalurbano\/wp-content\/uploads\/2022\/08\/Visita-1024x682.jpg\" alt=\"Visita \" width=\"900\" height=\"599\" srcset=\"https:\/\/experienciadevida.com.ar\/portalurbano\/wp-content\/uploads\/2022\/08\/Visita-1024x682.jpg 1024w, https:\/\/experienciadevida.com.ar\/portalurbano\/wp-content\/uploads\/2022\/08\/Visita-300x200.jpg 300w, https:\/\/experienciadevida.com.ar\/portalurbano\/wp-content\/uploads\/2022\/08\/Visita-768x512.jpg 768w, https:\/\/experienciadevida.com.ar\/portalurbano\/wp-content\/uploads\/2022\/08\/Visita-1536x1024.jpg 1536w, https:\/\/experienciadevida.com.ar\/portalurbano\/wp-content\/uploads\/2022\/08\/Visita-150x100.jpg 150w, https:\/\/experienciadevida.com.ar\/portalurbano\/wp-content\/uploads\/2022\/08\/Visita.jpg 1772w\" sizes=\"(max-width: 900px) 100vw, 900px\" \/><\/a><\/p>\n","protected":false},"excerpt":{"rendered":"<p>Visita a la chacra agroecol\u00f3gica \u201cEl Aromo\u201d, integrantes del equipo de la Direcci\u00f3n de Desarrollo&#8230;<\/p>\n","protected":false},"author":1,"featured_media":173733,"comment_status":"closed","ping_status":"closed","sticky":false,"template":"","format":"standard","meta":{"content-type":""},"categories":[27,64],"tags":[],"nelio_content":{"isAutoShareEnabled":false,"autoShareEndMode":"default","automationSources":{"useContentSentences":true,"useSocialTemplates":true,"useCustomSentences":false,"customSentences":[]},"followers":[1],"suggestedReferences":[],"includedReferences":[],"efiUrl":"","efiAlt":"","highlights":[]},"yoast_head":"<!-- This site is optimized with the Yoast SEO plugin v20.7 - https:\/\/yoast.com\/wordpress\/plugins\/seo\/ -->\n<title>Visita a la chacra agroecol\u00f3gica &quot;El Aromo&quot;<\/title>\n<meta name=\"description\" content=\"Visita a la chacra agroecol\u00f3gica \u201cEl Aromo\u201d, integrantes del equipo de la Direcci\u00f3n de Desarrollo Sustentable, perteneciente\" \/>\n<meta name=\"robots\" content=\"index, follow, max-snippet:-1, max-image-preview:large, max-video-preview:-1\" \/>\n<link rel=\"canonical\" href=\"https:\/\/experienciadevida.com.ar\/portalurbano\/visita-a-la-chacra-agroecologica-el-aromo\/\" \/>\n<meta property=\"og:locale\" content=\"es_ES\" \/>\n<meta property=\"og:type\" content=\"article\" \/>\n<meta property=\"og:title\" content=\"Visita a la chacra agroecol\u00f3gica &quot;El Aromo&quot;\" \/>\n<meta property=\"og:description\" content=\"Visita a la chacra agroecol\u00f3gica \u201cEl Aromo\u201d, integrantes del equipo de la Direcci\u00f3n de Desarrollo Sustentable, perteneciente\" \/>\n<meta property=\"og:url\" content=\"https:\/\/experienciadevida.com.ar\/portalurbano\/visita-a-la-chacra-agroecologica-el-aromo\/\" \/>\n<meta property=\"article:publisher\" content=\"https:\/\/www.facebook.com\/Portal-Urbano-171542830093757\/\" \/>\n<meta property=\"article:published_time\" content=\"2022-08-20T14:04:29+00:00\" \/>\n<meta property=\"article:modified_time\" content=\"2022-08-20T14:15:12+00:00\" \/>\n<meta property=\"og:image\" content=\"https:\/\/experienciadevida.com.ar\/portalurbano\/wp-content\/uploads\/2022\/08\/Visita-a-la-chacra-agroecologica.jpg\" \/>\n\t<meta property=\"og:image:width\" content=\"1772\" \/>\n\t<meta property=\"og:image:height\" content=\"1181\" \/>\n\t<meta property=\"og:image:type\" content=\"image\/jpeg\" \/>\n<meta name=\"author\" content=\"admpu17wp\" \/>\n<meta name=\"twitter:card\" content=\"summary_large_image\" \/>\n<meta name=\"twitter:creator\" content=\"@portalurbanook\" \/>\n<meta name=\"twitter:site\" content=\"@portalurbanook\" \/>\n<meta name=\"twitter:label1\" content=\"Escrito por\" \/>\n\t<meta name=\"twitter:data1\" content=\"admpu17wp\" \/>\n\t<meta name=\"twitter:label2\" content=\"Tiempo de lectura\" \/>\n\t<meta name=\"twitter:data2\" content=\"2 minutos\" \/>\n<script type=\"application\/ld+json\" class=\"yoast-schema-graph\">{\"@context\":\"https:\/\/schema.org\",\"@graph\":[{\"@type\":\"Article\",\"@id\":\"https:\/\/experienciadevida.com.ar\/portalurbano\/visita-a-la-chacra-agroecologica-el-aromo\/#article\",\"isPartOf\":{\"@id\":\"https:\/\/experienciadevida.com.ar\/portalurbano\/visita-a-la-chacra-agroecologica-el-aromo\/\"},\"author\":{\"name\":\"admpu17wp\",\"@id\":\"https:\/\/experienciadevida.com.ar\/portalurbano\/#\/schema\/person\/02dd326b1c4b056e9cc972486934a3a7\"},\"headline\":\"Visita a la chacra agroecol\u00f3gica \u201cEl Aromo\u201d\",\"datePublished\":\"2022-08-20T14:04:29+00:00\",\"dateModified\":\"2022-08-20T14:15:12+00:00\",\"mainEntityOfPage\":{\"@id\":\"https:\/\/experienciadevida.com.ar\/portalurbano\/visita-a-la-chacra-agroecologica-el-aromo\/\"},\"wordCount\":434,\"publisher\":{\"@id\":\"https:\/\/experienciadevida.com.ar\/portalurbano\/#organization\"},\"articleSection\":[\"Ciudad\",\"Destacadas 2\"],\"inLanguage\":\"es\"},{\"@type\":\"WebPage\",\"@id\":\"https:\/\/experienciadevida.com.ar\/portalurbano\/visita-a-la-chacra-agroecologica-el-aromo\/\",\"url\":\"https:\/\/experienciadevida.com.ar\/portalurbano\/visita-a-la-chacra-agroecologica-el-aromo\/\",\"name\":\"Visita a la chacra agroecol\u00f3gica \\\"El Aromo\\\"\",\"isPartOf\":{\"@id\":\"https:\/\/experienciadevida.com.ar\/portalurbano\/#website\"},\"datePublished\":\"2022-08-20T14:04:29+00:00\",\"dateModified\":\"2022-08-20T14:15:12+00:00\",\"description\":\"Visita a la chacra agroecol\u00f3gica \u201cEl Aromo\u201d, integrantes del equipo de la Direcci\u00f3n de Desarrollo Sustentable, perteneciente\",\"breadcrumb\":{\"@id\":\"https:\/\/experienciadevida.com.ar\/portalurbano\/visita-a-la-chacra-agroecologica-el-aromo\/#breadcrumb\"},\"inLanguage\":\"es\",\"potentialAction\":[{\"@type\":\"ReadAction\",\"target\":[\"https:\/\/experienciadevida.com.ar\/portalurbano\/visita-a-la-chacra-agroecologica-el-aromo\/\"]}]},{\"@type\":\"BreadcrumbList\",\"@id\":\"https:\/\/experienciadevida.com.ar\/portalurbano\/visita-a-la-chacra-agroecologica-el-aromo\/#breadcrumb\",\"itemListElement\":[{\"@type\":\"ListItem\",\"position\":1,\"name\":\"Portada\",\"item\":\"https:\/\/experienciadevida.com.ar\/portalurbano\/\"},{\"@type\":\"ListItem\",\"position\":2,\"name\":\"Visita a la chacra agroecol\u00f3gica \u201cEl Aromo\u201d\"}]},{\"@type\":\"WebSite\",\"@id\":\"https:\/\/experienciadevida.com.ar\/portalurbano\/#website\",\"url\":\"https:\/\/experienciadevida.com.ar\/portalurbano\/\",\"name\":\"\",\"description\":\"\",\"publisher\":{\"@id\":\"https:\/\/experienciadevida.com.ar\/portalurbano\/#organization\"},\"potentialAction\":[{\"@type\":\"SearchAction\",\"target\":{\"@type\":\"EntryPoint\",\"urlTemplate\":\"https:\/\/experienciadevida.com.ar\/portalurbano\/?s={search_term_string}\"},\"query-input\":\"required name=search_term_string\"}],\"inLanguage\":\"es\"},{\"@type\":\"Organization\",\"@id\":\"https:\/\/experienciadevida.com.ar\/portalurbano\/#organization\",\"name\":\"Portal Urbano\",\"url\":\"https:\/\/experienciadevida.com.ar\/portalurbano\/\",\"logo\":{\"@type\":\"ImageObject\",\"inLanguage\":\"es\",\"@id\":\"https:\/\/experienciadevida.com.ar\/portalurbano\/#\/schema\/logo\/image\/\",\"url\":\"https:\/\/experienciadevida.com.ar\/portalurbano\/wp-content\/uploads\/2019\/09\/Logo-Original.png\",\"contentUrl\":\"https:\/\/experienciadevida.com.ar\/portalurbano\/wp-content\/uploads\/2019\/09\/Logo-Original.png\",\"width\":2236,\"height\":1216,\"caption\":\"Portal Urbano\"},\"image\":{\"@id\":\"https:\/\/experienciadevida.com.ar\/portalurbano\/#\/schema\/logo\/image\/\"},\"sameAs\":[\"https:\/\/www.facebook.com\/Portal-Urbano-171542830093757\/\",\"https:\/\/twitter.com\/portalurbanook\",\"https:\/\/www.instagram.com\/_portalurbano\/\",\"https:\/\/www.youtube.com\/channel\/UCXhagIfszH8KxFiOok79zbA?view_as=subscriber\"]},{\"@type\":\"Person\",\"@id\":\"https:\/\/experienciadevida.com.ar\/portalurbano\/#\/schema\/person\/02dd326b1c4b056e9cc972486934a3a7\",\"name\":\"admpu17wp\",\"image\":{\"@type\":\"ImageObject\",\"inLanguage\":\"es\",\"@id\":\"https:\/\/experienciadevida.com.ar\/portalurbano\/#\/schema\/person\/image\/\",\"url\":\"https:\/\/secure.gravatar.com\/avatar\/830d4c57adaae6630765e449a6908047?s=96&d=mm&r=g\",\"contentUrl\":\"https:\/\/secure.gravatar.com\/avatar\/830d4c57adaae6630765e449a6908047?s=96&d=mm&r=g\",\"caption\":\"admpu17wp\"}}]}<\/script>\n<!-- \/ Yoast SEO plugin. -->","yoast_head_json":{"title":"Visita a la chacra agroecol\u00f3gica \"El Aromo\"","description":"Visita a la chacra agroecol\u00f3gica \u201cEl Aromo\u201d, integrantes del equipo de la Direcci\u00f3n de Desarrollo Sustentable, perteneciente","robots":{"index":"index","follow":"follow","max-snippet":"max-snippet:-1","max-image-preview":"max-image-preview:large","max-video-preview":"max-video-preview:-1"},"canonical":"https:\/\/experienciadevida.com.ar\/portalurbano\/visita-a-la-chacra-agroecologica-el-aromo\/","og_locale":"es_ES","og_type":"article","og_title":"Visita a la chacra agroecol\u00f3gica \"El Aromo\"","og_description":"Visita a la chacra agroecol\u00f3gica \u201cEl Aromo\u201d, integrantes del equipo de la Direcci\u00f3n de Desarrollo Sustentable, perteneciente","og_url":"https:\/\/experienciadevida.com.ar\/portalurbano\/visita-a-la-chacra-agroecologica-el-aromo\/","article_publisher":"https:\/\/www.facebook.com\/Portal-Urbano-171542830093757\/","article_published_time":"2022-08-20T14:04:29+00:00","article_modified_time":"2022-08-20T14:15:12+00:00","og_image":[{"width":1772,"height":1181,"url":"https:\/\/experienciadevida.com.ar\/portalurbano\/wp-content\/uploads\/2022\/08\/Visita-a-la-chacra-agroecologica.jpg","type":"image\/jpeg"}],"author":"admpu17wp","twitter_card":"summary_large_image","twitter_creator":"@portalurbanook","twitter_site":"@portalurbanook","twitter_misc":{"Escrito por":"admpu17wp","Tiempo de lectura":"2 minutos"},"schema":{"@context":"https:\/\/schema.org","@graph":[{"@type":"Article","@id":"https:\/\/experienciadevida.com.ar\/portalurbano\/visita-a-la-chacra-agroecologica-el-aromo\/#article","isPartOf":{"@id":"https:\/\/experienciadevida.com.ar\/portalurbano\/visita-a-la-chacra-agroecologica-el-aromo\/"},"author":{"name":"admpu17wp","@id":"https:\/\/experienciadevida.com.ar\/portalurbano\/#\/schema\/person\/02dd326b1c4b056e9cc972486934a3a7"},"headline":"Visita a la chacra agroecol\u00f3gica \u201cEl Aromo\u201d","datePublished":"2022-08-20T14:04:29+00:00","dateModified":"2022-08-20T14:15:12+00:00","mainEntityOfPage":{"@id":"https:\/\/experienciadevida.com.ar\/portalurbano\/visita-a-la-chacra-agroecologica-el-aromo\/"},"wordCount":434,"publisher":{"@id":"https:\/\/experienciadevida.com.ar\/portalurbano\/#organization"},"articleSection":["Ciudad","Destacadas 2"],"inLanguage":"es"},{"@type":"WebPage","@id":"https:\/\/experienciadevida.com.ar\/portalurbano\/visita-a-la-chacra-agroecologica-el-aromo\/","url":"https:\/\/experienciadevida.com.ar\/portalurbano\/visita-a-la-chacra-agroecologica-el-aromo\/","name":"Visita a la chacra agroecol\u00f3gica \"El Aromo\"","isPartOf":{"@id":"https:\/\/experienciadevida.com.ar\/portalurbano\/#website"},"datePublished":"2022-08-20T14:04:29+00:00","dateModified":"2022-08-20T14:15:12+00:00","description":"Visita a la chacra agroecol\u00f3gica \u201cEl Aromo\u201d, integrantes del equipo de la Direcci\u00f3n de Desarrollo Sustentable, perteneciente","breadcrumb":{"@id":"https:\/\/experienciadevida.com.ar\/portalurbano\/visita-a-la-chacra-agroecologica-el-aromo\/#breadcrumb"},"inLanguage":"es","potentialAction":[{"@type":"ReadAction","target":["https:\/\/experienciadevida.com.ar\/portalurbano\/visita-a-la-chacra-agroecologica-el-aromo\/"]}]},{"@type":"BreadcrumbList","@id":"https:\/\/experienciadevida.com.ar\/portalurbano\/visita-a-la-chacra-agroecologica-el-aromo\/#breadcrumb","itemListElement":[{"@type":"ListItem","position":1,"name":"Portada","item":"https:\/\/experienciadevida.com.ar\/portalurbano\/"},{"@type":"ListItem","position":2,"name":"Visita a la chacra agroecol\u00f3gica \u201cEl Aromo\u201d"}]},{"@type":"WebSite","@id":"https:\/\/experienciadevida.com.ar\/portalurbano\/#website","url":"https:\/\/experienciadevida.com.ar\/portalurbano\/","name":"","description":"","publisher":{"@id":"https:\/\/experienciadevida.com.ar\/portalurbano\/#organization"},"potentialAction":[{"@type":"SearchAction","target":{"@type":"EntryPoint","urlTemplate":"https:\/\/experienciadevida.com.ar\/portalurbano\/?s={search_term_string}"},"query-input":"required name=search_term_string"}],"inLanguage":"es"},{"@type":"Organization","@id":"https:\/\/experienciadevida.com.ar\/portalurbano\/#organization","name":"Portal Urbano","url":"https:\/\/experienciadevida.com.ar\/portalurbano\/","logo":{"@type":"ImageObject","inLanguage":"es","@id":"https:\/\/experienciadevida.com.ar\/portalurbano\/#\/schema\/logo\/image\/","url":"https:\/\/experienciadevida.com.ar\/portalurbano\/wp-content\/uploads\/2019\/09\/Logo-Original.png","contentUrl":"https:\/\/experienciadevida.com.ar\/portalurbano\/wp-content\/uploads\/2019\/09\/Logo-Original.png","width":2236,"height":1216,"caption":"Portal Urbano"},"image":{"@id":"https:\/\/experienciadevida.com.ar\/portalurbano\/#\/schema\/logo\/image\/"},"sameAs":["https:\/\/www.facebook.com\/Portal-Urbano-171542830093757\/","https:\/\/twitter.com\/portalurbanook","https:\/\/www.instagram.com\/_portalurbano\/","https:\/\/www.youtube.com\/channel\/UCXhagIfszH8KxFiOok79zbA?view_as=subscriber"]},{"@type":"Person","@id":"https:\/\/experienciadevida.com.ar\/portalurbano\/#\/schema\/person\/02dd326b1c4b056e9cc972486934a3a7","name":"admpu17wp","image":{"@type":"ImageObject","inLanguage":"es","@id":"https:\/\/experienciadevida.com.ar\/portalurbano\/#\/schema\/person\/image\/","url":"https:\/\/secure.gravatar.com\/avatar\/830d4c57adaae6630765e449a6908047?s=96&d=mm&r=g","contentUrl":"https:\/\/secure.gravatar.com\/avatar\/830d4c57adaae6630765e449a6908047?s=96&d=mm&r=g","caption":"admpu17wp"}}]}},"featured_image_urls":{"full":["https:\/\/experienciadevida.com.ar\/portalurbano\/wp-content\/uploads\/2022\/08\/Visita-a-la-chacra-agroecologica.jpg",1772,1181,false],"thumbnail":["https:\/\/experienciadevida.com.ar\/portalurbano\/wp-content\/uploads\/2022\/08\/Visita-a-la-chacra-agroecologica-150x150.jpg",150,150,true],"medium":["https:\/\/experienciadevida.com.ar\/portalurbano\/wp-content\/uploads\/2022\/08\/Visita-a-la-chacra-agroecologica-300x200.jpg",300,200,true],"medium_large":["https:\/\/experienciadevida.com.ar\/portalurbano\/wp-content\/uploads\/2022\/08\/Visita-a-la-chacra-agroecologica-768x512.jpg",640,427,true],"large":["https:\/\/experienciadevida.com.ar\/portalurbano\/wp-content\/uploads\/2022\/08\/Visita-a-la-chacra-agroecologica-1024x682.jpg",640,426,true],"ug_big":["https:\/\/experienciadevida.com.ar\/portalurbano\/wp-content\/uploads\/2022\/08\/Visita-a-la-chacra-agroecologica-768x512.jpg",768,512,true],"1536x1536":["https:\/\/experienciadevida.com.ar\/portalurbano\/wp-content\/uploads\/2022\/08\/Visita-a-la-chacra-agroecologica-1536x1024.jpg",1536,1024,true],"2048x2048":["https:\/\/experienciadevida.com.ar\/portalurbano\/wp-content\/uploads\/2022\/08\/Visita-a-la-chacra-agroecologica.jpg",1772,1181,false],"newsever-slider-full":["https:\/\/experienciadevida.com.ar\/portalurbano\/wp-content\/uploads\/2022\/08\/Visita-a-la-chacra-agroecologica.jpg",1268,845,false],"newsever-featured":["https:\/\/experienciadevida.com.ar\/portalurbano\/wp-content\/uploads\/2022\/08\/Visita-a-la-chacra-agroecologica.jpg",1024,682,false],"newsever-medium":["https:\/\/experienciadevida.com.ar\/portalurbano\/wp-content\/uploads\/2022\/08\/Visita-a-la-chacra-agroecologica.jpg",713,475,false],"web-stories-poster-portrait":["https:\/\/experienciadevida.com.ar\/portalurbano\/wp-content\/uploads\/2022\/08\/Visita-a-la-chacra-agroecologica-640x853.jpg",640,853,true],"web-stories-publisher-logo":["https:\/\/experienciadevida.com.ar\/portalurbano\/wp-content\/uploads\/2022\/08\/Visita-a-la-chacra-agroecologica-96x96.jpg",96,96,true],"web-stories-thumbnail":["https:\/\/experienciadevida.com.ar\/portalurbano\/wp-content\/uploads\/2022\/08\/Visita-a-la-chacra-agroecologica-150x100.jpg",150,100,true]},"author_info":{"display_name":"admpu17wp","author_link":"https:\/\/experienciadevida.com.ar\/portalurbano\/author\/admpu17wp\/"},"category_info":"<a href=\"https:\/\/experienciadevida.com.ar\/portalurbano\/category\/ciudad\/\" rel=\"category tag\">Ciudad<\/a> <a href=\"https:\/\/experienciadevida.com.ar\/portalurbano\/category\/destacadas-2\/\" rel=\"category tag\">Destacadas 2<\/a>","tag_info":"Destacadas 2","comment_count":"0","amp_enabled":true,"_links":{"self":[{"href":"https:\/\/experienciadevida.com.ar\/portalurbano\/wp-json\/wp\/v2\/posts\/173732"}],"collection":[{"href":"https:\/\/experienciadevida.com.ar\/portalurbano\/wp-json\/wp\/v2\/posts"}],"about":[{"href":"https:\/\/experienciadevida.com.ar\/portalurbano\/wp-json\/wp\/v2\/types\/post"}],"author":[{"embeddable":true,"href":"https:\/\/experienciadevida.com.ar\/portalurbano\/wp-json\/wp\/v2\/users\/1"}],"replies":[{"embeddable":true,"href":"https:\/\/experienciadevida.com.ar\/portalurbano\/wp-json\/wp\/v2\/comments?post=173732"}],"version-history":[{"count":2,"href":"https:\/\/experienciadevida.com.ar\/portalurbano\/wp-json\/wp\/v2\/posts\/173732\/revisions"}],"predecessor-version":[{"id":173736,"href":"https:\/\/experienciadevida.com.ar\/portalurbano\/wp-json\/wp\/v2\/posts\/173732\/revisions\/173736"}],"wp:featuredmedia":[{"embeddable":true,"href":"https:\/\/experienciadevida.com.ar\/portalurbano\/wp-json\/wp\/v2\/media\/173733"}],"wp:attachment":[{"href":"https:\/\/experienciadevida.com.ar\/portalurbano\/wp-json\/wp\/v2\/media?parent=173732"}],"wp:term":[{"taxonomy":"category","embeddable":true,"href":"https:\/\/experienciadevida.com.ar\/portalurbano\/wp-json\/wp\/v2\/categories?post=173732"},{"taxonomy":"post_tag","embeddable":true,"href":"https:\/\/experienciadevida.com.ar\/portalurbano\/wp-json\/wp\/v2\/tags?post=173732"}],"curies":[{"name":"wp","href":"https:\/\/api.w.org\/{rel}","templated":true}]}}