{"id":173704,"date":"2022-08-19T23:18:14","date_gmt":"2022-08-20T02:18:14","guid":{"rendered":"https:\/\/experienciadevida.com.ar\/portalurbano\/?p=173704"},"modified":"2022-08-20T01:16:32","modified_gmt":"2022-08-20T04:16:32","slug":"hoy-estamos-inaugurando-nuestro-espacio-fisico-tan-anorado","status":"publish","type":"post","link":"https:\/\/experienciadevida.com.ar\/portalurbano\/hoy-estamos-inaugurando-nuestro-espacio-fisico-tan-anorado\/","title":{"rendered":"&#8220;Hoy estamos inaugurando nuestro espacio f\u00edsico tan a\u00f1orado&#8221;"},"content":{"rendered":"<p><strong>Tiempo de Lectura: 03:44 Minutos<\/strong><\/p>\n<p>&#8220;Hoy estamos inaugurando nuestro espacio f\u00edsico tan a\u00f1orado&#8221;, as\u00ed lo dijo Liliana <a href=\"https:\/\/www.facebook.com\/liliana.cuenca.58\">Cuenca<\/a> referente de la Asociaci\u00f3n Civil Animate quien hoy inaugur\u00f3 su sede , agradeci\u00f3 a los presentes y expres\u00f3 &#8220;esta vez los convocamos para darles una hermosa noticia despu\u00e9s de tanta lucha hoy estamos inaugurando nuestro espacio f\u00edsico , por esto nuestro primer agradecimiento es para\u00a0 quien nos cedi\u00f3 el espacio&#8221;.<\/p>\n<p>&#8220;En segundo lugar agradecer a la gente que colabor\u00f3 con rifas, cuotas de socios que tambi\u00e9n hicieron posible esto aunque todav\u00eda seguimos esperando respuestas por parte del Estado no perdemos las esperanzas, ahora que tenemos un espacio tenemos muchos proyectos a futuro como la implementaci\u00f3n de distintos talleres.\u00a0 Me acompa\u00f1a Santiago que va a trabajar con nosotros es psic\u00f3logo, tambi\u00e9n trabajamos en conjunto con la psic\u00f3loga Recabarren que siempre que necesitamos psic\u00f3logos de urgencia siempre recurro a ella, quiero agradecer tambi\u00e9n por el compromiso que tiene con las causas de abusos, tambi\u00e9n tenemos a Natasha que es nuestra abogada de la Asociaci\u00f3n Civil, porque cuando una v\u00edctima solicita asesoramiento legal est\u00e1 ella para ayudarlas&#8221;.<\/p>\n<p><a href=\"https:\/\/experienciadevida.com.ar\/portalurbano\/hoy-estamos-inaugurando-nuestro-espacio-fisico-tan-anorado\/hoy\/\" rel=\"attachment wp-att-173717\"><img decoding=\"async\" class=\"alignnone size-full wp-image-173717\" src=\"https:\/\/experienciadevida.com.ar\/portalurbano\/wp-content\/uploads\/2022\/08\/hoy.jpg\" alt=\"hoy \" width=\"765\" height=\"510\" srcset=\"https:\/\/experienciadevida.com.ar\/portalurbano\/wp-content\/uploads\/2022\/08\/hoy.jpg 765w, https:\/\/experienciadevida.com.ar\/portalurbano\/wp-content\/uploads\/2022\/08\/hoy-300x200.jpg 300w, https:\/\/experienciadevida.com.ar\/portalurbano\/wp-content\/uploads\/2022\/08\/hoy-150x100.jpg 150w\" sizes=\"(max-width: 765px) 100vw, 765px\" \/><\/a><\/p>\n<p>Luego habl\u00f3 la abogada de la Asociaci\u00f3n Natasha &#8220;es una alegr\u00eda enorme tener el lugar es algo por lo que pelearon mucho, si bien hace un a\u00f1o y medio que estoy con ellos se de la lucha de ellos y tambi\u00e9n quiero agradecer a la persona que nos cedi\u00f3 el lugar que lo hizo de todo coraz\u00f3n, es un lugar de contenci\u00f3n para todos los que lo necesiten&#8221;.<\/p>\n<p><a href=\"https:\/\/experienciadevida.com.ar\/portalurbano\/hoy-estamos-inaugurando-nuestro-espacio-fisico-tan-anorado\/estamos-3\/\" rel=\"attachment wp-att-173718\"><img decoding=\"async\" class=\"alignnone size-full wp-image-173718\" src=\"https:\/\/experienciadevida.com.ar\/portalurbano\/wp-content\/uploads\/2022\/08\/estamos.jpg\" alt=\"estamos \" width=\"765\" height=\"510\" srcset=\"https:\/\/experienciadevida.com.ar\/portalurbano\/wp-content\/uploads\/2022\/08\/estamos.jpg 765w, https:\/\/experienciadevida.com.ar\/portalurbano\/wp-content\/uploads\/2022\/08\/estamos-300x200.jpg 300w, https:\/\/experienciadevida.com.ar\/portalurbano\/wp-content\/uploads\/2022\/08\/estamos-150x100.jpg 150w\" sizes=\"(max-width: 765px) 100vw, 765px\" \/><\/a><\/p>\n<p>Liliana record\u00f3 que &#8220;nosotros estar\u00edamos funcionando como siempre, no vamos a cumplir un horario, nos vamos a seguir manejando como lo ven\u00edamos haciendo, que la persona que necesite ayuda que me quiera contactar siempre lo hacen mediante mi tel\u00e9fono que es 2284-571543 o tambi\u00e9n nos pueden escribir a la p\u00e1gina de Animate ah\u00ed charlamos y si la v\u00edctima solicita venir en cualquier horario del d\u00eda nosotros estamos disponibles, lo vengo haciendo siempre y lo voy\u00a0 a seguir haciendo as\u00ed, trabajamos de lunes a lunes no tienen que tener verg\u00fcenza en llamarnos porque el acompa\u00f1amiento est\u00e1 y ojal\u00e1 pudi\u00e9ramos hacer mucho m\u00e1s de lo que hacemos pero el escuchar es importante&#8221;.<\/p>\n<p>Por su parte Santiago dijo &#8220;no tengo dudas del compromiso que tienen con este trabajo, poder acompa\u00f1ar a la gente que trabaja ac\u00e1 m\u00e1s que nada a las v\u00edctimas y creo que ser escuchado es el primer paso para animarse a hacer lo que hay que hacer&#8221;.<\/p>\n<p><a href=\"https:\/\/experienciadevida.com.ar\/portalurbano\/hoy-estamos-inaugurando-nuestro-espacio-fisico-tan-anorado\/inaugurando\/\" rel=\"attachment wp-att-173719\"><img decoding=\"async\" class=\"alignnone size-full wp-image-173719\" src=\"https:\/\/experienciadevida.com.ar\/portalurbano\/wp-content\/uploads\/2022\/08\/inaugurando.jpg\" alt=\"inaugurando \" width=\"765\" height=\"510\" srcset=\"https:\/\/experienciadevida.com.ar\/portalurbano\/wp-content\/uploads\/2022\/08\/inaugurando.jpg 765w, https:\/\/experienciadevida.com.ar\/portalurbano\/wp-content\/uploads\/2022\/08\/inaugurando-300x200.jpg 300w, https:\/\/experienciadevida.com.ar\/portalurbano\/wp-content\/uploads\/2022\/08\/inaugurando-150x100.jpg 150w\" sizes=\"(max-width: 765px) 100vw, 765px\" \/><\/a><\/p>\n<p>Liliana expres\u00f3 &#8220;nosotros como espacio siempre lo que alentamos a la v\u00edctima es denunciar que es un primer gran paso s\u00e9 que es dif\u00edcil que hay v\u00edctimas que tardan a\u00f1os en poder hacer una denuncia, hay personas que pasan 40 a\u00f1os que tienen y reci\u00e9n hoy se animan a hablar, pueden denunciar porque en comisar\u00eda de la mujer toman la denuncia y fiscal\u00eda es la que se encarga de investigar pero que no se queden con eso de que pasaron tantos a\u00f1os y que no pueden hacer nada, muchas veces la v\u00edctima necesita denunciar para poder sacarse esa mochila de encima y eso es un gran paso&#8221;.<\/p>\n<p><strong>Los inicios de Animate:<\/strong><\/p>\n<p>&#8220;Empezamos en el a\u00f1o 2014 con un caso que nos toc\u00f3 muy de cerca es un caso intrafamiliar, en ese caso se hizo el juicio el violador tard\u00f3 unos cuantos meses en ir a prisi\u00f3n esa causa tard\u00f3 nueve a\u00f1os en que se llegara a un juicio y como nos toc\u00f3 tan de cerca decidimos acompa\u00f1ar a mi cu\u00f1ada, empezar a pedir justicia por ese abusador que andaba en las calles como si nada, en ese momento nos juntamos con otras organizaciones y ah\u00ed empez\u00f3 nuestra lucha, yo empec\u00e9 por lo que me hab\u00eda pasado en la familia y empezamos y seguimos, empezaron a aparecer casos, hasta hace un mes atr\u00e1s atend\u00ed siempre en\u00a0 mi casa, si bien el Municipio nos hab\u00eda otorgado un espacio f\u00edsico en la Avenida Sarmiento casi Brown pero era un espacio que no era nuestro que pod\u00edamos ir de tarde agradecida con lo que nos brindaron en ese momento que nos ayud\u00f3 pero no era lo que nosotros quer\u00edamos, nosotros quer\u00edamos algo nuestro, algo donde nos llame una v\u00edctima y yo pueda atenderla en un lugar, yo estoy disponible las 24hs&#8221;.<\/p>\n<p>&#8220;En el a\u00f1o 2016 fuimos al municipio y nos dijeron que para seguir adelante para poder darnos una ayuda ten\u00edamos que formarnos como Asociaci\u00f3n civil que nos llev\u00f3 un tiempo porque todo se requiere de dinero, y ese a\u00f1o conformamos la asociaci\u00f3n civil animate Olavar\u00eda hoy con nuestro techo, nuestra casa y estamos felices por esto&#8221;.<\/p>\n<p>&#8220;Ac\u00e1 cada uno va a tener su espacio\u00a0 va a estar Nadia Vega que es psicopedagoga y psic\u00f3loga social, tambi\u00e9n estar\u00e1 Natasha que es abogada y Santiago psic\u00f3logo. Queremos convocar m\u00e1s profesionales pero hay una realidad nadie trabaja gratis, yo me estoy solventando para todos los gastos, ac\u00e1 adentro se hizo mucho con rifas pero se necesita dinero, para tener algo as\u00ed, agradezco a mi familia&#8221;.<\/p>\n<p><a href=\"https:\/\/experienciadevida.com.ar\/portalurbano\/hoy-estamos-inaugurando-nuestro-espacio-fisico-tan-anorado\/nuestro\/\" rel=\"attachment wp-att-173720\"><img decoding=\"async\" class=\"alignnone size-full wp-image-173720\" src=\"https:\/\/experienciadevida.com.ar\/portalurbano\/wp-content\/uploads\/2022\/08\/nuestro.jpg\" alt=\"nuestro \" width=\"765\" height=\"510\" srcset=\"https:\/\/experienciadevida.com.ar\/portalurbano\/wp-content\/uploads\/2022\/08\/nuestro.jpg 765w, https:\/\/experienciadevida.com.ar\/portalurbano\/wp-content\/uploads\/2022\/08\/nuestro-300x200.jpg 300w, https:\/\/experienciadevida.com.ar\/portalurbano\/wp-content\/uploads\/2022\/08\/nuestro-150x100.jpg 150w\" sizes=\"(max-width: 765px) 100vw, 765px\" \/><\/a><\/p>\n<p><a href=\"https:\/\/experienciadevida.com.ar\/portalurbano\/hoy-estamos-inaugurando-nuestro-espacio-fisico-tan-anorado\/dsc_0051-4\/\" rel=\"attachment wp-att-173721\"><img decoding=\"async\" class=\"alignnone size-full wp-image-173721\" src=\"https:\/\/experienciadevida.com.ar\/portalurbano\/wp-content\/uploads\/2022\/08\/DSC_0051-2.jpg\" alt=\"\" width=\"765\" height=\"510\" srcset=\"https:\/\/experienciadevida.com.ar\/portalurbano\/wp-content\/uploads\/2022\/08\/DSC_0051-2.jpg 765w, https:\/\/experienciadevida.com.ar\/portalurbano\/wp-content\/uploads\/2022\/08\/DSC_0051-2-300x200.jpg 300w, https:\/\/experienciadevida.com.ar\/portalurbano\/wp-content\/uploads\/2022\/08\/DSC_0051-2-150x100.jpg 150w\" sizes=\"(max-width: 765px) 100vw, 765px\" \/><\/a><\/p>\n<p><a href=\"https:\/\/experienciadevida.com.ar\/portalurbano\/hoy-estamos-inaugurando-nuestro-espacio-fisico-tan-anorado\/dsc_0056-6\/\" rel=\"attachment wp-att-173722\"><img decoding=\"async\" class=\"alignnone size-full wp-image-173722\" src=\"https:\/\/experienciadevida.com.ar\/portalurbano\/wp-content\/uploads\/2022\/08\/DSC_0056-2.jpg\" alt=\"\" width=\"765\" height=\"510\" srcset=\"https:\/\/experienciadevida.com.ar\/portalurbano\/wp-content\/uploads\/2022\/08\/DSC_0056-2.jpg 765w, https:\/\/experienciadevida.com.ar\/portalurbano\/wp-content\/uploads\/2022\/08\/DSC_0056-2-300x200.jpg 300w, https:\/\/experienciadevida.com.ar\/portalurbano\/wp-content\/uploads\/2022\/08\/DSC_0056-2-150x100.jpg 150w\" sizes=\"(max-width: 765px) 100vw, 765px\" \/><\/a><\/p>\n<p><a href=\"https:\/\/experienciadevida.com.ar\/portalurbano\/hoy-estamos-inaugurando-nuestro-espacio-fisico-tan-anorado\/dsc_0057-4\/\" rel=\"attachment wp-att-173723\"><img decoding=\"async\" class=\"alignnone size-full wp-image-173723\" src=\"https:\/\/experienciadevida.com.ar\/portalurbano\/wp-content\/uploads\/2022\/08\/DSC_0057-2.jpg\" alt=\"\" width=\"765\" height=\"510\" srcset=\"https:\/\/experienciadevida.com.ar\/portalurbano\/wp-content\/uploads\/2022\/08\/DSC_0057-2.jpg 765w, https:\/\/experienciadevida.com.ar\/portalurbano\/wp-content\/uploads\/2022\/08\/DSC_0057-2-300x200.jpg 300w, https:\/\/experienciadevida.com.ar\/portalurbano\/wp-content\/uploads\/2022\/08\/DSC_0057-2-150x100.jpg 150w\" sizes=\"(max-width: 765px) 100vw, 765px\" \/><\/a><\/p>\n<p><a href=\"https:\/\/experienciadevida.com.ar\/portalurbano\/hoy-estamos-inaugurando-nuestro-espacio-fisico-tan-anorado\/dsc_0058-4\/\" rel=\"attachment wp-att-173724\"><img decoding=\"async\" class=\"alignnone size-full wp-image-173724\" src=\"https:\/\/experienciadevida.com.ar\/portalurbano\/wp-content\/uploads\/2022\/08\/DSC_0058-1.jpg\" alt=\"\" width=\"765\" height=\"510\" srcset=\"https:\/\/experienciadevida.com.ar\/portalurbano\/wp-content\/uploads\/2022\/08\/DSC_0058-1.jpg 765w, https:\/\/experienciadevida.com.ar\/portalurbano\/wp-content\/uploads\/2022\/08\/DSC_0058-1-300x200.jpg 300w, https:\/\/experienciadevida.com.ar\/portalurbano\/wp-content\/uploads\/2022\/08\/DSC_0058-1-150x100.jpg 150w\" sizes=\"(max-width: 765px) 100vw, 765px\" \/><\/a><\/p>\n<p><a href=\"https:\/\/experienciadevida.com.ar\/portalurbano\/hoy-estamos-inaugurando-nuestro-espacio-fisico-tan-anorado\/dsc_0059-5\/\" rel=\"attachment wp-att-173725\"><img decoding=\"async\" class=\"alignnone size-full wp-image-173725\" src=\"https:\/\/experienciadevida.com.ar\/portalurbano\/wp-content\/uploads\/2022\/08\/DSC_0059-2.jpg\" alt=\"\" width=\"765\" height=\"510\" srcset=\"https:\/\/experienciadevida.com.ar\/portalurbano\/wp-content\/uploads\/2022\/08\/DSC_0059-2.jpg 765w, https:\/\/experienciadevida.com.ar\/portalurbano\/wp-content\/uploads\/2022\/08\/DSC_0059-2-300x200.jpg 300w, https:\/\/experienciadevida.com.ar\/portalurbano\/wp-content\/uploads\/2022\/08\/DSC_0059-2-150x100.jpg 150w\" sizes=\"(max-width: 765px) 100vw, 765px\" \/><\/a><\/p>\n","protected":false},"excerpt":{"rendered":"<p>Tiempo de Lectura: 03:44 Minutos &#8220;Hoy estamos inaugurando nuestro espacio f\u00edsico tan a\u00f1orado&#8221;, as\u00ed lo&#8230;<\/p>\n","protected":false},"author":1,"featured_media":173714,"comment_status":"closed","ping_status":"closed","sticky":false,"template":"","format":"standard","meta":{"content-type":""},"categories":[27,64],"tags":[],"nelio_content":{"isAutoShareEnabled":false,"autoShareEndMode":"default","automationSources":{"useContentSentences":true,"useSocialTemplates":true,"useCustomSentences":false,"customSentences":[]},"followers":[1],"suggestedReferences":[],"includedReferences":[],"efiUrl":"","efiAlt":"","highlights":[]},"yoast_head":"<!-- This site is optimized with the Yoast SEO plugin v20.7 - https:\/\/yoast.com\/wordpress\/plugins\/seo\/ -->\n<title>&quot;Hoy estamos inaugurando nuestro espacio f\u00edsico tan a\u00f1orado&quot;<\/title>\n<meta name=\"description\" content=\"&quot;Hoy estamos inaugurando nuestro espacio f\u00edsico tan a\u00f1orado&quot;, as\u00ed lo dijo Liliana Cuenca referente de la Asociaci\u00f3n Civil Animate\" \/>\n<meta name=\"robots\" content=\"index, follow, max-snippet:-1, max-image-preview:large, max-video-preview:-1\" \/>\n<link rel=\"canonical\" href=\"https:\/\/experienciadevida.com.ar\/portalurbano\/hoy-estamos-inaugurando-nuestro-espacio-fisico-tan-anorado\/\" \/>\n<meta property=\"og:locale\" content=\"es_ES\" \/>\n<meta property=\"og:type\" content=\"article\" \/>\n<meta property=\"og:title\" content=\"&quot;Hoy estamos inaugurando nuestro espacio f\u00edsico tan a\u00f1orado&quot;\" \/>\n<meta property=\"og:description\" content=\"&quot;Hoy estamos inaugurando nuestro espacio f\u00edsico tan a\u00f1orado&quot;, as\u00ed lo dijo Liliana Cuenca referente de la Asociaci\u00f3n Civil Animate\" \/>\n<meta property=\"og:url\" content=\"https:\/\/experienciadevida.com.ar\/portalurbano\/hoy-estamos-inaugurando-nuestro-espacio-fisico-tan-anorado\/\" \/>\n<meta property=\"article:publisher\" content=\"https:\/\/www.facebook.com\/Portal-Urbano-171542830093757\/\" \/>\n<meta property=\"article:published_time\" content=\"2022-08-20T02:18:14+00:00\" \/>\n<meta property=\"article:modified_time\" content=\"2022-08-20T04:16:32+00:00\" \/>\n<meta property=\"og:image\" content=\"https:\/\/experienciadevida.com.ar\/portalurbano\/wp-content\/uploads\/2022\/08\/Hoy-estamos-inaugurando-nuestro.jpg\" \/>\n\t<meta property=\"og:image:width\" content=\"765\" \/>\n\t<meta property=\"og:image:height\" content=\"510\" \/>\n\t<meta property=\"og:image:type\" content=\"image\/jpeg\" \/>\n<meta name=\"author\" content=\"admpu17wp\" \/>\n<meta name=\"twitter:card\" content=\"summary_large_image\" \/>\n<meta name=\"twitter:creator\" content=\"@portalurbanook\" \/>\n<meta name=\"twitter:site\" content=\"@portalurbanook\" \/>\n<meta name=\"twitter:label1\" content=\"Escrito por\" \/>\n\t<meta name=\"twitter:data1\" content=\"admpu17wp\" \/>\n\t<meta name=\"twitter:label2\" content=\"Tiempo de lectura\" \/>\n\t<meta name=\"twitter:data2\" content=\"6 minutos\" \/>\n<script type=\"application\/ld+json\" class=\"yoast-schema-graph\">{\"@context\":\"https:\/\/schema.org\",\"@graph\":[{\"@type\":\"Article\",\"@id\":\"https:\/\/experienciadevida.com.ar\/portalurbano\/hoy-estamos-inaugurando-nuestro-espacio-fisico-tan-anorado\/#article\",\"isPartOf\":{\"@id\":\"https:\/\/experienciadevida.com.ar\/portalurbano\/hoy-estamos-inaugurando-nuestro-espacio-fisico-tan-anorado\/\"},\"author\":{\"name\":\"admpu17wp\",\"@id\":\"https:\/\/experienciadevida.com.ar\/portalurbano\/#\/schema\/person\/02dd326b1c4b056e9cc972486934a3a7\"},\"headline\":\"&#8220;Hoy estamos inaugurando nuestro espacio f\u00edsico tan a\u00f1orado&#8221;\",\"datePublished\":\"2022-08-20T02:18:14+00:00\",\"dateModified\":\"2022-08-20T04:16:32+00:00\",\"mainEntityOfPage\":{\"@id\":\"https:\/\/experienciadevida.com.ar\/portalurbano\/hoy-estamos-inaugurando-nuestro-espacio-fisico-tan-anorado\/\"},\"wordCount\":900,\"publisher\":{\"@id\":\"https:\/\/experienciadevida.com.ar\/portalurbano\/#organization\"},\"articleSection\":[\"Ciudad\",\"Destacadas 2\"],\"inLanguage\":\"es\"},{\"@type\":\"WebPage\",\"@id\":\"https:\/\/experienciadevida.com.ar\/portalurbano\/hoy-estamos-inaugurando-nuestro-espacio-fisico-tan-anorado\/\",\"url\":\"https:\/\/experienciadevida.com.ar\/portalurbano\/hoy-estamos-inaugurando-nuestro-espacio-fisico-tan-anorado\/\",\"name\":\"\\\"Hoy estamos inaugurando nuestro espacio f\u00edsico tan a\u00f1orado\\\"\",\"isPartOf\":{\"@id\":\"https:\/\/experienciadevida.com.ar\/portalurbano\/#website\"},\"datePublished\":\"2022-08-20T02:18:14+00:00\",\"dateModified\":\"2022-08-20T04:16:32+00:00\",\"description\":\"\\\"Hoy estamos inaugurando nuestro espacio f\u00edsico tan a\u00f1orado\\\", as\u00ed lo dijo Liliana Cuenca referente de la Asociaci\u00f3n Civil Animate\",\"breadcrumb\":{\"@id\":\"https:\/\/experienciadevida.com.ar\/portalurbano\/hoy-estamos-inaugurando-nuestro-espacio-fisico-tan-anorado\/#breadcrumb\"},\"inLanguage\":\"es\",\"potentialAction\":[{\"@type\":\"ReadAction\",\"target\":[\"https:\/\/experienciadevida.com.ar\/portalurbano\/hoy-estamos-inaugurando-nuestro-espacio-fisico-tan-anorado\/\"]}]},{\"@type\":\"BreadcrumbList\",\"@id\":\"https:\/\/experienciadevida.com.ar\/portalurbano\/hoy-estamos-inaugurando-nuestro-espacio-fisico-tan-anorado\/#breadcrumb\",\"itemListElement\":[{\"@type\":\"ListItem\",\"position\":1,\"name\":\"Portada\",\"item\":\"https:\/\/experienciadevida.com.ar\/portalurbano\/\"},{\"@type\":\"ListItem\",\"position\":2,\"name\":\"\u00abHoy estamos inaugurando nuestro espacio f\u00edsico tan a\u00f1orado\u00bb\"}]},{\"@type\":\"WebSite\",\"@id\":\"https:\/\/experienciadevida.com.ar\/portalurbano\/#website\",\"url\":\"https:\/\/experienciadevida.com.ar\/portalurbano\/\",\"name\":\"\",\"description\":\"\",\"publisher\":{\"@id\":\"https:\/\/experienciadevida.com.ar\/portalurbano\/#organization\"},\"potentialAction\":[{\"@type\":\"SearchAction\",\"target\":{\"@type\":\"EntryPoint\",\"urlTemplate\":\"https:\/\/experienciadevida.com.ar\/portalurbano\/?s={search_term_string}\"},\"query-input\":\"required name=search_term_string\"}],\"inLanguage\":\"es\"},{\"@type\":\"Organization\",\"@id\":\"https:\/\/experienciadevida.com.ar\/portalurbano\/#organization\",\"name\":\"Portal Urbano\",\"url\":\"https:\/\/experienciadevida.com.ar\/portalurbano\/\",\"logo\":{\"@type\":\"ImageObject\",\"inLanguage\":\"es\",\"@id\":\"https:\/\/experienciadevida.com.ar\/portalurbano\/#\/schema\/logo\/image\/\",\"url\":\"https:\/\/experienciadevida.com.ar\/portalurbano\/wp-content\/uploads\/2019\/09\/Logo-Original.png\",\"contentUrl\":\"https:\/\/experienciadevida.com.ar\/portalurbano\/wp-content\/uploads\/2019\/09\/Logo-Original.png\",\"width\":2236,\"height\":1216,\"caption\":\"Portal Urbano\"},\"image\":{\"@id\":\"https:\/\/experienciadevida.com.ar\/portalurbano\/#\/schema\/logo\/image\/\"},\"sameAs\":[\"https:\/\/www.facebook.com\/Portal-Urbano-171542830093757\/\",\"https:\/\/twitter.com\/portalurbanook\",\"https:\/\/www.instagram.com\/_portalurbano\/\",\"https:\/\/www.youtube.com\/channel\/UCXhagIfszH8KxFiOok79zbA?view_as=subscriber\"]},{\"@type\":\"Person\",\"@id\":\"https:\/\/experienciadevida.com.ar\/portalurbano\/#\/schema\/person\/02dd326b1c4b056e9cc972486934a3a7\",\"name\":\"admpu17wp\",\"image\":{\"@type\":\"ImageObject\",\"inLanguage\":\"es\",\"@id\":\"https:\/\/experienciadevida.com.ar\/portalurbano\/#\/schema\/person\/image\/\",\"url\":\"https:\/\/secure.gravatar.com\/avatar\/830d4c57adaae6630765e449a6908047?s=96&d=mm&r=g\",\"contentUrl\":\"https:\/\/secure.gravatar.com\/avatar\/830d4c57adaae6630765e449a6908047?s=96&d=mm&r=g\",\"caption\":\"admpu17wp\"}}]}<\/script>\n<!-- \/ Yoast SEO plugin. -->","yoast_head_json":{"title":"\"Hoy estamos inaugurando nuestro espacio f\u00edsico tan a\u00f1orado\"","description":"\"Hoy estamos inaugurando nuestro espacio f\u00edsico tan a\u00f1orado\", as\u00ed lo dijo Liliana Cuenca referente de la Asociaci\u00f3n Civil Animate","robots":{"index":"index","follow":"follow","max-snippet":"max-snippet:-1","max-image-preview":"max-image-preview:large","max-video-preview":"max-video-preview:-1"},"canonical":"https:\/\/experienciadevida.com.ar\/portalurbano\/hoy-estamos-inaugurando-nuestro-espacio-fisico-tan-anorado\/","og_locale":"es_ES","og_type":"article","og_title":"\"Hoy estamos inaugurando nuestro espacio f\u00edsico tan a\u00f1orado\"","og_description":"\"Hoy estamos inaugurando nuestro espacio f\u00edsico tan a\u00f1orado\", as\u00ed lo dijo Liliana Cuenca referente de la Asociaci\u00f3n Civil Animate","og_url":"https:\/\/experienciadevida.com.ar\/portalurbano\/hoy-estamos-inaugurando-nuestro-espacio-fisico-tan-anorado\/","article_publisher":"https:\/\/www.facebook.com\/Portal-Urbano-171542830093757\/","article_published_time":"2022-08-20T02:18:14+00:00","article_modified_time":"2022-08-20T04:16:32+00:00","og_image":[{"width":765,"height":510,"url":"https:\/\/experienciadevida.com.ar\/portalurbano\/wp-content\/uploads\/2022\/08\/Hoy-estamos-inaugurando-nuestro.jpg","type":"image\/jpeg"}],"author":"admpu17wp","twitter_card":"summary_large_image","twitter_creator":"@portalurbanook","twitter_site":"@portalurbanook","twitter_misc":{"Escrito por":"admpu17wp","Tiempo de lectura":"6 minutos"},"schema":{"@context":"https:\/\/schema.org","@graph":[{"@type":"Article","@id":"https:\/\/experienciadevida.com.ar\/portalurbano\/hoy-estamos-inaugurando-nuestro-espacio-fisico-tan-anorado\/#article","isPartOf":{"@id":"https:\/\/experienciadevida.com.ar\/portalurbano\/hoy-estamos-inaugurando-nuestro-espacio-fisico-tan-anorado\/"},"author":{"name":"admpu17wp","@id":"https:\/\/experienciadevida.com.ar\/portalurbano\/#\/schema\/person\/02dd326b1c4b056e9cc972486934a3a7"},"headline":"&#8220;Hoy estamos inaugurando nuestro espacio f\u00edsico tan a\u00f1orado&#8221;","datePublished":"2022-08-20T02:18:14+00:00","dateModified":"2022-08-20T04:16:32+00:00","mainEntityOfPage":{"@id":"https:\/\/experienciadevida.com.ar\/portalurbano\/hoy-estamos-inaugurando-nuestro-espacio-fisico-tan-anorado\/"},"wordCount":900,"publisher":{"@id":"https:\/\/experienciadevida.com.ar\/portalurbano\/#organization"},"articleSection":["Ciudad","Destacadas 2"],"inLanguage":"es"},{"@type":"WebPage","@id":"https:\/\/experienciadevida.com.ar\/portalurbano\/hoy-estamos-inaugurando-nuestro-espacio-fisico-tan-anorado\/","url":"https:\/\/experienciadevida.com.ar\/portalurbano\/hoy-estamos-inaugurando-nuestro-espacio-fisico-tan-anorado\/","name":"\"Hoy estamos inaugurando nuestro espacio f\u00edsico tan a\u00f1orado\"","isPartOf":{"@id":"https:\/\/experienciadevida.com.ar\/portalurbano\/#website"},"datePublished":"2022-08-20T02:18:14+00:00","dateModified":"2022-08-20T04:16:32+00:00","description":"\"Hoy estamos inaugurando nuestro espacio f\u00edsico tan a\u00f1orado\", as\u00ed lo dijo Liliana Cuenca referente de la Asociaci\u00f3n Civil Animate","breadcrumb":{"@id":"https:\/\/experienciadevida.com.ar\/portalurbano\/hoy-estamos-inaugurando-nuestro-espacio-fisico-tan-anorado\/#breadcrumb"},"inLanguage":"es","potentialAction":[{"@type":"ReadAction","target":["https:\/\/experienciadevida.com.ar\/portalurbano\/hoy-estamos-inaugurando-nuestro-espacio-fisico-tan-anorado\/"]}]},{"@type":"BreadcrumbList","@id":"https:\/\/experienciadevida.com.ar\/portalurbano\/hoy-estamos-inaugurando-nuestro-espacio-fisico-tan-anorado\/#breadcrumb","itemListElement":[{"@type":"ListItem","position":1,"name":"Portada","item":"https:\/\/experienciadevida.com.ar\/portalurbano\/"},{"@type":"ListItem","position":2,"name":"\u00abHoy estamos inaugurando nuestro espacio f\u00edsico tan a\u00f1orado\u00bb"}]},{"@type":"WebSite","@id":"https:\/\/experienciadevida.com.ar\/portalurbano\/#website","url":"https:\/\/experienciadevida.com.ar\/portalurbano\/","name":"","description":"","publisher":{"@id":"https:\/\/experienciadevida.com.ar\/portalurbano\/#organization"},"potentialAction":[{"@type":"SearchAction","target":{"@type":"EntryPoint","urlTemplate":"https:\/\/experienciadevida.com.ar\/portalurbano\/?s={search_term_string}"},"query-input":"required name=search_term_string"}],"inLanguage":"es"},{"@type":"Organization","@id":"https:\/\/experienciadevida.com.ar\/portalurbano\/#organization","name":"Portal Urbano","url":"https:\/\/experienciadevida.com.ar\/portalurbano\/","logo":{"@type":"ImageObject","inLanguage":"es","@id":"https:\/\/experienciadevida.com.ar\/portalurbano\/#\/schema\/logo\/image\/","url":"https:\/\/experienciadevida.com.ar\/portalurbano\/wp-content\/uploads\/2019\/09\/Logo-Original.png","contentUrl":"https:\/\/experienciadevida.com.ar\/portalurbano\/wp-content\/uploads\/2019\/09\/Logo-Original.png","width":2236,"height":1216,"caption":"Portal Urbano"},"image":{"@id":"https:\/\/experienciadevida.com.ar\/portalurbano\/#\/schema\/logo\/image\/"},"sameAs":["https:\/\/www.facebook.com\/Portal-Urbano-171542830093757\/","https:\/\/twitter.com\/portalurbanook","https:\/\/www.instagram.com\/_portalurbano\/","https:\/\/www.youtube.com\/channel\/UCXhagIfszH8KxFiOok79zbA?view_as=subscriber"]},{"@type":"Person","@id":"https:\/\/experienciadevida.com.ar\/portalurbano\/#\/schema\/person\/02dd326b1c4b056e9cc972486934a3a7","name":"admpu17wp","image":{"@type":"ImageObject","inLanguage":"es","@id":"https:\/\/experienciadevida.com.ar\/portalurbano\/#\/schema\/person\/image\/","url":"https:\/\/secure.gravatar.com\/avatar\/830d4c57adaae6630765e449a6908047?s=96&d=mm&r=g","contentUrl":"https:\/\/secure.gravatar.com\/avatar\/830d4c57adaae6630765e449a6908047?s=96&d=mm&r=g","caption":"admpu17wp"}}]}},"featured_image_urls":{"full":["https:\/\/experienciadevida.com.ar\/portalurbano\/wp-content\/uploads\/2022\/08\/Hoy-estamos-inaugurando-nuestro.jpg",765,510,false],"thumbnail":["https:\/\/experienciadevida.com.ar\/portalurbano\/wp-content\/uploads\/2022\/08\/Hoy-estamos-inaugurando-nuestro-150x150.jpg",150,150,true],"medium":["https:\/\/experienciadevida.com.ar\/portalurbano\/wp-content\/uploads\/2022\/08\/Hoy-estamos-inaugurando-nuestro-300x200.jpg",300,200,true],"medium_large":["https:\/\/experienciadevida.com.ar\/portalurbano\/wp-content\/uploads\/2022\/08\/Hoy-estamos-inaugurando-nuestro.jpg",640,427,false],"large":["https:\/\/experienciadevida.com.ar\/portalurbano\/wp-content\/uploads\/2022\/08\/Hoy-estamos-inaugurando-nuestro.jpg",640,427,false],"ug_big":["https:\/\/experienciadevida.com.ar\/portalurbano\/wp-content\/uploads\/2022\/08\/Hoy-estamos-inaugurando-nuestro.jpg",765,510,false],"1536x1536":["https:\/\/experienciadevida.com.ar\/portalurbano\/wp-content\/uploads\/2022\/08\/Hoy-estamos-inaugurando-nuestro.jpg",765,510,false],"2048x2048":["https:\/\/experienciadevida.com.ar\/portalurbano\/wp-content\/uploads\/2022\/08\/Hoy-estamos-inaugurando-nuestro.jpg",765,510,false],"newsever-slider-full":["https:\/\/experienciadevida.com.ar\/portalurbano\/wp-content\/uploads\/2022\/08\/Hoy-estamos-inaugurando-nuestro.jpg",765,510,false],"newsever-featured":["https:\/\/experienciadevida.com.ar\/portalurbano\/wp-content\/uploads\/2022\/08\/Hoy-estamos-inaugurando-nuestro.jpg",765,510,false],"newsever-medium":["https:\/\/experienciadevida.com.ar\/portalurbano\/wp-content\/uploads\/2022\/08\/Hoy-estamos-inaugurando-nuestro.jpg",713,475,false],"web-stories-poster-portrait":["https:\/\/experienciadevida.com.ar\/portalurbano\/wp-content\/uploads\/2022\/08\/Hoy-estamos-inaugurando-nuestro-640x510.jpg",640,510,true],"web-stories-publisher-logo":["https:\/\/experienciadevida.com.ar\/portalurbano\/wp-content\/uploads\/2022\/08\/Hoy-estamos-inaugurando-nuestro-96x96.jpg",96,96,true],"web-stories-thumbnail":["https:\/\/experienciadevida.com.ar\/portalurbano\/wp-content\/uploads\/2022\/08\/Hoy-estamos-inaugurando-nuestro-150x100.jpg",150,100,true]},"author_info":{"display_name":"admpu17wp","author_link":"https:\/\/experienciadevida.com.ar\/portalurbano\/author\/admpu17wp\/"},"category_info":"<a href=\"https:\/\/experienciadevida.com.ar\/portalurbano\/category\/ciudad\/\" rel=\"category tag\">Ciudad<\/a> <a href=\"https:\/\/experienciadevida.com.ar\/portalurbano\/category\/destacadas-2\/\" rel=\"category tag\">Destacadas 2<\/a>","tag_info":"Destacadas 2","comment_count":"0","amp_enabled":true,"_links":{"self":[{"href":"https:\/\/experienciadevida.com.ar\/portalurbano\/wp-json\/wp\/v2\/posts\/173704"}],"collection":[{"href":"https:\/\/experienciadevida.com.ar\/portalurbano\/wp-json\/wp\/v2\/posts"}],"about":[{"href":"https:\/\/experienciadevida.com.ar\/portalurbano\/wp-json\/wp\/v2\/types\/post"}],"author":[{"embeddable":true,"href":"https:\/\/experienciadevida.com.ar\/portalurbano\/wp-json\/wp\/v2\/users\/1"}],"replies":[{"embeddable":true,"href":"https:\/\/experienciadevida.com.ar\/portalurbano\/wp-json\/wp\/v2\/comments?post=173704"}],"version-history":[{"count":9,"href":"https:\/\/experienciadevida.com.ar\/portalurbano\/wp-json\/wp\/v2\/posts\/173704\/revisions"}],"predecessor-version":[{"id":173731,"href":"https:\/\/experienciadevida.com.ar\/portalurbano\/wp-json\/wp\/v2\/posts\/173704\/revisions\/173731"}],"wp:featuredmedia":[{"embeddable":true,"href":"https:\/\/experienciadevida.com.ar\/portalurbano\/wp-json\/wp\/v2\/media\/173714"}],"wp:attachment":[{"href":"https:\/\/experienciadevida.com.ar\/portalurbano\/wp-json\/wp\/v2\/media?parent=173704"}],"wp:term":[{"taxonomy":"category","embeddable":true,"href":"https:\/\/experienciadevida.com.ar\/portalurbano\/wp-json\/wp\/v2\/categories?post=173704"},{"taxonomy":"post_tag","embeddable":true,"href":"https:\/\/experienciadevida.com.ar\/portalurbano\/wp-json\/wp\/v2\/tags?post=173704"}],"curies":[{"name":"wp","href":"https:\/\/api.w.org\/{rel}","templated":true}]}}