{"id":173702,"date":"2022-08-19T20:28:41","date_gmt":"2022-08-19T23:28:41","guid":{"rendered":"https:\/\/experienciadevida.com.ar\/portalurbano\/?p=173702"},"modified":"2022-08-19T20:29:12","modified_gmt":"2022-08-19T23:29:12","slug":"desde-la-ucr-destacaron-el-balance-obtenido-de-la-cena","status":"publish","type":"post","link":"https:\/\/experienciadevida.com.ar\/portalurbano\/desde-la-ucr-destacaron-el-balance-obtenido-de-la-cena\/","title":{"rendered":"Desde la UCR destacaron el balance obtenido de la cena"},"content":{"rendered":"<p>Desde la UCR destacaron el balance obtenido de la cena, la velada tuvo lugar el pasado s\u00e1bado 13 de agosto y cont\u00f3 con la presencia de importantes figuras a nivel nacional y provincial.<\/p>\n<p>Desde la Uni\u00f3n C\u00edvica Radical Olavarr\u00eda, destacaron el buen balance obtenido tanto econ\u00f3mico como pol\u00edtico tras la Gran Cena por la Reconstrucci\u00f3n en la que se recaudaron m\u00e1s de medio mill\u00f3n de pesos.<\/p>\n<p>El evento, que tuvo lugar el pasado s\u00e1bado 13 de agosto en el Club Pueblo Nuevo, cont\u00f3 con la presencia de importantes dirigentes a nivel nacional y provincial y vecinos de la ciudad que acompa\u00f1aron el sue\u00f1o de volver al<br \/>\nhist\u00f3rico Comit\u00e9 Radical.<\/p>\n<p>En este sentido, el Presidente de la UCR local, Gonzalo <a href=\"https:\/\/www.instagram.com\/gonzalodolagaray\/\">Dolagaray<\/a>, manifest\u00f3 que &#8220;fue de esas noches que van a quedar en nuestras memorias por la cantidad de afiliados que conf\u00edan en nosotros y colaboraron comprando la<br \/>\ntarjeta, por el gran apoyo que recibimos de nuestras m\u00e1ximas autoridades tanto a nivel nacional como provincial, por la causa que nos convocaba que es la vuelta a nuestra casa y porque todo sali\u00f3 seg\u00fan lo planificado&#8221;.<\/p>\n<p>La concejal Bel\u00e9n <a href=\"https:\/\/www.instagram.com\/belenvergel\/\">Vergel<\/a> declar\u00f3 que &#8220;ha sido una cena excelente. Vecinos, correligionarios, comerciantes y amigos dijeron presente en una gran noche&#8221;. Asimismo, agreg\u00f3 con contundencia que &#8220;esto no es solamente la<br \/>\nreconstrucci\u00f3n del edificio sino el crecimiento de los cimientos de un radicalismo vivo, fuerte, pujante y con un aumento impensado para muchos. Se sinti\u00f3 el calor y el esp\u00edritu de esta fuerza&#8221;.<\/p>\n<p>Por su parte, el edil Sebasti\u00e1n <a href=\"https:\/\/www.instagram.com\/sebastianmatrella\/\">Matrella<\/a> expres\u00f3 que &#8220;la cena colm\u00f3 mis expectativas porque no solo pudo recaudarse dinero para la reconstrucci\u00f3n de nuestro comit\u00e9 sino que tambi\u00e9n sirvi\u00f3 para un gran encuentro con vecinos&#8221;. Adem\u00e1s, a\u00f1adi\u00f3 que &#8220;el acompa\u00f1amiento de la dirigencia del partido, diputados, senadores y hasta nuestro presidente que estuvo presente dan cuenta de la importancia que se le di\u00f3 a esta gran velada&#8221;.<\/p>\n<p>Por \u00faltimo, <a href=\"https:\/\/www.facebook.com\/marialucia.pereira.5\">Luc\u00eda Pereira<\/a>, tesorera del espacio, indic\u00f3 que &#8220;el balance de la cena es realmente positivo. Desde todos los aspectos, pero en cuanto a la recaudaci\u00f3n estamos m\u00e1s que contentos. Haber recibido el apoyo de tantos<br \/>\nafiliados, vecinos y amigos es gratificante y evidencia las ganas de sumarse a la reconstrucci\u00f3n de nuestra casa. En estos momentos en que la situaci\u00f3n econ\u00f3mica condiciona los costos permanentemente, podemos decir que cumplimos con la expectativa que ten\u00edamos&#8221;.<\/p>\n<p>En cuanto al valor final de lo recaudado, explic\u00f3 que fue de $518.000 que ser\u00e1n destinados en su totalidad para el inicio de la siguiente etapa de construcci\u00f3n de la obra.<\/p>\n","protected":false},"excerpt":{"rendered":"<p>Desde la UCR destacaron el balance obtenido de la cena, la velada tuvo lugar el&#8230;<\/p>\n","protected":false},"author":1,"featured_media":173278,"comment_status":"closed","ping_status":"closed","sticky":false,"template":"","format":"standard","meta":{"content-type":""},"categories":[27],"tags":[],"nelio_content":{"isAutoShareEnabled":false,"autoShareEndMode":"default","automationSources":{"useContentSentences":true,"useSocialTemplates":true,"useCustomSentences":false,"customSentences":[]},"followers":[1],"suggestedReferences":[],"includedReferences":["https:\/\/www.instagram.com\/gonzalodolagaray\/","https:\/\/www.instagram.com\/belenvergel\/","https:\/\/www.instagram.com\/sebastianmatrella\/"],"efiUrl":"","efiAlt":"","highlights":[]},"yoast_head":"<!-- This site is optimized with the Yoast SEO plugin v20.7 - https:\/\/yoast.com\/wordpress\/plugins\/seo\/ -->\n<title>Desde la UCR destacaron el balance obtenido de la cena<\/title>\n<meta name=\"description\" content=\"Desde la UCR destacaron el balance obtenido de la cena, la velada tuvo lugar el pasado s\u00e1bado 13 de agosto y cont\u00f3 con la presencia\" \/>\n<meta name=\"robots\" content=\"index, follow, max-snippet:-1, max-image-preview:large, max-video-preview:-1\" \/>\n<link rel=\"canonical\" href=\"https:\/\/experienciadevida.com.ar\/portalurbano\/desde-la-ucr-destacaron-el-balance-obtenido-de-la-cena\/\" \/>\n<meta property=\"og:locale\" content=\"es_ES\" \/>\n<meta property=\"og:type\" content=\"article\" \/>\n<meta property=\"og:title\" content=\"Desde la UCR destacaron el balance obtenido de la cena\" \/>\n<meta property=\"og:description\" content=\"Desde la UCR destacaron el balance obtenido de la cena, la velada tuvo lugar el pasado s\u00e1bado 13 de agosto y cont\u00f3 con la presencia\" \/>\n<meta property=\"og:url\" content=\"https:\/\/experienciadevida.com.ar\/portalurbano\/desde-la-ucr-destacaron-el-balance-obtenido-de-la-cena\/\" \/>\n<meta property=\"article:publisher\" content=\"https:\/\/www.facebook.com\/Portal-Urbano-171542830093757\/\" \/>\n<meta property=\"article:published_time\" content=\"2022-08-19T23:28:41+00:00\" \/>\n<meta property=\"article:modified_time\" content=\"2022-08-19T23:29:12+00:00\" \/>\n<meta property=\"og:image\" content=\"https:\/\/experienciadevida.com.ar\/portalurbano\/wp-content\/uploads\/2022\/08\/Una-cena-de-la.jpg\" \/>\n\t<meta property=\"og:image:width\" content=\"765\" \/>\n\t<meta property=\"og:image:height\" content=\"510\" \/>\n\t<meta property=\"og:image:type\" content=\"image\/jpeg\" \/>\n<meta name=\"author\" content=\"admpu17wp\" \/>\n<meta name=\"twitter:card\" content=\"summary_large_image\" \/>\n<meta name=\"twitter:creator\" content=\"@portalurbanook\" \/>\n<meta name=\"twitter:site\" content=\"@portalurbanook\" \/>\n<meta name=\"twitter:label1\" content=\"Escrito por\" \/>\n\t<meta name=\"twitter:data1\" content=\"admpu17wp\" \/>\n\t<meta name=\"twitter:label2\" content=\"Tiempo de lectura\" \/>\n\t<meta name=\"twitter:data2\" content=\"2 minutos\" \/>\n<script type=\"application\/ld+json\" class=\"yoast-schema-graph\">{\"@context\":\"https:\/\/schema.org\",\"@graph\":[{\"@type\":\"Article\",\"@id\":\"https:\/\/experienciadevida.com.ar\/portalurbano\/desde-la-ucr-destacaron-el-balance-obtenido-de-la-cena\/#article\",\"isPartOf\":{\"@id\":\"https:\/\/experienciadevida.com.ar\/portalurbano\/desde-la-ucr-destacaron-el-balance-obtenido-de-la-cena\/\"},\"author\":{\"name\":\"admpu17wp\",\"@id\":\"https:\/\/experienciadevida.com.ar\/portalurbano\/#\/schema\/person\/02dd326b1c4b056e9cc972486934a3a7\"},\"headline\":\"Desde la UCR destacaron el balance obtenido de la cena\",\"datePublished\":\"2022-08-19T23:28:41+00:00\",\"dateModified\":\"2022-08-19T23:29:12+00:00\",\"mainEntityOfPage\":{\"@id\":\"https:\/\/experienciadevida.com.ar\/portalurbano\/desde-la-ucr-destacaron-el-balance-obtenido-de-la-cena\/\"},\"wordCount\":463,\"publisher\":{\"@id\":\"https:\/\/experienciadevida.com.ar\/portalurbano\/#organization\"},\"articleSection\":[\"Ciudad\"],\"inLanguage\":\"es\"},{\"@type\":\"WebPage\",\"@id\":\"https:\/\/experienciadevida.com.ar\/portalurbano\/desde-la-ucr-destacaron-el-balance-obtenido-de-la-cena\/\",\"url\":\"https:\/\/experienciadevida.com.ar\/portalurbano\/desde-la-ucr-destacaron-el-balance-obtenido-de-la-cena\/\",\"name\":\"Desde la UCR destacaron el balance obtenido de la cena\",\"isPartOf\":{\"@id\":\"https:\/\/experienciadevida.com.ar\/portalurbano\/#website\"},\"datePublished\":\"2022-08-19T23:28:41+00:00\",\"dateModified\":\"2022-08-19T23:29:12+00:00\",\"description\":\"Desde la UCR destacaron el balance obtenido de la cena, la velada tuvo lugar el pasado s\u00e1bado 13 de agosto y cont\u00f3 con la presencia\",\"breadcrumb\":{\"@id\":\"https:\/\/experienciadevida.com.ar\/portalurbano\/desde-la-ucr-destacaron-el-balance-obtenido-de-la-cena\/#breadcrumb\"},\"inLanguage\":\"es\",\"potentialAction\":[{\"@type\":\"ReadAction\",\"target\":[\"https:\/\/experienciadevida.com.ar\/portalurbano\/desde-la-ucr-destacaron-el-balance-obtenido-de-la-cena\/\"]}]},{\"@type\":\"BreadcrumbList\",\"@id\":\"https:\/\/experienciadevida.com.ar\/portalurbano\/desde-la-ucr-destacaron-el-balance-obtenido-de-la-cena\/#breadcrumb\",\"itemListElement\":[{\"@type\":\"ListItem\",\"position\":1,\"name\":\"Portada\",\"item\":\"https:\/\/experienciadevida.com.ar\/portalurbano\/\"},{\"@type\":\"ListItem\",\"position\":2,\"name\":\"Desde la UCR destacaron el balance obtenido de la cena\"}]},{\"@type\":\"WebSite\",\"@id\":\"https:\/\/experienciadevida.com.ar\/portalurbano\/#website\",\"url\":\"https:\/\/experienciadevida.com.ar\/portalurbano\/\",\"name\":\"\",\"description\":\"\",\"publisher\":{\"@id\":\"https:\/\/experienciadevida.com.ar\/portalurbano\/#organization\"},\"potentialAction\":[{\"@type\":\"SearchAction\",\"target\":{\"@type\":\"EntryPoint\",\"urlTemplate\":\"https:\/\/experienciadevida.com.ar\/portalurbano\/?s={search_term_string}\"},\"query-input\":\"required name=search_term_string\"}],\"inLanguage\":\"es\"},{\"@type\":\"Organization\",\"@id\":\"https:\/\/experienciadevida.com.ar\/portalurbano\/#organization\",\"name\":\"Portal Urbano\",\"url\":\"https:\/\/experienciadevida.com.ar\/portalurbano\/\",\"logo\":{\"@type\":\"ImageObject\",\"inLanguage\":\"es\",\"@id\":\"https:\/\/experienciadevida.com.ar\/portalurbano\/#\/schema\/logo\/image\/\",\"url\":\"https:\/\/experienciadevida.com.ar\/portalurbano\/wp-content\/uploads\/2019\/09\/Logo-Original.png\",\"contentUrl\":\"https:\/\/experienciadevida.com.ar\/portalurbano\/wp-content\/uploads\/2019\/09\/Logo-Original.png\",\"width\":2236,\"height\":1216,\"caption\":\"Portal Urbano\"},\"image\":{\"@id\":\"https:\/\/experienciadevida.com.ar\/portalurbano\/#\/schema\/logo\/image\/\"},\"sameAs\":[\"https:\/\/www.facebook.com\/Portal-Urbano-171542830093757\/\",\"https:\/\/twitter.com\/portalurbanook\",\"https:\/\/www.instagram.com\/_portalurbano\/\",\"https:\/\/www.youtube.com\/channel\/UCXhagIfszH8KxFiOok79zbA?view_as=subscriber\"]},{\"@type\":\"Person\",\"@id\":\"https:\/\/experienciadevida.com.ar\/portalurbano\/#\/schema\/person\/02dd326b1c4b056e9cc972486934a3a7\",\"name\":\"admpu17wp\",\"image\":{\"@type\":\"ImageObject\",\"inLanguage\":\"es\",\"@id\":\"https:\/\/experienciadevida.com.ar\/portalurbano\/#\/schema\/person\/image\/\",\"url\":\"https:\/\/secure.gravatar.com\/avatar\/830d4c57adaae6630765e449a6908047?s=96&d=mm&r=g\",\"contentUrl\":\"https:\/\/secure.gravatar.com\/avatar\/830d4c57adaae6630765e449a6908047?s=96&d=mm&r=g\",\"caption\":\"admpu17wp\"}}]}<\/script>\n<!-- \/ Yoast SEO plugin. -->","yoast_head_json":{"title":"Desde la UCR destacaron el balance obtenido de la cena","description":"Desde la UCR destacaron el balance obtenido de la cena, la velada tuvo lugar el pasado s\u00e1bado 13 de agosto y cont\u00f3 con la presencia","robots":{"index":"index","follow":"follow","max-snippet":"max-snippet:-1","max-image-preview":"max-image-preview:large","max-video-preview":"max-video-preview:-1"},"canonical":"https:\/\/experienciadevida.com.ar\/portalurbano\/desde-la-ucr-destacaron-el-balance-obtenido-de-la-cena\/","og_locale":"es_ES","og_type":"article","og_title":"Desde la UCR destacaron el balance obtenido de la cena","og_description":"Desde la UCR destacaron el balance obtenido de la cena, la velada tuvo lugar el pasado s\u00e1bado 13 de agosto y cont\u00f3 con la presencia","og_url":"https:\/\/experienciadevida.com.ar\/portalurbano\/desde-la-ucr-destacaron-el-balance-obtenido-de-la-cena\/","article_publisher":"https:\/\/www.facebook.com\/Portal-Urbano-171542830093757\/","article_published_time":"2022-08-19T23:28:41+00:00","article_modified_time":"2022-08-19T23:29:12+00:00","og_image":[{"width":765,"height":510,"url":"https:\/\/experienciadevida.com.ar\/portalurbano\/wp-content\/uploads\/2022\/08\/Una-cena-de-la.jpg","type":"image\/jpeg"}],"author":"admpu17wp","twitter_card":"summary_large_image","twitter_creator":"@portalurbanook","twitter_site":"@portalurbanook","twitter_misc":{"Escrito por":"admpu17wp","Tiempo de lectura":"2 minutos"},"schema":{"@context":"https:\/\/schema.org","@graph":[{"@type":"Article","@id":"https:\/\/experienciadevida.com.ar\/portalurbano\/desde-la-ucr-destacaron-el-balance-obtenido-de-la-cena\/#article","isPartOf":{"@id":"https:\/\/experienciadevida.com.ar\/portalurbano\/desde-la-ucr-destacaron-el-balance-obtenido-de-la-cena\/"},"author":{"name":"admpu17wp","@id":"https:\/\/experienciadevida.com.ar\/portalurbano\/#\/schema\/person\/02dd326b1c4b056e9cc972486934a3a7"},"headline":"Desde la UCR destacaron el balance obtenido de la cena","datePublished":"2022-08-19T23:28:41+00:00","dateModified":"2022-08-19T23:29:12+00:00","mainEntityOfPage":{"@id":"https:\/\/experienciadevida.com.ar\/portalurbano\/desde-la-ucr-destacaron-el-balance-obtenido-de-la-cena\/"},"wordCount":463,"publisher":{"@id":"https:\/\/experienciadevida.com.ar\/portalurbano\/#organization"},"articleSection":["Ciudad"],"inLanguage":"es"},{"@type":"WebPage","@id":"https:\/\/experienciadevida.com.ar\/portalurbano\/desde-la-ucr-destacaron-el-balance-obtenido-de-la-cena\/","url":"https:\/\/experienciadevida.com.ar\/portalurbano\/desde-la-ucr-destacaron-el-balance-obtenido-de-la-cena\/","name":"Desde la UCR destacaron el balance obtenido de la cena","isPartOf":{"@id":"https:\/\/experienciadevida.com.ar\/portalurbano\/#website"},"datePublished":"2022-08-19T23:28:41+00:00","dateModified":"2022-08-19T23:29:12+00:00","description":"Desde la UCR destacaron el balance obtenido de la cena, la velada tuvo lugar el pasado s\u00e1bado 13 de agosto y cont\u00f3 con la presencia","breadcrumb":{"@id":"https:\/\/experienciadevida.com.ar\/portalurbano\/desde-la-ucr-destacaron-el-balance-obtenido-de-la-cena\/#breadcrumb"},"inLanguage":"es","potentialAction":[{"@type":"ReadAction","target":["https:\/\/experienciadevida.com.ar\/portalurbano\/desde-la-ucr-destacaron-el-balance-obtenido-de-la-cena\/"]}]},{"@type":"BreadcrumbList","@id":"https:\/\/experienciadevida.com.ar\/portalurbano\/desde-la-ucr-destacaron-el-balance-obtenido-de-la-cena\/#breadcrumb","itemListElement":[{"@type":"ListItem","position":1,"name":"Portada","item":"https:\/\/experienciadevida.com.ar\/portalurbano\/"},{"@type":"ListItem","position":2,"name":"Desde la UCR destacaron el balance obtenido de la cena"}]},{"@type":"WebSite","@id":"https:\/\/experienciadevida.com.ar\/portalurbano\/#website","url":"https:\/\/experienciadevida.com.ar\/portalurbano\/","name":"","description":"","publisher":{"@id":"https:\/\/experienciadevida.com.ar\/portalurbano\/#organization"},"potentialAction":[{"@type":"SearchAction","target":{"@type":"EntryPoint","urlTemplate":"https:\/\/experienciadevida.com.ar\/portalurbano\/?s={search_term_string}"},"query-input":"required name=search_term_string"}],"inLanguage":"es"},{"@type":"Organization","@id":"https:\/\/experienciadevida.com.ar\/portalurbano\/#organization","name":"Portal Urbano","url":"https:\/\/experienciadevida.com.ar\/portalurbano\/","logo":{"@type":"ImageObject","inLanguage":"es","@id":"https:\/\/experienciadevida.com.ar\/portalurbano\/#\/schema\/logo\/image\/","url":"https:\/\/experienciadevida.com.ar\/portalurbano\/wp-content\/uploads\/2019\/09\/Logo-Original.png","contentUrl":"https:\/\/experienciadevida.com.ar\/portalurbano\/wp-content\/uploads\/2019\/09\/Logo-Original.png","width":2236,"height":1216,"caption":"Portal Urbano"},"image":{"@id":"https:\/\/experienciadevida.com.ar\/portalurbano\/#\/schema\/logo\/image\/"},"sameAs":["https:\/\/www.facebook.com\/Portal-Urbano-171542830093757\/","https:\/\/twitter.com\/portalurbanook","https:\/\/www.instagram.com\/_portalurbano\/","https:\/\/www.youtube.com\/channel\/UCXhagIfszH8KxFiOok79zbA?view_as=subscriber"]},{"@type":"Person","@id":"https:\/\/experienciadevida.com.ar\/portalurbano\/#\/schema\/person\/02dd326b1c4b056e9cc972486934a3a7","name":"admpu17wp","image":{"@type":"ImageObject","inLanguage":"es","@id":"https:\/\/experienciadevida.com.ar\/portalurbano\/#\/schema\/person\/image\/","url":"https:\/\/secure.gravatar.com\/avatar\/830d4c57adaae6630765e449a6908047?s=96&d=mm&r=g","contentUrl":"https:\/\/secure.gravatar.com\/avatar\/830d4c57adaae6630765e449a6908047?s=96&d=mm&r=g","caption":"admpu17wp"}}]}},"featured_image_urls":{"full":["https:\/\/experienciadevida.com.ar\/portalurbano\/wp-content\/uploads\/2022\/08\/Una-cena-de-la.jpg",765,510,false],"thumbnail":["https:\/\/experienciadevida.com.ar\/portalurbano\/wp-content\/uploads\/2022\/08\/Una-cena-de-la-150x150.jpg",150,150,true],"medium":["https:\/\/experienciadevida.com.ar\/portalurbano\/wp-content\/uploads\/2022\/08\/Una-cena-de-la-300x200.jpg",300,200,true],"medium_large":["https:\/\/experienciadevida.com.ar\/portalurbano\/wp-content\/uploads\/2022\/08\/Una-cena-de-la.jpg",640,427,false],"large":["https:\/\/experienciadevida.com.ar\/portalurbano\/wp-content\/uploads\/2022\/08\/Una-cena-de-la.jpg",640,427,false],"ug_big":["https:\/\/experienciadevida.com.ar\/portalurbano\/wp-content\/uploads\/2022\/08\/Una-cena-de-la.jpg",765,510,false],"1536x1536":["https:\/\/experienciadevida.com.ar\/portalurbano\/wp-content\/uploads\/2022\/08\/Una-cena-de-la.jpg",765,510,false],"2048x2048":["https:\/\/experienciadevida.com.ar\/portalurbano\/wp-content\/uploads\/2022\/08\/Una-cena-de-la.jpg",765,510,false],"newsever-slider-full":["https:\/\/experienciadevida.com.ar\/portalurbano\/wp-content\/uploads\/2022\/08\/Una-cena-de-la.jpg",765,510,false],"newsever-featured":["https:\/\/experienciadevida.com.ar\/portalurbano\/wp-content\/uploads\/2022\/08\/Una-cena-de-la.jpg",765,510,false],"newsever-medium":["https:\/\/experienciadevida.com.ar\/portalurbano\/wp-content\/uploads\/2022\/08\/Una-cena-de-la.jpg",713,475,false],"web-stories-poster-portrait":["https:\/\/experienciadevida.com.ar\/portalurbano\/wp-content\/uploads\/2022\/08\/Una-cena-de-la-640x510.jpg",640,510,true],"web-stories-publisher-logo":["https:\/\/experienciadevida.com.ar\/portalurbano\/wp-content\/uploads\/2022\/08\/Una-cena-de-la-96x96.jpg",96,96,true],"web-stories-thumbnail":["https:\/\/experienciadevida.com.ar\/portalurbano\/wp-content\/uploads\/2022\/08\/Una-cena-de-la-150x100.jpg",150,100,true]},"author_info":{"display_name":"admpu17wp","author_link":"https:\/\/experienciadevida.com.ar\/portalurbano\/author\/admpu17wp\/"},"category_info":"<a href=\"https:\/\/experienciadevida.com.ar\/portalurbano\/category\/ciudad\/\" rel=\"category tag\">Ciudad<\/a>","tag_info":"Ciudad","comment_count":"0","amp_enabled":true,"_links":{"self":[{"href":"https:\/\/experienciadevida.com.ar\/portalurbano\/wp-json\/wp\/v2\/posts\/173702"}],"collection":[{"href":"https:\/\/experienciadevida.com.ar\/portalurbano\/wp-json\/wp\/v2\/posts"}],"about":[{"href":"https:\/\/experienciadevida.com.ar\/portalurbano\/wp-json\/wp\/v2\/types\/post"}],"author":[{"embeddable":true,"href":"https:\/\/experienciadevida.com.ar\/portalurbano\/wp-json\/wp\/v2\/users\/1"}],"replies":[{"embeddable":true,"href":"https:\/\/experienciadevida.com.ar\/portalurbano\/wp-json\/wp\/v2\/comments?post=173702"}],"version-history":[{"count":1,"href":"https:\/\/experienciadevida.com.ar\/portalurbano\/wp-json\/wp\/v2\/posts\/173702\/revisions"}],"predecessor-version":[{"id":173703,"href":"https:\/\/experienciadevida.com.ar\/portalurbano\/wp-json\/wp\/v2\/posts\/173702\/revisions\/173703"}],"wp:featuredmedia":[{"embeddable":true,"href":"https:\/\/experienciadevida.com.ar\/portalurbano\/wp-json\/wp\/v2\/media\/173278"}],"wp:attachment":[{"href":"https:\/\/experienciadevida.com.ar\/portalurbano\/wp-json\/wp\/v2\/media?parent=173702"}],"wp:term":[{"taxonomy":"category","embeddable":true,"href":"https:\/\/experienciadevida.com.ar\/portalurbano\/wp-json\/wp\/v2\/categories?post=173702"},{"taxonomy":"post_tag","embeddable":true,"href":"https:\/\/experienciadevida.com.ar\/portalurbano\/wp-json\/wp\/v2\/tags?post=173702"}],"curies":[{"name":"wp","href":"https:\/\/api.w.org\/{rel}","templated":true}]}}