{"id":173684,"date":"2022-08-19T20:05:45","date_gmt":"2022-08-19T23:05:45","guid":{"rendered":"https:\/\/experienciadevida.com.ar\/portalurbano\/?p=173684"},"modified":"2022-08-19T20:14:08","modified_gmt":"2022-08-19T23:14:08","slug":"vamos-a-seguir-invirtiendo-en-infraestructura-educativa-porque-educacion-e-infraestructura-van-de-la-mano","status":"publish","type":"post","link":"https:\/\/experienciadevida.com.ar\/portalurbano\/vamos-a-seguir-invirtiendo-en-infraestructura-educativa-porque-educacion-e-infraestructura-van-de-la-mano\/","title":{"rendered":"\u201cVamos a seguir invirtiendo en infraestructura educativa porque educaci\u00f3n e infraestructura van de la mano\u201d."},"content":{"rendered":"<p>\u201cVamos a seguir invirtiendo en infraestructura educativa porque educaci\u00f3n e infraestructura van de la mano\u201d, el recuerdo perenne del \u201cGato\u201d Landoni, vivencias compartidas en el coraz\u00f3n del barrio CECO y un sentido orgullo de pertenencia, junto a un clima soleado y apacible, dieron marco a un conmovedor acto; en el que qued\u00f3 formalmente re-inaugurado el CEF N\u00ba 44, que funciona en el Gimnasio 19 de Febrero.<\/p>\n<p><a href=\"https:\/\/experienciadevida.com.ar\/portalurbano\/vamos-a-seguir-invirtiendo-en-infraestructura-educativa-porque-educacion-e-infraestructura-van-de-la-mano\/vamos-3\/\" rel=\"attachment wp-att-173688\"><img decoding=\"async\" class=\"alignnone size-full wp-image-173688\" src=\"https:\/\/experienciadevida.com.ar\/portalurbano\/wp-content\/uploads\/2022\/08\/Vamos.jpg\" alt=\"Vamos \" width=\"765\" height=\"510\" srcset=\"https:\/\/experienciadevida.com.ar\/portalurbano\/wp-content\/uploads\/2022\/08\/Vamos.jpg 765w, https:\/\/experienciadevida.com.ar\/portalurbano\/wp-content\/uploads\/2022\/08\/Vamos-300x200.jpg 300w, https:\/\/experienciadevida.com.ar\/portalurbano\/wp-content\/uploads\/2022\/08\/Vamos-150x100.jpg 150w\" sizes=\"(max-width: 765px) 100vw, 765px\" \/><\/a><\/p>\n<p>El intendente <a href=\"https:\/\/www.instagram.com\/galliezequiel\/\">Ezequiel Galli<\/a> encabez\u00f3 el evento, acompa\u00f1ado por funcionarios municipales, autoridades del \u00e1mbito educativo y legislativo, vecinos y vecinas que quisieron compartir este momento especial.<\/p>\n<p>\u201cQu\u00e9 cantidad de olavarrienses que hemos pasado por el CEF N\u00b044. Algo que so\u00f1\u00f3 el \u201cGato\u201d Landoni y que pudimos hoy destinar fondos del fondo educativo y tomar la decisi\u00f3n de hacer una obra en este CEF N\u00b0 44 que nuclea y acobija a tantos chicos que vienen a hacer actividades, deporte, a formarse y aprender a trabajar en equipo y tantos valores que ense\u00f1a el deporte\u201d, sostuvo el intendente Ezequiel Galli.<\/p>\n<p>Asimismo enumer\u00f3 que \u201cpensaba tambi\u00e9n en las obras que hicimos en el Jard\u00edn 916, en la Escuela 80, la pista de atletismo, el futuro Instituto de Educaci\u00f3n F\u00edsica que ya va tomando forma y se est\u00e1 pareciendo a la imagen del cartel. Tantas obras que se est\u00e1n haciendo en el sector educativo y que brindan igualdad de oportunidades. Para nosotros es un orgullo poder trabajar de esta manera\u201d.<\/p>\n<p>\u201cLo planteamos al inicio de la gesti\u00f3n en 2015, el poder eliminar las letrinas de las instituciones educativas y este es un ejemplo. Ac\u00e1 hab\u00eda letrinas. Ya van a ver lo que son los nuevos ba\u00f1os y vestuarios\u201d, agreg\u00f3.<\/p>\n<p>En este sentido sostuvo que \u201cla mejor forma de inaugurarlo va a ser ma\u00f1ana, con una competencia de gimnasia deportiva de la que van a participar m\u00e1s de 300 atletas no solo de Olavarr\u00eda, sino tambi\u00e9n de la regi\u00f3n. Esa es la mejor inauguraci\u00f3n: que este lugar est\u00e9 colmado de chicos y que tantos profes puedan mostrar lo que ense\u00f1an a sus alumnos\u201d.<\/p>\n<p>\u201cEs una obra magn\u00edfica que planific\u00f3 la Secretar\u00eda de Obras P\u00fablicas y que pudimos llevar adelante en estos \u00faltimos meses para que el CEF N\u00b044 tenga las condiciones que 2300 chicos y profesores que vienen a dar clase todos los d\u00edas se merecen\u201d, dijo.<\/p>\n<p>Finalmente asegur\u00f3 que \u201cvamos a seguir por este camino, vamos a seguir invirtiendo en infraestructura educativa, porque educaci\u00f3n e infraestructura van de la mano y cada uno de los chicos merecen que trabajemos para brindarles las mejores condiciones\u201d.<\/p>\n<p>Adem\u00e1s de la palabra del Intendente, hablaron el vicedirector del CEF Miguel Kuhn y el inspector de Educaci\u00f3n F\u00edsica Mauricio Eyarth.<\/p>\n<p><a href=\"https:\/\/experienciadevida.com.ar\/portalurbano\/vamos-a-seguir-invirtiendo-en-infraestructura-educativa-porque-educacion-e-infraestructura-van-de-la-mano\/a-15\/\" rel=\"attachment wp-att-173689\"><img decoding=\"async\" class=\"alignnone size-full wp-image-173689\" src=\"https:\/\/experienciadevida.com.ar\/portalurbano\/wp-content\/uploads\/2022\/08\/a-1.jpg\" alt=\"a\" width=\"765\" height=\"510\" srcset=\"https:\/\/experienciadevida.com.ar\/portalurbano\/wp-content\/uploads\/2022\/08\/a-1.jpg 765w, https:\/\/experienciadevida.com.ar\/portalurbano\/wp-content\/uploads\/2022\/08\/a-1-300x200.jpg 300w, https:\/\/experienciadevida.com.ar\/portalurbano\/wp-content\/uploads\/2022\/08\/a-1-150x100.jpg 150w\" sizes=\"(max-width: 765px) 100vw, 765px\" \/><\/a><\/p>\n<p>Fueron ellos, junto tambi\u00e9n al presidente del Consejo Escolar Bruno Di Carlo, quienes cortaron la cinta e invitaron a todos los presentes a una recorrida por las instalaciones.<\/p>\n<p>Detalles t\u00e9cnicos<\/p>\n<p>El Gimnasio \u201c19 de Febrero\u201d fue protagonista de un importante proyecto de reforma, que comprendieron: ampliaci\u00f3n y refacci\u00f3n completa de ba\u00f1os y vestuarios \u2013 que se encontraban en malas condiciones y eran escasos para la cantidad de gente que frecuenta el lugar \u2013, cierre de un sector de planta alta para gimnasia art\u00edstica, ejecuci\u00f3n de un nuevo volumen donde se desarrollar\u00e1 la secretar\u00eda y semi-cubierto de canchas de tejo.<\/p>\n<p>La obra incluy\u00f3 asimismo una nueva instalaci\u00f3n el\u00e9ctrica de iluminaci\u00f3n y tomas en los sectores intervenidos y secretar\u00eda, la divisi\u00f3n de un espacio mediante tabique de Durlock en el lugar destinado a dep\u00f3sitos y trabajos de pintura en el nuevo volumen a ejecutar, en ba\u00f1os, vestuarios y sector de tejo, intervenci\u00f3n de instalaci\u00f3n sanitaria e instalaci\u00f3n de gas.<\/p>\n<p>Finalmente se efectuaron trabajos de colocaci\u00f3n de Durlock en paredes y cielorrasos, instalaci\u00f3n y pulido de pisos, iluminaci\u00f3n, ventanas, artefactos sanitarios y accesorios.<\/p>\n<p>La obra estuvo a cargo de la empresa adjudicataria de la licitaci\u00f3n: Espacio R2 S.A. por un monto de $13.797.816, 25, con recursos provenientes del Fondo Educativo, que fueron asignados para la remodelaci\u00f3n del CEF N\u00ba 44.<\/p>\n<p>El Plan de Infraestructura Educativa \u2013que impulsa la gesti\u00f3n del intendente Ezequiel Galli- constituye una de las pol\u00edticas centrales, con la finalidad de mejorar las condiciones edilicias de diferentes establecimientos del Partido de Olavarr\u00eda.<\/p>\n<p>La educaci\u00f3n y el deporte, forman parte de las pol\u00edticas a largo plazo, y tienen un rol central en la formaci\u00f3n de j\u00f3venes, como es el caso del CEF N\u00ba 44, que es una instituci\u00f3n modelo.<\/p>\n<p><span style=\"color: #000080;\">Las im\u00e1genes:<\/span><\/p>\n<p><a href=\"https:\/\/experienciadevida.com.ar\/portalurbano\/vamos-a-seguir-invirtiendo-en-infraestructura-educativa-porque-educacion-e-infraestructura-van-de-la-mano\/seguir-2\/\" rel=\"attachment wp-att-173690\"><img decoding=\"async\" class=\"alignnone size-full wp-image-173690\" src=\"https:\/\/experienciadevida.com.ar\/portalurbano\/wp-content\/uploads\/2022\/08\/seguir.jpg\" alt=\"seguir \" width=\"765\" height=\"510\" srcset=\"https:\/\/experienciadevida.com.ar\/portalurbano\/wp-content\/uploads\/2022\/08\/seguir.jpg 765w, https:\/\/experienciadevida.com.ar\/portalurbano\/wp-content\/uploads\/2022\/08\/seguir-300x200.jpg 300w, https:\/\/experienciadevida.com.ar\/portalurbano\/wp-content\/uploads\/2022\/08\/seguir-150x100.jpg 150w\" sizes=\"(max-width: 765px) 100vw, 765px\" \/><\/a><\/p>\n<p><a href=\"https:\/\/experienciadevida.com.ar\/portalurbano\/vamos-a-seguir-invirtiendo-en-infraestructura-educativa-porque-educacion-e-infraestructura-van-de-la-mano\/invirtiendo\/\" rel=\"attachment wp-att-173691\"><img decoding=\"async\" class=\"alignnone size-full wp-image-173691\" src=\"https:\/\/experienciadevida.com.ar\/portalurbano\/wp-content\/uploads\/2022\/08\/invirtiendo.jpg\" alt=\"invirtiendo \" width=\"765\" height=\"510\" srcset=\"https:\/\/experienciadevida.com.ar\/portalurbano\/wp-content\/uploads\/2022\/08\/invirtiendo.jpg 765w, https:\/\/experienciadevida.com.ar\/portalurbano\/wp-content\/uploads\/2022\/08\/invirtiendo-300x200.jpg 300w, https:\/\/experienciadevida.com.ar\/portalurbano\/wp-content\/uploads\/2022\/08\/invirtiendo-150x100.jpg 150w\" sizes=\"(max-width: 765px) 100vw, 765px\" \/><\/a><\/p>\n<p><a href=\"https:\/\/experienciadevida.com.ar\/portalurbano\/vamos-a-seguir-invirtiendo-en-infraestructura-educativa-porque-educacion-e-infraestructura-van-de-la-mano\/dsc_0102\/\" rel=\"attachment wp-att-173692\"><img decoding=\"async\" class=\"alignnone size-full wp-image-173692\" src=\"https:\/\/experienciadevida.com.ar\/portalurbano\/wp-content\/uploads\/2022\/08\/DSC_0102.jpg\" alt=\"\" width=\"765\" height=\"510\" srcset=\"https:\/\/experienciadevida.com.ar\/portalurbano\/wp-content\/uploads\/2022\/08\/DSC_0102.jpg 765w, https:\/\/experienciadevida.com.ar\/portalurbano\/wp-content\/uploads\/2022\/08\/DSC_0102-300x200.jpg 300w, https:\/\/experienciadevida.com.ar\/portalurbano\/wp-content\/uploads\/2022\/08\/DSC_0102-150x100.jpg 150w\" sizes=\"(max-width: 765px) 100vw, 765px\" \/><\/a><\/p>\n<p><a href=\"https:\/\/experienciadevida.com.ar\/portalurbano\/vamos-a-seguir-invirtiendo-en-infraestructura-educativa-porque-educacion-e-infraestructura-van-de-la-mano\/dsc_0097\/\" rel=\"attachment wp-att-173693\"><img decoding=\"async\" class=\"alignnone size-full wp-image-173693\" src=\"https:\/\/experienciadevida.com.ar\/portalurbano\/wp-content\/uploads\/2022\/08\/DSC_0097.jpg\" alt=\"\" width=\"765\" height=\"510\" srcset=\"https:\/\/experienciadevida.com.ar\/portalurbano\/wp-content\/uploads\/2022\/08\/DSC_0097.jpg 765w, https:\/\/experienciadevida.com.ar\/portalurbano\/wp-content\/uploads\/2022\/08\/DSC_0097-300x200.jpg 300w, https:\/\/experienciadevida.com.ar\/portalurbano\/wp-content\/uploads\/2022\/08\/DSC_0097-150x100.jpg 150w\" sizes=\"(max-width: 765px) 100vw, 765px\" \/><\/a><\/p>\n","protected":false},"excerpt":{"rendered":"<p>\u201cVamos a seguir invirtiendo en infraestructura educativa porque educaci\u00f3n e infraestructura van de la mano\u201d,&#8230;<\/p>\n","protected":false},"author":1,"featured_media":173685,"comment_status":"closed","ping_status":"closed","sticky":false,"template":"","format":"standard","meta":{"content-type":""},"categories":[27,51],"tags":[],"nelio_content":{"isAutoShareEnabled":false,"autoShareEndMode":"default","automationSources":{"useContentSentences":true,"useSocialTemplates":true,"useCustomSentences":false,"customSentences":[]},"followers":[1],"suggestedReferences":[],"includedReferences":[],"efiUrl":"","efiAlt":"","highlights":[]},"yoast_head":"<!-- This site is optimized with the Yoast SEO plugin v20.7 - https:\/\/yoast.com\/wordpress\/plugins\/seo\/ -->\n<title>&quot;Vamos a seguir invirtiendo en infraestructura educativa&quot;<\/title>\n<meta name=\"description\" content=\"\u201cVamos a seguir invirtiendo en infraestructura educativa porque educaci\u00f3n e infraestructura van de la mano\u201d, el recuerdo del gato\" \/>\n<meta name=\"robots\" content=\"index, follow, max-snippet:-1, max-image-preview:large, max-video-preview:-1\" \/>\n<link rel=\"canonical\" href=\"https:\/\/experienciadevida.com.ar\/portalurbano\/vamos-a-seguir-invirtiendo-en-infraestructura-educativa-porque-educacion-e-infraestructura-van-de-la-mano\/\" \/>\n<meta property=\"og:locale\" content=\"es_ES\" \/>\n<meta property=\"og:type\" content=\"article\" \/>\n<meta property=\"og:title\" content=\"&quot;Vamos a seguir invirtiendo en infraestructura educativa&quot;\" \/>\n<meta property=\"og:description\" content=\"\u201cVamos a seguir invirtiendo en infraestructura educativa porque educaci\u00f3n e infraestructura van de la mano\u201d, el recuerdo del gato\" \/>\n<meta property=\"og:url\" content=\"https:\/\/experienciadevida.com.ar\/portalurbano\/vamos-a-seguir-invirtiendo-en-infraestructura-educativa-porque-educacion-e-infraestructura-van-de-la-mano\/\" \/>\n<meta property=\"article:publisher\" content=\"https:\/\/www.facebook.com\/Portal-Urbano-171542830093757\/\" \/>\n<meta property=\"article:published_time\" content=\"2022-08-19T23:05:45+00:00\" \/>\n<meta property=\"article:modified_time\" content=\"2022-08-19T23:14:08+00:00\" \/>\n<meta property=\"og:image\" content=\"https:\/\/experienciadevida.com.ar\/portalurbano\/wp-content\/uploads\/2022\/08\/Vamos-a-seguir-invirtiendo.jpg\" \/>\n\t<meta property=\"og:image:width\" content=\"765\" \/>\n\t<meta property=\"og:image:height\" content=\"510\" \/>\n\t<meta property=\"og:image:type\" content=\"image\/jpeg\" \/>\n<meta name=\"author\" content=\"admpu17wp\" \/>\n<meta name=\"twitter:card\" content=\"summary_large_image\" \/>\n<meta name=\"twitter:creator\" content=\"@portalurbanook\" \/>\n<meta name=\"twitter:site\" content=\"@portalurbanook\" \/>\n<meta name=\"twitter:label1\" content=\"Escrito por\" \/>\n\t<meta name=\"twitter:data1\" content=\"admpu17wp\" \/>\n\t<meta name=\"twitter:label2\" content=\"Tiempo de lectura\" \/>\n\t<meta name=\"twitter:data2\" content=\"5 minutos\" \/>\n<script type=\"application\/ld+json\" class=\"yoast-schema-graph\">{\"@context\":\"https:\/\/schema.org\",\"@graph\":[{\"@type\":\"Article\",\"@id\":\"https:\/\/experienciadevida.com.ar\/portalurbano\/vamos-a-seguir-invirtiendo-en-infraestructura-educativa-porque-educacion-e-infraestructura-van-de-la-mano\/#article\",\"isPartOf\":{\"@id\":\"https:\/\/experienciadevida.com.ar\/portalurbano\/vamos-a-seguir-invirtiendo-en-infraestructura-educativa-porque-educacion-e-infraestructura-van-de-la-mano\/\"},\"author\":{\"name\":\"admpu17wp\",\"@id\":\"https:\/\/experienciadevida.com.ar\/portalurbano\/#\/schema\/person\/02dd326b1c4b056e9cc972486934a3a7\"},\"headline\":\"\u201cVamos a seguir invirtiendo en infraestructura educativa porque educaci\u00f3n e infraestructura van de la mano\u201d.\",\"datePublished\":\"2022-08-19T23:05:45+00:00\",\"dateModified\":\"2022-08-19T23:14:08+00:00\",\"mainEntityOfPage\":{\"@id\":\"https:\/\/experienciadevida.com.ar\/portalurbano\/vamos-a-seguir-invirtiendo-en-infraestructura-educativa-porque-educacion-e-infraestructura-van-de-la-mano\/\"},\"wordCount\":788,\"publisher\":{\"@id\":\"https:\/\/experienciadevida.com.ar\/portalurbano\/#organization\"},\"articleSection\":[\"Ciudad\",\"Destacadas\"],\"inLanguage\":\"es\"},{\"@type\":\"WebPage\",\"@id\":\"https:\/\/experienciadevida.com.ar\/portalurbano\/vamos-a-seguir-invirtiendo-en-infraestructura-educativa-porque-educacion-e-infraestructura-van-de-la-mano\/\",\"url\":\"https:\/\/experienciadevida.com.ar\/portalurbano\/vamos-a-seguir-invirtiendo-en-infraestructura-educativa-porque-educacion-e-infraestructura-van-de-la-mano\/\",\"name\":\"\\\"Vamos a seguir invirtiendo en infraestructura educativa\\\"\",\"isPartOf\":{\"@id\":\"https:\/\/experienciadevida.com.ar\/portalurbano\/#website\"},\"datePublished\":\"2022-08-19T23:05:45+00:00\",\"dateModified\":\"2022-08-19T23:14:08+00:00\",\"description\":\"\u201cVamos a seguir invirtiendo en infraestructura educativa porque educaci\u00f3n e infraestructura van de la mano\u201d, el recuerdo del gato\",\"breadcrumb\":{\"@id\":\"https:\/\/experienciadevida.com.ar\/portalurbano\/vamos-a-seguir-invirtiendo-en-infraestructura-educativa-porque-educacion-e-infraestructura-van-de-la-mano\/#breadcrumb\"},\"inLanguage\":\"es\",\"potentialAction\":[{\"@type\":\"ReadAction\",\"target\":[\"https:\/\/experienciadevida.com.ar\/portalurbano\/vamos-a-seguir-invirtiendo-en-infraestructura-educativa-porque-educacion-e-infraestructura-van-de-la-mano\/\"]}]},{\"@type\":\"BreadcrumbList\",\"@id\":\"https:\/\/experienciadevida.com.ar\/portalurbano\/vamos-a-seguir-invirtiendo-en-infraestructura-educativa-porque-educacion-e-infraestructura-van-de-la-mano\/#breadcrumb\",\"itemListElement\":[{\"@type\":\"ListItem\",\"position\":1,\"name\":\"Portada\",\"item\":\"https:\/\/experienciadevida.com.ar\/portalurbano\/\"},{\"@type\":\"ListItem\",\"position\":2,\"name\":\"\u201cVamos a seguir invirtiendo en infraestructura educativa porque educaci\u00f3n e infraestructura van de la mano\u201d.\"}]},{\"@type\":\"WebSite\",\"@id\":\"https:\/\/experienciadevida.com.ar\/portalurbano\/#website\",\"url\":\"https:\/\/experienciadevida.com.ar\/portalurbano\/\",\"name\":\"\",\"description\":\"\",\"publisher\":{\"@id\":\"https:\/\/experienciadevida.com.ar\/portalurbano\/#organization\"},\"potentialAction\":[{\"@type\":\"SearchAction\",\"target\":{\"@type\":\"EntryPoint\",\"urlTemplate\":\"https:\/\/experienciadevida.com.ar\/portalurbano\/?s={search_term_string}\"},\"query-input\":\"required name=search_term_string\"}],\"inLanguage\":\"es\"},{\"@type\":\"Organization\",\"@id\":\"https:\/\/experienciadevida.com.ar\/portalurbano\/#organization\",\"name\":\"Portal Urbano\",\"url\":\"https:\/\/experienciadevida.com.ar\/portalurbano\/\",\"logo\":{\"@type\":\"ImageObject\",\"inLanguage\":\"es\",\"@id\":\"https:\/\/experienciadevida.com.ar\/portalurbano\/#\/schema\/logo\/image\/\",\"url\":\"https:\/\/experienciadevida.com.ar\/portalurbano\/wp-content\/uploads\/2019\/09\/Logo-Original.png\",\"contentUrl\":\"https:\/\/experienciadevida.com.ar\/portalurbano\/wp-content\/uploads\/2019\/09\/Logo-Original.png\",\"width\":2236,\"height\":1216,\"caption\":\"Portal Urbano\"},\"image\":{\"@id\":\"https:\/\/experienciadevida.com.ar\/portalurbano\/#\/schema\/logo\/image\/\"},\"sameAs\":[\"https:\/\/www.facebook.com\/Portal-Urbano-171542830093757\/\",\"https:\/\/twitter.com\/portalurbanook\",\"https:\/\/www.instagram.com\/_portalurbano\/\",\"https:\/\/www.youtube.com\/channel\/UCXhagIfszH8KxFiOok79zbA?view_as=subscriber\"]},{\"@type\":\"Person\",\"@id\":\"https:\/\/experienciadevida.com.ar\/portalurbano\/#\/schema\/person\/02dd326b1c4b056e9cc972486934a3a7\",\"name\":\"admpu17wp\",\"image\":{\"@type\":\"ImageObject\",\"inLanguage\":\"es\",\"@id\":\"https:\/\/experienciadevida.com.ar\/portalurbano\/#\/schema\/person\/image\/\",\"url\":\"https:\/\/secure.gravatar.com\/avatar\/830d4c57adaae6630765e449a6908047?s=96&d=mm&r=g\",\"contentUrl\":\"https:\/\/secure.gravatar.com\/avatar\/830d4c57adaae6630765e449a6908047?s=96&d=mm&r=g\",\"caption\":\"admpu17wp\"}}]}<\/script>\n<!-- \/ Yoast SEO plugin. -->","yoast_head_json":{"title":"\"Vamos a seguir invirtiendo en infraestructura educativa\"","description":"\u201cVamos a seguir invirtiendo en infraestructura educativa porque educaci\u00f3n e infraestructura van de la mano\u201d, el recuerdo del gato","robots":{"index":"index","follow":"follow","max-snippet":"max-snippet:-1","max-image-preview":"max-image-preview:large","max-video-preview":"max-video-preview:-1"},"canonical":"https:\/\/experienciadevida.com.ar\/portalurbano\/vamos-a-seguir-invirtiendo-en-infraestructura-educativa-porque-educacion-e-infraestructura-van-de-la-mano\/","og_locale":"es_ES","og_type":"article","og_title":"\"Vamos a seguir invirtiendo en infraestructura educativa\"","og_description":"\u201cVamos a seguir invirtiendo en infraestructura educativa porque educaci\u00f3n e infraestructura van de la mano\u201d, el recuerdo del gato","og_url":"https:\/\/experienciadevida.com.ar\/portalurbano\/vamos-a-seguir-invirtiendo-en-infraestructura-educativa-porque-educacion-e-infraestructura-van-de-la-mano\/","article_publisher":"https:\/\/www.facebook.com\/Portal-Urbano-171542830093757\/","article_published_time":"2022-08-19T23:05:45+00:00","article_modified_time":"2022-08-19T23:14:08+00:00","og_image":[{"width":765,"height":510,"url":"https:\/\/experienciadevida.com.ar\/portalurbano\/wp-content\/uploads\/2022\/08\/Vamos-a-seguir-invirtiendo.jpg","type":"image\/jpeg"}],"author":"admpu17wp","twitter_card":"summary_large_image","twitter_creator":"@portalurbanook","twitter_site":"@portalurbanook","twitter_misc":{"Escrito por":"admpu17wp","Tiempo de lectura":"5 minutos"},"schema":{"@context":"https:\/\/schema.org","@graph":[{"@type":"Article","@id":"https:\/\/experienciadevida.com.ar\/portalurbano\/vamos-a-seguir-invirtiendo-en-infraestructura-educativa-porque-educacion-e-infraestructura-van-de-la-mano\/#article","isPartOf":{"@id":"https:\/\/experienciadevida.com.ar\/portalurbano\/vamos-a-seguir-invirtiendo-en-infraestructura-educativa-porque-educacion-e-infraestructura-van-de-la-mano\/"},"author":{"name":"admpu17wp","@id":"https:\/\/experienciadevida.com.ar\/portalurbano\/#\/schema\/person\/02dd326b1c4b056e9cc972486934a3a7"},"headline":"\u201cVamos a seguir invirtiendo en infraestructura educativa porque educaci\u00f3n e infraestructura van de la mano\u201d.","datePublished":"2022-08-19T23:05:45+00:00","dateModified":"2022-08-19T23:14:08+00:00","mainEntityOfPage":{"@id":"https:\/\/experienciadevida.com.ar\/portalurbano\/vamos-a-seguir-invirtiendo-en-infraestructura-educativa-porque-educacion-e-infraestructura-van-de-la-mano\/"},"wordCount":788,"publisher":{"@id":"https:\/\/experienciadevida.com.ar\/portalurbano\/#organization"},"articleSection":["Ciudad","Destacadas"],"inLanguage":"es"},{"@type":"WebPage","@id":"https:\/\/experienciadevida.com.ar\/portalurbano\/vamos-a-seguir-invirtiendo-en-infraestructura-educativa-porque-educacion-e-infraestructura-van-de-la-mano\/","url":"https:\/\/experienciadevida.com.ar\/portalurbano\/vamos-a-seguir-invirtiendo-en-infraestructura-educativa-porque-educacion-e-infraestructura-van-de-la-mano\/","name":"\"Vamos a seguir invirtiendo en infraestructura educativa\"","isPartOf":{"@id":"https:\/\/experienciadevida.com.ar\/portalurbano\/#website"},"datePublished":"2022-08-19T23:05:45+00:00","dateModified":"2022-08-19T23:14:08+00:00","description":"\u201cVamos a seguir invirtiendo en infraestructura educativa porque educaci\u00f3n e infraestructura van de la mano\u201d, el recuerdo del gato","breadcrumb":{"@id":"https:\/\/experienciadevida.com.ar\/portalurbano\/vamos-a-seguir-invirtiendo-en-infraestructura-educativa-porque-educacion-e-infraestructura-van-de-la-mano\/#breadcrumb"},"inLanguage":"es","potentialAction":[{"@type":"ReadAction","target":["https:\/\/experienciadevida.com.ar\/portalurbano\/vamos-a-seguir-invirtiendo-en-infraestructura-educativa-porque-educacion-e-infraestructura-van-de-la-mano\/"]}]},{"@type":"BreadcrumbList","@id":"https:\/\/experienciadevida.com.ar\/portalurbano\/vamos-a-seguir-invirtiendo-en-infraestructura-educativa-porque-educacion-e-infraestructura-van-de-la-mano\/#breadcrumb","itemListElement":[{"@type":"ListItem","position":1,"name":"Portada","item":"https:\/\/experienciadevida.com.ar\/portalurbano\/"},{"@type":"ListItem","position":2,"name":"\u201cVamos a seguir invirtiendo en infraestructura educativa porque educaci\u00f3n e infraestructura van de la mano\u201d."}]},{"@type":"WebSite","@id":"https:\/\/experienciadevida.com.ar\/portalurbano\/#website","url":"https:\/\/experienciadevida.com.ar\/portalurbano\/","name":"","description":"","publisher":{"@id":"https:\/\/experienciadevida.com.ar\/portalurbano\/#organization"},"potentialAction":[{"@type":"SearchAction","target":{"@type":"EntryPoint","urlTemplate":"https:\/\/experienciadevida.com.ar\/portalurbano\/?s={search_term_string}"},"query-input":"required name=search_term_string"}],"inLanguage":"es"},{"@type":"Organization","@id":"https:\/\/experienciadevida.com.ar\/portalurbano\/#organization","name":"Portal Urbano","url":"https:\/\/experienciadevida.com.ar\/portalurbano\/","logo":{"@type":"ImageObject","inLanguage":"es","@id":"https:\/\/experienciadevida.com.ar\/portalurbano\/#\/schema\/logo\/image\/","url":"https:\/\/experienciadevida.com.ar\/portalurbano\/wp-content\/uploads\/2019\/09\/Logo-Original.png","contentUrl":"https:\/\/experienciadevida.com.ar\/portalurbano\/wp-content\/uploads\/2019\/09\/Logo-Original.png","width":2236,"height":1216,"caption":"Portal Urbano"},"image":{"@id":"https:\/\/experienciadevida.com.ar\/portalurbano\/#\/schema\/logo\/image\/"},"sameAs":["https:\/\/www.facebook.com\/Portal-Urbano-171542830093757\/","https:\/\/twitter.com\/portalurbanook","https:\/\/www.instagram.com\/_portalurbano\/","https:\/\/www.youtube.com\/channel\/UCXhagIfszH8KxFiOok79zbA?view_as=subscriber"]},{"@type":"Person","@id":"https:\/\/experienciadevida.com.ar\/portalurbano\/#\/schema\/person\/02dd326b1c4b056e9cc972486934a3a7","name":"admpu17wp","image":{"@type":"ImageObject","inLanguage":"es","@id":"https:\/\/experienciadevida.com.ar\/portalurbano\/#\/schema\/person\/image\/","url":"https:\/\/secure.gravatar.com\/avatar\/830d4c57adaae6630765e449a6908047?s=96&d=mm&r=g","contentUrl":"https:\/\/secure.gravatar.com\/avatar\/830d4c57adaae6630765e449a6908047?s=96&d=mm&r=g","caption":"admpu17wp"}}]}},"featured_image_urls":{"full":["https:\/\/experienciadevida.com.ar\/portalurbano\/wp-content\/uploads\/2022\/08\/Vamos-a-seguir-invirtiendo.jpg",765,510,false],"thumbnail":["https:\/\/experienciadevida.com.ar\/portalurbano\/wp-content\/uploads\/2022\/08\/Vamos-a-seguir-invirtiendo-150x150.jpg",150,150,true],"medium":["https:\/\/experienciadevida.com.ar\/portalurbano\/wp-content\/uploads\/2022\/08\/Vamos-a-seguir-invirtiendo-300x200.jpg",300,200,true],"medium_large":["https:\/\/experienciadevida.com.ar\/portalurbano\/wp-content\/uploads\/2022\/08\/Vamos-a-seguir-invirtiendo.jpg",640,427,false],"large":["https:\/\/experienciadevida.com.ar\/portalurbano\/wp-content\/uploads\/2022\/08\/Vamos-a-seguir-invirtiendo.jpg",640,427,false],"ug_big":["https:\/\/experienciadevida.com.ar\/portalurbano\/wp-content\/uploads\/2022\/08\/Vamos-a-seguir-invirtiendo.jpg",765,510,false],"1536x1536":["https:\/\/experienciadevida.com.ar\/portalurbano\/wp-content\/uploads\/2022\/08\/Vamos-a-seguir-invirtiendo.jpg",765,510,false],"2048x2048":["https:\/\/experienciadevida.com.ar\/portalurbano\/wp-content\/uploads\/2022\/08\/Vamos-a-seguir-invirtiendo.jpg",765,510,false],"newsever-slider-full":["https:\/\/experienciadevida.com.ar\/portalurbano\/wp-content\/uploads\/2022\/08\/Vamos-a-seguir-invirtiendo.jpg",765,510,false],"newsever-featured":["https:\/\/experienciadevida.com.ar\/portalurbano\/wp-content\/uploads\/2022\/08\/Vamos-a-seguir-invirtiendo.jpg",765,510,false],"newsever-medium":["https:\/\/experienciadevida.com.ar\/portalurbano\/wp-content\/uploads\/2022\/08\/Vamos-a-seguir-invirtiendo.jpg",713,475,false],"web-stories-poster-portrait":["https:\/\/experienciadevida.com.ar\/portalurbano\/wp-content\/uploads\/2022\/08\/Vamos-a-seguir-invirtiendo-640x510.jpg",640,510,true],"web-stories-publisher-logo":["https:\/\/experienciadevida.com.ar\/portalurbano\/wp-content\/uploads\/2022\/08\/Vamos-a-seguir-invirtiendo-96x96.jpg",96,96,true],"web-stories-thumbnail":["https:\/\/experienciadevida.com.ar\/portalurbano\/wp-content\/uploads\/2022\/08\/Vamos-a-seguir-invirtiendo-150x100.jpg",150,100,true]},"author_info":{"display_name":"admpu17wp","author_link":"https:\/\/experienciadevida.com.ar\/portalurbano\/author\/admpu17wp\/"},"category_info":"<a href=\"https:\/\/experienciadevida.com.ar\/portalurbano\/category\/ciudad\/\" rel=\"category tag\">Ciudad<\/a> <a href=\"https:\/\/experienciadevida.com.ar\/portalurbano\/category\/destacadas\/\" rel=\"category tag\">Destacadas<\/a>","tag_info":"Destacadas","comment_count":"0","amp_enabled":true,"_links":{"self":[{"href":"https:\/\/experienciadevida.com.ar\/portalurbano\/wp-json\/wp\/v2\/posts\/173684"}],"collection":[{"href":"https:\/\/experienciadevida.com.ar\/portalurbano\/wp-json\/wp\/v2\/posts"}],"about":[{"href":"https:\/\/experienciadevida.com.ar\/portalurbano\/wp-json\/wp\/v2\/types\/post"}],"author":[{"embeddable":true,"href":"https:\/\/experienciadevida.com.ar\/portalurbano\/wp-json\/wp\/v2\/users\/1"}],"replies":[{"embeddable":true,"href":"https:\/\/experienciadevida.com.ar\/portalurbano\/wp-json\/wp\/v2\/comments?post=173684"}],"version-history":[{"count":3,"href":"https:\/\/experienciadevida.com.ar\/portalurbano\/wp-json\/wp\/v2\/posts\/173684\/revisions"}],"predecessor-version":[{"id":173694,"href":"https:\/\/experienciadevida.com.ar\/portalurbano\/wp-json\/wp\/v2\/posts\/173684\/revisions\/173694"}],"wp:featuredmedia":[{"embeddable":true,"href":"https:\/\/experienciadevida.com.ar\/portalurbano\/wp-json\/wp\/v2\/media\/173685"}],"wp:attachment":[{"href":"https:\/\/experienciadevida.com.ar\/portalurbano\/wp-json\/wp\/v2\/media?parent=173684"}],"wp:term":[{"taxonomy":"category","embeddable":true,"href":"https:\/\/experienciadevida.com.ar\/portalurbano\/wp-json\/wp\/v2\/categories?post=173684"},{"taxonomy":"post_tag","embeddable":true,"href":"https:\/\/experienciadevida.com.ar\/portalurbano\/wp-json\/wp\/v2\/tags?post=173684"}],"curies":[{"name":"wp","href":"https:\/\/api.w.org\/{rel}","templated":true}]}}