{"id":173681,"date":"2022-08-19T13:09:58","date_gmt":"2022-08-19T16:09:58","guid":{"rendered":"https:\/\/experienciadevida.com.ar\/portalurbano\/?p=173681"},"modified":"2022-08-19T13:09:58","modified_gmt":"2022-08-19T16:09:58","slug":"continuan-los-trabajos-de-mantenimiento-en-el-barrio-la-arana","status":"publish","type":"post","link":"https:\/\/experienciadevida.com.ar\/portalurbano\/continuan-los-trabajos-de-mantenimiento-en-el-barrio-la-arana\/","title":{"rendered":"Contin\u00faan los trabajos de mantenimiento en el barrio La Ara\u00f1a"},"content":{"rendered":"<p>Contin\u00faan los trabajos de mantenimiento en el barrio La Ara\u00f1a, as\u00ed lo informaron desde la Secretar\u00eda de Mantenimiento y Obras P\u00fablicas se brind\u00f3 un informe de los trabajos ejecutados en los \u00faltimos d\u00edas, con equipamiento vial y recursos de la Municipalidad.<\/p>\n<p>En el barrio La Ara\u00f1a, seg\u00fan se indic\u00f3 continuaron las obras de desmonte y entoscado de calles internas, para la cual previamente debi\u00f3 realizarse un proyecto de nivelaci\u00f3n y apertura de calles.<\/p>\n<p>Cabe resaltar que dicho proyecto es resultado de un trabajo conjunto entre la Direcci\u00f3n de Mantenimiento Urbano y la Direcci\u00f3n de Catastro, con la finalidad de mejorar el trazado urbano de calles.<\/p>\n<p>Desde Catastro se llev\u00f3 a cabo un preciso relevamiento t\u00e9cnico para posteriormente determinar los ejes de calles. Una vez realizado el procedimiento de amojonamiento, personal de Mantenimiento Urbano dio comienzo a las tareas de apertura de calles para luego ejecutar el entoscado.<\/p>\n<p>Al respecto, cabe destacar que en el mes de agosto se inici\u00f3 la obra de pavimentaci\u00f3n de prolongaci\u00f3n sur de calle Rivadavia, que beneficiar\u00e1 a familias de los barrios La Ara\u00f1a, Los Robles, Municipales, Plan Novios, Plan Abuelos y zonas aleda\u00f1as, con una inversi\u00f3n que supera los 20 millones de pesos.<\/p>\n<p>En dicha zona, en los \u00faltimos a\u00f1os, se ha registrado un importante crecimiento demogr\u00e1fico, por lo cual la pavimentaci\u00f3n y los trabajos de mantenimiento permitir\u00e1n mejorar las condiciones de transitabilidad y de accesibilidad tanto del transporte p\u00fablico, como de las unidades asistenciales de emergencias.<\/p>\n<p>En este sentido, desde la Direcci\u00f3n de Mantenimiento Urbano se reitera la solicitud de circular con precauci\u00f3n en el sector, teniendo en cuenta los trabajos que se encuentra en marcha actualmente en el barrio La Ara\u00f1a.<\/p>\n<p>Por otra parte se comunic\u00f3 que tambi\u00e9n se llevaron a cabo tareas de bacheo en el barrio Jard\u00edn, con equipamiento vial propio (minicargadora Bobcat S510), para mejorar las condiciones de circulaci\u00f3n en calles internas. El bacheo consiste en el fresado, retiro de una capa de pavimento, colocaci\u00f3n de nuevo material de bacheo y posterior compactaci\u00f3n con rodillo.<\/p>\n","protected":false},"excerpt":{"rendered":"<p>Contin\u00faan los trabajos de mantenimiento en el barrio La Ara\u00f1a, as\u00ed lo informaron desde la&#8230;<\/p>\n","protected":false},"author":1,"featured_media":173682,"comment_status":"closed","ping_status":"closed","sticky":false,"template":"","format":"standard","meta":{"content-type":""},"categories":[27],"tags":[],"nelio_content":{"isAutoShareEnabled":false,"autoShareEndMode":"default","automationSources":{"useContentSentences":true,"useSocialTemplates":true,"useCustomSentences":false,"customSentences":[]},"followers":[1],"suggestedReferences":[],"includedReferences":[],"efiUrl":"","efiAlt":"","highlights":[]},"yoast_head":"<!-- This site is optimized with the Yoast SEO plugin v20.7 - https:\/\/yoast.com\/wordpress\/plugins\/seo\/ -->\n<title>Contin\u00faan los trabajos de mantenimiento en el Barrio La Ara\u00f1a<\/title>\n<meta name=\"description\" content=\"Contin\u00faan los trabajos de mantenimiento en el barrio La Ara\u00f1a, as\u00ed lo informaron desde la Secretar\u00eda de Mantenimiento y Obras\" \/>\n<meta name=\"robots\" content=\"index, follow, max-snippet:-1, max-image-preview:large, max-video-preview:-1\" \/>\n<link rel=\"canonical\" href=\"https:\/\/experienciadevida.com.ar\/portalurbano\/continuan-los-trabajos-de-mantenimiento-en-el-barrio-la-arana\/\" \/>\n<meta property=\"og:locale\" content=\"es_ES\" \/>\n<meta property=\"og:type\" content=\"article\" \/>\n<meta property=\"og:title\" content=\"Contin\u00faan los trabajos de mantenimiento en el Barrio La Ara\u00f1a\" \/>\n<meta property=\"og:description\" content=\"Contin\u00faan los trabajos de mantenimiento en el barrio La Ara\u00f1a, as\u00ed lo informaron desde la Secretar\u00eda de Mantenimiento y Obras\" \/>\n<meta property=\"og:url\" content=\"https:\/\/experienciadevida.com.ar\/portalurbano\/continuan-los-trabajos-de-mantenimiento-en-el-barrio-la-arana\/\" \/>\n<meta property=\"article:publisher\" content=\"https:\/\/www.facebook.com\/Portal-Urbano-171542830093757\/\" \/>\n<meta property=\"article:published_time\" content=\"2022-08-19T16:09:58+00:00\" \/>\n<meta property=\"og:image\" content=\"https:\/\/experienciadevida.com.ar\/portalurbano\/wp-content\/uploads\/2022\/08\/Continuan-los-trabajos-de.jpg\" \/>\n\t<meta property=\"og:image:width\" content=\"1772\" \/>\n\t<meta property=\"og:image:height\" content=\"1181\" \/>\n\t<meta property=\"og:image:type\" content=\"image\/jpeg\" \/>\n<meta name=\"author\" content=\"admpu17wp\" \/>\n<meta name=\"twitter:card\" content=\"summary_large_image\" \/>\n<meta name=\"twitter:creator\" content=\"@portalurbanook\" \/>\n<meta name=\"twitter:site\" content=\"@portalurbanook\" \/>\n<meta name=\"twitter:label1\" content=\"Escrito por\" \/>\n\t<meta name=\"twitter:data1\" content=\"admpu17wp\" \/>\n\t<meta name=\"twitter:label2\" content=\"Tiempo de lectura\" \/>\n\t<meta name=\"twitter:data2\" content=\"2 minutos\" \/>\n<script type=\"application\/ld+json\" class=\"yoast-schema-graph\">{\"@context\":\"https:\/\/schema.org\",\"@graph\":[{\"@type\":\"Article\",\"@id\":\"https:\/\/experienciadevida.com.ar\/portalurbano\/continuan-los-trabajos-de-mantenimiento-en-el-barrio-la-arana\/#article\",\"isPartOf\":{\"@id\":\"https:\/\/experienciadevida.com.ar\/portalurbano\/continuan-los-trabajos-de-mantenimiento-en-el-barrio-la-arana\/\"},\"author\":{\"name\":\"admpu17wp\",\"@id\":\"https:\/\/experienciadevida.com.ar\/portalurbano\/#\/schema\/person\/02dd326b1c4b056e9cc972486934a3a7\"},\"headline\":\"Contin\u00faan los trabajos de mantenimiento en el barrio La Ara\u00f1a\",\"datePublished\":\"2022-08-19T16:09:58+00:00\",\"dateModified\":\"2022-08-19T16:09:58+00:00\",\"mainEntityOfPage\":{\"@id\":\"https:\/\/experienciadevida.com.ar\/portalurbano\/continuan-los-trabajos-de-mantenimiento-en-el-barrio-la-arana\/\"},\"wordCount\":375,\"publisher\":{\"@id\":\"https:\/\/experienciadevida.com.ar\/portalurbano\/#organization\"},\"articleSection\":[\"Ciudad\"],\"inLanguage\":\"es\"},{\"@type\":\"WebPage\",\"@id\":\"https:\/\/experienciadevida.com.ar\/portalurbano\/continuan-los-trabajos-de-mantenimiento-en-el-barrio-la-arana\/\",\"url\":\"https:\/\/experienciadevida.com.ar\/portalurbano\/continuan-los-trabajos-de-mantenimiento-en-el-barrio-la-arana\/\",\"name\":\"Contin\u00faan los trabajos de mantenimiento en el Barrio La Ara\u00f1a\",\"isPartOf\":{\"@id\":\"https:\/\/experienciadevida.com.ar\/portalurbano\/#website\"},\"datePublished\":\"2022-08-19T16:09:58+00:00\",\"dateModified\":\"2022-08-19T16:09:58+00:00\",\"description\":\"Contin\u00faan los trabajos de mantenimiento en el barrio La Ara\u00f1a, as\u00ed lo informaron desde la Secretar\u00eda de Mantenimiento y Obras\",\"breadcrumb\":{\"@id\":\"https:\/\/experienciadevida.com.ar\/portalurbano\/continuan-los-trabajos-de-mantenimiento-en-el-barrio-la-arana\/#breadcrumb\"},\"inLanguage\":\"es\",\"potentialAction\":[{\"@type\":\"ReadAction\",\"target\":[\"https:\/\/experienciadevida.com.ar\/portalurbano\/continuan-los-trabajos-de-mantenimiento-en-el-barrio-la-arana\/\"]}]},{\"@type\":\"BreadcrumbList\",\"@id\":\"https:\/\/experienciadevida.com.ar\/portalurbano\/continuan-los-trabajos-de-mantenimiento-en-el-barrio-la-arana\/#breadcrumb\",\"itemListElement\":[{\"@type\":\"ListItem\",\"position\":1,\"name\":\"Portada\",\"item\":\"https:\/\/experienciadevida.com.ar\/portalurbano\/\"},{\"@type\":\"ListItem\",\"position\":2,\"name\":\"Contin\u00faan los trabajos de mantenimiento en el barrio La Ara\u00f1a\"}]},{\"@type\":\"WebSite\",\"@id\":\"https:\/\/experienciadevida.com.ar\/portalurbano\/#website\",\"url\":\"https:\/\/experienciadevida.com.ar\/portalurbano\/\",\"name\":\"\",\"description\":\"\",\"publisher\":{\"@id\":\"https:\/\/experienciadevida.com.ar\/portalurbano\/#organization\"},\"potentialAction\":[{\"@type\":\"SearchAction\",\"target\":{\"@type\":\"EntryPoint\",\"urlTemplate\":\"https:\/\/experienciadevida.com.ar\/portalurbano\/?s={search_term_string}\"},\"query-input\":\"required name=search_term_string\"}],\"inLanguage\":\"es\"},{\"@type\":\"Organization\",\"@id\":\"https:\/\/experienciadevida.com.ar\/portalurbano\/#organization\",\"name\":\"Portal Urbano\",\"url\":\"https:\/\/experienciadevida.com.ar\/portalurbano\/\",\"logo\":{\"@type\":\"ImageObject\",\"inLanguage\":\"es\",\"@id\":\"https:\/\/experienciadevida.com.ar\/portalurbano\/#\/schema\/logo\/image\/\",\"url\":\"https:\/\/experienciadevida.com.ar\/portalurbano\/wp-content\/uploads\/2019\/09\/Logo-Original.png\",\"contentUrl\":\"https:\/\/experienciadevida.com.ar\/portalurbano\/wp-content\/uploads\/2019\/09\/Logo-Original.png\",\"width\":2236,\"height\":1216,\"caption\":\"Portal Urbano\"},\"image\":{\"@id\":\"https:\/\/experienciadevida.com.ar\/portalurbano\/#\/schema\/logo\/image\/\"},\"sameAs\":[\"https:\/\/www.facebook.com\/Portal-Urbano-171542830093757\/\",\"https:\/\/twitter.com\/portalurbanook\",\"https:\/\/www.instagram.com\/_portalurbano\/\",\"https:\/\/www.youtube.com\/channel\/UCXhagIfszH8KxFiOok79zbA?view_as=subscriber\"]},{\"@type\":\"Person\",\"@id\":\"https:\/\/experienciadevida.com.ar\/portalurbano\/#\/schema\/person\/02dd326b1c4b056e9cc972486934a3a7\",\"name\":\"admpu17wp\",\"image\":{\"@type\":\"ImageObject\",\"inLanguage\":\"es\",\"@id\":\"https:\/\/experienciadevida.com.ar\/portalurbano\/#\/schema\/person\/image\/\",\"url\":\"https:\/\/secure.gravatar.com\/avatar\/830d4c57adaae6630765e449a6908047?s=96&d=mm&r=g\",\"contentUrl\":\"https:\/\/secure.gravatar.com\/avatar\/830d4c57adaae6630765e449a6908047?s=96&d=mm&r=g\",\"caption\":\"admpu17wp\"}}]}<\/script>\n<!-- \/ Yoast SEO plugin. -->","yoast_head_json":{"title":"Contin\u00faan los trabajos de mantenimiento en el Barrio La Ara\u00f1a","description":"Contin\u00faan los trabajos de mantenimiento en el barrio La Ara\u00f1a, as\u00ed lo informaron desde la Secretar\u00eda de Mantenimiento y Obras","robots":{"index":"index","follow":"follow","max-snippet":"max-snippet:-1","max-image-preview":"max-image-preview:large","max-video-preview":"max-video-preview:-1"},"canonical":"https:\/\/experienciadevida.com.ar\/portalurbano\/continuan-los-trabajos-de-mantenimiento-en-el-barrio-la-arana\/","og_locale":"es_ES","og_type":"article","og_title":"Contin\u00faan los trabajos de mantenimiento en el Barrio La Ara\u00f1a","og_description":"Contin\u00faan los trabajos de mantenimiento en el barrio La Ara\u00f1a, as\u00ed lo informaron desde la Secretar\u00eda de Mantenimiento y Obras","og_url":"https:\/\/experienciadevida.com.ar\/portalurbano\/continuan-los-trabajos-de-mantenimiento-en-el-barrio-la-arana\/","article_publisher":"https:\/\/www.facebook.com\/Portal-Urbano-171542830093757\/","article_published_time":"2022-08-19T16:09:58+00:00","og_image":[{"width":1772,"height":1181,"url":"https:\/\/experienciadevida.com.ar\/portalurbano\/wp-content\/uploads\/2022\/08\/Continuan-los-trabajos-de.jpg","type":"image\/jpeg"}],"author":"admpu17wp","twitter_card":"summary_large_image","twitter_creator":"@portalurbanook","twitter_site":"@portalurbanook","twitter_misc":{"Escrito por":"admpu17wp","Tiempo de lectura":"2 minutos"},"schema":{"@context":"https:\/\/schema.org","@graph":[{"@type":"Article","@id":"https:\/\/experienciadevida.com.ar\/portalurbano\/continuan-los-trabajos-de-mantenimiento-en-el-barrio-la-arana\/#article","isPartOf":{"@id":"https:\/\/experienciadevida.com.ar\/portalurbano\/continuan-los-trabajos-de-mantenimiento-en-el-barrio-la-arana\/"},"author":{"name":"admpu17wp","@id":"https:\/\/experienciadevida.com.ar\/portalurbano\/#\/schema\/person\/02dd326b1c4b056e9cc972486934a3a7"},"headline":"Contin\u00faan los trabajos de mantenimiento en el barrio La Ara\u00f1a","datePublished":"2022-08-19T16:09:58+00:00","dateModified":"2022-08-19T16:09:58+00:00","mainEntityOfPage":{"@id":"https:\/\/experienciadevida.com.ar\/portalurbano\/continuan-los-trabajos-de-mantenimiento-en-el-barrio-la-arana\/"},"wordCount":375,"publisher":{"@id":"https:\/\/experienciadevida.com.ar\/portalurbano\/#organization"},"articleSection":["Ciudad"],"inLanguage":"es"},{"@type":"WebPage","@id":"https:\/\/experienciadevida.com.ar\/portalurbano\/continuan-los-trabajos-de-mantenimiento-en-el-barrio-la-arana\/","url":"https:\/\/experienciadevida.com.ar\/portalurbano\/continuan-los-trabajos-de-mantenimiento-en-el-barrio-la-arana\/","name":"Contin\u00faan los trabajos de mantenimiento en el Barrio La Ara\u00f1a","isPartOf":{"@id":"https:\/\/experienciadevida.com.ar\/portalurbano\/#website"},"datePublished":"2022-08-19T16:09:58+00:00","dateModified":"2022-08-19T16:09:58+00:00","description":"Contin\u00faan los trabajos de mantenimiento en el barrio La Ara\u00f1a, as\u00ed lo informaron desde la Secretar\u00eda de Mantenimiento y Obras","breadcrumb":{"@id":"https:\/\/experienciadevida.com.ar\/portalurbano\/continuan-los-trabajos-de-mantenimiento-en-el-barrio-la-arana\/#breadcrumb"},"inLanguage":"es","potentialAction":[{"@type":"ReadAction","target":["https:\/\/experienciadevida.com.ar\/portalurbano\/continuan-los-trabajos-de-mantenimiento-en-el-barrio-la-arana\/"]}]},{"@type":"BreadcrumbList","@id":"https:\/\/experienciadevida.com.ar\/portalurbano\/continuan-los-trabajos-de-mantenimiento-en-el-barrio-la-arana\/#breadcrumb","itemListElement":[{"@type":"ListItem","position":1,"name":"Portada","item":"https:\/\/experienciadevida.com.ar\/portalurbano\/"},{"@type":"ListItem","position":2,"name":"Contin\u00faan los trabajos de mantenimiento en el barrio La Ara\u00f1a"}]},{"@type":"WebSite","@id":"https:\/\/experienciadevida.com.ar\/portalurbano\/#website","url":"https:\/\/experienciadevida.com.ar\/portalurbano\/","name":"","description":"","publisher":{"@id":"https:\/\/experienciadevida.com.ar\/portalurbano\/#organization"},"potentialAction":[{"@type":"SearchAction","target":{"@type":"EntryPoint","urlTemplate":"https:\/\/experienciadevida.com.ar\/portalurbano\/?s={search_term_string}"},"query-input":"required name=search_term_string"}],"inLanguage":"es"},{"@type":"Organization","@id":"https:\/\/experienciadevida.com.ar\/portalurbano\/#organization","name":"Portal Urbano","url":"https:\/\/experienciadevida.com.ar\/portalurbano\/","logo":{"@type":"ImageObject","inLanguage":"es","@id":"https:\/\/experienciadevida.com.ar\/portalurbano\/#\/schema\/logo\/image\/","url":"https:\/\/experienciadevida.com.ar\/portalurbano\/wp-content\/uploads\/2019\/09\/Logo-Original.png","contentUrl":"https:\/\/experienciadevida.com.ar\/portalurbano\/wp-content\/uploads\/2019\/09\/Logo-Original.png","width":2236,"height":1216,"caption":"Portal Urbano"},"image":{"@id":"https:\/\/experienciadevida.com.ar\/portalurbano\/#\/schema\/logo\/image\/"},"sameAs":["https:\/\/www.facebook.com\/Portal-Urbano-171542830093757\/","https:\/\/twitter.com\/portalurbanook","https:\/\/www.instagram.com\/_portalurbano\/","https:\/\/www.youtube.com\/channel\/UCXhagIfszH8KxFiOok79zbA?view_as=subscriber"]},{"@type":"Person","@id":"https:\/\/experienciadevida.com.ar\/portalurbano\/#\/schema\/person\/02dd326b1c4b056e9cc972486934a3a7","name":"admpu17wp","image":{"@type":"ImageObject","inLanguage":"es","@id":"https:\/\/experienciadevida.com.ar\/portalurbano\/#\/schema\/person\/image\/","url":"https:\/\/secure.gravatar.com\/avatar\/830d4c57adaae6630765e449a6908047?s=96&d=mm&r=g","contentUrl":"https:\/\/secure.gravatar.com\/avatar\/830d4c57adaae6630765e449a6908047?s=96&d=mm&r=g","caption":"admpu17wp"}}]}},"featured_image_urls":{"full":["https:\/\/experienciadevida.com.ar\/portalurbano\/wp-content\/uploads\/2022\/08\/Continuan-los-trabajos-de.jpg",1772,1181,false],"thumbnail":["https:\/\/experienciadevida.com.ar\/portalurbano\/wp-content\/uploads\/2022\/08\/Continuan-los-trabajos-de-150x150.jpg",150,150,true],"medium":["https:\/\/experienciadevida.com.ar\/portalurbano\/wp-content\/uploads\/2022\/08\/Continuan-los-trabajos-de-300x200.jpg",300,200,true],"medium_large":["https:\/\/experienciadevida.com.ar\/portalurbano\/wp-content\/uploads\/2022\/08\/Continuan-los-trabajos-de-768x512.jpg",640,427,true],"large":["https:\/\/experienciadevida.com.ar\/portalurbano\/wp-content\/uploads\/2022\/08\/Continuan-los-trabajos-de-1024x682.jpg",640,426,true],"ug_big":["https:\/\/experienciadevida.com.ar\/portalurbano\/wp-content\/uploads\/2022\/08\/Continuan-los-trabajos-de-768x512.jpg",768,512,true],"1536x1536":["https:\/\/experienciadevida.com.ar\/portalurbano\/wp-content\/uploads\/2022\/08\/Continuan-los-trabajos-de-1536x1024.jpg",1536,1024,true],"2048x2048":["https:\/\/experienciadevida.com.ar\/portalurbano\/wp-content\/uploads\/2022\/08\/Continuan-los-trabajos-de.jpg",1772,1181,false],"newsever-slider-full":["https:\/\/experienciadevida.com.ar\/portalurbano\/wp-content\/uploads\/2022\/08\/Continuan-los-trabajos-de.jpg",1268,845,false],"newsever-featured":["https:\/\/experienciadevida.com.ar\/portalurbano\/wp-content\/uploads\/2022\/08\/Continuan-los-trabajos-de.jpg",1024,682,false],"newsever-medium":["https:\/\/experienciadevida.com.ar\/portalurbano\/wp-content\/uploads\/2022\/08\/Continuan-los-trabajos-de.jpg",713,475,false],"web-stories-poster-portrait":["https:\/\/experienciadevida.com.ar\/portalurbano\/wp-content\/uploads\/2022\/08\/Continuan-los-trabajos-de-640x853.jpg",640,853,true],"web-stories-publisher-logo":["https:\/\/experienciadevida.com.ar\/portalurbano\/wp-content\/uploads\/2022\/08\/Continuan-los-trabajos-de-96x96.jpg",96,96,true],"web-stories-thumbnail":["https:\/\/experienciadevida.com.ar\/portalurbano\/wp-content\/uploads\/2022\/08\/Continuan-los-trabajos-de-150x100.jpg",150,100,true]},"author_info":{"display_name":"admpu17wp","author_link":"https:\/\/experienciadevida.com.ar\/portalurbano\/author\/admpu17wp\/"},"category_info":"<a href=\"https:\/\/experienciadevida.com.ar\/portalurbano\/category\/ciudad\/\" rel=\"category tag\">Ciudad<\/a>","tag_info":"Ciudad","comment_count":"0","amp_enabled":true,"_links":{"self":[{"href":"https:\/\/experienciadevida.com.ar\/portalurbano\/wp-json\/wp\/v2\/posts\/173681"}],"collection":[{"href":"https:\/\/experienciadevida.com.ar\/portalurbano\/wp-json\/wp\/v2\/posts"}],"about":[{"href":"https:\/\/experienciadevida.com.ar\/portalurbano\/wp-json\/wp\/v2\/types\/post"}],"author":[{"embeddable":true,"href":"https:\/\/experienciadevida.com.ar\/portalurbano\/wp-json\/wp\/v2\/users\/1"}],"replies":[{"embeddable":true,"href":"https:\/\/experienciadevida.com.ar\/portalurbano\/wp-json\/wp\/v2\/comments?post=173681"}],"version-history":[{"count":1,"href":"https:\/\/experienciadevida.com.ar\/portalurbano\/wp-json\/wp\/v2\/posts\/173681\/revisions"}],"predecessor-version":[{"id":173683,"href":"https:\/\/experienciadevida.com.ar\/portalurbano\/wp-json\/wp\/v2\/posts\/173681\/revisions\/173683"}],"wp:featuredmedia":[{"embeddable":true,"href":"https:\/\/experienciadevida.com.ar\/portalurbano\/wp-json\/wp\/v2\/media\/173682"}],"wp:attachment":[{"href":"https:\/\/experienciadevida.com.ar\/portalurbano\/wp-json\/wp\/v2\/media?parent=173681"}],"wp:term":[{"taxonomy":"category","embeddable":true,"href":"https:\/\/experienciadevida.com.ar\/portalurbano\/wp-json\/wp\/v2\/categories?post=173681"},{"taxonomy":"post_tag","embeddable":true,"href":"https:\/\/experienciadevida.com.ar\/portalurbano\/wp-json\/wp\/v2\/tags?post=173681"}],"curies":[{"name":"wp","href":"https:\/\/api.w.org\/{rel}","templated":true}]}}