{"id":173674,"date":"2022-08-19T13:05:14","date_gmt":"2022-08-19T16:05:14","guid":{"rendered":"https:\/\/experienciadevida.com.ar\/portalurbano\/?p=173674"},"modified":"2022-08-19T13:07:41","modified_gmt":"2022-08-19T16:07:41","slug":"foro-olavarria-fr-presento-dos-proyectos-con-foco-en-caminos-interurbanos-y-arbolado-urbano","status":"publish","type":"post","link":"https:\/\/experienciadevida.com.ar\/portalurbano\/foro-olavarria-fr-presento-dos-proyectos-con-foco-en-caminos-interurbanos-y-arbolado-urbano\/","title":{"rendered":"Foro Olavarr\u00eda &#8211; FR present\u00f3 dos proyectos con foco en caminos interurbanos y arbolado urbano"},"content":{"rendered":"<p>Foro Olavarr\u00eda &#8211; FR present\u00f3 dos proyectos con foco en caminos interurbanos y arbolado urbano, el bloque conformado por la concejal <a href=\"https:\/\/www.instagram.com\/inecreimer\/\">In\u00e9s Creimer<\/a> y el concejal <a href=\"https:\/\/www.instagram.com\/gastonsarachu\/\">Gast\u00f3n Sarachu,<\/a> y que forma parte del interbloque Frente de Todos, solicita la instalaci\u00f3n de carteler\u00eda nominativa y demarcaci\u00f3n del \u2018\u2019Camino De Los Ancestros\u2019\u2019 y pol\u00edticas de protecci\u00f3n y conservaci\u00f3n de las especies arb\u00f3reas de la ciudad.<\/p>\n<p>El bloque Foro Olavarr\u00eda &#8211; Frente Renovador en el Interbloque Frente de Todos elev\u00f3 dos proyectos que ser\u00e1n tratados en la pr\u00f3xima sesi\u00f3n ordinaria del Concejo Deliberante, este jueves 25 de agosto. Los mismos tienen eje en<br \/>\nla instalaci\u00f3n de carteler\u00eda nominativa y demarcaci\u00f3n del \u201cCamino de los Ancestros\u201d, el cual une las localidades de Sierras Bayas y Colonia San Miguel, y la protecci\u00f3n y conservaci\u00f3n del arbolado urbano de la ciudad.<\/p>\n<p>En cuanto a la solicitud de trabajos en el \u201cCamino de los Ancestros\u201d, el proyecto se apoya en la Ordenanza 3961\/16 la cual otorga dicha nominaci\u00f3n al enlace entre Sierras Bayas y Colonia San Miguel. Desde el bloque Foro Olavarr\u00eda &#8211; Frente Renovador en el Frente de Todos indicaron que dicha Ordenanza \u201cfaculta al Departamento Ejecutivo Municipal a realizar todos los hechos y actos jur\u00eddicos, suficientes y necesarios para el cumplimiento de<br \/>\nlo normado\u201d. A su vez, agregaron que \u201cresulta oportuno la instalaci\u00f3n de carteler\u00eda o se\u00f1al\u00e9tica que el Departamento Ejecutivo Municipal considere conveniente para poner en valor el nombre del mencionado camino y la inclusi\u00f3n en toda informaci\u00f3n tur\u00edstica el nombre del Camino aprobado por la mencionada Ordenanza\u201d.<\/p>\n<p>Por su parte, el proyecto que solicita pol\u00edticas de protecci\u00f3n y conservaci\u00f3n de las especies arb\u00f3reas de la ciudad tiene su origen en \u201clos reclamos p\u00fablicos por parte de los vecinos por la extracci\u00f3n y poda indiscriminada de \u00e1rboles en sectores determinados del Partido de Olavarr\u00eda\u201d. Desde el bloque conformado por la concejala Creimer y el<br \/>\nconcejal Sarachu resaltaron la \u201cnecesidad y urgencia de implementar pol\u00edticas p\u00fablicas definidas y que se sostengan en el tiempo a fin de cumplir con el objetivo de tener una ciudad amigable con el medio ambiente\u201d. En este sentido, resaltaron que \u201ces facultad del Departamento Ejecutivo Municipal proteger e incrementar el arbolado p\u00fablico lineal<br \/>\nurbano\u201d.<\/p>\n<p>Desde el Foro Olavarr\u00eda &#8211; Frente Renovador se invita a todas aquellas personas del Partido de Olavarr\u00eda que quieran acercar sus inquietudes o proyectos, dirigirse al bloque de concejales en el Concejo Deliberante (Alsina 2785) de lunes a viernes de 8 a 13 horas, o a la Casa Eduardo \u201cChino\u201d Correa, ubicado en Belgrano 3222, de lunes a viernes de 9 a 13 horas.<\/p>\n<p><a href=\"https:\/\/experienciadevida.com.ar\/portalurbano\/foro-olavarria-fr-presento-dos-proyectos-con-foco-en-caminos-interurbanos-y-arbolado-urbano\/foro-2\/\" rel=\"attachment wp-att-173676\"><img decoding=\"async\" class=\"alignnone size-full wp-image-173676\" src=\"https:\/\/experienciadevida.com.ar\/portalurbano\/wp-content\/uploads\/2022\/08\/Foro.jpg\" alt=\"Foro \" width=\"800\" height=\"500\" srcset=\"https:\/\/experienciadevida.com.ar\/portalurbano\/wp-content\/uploads\/2022\/08\/Foro.jpg 800w, https:\/\/experienciadevida.com.ar\/portalurbano\/wp-content\/uploads\/2022\/08\/Foro-300x188.jpg 300w, https:\/\/experienciadevida.com.ar\/portalurbano\/wp-content\/uploads\/2022\/08\/Foro-768x480.jpg 768w, https:\/\/experienciadevida.com.ar\/portalurbano\/wp-content\/uploads\/2022\/08\/Foro-150x94.jpg 150w\" sizes=\"(max-width: 800px) 100vw, 800px\" \/><\/a><\/p>\n","protected":false},"excerpt":{"rendered":"<p>Foro Olavarr\u00eda &#8211; FR present\u00f3 dos proyectos con foco en caminos interurbanos y arbolado urbano,&#8230;<\/p>\n","protected":false},"author":1,"featured_media":173675,"comment_status":"closed","ping_status":"closed","sticky":false,"template":"","format":"standard","meta":{"content-type":""},"categories":[27],"tags":[],"nelio_content":{"isAutoShareEnabled":false,"autoShareEndMode":"default","automationSources":{"useContentSentences":true,"useSocialTemplates":true,"useCustomSentences":false,"customSentences":[]},"followers":[1],"suggestedReferences":[],"includedReferences":["https:\/\/www.instagram.com\/inecreimer\/","https:\/\/www.instagram.com\/gastonsarachu\/"],"efiUrl":"","efiAlt":"","highlights":[]},"yoast_head":"<!-- This site is optimized with the Yoast SEO plugin v20.7 - https:\/\/yoast.com\/wordpress\/plugins\/seo\/ -->\n<title>Foro Olavarr\u00eda- FR present\u00f3 dos proyectos con foco en caminos<\/title>\n<meta name=\"description\" content=\"Foro Olavarr\u00eda - FR present\u00f3 dos proyectos con foco en caminos interurbanos y arbolado urbano, el bloque conformado\" \/>\n<meta name=\"robots\" content=\"index, follow, max-snippet:-1, max-image-preview:large, max-video-preview:-1\" \/>\n<link rel=\"canonical\" href=\"https:\/\/experienciadevida.com.ar\/portalurbano\/foro-olavarria-fr-presento-dos-proyectos-con-foco-en-caminos-interurbanos-y-arbolado-urbano\/\" \/>\n<meta property=\"og:locale\" content=\"es_ES\" \/>\n<meta property=\"og:type\" content=\"article\" \/>\n<meta property=\"og:title\" content=\"Foro Olavarr\u00eda- FR present\u00f3 dos proyectos con foco en caminos\" \/>\n<meta property=\"og:description\" content=\"Foro Olavarr\u00eda - FR present\u00f3 dos proyectos con foco en caminos interurbanos y arbolado urbano, el bloque conformado\" \/>\n<meta property=\"og:url\" content=\"https:\/\/experienciadevida.com.ar\/portalurbano\/foro-olavarria-fr-presento-dos-proyectos-con-foco-en-caminos-interurbanos-y-arbolado-urbano\/\" \/>\n<meta property=\"article:publisher\" content=\"https:\/\/www.facebook.com\/Portal-Urbano-171542830093757\/\" \/>\n<meta property=\"article:published_time\" content=\"2022-08-19T16:05:14+00:00\" \/>\n<meta property=\"article:modified_time\" content=\"2022-08-19T16:07:41+00:00\" \/>\n<meta property=\"og:image\" content=\"https:\/\/experienciadevida.com.ar\/portalurbano\/wp-content\/uploads\/2022\/08\/Foro-Olavarria.jpg\" \/>\n\t<meta property=\"og:image:width\" content=\"800\" \/>\n\t<meta property=\"og:image:height\" content=\"500\" \/>\n\t<meta property=\"og:image:type\" content=\"image\/jpeg\" \/>\n<meta name=\"author\" content=\"admpu17wp\" \/>\n<meta name=\"twitter:card\" content=\"summary_large_image\" \/>\n<meta name=\"twitter:creator\" content=\"@portalurbanook\" \/>\n<meta name=\"twitter:site\" content=\"@portalurbanook\" \/>\n<meta name=\"twitter:label1\" content=\"Escrito por\" \/>\n\t<meta name=\"twitter:data1\" content=\"admpu17wp\" \/>\n\t<meta name=\"twitter:label2\" content=\"Tiempo de lectura\" \/>\n\t<meta name=\"twitter:data2\" content=\"3 minutos\" \/>\n<script type=\"application\/ld+json\" class=\"yoast-schema-graph\">{\"@context\":\"https:\/\/schema.org\",\"@graph\":[{\"@type\":\"Article\",\"@id\":\"https:\/\/experienciadevida.com.ar\/portalurbano\/foro-olavarria-fr-presento-dos-proyectos-con-foco-en-caminos-interurbanos-y-arbolado-urbano\/#article\",\"isPartOf\":{\"@id\":\"https:\/\/experienciadevida.com.ar\/portalurbano\/foro-olavarria-fr-presento-dos-proyectos-con-foco-en-caminos-interurbanos-y-arbolado-urbano\/\"},\"author\":{\"name\":\"admpu17wp\",\"@id\":\"https:\/\/experienciadevida.com.ar\/portalurbano\/#\/schema\/person\/02dd326b1c4b056e9cc972486934a3a7\"},\"headline\":\"Foro Olavarr\u00eda &#8211; FR present\u00f3 dos proyectos con foco en caminos interurbanos y arbolado urbano\",\"datePublished\":\"2022-08-19T16:05:14+00:00\",\"dateModified\":\"2022-08-19T16:07:41+00:00\",\"mainEntityOfPage\":{\"@id\":\"https:\/\/experienciadevida.com.ar\/portalurbano\/foro-olavarria-fr-presento-dos-proyectos-con-foco-en-caminos-interurbanos-y-arbolado-urbano\/\"},\"wordCount\":477,\"publisher\":{\"@id\":\"https:\/\/experienciadevida.com.ar\/portalurbano\/#organization\"},\"articleSection\":[\"Ciudad\"],\"inLanguage\":\"es\"},{\"@type\":\"WebPage\",\"@id\":\"https:\/\/experienciadevida.com.ar\/portalurbano\/foro-olavarria-fr-presento-dos-proyectos-con-foco-en-caminos-interurbanos-y-arbolado-urbano\/\",\"url\":\"https:\/\/experienciadevida.com.ar\/portalurbano\/foro-olavarria-fr-presento-dos-proyectos-con-foco-en-caminos-interurbanos-y-arbolado-urbano\/\",\"name\":\"Foro Olavarr\u00eda- FR present\u00f3 dos proyectos con foco en caminos\",\"isPartOf\":{\"@id\":\"https:\/\/experienciadevida.com.ar\/portalurbano\/#website\"},\"datePublished\":\"2022-08-19T16:05:14+00:00\",\"dateModified\":\"2022-08-19T16:07:41+00:00\",\"description\":\"Foro Olavarr\u00eda - FR present\u00f3 dos proyectos con foco en caminos interurbanos y arbolado urbano, el bloque conformado\",\"breadcrumb\":{\"@id\":\"https:\/\/experienciadevida.com.ar\/portalurbano\/foro-olavarria-fr-presento-dos-proyectos-con-foco-en-caminos-interurbanos-y-arbolado-urbano\/#breadcrumb\"},\"inLanguage\":\"es\",\"potentialAction\":[{\"@type\":\"ReadAction\",\"target\":[\"https:\/\/experienciadevida.com.ar\/portalurbano\/foro-olavarria-fr-presento-dos-proyectos-con-foco-en-caminos-interurbanos-y-arbolado-urbano\/\"]}]},{\"@type\":\"BreadcrumbList\",\"@id\":\"https:\/\/experienciadevida.com.ar\/portalurbano\/foro-olavarria-fr-presento-dos-proyectos-con-foco-en-caminos-interurbanos-y-arbolado-urbano\/#breadcrumb\",\"itemListElement\":[{\"@type\":\"ListItem\",\"position\":1,\"name\":\"Portada\",\"item\":\"https:\/\/experienciadevida.com.ar\/portalurbano\/\"},{\"@type\":\"ListItem\",\"position\":2,\"name\":\"Foro Olavarr\u00eda &#8211; FR present\u00f3 dos proyectos con foco en caminos interurbanos y arbolado urbano\"}]},{\"@type\":\"WebSite\",\"@id\":\"https:\/\/experienciadevida.com.ar\/portalurbano\/#website\",\"url\":\"https:\/\/experienciadevida.com.ar\/portalurbano\/\",\"name\":\"\",\"description\":\"\",\"publisher\":{\"@id\":\"https:\/\/experienciadevida.com.ar\/portalurbano\/#organization\"},\"potentialAction\":[{\"@type\":\"SearchAction\",\"target\":{\"@type\":\"EntryPoint\",\"urlTemplate\":\"https:\/\/experienciadevida.com.ar\/portalurbano\/?s={search_term_string}\"},\"query-input\":\"required name=search_term_string\"}],\"inLanguage\":\"es\"},{\"@type\":\"Organization\",\"@id\":\"https:\/\/experienciadevida.com.ar\/portalurbano\/#organization\",\"name\":\"Portal Urbano\",\"url\":\"https:\/\/experienciadevida.com.ar\/portalurbano\/\",\"logo\":{\"@type\":\"ImageObject\",\"inLanguage\":\"es\",\"@id\":\"https:\/\/experienciadevida.com.ar\/portalurbano\/#\/schema\/logo\/image\/\",\"url\":\"https:\/\/experienciadevida.com.ar\/portalurbano\/wp-content\/uploads\/2019\/09\/Logo-Original.png\",\"contentUrl\":\"https:\/\/experienciadevida.com.ar\/portalurbano\/wp-content\/uploads\/2019\/09\/Logo-Original.png\",\"width\":2236,\"height\":1216,\"caption\":\"Portal Urbano\"},\"image\":{\"@id\":\"https:\/\/experienciadevida.com.ar\/portalurbano\/#\/schema\/logo\/image\/\"},\"sameAs\":[\"https:\/\/www.facebook.com\/Portal-Urbano-171542830093757\/\",\"https:\/\/twitter.com\/portalurbanook\",\"https:\/\/www.instagram.com\/_portalurbano\/\",\"https:\/\/www.youtube.com\/channel\/UCXhagIfszH8KxFiOok79zbA?view_as=subscriber\"]},{\"@type\":\"Person\",\"@id\":\"https:\/\/experienciadevida.com.ar\/portalurbano\/#\/schema\/person\/02dd326b1c4b056e9cc972486934a3a7\",\"name\":\"admpu17wp\",\"image\":{\"@type\":\"ImageObject\",\"inLanguage\":\"es\",\"@id\":\"https:\/\/experienciadevida.com.ar\/portalurbano\/#\/schema\/person\/image\/\",\"url\":\"https:\/\/secure.gravatar.com\/avatar\/830d4c57adaae6630765e449a6908047?s=96&d=mm&r=g\",\"contentUrl\":\"https:\/\/secure.gravatar.com\/avatar\/830d4c57adaae6630765e449a6908047?s=96&d=mm&r=g\",\"caption\":\"admpu17wp\"}}]}<\/script>\n<!-- \/ Yoast SEO plugin. -->","yoast_head_json":{"title":"Foro Olavarr\u00eda- FR present\u00f3 dos proyectos con foco en caminos","description":"Foro Olavarr\u00eda - FR present\u00f3 dos proyectos con foco en caminos interurbanos y arbolado urbano, el bloque conformado","robots":{"index":"index","follow":"follow","max-snippet":"max-snippet:-1","max-image-preview":"max-image-preview:large","max-video-preview":"max-video-preview:-1"},"canonical":"https:\/\/experienciadevida.com.ar\/portalurbano\/foro-olavarria-fr-presento-dos-proyectos-con-foco-en-caminos-interurbanos-y-arbolado-urbano\/","og_locale":"es_ES","og_type":"article","og_title":"Foro Olavarr\u00eda- FR present\u00f3 dos proyectos con foco en caminos","og_description":"Foro Olavarr\u00eda - FR present\u00f3 dos proyectos con foco en caminos interurbanos y arbolado urbano, el bloque conformado","og_url":"https:\/\/experienciadevida.com.ar\/portalurbano\/foro-olavarria-fr-presento-dos-proyectos-con-foco-en-caminos-interurbanos-y-arbolado-urbano\/","article_publisher":"https:\/\/www.facebook.com\/Portal-Urbano-171542830093757\/","article_published_time":"2022-08-19T16:05:14+00:00","article_modified_time":"2022-08-19T16:07:41+00:00","og_image":[{"width":800,"height":500,"url":"https:\/\/experienciadevida.com.ar\/portalurbano\/wp-content\/uploads\/2022\/08\/Foro-Olavarria.jpg","type":"image\/jpeg"}],"author":"admpu17wp","twitter_card":"summary_large_image","twitter_creator":"@portalurbanook","twitter_site":"@portalurbanook","twitter_misc":{"Escrito por":"admpu17wp","Tiempo de lectura":"3 minutos"},"schema":{"@context":"https:\/\/schema.org","@graph":[{"@type":"Article","@id":"https:\/\/experienciadevida.com.ar\/portalurbano\/foro-olavarria-fr-presento-dos-proyectos-con-foco-en-caminos-interurbanos-y-arbolado-urbano\/#article","isPartOf":{"@id":"https:\/\/experienciadevida.com.ar\/portalurbano\/foro-olavarria-fr-presento-dos-proyectos-con-foco-en-caminos-interurbanos-y-arbolado-urbano\/"},"author":{"name":"admpu17wp","@id":"https:\/\/experienciadevida.com.ar\/portalurbano\/#\/schema\/person\/02dd326b1c4b056e9cc972486934a3a7"},"headline":"Foro Olavarr\u00eda &#8211; FR present\u00f3 dos proyectos con foco en caminos interurbanos y arbolado urbano","datePublished":"2022-08-19T16:05:14+00:00","dateModified":"2022-08-19T16:07:41+00:00","mainEntityOfPage":{"@id":"https:\/\/experienciadevida.com.ar\/portalurbano\/foro-olavarria-fr-presento-dos-proyectos-con-foco-en-caminos-interurbanos-y-arbolado-urbano\/"},"wordCount":477,"publisher":{"@id":"https:\/\/experienciadevida.com.ar\/portalurbano\/#organization"},"articleSection":["Ciudad"],"inLanguage":"es"},{"@type":"WebPage","@id":"https:\/\/experienciadevida.com.ar\/portalurbano\/foro-olavarria-fr-presento-dos-proyectos-con-foco-en-caminos-interurbanos-y-arbolado-urbano\/","url":"https:\/\/experienciadevida.com.ar\/portalurbano\/foro-olavarria-fr-presento-dos-proyectos-con-foco-en-caminos-interurbanos-y-arbolado-urbano\/","name":"Foro Olavarr\u00eda- FR present\u00f3 dos proyectos con foco en caminos","isPartOf":{"@id":"https:\/\/experienciadevida.com.ar\/portalurbano\/#website"},"datePublished":"2022-08-19T16:05:14+00:00","dateModified":"2022-08-19T16:07:41+00:00","description":"Foro Olavarr\u00eda - FR present\u00f3 dos proyectos con foco en caminos interurbanos y arbolado urbano, el bloque conformado","breadcrumb":{"@id":"https:\/\/experienciadevida.com.ar\/portalurbano\/foro-olavarria-fr-presento-dos-proyectos-con-foco-en-caminos-interurbanos-y-arbolado-urbano\/#breadcrumb"},"inLanguage":"es","potentialAction":[{"@type":"ReadAction","target":["https:\/\/experienciadevida.com.ar\/portalurbano\/foro-olavarria-fr-presento-dos-proyectos-con-foco-en-caminos-interurbanos-y-arbolado-urbano\/"]}]},{"@type":"BreadcrumbList","@id":"https:\/\/experienciadevida.com.ar\/portalurbano\/foro-olavarria-fr-presento-dos-proyectos-con-foco-en-caminos-interurbanos-y-arbolado-urbano\/#breadcrumb","itemListElement":[{"@type":"ListItem","position":1,"name":"Portada","item":"https:\/\/experienciadevida.com.ar\/portalurbano\/"},{"@type":"ListItem","position":2,"name":"Foro Olavarr\u00eda &#8211; FR present\u00f3 dos proyectos con foco en caminos interurbanos y arbolado urbano"}]},{"@type":"WebSite","@id":"https:\/\/experienciadevida.com.ar\/portalurbano\/#website","url":"https:\/\/experienciadevida.com.ar\/portalurbano\/","name":"","description":"","publisher":{"@id":"https:\/\/experienciadevida.com.ar\/portalurbano\/#organization"},"potentialAction":[{"@type":"SearchAction","target":{"@type":"EntryPoint","urlTemplate":"https:\/\/experienciadevida.com.ar\/portalurbano\/?s={search_term_string}"},"query-input":"required name=search_term_string"}],"inLanguage":"es"},{"@type":"Organization","@id":"https:\/\/experienciadevida.com.ar\/portalurbano\/#organization","name":"Portal Urbano","url":"https:\/\/experienciadevida.com.ar\/portalurbano\/","logo":{"@type":"ImageObject","inLanguage":"es","@id":"https:\/\/experienciadevida.com.ar\/portalurbano\/#\/schema\/logo\/image\/","url":"https:\/\/experienciadevida.com.ar\/portalurbano\/wp-content\/uploads\/2019\/09\/Logo-Original.png","contentUrl":"https:\/\/experienciadevida.com.ar\/portalurbano\/wp-content\/uploads\/2019\/09\/Logo-Original.png","width":2236,"height":1216,"caption":"Portal Urbano"},"image":{"@id":"https:\/\/experienciadevida.com.ar\/portalurbano\/#\/schema\/logo\/image\/"},"sameAs":["https:\/\/www.facebook.com\/Portal-Urbano-171542830093757\/","https:\/\/twitter.com\/portalurbanook","https:\/\/www.instagram.com\/_portalurbano\/","https:\/\/www.youtube.com\/channel\/UCXhagIfszH8KxFiOok79zbA?view_as=subscriber"]},{"@type":"Person","@id":"https:\/\/experienciadevida.com.ar\/portalurbano\/#\/schema\/person\/02dd326b1c4b056e9cc972486934a3a7","name":"admpu17wp","image":{"@type":"ImageObject","inLanguage":"es","@id":"https:\/\/experienciadevida.com.ar\/portalurbano\/#\/schema\/person\/image\/","url":"https:\/\/secure.gravatar.com\/avatar\/830d4c57adaae6630765e449a6908047?s=96&d=mm&r=g","contentUrl":"https:\/\/secure.gravatar.com\/avatar\/830d4c57adaae6630765e449a6908047?s=96&d=mm&r=g","caption":"admpu17wp"}}]}},"featured_image_urls":{"full":["https:\/\/experienciadevida.com.ar\/portalurbano\/wp-content\/uploads\/2022\/08\/Foro-Olavarria.jpg",800,500,false],"thumbnail":["https:\/\/experienciadevida.com.ar\/portalurbano\/wp-content\/uploads\/2022\/08\/Foro-Olavarria-150x150.jpg",150,150,true],"medium":["https:\/\/experienciadevida.com.ar\/portalurbano\/wp-content\/uploads\/2022\/08\/Foro-Olavarria-300x188.jpg",300,188,true],"medium_large":["https:\/\/experienciadevida.com.ar\/portalurbano\/wp-content\/uploads\/2022\/08\/Foro-Olavarria-768x480.jpg",640,400,true],"large":["https:\/\/experienciadevida.com.ar\/portalurbano\/wp-content\/uploads\/2022\/08\/Foro-Olavarria.jpg",640,400,false],"ug_big":["https:\/\/experienciadevida.com.ar\/portalurbano\/wp-content\/uploads\/2022\/08\/Foro-Olavarria-768x480.jpg",768,480,true],"1536x1536":["https:\/\/experienciadevida.com.ar\/portalurbano\/wp-content\/uploads\/2022\/08\/Foro-Olavarria.jpg",800,500,false],"2048x2048":["https:\/\/experienciadevida.com.ar\/portalurbano\/wp-content\/uploads\/2022\/08\/Foro-Olavarria.jpg",800,500,false],"newsever-slider-full":["https:\/\/experienciadevida.com.ar\/portalurbano\/wp-content\/uploads\/2022\/08\/Foro-Olavarria.jpg",800,500,false],"newsever-featured":["https:\/\/experienciadevida.com.ar\/portalurbano\/wp-content\/uploads\/2022\/08\/Foro-Olavarria.jpg",800,500,false],"newsever-medium":["https:\/\/experienciadevida.com.ar\/portalurbano\/wp-content\/uploads\/2022\/08\/Foro-Olavarria.jpg",720,450,false],"web-stories-poster-portrait":["https:\/\/experienciadevida.com.ar\/portalurbano\/wp-content\/uploads\/2022\/08\/Foro-Olavarria-640x500.jpg",640,500,true],"web-stories-publisher-logo":["https:\/\/experienciadevida.com.ar\/portalurbano\/wp-content\/uploads\/2022\/08\/Foro-Olavarria-96x96.jpg",96,96,true],"web-stories-thumbnail":["https:\/\/experienciadevida.com.ar\/portalurbano\/wp-content\/uploads\/2022\/08\/Foro-Olavarria-150x94.jpg",150,94,true]},"author_info":{"display_name":"admpu17wp","author_link":"https:\/\/experienciadevida.com.ar\/portalurbano\/author\/admpu17wp\/"},"category_info":"<a href=\"https:\/\/experienciadevida.com.ar\/portalurbano\/category\/ciudad\/\" rel=\"category tag\">Ciudad<\/a>","tag_info":"Ciudad","comment_count":"0","amp_enabled":true,"_links":{"self":[{"href":"https:\/\/experienciadevida.com.ar\/portalurbano\/wp-json\/wp\/v2\/posts\/173674"}],"collection":[{"href":"https:\/\/experienciadevida.com.ar\/portalurbano\/wp-json\/wp\/v2\/posts"}],"about":[{"href":"https:\/\/experienciadevida.com.ar\/portalurbano\/wp-json\/wp\/v2\/types\/post"}],"author":[{"embeddable":true,"href":"https:\/\/experienciadevida.com.ar\/portalurbano\/wp-json\/wp\/v2\/users\/1"}],"replies":[{"embeddable":true,"href":"https:\/\/experienciadevida.com.ar\/portalurbano\/wp-json\/wp\/v2\/comments?post=173674"}],"version-history":[{"count":4,"href":"https:\/\/experienciadevida.com.ar\/portalurbano\/wp-json\/wp\/v2\/posts\/173674\/revisions"}],"predecessor-version":[{"id":173680,"href":"https:\/\/experienciadevida.com.ar\/portalurbano\/wp-json\/wp\/v2\/posts\/173674\/revisions\/173680"}],"wp:featuredmedia":[{"embeddable":true,"href":"https:\/\/experienciadevida.com.ar\/portalurbano\/wp-json\/wp\/v2\/media\/173675"}],"wp:attachment":[{"href":"https:\/\/experienciadevida.com.ar\/portalurbano\/wp-json\/wp\/v2\/media?parent=173674"}],"wp:term":[{"taxonomy":"category","embeddable":true,"href":"https:\/\/experienciadevida.com.ar\/portalurbano\/wp-json\/wp\/v2\/categories?post=173674"},{"taxonomy":"post_tag","embeddable":true,"href":"https:\/\/experienciadevida.com.ar\/portalurbano\/wp-json\/wp\/v2\/tags?post=173674"}],"curies":[{"name":"wp","href":"https:\/\/api.w.org\/{rel}","templated":true}]}}