{"id":173667,"date":"2022-08-19T12:57:02","date_gmt":"2022-08-19T15:57:02","guid":{"rendered":"https:\/\/experienciadevida.com.ar\/portalurbano\/?p=173667"},"modified":"2022-08-19T13:00:18","modified_gmt":"2022-08-19T16:00:18","slug":"es-necesario-proyectar-una-olavarria-turistica","status":"publish","type":"post","link":"https:\/\/experienciadevida.com.ar\/portalurbano\/es-necesario-proyectar-una-olavarria-turistica\/","title":{"rendered":"\u201cEs necesario proyectar una Olavarr\u00eda tur\u00edstica\u201d"},"content":{"rendered":"<p>\u201cEs necesario proyectar una Olavarr\u00eda tur\u00edstica\u201d, los concejales <a href=\"https:\/\/www.instagram.com\/sebastianmatrella\/\">Sebasti\u00e1n Matrella<\/a> y <a href=\"https:\/\/www.instagram.com\/belenvergel\/\">Bel\u00e9n Vergel<\/a> visitaron la Calera 1888 en Sierras Bayas. Fueron recibidos por Cecilia Alves y Natalia Callegaro, quienes vienen trabajando en una agenda que involucre a las canteras y las f\u00e1bricas con el turismo.<\/p>\n<p><a href=\"https:\/\/experienciadevida.com.ar\/portalurbano\/es-necesario-proyectar-una-olavarria-turistica\/es-necesario\/\" rel=\"attachment wp-att-173670\"><img decoding=\"async\" class=\"alignnone size-large wp-image-173670\" src=\"https:\/\/experienciadevida.com.ar\/portalurbano\/wp-content\/uploads\/2022\/08\/Es-necesario-1024x768.jpeg\" alt=\"Es necesario \" width=\"900\" height=\"675\" srcset=\"https:\/\/experienciadevida.com.ar\/portalurbano\/wp-content\/uploads\/2022\/08\/Es-necesario-1024x768.jpeg 1024w, https:\/\/experienciadevida.com.ar\/portalurbano\/wp-content\/uploads\/2022\/08\/Es-necesario-300x225.jpeg 300w, https:\/\/experienciadevida.com.ar\/portalurbano\/wp-content\/uploads\/2022\/08\/Es-necesario-768x576.jpeg 768w, https:\/\/experienciadevida.com.ar\/portalurbano\/wp-content\/uploads\/2022\/08\/Es-necesario-150x113.jpeg 150w, https:\/\/experienciadevida.com.ar\/portalurbano\/wp-content\/uploads\/2022\/08\/Es-necesario.jpeg 1280w\" sizes=\"(max-width: 900px) 100vw, 900px\" \/><\/a><\/p>\n<p>Matrella y Vergel mantuvieron un encuentro en Sierras Bayas acompa\u00f1ados por Mercedes Germillac, miembro de los equipos t\u00e9cnicos de la UCR. En la reuni\u00f3n, Alves y Callegaro plantearon su iniciativa que busca que el<br \/>\nturismo y las canteras pueden convivir, y que incluso se pueden elaborar propuestas que proyecten un uso sustentable de los espacios naturales.<\/p>\n<p>Vienen trabajando y proyectando desde hace tiempo en esta modalidad de turismo, que busca potenciar y aprovechar el patrimonio espec\u00edfico de las localidades: visitas a antiguas y actuales f\u00e1bricas, recorridas por<br \/>\ninstalaciones y procesos productivos. De esta manera, se podr\u00eda lograr una simbiosis entre producci\u00f3n y turismo, que genere importantes ingresos a las comunidades locales.<\/p>\n<p><a href=\"https:\/\/experienciadevida.com.ar\/portalurbano\/es-necesario-proyectar-una-olavarria-turistica\/proyectar-2\/\" rel=\"attachment wp-att-173671\"><img decoding=\"async\" class=\"alignnone size-large wp-image-173671\" src=\"https:\/\/experienciadevida.com.ar\/portalurbano\/wp-content\/uploads\/2022\/08\/proyectar-1024x768.jpeg\" alt=\"proyectar \" width=\"900\" height=\"675\" srcset=\"https:\/\/experienciadevida.com.ar\/portalurbano\/wp-content\/uploads\/2022\/08\/proyectar-1024x768.jpeg 1024w, https:\/\/experienciadevida.com.ar\/portalurbano\/wp-content\/uploads\/2022\/08\/proyectar-300x225.jpeg 300w, https:\/\/experienciadevida.com.ar\/portalurbano\/wp-content\/uploads\/2022\/08\/proyectar-768x576.jpeg 768w, https:\/\/experienciadevida.com.ar\/portalurbano\/wp-content\/uploads\/2022\/08\/proyectar-150x113.jpeg 150w, https:\/\/experienciadevida.com.ar\/portalurbano\/wp-content\/uploads\/2022\/08\/proyectar.jpeg 1280w\" sizes=\"(max-width: 900px) 100vw, 900px\" \/><\/a><\/p>\n<p>Bel\u00e9n Vergel indic\u00f3 que \u201cEsta iniciativa genera empleo y mantenimiento de instalaciones industriales. Las viejas canteras recuperan sustentabilidad, y esto puede significar la recuperaci\u00f3n de espacios abandonados. Bien<br \/>\nsabemos que esta actividad es una fuente esencial de la identidad de los pueblos, con un gran valor simb\u00f3lico sobre la memoria hist\u00f3rica del trabajo y un importante capital cultural. Sin dudas, es una oportunidad de desarrollo para las localidad de nuestro Partido, al proporcionar promoci\u00f3n y difusi\u00f3n de actividades, recuperaci\u00f3n de la infraestructura, mejora de servicios p\u00fablicos y generaci\u00f3n de empleo en diferentes sectores como gastronom\u00eda, hospedaje, traslado, productos regionales, servicios varios, entre otros\u201d.<\/p>\n<p>La edil radical agreg\u00f3 que \u201cEs necesario proyectar una Olavarr\u00eda Tur\u00edstica, tenemos todo para serlo, los vecinos est\u00e1n pensando y trabajando en este sentido. Por eso queremos acompa\u00f1ar y ser parte de esta propuesta que se<br \/>\nest\u00e1 gestando. Seguiremos presentando proyectos en este sentido\u201d.<\/p>\n","protected":false},"excerpt":{"rendered":"<p>\u201cEs necesario proyectar una Olavarr\u00eda tur\u00edstica\u201d, los concejales Sebasti\u00e1n Matrella y Bel\u00e9n Vergel visitaron la&#8230;<\/p>\n","protected":false},"author":1,"featured_media":173668,"comment_status":"closed","ping_status":"closed","sticky":false,"template":"","format":"standard","meta":{"content-type":""},"categories":[27,51],"tags":[],"nelio_content":{"isAutoShareEnabled":false,"autoShareEndMode":"default","automationSources":{"useContentSentences":true,"useSocialTemplates":true,"useCustomSentences":false,"customSentences":[]},"followers":[1],"suggestedReferences":[],"includedReferences":["https:\/\/www.instagram.com\/sebastianmatrella\/"],"efiUrl":"","efiAlt":"","highlights":[]},"yoast_head":"<!-- This site is optimized with the Yoast SEO plugin v20.7 - https:\/\/yoast.com\/wordpress\/plugins\/seo\/ -->\n<title>&quot;Es necesario proyectar una Olavarr\u00eda Tur\u00edstica&quot;<\/title>\n<meta name=\"description\" content=\"\u201cEs necesario proyectar una Olavarr\u00eda tur\u00edstica\u201d, los concejales Sebasti\u00e1n Matrella y Bel\u00e9n Vergel visitaron la Calera 1888 en S. Bayas\" \/>\n<meta name=\"robots\" content=\"index, follow, max-snippet:-1, max-image-preview:large, max-video-preview:-1\" \/>\n<link rel=\"canonical\" href=\"https:\/\/experienciadevida.com.ar\/portalurbano\/es-necesario-proyectar-una-olavarria-turistica\/\" \/>\n<meta property=\"og:locale\" content=\"es_ES\" \/>\n<meta property=\"og:type\" content=\"article\" \/>\n<meta property=\"og:title\" content=\"&quot;Es necesario proyectar una Olavarr\u00eda Tur\u00edstica&quot;\" \/>\n<meta property=\"og:description\" content=\"\u201cEs necesario proyectar una Olavarr\u00eda tur\u00edstica\u201d, los concejales Sebasti\u00e1n Matrella y Bel\u00e9n Vergel visitaron la Calera 1888 en S. Bayas\" \/>\n<meta property=\"og:url\" content=\"https:\/\/experienciadevida.com.ar\/portalurbano\/es-necesario-proyectar-una-olavarria-turistica\/\" \/>\n<meta property=\"article:publisher\" content=\"https:\/\/www.facebook.com\/Portal-Urbano-171542830093757\/\" \/>\n<meta property=\"article:published_time\" content=\"2022-08-19T15:57:02+00:00\" \/>\n<meta property=\"article:modified_time\" content=\"2022-08-19T16:00:18+00:00\" \/>\n<meta property=\"og:image\" content=\"https:\/\/experienciadevida.com.ar\/portalurbano\/wp-content\/uploads\/2022\/08\/Es-necesario-proyectar-una.jpeg\" \/>\n\t<meta property=\"og:image:width\" content=\"1280\" \/>\n\t<meta property=\"og:image:height\" content=\"960\" \/>\n\t<meta property=\"og:image:type\" content=\"image\/jpeg\" \/>\n<meta name=\"author\" content=\"admpu17wp\" \/>\n<meta name=\"twitter:card\" content=\"summary_large_image\" \/>\n<meta name=\"twitter:creator\" content=\"@portalurbanook\" \/>\n<meta name=\"twitter:site\" content=\"@portalurbanook\" \/>\n<meta name=\"twitter:label1\" content=\"Escrito por\" \/>\n\t<meta name=\"twitter:data1\" content=\"admpu17wp\" \/>\n\t<meta name=\"twitter:label2\" content=\"Tiempo de lectura\" \/>\n\t<meta name=\"twitter:data2\" content=\"2 minutos\" \/>\n<script type=\"application\/ld+json\" class=\"yoast-schema-graph\">{\"@context\":\"https:\/\/schema.org\",\"@graph\":[{\"@type\":\"Article\",\"@id\":\"https:\/\/experienciadevida.com.ar\/portalurbano\/es-necesario-proyectar-una-olavarria-turistica\/#article\",\"isPartOf\":{\"@id\":\"https:\/\/experienciadevida.com.ar\/portalurbano\/es-necesario-proyectar-una-olavarria-turistica\/\"},\"author\":{\"name\":\"admpu17wp\",\"@id\":\"https:\/\/experienciadevida.com.ar\/portalurbano\/#\/schema\/person\/02dd326b1c4b056e9cc972486934a3a7\"},\"headline\":\"\u201cEs necesario proyectar una Olavarr\u00eda tur\u00edstica\u201d\",\"datePublished\":\"2022-08-19T15:57:02+00:00\",\"dateModified\":\"2022-08-19T16:00:18+00:00\",\"mainEntityOfPage\":{\"@id\":\"https:\/\/experienciadevida.com.ar\/portalurbano\/es-necesario-proyectar-una-olavarria-turistica\/\"},\"wordCount\":336,\"publisher\":{\"@id\":\"https:\/\/experienciadevida.com.ar\/portalurbano\/#organization\"},\"articleSection\":[\"Ciudad\",\"Destacadas\"],\"inLanguage\":\"es\"},{\"@type\":\"WebPage\",\"@id\":\"https:\/\/experienciadevida.com.ar\/portalurbano\/es-necesario-proyectar-una-olavarria-turistica\/\",\"url\":\"https:\/\/experienciadevida.com.ar\/portalurbano\/es-necesario-proyectar-una-olavarria-turistica\/\",\"name\":\"\\\"Es necesario proyectar una Olavarr\u00eda Tur\u00edstica\\\"\",\"isPartOf\":{\"@id\":\"https:\/\/experienciadevida.com.ar\/portalurbano\/#website\"},\"datePublished\":\"2022-08-19T15:57:02+00:00\",\"dateModified\":\"2022-08-19T16:00:18+00:00\",\"description\":\"\u201cEs necesario proyectar una Olavarr\u00eda tur\u00edstica\u201d, los concejales Sebasti\u00e1n Matrella y Bel\u00e9n Vergel visitaron la Calera 1888 en S. Bayas\",\"breadcrumb\":{\"@id\":\"https:\/\/experienciadevida.com.ar\/portalurbano\/es-necesario-proyectar-una-olavarria-turistica\/#breadcrumb\"},\"inLanguage\":\"es\",\"potentialAction\":[{\"@type\":\"ReadAction\",\"target\":[\"https:\/\/experienciadevida.com.ar\/portalurbano\/es-necesario-proyectar-una-olavarria-turistica\/\"]}]},{\"@type\":\"BreadcrumbList\",\"@id\":\"https:\/\/experienciadevida.com.ar\/portalurbano\/es-necesario-proyectar-una-olavarria-turistica\/#breadcrumb\",\"itemListElement\":[{\"@type\":\"ListItem\",\"position\":1,\"name\":\"Portada\",\"item\":\"https:\/\/experienciadevida.com.ar\/portalurbano\/\"},{\"@type\":\"ListItem\",\"position\":2,\"name\":\"\u201cEs necesario proyectar una Olavarr\u00eda tur\u00edstica\u201d\"}]},{\"@type\":\"WebSite\",\"@id\":\"https:\/\/experienciadevida.com.ar\/portalurbano\/#website\",\"url\":\"https:\/\/experienciadevida.com.ar\/portalurbano\/\",\"name\":\"\",\"description\":\"\",\"publisher\":{\"@id\":\"https:\/\/experienciadevida.com.ar\/portalurbano\/#organization\"},\"potentialAction\":[{\"@type\":\"SearchAction\",\"target\":{\"@type\":\"EntryPoint\",\"urlTemplate\":\"https:\/\/experienciadevida.com.ar\/portalurbano\/?s={search_term_string}\"},\"query-input\":\"required name=search_term_string\"}],\"inLanguage\":\"es\"},{\"@type\":\"Organization\",\"@id\":\"https:\/\/experienciadevida.com.ar\/portalurbano\/#organization\",\"name\":\"Portal Urbano\",\"url\":\"https:\/\/experienciadevida.com.ar\/portalurbano\/\",\"logo\":{\"@type\":\"ImageObject\",\"inLanguage\":\"es\",\"@id\":\"https:\/\/experienciadevida.com.ar\/portalurbano\/#\/schema\/logo\/image\/\",\"url\":\"https:\/\/experienciadevida.com.ar\/portalurbano\/wp-content\/uploads\/2019\/09\/Logo-Original.png\",\"contentUrl\":\"https:\/\/experienciadevida.com.ar\/portalurbano\/wp-content\/uploads\/2019\/09\/Logo-Original.png\",\"width\":2236,\"height\":1216,\"caption\":\"Portal Urbano\"},\"image\":{\"@id\":\"https:\/\/experienciadevida.com.ar\/portalurbano\/#\/schema\/logo\/image\/\"},\"sameAs\":[\"https:\/\/www.facebook.com\/Portal-Urbano-171542830093757\/\",\"https:\/\/twitter.com\/portalurbanook\",\"https:\/\/www.instagram.com\/_portalurbano\/\",\"https:\/\/www.youtube.com\/channel\/UCXhagIfszH8KxFiOok79zbA?view_as=subscriber\"]},{\"@type\":\"Person\",\"@id\":\"https:\/\/experienciadevida.com.ar\/portalurbano\/#\/schema\/person\/02dd326b1c4b056e9cc972486934a3a7\",\"name\":\"admpu17wp\",\"image\":{\"@type\":\"ImageObject\",\"inLanguage\":\"es\",\"@id\":\"https:\/\/experienciadevida.com.ar\/portalurbano\/#\/schema\/person\/image\/\",\"url\":\"https:\/\/secure.gravatar.com\/avatar\/830d4c57adaae6630765e449a6908047?s=96&d=mm&r=g\",\"contentUrl\":\"https:\/\/secure.gravatar.com\/avatar\/830d4c57adaae6630765e449a6908047?s=96&d=mm&r=g\",\"caption\":\"admpu17wp\"}}]}<\/script>\n<!-- \/ Yoast SEO plugin. -->","yoast_head_json":{"title":"\"Es necesario proyectar una Olavarr\u00eda Tur\u00edstica\"","description":"\u201cEs necesario proyectar una Olavarr\u00eda tur\u00edstica\u201d, los concejales Sebasti\u00e1n Matrella y Bel\u00e9n Vergel visitaron la Calera 1888 en S. Bayas","robots":{"index":"index","follow":"follow","max-snippet":"max-snippet:-1","max-image-preview":"max-image-preview:large","max-video-preview":"max-video-preview:-1"},"canonical":"https:\/\/experienciadevida.com.ar\/portalurbano\/es-necesario-proyectar-una-olavarria-turistica\/","og_locale":"es_ES","og_type":"article","og_title":"\"Es necesario proyectar una Olavarr\u00eda Tur\u00edstica\"","og_description":"\u201cEs necesario proyectar una Olavarr\u00eda tur\u00edstica\u201d, los concejales Sebasti\u00e1n Matrella y Bel\u00e9n Vergel visitaron la Calera 1888 en S. Bayas","og_url":"https:\/\/experienciadevida.com.ar\/portalurbano\/es-necesario-proyectar-una-olavarria-turistica\/","article_publisher":"https:\/\/www.facebook.com\/Portal-Urbano-171542830093757\/","article_published_time":"2022-08-19T15:57:02+00:00","article_modified_time":"2022-08-19T16:00:18+00:00","og_image":[{"width":1280,"height":960,"url":"https:\/\/experienciadevida.com.ar\/portalurbano\/wp-content\/uploads\/2022\/08\/Es-necesario-proyectar-una.jpeg","type":"image\/jpeg"}],"author":"admpu17wp","twitter_card":"summary_large_image","twitter_creator":"@portalurbanook","twitter_site":"@portalurbanook","twitter_misc":{"Escrito por":"admpu17wp","Tiempo de lectura":"2 minutos"},"schema":{"@context":"https:\/\/schema.org","@graph":[{"@type":"Article","@id":"https:\/\/experienciadevida.com.ar\/portalurbano\/es-necesario-proyectar-una-olavarria-turistica\/#article","isPartOf":{"@id":"https:\/\/experienciadevida.com.ar\/portalurbano\/es-necesario-proyectar-una-olavarria-turistica\/"},"author":{"name":"admpu17wp","@id":"https:\/\/experienciadevida.com.ar\/portalurbano\/#\/schema\/person\/02dd326b1c4b056e9cc972486934a3a7"},"headline":"\u201cEs necesario proyectar una Olavarr\u00eda tur\u00edstica\u201d","datePublished":"2022-08-19T15:57:02+00:00","dateModified":"2022-08-19T16:00:18+00:00","mainEntityOfPage":{"@id":"https:\/\/experienciadevida.com.ar\/portalurbano\/es-necesario-proyectar-una-olavarria-turistica\/"},"wordCount":336,"publisher":{"@id":"https:\/\/experienciadevida.com.ar\/portalurbano\/#organization"},"articleSection":["Ciudad","Destacadas"],"inLanguage":"es"},{"@type":"WebPage","@id":"https:\/\/experienciadevida.com.ar\/portalurbano\/es-necesario-proyectar-una-olavarria-turistica\/","url":"https:\/\/experienciadevida.com.ar\/portalurbano\/es-necesario-proyectar-una-olavarria-turistica\/","name":"\"Es necesario proyectar una Olavarr\u00eda Tur\u00edstica\"","isPartOf":{"@id":"https:\/\/experienciadevida.com.ar\/portalurbano\/#website"},"datePublished":"2022-08-19T15:57:02+00:00","dateModified":"2022-08-19T16:00:18+00:00","description":"\u201cEs necesario proyectar una Olavarr\u00eda tur\u00edstica\u201d, los concejales Sebasti\u00e1n Matrella y Bel\u00e9n Vergel visitaron la Calera 1888 en S. Bayas","breadcrumb":{"@id":"https:\/\/experienciadevida.com.ar\/portalurbano\/es-necesario-proyectar-una-olavarria-turistica\/#breadcrumb"},"inLanguage":"es","potentialAction":[{"@type":"ReadAction","target":["https:\/\/experienciadevida.com.ar\/portalurbano\/es-necesario-proyectar-una-olavarria-turistica\/"]}]},{"@type":"BreadcrumbList","@id":"https:\/\/experienciadevida.com.ar\/portalurbano\/es-necesario-proyectar-una-olavarria-turistica\/#breadcrumb","itemListElement":[{"@type":"ListItem","position":1,"name":"Portada","item":"https:\/\/experienciadevida.com.ar\/portalurbano\/"},{"@type":"ListItem","position":2,"name":"\u201cEs necesario proyectar una Olavarr\u00eda tur\u00edstica\u201d"}]},{"@type":"WebSite","@id":"https:\/\/experienciadevida.com.ar\/portalurbano\/#website","url":"https:\/\/experienciadevida.com.ar\/portalurbano\/","name":"","description":"","publisher":{"@id":"https:\/\/experienciadevida.com.ar\/portalurbano\/#organization"},"potentialAction":[{"@type":"SearchAction","target":{"@type":"EntryPoint","urlTemplate":"https:\/\/experienciadevida.com.ar\/portalurbano\/?s={search_term_string}"},"query-input":"required name=search_term_string"}],"inLanguage":"es"},{"@type":"Organization","@id":"https:\/\/experienciadevida.com.ar\/portalurbano\/#organization","name":"Portal Urbano","url":"https:\/\/experienciadevida.com.ar\/portalurbano\/","logo":{"@type":"ImageObject","inLanguage":"es","@id":"https:\/\/experienciadevida.com.ar\/portalurbano\/#\/schema\/logo\/image\/","url":"https:\/\/experienciadevida.com.ar\/portalurbano\/wp-content\/uploads\/2019\/09\/Logo-Original.png","contentUrl":"https:\/\/experienciadevida.com.ar\/portalurbano\/wp-content\/uploads\/2019\/09\/Logo-Original.png","width":2236,"height":1216,"caption":"Portal Urbano"},"image":{"@id":"https:\/\/experienciadevida.com.ar\/portalurbano\/#\/schema\/logo\/image\/"},"sameAs":["https:\/\/www.facebook.com\/Portal-Urbano-171542830093757\/","https:\/\/twitter.com\/portalurbanook","https:\/\/www.instagram.com\/_portalurbano\/","https:\/\/www.youtube.com\/channel\/UCXhagIfszH8KxFiOok79zbA?view_as=subscriber"]},{"@type":"Person","@id":"https:\/\/experienciadevida.com.ar\/portalurbano\/#\/schema\/person\/02dd326b1c4b056e9cc972486934a3a7","name":"admpu17wp","image":{"@type":"ImageObject","inLanguage":"es","@id":"https:\/\/experienciadevida.com.ar\/portalurbano\/#\/schema\/person\/image\/","url":"https:\/\/secure.gravatar.com\/avatar\/830d4c57adaae6630765e449a6908047?s=96&d=mm&r=g","contentUrl":"https:\/\/secure.gravatar.com\/avatar\/830d4c57adaae6630765e449a6908047?s=96&d=mm&r=g","caption":"admpu17wp"}}]}},"featured_image_urls":{"full":["https:\/\/experienciadevida.com.ar\/portalurbano\/wp-content\/uploads\/2022\/08\/Es-necesario-proyectar-una.jpeg",1280,960,false],"thumbnail":["https:\/\/experienciadevida.com.ar\/portalurbano\/wp-content\/uploads\/2022\/08\/Es-necesario-proyectar-una-150x150.jpeg",150,150,true],"medium":["https:\/\/experienciadevida.com.ar\/portalurbano\/wp-content\/uploads\/2022\/08\/Es-necesario-proyectar-una-300x225.jpeg",300,225,true],"medium_large":["https:\/\/experienciadevida.com.ar\/portalurbano\/wp-content\/uploads\/2022\/08\/Es-necesario-proyectar-una-768x576.jpeg",640,480,true],"large":["https:\/\/experienciadevida.com.ar\/portalurbano\/wp-content\/uploads\/2022\/08\/Es-necesario-proyectar-una-1024x768.jpeg",640,480,true],"ug_big":["https:\/\/experienciadevida.com.ar\/portalurbano\/wp-content\/uploads\/2022\/08\/Es-necesario-proyectar-una-768x576.jpeg",768,576,true],"1536x1536":["https:\/\/experienciadevida.com.ar\/portalurbano\/wp-content\/uploads\/2022\/08\/Es-necesario-proyectar-una.jpeg",1280,960,false],"2048x2048":["https:\/\/experienciadevida.com.ar\/portalurbano\/wp-content\/uploads\/2022\/08\/Es-necesario-proyectar-una.jpeg",1280,960,false],"newsever-slider-full":["https:\/\/experienciadevida.com.ar\/portalurbano\/wp-content\/uploads\/2022\/08\/Es-necesario-proyectar-una.jpeg",1127,845,false],"newsever-featured":["https:\/\/experienciadevida.com.ar\/portalurbano\/wp-content\/uploads\/2022\/08\/Es-necesario-proyectar-una.jpeg",1024,768,false],"newsever-medium":["https:\/\/experienciadevida.com.ar\/portalurbano\/wp-content\/uploads\/2022\/08\/Es-necesario-proyectar-una.jpeg",633,475,false],"web-stories-poster-portrait":["https:\/\/experienciadevida.com.ar\/portalurbano\/wp-content\/uploads\/2022\/08\/Es-necesario-proyectar-una-640x853.jpeg",640,853,true],"web-stories-publisher-logo":["https:\/\/experienciadevida.com.ar\/portalurbano\/wp-content\/uploads\/2022\/08\/Es-necesario-proyectar-una-96x96.jpeg",96,96,true],"web-stories-thumbnail":["https:\/\/experienciadevida.com.ar\/portalurbano\/wp-content\/uploads\/2022\/08\/Es-necesario-proyectar-una-150x113.jpeg",150,113,true]},"author_info":{"display_name":"admpu17wp","author_link":"https:\/\/experienciadevida.com.ar\/portalurbano\/author\/admpu17wp\/"},"category_info":"<a href=\"https:\/\/experienciadevida.com.ar\/portalurbano\/category\/ciudad\/\" rel=\"category tag\">Ciudad<\/a> <a href=\"https:\/\/experienciadevida.com.ar\/portalurbano\/category\/destacadas\/\" rel=\"category tag\">Destacadas<\/a>","tag_info":"Destacadas","comment_count":"0","amp_enabled":true,"_links":{"self":[{"href":"https:\/\/experienciadevida.com.ar\/portalurbano\/wp-json\/wp\/v2\/posts\/173667"}],"collection":[{"href":"https:\/\/experienciadevida.com.ar\/portalurbano\/wp-json\/wp\/v2\/posts"}],"about":[{"href":"https:\/\/experienciadevida.com.ar\/portalurbano\/wp-json\/wp\/v2\/types\/post"}],"author":[{"embeddable":true,"href":"https:\/\/experienciadevida.com.ar\/portalurbano\/wp-json\/wp\/v2\/users\/1"}],"replies":[{"embeddable":true,"href":"https:\/\/experienciadevida.com.ar\/portalurbano\/wp-json\/wp\/v2\/comments?post=173667"}],"version-history":[{"count":3,"href":"https:\/\/experienciadevida.com.ar\/portalurbano\/wp-json\/wp\/v2\/posts\/173667\/revisions"}],"predecessor-version":[{"id":173673,"href":"https:\/\/experienciadevida.com.ar\/portalurbano\/wp-json\/wp\/v2\/posts\/173667\/revisions\/173673"}],"wp:featuredmedia":[{"embeddable":true,"href":"https:\/\/experienciadevida.com.ar\/portalurbano\/wp-json\/wp\/v2\/media\/173668"}],"wp:attachment":[{"href":"https:\/\/experienciadevida.com.ar\/portalurbano\/wp-json\/wp\/v2\/media?parent=173667"}],"wp:term":[{"taxonomy":"category","embeddable":true,"href":"https:\/\/experienciadevida.com.ar\/portalurbano\/wp-json\/wp\/v2\/categories?post=173667"},{"taxonomy":"post_tag","embeddable":true,"href":"https:\/\/experienciadevida.com.ar\/portalurbano\/wp-json\/wp\/v2\/tags?post=173667"}],"curies":[{"name":"wp","href":"https:\/\/api.w.org\/{rel}","templated":true}]}}