{"id":173662,"date":"2022-08-19T12:51:21","date_gmt":"2022-08-19T15:51:21","guid":{"rendered":"https:\/\/experienciadevida.com.ar\/portalurbano\/?p=173662"},"modified":"2022-08-19T12:54:39","modified_gmt":"2022-08-19T15:54:39","slug":"fomento-vecinos-de-pueblo-nuevo-se-reunieron-con-concejales-para-denunciar-lo-que-padecen-hace-anos","status":"publish","type":"post","link":"https:\/\/experienciadevida.com.ar\/portalurbano\/fomento-vecinos-de-pueblo-nuevo-se-reunieron-con-concejales-para-denunciar-lo-que-padecen-hace-anos\/","title":{"rendered":"Fomento: vecinos de Pueblo Nuevo se reunieron con concejales para denunciar lo que padecen hace a\u00f1os"},"content":{"rendered":"<p>Fomento: vecinos de Pueblo Nuevo se reunieron con concejales para denunciar lo que padecen hace a\u00f1os, la reuni\u00f3n fue pedida a los ediles luego de conocer el proyecto presentado por el interbloque del Frente de Todos sobre Fomento Disco.<\/p>\n<p>Durante el encuentro, los vecinos expresaron lo que vienen padeciendo y denunciando desde hace tiempo con relaci\u00f3n a lo que sucede cada noche que abre Fomento Disco, adem\u00e1s indicaron que la Sociedad de Fomento perdi\u00f3 su esencia.<\/p>\n<p>En ese sentido los concejales destacaron: \u201cEs lamentable lo que los vecinos del barrio est\u00e1n pasando, personas que en muchos casos fueron parte de la Sociedad de Fomento nos relataron que antes la instituci\u00f3n colaboraba con la comunidad, otorgaba becas a los j\u00f3venes y brindaba servicios relacionados con la salud\u201d.<\/p>\n<p>\u201cLa Sociedad de Fomento ya no ofrece actividades sociales, sufri\u00f3 un vaciamiento total y solo es manejada con fines estrictamente comerciales, ni siquiera las personas a cargo son del barrio. Muchos hemos intentado participar sin embargo no nos han dejado\u201d, testimoniaron los damnificados.<\/p>\n<p>Con respecto al funcionamiento de Fomento Disco vecinos y vecinas expresaron: \u201cYa no sabemos qu\u00e9 hacer, estamos preocupados y nadie nos da una respuesta, es imposible dormir pero adem\u00e1s pasa de todo, muchos excesos, ruidos y violencia\u201d.<\/p>\n<p>Por \u00faltimo los vecinos de Pueblo Nuevo manifestaron la necesidad de recuperar la Sociedad de Fomento: \u201cQueremos que vuelva a ser lo que era, recuperar su identidad, lo social y sea un lugar de encuentro\u201d.<\/p>\n<p>De la reuni\u00f3n participaron <a href=\"https:\/\/www.instagram.com\/telmacazot\/\">Telma Cazot,<\/a> <a href=\"https:\/\/www.instagram.com\/landivar_mercedes\/\">Mercedes Landivar<\/a>, Natalia \u00c1lvarez, <a href=\"https:\/\/www.instagram.com\/maximilianowesner\/\">Maximiliano Wesner<\/a> y Ubaldo Garc\u00eda, integrantes del bloque del Frente de Todos.<\/p>\n","protected":false},"excerpt":{"rendered":"<p>Fomento: vecinos de Pueblo Nuevo se reunieron con concejales para denunciar lo que padecen hace&#8230;<\/p>\n","protected":false},"author":1,"featured_media":173663,"comment_status":"closed","ping_status":"closed","sticky":false,"template":"","format":"standard","meta":{"content-type":""},"categories":[27,64],"tags":[],"nelio_content":{"isAutoShareEnabled":false,"autoShareEndMode":"default","automationSources":{"useContentSentences":true,"useSocialTemplates":true,"useCustomSentences":false,"customSentences":[]},"followers":[1],"suggestedReferences":[],"includedReferences":[],"efiUrl":"","efiAlt":"","highlights":[]},"yoast_head":"<!-- This site is optimized with the Yoast SEO plugin v20.7 - https:\/\/yoast.com\/wordpress\/plugins\/seo\/ -->\n<title>Fomento: Vecinos de Pueblo Nuevo se reunieron con concejales<\/title>\n<meta name=\"description\" content=\"Fomento: vecinos de Pueblo Nuevo se reunieron con concejales para denunciar lo que padecen hace a\u00f1os, la reuni\u00f3n fue pedida por vecinos\" \/>\n<meta name=\"robots\" content=\"index, follow, max-snippet:-1, max-image-preview:large, max-video-preview:-1\" \/>\n<link rel=\"canonical\" href=\"https:\/\/experienciadevida.com.ar\/portalurbano\/fomento-vecinos-de-pueblo-nuevo-se-reunieron-con-concejales-para-denunciar-lo-que-padecen-hace-anos\/\" \/>\n<meta property=\"og:locale\" content=\"es_ES\" \/>\n<meta property=\"og:type\" content=\"article\" \/>\n<meta property=\"og:title\" content=\"Fomento: Vecinos de Pueblo Nuevo se reunieron con concejales\" \/>\n<meta property=\"og:description\" content=\"Fomento: vecinos de Pueblo Nuevo se reunieron con concejales para denunciar lo que padecen hace a\u00f1os, la reuni\u00f3n fue pedida por vecinos\" \/>\n<meta property=\"og:url\" content=\"https:\/\/experienciadevida.com.ar\/portalurbano\/fomento-vecinos-de-pueblo-nuevo-se-reunieron-con-concejales-para-denunciar-lo-que-padecen-hace-anos\/\" \/>\n<meta property=\"article:publisher\" content=\"https:\/\/www.facebook.com\/Portal-Urbano-171542830093757\/\" \/>\n<meta property=\"article:published_time\" content=\"2022-08-19T15:51:21+00:00\" \/>\n<meta property=\"article:modified_time\" content=\"2022-08-19T15:54:39+00:00\" \/>\n<meta property=\"og:image\" content=\"https:\/\/experienciadevida.com.ar\/portalurbano\/wp-content\/uploads\/2022\/08\/Fomento.jpg\" \/>\n\t<meta property=\"og:image:width\" content=\"1600\" \/>\n\t<meta property=\"og:image:height\" content=\"952\" \/>\n\t<meta property=\"og:image:type\" content=\"image\/jpeg\" \/>\n<meta name=\"author\" content=\"admpu17wp\" \/>\n<meta name=\"twitter:card\" content=\"summary_large_image\" \/>\n<meta name=\"twitter:creator\" content=\"@portalurbanook\" \/>\n<meta name=\"twitter:site\" content=\"@portalurbanook\" \/>\n<meta name=\"twitter:label1\" content=\"Escrito por\" \/>\n\t<meta name=\"twitter:data1\" content=\"admpu17wp\" \/>\n\t<meta name=\"twitter:label2\" content=\"Tiempo de lectura\" \/>\n\t<meta name=\"twitter:data2\" content=\"2 minutos\" \/>\n<script type=\"application\/ld+json\" class=\"yoast-schema-graph\">{\"@context\":\"https:\/\/schema.org\",\"@graph\":[{\"@type\":\"Article\",\"@id\":\"https:\/\/experienciadevida.com.ar\/portalurbano\/fomento-vecinos-de-pueblo-nuevo-se-reunieron-con-concejales-para-denunciar-lo-que-padecen-hace-anos\/#article\",\"isPartOf\":{\"@id\":\"https:\/\/experienciadevida.com.ar\/portalurbano\/fomento-vecinos-de-pueblo-nuevo-se-reunieron-con-concejales-para-denunciar-lo-que-padecen-hace-anos\/\"},\"author\":{\"name\":\"admpu17wp\",\"@id\":\"https:\/\/experienciadevida.com.ar\/portalurbano\/#\/schema\/person\/02dd326b1c4b056e9cc972486934a3a7\"},\"headline\":\"Fomento: vecinos de Pueblo Nuevo se reunieron con concejales para denunciar lo que padecen hace a\u00f1os\",\"datePublished\":\"2022-08-19T15:51:21+00:00\",\"dateModified\":\"2022-08-19T15:54:39+00:00\",\"mainEntityOfPage\":{\"@id\":\"https:\/\/experienciadevida.com.ar\/portalurbano\/fomento-vecinos-de-pueblo-nuevo-se-reunieron-con-concejales-para-denunciar-lo-que-padecen-hace-anos\/\"},\"wordCount\":290,\"publisher\":{\"@id\":\"https:\/\/experienciadevida.com.ar\/portalurbano\/#organization\"},\"articleSection\":[\"Ciudad\",\"Destacadas 2\"],\"inLanguage\":\"es\"},{\"@type\":\"WebPage\",\"@id\":\"https:\/\/experienciadevida.com.ar\/portalurbano\/fomento-vecinos-de-pueblo-nuevo-se-reunieron-con-concejales-para-denunciar-lo-que-padecen-hace-anos\/\",\"url\":\"https:\/\/experienciadevida.com.ar\/portalurbano\/fomento-vecinos-de-pueblo-nuevo-se-reunieron-con-concejales-para-denunciar-lo-que-padecen-hace-anos\/\",\"name\":\"Fomento: Vecinos de Pueblo Nuevo se reunieron con concejales\",\"isPartOf\":{\"@id\":\"https:\/\/experienciadevida.com.ar\/portalurbano\/#website\"},\"datePublished\":\"2022-08-19T15:51:21+00:00\",\"dateModified\":\"2022-08-19T15:54:39+00:00\",\"description\":\"Fomento: vecinos de Pueblo Nuevo se reunieron con concejales para denunciar lo que padecen hace a\u00f1os, la reuni\u00f3n fue pedida por vecinos\",\"breadcrumb\":{\"@id\":\"https:\/\/experienciadevida.com.ar\/portalurbano\/fomento-vecinos-de-pueblo-nuevo-se-reunieron-con-concejales-para-denunciar-lo-que-padecen-hace-anos\/#breadcrumb\"},\"inLanguage\":\"es\",\"potentialAction\":[{\"@type\":\"ReadAction\",\"target\":[\"https:\/\/experienciadevida.com.ar\/portalurbano\/fomento-vecinos-de-pueblo-nuevo-se-reunieron-con-concejales-para-denunciar-lo-que-padecen-hace-anos\/\"]}]},{\"@type\":\"BreadcrumbList\",\"@id\":\"https:\/\/experienciadevida.com.ar\/portalurbano\/fomento-vecinos-de-pueblo-nuevo-se-reunieron-con-concejales-para-denunciar-lo-que-padecen-hace-anos\/#breadcrumb\",\"itemListElement\":[{\"@type\":\"ListItem\",\"position\":1,\"name\":\"Portada\",\"item\":\"https:\/\/experienciadevida.com.ar\/portalurbano\/\"},{\"@type\":\"ListItem\",\"position\":2,\"name\":\"Fomento: vecinos de Pueblo Nuevo se reunieron con concejales para denunciar lo que padecen hace a\u00f1os\"}]},{\"@type\":\"WebSite\",\"@id\":\"https:\/\/experienciadevida.com.ar\/portalurbano\/#website\",\"url\":\"https:\/\/experienciadevida.com.ar\/portalurbano\/\",\"name\":\"\",\"description\":\"\",\"publisher\":{\"@id\":\"https:\/\/experienciadevida.com.ar\/portalurbano\/#organization\"},\"potentialAction\":[{\"@type\":\"SearchAction\",\"target\":{\"@type\":\"EntryPoint\",\"urlTemplate\":\"https:\/\/experienciadevida.com.ar\/portalurbano\/?s={search_term_string}\"},\"query-input\":\"required name=search_term_string\"}],\"inLanguage\":\"es\"},{\"@type\":\"Organization\",\"@id\":\"https:\/\/experienciadevida.com.ar\/portalurbano\/#organization\",\"name\":\"Portal Urbano\",\"url\":\"https:\/\/experienciadevida.com.ar\/portalurbano\/\",\"logo\":{\"@type\":\"ImageObject\",\"inLanguage\":\"es\",\"@id\":\"https:\/\/experienciadevida.com.ar\/portalurbano\/#\/schema\/logo\/image\/\",\"url\":\"https:\/\/experienciadevida.com.ar\/portalurbano\/wp-content\/uploads\/2019\/09\/Logo-Original.png\",\"contentUrl\":\"https:\/\/experienciadevida.com.ar\/portalurbano\/wp-content\/uploads\/2019\/09\/Logo-Original.png\",\"width\":2236,\"height\":1216,\"caption\":\"Portal Urbano\"},\"image\":{\"@id\":\"https:\/\/experienciadevida.com.ar\/portalurbano\/#\/schema\/logo\/image\/\"},\"sameAs\":[\"https:\/\/www.facebook.com\/Portal-Urbano-171542830093757\/\",\"https:\/\/twitter.com\/portalurbanook\",\"https:\/\/www.instagram.com\/_portalurbano\/\",\"https:\/\/www.youtube.com\/channel\/UCXhagIfszH8KxFiOok79zbA?view_as=subscriber\"]},{\"@type\":\"Person\",\"@id\":\"https:\/\/experienciadevida.com.ar\/portalurbano\/#\/schema\/person\/02dd326b1c4b056e9cc972486934a3a7\",\"name\":\"admpu17wp\",\"image\":{\"@type\":\"ImageObject\",\"inLanguage\":\"es\",\"@id\":\"https:\/\/experienciadevida.com.ar\/portalurbano\/#\/schema\/person\/image\/\",\"url\":\"https:\/\/secure.gravatar.com\/avatar\/830d4c57adaae6630765e449a6908047?s=96&d=mm&r=g\",\"contentUrl\":\"https:\/\/secure.gravatar.com\/avatar\/830d4c57adaae6630765e449a6908047?s=96&d=mm&r=g\",\"caption\":\"admpu17wp\"}}]}<\/script>\n<!-- \/ Yoast SEO plugin. -->","yoast_head_json":{"title":"Fomento: Vecinos de Pueblo Nuevo se reunieron con concejales","description":"Fomento: vecinos de Pueblo Nuevo se reunieron con concejales para denunciar lo que padecen hace a\u00f1os, la reuni\u00f3n fue pedida por vecinos","robots":{"index":"index","follow":"follow","max-snippet":"max-snippet:-1","max-image-preview":"max-image-preview:large","max-video-preview":"max-video-preview:-1"},"canonical":"https:\/\/experienciadevida.com.ar\/portalurbano\/fomento-vecinos-de-pueblo-nuevo-se-reunieron-con-concejales-para-denunciar-lo-que-padecen-hace-anos\/","og_locale":"es_ES","og_type":"article","og_title":"Fomento: Vecinos de Pueblo Nuevo se reunieron con concejales","og_description":"Fomento: vecinos de Pueblo Nuevo se reunieron con concejales para denunciar lo que padecen hace a\u00f1os, la reuni\u00f3n fue pedida por vecinos","og_url":"https:\/\/experienciadevida.com.ar\/portalurbano\/fomento-vecinos-de-pueblo-nuevo-se-reunieron-con-concejales-para-denunciar-lo-que-padecen-hace-anos\/","article_publisher":"https:\/\/www.facebook.com\/Portal-Urbano-171542830093757\/","article_published_time":"2022-08-19T15:51:21+00:00","article_modified_time":"2022-08-19T15:54:39+00:00","og_image":[{"width":1600,"height":952,"url":"https:\/\/experienciadevida.com.ar\/portalurbano\/wp-content\/uploads\/2022\/08\/Fomento.jpg","type":"image\/jpeg"}],"author":"admpu17wp","twitter_card":"summary_large_image","twitter_creator":"@portalurbanook","twitter_site":"@portalurbanook","twitter_misc":{"Escrito por":"admpu17wp","Tiempo de lectura":"2 minutos"},"schema":{"@context":"https:\/\/schema.org","@graph":[{"@type":"Article","@id":"https:\/\/experienciadevida.com.ar\/portalurbano\/fomento-vecinos-de-pueblo-nuevo-se-reunieron-con-concejales-para-denunciar-lo-que-padecen-hace-anos\/#article","isPartOf":{"@id":"https:\/\/experienciadevida.com.ar\/portalurbano\/fomento-vecinos-de-pueblo-nuevo-se-reunieron-con-concejales-para-denunciar-lo-que-padecen-hace-anos\/"},"author":{"name":"admpu17wp","@id":"https:\/\/experienciadevida.com.ar\/portalurbano\/#\/schema\/person\/02dd326b1c4b056e9cc972486934a3a7"},"headline":"Fomento: vecinos de Pueblo Nuevo se reunieron con concejales para denunciar lo que padecen hace a\u00f1os","datePublished":"2022-08-19T15:51:21+00:00","dateModified":"2022-08-19T15:54:39+00:00","mainEntityOfPage":{"@id":"https:\/\/experienciadevida.com.ar\/portalurbano\/fomento-vecinos-de-pueblo-nuevo-se-reunieron-con-concejales-para-denunciar-lo-que-padecen-hace-anos\/"},"wordCount":290,"publisher":{"@id":"https:\/\/experienciadevida.com.ar\/portalurbano\/#organization"},"articleSection":["Ciudad","Destacadas 2"],"inLanguage":"es"},{"@type":"WebPage","@id":"https:\/\/experienciadevida.com.ar\/portalurbano\/fomento-vecinos-de-pueblo-nuevo-se-reunieron-con-concejales-para-denunciar-lo-que-padecen-hace-anos\/","url":"https:\/\/experienciadevida.com.ar\/portalurbano\/fomento-vecinos-de-pueblo-nuevo-se-reunieron-con-concejales-para-denunciar-lo-que-padecen-hace-anos\/","name":"Fomento: Vecinos de Pueblo Nuevo se reunieron con concejales","isPartOf":{"@id":"https:\/\/experienciadevida.com.ar\/portalurbano\/#website"},"datePublished":"2022-08-19T15:51:21+00:00","dateModified":"2022-08-19T15:54:39+00:00","description":"Fomento: vecinos de Pueblo Nuevo se reunieron con concejales para denunciar lo que padecen hace a\u00f1os, la reuni\u00f3n fue pedida por vecinos","breadcrumb":{"@id":"https:\/\/experienciadevida.com.ar\/portalurbano\/fomento-vecinos-de-pueblo-nuevo-se-reunieron-con-concejales-para-denunciar-lo-que-padecen-hace-anos\/#breadcrumb"},"inLanguage":"es","potentialAction":[{"@type":"ReadAction","target":["https:\/\/experienciadevida.com.ar\/portalurbano\/fomento-vecinos-de-pueblo-nuevo-se-reunieron-con-concejales-para-denunciar-lo-que-padecen-hace-anos\/"]}]},{"@type":"BreadcrumbList","@id":"https:\/\/experienciadevida.com.ar\/portalurbano\/fomento-vecinos-de-pueblo-nuevo-se-reunieron-con-concejales-para-denunciar-lo-que-padecen-hace-anos\/#breadcrumb","itemListElement":[{"@type":"ListItem","position":1,"name":"Portada","item":"https:\/\/experienciadevida.com.ar\/portalurbano\/"},{"@type":"ListItem","position":2,"name":"Fomento: vecinos de Pueblo Nuevo se reunieron con concejales para denunciar lo que padecen hace a\u00f1os"}]},{"@type":"WebSite","@id":"https:\/\/experienciadevida.com.ar\/portalurbano\/#website","url":"https:\/\/experienciadevida.com.ar\/portalurbano\/","name":"","description":"","publisher":{"@id":"https:\/\/experienciadevida.com.ar\/portalurbano\/#organization"},"potentialAction":[{"@type":"SearchAction","target":{"@type":"EntryPoint","urlTemplate":"https:\/\/experienciadevida.com.ar\/portalurbano\/?s={search_term_string}"},"query-input":"required name=search_term_string"}],"inLanguage":"es"},{"@type":"Organization","@id":"https:\/\/experienciadevida.com.ar\/portalurbano\/#organization","name":"Portal Urbano","url":"https:\/\/experienciadevida.com.ar\/portalurbano\/","logo":{"@type":"ImageObject","inLanguage":"es","@id":"https:\/\/experienciadevida.com.ar\/portalurbano\/#\/schema\/logo\/image\/","url":"https:\/\/experienciadevida.com.ar\/portalurbano\/wp-content\/uploads\/2019\/09\/Logo-Original.png","contentUrl":"https:\/\/experienciadevida.com.ar\/portalurbano\/wp-content\/uploads\/2019\/09\/Logo-Original.png","width":2236,"height":1216,"caption":"Portal Urbano"},"image":{"@id":"https:\/\/experienciadevida.com.ar\/portalurbano\/#\/schema\/logo\/image\/"},"sameAs":["https:\/\/www.facebook.com\/Portal-Urbano-171542830093757\/","https:\/\/twitter.com\/portalurbanook","https:\/\/www.instagram.com\/_portalurbano\/","https:\/\/www.youtube.com\/channel\/UCXhagIfszH8KxFiOok79zbA?view_as=subscriber"]},{"@type":"Person","@id":"https:\/\/experienciadevida.com.ar\/portalurbano\/#\/schema\/person\/02dd326b1c4b056e9cc972486934a3a7","name":"admpu17wp","image":{"@type":"ImageObject","inLanguage":"es","@id":"https:\/\/experienciadevida.com.ar\/portalurbano\/#\/schema\/person\/image\/","url":"https:\/\/secure.gravatar.com\/avatar\/830d4c57adaae6630765e449a6908047?s=96&d=mm&r=g","contentUrl":"https:\/\/secure.gravatar.com\/avatar\/830d4c57adaae6630765e449a6908047?s=96&d=mm&r=g","caption":"admpu17wp"}}]}},"featured_image_urls":{"full":["https:\/\/experienciadevida.com.ar\/portalurbano\/wp-content\/uploads\/2022\/08\/Fomento.jpg",1600,952,false],"thumbnail":["https:\/\/experienciadevida.com.ar\/portalurbano\/wp-content\/uploads\/2022\/08\/Fomento-150x150.jpg",150,150,true],"medium":["https:\/\/experienciadevida.com.ar\/portalurbano\/wp-content\/uploads\/2022\/08\/Fomento-300x179.jpg",300,179,true],"medium_large":["https:\/\/experienciadevida.com.ar\/portalurbano\/wp-content\/uploads\/2022\/08\/Fomento-768x457.jpg",640,381,true],"large":["https:\/\/experienciadevida.com.ar\/portalurbano\/wp-content\/uploads\/2022\/08\/Fomento-1024x609.jpg",640,381,true],"ug_big":["https:\/\/experienciadevida.com.ar\/portalurbano\/wp-content\/uploads\/2022\/08\/Fomento-768x457.jpg",768,457,true],"1536x1536":["https:\/\/experienciadevida.com.ar\/portalurbano\/wp-content\/uploads\/2022\/08\/Fomento-1536x914.jpg",1536,914,true],"2048x2048":["https:\/\/experienciadevida.com.ar\/portalurbano\/wp-content\/uploads\/2022\/08\/Fomento.jpg",1600,952,false],"newsever-slider-full":["https:\/\/experienciadevida.com.ar\/portalurbano\/wp-content\/uploads\/2022\/08\/Fomento.jpg",1280,762,false],"newsever-featured":["https:\/\/experienciadevida.com.ar\/portalurbano\/wp-content\/uploads\/2022\/08\/Fomento.jpg",1024,609,false],"newsever-medium":["https:\/\/experienciadevida.com.ar\/portalurbano\/wp-content\/uploads\/2022\/08\/Fomento.jpg",720,428,false],"web-stories-poster-portrait":["https:\/\/experienciadevida.com.ar\/portalurbano\/wp-content\/uploads\/2022\/08\/Fomento-640x853.jpg",640,853,true],"web-stories-publisher-logo":["https:\/\/experienciadevida.com.ar\/portalurbano\/wp-content\/uploads\/2022\/08\/Fomento-96x96.jpg",96,96,true],"web-stories-thumbnail":["https:\/\/experienciadevida.com.ar\/portalurbano\/wp-content\/uploads\/2022\/08\/Fomento-150x89.jpg",150,89,true]},"author_info":{"display_name":"admpu17wp","author_link":"https:\/\/experienciadevida.com.ar\/portalurbano\/author\/admpu17wp\/"},"category_info":"<a href=\"https:\/\/experienciadevida.com.ar\/portalurbano\/category\/ciudad\/\" rel=\"category tag\">Ciudad<\/a> <a href=\"https:\/\/experienciadevida.com.ar\/portalurbano\/category\/destacadas-2\/\" rel=\"category tag\">Destacadas 2<\/a>","tag_info":"Destacadas 2","comment_count":"0","amp_enabled":true,"_links":{"self":[{"href":"https:\/\/experienciadevida.com.ar\/portalurbano\/wp-json\/wp\/v2\/posts\/173662"}],"collection":[{"href":"https:\/\/experienciadevida.com.ar\/portalurbano\/wp-json\/wp\/v2\/posts"}],"about":[{"href":"https:\/\/experienciadevida.com.ar\/portalurbano\/wp-json\/wp\/v2\/types\/post"}],"author":[{"embeddable":true,"href":"https:\/\/experienciadevida.com.ar\/portalurbano\/wp-json\/wp\/v2\/users\/1"}],"replies":[{"embeddable":true,"href":"https:\/\/experienciadevida.com.ar\/portalurbano\/wp-json\/wp\/v2\/comments?post=173662"}],"version-history":[{"count":3,"href":"https:\/\/experienciadevida.com.ar\/portalurbano\/wp-json\/wp\/v2\/posts\/173662\/revisions"}],"predecessor-version":[{"id":173666,"href":"https:\/\/experienciadevida.com.ar\/portalurbano\/wp-json\/wp\/v2\/posts\/173662\/revisions\/173666"}],"wp:featuredmedia":[{"embeddable":true,"href":"https:\/\/experienciadevida.com.ar\/portalurbano\/wp-json\/wp\/v2\/media\/173663"}],"wp:attachment":[{"href":"https:\/\/experienciadevida.com.ar\/portalurbano\/wp-json\/wp\/v2\/media?parent=173662"}],"wp:term":[{"taxonomy":"category","embeddable":true,"href":"https:\/\/experienciadevida.com.ar\/portalurbano\/wp-json\/wp\/v2\/categories?post=173662"},{"taxonomy":"post_tag","embeddable":true,"href":"https:\/\/experienciadevida.com.ar\/portalurbano\/wp-json\/wp\/v2\/tags?post=173662"}],"curies":[{"name":"wp","href":"https:\/\/api.w.org\/{rel}","templated":true}]}}