{"id":173659,"date":"2022-08-19T10:38:49","date_gmt":"2022-08-19T13:38:49","guid":{"rendered":"https:\/\/experienciadevida.com.ar\/portalurbano\/?p=173659"},"modified":"2022-08-19T10:39:20","modified_gmt":"2022-08-19T13:39:20","slug":"reunion-con-representantes-de-alojamientos-turisticos","status":"publish","type":"post","link":"https:\/\/experienciadevida.com.ar\/portalurbano\/reunion-con-representantes-de-alojamientos-turisticos\/","title":{"rendered":"Reuni\u00f3n con representantes de alojamientos tur\u00edsticos"},"content":{"rendered":"<p>Reuni\u00f3n con representantes de alojamientos tur\u00edsticos, d\u00edas atr\u00e1s se llev\u00f3 a cabo una reuni\u00f3n con representantes de alojamientos tur\u00edsticos del Partido de Olavarr\u00eda en el Palacio San Mart\u00edn, convocada por la Direcci\u00f3n de Turismo, dependiente de la Secretar\u00eda de Desarrollo Econ\u00f3mico.<\/p>\n<p>El motivo del encuentro fue informar las novedades sobre las que se est\u00e1 trabajando en el \u00e1rea y adem\u00e1s poder obtener una retroalimentaci\u00f3n entre las partes.<\/p>\n<p>Respecto a las actividades en marcha, se comunic\u00f3 acerca de la actualizaci\u00f3n de alojamientos en la gu\u00eda de servicios con datos de utilidad para toda la comunidad.<\/p>\n<p>De igual manera se inform\u00f3 sobre la realizaci\u00f3n de un Bus Tur\u00edstico especial para prestadores de alojamientos, con el fin de capacitar a los mismos para que puedan ofrecer una propuesta m\u00e1s amplia y enriquecedora tanto de los lugares gastron\u00f3micos como de los atractivos tur\u00edsticos de las localidades, para que puedan transmitir cuando reciben pasajeros.<\/p>\n<p>Por otro lado, se compartieron los resultados del relevamiento realizado por el \u00e1rea, durante las vacaciones de invierno. En este contexto se destac\u00f3 la importancia de contar con los datos de los principales sectores intervinientes, para as\u00ed poder conocer el movimiento tur\u00edstico de la zona en pos de analizar propuestas que se ajusten a las demandas de los visitantes.<\/p>\n<p>Se anunci\u00f3 el trabajo en conjunto que se desarrolla con el Gobierno de la Ciudad de Buenos Aires, para lo cual se los invit\u00f3 a la participaci\u00f3n de cursos gratuitos online que brinda BA Emprende. Entendiendo que una de las mayores necesidades es la mejora de las herramientas digitales, se trabaj\u00f3 con conjunto para acercarles propuestas de Marketing Digital y Redes Sociales. Los mismos permitir\u00e1n optimizar las estrategias de ventas en redes, la creaci\u00f3n de contenido y la experiencia de los usuarios.<\/p>\n<p>En el encuentro estuvieron presentes integrantes de los equipos de Empleo y Modernizaci\u00f3n de la Secretar\u00eda de Desarrollo Econ\u00f3mico, quienes presentaron la Expo Formaci\u00f3n + Empleo, que se realizar\u00e1 el 2 de septiembre, en el marco del D\u00eda de la Industria. En relaci\u00f3n a los prestadores se les brind\u00f3 un espacio de escucha para visibilizar las demandas laborales que se perciben en su rubro, con el prop\u00f3sito de buscar ofertas educativas que contribuyan a la soluci\u00f3n de los mismos, a ser abordadas en el marco del evento.<\/p>\n<p>Por \u00faltimo, se les acercaron las propuestas pensadas para el 27 de septiembre, D\u00eda Internacional del Turismo, para lo cual se prev\u00e9n actividades desde el \u00e1rea, para desarrollarse durante todo el mes, como el Cicloturismo, el Bus Tur\u00edstico y adem\u00e1s, acciones conjuntas en redes con ellos, buscando fomentar la actividad tur\u00edstica local y visibilizar los principales actores.<\/p>\n<p>&nbsp;<\/p>\n","protected":false},"excerpt":{"rendered":"<p>Reuni\u00f3n con representantes de alojamientos tur\u00edsticos, d\u00edas atr\u00e1s se llev\u00f3 a cabo una reuni\u00f3n con&#8230;<\/p>\n","protected":false},"author":1,"featured_media":173660,"comment_status":"closed","ping_status":"closed","sticky":false,"template":"","format":"standard","meta":{"content-type":""},"categories":[27,64],"tags":[],"nelio_content":{"isAutoShareEnabled":false,"autoShareEndMode":"default","automationSources":{"useContentSentences":true,"useSocialTemplates":true,"useCustomSentences":false,"customSentences":[]},"followers":[1],"suggestedReferences":[],"includedReferences":[],"efiUrl":"","efiAlt":"","highlights":[]},"yoast_head":"<!-- This site is optimized with the Yoast SEO plugin v20.7 - https:\/\/yoast.com\/wordpress\/plugins\/seo\/ -->\n<title>Reuni\u00f3n con representantes de alojamientos tur\u00edsticos -<\/title>\n<meta name=\"robots\" content=\"index, follow, max-snippet:-1, max-image-preview:large, max-video-preview:-1\" \/>\n<link rel=\"canonical\" href=\"https:\/\/experienciadevida.com.ar\/portalurbano\/reunion-con-representantes-de-alojamientos-turisticos\/\" \/>\n<meta property=\"og:locale\" content=\"es_ES\" \/>\n<meta property=\"og:type\" content=\"article\" \/>\n<meta property=\"og:title\" content=\"Reuni\u00f3n con representantes de alojamientos tur\u00edsticos -\" \/>\n<meta property=\"og:description\" content=\"Reuni\u00f3n con representantes de alojamientos tur\u00edsticos, d\u00edas atr\u00e1s se llev\u00f3 a cabo una reuni\u00f3n con...\" \/>\n<meta property=\"og:url\" content=\"https:\/\/experienciadevida.com.ar\/portalurbano\/reunion-con-representantes-de-alojamientos-turisticos\/\" \/>\n<meta property=\"article:publisher\" content=\"https:\/\/www.facebook.com\/Portal-Urbano-171542830093757\/\" \/>\n<meta property=\"article:published_time\" content=\"2022-08-19T13:38:49+00:00\" \/>\n<meta property=\"article:modified_time\" content=\"2022-08-19T13:39:20+00:00\" \/>\n<meta property=\"og:image\" content=\"https:\/\/experienciadevida.com.ar\/portalurbano\/wp-content\/uploads\/2022\/08\/Reunion-con-representantes-de.jpg\" \/>\n\t<meta property=\"og:image:width\" content=\"1024\" \/>\n\t<meta property=\"og:image:height\" content=\"682\" \/>\n\t<meta property=\"og:image:type\" content=\"image\/jpeg\" \/>\n<meta name=\"author\" content=\"admpu17wp\" \/>\n<meta name=\"twitter:card\" content=\"summary_large_image\" \/>\n<meta name=\"twitter:creator\" content=\"@portalurbanook\" \/>\n<meta name=\"twitter:site\" content=\"@portalurbanook\" \/>\n<meta name=\"twitter:label1\" content=\"Escrito por\" \/>\n\t<meta name=\"twitter:data1\" content=\"admpu17wp\" \/>\n\t<meta name=\"twitter:label2\" content=\"Tiempo de lectura\" \/>\n\t<meta name=\"twitter:data2\" content=\"2 minutos\" \/>\n<script type=\"application\/ld+json\" class=\"yoast-schema-graph\">{\"@context\":\"https:\/\/schema.org\",\"@graph\":[{\"@type\":\"Article\",\"@id\":\"https:\/\/experienciadevida.com.ar\/portalurbano\/reunion-con-representantes-de-alojamientos-turisticos\/#article\",\"isPartOf\":{\"@id\":\"https:\/\/experienciadevida.com.ar\/portalurbano\/reunion-con-representantes-de-alojamientos-turisticos\/\"},\"author\":{\"name\":\"admpu17wp\",\"@id\":\"https:\/\/experienciadevida.com.ar\/portalurbano\/#\/schema\/person\/02dd326b1c4b056e9cc972486934a3a7\"},\"headline\":\"Reuni\u00f3n con representantes de alojamientos tur\u00edsticos\",\"datePublished\":\"2022-08-19T13:38:49+00:00\",\"dateModified\":\"2022-08-19T13:39:20+00:00\",\"mainEntityOfPage\":{\"@id\":\"https:\/\/experienciadevida.com.ar\/portalurbano\/reunion-con-representantes-de-alojamientos-turisticos\/\"},\"wordCount\":477,\"publisher\":{\"@id\":\"https:\/\/experienciadevida.com.ar\/portalurbano\/#organization\"},\"articleSection\":[\"Ciudad\",\"Destacadas 2\"],\"inLanguage\":\"es\"},{\"@type\":\"WebPage\",\"@id\":\"https:\/\/experienciadevida.com.ar\/portalurbano\/reunion-con-representantes-de-alojamientos-turisticos\/\",\"url\":\"https:\/\/experienciadevida.com.ar\/portalurbano\/reunion-con-representantes-de-alojamientos-turisticos\/\",\"name\":\"Reuni\u00f3n con representantes de alojamientos tur\u00edsticos -\",\"isPartOf\":{\"@id\":\"https:\/\/experienciadevida.com.ar\/portalurbano\/#website\"},\"datePublished\":\"2022-08-19T13:38:49+00:00\",\"dateModified\":\"2022-08-19T13:39:20+00:00\",\"breadcrumb\":{\"@id\":\"https:\/\/experienciadevida.com.ar\/portalurbano\/reunion-con-representantes-de-alojamientos-turisticos\/#breadcrumb\"},\"inLanguage\":\"es\",\"potentialAction\":[{\"@type\":\"ReadAction\",\"target\":[\"https:\/\/experienciadevida.com.ar\/portalurbano\/reunion-con-representantes-de-alojamientos-turisticos\/\"]}]},{\"@type\":\"BreadcrumbList\",\"@id\":\"https:\/\/experienciadevida.com.ar\/portalurbano\/reunion-con-representantes-de-alojamientos-turisticos\/#breadcrumb\",\"itemListElement\":[{\"@type\":\"ListItem\",\"position\":1,\"name\":\"Portada\",\"item\":\"https:\/\/experienciadevida.com.ar\/portalurbano\/\"},{\"@type\":\"ListItem\",\"position\":2,\"name\":\"Reuni\u00f3n con representantes de alojamientos tur\u00edsticos\"}]},{\"@type\":\"WebSite\",\"@id\":\"https:\/\/experienciadevida.com.ar\/portalurbano\/#website\",\"url\":\"https:\/\/experienciadevida.com.ar\/portalurbano\/\",\"name\":\"\",\"description\":\"\",\"publisher\":{\"@id\":\"https:\/\/experienciadevida.com.ar\/portalurbano\/#organization\"},\"potentialAction\":[{\"@type\":\"SearchAction\",\"target\":{\"@type\":\"EntryPoint\",\"urlTemplate\":\"https:\/\/experienciadevida.com.ar\/portalurbano\/?s={search_term_string}\"},\"query-input\":\"required name=search_term_string\"}],\"inLanguage\":\"es\"},{\"@type\":\"Organization\",\"@id\":\"https:\/\/experienciadevida.com.ar\/portalurbano\/#organization\",\"name\":\"Portal Urbano\",\"url\":\"https:\/\/experienciadevida.com.ar\/portalurbano\/\",\"logo\":{\"@type\":\"ImageObject\",\"inLanguage\":\"es\",\"@id\":\"https:\/\/experienciadevida.com.ar\/portalurbano\/#\/schema\/logo\/image\/\",\"url\":\"https:\/\/experienciadevida.com.ar\/portalurbano\/wp-content\/uploads\/2019\/09\/Logo-Original.png\",\"contentUrl\":\"https:\/\/experienciadevida.com.ar\/portalurbano\/wp-content\/uploads\/2019\/09\/Logo-Original.png\",\"width\":2236,\"height\":1216,\"caption\":\"Portal Urbano\"},\"image\":{\"@id\":\"https:\/\/experienciadevida.com.ar\/portalurbano\/#\/schema\/logo\/image\/\"},\"sameAs\":[\"https:\/\/www.facebook.com\/Portal-Urbano-171542830093757\/\",\"https:\/\/twitter.com\/portalurbanook\",\"https:\/\/www.instagram.com\/_portalurbano\/\",\"https:\/\/www.youtube.com\/channel\/UCXhagIfszH8KxFiOok79zbA?view_as=subscriber\"]},{\"@type\":\"Person\",\"@id\":\"https:\/\/experienciadevida.com.ar\/portalurbano\/#\/schema\/person\/02dd326b1c4b056e9cc972486934a3a7\",\"name\":\"admpu17wp\",\"image\":{\"@type\":\"ImageObject\",\"inLanguage\":\"es\",\"@id\":\"https:\/\/experienciadevida.com.ar\/portalurbano\/#\/schema\/person\/image\/\",\"url\":\"https:\/\/secure.gravatar.com\/avatar\/830d4c57adaae6630765e449a6908047?s=96&d=mm&r=g\",\"contentUrl\":\"https:\/\/secure.gravatar.com\/avatar\/830d4c57adaae6630765e449a6908047?s=96&d=mm&r=g\",\"caption\":\"admpu17wp\"}}]}<\/script>\n<!-- \/ Yoast SEO plugin. -->","yoast_head_json":{"title":"Reuni\u00f3n con representantes de alojamientos tur\u00edsticos -","robots":{"index":"index","follow":"follow","max-snippet":"max-snippet:-1","max-image-preview":"max-image-preview:large","max-video-preview":"max-video-preview:-1"},"canonical":"https:\/\/experienciadevida.com.ar\/portalurbano\/reunion-con-representantes-de-alojamientos-turisticos\/","og_locale":"es_ES","og_type":"article","og_title":"Reuni\u00f3n con representantes de alojamientos tur\u00edsticos -","og_description":"Reuni\u00f3n con representantes de alojamientos tur\u00edsticos, d\u00edas atr\u00e1s se llev\u00f3 a cabo una reuni\u00f3n con...","og_url":"https:\/\/experienciadevida.com.ar\/portalurbano\/reunion-con-representantes-de-alojamientos-turisticos\/","article_publisher":"https:\/\/www.facebook.com\/Portal-Urbano-171542830093757\/","article_published_time":"2022-08-19T13:38:49+00:00","article_modified_time":"2022-08-19T13:39:20+00:00","og_image":[{"width":1024,"height":682,"url":"https:\/\/experienciadevida.com.ar\/portalurbano\/wp-content\/uploads\/2022\/08\/Reunion-con-representantes-de.jpg","type":"image\/jpeg"}],"author":"admpu17wp","twitter_card":"summary_large_image","twitter_creator":"@portalurbanook","twitter_site":"@portalurbanook","twitter_misc":{"Escrito por":"admpu17wp","Tiempo de lectura":"2 minutos"},"schema":{"@context":"https:\/\/schema.org","@graph":[{"@type":"Article","@id":"https:\/\/experienciadevida.com.ar\/portalurbano\/reunion-con-representantes-de-alojamientos-turisticos\/#article","isPartOf":{"@id":"https:\/\/experienciadevida.com.ar\/portalurbano\/reunion-con-representantes-de-alojamientos-turisticos\/"},"author":{"name":"admpu17wp","@id":"https:\/\/experienciadevida.com.ar\/portalurbano\/#\/schema\/person\/02dd326b1c4b056e9cc972486934a3a7"},"headline":"Reuni\u00f3n con representantes de alojamientos tur\u00edsticos","datePublished":"2022-08-19T13:38:49+00:00","dateModified":"2022-08-19T13:39:20+00:00","mainEntityOfPage":{"@id":"https:\/\/experienciadevida.com.ar\/portalurbano\/reunion-con-representantes-de-alojamientos-turisticos\/"},"wordCount":477,"publisher":{"@id":"https:\/\/experienciadevida.com.ar\/portalurbano\/#organization"},"articleSection":["Ciudad","Destacadas 2"],"inLanguage":"es"},{"@type":"WebPage","@id":"https:\/\/experienciadevida.com.ar\/portalurbano\/reunion-con-representantes-de-alojamientos-turisticos\/","url":"https:\/\/experienciadevida.com.ar\/portalurbano\/reunion-con-representantes-de-alojamientos-turisticos\/","name":"Reuni\u00f3n con representantes de alojamientos tur\u00edsticos -","isPartOf":{"@id":"https:\/\/experienciadevida.com.ar\/portalurbano\/#website"},"datePublished":"2022-08-19T13:38:49+00:00","dateModified":"2022-08-19T13:39:20+00:00","breadcrumb":{"@id":"https:\/\/experienciadevida.com.ar\/portalurbano\/reunion-con-representantes-de-alojamientos-turisticos\/#breadcrumb"},"inLanguage":"es","potentialAction":[{"@type":"ReadAction","target":["https:\/\/experienciadevida.com.ar\/portalurbano\/reunion-con-representantes-de-alojamientos-turisticos\/"]}]},{"@type":"BreadcrumbList","@id":"https:\/\/experienciadevida.com.ar\/portalurbano\/reunion-con-representantes-de-alojamientos-turisticos\/#breadcrumb","itemListElement":[{"@type":"ListItem","position":1,"name":"Portada","item":"https:\/\/experienciadevida.com.ar\/portalurbano\/"},{"@type":"ListItem","position":2,"name":"Reuni\u00f3n con representantes de alojamientos tur\u00edsticos"}]},{"@type":"WebSite","@id":"https:\/\/experienciadevida.com.ar\/portalurbano\/#website","url":"https:\/\/experienciadevida.com.ar\/portalurbano\/","name":"","description":"","publisher":{"@id":"https:\/\/experienciadevida.com.ar\/portalurbano\/#organization"},"potentialAction":[{"@type":"SearchAction","target":{"@type":"EntryPoint","urlTemplate":"https:\/\/experienciadevida.com.ar\/portalurbano\/?s={search_term_string}"},"query-input":"required name=search_term_string"}],"inLanguage":"es"},{"@type":"Organization","@id":"https:\/\/experienciadevida.com.ar\/portalurbano\/#organization","name":"Portal Urbano","url":"https:\/\/experienciadevida.com.ar\/portalurbano\/","logo":{"@type":"ImageObject","inLanguage":"es","@id":"https:\/\/experienciadevida.com.ar\/portalurbano\/#\/schema\/logo\/image\/","url":"https:\/\/experienciadevida.com.ar\/portalurbano\/wp-content\/uploads\/2019\/09\/Logo-Original.png","contentUrl":"https:\/\/experienciadevida.com.ar\/portalurbano\/wp-content\/uploads\/2019\/09\/Logo-Original.png","width":2236,"height":1216,"caption":"Portal Urbano"},"image":{"@id":"https:\/\/experienciadevida.com.ar\/portalurbano\/#\/schema\/logo\/image\/"},"sameAs":["https:\/\/www.facebook.com\/Portal-Urbano-171542830093757\/","https:\/\/twitter.com\/portalurbanook","https:\/\/www.instagram.com\/_portalurbano\/","https:\/\/www.youtube.com\/channel\/UCXhagIfszH8KxFiOok79zbA?view_as=subscriber"]},{"@type":"Person","@id":"https:\/\/experienciadevida.com.ar\/portalurbano\/#\/schema\/person\/02dd326b1c4b056e9cc972486934a3a7","name":"admpu17wp","image":{"@type":"ImageObject","inLanguage":"es","@id":"https:\/\/experienciadevida.com.ar\/portalurbano\/#\/schema\/person\/image\/","url":"https:\/\/secure.gravatar.com\/avatar\/830d4c57adaae6630765e449a6908047?s=96&d=mm&r=g","contentUrl":"https:\/\/secure.gravatar.com\/avatar\/830d4c57adaae6630765e449a6908047?s=96&d=mm&r=g","caption":"admpu17wp"}}]}},"featured_image_urls":{"full":["https:\/\/experienciadevida.com.ar\/portalurbano\/wp-content\/uploads\/2022\/08\/Reunion-con-representantes-de.jpg",1024,682,false],"thumbnail":["https:\/\/experienciadevida.com.ar\/portalurbano\/wp-content\/uploads\/2022\/08\/Reunion-con-representantes-de-150x150.jpg",150,150,true],"medium":["https:\/\/experienciadevida.com.ar\/portalurbano\/wp-content\/uploads\/2022\/08\/Reunion-con-representantes-de-300x200.jpg",300,200,true],"medium_large":["https:\/\/experienciadevida.com.ar\/portalurbano\/wp-content\/uploads\/2022\/08\/Reunion-con-representantes-de-768x512.jpg",640,427,true],"large":["https:\/\/experienciadevida.com.ar\/portalurbano\/wp-content\/uploads\/2022\/08\/Reunion-con-representantes-de.jpg",640,426,false],"ug_big":["https:\/\/experienciadevida.com.ar\/portalurbano\/wp-content\/uploads\/2022\/08\/Reunion-con-representantes-de-768x512.jpg",768,512,true],"1536x1536":["https:\/\/experienciadevida.com.ar\/portalurbano\/wp-content\/uploads\/2022\/08\/Reunion-con-representantes-de.jpg",1024,682,false],"2048x2048":["https:\/\/experienciadevida.com.ar\/portalurbano\/wp-content\/uploads\/2022\/08\/Reunion-con-representantes-de.jpg",1024,682,false],"newsever-slider-full":["https:\/\/experienciadevida.com.ar\/portalurbano\/wp-content\/uploads\/2022\/08\/Reunion-con-representantes-de.jpg",1024,682,false],"newsever-featured":["https:\/\/experienciadevida.com.ar\/portalurbano\/wp-content\/uploads\/2022\/08\/Reunion-con-representantes-de.jpg",1024,682,false],"newsever-medium":["https:\/\/experienciadevida.com.ar\/portalurbano\/wp-content\/uploads\/2022\/08\/Reunion-con-representantes-de.jpg",713,475,false],"web-stories-poster-portrait":["https:\/\/experienciadevida.com.ar\/portalurbano\/wp-content\/uploads\/2022\/08\/Reunion-con-representantes-de-640x682.jpg",640,682,true],"web-stories-publisher-logo":["https:\/\/experienciadevida.com.ar\/portalurbano\/wp-content\/uploads\/2022\/08\/Reunion-con-representantes-de-96x96.jpg",96,96,true],"web-stories-thumbnail":["https:\/\/experienciadevida.com.ar\/portalurbano\/wp-content\/uploads\/2022\/08\/Reunion-con-representantes-de-150x100.jpg",150,100,true]},"author_info":{"display_name":"admpu17wp","author_link":"https:\/\/experienciadevida.com.ar\/portalurbano\/author\/admpu17wp\/"},"category_info":"<a href=\"https:\/\/experienciadevida.com.ar\/portalurbano\/category\/ciudad\/\" rel=\"category tag\">Ciudad<\/a> <a href=\"https:\/\/experienciadevida.com.ar\/portalurbano\/category\/destacadas-2\/\" rel=\"category tag\">Destacadas 2<\/a>","tag_info":"Destacadas 2","comment_count":"0","amp_enabled":true,"_links":{"self":[{"href":"https:\/\/experienciadevida.com.ar\/portalurbano\/wp-json\/wp\/v2\/posts\/173659"}],"collection":[{"href":"https:\/\/experienciadevida.com.ar\/portalurbano\/wp-json\/wp\/v2\/posts"}],"about":[{"href":"https:\/\/experienciadevida.com.ar\/portalurbano\/wp-json\/wp\/v2\/types\/post"}],"author":[{"embeddable":true,"href":"https:\/\/experienciadevida.com.ar\/portalurbano\/wp-json\/wp\/v2\/users\/1"}],"replies":[{"embeddable":true,"href":"https:\/\/experienciadevida.com.ar\/portalurbano\/wp-json\/wp\/v2\/comments?post=173659"}],"version-history":[{"count":1,"href":"https:\/\/experienciadevida.com.ar\/portalurbano\/wp-json\/wp\/v2\/posts\/173659\/revisions"}],"predecessor-version":[{"id":173661,"href":"https:\/\/experienciadevida.com.ar\/portalurbano\/wp-json\/wp\/v2\/posts\/173659\/revisions\/173661"}],"wp:featuredmedia":[{"embeddable":true,"href":"https:\/\/experienciadevida.com.ar\/portalurbano\/wp-json\/wp\/v2\/media\/173660"}],"wp:attachment":[{"href":"https:\/\/experienciadevida.com.ar\/portalurbano\/wp-json\/wp\/v2\/media?parent=173659"}],"wp:term":[{"taxonomy":"category","embeddable":true,"href":"https:\/\/experienciadevida.com.ar\/portalurbano\/wp-json\/wp\/v2\/categories?post=173659"},{"taxonomy":"post_tag","embeddable":true,"href":"https:\/\/experienciadevida.com.ar\/portalurbano\/wp-json\/wp\/v2\/tags?post=173659"}],"curies":[{"name":"wp","href":"https:\/\/api.w.org\/{rel}","templated":true}]}}