{"id":173631,"date":"2022-08-18T16:18:40","date_gmt":"2022-08-18T19:18:40","guid":{"rendered":"https:\/\/experienciadevida.com.ar\/portalurbano\/?p=173631"},"modified":"2022-08-18T16:31:46","modified_gmt":"2022-08-18T19:31:46","slug":"con-educacion-y-jovenes-en-la-agenda-de-trabajo-se-reunio-el-foro-olavarria-fr","status":"publish","type":"post","link":"https:\/\/experienciadevida.com.ar\/portalurbano\/con-educacion-y-jovenes-en-la-agenda-de-trabajo-se-reunio-el-foro-olavarria-fr\/","title":{"rendered":"Con Educaci\u00f3n y j\u00f3venes en la agenda de trabajo se reuni\u00f3 el Foro Olavarr\u00eda &#8211; FR"},"content":{"rendered":"<p>Con Educaci\u00f3n y j\u00f3venes en la agenda de trabajo se reuni\u00f3 el Foro Olavarr\u00eda &#8211; FR, con eje en los programas Potenciar Trabajo &#8211; Cooperar y Licencia Joven, se realiz\u00f3 en la tarde de este mi\u00e9rcoles en la Casa Eduardo \u201cChino\u201d Correa,<br \/>\nsede oficial del espacio que conducen Eduardo Rodr\u00edguez, la concejala In\u00e9s Creimer y el concejal Gast\u00f3n Sarachu.<\/p>\n<p>Este mi\u00e9rcoles por la tarde, el Foro Olavarr\u00eda &#8211; Frente Renovador en el Frente de Todos, espacio que conduce Eduardo Rodr\u00edguez junto a la concejala In\u00e9s Creimer y el concejal Gast\u00f3n Sarachu, realiz\u00f3 una reuni\u00f3n en la Casa<br \/>\nEduardo \u201cChino\u201d Correa. Con una nutrida agenda de trabajo, el encuentro dio inicio alrededor de las 18 horas y se extendi\u00f3 por m\u00e1s de hora y media.<\/p>\n<p>En la oportunidad se analiz\u00f3 la marcha del Programa Potenciar Trabajo Cooperar y las capacitaciones llevadas adelante. Al respecto, Agust\u00edn Alfonzo se\u00f1al\u00f3 que los 46 integrantes del Potenciar-Cooperar vienen desarrollando capacitaciones virtuales y presenciales, adem\u00e1s de la contraprestaci\u00f3n laboral en la que trabajan 26 personas. A su turno, Daiana Lobos, promotora socio-sanitaria, inform\u00f3 de las capacitaciones realizadas en el Centro Cultural Universitario y Micaela Alfonzo, promotora socio-educativa, detall\u00f3 el trabajo de acompa\u00f1amiento en terminalidad<br \/>\neducativa que brinda el Programa.<\/p>\n<p>Otra de las propuestas abordadas fue el Programa provincial \u201cLicencia Joven\u201d, del Ministerio de Transporte en coordinaci\u00f3n con Educaci\u00f3n de Provincia. Sobre el mismo, la docente Elizabeth \u201cLiz\u201d Herrera, inform\u00f3 sobre los alcances de la iniciativa, la capacitaci\u00f3n en marcha para los coordinadores distritales y las fases de implementaci\u00f3n en toda la provincia.<\/p>\n<p>Sobre la reuni\u00f3n, Eduardo Rodr\u00edguez se\u00f1al\u00f3 que \u201cfue un encuentro muy positivo e interesante, donde compartimos las distintas actividades en las que el equipo del Foro Olavarr\u00eda &#8211; Frente Renovador se encuentra trabajando, en coordinaci\u00f3n con organismos estatales\u201d. \u201cSeguimos fortaleciendo nuestro rol como espacio que est\u00e1 dentro del Frente Renovador, de Sergio Massa, en el Frente de Todos\u201d, indic\u00f3 Rodr\u00edguez.<\/p>\n<p>Por \u00faltimo, se invit\u00f3 a todas las personas que deseen aportar sus proyectos dirigirse al bloque de concejales del Foro Olavarr\u00eda &#8211; Frente Renovador en el Frente de Todos, ubicado en el Concejo Deliberante (Alsina 2785) de lunes a viernes de 8 a 13 horas. Tambi\u00e9n pueden acercarse a la Casa Eduardo \u201cChino\u201d Correa, ubicado en Belgrano 3222, de lunes a viernes de 9 a 13 horas.<\/p>\n<p>Para m\u00e1s informaci\u00f3n de las actividades que realiza el Foro Olavarr\u00eda &#8211; Frente Renovador, acercarse a la Casa Eduardo \u201cChino\u201d Correa en Belgrano 3222.<\/p>\n","protected":false},"excerpt":{"rendered":"<p>Con Educaci\u00f3n y j\u00f3venes en la agenda de trabajo se reuni\u00f3 el Foro Olavarr\u00eda &#8211;&#8230;<\/p>\n","protected":false},"author":1,"featured_media":173632,"comment_status":"closed","ping_status":"closed","sticky":false,"template":"","format":"standard","meta":{"content-type":""},"categories":[27,64],"tags":[],"nelio_content":{"isAutoShareEnabled":false,"autoShareEndMode":"default","automationSources":{"useContentSentences":true,"useSocialTemplates":true,"useCustomSentences":false,"customSentences":[]},"followers":[1],"suggestedReferences":[],"includedReferences":[],"efiUrl":"","efiAlt":"","highlights":[]},"yoast_head":"<!-- This site is optimized with the Yoast SEO plugin v20.7 - https:\/\/yoast.com\/wordpress\/plugins\/seo\/ -->\n<title>Con educaci\u00f3n y j\u00f3venes en la agenda del trabajo<\/title>\n<meta name=\"description\" content=\"Con Educaci\u00f3n y j\u00f3venes en la agenda de trabajo se reuni\u00f3 el Foro Olavarr\u00eda - FR, con eje en los programas Potenciar Trabajo\" \/>\n<meta name=\"robots\" content=\"index, follow, max-snippet:-1, max-image-preview:large, max-video-preview:-1\" \/>\n<link rel=\"canonical\" href=\"https:\/\/experienciadevida.com.ar\/portalurbano\/con-educacion-y-jovenes-en-la-agenda-de-trabajo-se-reunio-el-foro-olavarria-fr\/\" \/>\n<meta property=\"og:locale\" content=\"es_ES\" \/>\n<meta property=\"og:type\" content=\"article\" \/>\n<meta property=\"og:title\" content=\"Con educaci\u00f3n y j\u00f3venes en la agenda del trabajo\" \/>\n<meta property=\"og:description\" content=\"Con Educaci\u00f3n y j\u00f3venes en la agenda de trabajo se reuni\u00f3 el Foro Olavarr\u00eda - FR, con eje en los programas Potenciar Trabajo\" \/>\n<meta property=\"og:url\" content=\"https:\/\/experienciadevida.com.ar\/portalurbano\/con-educacion-y-jovenes-en-la-agenda-de-trabajo-se-reunio-el-foro-olavarria-fr\/\" \/>\n<meta property=\"article:publisher\" content=\"https:\/\/www.facebook.com\/Portal-Urbano-171542830093757\/\" \/>\n<meta property=\"article:published_time\" content=\"2022-08-18T19:18:40+00:00\" \/>\n<meta property=\"article:modified_time\" content=\"2022-08-18T19:31:46+00:00\" \/>\n<meta property=\"og:image\" content=\"https:\/\/experienciadevida.com.ar\/portalurbano\/wp-content\/uploads\/2022\/08\/Con-Educacion-y-jovenes.jpg\" \/>\n\t<meta property=\"og:image:width\" content=\"800\" \/>\n\t<meta property=\"og:image:height\" content=\"500\" \/>\n\t<meta property=\"og:image:type\" content=\"image\/jpeg\" \/>\n<meta name=\"author\" content=\"admpu17wp\" \/>\n<meta name=\"twitter:card\" content=\"summary_large_image\" \/>\n<meta name=\"twitter:creator\" content=\"@portalurbanook\" \/>\n<meta name=\"twitter:site\" content=\"@portalurbanook\" \/>\n<meta name=\"twitter:label1\" content=\"Escrito por\" \/>\n\t<meta name=\"twitter:data1\" content=\"admpu17wp\" \/>\n\t<meta name=\"twitter:label2\" content=\"Tiempo de lectura\" \/>\n\t<meta name=\"twitter:data2\" content=\"2 minutos\" \/>\n<script type=\"application\/ld+json\" class=\"yoast-schema-graph\">{\"@context\":\"https:\/\/schema.org\",\"@graph\":[{\"@type\":\"Article\",\"@id\":\"https:\/\/experienciadevida.com.ar\/portalurbano\/con-educacion-y-jovenes-en-la-agenda-de-trabajo-se-reunio-el-foro-olavarria-fr\/#article\",\"isPartOf\":{\"@id\":\"https:\/\/experienciadevida.com.ar\/portalurbano\/con-educacion-y-jovenes-en-la-agenda-de-trabajo-se-reunio-el-foro-olavarria-fr\/\"},\"author\":{\"name\":\"admpu17wp\",\"@id\":\"https:\/\/experienciadevida.com.ar\/portalurbano\/#\/schema\/person\/02dd326b1c4b056e9cc972486934a3a7\"},\"headline\":\"Con Educaci\u00f3n y j\u00f3venes en la agenda de trabajo se reuni\u00f3 el Foro Olavarr\u00eda &#8211; FR\",\"datePublished\":\"2022-08-18T19:18:40+00:00\",\"dateModified\":\"2022-08-18T19:31:46+00:00\",\"mainEntityOfPage\":{\"@id\":\"https:\/\/experienciadevida.com.ar\/portalurbano\/con-educacion-y-jovenes-en-la-agenda-de-trabajo-se-reunio-el-foro-olavarria-fr\/\"},\"wordCount\":450,\"publisher\":{\"@id\":\"https:\/\/experienciadevida.com.ar\/portalurbano\/#organization\"},\"articleSection\":[\"Ciudad\",\"Destacadas 2\"],\"inLanguage\":\"es\"},{\"@type\":\"WebPage\",\"@id\":\"https:\/\/experienciadevida.com.ar\/portalurbano\/con-educacion-y-jovenes-en-la-agenda-de-trabajo-se-reunio-el-foro-olavarria-fr\/\",\"url\":\"https:\/\/experienciadevida.com.ar\/portalurbano\/con-educacion-y-jovenes-en-la-agenda-de-trabajo-se-reunio-el-foro-olavarria-fr\/\",\"name\":\"Con educaci\u00f3n y j\u00f3venes en la agenda del trabajo\",\"isPartOf\":{\"@id\":\"https:\/\/experienciadevida.com.ar\/portalurbano\/#website\"},\"datePublished\":\"2022-08-18T19:18:40+00:00\",\"dateModified\":\"2022-08-18T19:31:46+00:00\",\"description\":\"Con Educaci\u00f3n y j\u00f3venes en la agenda de trabajo se reuni\u00f3 el Foro Olavarr\u00eda - FR, con eje en los programas Potenciar Trabajo\",\"breadcrumb\":{\"@id\":\"https:\/\/experienciadevida.com.ar\/portalurbano\/con-educacion-y-jovenes-en-la-agenda-de-trabajo-se-reunio-el-foro-olavarria-fr\/#breadcrumb\"},\"inLanguage\":\"es\",\"potentialAction\":[{\"@type\":\"ReadAction\",\"target\":[\"https:\/\/experienciadevida.com.ar\/portalurbano\/con-educacion-y-jovenes-en-la-agenda-de-trabajo-se-reunio-el-foro-olavarria-fr\/\"]}]},{\"@type\":\"BreadcrumbList\",\"@id\":\"https:\/\/experienciadevida.com.ar\/portalurbano\/con-educacion-y-jovenes-en-la-agenda-de-trabajo-se-reunio-el-foro-olavarria-fr\/#breadcrumb\",\"itemListElement\":[{\"@type\":\"ListItem\",\"position\":1,\"name\":\"Portada\",\"item\":\"https:\/\/experienciadevida.com.ar\/portalurbano\/\"},{\"@type\":\"ListItem\",\"position\":2,\"name\":\"Con Educaci\u00f3n y j\u00f3venes en la agenda de trabajo se reuni\u00f3 el Foro Olavarr\u00eda &#8211; FR\"}]},{\"@type\":\"WebSite\",\"@id\":\"https:\/\/experienciadevida.com.ar\/portalurbano\/#website\",\"url\":\"https:\/\/experienciadevida.com.ar\/portalurbano\/\",\"name\":\"\",\"description\":\"\",\"publisher\":{\"@id\":\"https:\/\/experienciadevida.com.ar\/portalurbano\/#organization\"},\"potentialAction\":[{\"@type\":\"SearchAction\",\"target\":{\"@type\":\"EntryPoint\",\"urlTemplate\":\"https:\/\/experienciadevida.com.ar\/portalurbano\/?s={search_term_string}\"},\"query-input\":\"required name=search_term_string\"}],\"inLanguage\":\"es\"},{\"@type\":\"Organization\",\"@id\":\"https:\/\/experienciadevida.com.ar\/portalurbano\/#organization\",\"name\":\"Portal Urbano\",\"url\":\"https:\/\/experienciadevida.com.ar\/portalurbano\/\",\"logo\":{\"@type\":\"ImageObject\",\"inLanguage\":\"es\",\"@id\":\"https:\/\/experienciadevida.com.ar\/portalurbano\/#\/schema\/logo\/image\/\",\"url\":\"https:\/\/experienciadevida.com.ar\/portalurbano\/wp-content\/uploads\/2019\/09\/Logo-Original.png\",\"contentUrl\":\"https:\/\/experienciadevida.com.ar\/portalurbano\/wp-content\/uploads\/2019\/09\/Logo-Original.png\",\"width\":2236,\"height\":1216,\"caption\":\"Portal Urbano\"},\"image\":{\"@id\":\"https:\/\/experienciadevida.com.ar\/portalurbano\/#\/schema\/logo\/image\/\"},\"sameAs\":[\"https:\/\/www.facebook.com\/Portal-Urbano-171542830093757\/\",\"https:\/\/twitter.com\/portalurbanook\",\"https:\/\/www.instagram.com\/_portalurbano\/\",\"https:\/\/www.youtube.com\/channel\/UCXhagIfszH8KxFiOok79zbA?view_as=subscriber\"]},{\"@type\":\"Person\",\"@id\":\"https:\/\/experienciadevida.com.ar\/portalurbano\/#\/schema\/person\/02dd326b1c4b056e9cc972486934a3a7\",\"name\":\"admpu17wp\",\"image\":{\"@type\":\"ImageObject\",\"inLanguage\":\"es\",\"@id\":\"https:\/\/experienciadevida.com.ar\/portalurbano\/#\/schema\/person\/image\/\",\"url\":\"https:\/\/secure.gravatar.com\/avatar\/830d4c57adaae6630765e449a6908047?s=96&d=mm&r=g\",\"contentUrl\":\"https:\/\/secure.gravatar.com\/avatar\/830d4c57adaae6630765e449a6908047?s=96&d=mm&r=g\",\"caption\":\"admpu17wp\"}}]}<\/script>\n<!-- \/ Yoast SEO plugin. -->","yoast_head_json":{"title":"Con educaci\u00f3n y j\u00f3venes en la agenda del trabajo","description":"Con Educaci\u00f3n y j\u00f3venes en la agenda de trabajo se reuni\u00f3 el Foro Olavarr\u00eda - FR, con eje en los programas Potenciar Trabajo","robots":{"index":"index","follow":"follow","max-snippet":"max-snippet:-1","max-image-preview":"max-image-preview:large","max-video-preview":"max-video-preview:-1"},"canonical":"https:\/\/experienciadevida.com.ar\/portalurbano\/con-educacion-y-jovenes-en-la-agenda-de-trabajo-se-reunio-el-foro-olavarria-fr\/","og_locale":"es_ES","og_type":"article","og_title":"Con educaci\u00f3n y j\u00f3venes en la agenda del trabajo","og_description":"Con Educaci\u00f3n y j\u00f3venes en la agenda de trabajo se reuni\u00f3 el Foro Olavarr\u00eda - FR, con eje en los programas Potenciar Trabajo","og_url":"https:\/\/experienciadevida.com.ar\/portalurbano\/con-educacion-y-jovenes-en-la-agenda-de-trabajo-se-reunio-el-foro-olavarria-fr\/","article_publisher":"https:\/\/www.facebook.com\/Portal-Urbano-171542830093757\/","article_published_time":"2022-08-18T19:18:40+00:00","article_modified_time":"2022-08-18T19:31:46+00:00","og_image":[{"width":800,"height":500,"url":"https:\/\/experienciadevida.com.ar\/portalurbano\/wp-content\/uploads\/2022\/08\/Con-Educacion-y-jovenes.jpg","type":"image\/jpeg"}],"author":"admpu17wp","twitter_card":"summary_large_image","twitter_creator":"@portalurbanook","twitter_site":"@portalurbanook","twitter_misc":{"Escrito por":"admpu17wp","Tiempo de lectura":"2 minutos"},"schema":{"@context":"https:\/\/schema.org","@graph":[{"@type":"Article","@id":"https:\/\/experienciadevida.com.ar\/portalurbano\/con-educacion-y-jovenes-en-la-agenda-de-trabajo-se-reunio-el-foro-olavarria-fr\/#article","isPartOf":{"@id":"https:\/\/experienciadevida.com.ar\/portalurbano\/con-educacion-y-jovenes-en-la-agenda-de-trabajo-se-reunio-el-foro-olavarria-fr\/"},"author":{"name":"admpu17wp","@id":"https:\/\/experienciadevida.com.ar\/portalurbano\/#\/schema\/person\/02dd326b1c4b056e9cc972486934a3a7"},"headline":"Con Educaci\u00f3n y j\u00f3venes en la agenda de trabajo se reuni\u00f3 el Foro Olavarr\u00eda &#8211; FR","datePublished":"2022-08-18T19:18:40+00:00","dateModified":"2022-08-18T19:31:46+00:00","mainEntityOfPage":{"@id":"https:\/\/experienciadevida.com.ar\/portalurbano\/con-educacion-y-jovenes-en-la-agenda-de-trabajo-se-reunio-el-foro-olavarria-fr\/"},"wordCount":450,"publisher":{"@id":"https:\/\/experienciadevida.com.ar\/portalurbano\/#organization"},"articleSection":["Ciudad","Destacadas 2"],"inLanguage":"es"},{"@type":"WebPage","@id":"https:\/\/experienciadevida.com.ar\/portalurbano\/con-educacion-y-jovenes-en-la-agenda-de-trabajo-se-reunio-el-foro-olavarria-fr\/","url":"https:\/\/experienciadevida.com.ar\/portalurbano\/con-educacion-y-jovenes-en-la-agenda-de-trabajo-se-reunio-el-foro-olavarria-fr\/","name":"Con educaci\u00f3n y j\u00f3venes en la agenda del trabajo","isPartOf":{"@id":"https:\/\/experienciadevida.com.ar\/portalurbano\/#website"},"datePublished":"2022-08-18T19:18:40+00:00","dateModified":"2022-08-18T19:31:46+00:00","description":"Con Educaci\u00f3n y j\u00f3venes en la agenda de trabajo se reuni\u00f3 el Foro Olavarr\u00eda - FR, con eje en los programas Potenciar Trabajo","breadcrumb":{"@id":"https:\/\/experienciadevida.com.ar\/portalurbano\/con-educacion-y-jovenes-en-la-agenda-de-trabajo-se-reunio-el-foro-olavarria-fr\/#breadcrumb"},"inLanguage":"es","potentialAction":[{"@type":"ReadAction","target":["https:\/\/experienciadevida.com.ar\/portalurbano\/con-educacion-y-jovenes-en-la-agenda-de-trabajo-se-reunio-el-foro-olavarria-fr\/"]}]},{"@type":"BreadcrumbList","@id":"https:\/\/experienciadevida.com.ar\/portalurbano\/con-educacion-y-jovenes-en-la-agenda-de-trabajo-se-reunio-el-foro-olavarria-fr\/#breadcrumb","itemListElement":[{"@type":"ListItem","position":1,"name":"Portada","item":"https:\/\/experienciadevida.com.ar\/portalurbano\/"},{"@type":"ListItem","position":2,"name":"Con Educaci\u00f3n y j\u00f3venes en la agenda de trabajo se reuni\u00f3 el Foro Olavarr\u00eda &#8211; FR"}]},{"@type":"WebSite","@id":"https:\/\/experienciadevida.com.ar\/portalurbano\/#website","url":"https:\/\/experienciadevida.com.ar\/portalurbano\/","name":"","description":"","publisher":{"@id":"https:\/\/experienciadevida.com.ar\/portalurbano\/#organization"},"potentialAction":[{"@type":"SearchAction","target":{"@type":"EntryPoint","urlTemplate":"https:\/\/experienciadevida.com.ar\/portalurbano\/?s={search_term_string}"},"query-input":"required name=search_term_string"}],"inLanguage":"es"},{"@type":"Organization","@id":"https:\/\/experienciadevida.com.ar\/portalurbano\/#organization","name":"Portal Urbano","url":"https:\/\/experienciadevida.com.ar\/portalurbano\/","logo":{"@type":"ImageObject","inLanguage":"es","@id":"https:\/\/experienciadevida.com.ar\/portalurbano\/#\/schema\/logo\/image\/","url":"https:\/\/experienciadevida.com.ar\/portalurbano\/wp-content\/uploads\/2019\/09\/Logo-Original.png","contentUrl":"https:\/\/experienciadevida.com.ar\/portalurbano\/wp-content\/uploads\/2019\/09\/Logo-Original.png","width":2236,"height":1216,"caption":"Portal Urbano"},"image":{"@id":"https:\/\/experienciadevida.com.ar\/portalurbano\/#\/schema\/logo\/image\/"},"sameAs":["https:\/\/www.facebook.com\/Portal-Urbano-171542830093757\/","https:\/\/twitter.com\/portalurbanook","https:\/\/www.instagram.com\/_portalurbano\/","https:\/\/www.youtube.com\/channel\/UCXhagIfszH8KxFiOok79zbA?view_as=subscriber"]},{"@type":"Person","@id":"https:\/\/experienciadevida.com.ar\/portalurbano\/#\/schema\/person\/02dd326b1c4b056e9cc972486934a3a7","name":"admpu17wp","image":{"@type":"ImageObject","inLanguage":"es","@id":"https:\/\/experienciadevida.com.ar\/portalurbano\/#\/schema\/person\/image\/","url":"https:\/\/secure.gravatar.com\/avatar\/830d4c57adaae6630765e449a6908047?s=96&d=mm&r=g","contentUrl":"https:\/\/secure.gravatar.com\/avatar\/830d4c57adaae6630765e449a6908047?s=96&d=mm&r=g","caption":"admpu17wp"}}]}},"featured_image_urls":{"full":["https:\/\/experienciadevida.com.ar\/portalurbano\/wp-content\/uploads\/2022\/08\/Con-Educacion-y-jovenes.jpg",800,500,false],"thumbnail":["https:\/\/experienciadevida.com.ar\/portalurbano\/wp-content\/uploads\/2022\/08\/Con-Educacion-y-jovenes-150x150.jpg",150,150,true],"medium":["https:\/\/experienciadevida.com.ar\/portalurbano\/wp-content\/uploads\/2022\/08\/Con-Educacion-y-jovenes-300x188.jpg",300,188,true],"medium_large":["https:\/\/experienciadevida.com.ar\/portalurbano\/wp-content\/uploads\/2022\/08\/Con-Educacion-y-jovenes-768x480.jpg",640,400,true],"large":["https:\/\/experienciadevida.com.ar\/portalurbano\/wp-content\/uploads\/2022\/08\/Con-Educacion-y-jovenes.jpg",640,400,false],"ug_big":["https:\/\/experienciadevida.com.ar\/portalurbano\/wp-content\/uploads\/2022\/08\/Con-Educacion-y-jovenes-768x480.jpg",768,480,true],"1536x1536":["https:\/\/experienciadevida.com.ar\/portalurbano\/wp-content\/uploads\/2022\/08\/Con-Educacion-y-jovenes.jpg",800,500,false],"2048x2048":["https:\/\/experienciadevida.com.ar\/portalurbano\/wp-content\/uploads\/2022\/08\/Con-Educacion-y-jovenes.jpg",800,500,false],"newsever-slider-full":["https:\/\/experienciadevida.com.ar\/portalurbano\/wp-content\/uploads\/2022\/08\/Con-Educacion-y-jovenes.jpg",800,500,false],"newsever-featured":["https:\/\/experienciadevida.com.ar\/portalurbano\/wp-content\/uploads\/2022\/08\/Con-Educacion-y-jovenes.jpg",800,500,false],"newsever-medium":["https:\/\/experienciadevida.com.ar\/portalurbano\/wp-content\/uploads\/2022\/08\/Con-Educacion-y-jovenes.jpg",720,450,false],"web-stories-poster-portrait":["https:\/\/experienciadevida.com.ar\/portalurbano\/wp-content\/uploads\/2022\/08\/Con-Educacion-y-jovenes-640x500.jpg",640,500,true],"web-stories-publisher-logo":["https:\/\/experienciadevida.com.ar\/portalurbano\/wp-content\/uploads\/2022\/08\/Con-Educacion-y-jovenes-96x96.jpg",96,96,true],"web-stories-thumbnail":["https:\/\/experienciadevida.com.ar\/portalurbano\/wp-content\/uploads\/2022\/08\/Con-Educacion-y-jovenes-150x94.jpg",150,94,true]},"author_info":{"display_name":"admpu17wp","author_link":"https:\/\/experienciadevida.com.ar\/portalurbano\/author\/admpu17wp\/"},"category_info":"<a href=\"https:\/\/experienciadevida.com.ar\/portalurbano\/category\/ciudad\/\" rel=\"category tag\">Ciudad<\/a> <a href=\"https:\/\/experienciadevida.com.ar\/portalurbano\/category\/destacadas-2\/\" rel=\"category tag\">Destacadas 2<\/a>","tag_info":"Destacadas 2","comment_count":"0","amp_enabled":true,"_links":{"self":[{"href":"https:\/\/experienciadevida.com.ar\/portalurbano\/wp-json\/wp\/v2\/posts\/173631"}],"collection":[{"href":"https:\/\/experienciadevida.com.ar\/portalurbano\/wp-json\/wp\/v2\/posts"}],"about":[{"href":"https:\/\/experienciadevida.com.ar\/portalurbano\/wp-json\/wp\/v2\/types\/post"}],"author":[{"embeddable":true,"href":"https:\/\/experienciadevida.com.ar\/portalurbano\/wp-json\/wp\/v2\/users\/1"}],"replies":[{"embeddable":true,"href":"https:\/\/experienciadevida.com.ar\/portalurbano\/wp-json\/wp\/v2\/comments?post=173631"}],"version-history":[{"count":1,"href":"https:\/\/experienciadevida.com.ar\/portalurbano\/wp-json\/wp\/v2\/posts\/173631\/revisions"}],"predecessor-version":[{"id":173633,"href":"https:\/\/experienciadevida.com.ar\/portalurbano\/wp-json\/wp\/v2\/posts\/173631\/revisions\/173633"}],"wp:featuredmedia":[{"embeddable":true,"href":"https:\/\/experienciadevida.com.ar\/portalurbano\/wp-json\/wp\/v2\/media\/173632"}],"wp:attachment":[{"href":"https:\/\/experienciadevida.com.ar\/portalurbano\/wp-json\/wp\/v2\/media?parent=173631"}],"wp:term":[{"taxonomy":"category","embeddable":true,"href":"https:\/\/experienciadevida.com.ar\/portalurbano\/wp-json\/wp\/v2\/categories?post=173631"},{"taxonomy":"post_tag","embeddable":true,"href":"https:\/\/experienciadevida.com.ar\/portalurbano\/wp-json\/wp\/v2\/tags?post=173631"}],"curies":[{"name":"wp","href":"https:\/\/api.w.org\/{rel}","templated":true}]}}