{"id":173624,"date":"2022-08-18T12:55:46","date_gmt":"2022-08-18T15:55:46","guid":{"rendered":"https:\/\/experienciadevida.com.ar\/portalurbano\/?p=173624"},"modified":"2022-08-18T16:11:58","modified_gmt":"2022-08-18T19:11:58","slug":"vergel-y-matrella-visitaron-la-sede-scout-santa-elena-atacada-dias-pasados","status":"publish","type":"post","link":"https:\/\/experienciadevida.com.ar\/portalurbano\/vergel-y-matrella-visitaron-la-sede-scout-santa-elena-atacada-dias-pasados\/","title":{"rendered":"Vergel y Matrella visitaron la sede Scout \u201cSanta Elena\u201d atacada d\u00edas pasados"},"content":{"rendered":"<p>Vergel y Matrella visitaron la sede Scout \u201cSanta Elena\u201d atacada d\u00edas pasados, esta ma\u00f1ana los concejales fueron a conocer lo sucedido en Loma Negra donde fueron recibidos por Diego Teuly, referente de grupo. No es la primera vez<br \/>\nque son v\u00edctimas de este tipo de ataques vand\u00e1licos.<\/p>\n<p>Los concejales Bel\u00e9n Vergel y Sebasti\u00e1n Matrella se acercaron hasta la sede del grupo Scout \u201cSanta Elena\u201d en Loma Negra para conocer en detalle lo sucedido d\u00edas pasados en el lugar, donde fueron da\u00f1ados los vidrios de la sede. Seg\u00fan les inform\u00f3 Teuly, a principios de a\u00f1o hab\u00edan recibido un ataque similar, y que cada vez que sucede logran repararlo gracias a la ayuda de vecinos. En esta oportunidad, un vecino ya don\u00f3 los materiales para poder reacondicionar las aberturas.<\/p>\n<p>Del encuentro tambi\u00e9n particip\u00f3 el Delegado Municipal Gabriel Suburu, quien les coment\u00f3 que durante esos d\u00edas no hubo registro de alg\u00fan otro incidente de este tipo en la localidad, sino que el ataque fue s\u00f3lo en la sede Scout.<br \/>\nAl lugar concurren gran cantidad de ni\u00f1os y j\u00f3venes, y cumple un rol importante de contenci\u00f3n y formaci\u00f3n para la comunidad.<\/p>\n<p>Bel\u00e9n Vergel reflexion\u00f3 que \u201cEstas visitas son muy importantes porque no s\u00f3lo nos permiten conocer en primera persona lo que sucede, sino tambi\u00e9n acompa\u00f1ar a los vecinos damnificados. La pol\u00edtica necesita m\u00e1s empat\u00eda\u201d.<\/p>\n","protected":false},"excerpt":{"rendered":"<p>Vergel y Matrella visitaron la sede Scout \u201cSanta Elena\u201d atacada d\u00edas pasados, esta ma\u00f1ana los&#8230;<\/p>\n","protected":false},"author":1,"featured_media":173627,"comment_status":"closed","ping_status":"closed","sticky":false,"template":"","format":"standard","meta":{"content-type":""},"categories":[27,64],"tags":[],"nelio_content":{"isAutoShareEnabled":false,"autoShareEndMode":"default","automationSources":{"useContentSentences":true,"useSocialTemplates":true,"useCustomSentences":false,"customSentences":[]},"followers":[1],"suggestedReferences":[],"includedReferences":[],"efiUrl":"","efiAlt":"","highlights":[]},"yoast_head":"<!-- This site is optimized with the Yoast SEO plugin v20.7 - https:\/\/yoast.com\/wordpress\/plugins\/seo\/ -->\n<title>Vergel y Matrella visitaron la sede scout Santa Elena atacada<\/title>\n<meta name=\"description\" content=\"Vergel y Matrella visitaron la sede Scout \u201cSanta Elena\u201d atacada d\u00edas pasados, esta ma\u00f1ana los concejales fueron a conocer\" \/>\n<meta name=\"robots\" content=\"index, follow, max-snippet:-1, max-image-preview:large, max-video-preview:-1\" \/>\n<link rel=\"canonical\" href=\"https:\/\/experienciadevida.com.ar\/portalurbano\/vergel-y-matrella-visitaron-la-sede-scout-santa-elena-atacada-dias-pasados\/\" \/>\n<meta property=\"og:locale\" content=\"es_ES\" \/>\n<meta property=\"og:type\" content=\"article\" \/>\n<meta property=\"og:title\" content=\"Vergel y Matrella visitaron la sede scout Santa Elena atacada\" \/>\n<meta property=\"og:description\" content=\"Vergel y Matrella visitaron la sede Scout \u201cSanta Elena\u201d atacada d\u00edas pasados, esta ma\u00f1ana los concejales fueron a conocer\" \/>\n<meta property=\"og:url\" content=\"https:\/\/experienciadevida.com.ar\/portalurbano\/vergel-y-matrella-visitaron-la-sede-scout-santa-elena-atacada-dias-pasados\/\" \/>\n<meta property=\"article:publisher\" content=\"https:\/\/www.facebook.com\/Portal-Urbano-171542830093757\/\" \/>\n<meta property=\"article:published_time\" content=\"2022-08-18T15:55:46+00:00\" \/>\n<meta property=\"article:modified_time\" content=\"2022-08-18T19:11:58+00:00\" \/>\n<meta property=\"og:image\" content=\"https:\/\/experienciadevida.com.ar\/portalurbano\/wp-content\/uploads\/2022\/08\/Vergel-y-Matrella-visitaron-1.jpeg\" \/>\n\t<meta property=\"og:image:width\" content=\"1200\" \/>\n\t<meta property=\"og:image:height\" content=\"768\" \/>\n\t<meta property=\"og:image:type\" content=\"image\/jpeg\" \/>\n<meta name=\"author\" content=\"admpu17wp\" \/>\n<meta name=\"twitter:card\" content=\"summary_large_image\" \/>\n<meta name=\"twitter:creator\" content=\"@portalurbanook\" \/>\n<meta name=\"twitter:site\" content=\"@portalurbanook\" \/>\n<meta name=\"twitter:label1\" content=\"Escrito por\" \/>\n\t<meta name=\"twitter:data1\" content=\"admpu17wp\" \/>\n\t<meta name=\"twitter:label2\" content=\"Tiempo de lectura\" \/>\n\t<meta name=\"twitter:data2\" content=\"2 minutos\" \/>\n<script type=\"application\/ld+json\" class=\"yoast-schema-graph\">{\"@context\":\"https:\/\/schema.org\",\"@graph\":[{\"@type\":\"Article\",\"@id\":\"https:\/\/experienciadevida.com.ar\/portalurbano\/vergel-y-matrella-visitaron-la-sede-scout-santa-elena-atacada-dias-pasados\/#article\",\"isPartOf\":{\"@id\":\"https:\/\/experienciadevida.com.ar\/portalurbano\/vergel-y-matrella-visitaron-la-sede-scout-santa-elena-atacada-dias-pasados\/\"},\"author\":{\"name\":\"admpu17wp\",\"@id\":\"https:\/\/experienciadevida.com.ar\/portalurbano\/#\/schema\/person\/02dd326b1c4b056e9cc972486934a3a7\"},\"headline\":\"Vergel y Matrella visitaron la sede Scout \u201cSanta Elena\u201d atacada d\u00edas pasados\",\"datePublished\":\"2022-08-18T15:55:46+00:00\",\"dateModified\":\"2022-08-18T19:11:58+00:00\",\"mainEntityOfPage\":{\"@id\":\"https:\/\/experienciadevida.com.ar\/portalurbano\/vergel-y-matrella-visitaron-la-sede-scout-santa-elena-atacada-dias-pasados\/\"},\"wordCount\":259,\"publisher\":{\"@id\":\"https:\/\/experienciadevida.com.ar\/portalurbano\/#organization\"},\"articleSection\":[\"Ciudad\",\"Destacadas 2\"],\"inLanguage\":\"es\"},{\"@type\":\"WebPage\",\"@id\":\"https:\/\/experienciadevida.com.ar\/portalurbano\/vergel-y-matrella-visitaron-la-sede-scout-santa-elena-atacada-dias-pasados\/\",\"url\":\"https:\/\/experienciadevida.com.ar\/portalurbano\/vergel-y-matrella-visitaron-la-sede-scout-santa-elena-atacada-dias-pasados\/\",\"name\":\"Vergel y Matrella visitaron la sede scout Santa Elena atacada\",\"isPartOf\":{\"@id\":\"https:\/\/experienciadevida.com.ar\/portalurbano\/#website\"},\"datePublished\":\"2022-08-18T15:55:46+00:00\",\"dateModified\":\"2022-08-18T19:11:58+00:00\",\"description\":\"Vergel y Matrella visitaron la sede Scout \u201cSanta Elena\u201d atacada d\u00edas pasados, esta ma\u00f1ana los concejales fueron a conocer\",\"breadcrumb\":{\"@id\":\"https:\/\/experienciadevida.com.ar\/portalurbano\/vergel-y-matrella-visitaron-la-sede-scout-santa-elena-atacada-dias-pasados\/#breadcrumb\"},\"inLanguage\":\"es\",\"potentialAction\":[{\"@type\":\"ReadAction\",\"target\":[\"https:\/\/experienciadevida.com.ar\/portalurbano\/vergel-y-matrella-visitaron-la-sede-scout-santa-elena-atacada-dias-pasados\/\"]}]},{\"@type\":\"BreadcrumbList\",\"@id\":\"https:\/\/experienciadevida.com.ar\/portalurbano\/vergel-y-matrella-visitaron-la-sede-scout-santa-elena-atacada-dias-pasados\/#breadcrumb\",\"itemListElement\":[{\"@type\":\"ListItem\",\"position\":1,\"name\":\"Portada\",\"item\":\"https:\/\/experienciadevida.com.ar\/portalurbano\/\"},{\"@type\":\"ListItem\",\"position\":2,\"name\":\"Vergel y Matrella visitaron la sede Scout \u201cSanta Elena\u201d atacada d\u00edas pasados\"}]},{\"@type\":\"WebSite\",\"@id\":\"https:\/\/experienciadevida.com.ar\/portalurbano\/#website\",\"url\":\"https:\/\/experienciadevida.com.ar\/portalurbano\/\",\"name\":\"\",\"description\":\"\",\"publisher\":{\"@id\":\"https:\/\/experienciadevida.com.ar\/portalurbano\/#organization\"},\"potentialAction\":[{\"@type\":\"SearchAction\",\"target\":{\"@type\":\"EntryPoint\",\"urlTemplate\":\"https:\/\/experienciadevida.com.ar\/portalurbano\/?s={search_term_string}\"},\"query-input\":\"required name=search_term_string\"}],\"inLanguage\":\"es\"},{\"@type\":\"Organization\",\"@id\":\"https:\/\/experienciadevida.com.ar\/portalurbano\/#organization\",\"name\":\"Portal Urbano\",\"url\":\"https:\/\/experienciadevida.com.ar\/portalurbano\/\",\"logo\":{\"@type\":\"ImageObject\",\"inLanguage\":\"es\",\"@id\":\"https:\/\/experienciadevida.com.ar\/portalurbano\/#\/schema\/logo\/image\/\",\"url\":\"https:\/\/experienciadevida.com.ar\/portalurbano\/wp-content\/uploads\/2019\/09\/Logo-Original.png\",\"contentUrl\":\"https:\/\/experienciadevida.com.ar\/portalurbano\/wp-content\/uploads\/2019\/09\/Logo-Original.png\",\"width\":2236,\"height\":1216,\"caption\":\"Portal Urbano\"},\"image\":{\"@id\":\"https:\/\/experienciadevida.com.ar\/portalurbano\/#\/schema\/logo\/image\/\"},\"sameAs\":[\"https:\/\/www.facebook.com\/Portal-Urbano-171542830093757\/\",\"https:\/\/twitter.com\/portalurbanook\",\"https:\/\/www.instagram.com\/_portalurbano\/\",\"https:\/\/www.youtube.com\/channel\/UCXhagIfszH8KxFiOok79zbA?view_as=subscriber\"]},{\"@type\":\"Person\",\"@id\":\"https:\/\/experienciadevida.com.ar\/portalurbano\/#\/schema\/person\/02dd326b1c4b056e9cc972486934a3a7\",\"name\":\"admpu17wp\",\"image\":{\"@type\":\"ImageObject\",\"inLanguage\":\"es\",\"@id\":\"https:\/\/experienciadevida.com.ar\/portalurbano\/#\/schema\/person\/image\/\",\"url\":\"https:\/\/secure.gravatar.com\/avatar\/830d4c57adaae6630765e449a6908047?s=96&d=mm&r=g\",\"contentUrl\":\"https:\/\/secure.gravatar.com\/avatar\/830d4c57adaae6630765e449a6908047?s=96&d=mm&r=g\",\"caption\":\"admpu17wp\"}}]}<\/script>\n<!-- \/ Yoast SEO plugin. -->","yoast_head_json":{"title":"Vergel y Matrella visitaron la sede scout Santa Elena atacada","description":"Vergel y Matrella visitaron la sede Scout \u201cSanta Elena\u201d atacada d\u00edas pasados, esta ma\u00f1ana los concejales fueron a conocer","robots":{"index":"index","follow":"follow","max-snippet":"max-snippet:-1","max-image-preview":"max-image-preview:large","max-video-preview":"max-video-preview:-1"},"canonical":"https:\/\/experienciadevida.com.ar\/portalurbano\/vergel-y-matrella-visitaron-la-sede-scout-santa-elena-atacada-dias-pasados\/","og_locale":"es_ES","og_type":"article","og_title":"Vergel y Matrella visitaron la sede scout Santa Elena atacada","og_description":"Vergel y Matrella visitaron la sede Scout \u201cSanta Elena\u201d atacada d\u00edas pasados, esta ma\u00f1ana los concejales fueron a conocer","og_url":"https:\/\/experienciadevida.com.ar\/portalurbano\/vergel-y-matrella-visitaron-la-sede-scout-santa-elena-atacada-dias-pasados\/","article_publisher":"https:\/\/www.facebook.com\/Portal-Urbano-171542830093757\/","article_published_time":"2022-08-18T15:55:46+00:00","article_modified_time":"2022-08-18T19:11:58+00:00","og_image":[{"width":1200,"height":768,"url":"https:\/\/experienciadevida.com.ar\/portalurbano\/wp-content\/uploads\/2022\/08\/Vergel-y-Matrella-visitaron-1.jpeg","type":"image\/jpeg"}],"author":"admpu17wp","twitter_card":"summary_large_image","twitter_creator":"@portalurbanook","twitter_site":"@portalurbanook","twitter_misc":{"Escrito por":"admpu17wp","Tiempo de lectura":"2 minutos"},"schema":{"@context":"https:\/\/schema.org","@graph":[{"@type":"Article","@id":"https:\/\/experienciadevida.com.ar\/portalurbano\/vergel-y-matrella-visitaron-la-sede-scout-santa-elena-atacada-dias-pasados\/#article","isPartOf":{"@id":"https:\/\/experienciadevida.com.ar\/portalurbano\/vergel-y-matrella-visitaron-la-sede-scout-santa-elena-atacada-dias-pasados\/"},"author":{"name":"admpu17wp","@id":"https:\/\/experienciadevida.com.ar\/portalurbano\/#\/schema\/person\/02dd326b1c4b056e9cc972486934a3a7"},"headline":"Vergel y Matrella visitaron la sede Scout \u201cSanta Elena\u201d atacada d\u00edas pasados","datePublished":"2022-08-18T15:55:46+00:00","dateModified":"2022-08-18T19:11:58+00:00","mainEntityOfPage":{"@id":"https:\/\/experienciadevida.com.ar\/portalurbano\/vergel-y-matrella-visitaron-la-sede-scout-santa-elena-atacada-dias-pasados\/"},"wordCount":259,"publisher":{"@id":"https:\/\/experienciadevida.com.ar\/portalurbano\/#organization"},"articleSection":["Ciudad","Destacadas 2"],"inLanguage":"es"},{"@type":"WebPage","@id":"https:\/\/experienciadevida.com.ar\/portalurbano\/vergel-y-matrella-visitaron-la-sede-scout-santa-elena-atacada-dias-pasados\/","url":"https:\/\/experienciadevida.com.ar\/portalurbano\/vergel-y-matrella-visitaron-la-sede-scout-santa-elena-atacada-dias-pasados\/","name":"Vergel y Matrella visitaron la sede scout Santa Elena atacada","isPartOf":{"@id":"https:\/\/experienciadevida.com.ar\/portalurbano\/#website"},"datePublished":"2022-08-18T15:55:46+00:00","dateModified":"2022-08-18T19:11:58+00:00","description":"Vergel y Matrella visitaron la sede Scout \u201cSanta Elena\u201d atacada d\u00edas pasados, esta ma\u00f1ana los concejales fueron a conocer","breadcrumb":{"@id":"https:\/\/experienciadevida.com.ar\/portalurbano\/vergel-y-matrella-visitaron-la-sede-scout-santa-elena-atacada-dias-pasados\/#breadcrumb"},"inLanguage":"es","potentialAction":[{"@type":"ReadAction","target":["https:\/\/experienciadevida.com.ar\/portalurbano\/vergel-y-matrella-visitaron-la-sede-scout-santa-elena-atacada-dias-pasados\/"]}]},{"@type":"BreadcrumbList","@id":"https:\/\/experienciadevida.com.ar\/portalurbano\/vergel-y-matrella-visitaron-la-sede-scout-santa-elena-atacada-dias-pasados\/#breadcrumb","itemListElement":[{"@type":"ListItem","position":1,"name":"Portada","item":"https:\/\/experienciadevida.com.ar\/portalurbano\/"},{"@type":"ListItem","position":2,"name":"Vergel y Matrella visitaron la sede Scout \u201cSanta Elena\u201d atacada d\u00edas pasados"}]},{"@type":"WebSite","@id":"https:\/\/experienciadevida.com.ar\/portalurbano\/#website","url":"https:\/\/experienciadevida.com.ar\/portalurbano\/","name":"","description":"","publisher":{"@id":"https:\/\/experienciadevida.com.ar\/portalurbano\/#organization"},"potentialAction":[{"@type":"SearchAction","target":{"@type":"EntryPoint","urlTemplate":"https:\/\/experienciadevida.com.ar\/portalurbano\/?s={search_term_string}"},"query-input":"required name=search_term_string"}],"inLanguage":"es"},{"@type":"Organization","@id":"https:\/\/experienciadevida.com.ar\/portalurbano\/#organization","name":"Portal Urbano","url":"https:\/\/experienciadevida.com.ar\/portalurbano\/","logo":{"@type":"ImageObject","inLanguage":"es","@id":"https:\/\/experienciadevida.com.ar\/portalurbano\/#\/schema\/logo\/image\/","url":"https:\/\/experienciadevida.com.ar\/portalurbano\/wp-content\/uploads\/2019\/09\/Logo-Original.png","contentUrl":"https:\/\/experienciadevida.com.ar\/portalurbano\/wp-content\/uploads\/2019\/09\/Logo-Original.png","width":2236,"height":1216,"caption":"Portal Urbano"},"image":{"@id":"https:\/\/experienciadevida.com.ar\/portalurbano\/#\/schema\/logo\/image\/"},"sameAs":["https:\/\/www.facebook.com\/Portal-Urbano-171542830093757\/","https:\/\/twitter.com\/portalurbanook","https:\/\/www.instagram.com\/_portalurbano\/","https:\/\/www.youtube.com\/channel\/UCXhagIfszH8KxFiOok79zbA?view_as=subscriber"]},{"@type":"Person","@id":"https:\/\/experienciadevida.com.ar\/portalurbano\/#\/schema\/person\/02dd326b1c4b056e9cc972486934a3a7","name":"admpu17wp","image":{"@type":"ImageObject","inLanguage":"es","@id":"https:\/\/experienciadevida.com.ar\/portalurbano\/#\/schema\/person\/image\/","url":"https:\/\/secure.gravatar.com\/avatar\/830d4c57adaae6630765e449a6908047?s=96&d=mm&r=g","contentUrl":"https:\/\/secure.gravatar.com\/avatar\/830d4c57adaae6630765e449a6908047?s=96&d=mm&r=g","caption":"admpu17wp"}}]}},"featured_image_urls":{"full":["https:\/\/experienciadevida.com.ar\/portalurbano\/wp-content\/uploads\/2022\/08\/Vergel-y-Matrella-visitaron-1.jpeg",1200,768,false],"thumbnail":["https:\/\/experienciadevida.com.ar\/portalurbano\/wp-content\/uploads\/2022\/08\/Vergel-y-Matrella-visitaron-1-150x150.jpeg",150,150,true],"medium":["https:\/\/experienciadevida.com.ar\/portalurbano\/wp-content\/uploads\/2022\/08\/Vergel-y-Matrella-visitaron-1-300x192.jpeg",300,192,true],"medium_large":["https:\/\/experienciadevida.com.ar\/portalurbano\/wp-content\/uploads\/2022\/08\/Vergel-y-Matrella-visitaron-1-768x492.jpeg",640,410,true],"large":["https:\/\/experienciadevida.com.ar\/portalurbano\/wp-content\/uploads\/2022\/08\/Vergel-y-Matrella-visitaron-1-1024x655.jpeg",640,409,true],"ug_big":["https:\/\/experienciadevida.com.ar\/portalurbano\/wp-content\/uploads\/2022\/08\/Vergel-y-Matrella-visitaron-1-768x492.jpeg",768,492,true],"1536x1536":["https:\/\/experienciadevida.com.ar\/portalurbano\/wp-content\/uploads\/2022\/08\/Vergel-y-Matrella-visitaron-1.jpeg",1200,768,false],"2048x2048":["https:\/\/experienciadevida.com.ar\/portalurbano\/wp-content\/uploads\/2022\/08\/Vergel-y-Matrella-visitaron-1.jpeg",1200,768,false],"newsever-slider-full":["https:\/\/experienciadevida.com.ar\/portalurbano\/wp-content\/uploads\/2022\/08\/Vergel-y-Matrella-visitaron-1.jpeg",1200,768,false],"newsever-featured":["https:\/\/experienciadevida.com.ar\/portalurbano\/wp-content\/uploads\/2022\/08\/Vergel-y-Matrella-visitaron-1.jpeg",1024,655,false],"newsever-medium":["https:\/\/experienciadevida.com.ar\/portalurbano\/wp-content\/uploads\/2022\/08\/Vergel-y-Matrella-visitaron-1.jpeg",720,461,false],"web-stories-poster-portrait":["https:\/\/experienciadevida.com.ar\/portalurbano\/wp-content\/uploads\/2022\/08\/Vergel-y-Matrella-visitaron-1-640x768.jpeg",640,768,true],"web-stories-publisher-logo":["https:\/\/experienciadevida.com.ar\/portalurbano\/wp-content\/uploads\/2022\/08\/Vergel-y-Matrella-visitaron-1-96x96.jpeg",96,96,true],"web-stories-thumbnail":["https:\/\/experienciadevida.com.ar\/portalurbano\/wp-content\/uploads\/2022\/08\/Vergel-y-Matrella-visitaron-1-150x96.jpeg",150,96,true]},"author_info":{"display_name":"admpu17wp","author_link":"https:\/\/experienciadevida.com.ar\/portalurbano\/author\/admpu17wp\/"},"category_info":"<a href=\"https:\/\/experienciadevida.com.ar\/portalurbano\/category\/ciudad\/\" rel=\"category tag\">Ciudad<\/a> <a href=\"https:\/\/experienciadevida.com.ar\/portalurbano\/category\/destacadas-2\/\" rel=\"category tag\">Destacadas 2<\/a>","tag_info":"Destacadas 2","comment_count":"0","amp_enabled":true,"_links":{"self":[{"href":"https:\/\/experienciadevida.com.ar\/portalurbano\/wp-json\/wp\/v2\/posts\/173624"}],"collection":[{"href":"https:\/\/experienciadevida.com.ar\/portalurbano\/wp-json\/wp\/v2\/posts"}],"about":[{"href":"https:\/\/experienciadevida.com.ar\/portalurbano\/wp-json\/wp\/v2\/types\/post"}],"author":[{"embeddable":true,"href":"https:\/\/experienciadevida.com.ar\/portalurbano\/wp-json\/wp\/v2\/users\/1"}],"replies":[{"embeddable":true,"href":"https:\/\/experienciadevida.com.ar\/portalurbano\/wp-json\/wp\/v2\/comments?post=173624"}],"version-history":[{"count":1,"href":"https:\/\/experienciadevida.com.ar\/portalurbano\/wp-json\/wp\/v2\/posts\/173624\/revisions"}],"predecessor-version":[{"id":173626,"href":"https:\/\/experienciadevida.com.ar\/portalurbano\/wp-json\/wp\/v2\/posts\/173624\/revisions\/173626"}],"wp:featuredmedia":[{"embeddable":true,"href":"https:\/\/experienciadevida.com.ar\/portalurbano\/wp-json\/wp\/v2\/media\/173627"}],"wp:attachment":[{"href":"https:\/\/experienciadevida.com.ar\/portalurbano\/wp-json\/wp\/v2\/media?parent=173624"}],"wp:term":[{"taxonomy":"category","embeddable":true,"href":"https:\/\/experienciadevida.com.ar\/portalurbano\/wp-json\/wp\/v2\/categories?post=173624"},{"taxonomy":"post_tag","embeddable":true,"href":"https:\/\/experienciadevida.com.ar\/portalurbano\/wp-json\/wp\/v2\/tags?post=173624"}],"curies":[{"name":"wp","href":"https:\/\/api.w.org\/{rel}","templated":true}]}}