{"id":173613,"date":"2022-08-18T10:15:25","date_gmt":"2022-08-18T13:15:25","guid":{"rendered":"https:\/\/experienciadevida.com.ar\/portalurbano\/?p=173613"},"modified":"2022-08-18T10:15:53","modified_gmt":"2022-08-18T13:15:53","slug":"promocion-de-la-salud-en-pabellones-de-diversidad-de-genero-de-la-unidad-penal-n-2","status":"publish","type":"post","link":"https:\/\/experienciadevida.com.ar\/portalurbano\/promocion-de-la-salud-en-pabellones-de-diversidad-de-genero-de-la-unidad-penal-n-2\/","title":{"rendered":"Promoci\u00f3n de la salud en pabellones de Diversidad de G\u00e9nero de la Unidad Penal N\u00b0 2"},"content":{"rendered":"<p>Promoci\u00f3n de la salud en pabellones de Diversidad de G\u00e9nero de la Unidad Penal N\u00b0 2, en el marco de las actividades tratamentales que se llevan adelante en la Unidad Penitenciaria N\u00b02 de Sierra Chica se realiz\u00f3 una propuesta de intervenciones para promover instancias de asesoramiento, relevamiento y promoci\u00f3n de los derechos de las personas alojadas en el pabell\u00f3n N\u00b09 de diversidad de g\u00e9nero.<\/p>\n<p><a href=\"https:\/\/experienciadevida.com.ar\/portalurbano\/promocion-de-la-salud-en-pabellones-de-diversidad-de-genero-de-la-unidad-penal-n-2\/promocion\/\" rel=\"attachment wp-att-173615\"><img decoding=\"async\" class=\"alignnone size-large wp-image-173615\" src=\"https:\/\/experienciadevida.com.ar\/portalurbano\/wp-content\/uploads\/2022\/08\/Promocion-1024x768.jpg\" alt=\"Promoci\u00f3n \" width=\"900\" height=\"675\" srcset=\"https:\/\/experienciadevida.com.ar\/portalurbano\/wp-content\/uploads\/2022\/08\/Promocion-1024x768.jpg 1024w, https:\/\/experienciadevida.com.ar\/portalurbano\/wp-content\/uploads\/2022\/08\/Promocion-300x225.jpg 300w, https:\/\/experienciadevida.com.ar\/portalurbano\/wp-content\/uploads\/2022\/08\/Promocion-768x576.jpg 768w, https:\/\/experienciadevida.com.ar\/portalurbano\/wp-content\/uploads\/2022\/08\/Promocion-1536x1152.jpg 1536w, https:\/\/experienciadevida.com.ar\/portalurbano\/wp-content\/uploads\/2022\/08\/Promocion-2048x1536.jpg 2048w, https:\/\/experienciadevida.com.ar\/portalurbano\/wp-content\/uploads\/2022\/08\/Promocion-150x113.jpg 150w\" sizes=\"(max-width: 900px) 100vw, 900px\" \/><\/a><\/p>\n<p>La jornada fue denominada &#8220;Como un p\u00e1jaro libre&#8221; y la llevaron adelante miembros de la Defensa P\u00fablica Departamental de Azul, el Instituto Nacional contra la Discriminaci\u00f3n, la Xenofobia y el Racismo (INADI), el Programa de Extensi\u00f3n Chesida, C\u00e1tedra Libre y el Observatorio de Educaci\u00f3n, Pol\u00edticas P\u00fablicas y Derechos de la Facultad de Ciencias Sociales dependiente de la UNICEN.<\/p>\n<p>El Subdelegado regional de INADI, Norberto Almeida destac\u00f3 que \u201cestamos acompa\u00f1ando en lo que es el acceso a derechos y a la salud, para ello empezamos con un relevamiento a todo el pabell\u00f3n. Estos datos ser\u00e1n un instrumento para ver c\u00f3mo es la realidad dentro del pabell\u00f3n contada desde ellos y ellas. En el segundo encuentro hablamos del reconocimiento de derechos dentro del Pabell\u00f3n de Diversidad Sexual, donde la Defensor\u00eda P\u00fablica se encarg\u00f3 de entregarles volantes informativos para que sepan sobre qui\u00e9nes son sus defensores, d\u00f3nde tienen que consultar y las l\u00edneas telef\u00f3nicas con las que pueden comunicarse. Y el tercer encuentro se centr\u00f3 en el acceso a la salud, cuidados, tratamientos y estudios cl\u00ednicos que deben realizarse y lo lleva adelante Chesida\u201d.<\/p>\n<p>Carlos Rodr\u00edguez, integrante del Programa de Extensi\u00f3n Chesida y C\u00e1tedra Libre de la FACSO-UNICEN, dirigi\u00f3 la actividad de la tercera jornada que consisti\u00f3 en armar grupos de estudio para tratar cuestiones de salud donde<br \/>\nlos y las privadas de la libertad debatieron y expusieron lo analizado. \u201cVieron el documental de Canal Encuentro `\u00bfQu\u00e9 entendemos por salud?` y luego cotejaron lo trabajado en grupo con la informaci\u00f3n del video. Finalizaron<br \/>\nel encuentro con un video del Premio Nobel de la Paz Adolfo P\u00e9rez Esquivel que se refiere a lo que sucede con la salud en el sistema penitenciario. Finalizamos con una puesta en com\u00fan sobre los obst\u00e1culos y llegar a<br \/>\npropuestas para acceder a la salud en la unidad\u201d, coment\u00f3 Carlos Rodr\u00edguez.<\/p>\n<p><a href=\"https:\/\/experienciadevida.com.ar\/portalurbano\/promocion-de-la-salud-en-pabellones-de-diversidad-de-genero-de-la-unidad-penal-n-2\/de-la-6\/\" rel=\"attachment wp-att-173616\"><img decoding=\"async\" class=\"alignnone size-large wp-image-173616\" src=\"https:\/\/experienciadevida.com.ar\/portalurbano\/wp-content\/uploads\/2022\/08\/de-la-1024x768.jpg\" alt=\"de la \" width=\"900\" height=\"675\" srcset=\"https:\/\/experienciadevida.com.ar\/portalurbano\/wp-content\/uploads\/2022\/08\/de-la-1024x768.jpg 1024w, https:\/\/experienciadevida.com.ar\/portalurbano\/wp-content\/uploads\/2022\/08\/de-la-300x225.jpg 300w, https:\/\/experienciadevida.com.ar\/portalurbano\/wp-content\/uploads\/2022\/08\/de-la-768x576.jpg 768w, https:\/\/experienciadevida.com.ar\/portalurbano\/wp-content\/uploads\/2022\/08\/de-la-1536x1152.jpg 1536w, https:\/\/experienciadevida.com.ar\/portalurbano\/wp-content\/uploads\/2022\/08\/de-la-150x113.jpg 150w, https:\/\/experienciadevida.com.ar\/portalurbano\/wp-content\/uploads\/2022\/08\/de-la.jpg 1892w\" sizes=\"(max-width: 900px) 100vw, 900px\" \/><\/a><\/p>\n<p>Promoci\u00f3n de la salud en pabellones de Diversidad de G\u00e9nero de la Unidad Penal N\u00b0 2, un clima de confianza y respeto fue la calve en cada uno de los encuentros donde se puso de relieve la importancia de la palabra para reflexionar e intercambiar miradas, sentimientos opiniones, dudas, miedos, identificar emociones positivas<br \/>\ny negativas, los prejuicios con respecto a la sexualidad y las diversidades sexo-gen\u00e9ricas.<\/p>\n<p>Al finalizar la \u00faltima jornada se realiz\u00f3 una reuni\u00f3n de trabajo en la que participaron el director de la Unidad N\u00b02 Carlos Silva, el Subdirector de Asistencia y Tratamiento Juan Navarro, el Jefe de Asistencia y Tratamiento Facundo<br \/>\nLuna, la Directora de Pol\u00edtica de G\u00e9nero Soledad Soubercazes, la coordinadora de la Poblaci\u00f3n Trans \u00c1ngeles Maribel Helguera y la Asesora Legal Sabrina Cosimano Simiele, la coordinadora del pabell\u00f3n de Diversidad Daniela Di Mateo, Hugo Leira de la Defensor\u00eda P\u00fablica Departamental de Azul, Norberto Almeida del Instituto Nacional contra la Discriminaci\u00f3n, la Xenofobia y el Racismo (INADI), Carlos Rodr\u00edguez del Programa de Extensi\u00f3n Chesida y<br \/>\nC\u00e1tedra Libre (FACSO-UNICEN) y la profesora Magdalena Alicata del Observatorio de Educaci\u00f3n, Pol\u00edticas P\u00fablicas y Derechos (FACSO-UNICEN).<\/p>\n<p>La mesa de trabajo busc\u00f3 coordinar objetivos, compartir conocimiento y perspectivas en funci\u00f3n de otorgar respuestas y promover la obtenci\u00f3n de altos niveles de protecci\u00f3n del derecho a la salud del Colectivo Trans.<\/p>\n<p>Fuente y Fotos: Servicio Penitenciario Bonaerense<\/p>\n<p><a href=\"https:\/\/experienciadevida.com.ar\/portalurbano\/promocion-de-la-salud-en-pabellones-de-diversidad-de-genero-de-la-unidad-penal-n-2\/salud\/\" rel=\"attachment wp-att-173617\"><img decoding=\"async\" class=\"alignnone size-large wp-image-173617\" src=\"https:\/\/experienciadevida.com.ar\/portalurbano\/wp-content\/uploads\/2022\/08\/salud-1024x673.jpg\" alt=\"salud \" width=\"900\" height=\"592\" srcset=\"https:\/\/experienciadevida.com.ar\/portalurbano\/wp-content\/uploads\/2022\/08\/salud-1024x673.jpg 1024w, https:\/\/experienciadevida.com.ar\/portalurbano\/wp-content\/uploads\/2022\/08\/salud-300x197.jpg 300w, https:\/\/experienciadevida.com.ar\/portalurbano\/wp-content\/uploads\/2022\/08\/salud-768x504.jpg 768w, https:\/\/experienciadevida.com.ar\/portalurbano\/wp-content\/uploads\/2022\/08\/salud-1536x1009.jpg 1536w, https:\/\/experienciadevida.com.ar\/portalurbano\/wp-content\/uploads\/2022\/08\/salud-2048x1345.jpg 2048w, https:\/\/experienciadevida.com.ar\/portalurbano\/wp-content\/uploads\/2022\/08\/salud-150x99.jpg 150w\" sizes=\"(max-width: 900px) 100vw, 900px\" \/><\/a><\/p>\n","protected":false},"excerpt":{"rendered":"<p>Promoci\u00f3n de la salud en pabellones de Diversidad de G\u00e9nero de la Unidad Penal N\u00b0&#8230;<\/p>\n","protected":false},"author":1,"featured_media":173614,"comment_status":"closed","ping_status":"closed","sticky":false,"template":"","format":"standard","meta":{"content-type":""},"categories":[27],"tags":[],"nelio_content":{"isAutoShareEnabled":false,"autoShareEndMode":"default","automationSources":{"useContentSentences":true,"useSocialTemplates":true,"useCustomSentences":false,"customSentences":[]},"followers":[1],"suggestedReferences":[],"includedReferences":[],"efiUrl":"","efiAlt":"","highlights":[]},"yoast_head":"<!-- This site is optimized with the Yoast SEO plugin v20.7 - https:\/\/yoast.com\/wordpress\/plugins\/seo\/ -->\n<title>Promoci\u00f3n de la salud en pabellones de diversidad de g\u00e9nero<\/title>\n<meta name=\"description\" content=\"Promoci\u00f3n de la salud en pabellones de Diversidad de G\u00e9nero de la Unidad Penal N\u00b0 2, en el marco de las actividades tratamentales\" \/>\n<meta name=\"robots\" content=\"index, follow, max-snippet:-1, max-image-preview:large, max-video-preview:-1\" \/>\n<link rel=\"canonical\" href=\"https:\/\/experienciadevida.com.ar\/portalurbano\/promocion-de-la-salud-en-pabellones-de-diversidad-de-genero-de-la-unidad-penal-n-2\/\" \/>\n<meta property=\"og:locale\" content=\"es_ES\" \/>\n<meta property=\"og:type\" content=\"article\" \/>\n<meta property=\"og:title\" content=\"Promoci\u00f3n de la salud en pabellones de diversidad de g\u00e9nero\" \/>\n<meta property=\"og:description\" content=\"Promoci\u00f3n de la salud en pabellones de Diversidad de G\u00e9nero de la Unidad Penal N\u00b0 2, en el marco de las actividades tratamentales\" \/>\n<meta property=\"og:url\" content=\"https:\/\/experienciadevida.com.ar\/portalurbano\/promocion-de-la-salud-en-pabellones-de-diversidad-de-genero-de-la-unidad-penal-n-2\/\" \/>\n<meta property=\"article:publisher\" content=\"https:\/\/www.facebook.com\/Portal-Urbano-171542830093757\/\" \/>\n<meta property=\"article:published_time\" content=\"2022-08-18T13:15:25+00:00\" \/>\n<meta property=\"article:modified_time\" content=\"2022-08-18T13:15:53+00:00\" \/>\n<meta property=\"og:image\" content=\"https:\/\/experienciadevida.com.ar\/portalurbano\/wp-content\/uploads\/2022\/08\/Promocion-de-la-salud.jpg\" \/>\n\t<meta property=\"og:image:width\" content=\"1514\" \/>\n\t<meta property=\"og:image:height\" content=\"1136\" \/>\n\t<meta property=\"og:image:type\" content=\"image\/jpeg\" \/>\n<meta name=\"author\" content=\"admpu17wp\" \/>\n<meta name=\"twitter:card\" content=\"summary_large_image\" \/>\n<meta name=\"twitter:creator\" content=\"@portalurbanook\" \/>\n<meta name=\"twitter:site\" content=\"@portalurbanook\" \/>\n<meta name=\"twitter:label1\" content=\"Escrito por\" \/>\n\t<meta name=\"twitter:data1\" content=\"admpu17wp\" \/>\n\t<meta name=\"twitter:label2\" content=\"Tiempo de lectura\" \/>\n\t<meta name=\"twitter:data2\" content=\"4 minutos\" \/>\n<script type=\"application\/ld+json\" class=\"yoast-schema-graph\">{\"@context\":\"https:\/\/schema.org\",\"@graph\":[{\"@type\":\"Article\",\"@id\":\"https:\/\/experienciadevida.com.ar\/portalurbano\/promocion-de-la-salud-en-pabellones-de-diversidad-de-genero-de-la-unidad-penal-n-2\/#article\",\"isPartOf\":{\"@id\":\"https:\/\/experienciadevida.com.ar\/portalurbano\/promocion-de-la-salud-en-pabellones-de-diversidad-de-genero-de-la-unidad-penal-n-2\/\"},\"author\":{\"name\":\"admpu17wp\",\"@id\":\"https:\/\/experienciadevida.com.ar\/portalurbano\/#\/schema\/person\/02dd326b1c4b056e9cc972486934a3a7\"},\"headline\":\"Promoci\u00f3n de la salud en pabellones de Diversidad de G\u00e9nero de la Unidad Penal N\u00b0 2\",\"datePublished\":\"2022-08-18T13:15:25+00:00\",\"dateModified\":\"2022-08-18T13:15:53+00:00\",\"mainEntityOfPage\":{\"@id\":\"https:\/\/experienciadevida.com.ar\/portalurbano\/promocion-de-la-salud-en-pabellones-de-diversidad-de-genero-de-la-unidad-penal-n-2\/\"},\"wordCount\":660,\"publisher\":{\"@id\":\"https:\/\/experienciadevida.com.ar\/portalurbano\/#organization\"},\"articleSection\":[\"Ciudad\"],\"inLanguage\":\"es\"},{\"@type\":\"WebPage\",\"@id\":\"https:\/\/experienciadevida.com.ar\/portalurbano\/promocion-de-la-salud-en-pabellones-de-diversidad-de-genero-de-la-unidad-penal-n-2\/\",\"url\":\"https:\/\/experienciadevida.com.ar\/portalurbano\/promocion-de-la-salud-en-pabellones-de-diversidad-de-genero-de-la-unidad-penal-n-2\/\",\"name\":\"Promoci\u00f3n de la salud en pabellones de diversidad de g\u00e9nero\",\"isPartOf\":{\"@id\":\"https:\/\/experienciadevida.com.ar\/portalurbano\/#website\"},\"datePublished\":\"2022-08-18T13:15:25+00:00\",\"dateModified\":\"2022-08-18T13:15:53+00:00\",\"description\":\"Promoci\u00f3n de la salud en pabellones de Diversidad de G\u00e9nero de la Unidad Penal N\u00b0 2, en el marco de las actividades tratamentales\",\"breadcrumb\":{\"@id\":\"https:\/\/experienciadevida.com.ar\/portalurbano\/promocion-de-la-salud-en-pabellones-de-diversidad-de-genero-de-la-unidad-penal-n-2\/#breadcrumb\"},\"inLanguage\":\"es\",\"potentialAction\":[{\"@type\":\"ReadAction\",\"target\":[\"https:\/\/experienciadevida.com.ar\/portalurbano\/promocion-de-la-salud-en-pabellones-de-diversidad-de-genero-de-la-unidad-penal-n-2\/\"]}]},{\"@type\":\"BreadcrumbList\",\"@id\":\"https:\/\/experienciadevida.com.ar\/portalurbano\/promocion-de-la-salud-en-pabellones-de-diversidad-de-genero-de-la-unidad-penal-n-2\/#breadcrumb\",\"itemListElement\":[{\"@type\":\"ListItem\",\"position\":1,\"name\":\"Portada\",\"item\":\"https:\/\/experienciadevida.com.ar\/portalurbano\/\"},{\"@type\":\"ListItem\",\"position\":2,\"name\":\"Promoci\u00f3n de la salud en pabellones de Diversidad de G\u00e9nero de la Unidad Penal N\u00b0 2\"}]},{\"@type\":\"WebSite\",\"@id\":\"https:\/\/experienciadevida.com.ar\/portalurbano\/#website\",\"url\":\"https:\/\/experienciadevida.com.ar\/portalurbano\/\",\"name\":\"\",\"description\":\"\",\"publisher\":{\"@id\":\"https:\/\/experienciadevida.com.ar\/portalurbano\/#organization\"},\"potentialAction\":[{\"@type\":\"SearchAction\",\"target\":{\"@type\":\"EntryPoint\",\"urlTemplate\":\"https:\/\/experienciadevida.com.ar\/portalurbano\/?s={search_term_string}\"},\"query-input\":\"required name=search_term_string\"}],\"inLanguage\":\"es\"},{\"@type\":\"Organization\",\"@id\":\"https:\/\/experienciadevida.com.ar\/portalurbano\/#organization\",\"name\":\"Portal Urbano\",\"url\":\"https:\/\/experienciadevida.com.ar\/portalurbano\/\",\"logo\":{\"@type\":\"ImageObject\",\"inLanguage\":\"es\",\"@id\":\"https:\/\/experienciadevida.com.ar\/portalurbano\/#\/schema\/logo\/image\/\",\"url\":\"https:\/\/experienciadevida.com.ar\/portalurbano\/wp-content\/uploads\/2019\/09\/Logo-Original.png\",\"contentUrl\":\"https:\/\/experienciadevida.com.ar\/portalurbano\/wp-content\/uploads\/2019\/09\/Logo-Original.png\",\"width\":2236,\"height\":1216,\"caption\":\"Portal Urbano\"},\"image\":{\"@id\":\"https:\/\/experienciadevida.com.ar\/portalurbano\/#\/schema\/logo\/image\/\"},\"sameAs\":[\"https:\/\/www.facebook.com\/Portal-Urbano-171542830093757\/\",\"https:\/\/twitter.com\/portalurbanook\",\"https:\/\/www.instagram.com\/_portalurbano\/\",\"https:\/\/www.youtube.com\/channel\/UCXhagIfszH8KxFiOok79zbA?view_as=subscriber\"]},{\"@type\":\"Person\",\"@id\":\"https:\/\/experienciadevida.com.ar\/portalurbano\/#\/schema\/person\/02dd326b1c4b056e9cc972486934a3a7\",\"name\":\"admpu17wp\",\"image\":{\"@type\":\"ImageObject\",\"inLanguage\":\"es\",\"@id\":\"https:\/\/experienciadevida.com.ar\/portalurbano\/#\/schema\/person\/image\/\",\"url\":\"https:\/\/secure.gravatar.com\/avatar\/830d4c57adaae6630765e449a6908047?s=96&d=mm&r=g\",\"contentUrl\":\"https:\/\/secure.gravatar.com\/avatar\/830d4c57adaae6630765e449a6908047?s=96&d=mm&r=g\",\"caption\":\"admpu17wp\"}}]}<\/script>\n<!-- \/ Yoast SEO plugin. -->","yoast_head_json":{"title":"Promoci\u00f3n de la salud en pabellones de diversidad de g\u00e9nero","description":"Promoci\u00f3n de la salud en pabellones de Diversidad de G\u00e9nero de la Unidad Penal N\u00b0 2, en el marco de las actividades tratamentales","robots":{"index":"index","follow":"follow","max-snippet":"max-snippet:-1","max-image-preview":"max-image-preview:large","max-video-preview":"max-video-preview:-1"},"canonical":"https:\/\/experienciadevida.com.ar\/portalurbano\/promocion-de-la-salud-en-pabellones-de-diversidad-de-genero-de-la-unidad-penal-n-2\/","og_locale":"es_ES","og_type":"article","og_title":"Promoci\u00f3n de la salud en pabellones de diversidad de g\u00e9nero","og_description":"Promoci\u00f3n de la salud en pabellones de Diversidad de G\u00e9nero de la Unidad Penal N\u00b0 2, en el marco de las actividades tratamentales","og_url":"https:\/\/experienciadevida.com.ar\/portalurbano\/promocion-de-la-salud-en-pabellones-de-diversidad-de-genero-de-la-unidad-penal-n-2\/","article_publisher":"https:\/\/www.facebook.com\/Portal-Urbano-171542830093757\/","article_published_time":"2022-08-18T13:15:25+00:00","article_modified_time":"2022-08-18T13:15:53+00:00","og_image":[{"width":1514,"height":1136,"url":"https:\/\/experienciadevida.com.ar\/portalurbano\/wp-content\/uploads\/2022\/08\/Promocion-de-la-salud.jpg","type":"image\/jpeg"}],"author":"admpu17wp","twitter_card":"summary_large_image","twitter_creator":"@portalurbanook","twitter_site":"@portalurbanook","twitter_misc":{"Escrito por":"admpu17wp","Tiempo de lectura":"4 minutos"},"schema":{"@context":"https:\/\/schema.org","@graph":[{"@type":"Article","@id":"https:\/\/experienciadevida.com.ar\/portalurbano\/promocion-de-la-salud-en-pabellones-de-diversidad-de-genero-de-la-unidad-penal-n-2\/#article","isPartOf":{"@id":"https:\/\/experienciadevida.com.ar\/portalurbano\/promocion-de-la-salud-en-pabellones-de-diversidad-de-genero-de-la-unidad-penal-n-2\/"},"author":{"name":"admpu17wp","@id":"https:\/\/experienciadevida.com.ar\/portalurbano\/#\/schema\/person\/02dd326b1c4b056e9cc972486934a3a7"},"headline":"Promoci\u00f3n de la salud en pabellones de Diversidad de G\u00e9nero de la Unidad Penal N\u00b0 2","datePublished":"2022-08-18T13:15:25+00:00","dateModified":"2022-08-18T13:15:53+00:00","mainEntityOfPage":{"@id":"https:\/\/experienciadevida.com.ar\/portalurbano\/promocion-de-la-salud-en-pabellones-de-diversidad-de-genero-de-la-unidad-penal-n-2\/"},"wordCount":660,"publisher":{"@id":"https:\/\/experienciadevida.com.ar\/portalurbano\/#organization"},"articleSection":["Ciudad"],"inLanguage":"es"},{"@type":"WebPage","@id":"https:\/\/experienciadevida.com.ar\/portalurbano\/promocion-de-la-salud-en-pabellones-de-diversidad-de-genero-de-la-unidad-penal-n-2\/","url":"https:\/\/experienciadevida.com.ar\/portalurbano\/promocion-de-la-salud-en-pabellones-de-diversidad-de-genero-de-la-unidad-penal-n-2\/","name":"Promoci\u00f3n de la salud en pabellones de diversidad de g\u00e9nero","isPartOf":{"@id":"https:\/\/experienciadevida.com.ar\/portalurbano\/#website"},"datePublished":"2022-08-18T13:15:25+00:00","dateModified":"2022-08-18T13:15:53+00:00","description":"Promoci\u00f3n de la salud en pabellones de Diversidad de G\u00e9nero de la Unidad Penal N\u00b0 2, en el marco de las actividades tratamentales","breadcrumb":{"@id":"https:\/\/experienciadevida.com.ar\/portalurbano\/promocion-de-la-salud-en-pabellones-de-diversidad-de-genero-de-la-unidad-penal-n-2\/#breadcrumb"},"inLanguage":"es","potentialAction":[{"@type":"ReadAction","target":["https:\/\/experienciadevida.com.ar\/portalurbano\/promocion-de-la-salud-en-pabellones-de-diversidad-de-genero-de-la-unidad-penal-n-2\/"]}]},{"@type":"BreadcrumbList","@id":"https:\/\/experienciadevida.com.ar\/portalurbano\/promocion-de-la-salud-en-pabellones-de-diversidad-de-genero-de-la-unidad-penal-n-2\/#breadcrumb","itemListElement":[{"@type":"ListItem","position":1,"name":"Portada","item":"https:\/\/experienciadevida.com.ar\/portalurbano\/"},{"@type":"ListItem","position":2,"name":"Promoci\u00f3n de la salud en pabellones de Diversidad de G\u00e9nero de la Unidad Penal N\u00b0 2"}]},{"@type":"WebSite","@id":"https:\/\/experienciadevida.com.ar\/portalurbano\/#website","url":"https:\/\/experienciadevida.com.ar\/portalurbano\/","name":"","description":"","publisher":{"@id":"https:\/\/experienciadevida.com.ar\/portalurbano\/#organization"},"potentialAction":[{"@type":"SearchAction","target":{"@type":"EntryPoint","urlTemplate":"https:\/\/experienciadevida.com.ar\/portalurbano\/?s={search_term_string}"},"query-input":"required name=search_term_string"}],"inLanguage":"es"},{"@type":"Organization","@id":"https:\/\/experienciadevida.com.ar\/portalurbano\/#organization","name":"Portal Urbano","url":"https:\/\/experienciadevida.com.ar\/portalurbano\/","logo":{"@type":"ImageObject","inLanguage":"es","@id":"https:\/\/experienciadevida.com.ar\/portalurbano\/#\/schema\/logo\/image\/","url":"https:\/\/experienciadevida.com.ar\/portalurbano\/wp-content\/uploads\/2019\/09\/Logo-Original.png","contentUrl":"https:\/\/experienciadevida.com.ar\/portalurbano\/wp-content\/uploads\/2019\/09\/Logo-Original.png","width":2236,"height":1216,"caption":"Portal Urbano"},"image":{"@id":"https:\/\/experienciadevida.com.ar\/portalurbano\/#\/schema\/logo\/image\/"},"sameAs":["https:\/\/www.facebook.com\/Portal-Urbano-171542830093757\/","https:\/\/twitter.com\/portalurbanook","https:\/\/www.instagram.com\/_portalurbano\/","https:\/\/www.youtube.com\/channel\/UCXhagIfszH8KxFiOok79zbA?view_as=subscriber"]},{"@type":"Person","@id":"https:\/\/experienciadevida.com.ar\/portalurbano\/#\/schema\/person\/02dd326b1c4b056e9cc972486934a3a7","name":"admpu17wp","image":{"@type":"ImageObject","inLanguage":"es","@id":"https:\/\/experienciadevida.com.ar\/portalurbano\/#\/schema\/person\/image\/","url":"https:\/\/secure.gravatar.com\/avatar\/830d4c57adaae6630765e449a6908047?s=96&d=mm&r=g","contentUrl":"https:\/\/secure.gravatar.com\/avatar\/830d4c57adaae6630765e449a6908047?s=96&d=mm&r=g","caption":"admpu17wp"}}]}},"featured_image_urls":{"full":["https:\/\/experienciadevida.com.ar\/portalurbano\/wp-content\/uploads\/2022\/08\/Promocion-de-la-salud.jpg",1514,1136,false],"thumbnail":["https:\/\/experienciadevida.com.ar\/portalurbano\/wp-content\/uploads\/2022\/08\/Promocion-de-la-salud-150x150.jpg",150,150,true],"medium":["https:\/\/experienciadevida.com.ar\/portalurbano\/wp-content\/uploads\/2022\/08\/Promocion-de-la-salud-300x225.jpg",300,225,true],"medium_large":["https:\/\/experienciadevida.com.ar\/portalurbano\/wp-content\/uploads\/2022\/08\/Promocion-de-la-salud-768x576.jpg",640,480,true],"large":["https:\/\/experienciadevida.com.ar\/portalurbano\/wp-content\/uploads\/2022\/08\/Promocion-de-la-salud-1024x768.jpg",640,480,true],"ug_big":["https:\/\/experienciadevida.com.ar\/portalurbano\/wp-content\/uploads\/2022\/08\/Promocion-de-la-salud-768x576.jpg",768,576,true],"1536x1536":["https:\/\/experienciadevida.com.ar\/portalurbano\/wp-content\/uploads\/2022\/08\/Promocion-de-la-salud.jpg",1514,1136,false],"2048x2048":["https:\/\/experienciadevida.com.ar\/portalurbano\/wp-content\/uploads\/2022\/08\/Promocion-de-la-salud.jpg",1514,1136,false],"newsever-slider-full":["https:\/\/experienciadevida.com.ar\/portalurbano\/wp-content\/uploads\/2022\/08\/Promocion-de-la-salud.jpg",1126,845,false],"newsever-featured":["https:\/\/experienciadevida.com.ar\/portalurbano\/wp-content\/uploads\/2022\/08\/Promocion-de-la-salud.jpg",1024,768,false],"newsever-medium":["https:\/\/experienciadevida.com.ar\/portalurbano\/wp-content\/uploads\/2022\/08\/Promocion-de-la-salud.jpg",633,475,false],"web-stories-poster-portrait":["https:\/\/experienciadevida.com.ar\/portalurbano\/wp-content\/uploads\/2022\/08\/Promocion-de-la-salud-640x853.jpg",640,853,true],"web-stories-publisher-logo":["https:\/\/experienciadevida.com.ar\/portalurbano\/wp-content\/uploads\/2022\/08\/Promocion-de-la-salud-96x96.jpg",96,96,true],"web-stories-thumbnail":["https:\/\/experienciadevida.com.ar\/portalurbano\/wp-content\/uploads\/2022\/08\/Promocion-de-la-salud-150x113.jpg",150,113,true]},"author_info":{"display_name":"admpu17wp","author_link":"https:\/\/experienciadevida.com.ar\/portalurbano\/author\/admpu17wp\/"},"category_info":"<a href=\"https:\/\/experienciadevida.com.ar\/portalurbano\/category\/ciudad\/\" rel=\"category tag\">Ciudad<\/a>","tag_info":"Ciudad","comment_count":"0","amp_enabled":true,"_links":{"self":[{"href":"https:\/\/experienciadevida.com.ar\/portalurbano\/wp-json\/wp\/v2\/posts\/173613"}],"collection":[{"href":"https:\/\/experienciadevida.com.ar\/portalurbano\/wp-json\/wp\/v2\/posts"}],"about":[{"href":"https:\/\/experienciadevida.com.ar\/portalurbano\/wp-json\/wp\/v2\/types\/post"}],"author":[{"embeddable":true,"href":"https:\/\/experienciadevida.com.ar\/portalurbano\/wp-json\/wp\/v2\/users\/1"}],"replies":[{"embeddable":true,"href":"https:\/\/experienciadevida.com.ar\/portalurbano\/wp-json\/wp\/v2\/comments?post=173613"}],"version-history":[{"count":3,"href":"https:\/\/experienciadevida.com.ar\/portalurbano\/wp-json\/wp\/v2\/posts\/173613\/revisions"}],"predecessor-version":[{"id":173620,"href":"https:\/\/experienciadevida.com.ar\/portalurbano\/wp-json\/wp\/v2\/posts\/173613\/revisions\/173620"}],"wp:featuredmedia":[{"embeddable":true,"href":"https:\/\/experienciadevida.com.ar\/portalurbano\/wp-json\/wp\/v2\/media\/173614"}],"wp:attachment":[{"href":"https:\/\/experienciadevida.com.ar\/portalurbano\/wp-json\/wp\/v2\/media?parent=173613"}],"wp:term":[{"taxonomy":"category","embeddable":true,"href":"https:\/\/experienciadevida.com.ar\/portalurbano\/wp-json\/wp\/v2\/categories?post=173613"},{"taxonomy":"post_tag","embeddable":true,"href":"https:\/\/experienciadevida.com.ar\/portalurbano\/wp-json\/wp\/v2\/tags?post=173613"}],"curies":[{"name":"wp","href":"https:\/\/api.w.org\/{rel}","templated":true}]}}