{"id":173571,"date":"2022-08-17T19:16:51","date_gmt":"2022-08-17T22:16:51","guid":{"rendered":"https:\/\/experienciadevida.com.ar\/portalurbano\/?p=173571"},"modified":"2022-08-17T19:20:56","modified_gmt":"2022-08-17T22:20:56","slug":"el-municipio-licito-la-pavimentacion-del-acceso-al-sector-v-del-pio-ii","status":"publish","type":"post","link":"https:\/\/experienciadevida.com.ar\/portalurbano\/el-municipio-licito-la-pavimentacion-del-acceso-al-sector-v-del-pio-ii\/","title":{"rendered":"El Municipio licit\u00f3 la pavimentaci\u00f3n del acceso al sector V del PIO II"},"content":{"rendered":"<p>El <a href=\"https:\/\/www.facebook.com\/municipiodeolavarria\">Municipio <\/a>licit\u00f3 la pavimentaci\u00f3n del acceso al sector V del PIO II, este mi\u00e9rcoles se llev\u00f3 a cabo la apertura de la licitaci\u00f3n p\u00fablica para ejecutar la obra de pavimentaci\u00f3n de acceso al sector V del Parque Industrial de Olavarr\u00eda II.<\/p>\n<p>Dicha apertura tuvo lugar en el Palacio San Mart\u00edn y fue encabezada por la directora de Licitaciones Pilar Ciardelli, junto a los representantes de las empresas oferentes.<\/p>\n<p>Al respecto, cabe destacar que la gesti\u00f3n del intendente Galli realizar\u00e1 la pavimentaci\u00f3n de Av. Sarmiento, desde Av. Eva Per\u00f3n hasta el acceso al sector V, una obra fundamental para el desarrollo productivo y para mejorar la seguridad vial en dicho sector.<\/p>\n<p>Se trata de una avenida, tiene un alto tr\u00e1nsito vehicular, debido a la gran cantidad de empresas instaladas en dicho sector industrial y el transporte de cargas que se moviliza a diario, como as\u00ed tambi\u00e9n por vecinos en general que viven en la zona.<\/p>\n<p>En cuanto a las especificaciones t\u00e9cnicas se ejecutar\u00e1 un pavimento de hormig\u00f3n simple tipo H30 de 0,18 metros de espesor, asentado sobre un paquete estructural comprendido por una subrasante existente recompactada y una base de tosca. En tanto que las banquinas ser\u00e1n de tres metros de ancho por un espesor de 0,20 metros.<\/p>\n<p>En forma complementaria se desarrollar\u00e1 la reconstrucci\u00f3n de una alcantarilla que se construir\u00e1 en el ingreso al parque industrial, como parte de los trabajos hidr\u00e1ulicos.<\/p>\n<p>A continuaci\u00f3n se detallan las propuestas econ\u00f3micas presentadas para la licitaci\u00f3n de pavimentaci\u00f3n:<\/p>\n<p>Proponente N\u00ba 1: Alkotz S.A. cotiz\u00f3 la suma de $34.820.084.<br \/>\nProponente N\u00ba 2: N\u00e9stor Miguel Burgart cotiz\u00f3 la suma de $35.878.000.<br \/>\nProponente N\u00ba 3: Producciones Industriales cotiz\u00f3 la suma de $35.853.082.<\/p>\n","protected":false},"excerpt":{"rendered":"<p>El Municipio licit\u00f3 la pavimentaci\u00f3n del acceso al sector V del PIO II, este mi\u00e9rcoles&#8230;<\/p>\n","protected":false},"author":1,"featured_media":173572,"comment_status":"closed","ping_status":"closed","sticky":false,"template":"","format":"standard","meta":{"content-type":""},"categories":[27,51],"tags":[],"nelio_content":{"isAutoShareEnabled":false,"autoShareEndMode":"default","automationSources":{"useContentSentences":true,"useSocialTemplates":true,"useCustomSentences":false,"customSentences":[]},"followers":[1],"suggestedReferences":[],"includedReferences":[],"efiUrl":"","efiAlt":"","highlights":[]},"yoast_head":"<!-- This site is optimized with the Yoast SEO plugin v20.7 - https:\/\/yoast.com\/wordpress\/plugins\/seo\/ -->\n<title>El Municipio licit\u00f3 la pavimentaci\u00f3n del acceso al sector V del PIO II<\/title>\n<meta name=\"description\" content=\"El Municipio licit\u00f3 la pavimentaci\u00f3n del acceso al sector V del PIO II, este mi\u00e9rcoles se llev\u00f3 a cabo la apertura de la licitaci\u00f3n p\u00fablica\" \/>\n<meta name=\"robots\" content=\"index, follow, max-snippet:-1, max-image-preview:large, max-video-preview:-1\" \/>\n<link rel=\"canonical\" href=\"https:\/\/experienciadevida.com.ar\/portalurbano\/el-municipio-licito-la-pavimentacion-del-acceso-al-sector-v-del-pio-ii\/\" \/>\n<meta property=\"og:locale\" content=\"es_ES\" \/>\n<meta property=\"og:type\" content=\"article\" \/>\n<meta property=\"og:title\" content=\"El Municipio licit\u00f3 la pavimentaci\u00f3n del acceso al sector V del PIO II\" \/>\n<meta property=\"og:description\" content=\"El Municipio licit\u00f3 la pavimentaci\u00f3n del acceso al sector V del PIO II, este mi\u00e9rcoles se llev\u00f3 a cabo la apertura de la licitaci\u00f3n p\u00fablica\" \/>\n<meta property=\"og:url\" content=\"https:\/\/experienciadevida.com.ar\/portalurbano\/el-municipio-licito-la-pavimentacion-del-acceso-al-sector-v-del-pio-ii\/\" \/>\n<meta property=\"article:publisher\" content=\"https:\/\/www.facebook.com\/Portal-Urbano-171542830093757\/\" \/>\n<meta property=\"article:published_time\" content=\"2022-08-17T22:16:51+00:00\" \/>\n<meta property=\"article:modified_time\" content=\"2022-08-17T22:20:56+00:00\" \/>\n<meta property=\"og:image\" content=\"https:\/\/experienciadevida.com.ar\/portalurbano\/wp-content\/uploads\/2022\/08\/El-Municipio-licito-la.jpg\" \/>\n\t<meta property=\"og:image:width\" content=\"1024\" \/>\n\t<meta property=\"og:image:height\" content=\"683\" \/>\n\t<meta property=\"og:image:type\" content=\"image\/jpeg\" \/>\n<meta name=\"author\" content=\"admpu17wp\" \/>\n<meta name=\"twitter:card\" content=\"summary_large_image\" \/>\n<meta name=\"twitter:creator\" content=\"@portalurbanook\" \/>\n<meta name=\"twitter:site\" content=\"@portalurbanook\" \/>\n<meta name=\"twitter:label1\" content=\"Escrito por\" \/>\n\t<meta name=\"twitter:data1\" content=\"admpu17wp\" \/>\n\t<meta name=\"twitter:label2\" content=\"Tiempo de lectura\" \/>\n\t<meta name=\"twitter:data2\" content=\"2 minutos\" \/>\n<script type=\"application\/ld+json\" class=\"yoast-schema-graph\">{\"@context\":\"https:\/\/schema.org\",\"@graph\":[{\"@type\":\"Article\",\"@id\":\"https:\/\/experienciadevida.com.ar\/portalurbano\/el-municipio-licito-la-pavimentacion-del-acceso-al-sector-v-del-pio-ii\/#article\",\"isPartOf\":{\"@id\":\"https:\/\/experienciadevida.com.ar\/portalurbano\/el-municipio-licito-la-pavimentacion-del-acceso-al-sector-v-del-pio-ii\/\"},\"author\":{\"name\":\"admpu17wp\",\"@id\":\"https:\/\/experienciadevida.com.ar\/portalurbano\/#\/schema\/person\/02dd326b1c4b056e9cc972486934a3a7\"},\"headline\":\"El Municipio licit\u00f3 la pavimentaci\u00f3n del acceso al sector V del PIO II\",\"datePublished\":\"2022-08-17T22:16:51+00:00\",\"dateModified\":\"2022-08-17T22:20:56+00:00\",\"mainEntityOfPage\":{\"@id\":\"https:\/\/experienciadevida.com.ar\/portalurbano\/el-municipio-licito-la-pavimentacion-del-acceso-al-sector-v-del-pio-ii\/\"},\"wordCount\":306,\"publisher\":{\"@id\":\"https:\/\/experienciadevida.com.ar\/portalurbano\/#organization\"},\"articleSection\":[\"Ciudad\",\"Destacadas\"],\"inLanguage\":\"es\"},{\"@type\":\"WebPage\",\"@id\":\"https:\/\/experienciadevida.com.ar\/portalurbano\/el-municipio-licito-la-pavimentacion-del-acceso-al-sector-v-del-pio-ii\/\",\"url\":\"https:\/\/experienciadevida.com.ar\/portalurbano\/el-municipio-licito-la-pavimentacion-del-acceso-al-sector-v-del-pio-ii\/\",\"name\":\"El Municipio licit\u00f3 la pavimentaci\u00f3n del acceso al sector V del PIO II\",\"isPartOf\":{\"@id\":\"https:\/\/experienciadevida.com.ar\/portalurbano\/#website\"},\"datePublished\":\"2022-08-17T22:16:51+00:00\",\"dateModified\":\"2022-08-17T22:20:56+00:00\",\"description\":\"El Municipio licit\u00f3 la pavimentaci\u00f3n del acceso al sector V del PIO II, este mi\u00e9rcoles se llev\u00f3 a cabo la apertura de la licitaci\u00f3n p\u00fablica\",\"breadcrumb\":{\"@id\":\"https:\/\/experienciadevida.com.ar\/portalurbano\/el-municipio-licito-la-pavimentacion-del-acceso-al-sector-v-del-pio-ii\/#breadcrumb\"},\"inLanguage\":\"es\",\"potentialAction\":[{\"@type\":\"ReadAction\",\"target\":[\"https:\/\/experienciadevida.com.ar\/portalurbano\/el-municipio-licito-la-pavimentacion-del-acceso-al-sector-v-del-pio-ii\/\"]}]},{\"@type\":\"BreadcrumbList\",\"@id\":\"https:\/\/experienciadevida.com.ar\/portalurbano\/el-municipio-licito-la-pavimentacion-del-acceso-al-sector-v-del-pio-ii\/#breadcrumb\",\"itemListElement\":[{\"@type\":\"ListItem\",\"position\":1,\"name\":\"Portada\",\"item\":\"https:\/\/experienciadevida.com.ar\/portalurbano\/\"},{\"@type\":\"ListItem\",\"position\":2,\"name\":\"El Municipio licit\u00f3 la pavimentaci\u00f3n del acceso al sector V del PIO II\"}]},{\"@type\":\"WebSite\",\"@id\":\"https:\/\/experienciadevida.com.ar\/portalurbano\/#website\",\"url\":\"https:\/\/experienciadevida.com.ar\/portalurbano\/\",\"name\":\"\",\"description\":\"\",\"publisher\":{\"@id\":\"https:\/\/experienciadevida.com.ar\/portalurbano\/#organization\"},\"potentialAction\":[{\"@type\":\"SearchAction\",\"target\":{\"@type\":\"EntryPoint\",\"urlTemplate\":\"https:\/\/experienciadevida.com.ar\/portalurbano\/?s={search_term_string}\"},\"query-input\":\"required name=search_term_string\"}],\"inLanguage\":\"es\"},{\"@type\":\"Organization\",\"@id\":\"https:\/\/experienciadevida.com.ar\/portalurbano\/#organization\",\"name\":\"Portal Urbano\",\"url\":\"https:\/\/experienciadevida.com.ar\/portalurbano\/\",\"logo\":{\"@type\":\"ImageObject\",\"inLanguage\":\"es\",\"@id\":\"https:\/\/experienciadevida.com.ar\/portalurbano\/#\/schema\/logo\/image\/\",\"url\":\"https:\/\/experienciadevida.com.ar\/portalurbano\/wp-content\/uploads\/2019\/09\/Logo-Original.png\",\"contentUrl\":\"https:\/\/experienciadevida.com.ar\/portalurbano\/wp-content\/uploads\/2019\/09\/Logo-Original.png\",\"width\":2236,\"height\":1216,\"caption\":\"Portal Urbano\"},\"image\":{\"@id\":\"https:\/\/experienciadevida.com.ar\/portalurbano\/#\/schema\/logo\/image\/\"},\"sameAs\":[\"https:\/\/www.facebook.com\/Portal-Urbano-171542830093757\/\",\"https:\/\/twitter.com\/portalurbanook\",\"https:\/\/www.instagram.com\/_portalurbano\/\",\"https:\/\/www.youtube.com\/channel\/UCXhagIfszH8KxFiOok79zbA?view_as=subscriber\"]},{\"@type\":\"Person\",\"@id\":\"https:\/\/experienciadevida.com.ar\/portalurbano\/#\/schema\/person\/02dd326b1c4b056e9cc972486934a3a7\",\"name\":\"admpu17wp\",\"image\":{\"@type\":\"ImageObject\",\"inLanguage\":\"es\",\"@id\":\"https:\/\/experienciadevida.com.ar\/portalurbano\/#\/schema\/person\/image\/\",\"url\":\"https:\/\/secure.gravatar.com\/avatar\/830d4c57adaae6630765e449a6908047?s=96&d=mm&r=g\",\"contentUrl\":\"https:\/\/secure.gravatar.com\/avatar\/830d4c57adaae6630765e449a6908047?s=96&d=mm&r=g\",\"caption\":\"admpu17wp\"}}]}<\/script>\n<!-- \/ Yoast SEO plugin. -->","yoast_head_json":{"title":"El Municipio licit\u00f3 la pavimentaci\u00f3n del acceso al sector V del PIO II","description":"El Municipio licit\u00f3 la pavimentaci\u00f3n del acceso al sector V del PIO II, este mi\u00e9rcoles se llev\u00f3 a cabo la apertura de la licitaci\u00f3n p\u00fablica","robots":{"index":"index","follow":"follow","max-snippet":"max-snippet:-1","max-image-preview":"max-image-preview:large","max-video-preview":"max-video-preview:-1"},"canonical":"https:\/\/experienciadevida.com.ar\/portalurbano\/el-municipio-licito-la-pavimentacion-del-acceso-al-sector-v-del-pio-ii\/","og_locale":"es_ES","og_type":"article","og_title":"El Municipio licit\u00f3 la pavimentaci\u00f3n del acceso al sector V del PIO II","og_description":"El Municipio licit\u00f3 la pavimentaci\u00f3n del acceso al sector V del PIO II, este mi\u00e9rcoles se llev\u00f3 a cabo la apertura de la licitaci\u00f3n p\u00fablica","og_url":"https:\/\/experienciadevida.com.ar\/portalurbano\/el-municipio-licito-la-pavimentacion-del-acceso-al-sector-v-del-pio-ii\/","article_publisher":"https:\/\/www.facebook.com\/Portal-Urbano-171542830093757\/","article_published_time":"2022-08-17T22:16:51+00:00","article_modified_time":"2022-08-17T22:20:56+00:00","og_image":[{"width":1024,"height":683,"url":"https:\/\/experienciadevida.com.ar\/portalurbano\/wp-content\/uploads\/2022\/08\/El-Municipio-licito-la.jpg","type":"image\/jpeg"}],"author":"admpu17wp","twitter_card":"summary_large_image","twitter_creator":"@portalurbanook","twitter_site":"@portalurbanook","twitter_misc":{"Escrito por":"admpu17wp","Tiempo de lectura":"2 minutos"},"schema":{"@context":"https:\/\/schema.org","@graph":[{"@type":"Article","@id":"https:\/\/experienciadevida.com.ar\/portalurbano\/el-municipio-licito-la-pavimentacion-del-acceso-al-sector-v-del-pio-ii\/#article","isPartOf":{"@id":"https:\/\/experienciadevida.com.ar\/portalurbano\/el-municipio-licito-la-pavimentacion-del-acceso-al-sector-v-del-pio-ii\/"},"author":{"name":"admpu17wp","@id":"https:\/\/experienciadevida.com.ar\/portalurbano\/#\/schema\/person\/02dd326b1c4b056e9cc972486934a3a7"},"headline":"El Municipio licit\u00f3 la pavimentaci\u00f3n del acceso al sector V del PIO II","datePublished":"2022-08-17T22:16:51+00:00","dateModified":"2022-08-17T22:20:56+00:00","mainEntityOfPage":{"@id":"https:\/\/experienciadevida.com.ar\/portalurbano\/el-municipio-licito-la-pavimentacion-del-acceso-al-sector-v-del-pio-ii\/"},"wordCount":306,"publisher":{"@id":"https:\/\/experienciadevida.com.ar\/portalurbano\/#organization"},"articleSection":["Ciudad","Destacadas"],"inLanguage":"es"},{"@type":"WebPage","@id":"https:\/\/experienciadevida.com.ar\/portalurbano\/el-municipio-licito-la-pavimentacion-del-acceso-al-sector-v-del-pio-ii\/","url":"https:\/\/experienciadevida.com.ar\/portalurbano\/el-municipio-licito-la-pavimentacion-del-acceso-al-sector-v-del-pio-ii\/","name":"El Municipio licit\u00f3 la pavimentaci\u00f3n del acceso al sector V del PIO II","isPartOf":{"@id":"https:\/\/experienciadevida.com.ar\/portalurbano\/#website"},"datePublished":"2022-08-17T22:16:51+00:00","dateModified":"2022-08-17T22:20:56+00:00","description":"El Municipio licit\u00f3 la pavimentaci\u00f3n del acceso al sector V del PIO II, este mi\u00e9rcoles se llev\u00f3 a cabo la apertura de la licitaci\u00f3n p\u00fablica","breadcrumb":{"@id":"https:\/\/experienciadevida.com.ar\/portalurbano\/el-municipio-licito-la-pavimentacion-del-acceso-al-sector-v-del-pio-ii\/#breadcrumb"},"inLanguage":"es","potentialAction":[{"@type":"ReadAction","target":["https:\/\/experienciadevida.com.ar\/portalurbano\/el-municipio-licito-la-pavimentacion-del-acceso-al-sector-v-del-pio-ii\/"]}]},{"@type":"BreadcrumbList","@id":"https:\/\/experienciadevida.com.ar\/portalurbano\/el-municipio-licito-la-pavimentacion-del-acceso-al-sector-v-del-pio-ii\/#breadcrumb","itemListElement":[{"@type":"ListItem","position":1,"name":"Portada","item":"https:\/\/experienciadevida.com.ar\/portalurbano\/"},{"@type":"ListItem","position":2,"name":"El Municipio licit\u00f3 la pavimentaci\u00f3n del acceso al sector V del PIO II"}]},{"@type":"WebSite","@id":"https:\/\/experienciadevida.com.ar\/portalurbano\/#website","url":"https:\/\/experienciadevida.com.ar\/portalurbano\/","name":"","description":"","publisher":{"@id":"https:\/\/experienciadevida.com.ar\/portalurbano\/#organization"},"potentialAction":[{"@type":"SearchAction","target":{"@type":"EntryPoint","urlTemplate":"https:\/\/experienciadevida.com.ar\/portalurbano\/?s={search_term_string}"},"query-input":"required name=search_term_string"}],"inLanguage":"es"},{"@type":"Organization","@id":"https:\/\/experienciadevida.com.ar\/portalurbano\/#organization","name":"Portal Urbano","url":"https:\/\/experienciadevida.com.ar\/portalurbano\/","logo":{"@type":"ImageObject","inLanguage":"es","@id":"https:\/\/experienciadevida.com.ar\/portalurbano\/#\/schema\/logo\/image\/","url":"https:\/\/experienciadevida.com.ar\/portalurbano\/wp-content\/uploads\/2019\/09\/Logo-Original.png","contentUrl":"https:\/\/experienciadevida.com.ar\/portalurbano\/wp-content\/uploads\/2019\/09\/Logo-Original.png","width":2236,"height":1216,"caption":"Portal Urbano"},"image":{"@id":"https:\/\/experienciadevida.com.ar\/portalurbano\/#\/schema\/logo\/image\/"},"sameAs":["https:\/\/www.facebook.com\/Portal-Urbano-171542830093757\/","https:\/\/twitter.com\/portalurbanook","https:\/\/www.instagram.com\/_portalurbano\/","https:\/\/www.youtube.com\/channel\/UCXhagIfszH8KxFiOok79zbA?view_as=subscriber"]},{"@type":"Person","@id":"https:\/\/experienciadevida.com.ar\/portalurbano\/#\/schema\/person\/02dd326b1c4b056e9cc972486934a3a7","name":"admpu17wp","image":{"@type":"ImageObject","inLanguage":"es","@id":"https:\/\/experienciadevida.com.ar\/portalurbano\/#\/schema\/person\/image\/","url":"https:\/\/secure.gravatar.com\/avatar\/830d4c57adaae6630765e449a6908047?s=96&d=mm&r=g","contentUrl":"https:\/\/secure.gravatar.com\/avatar\/830d4c57adaae6630765e449a6908047?s=96&d=mm&r=g","caption":"admpu17wp"}}]}},"featured_image_urls":{"full":["https:\/\/experienciadevida.com.ar\/portalurbano\/wp-content\/uploads\/2022\/08\/El-Municipio-licito-la.jpg",1024,683,false],"thumbnail":["https:\/\/experienciadevida.com.ar\/portalurbano\/wp-content\/uploads\/2022\/08\/El-Municipio-licito-la-150x150.jpg",150,150,true],"medium":["https:\/\/experienciadevida.com.ar\/portalurbano\/wp-content\/uploads\/2022\/08\/El-Municipio-licito-la-300x200.jpg",300,200,true],"medium_large":["https:\/\/experienciadevida.com.ar\/portalurbano\/wp-content\/uploads\/2022\/08\/El-Municipio-licito-la-768x512.jpg",640,427,true],"large":["https:\/\/experienciadevida.com.ar\/portalurbano\/wp-content\/uploads\/2022\/08\/El-Municipio-licito-la.jpg",640,427,false],"ug_big":["https:\/\/experienciadevida.com.ar\/portalurbano\/wp-content\/uploads\/2022\/08\/El-Municipio-licito-la-768x512.jpg",768,512,true],"1536x1536":["https:\/\/experienciadevida.com.ar\/portalurbano\/wp-content\/uploads\/2022\/08\/El-Municipio-licito-la.jpg",1024,683,false],"2048x2048":["https:\/\/experienciadevida.com.ar\/portalurbano\/wp-content\/uploads\/2022\/08\/El-Municipio-licito-la.jpg",1024,683,false],"newsever-slider-full":["https:\/\/experienciadevida.com.ar\/portalurbano\/wp-content\/uploads\/2022\/08\/El-Municipio-licito-la.jpg",1024,683,false],"newsever-featured":["https:\/\/experienciadevida.com.ar\/portalurbano\/wp-content\/uploads\/2022\/08\/El-Municipio-licito-la.jpg",1024,683,false],"newsever-medium":["https:\/\/experienciadevida.com.ar\/portalurbano\/wp-content\/uploads\/2022\/08\/El-Municipio-licito-la.jpg",712,475,false],"web-stories-poster-portrait":["https:\/\/experienciadevida.com.ar\/portalurbano\/wp-content\/uploads\/2022\/08\/El-Municipio-licito-la-640x683.jpg",640,683,true],"web-stories-publisher-logo":["https:\/\/experienciadevida.com.ar\/portalurbano\/wp-content\/uploads\/2022\/08\/El-Municipio-licito-la-96x96.jpg",96,96,true],"web-stories-thumbnail":["https:\/\/experienciadevida.com.ar\/portalurbano\/wp-content\/uploads\/2022\/08\/El-Municipio-licito-la-150x100.jpg",150,100,true]},"author_info":{"display_name":"admpu17wp","author_link":"https:\/\/experienciadevida.com.ar\/portalurbano\/author\/admpu17wp\/"},"category_info":"<a href=\"https:\/\/experienciadevida.com.ar\/portalurbano\/category\/ciudad\/\" rel=\"category tag\">Ciudad<\/a> <a href=\"https:\/\/experienciadevida.com.ar\/portalurbano\/category\/destacadas\/\" rel=\"category tag\">Destacadas<\/a>","tag_info":"Destacadas","comment_count":"0","amp_enabled":true,"_links":{"self":[{"href":"https:\/\/experienciadevida.com.ar\/portalurbano\/wp-json\/wp\/v2\/posts\/173571"}],"collection":[{"href":"https:\/\/experienciadevida.com.ar\/portalurbano\/wp-json\/wp\/v2\/posts"}],"about":[{"href":"https:\/\/experienciadevida.com.ar\/portalurbano\/wp-json\/wp\/v2\/types\/post"}],"author":[{"embeddable":true,"href":"https:\/\/experienciadevida.com.ar\/portalurbano\/wp-json\/wp\/v2\/users\/1"}],"replies":[{"embeddable":true,"href":"https:\/\/experienciadevida.com.ar\/portalurbano\/wp-json\/wp\/v2\/comments?post=173571"}],"version-history":[{"count":3,"href":"https:\/\/experienciadevida.com.ar\/portalurbano\/wp-json\/wp\/v2\/posts\/173571\/revisions"}],"predecessor-version":[{"id":173575,"href":"https:\/\/experienciadevida.com.ar\/portalurbano\/wp-json\/wp\/v2\/posts\/173571\/revisions\/173575"}],"wp:featuredmedia":[{"embeddable":true,"href":"https:\/\/experienciadevida.com.ar\/portalurbano\/wp-json\/wp\/v2\/media\/173572"}],"wp:attachment":[{"href":"https:\/\/experienciadevida.com.ar\/portalurbano\/wp-json\/wp\/v2\/media?parent=173571"}],"wp:term":[{"taxonomy":"category","embeddable":true,"href":"https:\/\/experienciadevida.com.ar\/portalurbano\/wp-json\/wp\/v2\/categories?post=173571"},{"taxonomy":"post_tag","embeddable":true,"href":"https:\/\/experienciadevida.com.ar\/portalurbano\/wp-json\/wp\/v2\/tags?post=173571"}],"curies":[{"name":"wp","href":"https:\/\/api.w.org\/{rel}","templated":true}]}}