{"id":173567,"date":"2022-08-17T19:10:56","date_gmt":"2022-08-17T22:10:56","guid":{"rendered":"https:\/\/experienciadevida.com.ar\/portalurbano\/?p=173567"},"modified":"2022-08-17T19:13:35","modified_gmt":"2022-08-17T22:13:35","slug":"se-licitaron-camaras-de-seguridad-para-las-localidades","status":"publish","type":"post","link":"https:\/\/experienciadevida.com.ar\/portalurbano\/se-licitaron-camaras-de-seguridad-para-las-localidades\/","title":{"rendered":"Se licitaron c\u00e1maras de seguridad para las localidades"},"content":{"rendered":"<p>Se licitaron c\u00e1maras de seguridad para las localidades, en la ma\u00f1ana de este mi\u00e9rcoles se llev\u00f3 a cabo el acto p\u00fablico de apertura de sobres para la licitaci\u00f3n p\u00fablica 34\/22, que contempla el montaje, provisi\u00f3n e instalaci\u00f3n de c\u00e1maras de seguridad para las localidades del <a href=\"https:\/\/www.facebook.com\/municipiodeolavarria\">Partido<\/a> de Olavarr\u00eda, como as\u00ed tambi\u00e9n la colocaci\u00f3n y recambio de aquellas que ya se encuentran dispuestas en puntos estrat\u00e9gicos de la ciudad.<\/p>\n<p>El acto fue encabezado por la directora de Licitaciones, Pilar Ciardelli, ocasi\u00f3n en la que se present\u00f3 un \u00fanico oferente. Se trat\u00f3 de Sisep Argentina, que cotiz\u00f3 la suma de $39.498.632,97. Se recuerda que el presupuesto oficial fue cotizado en $33.000.000.<\/p>\n<p>La inversi\u00f3n tiene como objetivo principal la adquisici\u00f3n de 107 c\u00e1maras fijas y 10 domos, que permitir\u00e1n que las tareas preventivas del Centro de Monitoreo Municipal avancen tambi\u00e9n sobre las localidades del Partido de Olavarr\u00eda. Tambi\u00e9n se contempla la compra del equipamiento necesario para la correspondiente instalaci\u00f3n, seguimiento y almacenamiento de las im\u00e1genes.<\/p>\n<p>En detalle, a Colonia Hinojo se la dotar\u00e1 de 6 c\u00e1maras fijas, dispuestas en puntos estrat\u00e9gicos de la localidad. Mientras que en Hinojo se dispondr\u00e1n 9 dispositivos, uno de ellos un domo, que ser\u00e1n distribuidos tambi\u00e9n en sitios puntuales, como por ejemplo rotondas o calles principales. Esas 15 c\u00e1maras ser\u00e1n monitoreadas de manera local pero con la infraestructura necesaria para permitir tambi\u00e9n la visualizaci\u00f3n desde el Centro de Monitoreo Municipal de Olavarr\u00eda.<\/p>\n<p>Con respecto a Sierras Bayas est\u00e1 proyectada la instalaci\u00f3n de 12 c\u00e1maras de seguridad fijas y 2 domos, distribuidas tambi\u00e9n en puntos neur\u00e1lgicos de la localidad serrana, tales como accesos, rotondas y plazas. Tambi\u00e9n se prev\u00e9 la instalaci\u00f3n del equipamiento necesario para permitir el almacenamiento y monitoreo local, pero tambi\u00e9n el seguimiento y visualizaci\u00f3n desde el Centro de Monitoreo.<\/p>\n<p>Loma Negra, por su parte, contar\u00e1 tambi\u00e9n con 14 dispositivos, puntualmente 12 c\u00e1maras fijas y 2 domos que ser\u00e1n ubicadas en sitios estrat\u00e9gicos, como por ejemplo ingresos, plazas y sectores aleda\u00f1os a establecimientos educativos. Al igual que en las otras localidades, se reacondicionar\u00e1 y dotar\u00e1 de equipamiento a un espacio municipal para permitir el seguimiento y almacenamiento local, pero tambi\u00e9n que se pueda llevar a cabo la visualizaci\u00f3n desde el Centro de Monitoreo Municipal.<\/p>\n<p>Por \u00faltimo, se contempla adem\u00e1s la utilizaci\u00f3n del resto de los nuevos equipos, tanto c\u00e1maras fijas como domos, para la instalaci\u00f3n y recambio de c\u00e1maras ya dispuestas en distintos puntos de la ciudad de Olavarr\u00eda.<\/p>\n","protected":false},"excerpt":{"rendered":"<p>Se licitaron c\u00e1maras de seguridad para las localidades, en la ma\u00f1ana de este mi\u00e9rcoles se&#8230;<\/p>\n","protected":false},"author":1,"featured_media":173568,"comment_status":"closed","ping_status":"closed","sticky":false,"template":"","format":"standard","meta":{"content-type":""},"categories":[27,64],"tags":[],"nelio_content":{"isAutoShareEnabled":false,"autoShareEndMode":"default","automationSources":{"useContentSentences":true,"useSocialTemplates":true,"useCustomSentences":false,"customSentences":[]},"followers":[1],"suggestedReferences":[],"includedReferences":[],"efiUrl":"","efiAlt":"","highlights":[]},"yoast_head":"<!-- This site is optimized with the Yoast SEO plugin v20.7 - https:\/\/yoast.com\/wordpress\/plugins\/seo\/ -->\n<title>Se licitaron c\u00e1maras de seguridad para las localidades<\/title>\n<meta name=\"description\" content=\"Se licitaron c\u00e1maras de seguridad para las localidades, en la ma\u00f1ana de este mi\u00e9rcoles se llev\u00f3 a cabo el acto p\u00fablico de apertura de sobres\" \/>\n<meta name=\"robots\" content=\"index, follow, max-snippet:-1, max-image-preview:large, max-video-preview:-1\" \/>\n<link rel=\"canonical\" href=\"https:\/\/experienciadevida.com.ar\/portalurbano\/se-licitaron-camaras-de-seguridad-para-las-localidades\/\" \/>\n<meta property=\"og:locale\" content=\"es_ES\" \/>\n<meta property=\"og:type\" content=\"article\" \/>\n<meta property=\"og:title\" content=\"Se licitaron c\u00e1maras de seguridad para las localidades\" \/>\n<meta property=\"og:description\" content=\"Se licitaron c\u00e1maras de seguridad para las localidades, en la ma\u00f1ana de este mi\u00e9rcoles se llev\u00f3 a cabo el acto p\u00fablico de apertura de sobres\" \/>\n<meta property=\"og:url\" content=\"https:\/\/experienciadevida.com.ar\/portalurbano\/se-licitaron-camaras-de-seguridad-para-las-localidades\/\" \/>\n<meta property=\"article:publisher\" content=\"https:\/\/www.facebook.com\/Portal-Urbano-171542830093757\/\" \/>\n<meta property=\"article:published_time\" content=\"2022-08-17T22:10:56+00:00\" \/>\n<meta property=\"article:modified_time\" content=\"2022-08-17T22:13:35+00:00\" \/>\n<meta property=\"og:image\" content=\"https:\/\/experienciadevida.com.ar\/portalurbano\/wp-content\/uploads\/2022\/08\/Se-licitaron-camaras-de.jpg\" \/>\n\t<meta property=\"og:image:width\" content=\"1024\" \/>\n\t<meta property=\"og:image:height\" content=\"683\" \/>\n\t<meta property=\"og:image:type\" content=\"image\/jpeg\" \/>\n<meta name=\"author\" content=\"admpu17wp\" \/>\n<meta name=\"twitter:card\" content=\"summary_large_image\" \/>\n<meta name=\"twitter:creator\" content=\"@portalurbanook\" \/>\n<meta name=\"twitter:site\" content=\"@portalurbanook\" \/>\n<meta name=\"twitter:label1\" content=\"Escrito por\" \/>\n\t<meta name=\"twitter:data1\" content=\"admpu17wp\" \/>\n\t<meta name=\"twitter:label2\" content=\"Tiempo de lectura\" \/>\n\t<meta name=\"twitter:data2\" content=\"2 minutos\" \/>\n<script type=\"application\/ld+json\" class=\"yoast-schema-graph\">{\"@context\":\"https:\/\/schema.org\",\"@graph\":[{\"@type\":\"Article\",\"@id\":\"https:\/\/experienciadevida.com.ar\/portalurbano\/se-licitaron-camaras-de-seguridad-para-las-localidades\/#article\",\"isPartOf\":{\"@id\":\"https:\/\/experienciadevida.com.ar\/portalurbano\/se-licitaron-camaras-de-seguridad-para-las-localidades\/\"},\"author\":{\"name\":\"admpu17wp\",\"@id\":\"https:\/\/experienciadevida.com.ar\/portalurbano\/#\/schema\/person\/02dd326b1c4b056e9cc972486934a3a7\"},\"headline\":\"Se licitaron c\u00e1maras de seguridad para las localidades\",\"datePublished\":\"2022-08-17T22:10:56+00:00\",\"dateModified\":\"2022-08-17T22:13:35+00:00\",\"mainEntityOfPage\":{\"@id\":\"https:\/\/experienciadevida.com.ar\/portalurbano\/se-licitaron-camaras-de-seguridad-para-las-localidades\/\"},\"wordCount\":452,\"publisher\":{\"@id\":\"https:\/\/experienciadevida.com.ar\/portalurbano\/#organization\"},\"articleSection\":[\"Ciudad\",\"Destacadas 2\"],\"inLanguage\":\"es\"},{\"@type\":\"WebPage\",\"@id\":\"https:\/\/experienciadevida.com.ar\/portalurbano\/se-licitaron-camaras-de-seguridad-para-las-localidades\/\",\"url\":\"https:\/\/experienciadevida.com.ar\/portalurbano\/se-licitaron-camaras-de-seguridad-para-las-localidades\/\",\"name\":\"Se licitaron c\u00e1maras de seguridad para las localidades\",\"isPartOf\":{\"@id\":\"https:\/\/experienciadevida.com.ar\/portalurbano\/#website\"},\"datePublished\":\"2022-08-17T22:10:56+00:00\",\"dateModified\":\"2022-08-17T22:13:35+00:00\",\"description\":\"Se licitaron c\u00e1maras de seguridad para las localidades, en la ma\u00f1ana de este mi\u00e9rcoles se llev\u00f3 a cabo el acto p\u00fablico de apertura de sobres\",\"breadcrumb\":{\"@id\":\"https:\/\/experienciadevida.com.ar\/portalurbano\/se-licitaron-camaras-de-seguridad-para-las-localidades\/#breadcrumb\"},\"inLanguage\":\"es\",\"potentialAction\":[{\"@type\":\"ReadAction\",\"target\":[\"https:\/\/experienciadevida.com.ar\/portalurbano\/se-licitaron-camaras-de-seguridad-para-las-localidades\/\"]}]},{\"@type\":\"BreadcrumbList\",\"@id\":\"https:\/\/experienciadevida.com.ar\/portalurbano\/se-licitaron-camaras-de-seguridad-para-las-localidades\/#breadcrumb\",\"itemListElement\":[{\"@type\":\"ListItem\",\"position\":1,\"name\":\"Portada\",\"item\":\"https:\/\/experienciadevida.com.ar\/portalurbano\/\"},{\"@type\":\"ListItem\",\"position\":2,\"name\":\"Se licitaron c\u00e1maras de seguridad para las localidades\"}]},{\"@type\":\"WebSite\",\"@id\":\"https:\/\/experienciadevida.com.ar\/portalurbano\/#website\",\"url\":\"https:\/\/experienciadevida.com.ar\/portalurbano\/\",\"name\":\"\",\"description\":\"\",\"publisher\":{\"@id\":\"https:\/\/experienciadevida.com.ar\/portalurbano\/#organization\"},\"potentialAction\":[{\"@type\":\"SearchAction\",\"target\":{\"@type\":\"EntryPoint\",\"urlTemplate\":\"https:\/\/experienciadevida.com.ar\/portalurbano\/?s={search_term_string}\"},\"query-input\":\"required name=search_term_string\"}],\"inLanguage\":\"es\"},{\"@type\":\"Organization\",\"@id\":\"https:\/\/experienciadevida.com.ar\/portalurbano\/#organization\",\"name\":\"Portal Urbano\",\"url\":\"https:\/\/experienciadevida.com.ar\/portalurbano\/\",\"logo\":{\"@type\":\"ImageObject\",\"inLanguage\":\"es\",\"@id\":\"https:\/\/experienciadevida.com.ar\/portalurbano\/#\/schema\/logo\/image\/\",\"url\":\"https:\/\/experienciadevida.com.ar\/portalurbano\/wp-content\/uploads\/2019\/09\/Logo-Original.png\",\"contentUrl\":\"https:\/\/experienciadevida.com.ar\/portalurbano\/wp-content\/uploads\/2019\/09\/Logo-Original.png\",\"width\":2236,\"height\":1216,\"caption\":\"Portal Urbano\"},\"image\":{\"@id\":\"https:\/\/experienciadevida.com.ar\/portalurbano\/#\/schema\/logo\/image\/\"},\"sameAs\":[\"https:\/\/www.facebook.com\/Portal-Urbano-171542830093757\/\",\"https:\/\/twitter.com\/portalurbanook\",\"https:\/\/www.instagram.com\/_portalurbano\/\",\"https:\/\/www.youtube.com\/channel\/UCXhagIfszH8KxFiOok79zbA?view_as=subscriber\"]},{\"@type\":\"Person\",\"@id\":\"https:\/\/experienciadevida.com.ar\/portalurbano\/#\/schema\/person\/02dd326b1c4b056e9cc972486934a3a7\",\"name\":\"admpu17wp\",\"image\":{\"@type\":\"ImageObject\",\"inLanguage\":\"es\",\"@id\":\"https:\/\/experienciadevida.com.ar\/portalurbano\/#\/schema\/person\/image\/\",\"url\":\"https:\/\/secure.gravatar.com\/avatar\/830d4c57adaae6630765e449a6908047?s=96&d=mm&r=g\",\"contentUrl\":\"https:\/\/secure.gravatar.com\/avatar\/830d4c57adaae6630765e449a6908047?s=96&d=mm&r=g\",\"caption\":\"admpu17wp\"}}]}<\/script>\n<!-- \/ Yoast SEO plugin. -->","yoast_head_json":{"title":"Se licitaron c\u00e1maras de seguridad para las localidades","description":"Se licitaron c\u00e1maras de seguridad para las localidades, en la ma\u00f1ana de este mi\u00e9rcoles se llev\u00f3 a cabo el acto p\u00fablico de apertura de sobres","robots":{"index":"index","follow":"follow","max-snippet":"max-snippet:-1","max-image-preview":"max-image-preview:large","max-video-preview":"max-video-preview:-1"},"canonical":"https:\/\/experienciadevida.com.ar\/portalurbano\/se-licitaron-camaras-de-seguridad-para-las-localidades\/","og_locale":"es_ES","og_type":"article","og_title":"Se licitaron c\u00e1maras de seguridad para las localidades","og_description":"Se licitaron c\u00e1maras de seguridad para las localidades, en la ma\u00f1ana de este mi\u00e9rcoles se llev\u00f3 a cabo el acto p\u00fablico de apertura de sobres","og_url":"https:\/\/experienciadevida.com.ar\/portalurbano\/se-licitaron-camaras-de-seguridad-para-las-localidades\/","article_publisher":"https:\/\/www.facebook.com\/Portal-Urbano-171542830093757\/","article_published_time":"2022-08-17T22:10:56+00:00","article_modified_time":"2022-08-17T22:13:35+00:00","og_image":[{"width":1024,"height":683,"url":"https:\/\/experienciadevida.com.ar\/portalurbano\/wp-content\/uploads\/2022\/08\/Se-licitaron-camaras-de.jpg","type":"image\/jpeg"}],"author":"admpu17wp","twitter_card":"summary_large_image","twitter_creator":"@portalurbanook","twitter_site":"@portalurbanook","twitter_misc":{"Escrito por":"admpu17wp","Tiempo de lectura":"2 minutos"},"schema":{"@context":"https:\/\/schema.org","@graph":[{"@type":"Article","@id":"https:\/\/experienciadevida.com.ar\/portalurbano\/se-licitaron-camaras-de-seguridad-para-las-localidades\/#article","isPartOf":{"@id":"https:\/\/experienciadevida.com.ar\/portalurbano\/se-licitaron-camaras-de-seguridad-para-las-localidades\/"},"author":{"name":"admpu17wp","@id":"https:\/\/experienciadevida.com.ar\/portalurbano\/#\/schema\/person\/02dd326b1c4b056e9cc972486934a3a7"},"headline":"Se licitaron c\u00e1maras de seguridad para las localidades","datePublished":"2022-08-17T22:10:56+00:00","dateModified":"2022-08-17T22:13:35+00:00","mainEntityOfPage":{"@id":"https:\/\/experienciadevida.com.ar\/portalurbano\/se-licitaron-camaras-de-seguridad-para-las-localidades\/"},"wordCount":452,"publisher":{"@id":"https:\/\/experienciadevida.com.ar\/portalurbano\/#organization"},"articleSection":["Ciudad","Destacadas 2"],"inLanguage":"es"},{"@type":"WebPage","@id":"https:\/\/experienciadevida.com.ar\/portalurbano\/se-licitaron-camaras-de-seguridad-para-las-localidades\/","url":"https:\/\/experienciadevida.com.ar\/portalurbano\/se-licitaron-camaras-de-seguridad-para-las-localidades\/","name":"Se licitaron c\u00e1maras de seguridad para las localidades","isPartOf":{"@id":"https:\/\/experienciadevida.com.ar\/portalurbano\/#website"},"datePublished":"2022-08-17T22:10:56+00:00","dateModified":"2022-08-17T22:13:35+00:00","description":"Se licitaron c\u00e1maras de seguridad para las localidades, en la ma\u00f1ana de este mi\u00e9rcoles se llev\u00f3 a cabo el acto p\u00fablico de apertura de sobres","breadcrumb":{"@id":"https:\/\/experienciadevida.com.ar\/portalurbano\/se-licitaron-camaras-de-seguridad-para-las-localidades\/#breadcrumb"},"inLanguage":"es","potentialAction":[{"@type":"ReadAction","target":["https:\/\/experienciadevida.com.ar\/portalurbano\/se-licitaron-camaras-de-seguridad-para-las-localidades\/"]}]},{"@type":"BreadcrumbList","@id":"https:\/\/experienciadevida.com.ar\/portalurbano\/se-licitaron-camaras-de-seguridad-para-las-localidades\/#breadcrumb","itemListElement":[{"@type":"ListItem","position":1,"name":"Portada","item":"https:\/\/experienciadevida.com.ar\/portalurbano\/"},{"@type":"ListItem","position":2,"name":"Se licitaron c\u00e1maras de seguridad para las localidades"}]},{"@type":"WebSite","@id":"https:\/\/experienciadevida.com.ar\/portalurbano\/#website","url":"https:\/\/experienciadevida.com.ar\/portalurbano\/","name":"","description":"","publisher":{"@id":"https:\/\/experienciadevida.com.ar\/portalurbano\/#organization"},"potentialAction":[{"@type":"SearchAction","target":{"@type":"EntryPoint","urlTemplate":"https:\/\/experienciadevida.com.ar\/portalurbano\/?s={search_term_string}"},"query-input":"required name=search_term_string"}],"inLanguage":"es"},{"@type":"Organization","@id":"https:\/\/experienciadevida.com.ar\/portalurbano\/#organization","name":"Portal Urbano","url":"https:\/\/experienciadevida.com.ar\/portalurbano\/","logo":{"@type":"ImageObject","inLanguage":"es","@id":"https:\/\/experienciadevida.com.ar\/portalurbano\/#\/schema\/logo\/image\/","url":"https:\/\/experienciadevida.com.ar\/portalurbano\/wp-content\/uploads\/2019\/09\/Logo-Original.png","contentUrl":"https:\/\/experienciadevida.com.ar\/portalurbano\/wp-content\/uploads\/2019\/09\/Logo-Original.png","width":2236,"height":1216,"caption":"Portal Urbano"},"image":{"@id":"https:\/\/experienciadevida.com.ar\/portalurbano\/#\/schema\/logo\/image\/"},"sameAs":["https:\/\/www.facebook.com\/Portal-Urbano-171542830093757\/","https:\/\/twitter.com\/portalurbanook","https:\/\/www.instagram.com\/_portalurbano\/","https:\/\/www.youtube.com\/channel\/UCXhagIfszH8KxFiOok79zbA?view_as=subscriber"]},{"@type":"Person","@id":"https:\/\/experienciadevida.com.ar\/portalurbano\/#\/schema\/person\/02dd326b1c4b056e9cc972486934a3a7","name":"admpu17wp","image":{"@type":"ImageObject","inLanguage":"es","@id":"https:\/\/experienciadevida.com.ar\/portalurbano\/#\/schema\/person\/image\/","url":"https:\/\/secure.gravatar.com\/avatar\/830d4c57adaae6630765e449a6908047?s=96&d=mm&r=g","contentUrl":"https:\/\/secure.gravatar.com\/avatar\/830d4c57adaae6630765e449a6908047?s=96&d=mm&r=g","caption":"admpu17wp"}}]}},"featured_image_urls":{"full":["https:\/\/experienciadevida.com.ar\/portalurbano\/wp-content\/uploads\/2022\/08\/Se-licitaron-camaras-de.jpg",1024,683,false],"thumbnail":["https:\/\/experienciadevida.com.ar\/portalurbano\/wp-content\/uploads\/2022\/08\/Se-licitaron-camaras-de-150x150.jpg",150,150,true],"medium":["https:\/\/experienciadevida.com.ar\/portalurbano\/wp-content\/uploads\/2022\/08\/Se-licitaron-camaras-de-300x200.jpg",300,200,true],"medium_large":["https:\/\/experienciadevida.com.ar\/portalurbano\/wp-content\/uploads\/2022\/08\/Se-licitaron-camaras-de-768x512.jpg",640,427,true],"large":["https:\/\/experienciadevida.com.ar\/portalurbano\/wp-content\/uploads\/2022\/08\/Se-licitaron-camaras-de.jpg",640,427,false],"ug_big":["https:\/\/experienciadevida.com.ar\/portalurbano\/wp-content\/uploads\/2022\/08\/Se-licitaron-camaras-de-768x512.jpg",768,512,true],"1536x1536":["https:\/\/experienciadevida.com.ar\/portalurbano\/wp-content\/uploads\/2022\/08\/Se-licitaron-camaras-de.jpg",1024,683,false],"2048x2048":["https:\/\/experienciadevida.com.ar\/portalurbano\/wp-content\/uploads\/2022\/08\/Se-licitaron-camaras-de.jpg",1024,683,false],"newsever-slider-full":["https:\/\/experienciadevida.com.ar\/portalurbano\/wp-content\/uploads\/2022\/08\/Se-licitaron-camaras-de.jpg",1024,683,false],"newsever-featured":["https:\/\/experienciadevida.com.ar\/portalurbano\/wp-content\/uploads\/2022\/08\/Se-licitaron-camaras-de.jpg",1024,683,false],"newsever-medium":["https:\/\/experienciadevida.com.ar\/portalurbano\/wp-content\/uploads\/2022\/08\/Se-licitaron-camaras-de.jpg",712,475,false],"web-stories-poster-portrait":["https:\/\/experienciadevida.com.ar\/portalurbano\/wp-content\/uploads\/2022\/08\/Se-licitaron-camaras-de-640x683.jpg",640,683,true],"web-stories-publisher-logo":["https:\/\/experienciadevida.com.ar\/portalurbano\/wp-content\/uploads\/2022\/08\/Se-licitaron-camaras-de-96x96.jpg",96,96,true],"web-stories-thumbnail":["https:\/\/experienciadevida.com.ar\/portalurbano\/wp-content\/uploads\/2022\/08\/Se-licitaron-camaras-de-150x100.jpg",150,100,true]},"author_info":{"display_name":"admpu17wp","author_link":"https:\/\/experienciadevida.com.ar\/portalurbano\/author\/admpu17wp\/"},"category_info":"<a href=\"https:\/\/experienciadevida.com.ar\/portalurbano\/category\/ciudad\/\" rel=\"category tag\">Ciudad<\/a> <a href=\"https:\/\/experienciadevida.com.ar\/portalurbano\/category\/destacadas-2\/\" rel=\"category tag\">Destacadas 2<\/a>","tag_info":"Destacadas 2","comment_count":"0","amp_enabled":true,"_links":{"self":[{"href":"https:\/\/experienciadevida.com.ar\/portalurbano\/wp-json\/wp\/v2\/posts\/173567"}],"collection":[{"href":"https:\/\/experienciadevida.com.ar\/portalurbano\/wp-json\/wp\/v2\/posts"}],"about":[{"href":"https:\/\/experienciadevida.com.ar\/portalurbano\/wp-json\/wp\/v2\/types\/post"}],"author":[{"embeddable":true,"href":"https:\/\/experienciadevida.com.ar\/portalurbano\/wp-json\/wp\/v2\/users\/1"}],"replies":[{"embeddable":true,"href":"https:\/\/experienciadevida.com.ar\/portalurbano\/wp-json\/wp\/v2\/comments?post=173567"}],"version-history":[{"count":2,"href":"https:\/\/experienciadevida.com.ar\/portalurbano\/wp-json\/wp\/v2\/posts\/173567\/revisions"}],"predecessor-version":[{"id":173570,"href":"https:\/\/experienciadevida.com.ar\/portalurbano\/wp-json\/wp\/v2\/posts\/173567\/revisions\/173570"}],"wp:featuredmedia":[{"embeddable":true,"href":"https:\/\/experienciadevida.com.ar\/portalurbano\/wp-json\/wp\/v2\/media\/173568"}],"wp:attachment":[{"href":"https:\/\/experienciadevida.com.ar\/portalurbano\/wp-json\/wp\/v2\/media?parent=173567"}],"wp:term":[{"taxonomy":"category","embeddable":true,"href":"https:\/\/experienciadevida.com.ar\/portalurbano\/wp-json\/wp\/v2\/categories?post=173567"},{"taxonomy":"post_tag","embeddable":true,"href":"https:\/\/experienciadevida.com.ar\/portalurbano\/wp-json\/wp\/v2\/tags?post=173567"}],"curies":[{"name":"wp","href":"https:\/\/api.w.org\/{rel}","templated":true}]}}