{"id":173530,"date":"2022-08-17T13:43:18","date_gmt":"2022-08-17T16:43:18","guid":{"rendered":"https:\/\/experienciadevida.com.ar\/portalurbano\/?p=173530"},"modified":"2022-08-17T14:15:25","modified_gmt":"2022-08-17T17:15:25","slug":"ezequiel-galli-visito-la-obra-de-repavimentacion-de-avellaneda","status":"publish","type":"post","link":"https:\/\/experienciadevida.com.ar\/portalurbano\/ezequiel-galli-visito-la-obra-de-repavimentacion-de-avellaneda\/","title":{"rendered":"Ezequiel Galli visit\u00f3 la obra de repavimentaci\u00f3n de Avellaneda"},"content":{"rendered":"<p>Ezequiel <a href=\"https:\/\/www.instagram.com\/galliezequiel\/\">Galli<\/a> visit\u00f3 la obra de repavimentaci\u00f3n de Avellaneda, el Intendente Ezequiel Galli recorri\u00f3 -en la ma\u00f1ana de este mi\u00e9rcoles- la primera etapa de la obra de repavimentaci\u00f3n de Avda. Avellaneda, con una inversi\u00f3n superior a los 90 millones de pesos.<\/p>\n<p><a href=\"https:\/\/experienciadevida.com.ar\/portalurbano\/ezequiel-galli-visito-la-obra-de-repavimentacion-de-avellaneda\/ezequiel-12\/\" rel=\"attachment wp-att-173533\"><img decoding=\"async\" class=\"alignnone size-large wp-image-173533\" src=\"https:\/\/experienciadevida.com.ar\/portalurbano\/wp-content\/uploads\/2022\/08\/Ezequiel-2-1024x684.jpg\" alt=\"Ezequiel \" width=\"900\" height=\"601\" srcset=\"https:\/\/experienciadevida.com.ar\/portalurbano\/wp-content\/uploads\/2022\/08\/Ezequiel-2-1024x684.jpg 1024w, https:\/\/experienciadevida.com.ar\/portalurbano\/wp-content\/uploads\/2022\/08\/Ezequiel-2-300x201.jpg 300w, https:\/\/experienciadevida.com.ar\/portalurbano\/wp-content\/uploads\/2022\/08\/Ezequiel-2-768x513.jpg 768w, https:\/\/experienciadevida.com.ar\/portalurbano\/wp-content\/uploads\/2022\/08\/Ezequiel-2-1536x1027.jpg 1536w, https:\/\/experienciadevida.com.ar\/portalurbano\/wp-content\/uploads\/2022\/08\/Ezequiel-2-2048x1369.jpg 2048w, https:\/\/experienciadevida.com.ar\/portalurbano\/wp-content\/uploads\/2022\/08\/Ezequiel-2-150x100.jpg 150w\" sizes=\"(max-width: 900px) 100vw, 900px\" \/><\/a><\/p>\n<p>En la oportunidad, Galli estuvo acompa\u00f1ado por el secretario de Mantenimiento y Obras P\u00fablicas de la Municipalidad Julio Ferraro, quien precis\u00f3 que la obra presenta un avance de ejecuci\u00f3n del 35%, a poco menos de un mes de haberse iniciado.<\/p>\n<p>Concretamente, tal como se indic\u00f3 oportunamente se trata del tramo comprendido entre Avda. Eva Per\u00f3n -conocida tambi\u00e9n como Circunvalaci\u00f3n- y Calle 157.<\/p>\n<p>Para el intendente Galli \u201ces fundamental avanzar con la obra de repavimentaci\u00f3n de Avda. Avellaneda porque nos permitir\u00e1 un tr\u00e1nsito m\u00e1s seguro para quienes circulan todos los d\u00edas por uno de los accesos m\u00e1s importantes a Olavarr\u00eda, considerando adem\u00e1s la instalaci\u00f3n futura de empresas en el Sector Industrial Planificado\u201d.<\/p>\n<p>Es una de las obras prioritarias en materia de pavimentaci\u00f3n, teniendo en cuenta que el camino se encontraba actualmente deteriorado y dificultaba el tr\u00e1nsito en un sector de alt\u00edsima circulaci\u00f3n, que es utilizado diariamente como acceso principal a la ciudad.<\/p>\n<p>Cabe agregar que adem\u00e1s de la repavimentaci\u00f3n, la obra contempla adem\u00e1s la construcci\u00f3n de un sector de bicisendas, que permitir\u00e1 el desarrollo de actividades f\u00edsicas y principalmente el tr\u00e1nsito seguro de ciclistas.<\/p>\n<p>Se recuerda que la licitaci\u00f3n se llev\u00f3 a cabo el pasado mes de junio y participaron seis empresas, resultando adjudicataria la firma Atak SRL, que cotiz\u00f3 $91.164.100 pesos.<\/p>\n<p>En cuanto a las especificaciones t\u00e9cnicas se realizar\u00e1 una carpeta de rodamiento de hormig\u00f3n simple de 0,18 metros de espesor asentada sobre una base de tosca compactada de 0,20 metros de espesor.<\/p>\n<p>Esta obra incluye, adem\u00e1s, banquinas de tosca compactada de 3,00 metros de ancho. El nivel definitivo del pavimento terminado ser\u00e1 el que actualmente tiene la avenida. El ancho de la carpeta de rodamiento ser\u00e1 de 7,30 metros.<\/p>\n<p>Al respecto, se solicita nuevamente respetar la se\u00f1alizaci\u00f3n existente y circular con extrema precauci\u00f3n y durante la ejecuci\u00f3n de las tareas, con la finalidad de evitar inconvenientes.<\/p>\n<p><a href=\"https:\/\/experienciadevida.com.ar\/portalurbano\/ezequiel-galli-visito-la-obra-de-repavimentacion-de-avellaneda\/galli-13\/\" rel=\"attachment wp-att-173534\"><img decoding=\"async\" class=\"alignnone size-large wp-image-173534\" src=\"https:\/\/experienciadevida.com.ar\/portalurbano\/wp-content\/uploads\/2022\/08\/Galli-1-1024x684.jpg\" alt=\"Galli \" width=\"900\" height=\"601\" srcset=\"https:\/\/experienciadevida.com.ar\/portalurbano\/wp-content\/uploads\/2022\/08\/Galli-1-1024x684.jpg 1024w, https:\/\/experienciadevida.com.ar\/portalurbano\/wp-content\/uploads\/2022\/08\/Galli-1-300x201.jpg 300w, https:\/\/experienciadevida.com.ar\/portalurbano\/wp-content\/uploads\/2022\/08\/Galli-1-768x513.jpg 768w, https:\/\/experienciadevida.com.ar\/portalurbano\/wp-content\/uploads\/2022\/08\/Galli-1-1536x1027.jpg 1536w, https:\/\/experienciadevida.com.ar\/portalurbano\/wp-content\/uploads\/2022\/08\/Galli-1-2048x1369.jpg 2048w, https:\/\/experienciadevida.com.ar\/portalurbano\/wp-content\/uploads\/2022\/08\/Galli-1-150x100.jpg 150w\" sizes=\"(max-width: 900px) 100vw, 900px\" \/><\/a><\/p>\n","protected":false},"excerpt":{"rendered":"<p>Ezequiel Galli visit\u00f3 la obra de repavimentaci\u00f3n de Avellaneda, el Intendente Ezequiel Galli recorri\u00f3 -en&#8230;<\/p>\n","protected":false},"author":1,"featured_media":173531,"comment_status":"closed","ping_status":"closed","sticky":false,"template":"","format":"standard","meta":{"content-type":""},"categories":[27,51],"tags":[],"nelio_content":{"isAutoShareEnabled":false,"autoShareEndMode":"default","automationSources":{"useContentSentences":true,"useSocialTemplates":true,"useCustomSentences":false,"customSentences":[]},"followers":[1],"suggestedReferences":[],"includedReferences":[],"efiUrl":"","efiAlt":"","highlights":[]},"yoast_head":"<!-- This site is optimized with the Yoast SEO plugin v20.7 - https:\/\/yoast.com\/wordpress\/plugins\/seo\/ -->\n<title>Ezequiel Galli visit\u00f3 la obra de repavimentaci\u00f3n de Avellaneda<\/title>\n<meta name=\"description\" content=\"Ezequiel Galli visit\u00f3 la obra de repavimentaci\u00f3n de Avellaneda, el Intendente Ezequiel Galli recorri\u00f3 -en la ma\u00f1ana de este mi\u00e9rcoles\" \/>\n<meta name=\"robots\" content=\"index, follow, max-snippet:-1, max-image-preview:large, max-video-preview:-1\" \/>\n<link rel=\"canonical\" href=\"https:\/\/experienciadevida.com.ar\/portalurbano\/ezequiel-galli-visito-la-obra-de-repavimentacion-de-avellaneda\/\" \/>\n<meta property=\"og:locale\" content=\"es_ES\" \/>\n<meta property=\"og:type\" content=\"article\" \/>\n<meta property=\"og:title\" content=\"Ezequiel Galli visit\u00f3 la obra de repavimentaci\u00f3n de Avellaneda\" \/>\n<meta property=\"og:description\" content=\"Ezequiel Galli visit\u00f3 la obra de repavimentaci\u00f3n de Avellaneda, el Intendente Ezequiel Galli recorri\u00f3 -en la ma\u00f1ana de este mi\u00e9rcoles\" \/>\n<meta property=\"og:url\" content=\"https:\/\/experienciadevida.com.ar\/portalurbano\/ezequiel-galli-visito-la-obra-de-repavimentacion-de-avellaneda\/\" \/>\n<meta property=\"article:publisher\" content=\"https:\/\/www.facebook.com\/Portal-Urbano-171542830093757\/\" \/>\n<meta property=\"article:published_time\" content=\"2022-08-17T16:43:18+00:00\" \/>\n<meta property=\"article:modified_time\" content=\"2022-08-17T17:15:25+00:00\" \/>\n<meta property=\"og:image\" content=\"https:\/\/experienciadevida.com.ar\/portalurbano\/wp-content\/uploads\/2022\/08\/Ezequiel-Galli-visito-la.jpg\" \/>\n\t<meta property=\"og:image:width\" content=\"2560\" \/>\n\t<meta property=\"og:image:height\" content=\"1711\" \/>\n\t<meta property=\"og:image:type\" content=\"image\/jpeg\" \/>\n<meta name=\"author\" content=\"admpu17wp\" \/>\n<meta name=\"twitter:card\" content=\"summary_large_image\" \/>\n<meta name=\"twitter:creator\" content=\"@portalurbanook\" \/>\n<meta name=\"twitter:site\" content=\"@portalurbanook\" \/>\n<meta name=\"twitter:label1\" content=\"Escrito por\" \/>\n\t<meta name=\"twitter:data1\" content=\"admpu17wp\" \/>\n\t<meta name=\"twitter:label2\" content=\"Tiempo de lectura\" \/>\n\t<meta name=\"twitter:data2\" content=\"2 minutos\" \/>\n<script type=\"application\/ld+json\" class=\"yoast-schema-graph\">{\"@context\":\"https:\/\/schema.org\",\"@graph\":[{\"@type\":\"Article\",\"@id\":\"https:\/\/experienciadevida.com.ar\/portalurbano\/ezequiel-galli-visito-la-obra-de-repavimentacion-de-avellaneda\/#article\",\"isPartOf\":{\"@id\":\"https:\/\/experienciadevida.com.ar\/portalurbano\/ezequiel-galli-visito-la-obra-de-repavimentacion-de-avellaneda\/\"},\"author\":{\"name\":\"admpu17wp\",\"@id\":\"https:\/\/experienciadevida.com.ar\/portalurbano\/#\/schema\/person\/02dd326b1c4b056e9cc972486934a3a7\"},\"headline\":\"Ezequiel Galli visit\u00f3 la obra de repavimentaci\u00f3n de Avellaneda\",\"datePublished\":\"2022-08-17T16:43:18+00:00\",\"dateModified\":\"2022-08-17T17:15:25+00:00\",\"mainEntityOfPage\":{\"@id\":\"https:\/\/experienciadevida.com.ar\/portalurbano\/ezequiel-galli-visito-la-obra-de-repavimentacion-de-avellaneda\/\"},\"wordCount\":387,\"publisher\":{\"@id\":\"https:\/\/experienciadevida.com.ar\/portalurbano\/#organization\"},\"articleSection\":[\"Ciudad\",\"Destacadas\"],\"inLanguage\":\"es\"},{\"@type\":\"WebPage\",\"@id\":\"https:\/\/experienciadevida.com.ar\/portalurbano\/ezequiel-galli-visito-la-obra-de-repavimentacion-de-avellaneda\/\",\"url\":\"https:\/\/experienciadevida.com.ar\/portalurbano\/ezequiel-galli-visito-la-obra-de-repavimentacion-de-avellaneda\/\",\"name\":\"Ezequiel Galli visit\u00f3 la obra de repavimentaci\u00f3n de Avellaneda\",\"isPartOf\":{\"@id\":\"https:\/\/experienciadevida.com.ar\/portalurbano\/#website\"},\"datePublished\":\"2022-08-17T16:43:18+00:00\",\"dateModified\":\"2022-08-17T17:15:25+00:00\",\"description\":\"Ezequiel Galli visit\u00f3 la obra de repavimentaci\u00f3n de Avellaneda, el Intendente Ezequiel Galli recorri\u00f3 -en la ma\u00f1ana de este mi\u00e9rcoles\",\"breadcrumb\":{\"@id\":\"https:\/\/experienciadevida.com.ar\/portalurbano\/ezequiel-galli-visito-la-obra-de-repavimentacion-de-avellaneda\/#breadcrumb\"},\"inLanguage\":\"es\",\"potentialAction\":[{\"@type\":\"ReadAction\",\"target\":[\"https:\/\/experienciadevida.com.ar\/portalurbano\/ezequiel-galli-visito-la-obra-de-repavimentacion-de-avellaneda\/\"]}]},{\"@type\":\"BreadcrumbList\",\"@id\":\"https:\/\/experienciadevida.com.ar\/portalurbano\/ezequiel-galli-visito-la-obra-de-repavimentacion-de-avellaneda\/#breadcrumb\",\"itemListElement\":[{\"@type\":\"ListItem\",\"position\":1,\"name\":\"Portada\",\"item\":\"https:\/\/experienciadevida.com.ar\/portalurbano\/\"},{\"@type\":\"ListItem\",\"position\":2,\"name\":\"Ezequiel Galli visit\u00f3 la obra de repavimentaci\u00f3n de Avellaneda\"}]},{\"@type\":\"WebSite\",\"@id\":\"https:\/\/experienciadevida.com.ar\/portalurbano\/#website\",\"url\":\"https:\/\/experienciadevida.com.ar\/portalurbano\/\",\"name\":\"\",\"description\":\"\",\"publisher\":{\"@id\":\"https:\/\/experienciadevida.com.ar\/portalurbano\/#organization\"},\"potentialAction\":[{\"@type\":\"SearchAction\",\"target\":{\"@type\":\"EntryPoint\",\"urlTemplate\":\"https:\/\/experienciadevida.com.ar\/portalurbano\/?s={search_term_string}\"},\"query-input\":\"required name=search_term_string\"}],\"inLanguage\":\"es\"},{\"@type\":\"Organization\",\"@id\":\"https:\/\/experienciadevida.com.ar\/portalurbano\/#organization\",\"name\":\"Portal Urbano\",\"url\":\"https:\/\/experienciadevida.com.ar\/portalurbano\/\",\"logo\":{\"@type\":\"ImageObject\",\"inLanguage\":\"es\",\"@id\":\"https:\/\/experienciadevida.com.ar\/portalurbano\/#\/schema\/logo\/image\/\",\"url\":\"https:\/\/experienciadevida.com.ar\/portalurbano\/wp-content\/uploads\/2019\/09\/Logo-Original.png\",\"contentUrl\":\"https:\/\/experienciadevida.com.ar\/portalurbano\/wp-content\/uploads\/2019\/09\/Logo-Original.png\",\"width\":2236,\"height\":1216,\"caption\":\"Portal Urbano\"},\"image\":{\"@id\":\"https:\/\/experienciadevida.com.ar\/portalurbano\/#\/schema\/logo\/image\/\"},\"sameAs\":[\"https:\/\/www.facebook.com\/Portal-Urbano-171542830093757\/\",\"https:\/\/twitter.com\/portalurbanook\",\"https:\/\/www.instagram.com\/_portalurbano\/\",\"https:\/\/www.youtube.com\/channel\/UCXhagIfszH8KxFiOok79zbA?view_as=subscriber\"]},{\"@type\":\"Person\",\"@id\":\"https:\/\/experienciadevida.com.ar\/portalurbano\/#\/schema\/person\/02dd326b1c4b056e9cc972486934a3a7\",\"name\":\"admpu17wp\",\"image\":{\"@type\":\"ImageObject\",\"inLanguage\":\"es\",\"@id\":\"https:\/\/experienciadevida.com.ar\/portalurbano\/#\/schema\/person\/image\/\",\"url\":\"https:\/\/secure.gravatar.com\/avatar\/830d4c57adaae6630765e449a6908047?s=96&d=mm&r=g\",\"contentUrl\":\"https:\/\/secure.gravatar.com\/avatar\/830d4c57adaae6630765e449a6908047?s=96&d=mm&r=g\",\"caption\":\"admpu17wp\"}}]}<\/script>\n<!-- \/ Yoast SEO plugin. -->","yoast_head_json":{"title":"Ezequiel Galli visit\u00f3 la obra de repavimentaci\u00f3n de Avellaneda","description":"Ezequiel Galli visit\u00f3 la obra de repavimentaci\u00f3n de Avellaneda, el Intendente Ezequiel Galli recorri\u00f3 -en la ma\u00f1ana de este mi\u00e9rcoles","robots":{"index":"index","follow":"follow","max-snippet":"max-snippet:-1","max-image-preview":"max-image-preview:large","max-video-preview":"max-video-preview:-1"},"canonical":"https:\/\/experienciadevida.com.ar\/portalurbano\/ezequiel-galli-visito-la-obra-de-repavimentacion-de-avellaneda\/","og_locale":"es_ES","og_type":"article","og_title":"Ezequiel Galli visit\u00f3 la obra de repavimentaci\u00f3n de Avellaneda","og_description":"Ezequiel Galli visit\u00f3 la obra de repavimentaci\u00f3n de Avellaneda, el Intendente Ezequiel Galli recorri\u00f3 -en la ma\u00f1ana de este mi\u00e9rcoles","og_url":"https:\/\/experienciadevida.com.ar\/portalurbano\/ezequiel-galli-visito-la-obra-de-repavimentacion-de-avellaneda\/","article_publisher":"https:\/\/www.facebook.com\/Portal-Urbano-171542830093757\/","article_published_time":"2022-08-17T16:43:18+00:00","article_modified_time":"2022-08-17T17:15:25+00:00","og_image":[{"width":2560,"height":1711,"url":"https:\/\/experienciadevida.com.ar\/portalurbano\/wp-content\/uploads\/2022\/08\/Ezequiel-Galli-visito-la.jpg","type":"image\/jpeg"}],"author":"admpu17wp","twitter_card":"summary_large_image","twitter_creator":"@portalurbanook","twitter_site":"@portalurbanook","twitter_misc":{"Escrito por":"admpu17wp","Tiempo de lectura":"2 minutos"},"schema":{"@context":"https:\/\/schema.org","@graph":[{"@type":"Article","@id":"https:\/\/experienciadevida.com.ar\/portalurbano\/ezequiel-galli-visito-la-obra-de-repavimentacion-de-avellaneda\/#article","isPartOf":{"@id":"https:\/\/experienciadevida.com.ar\/portalurbano\/ezequiel-galli-visito-la-obra-de-repavimentacion-de-avellaneda\/"},"author":{"name":"admpu17wp","@id":"https:\/\/experienciadevida.com.ar\/portalurbano\/#\/schema\/person\/02dd326b1c4b056e9cc972486934a3a7"},"headline":"Ezequiel Galli visit\u00f3 la obra de repavimentaci\u00f3n de Avellaneda","datePublished":"2022-08-17T16:43:18+00:00","dateModified":"2022-08-17T17:15:25+00:00","mainEntityOfPage":{"@id":"https:\/\/experienciadevida.com.ar\/portalurbano\/ezequiel-galli-visito-la-obra-de-repavimentacion-de-avellaneda\/"},"wordCount":387,"publisher":{"@id":"https:\/\/experienciadevida.com.ar\/portalurbano\/#organization"},"articleSection":["Ciudad","Destacadas"],"inLanguage":"es"},{"@type":"WebPage","@id":"https:\/\/experienciadevida.com.ar\/portalurbano\/ezequiel-galli-visito-la-obra-de-repavimentacion-de-avellaneda\/","url":"https:\/\/experienciadevida.com.ar\/portalurbano\/ezequiel-galli-visito-la-obra-de-repavimentacion-de-avellaneda\/","name":"Ezequiel Galli visit\u00f3 la obra de repavimentaci\u00f3n de Avellaneda","isPartOf":{"@id":"https:\/\/experienciadevida.com.ar\/portalurbano\/#website"},"datePublished":"2022-08-17T16:43:18+00:00","dateModified":"2022-08-17T17:15:25+00:00","description":"Ezequiel Galli visit\u00f3 la obra de repavimentaci\u00f3n de Avellaneda, el Intendente Ezequiel Galli recorri\u00f3 -en la ma\u00f1ana de este mi\u00e9rcoles","breadcrumb":{"@id":"https:\/\/experienciadevida.com.ar\/portalurbano\/ezequiel-galli-visito-la-obra-de-repavimentacion-de-avellaneda\/#breadcrumb"},"inLanguage":"es","potentialAction":[{"@type":"ReadAction","target":["https:\/\/experienciadevida.com.ar\/portalurbano\/ezequiel-galli-visito-la-obra-de-repavimentacion-de-avellaneda\/"]}]},{"@type":"BreadcrumbList","@id":"https:\/\/experienciadevida.com.ar\/portalurbano\/ezequiel-galli-visito-la-obra-de-repavimentacion-de-avellaneda\/#breadcrumb","itemListElement":[{"@type":"ListItem","position":1,"name":"Portada","item":"https:\/\/experienciadevida.com.ar\/portalurbano\/"},{"@type":"ListItem","position":2,"name":"Ezequiel Galli visit\u00f3 la obra de repavimentaci\u00f3n de Avellaneda"}]},{"@type":"WebSite","@id":"https:\/\/experienciadevida.com.ar\/portalurbano\/#website","url":"https:\/\/experienciadevida.com.ar\/portalurbano\/","name":"","description":"","publisher":{"@id":"https:\/\/experienciadevida.com.ar\/portalurbano\/#organization"},"potentialAction":[{"@type":"SearchAction","target":{"@type":"EntryPoint","urlTemplate":"https:\/\/experienciadevida.com.ar\/portalurbano\/?s={search_term_string}"},"query-input":"required name=search_term_string"}],"inLanguage":"es"},{"@type":"Organization","@id":"https:\/\/experienciadevida.com.ar\/portalurbano\/#organization","name":"Portal Urbano","url":"https:\/\/experienciadevida.com.ar\/portalurbano\/","logo":{"@type":"ImageObject","inLanguage":"es","@id":"https:\/\/experienciadevida.com.ar\/portalurbano\/#\/schema\/logo\/image\/","url":"https:\/\/experienciadevida.com.ar\/portalurbano\/wp-content\/uploads\/2019\/09\/Logo-Original.png","contentUrl":"https:\/\/experienciadevida.com.ar\/portalurbano\/wp-content\/uploads\/2019\/09\/Logo-Original.png","width":2236,"height":1216,"caption":"Portal Urbano"},"image":{"@id":"https:\/\/experienciadevida.com.ar\/portalurbano\/#\/schema\/logo\/image\/"},"sameAs":["https:\/\/www.facebook.com\/Portal-Urbano-171542830093757\/","https:\/\/twitter.com\/portalurbanook","https:\/\/www.instagram.com\/_portalurbano\/","https:\/\/www.youtube.com\/channel\/UCXhagIfszH8KxFiOok79zbA?view_as=subscriber"]},{"@type":"Person","@id":"https:\/\/experienciadevida.com.ar\/portalurbano\/#\/schema\/person\/02dd326b1c4b056e9cc972486934a3a7","name":"admpu17wp","image":{"@type":"ImageObject","inLanguage":"es","@id":"https:\/\/experienciadevida.com.ar\/portalurbano\/#\/schema\/person\/image\/","url":"https:\/\/secure.gravatar.com\/avatar\/830d4c57adaae6630765e449a6908047?s=96&d=mm&r=g","contentUrl":"https:\/\/secure.gravatar.com\/avatar\/830d4c57adaae6630765e449a6908047?s=96&d=mm&r=g","caption":"admpu17wp"}}]}},"featured_image_urls":{"full":["https:\/\/experienciadevida.com.ar\/portalurbano\/wp-content\/uploads\/2022\/08\/Ezequiel-Galli-visito-la.jpg",2560,1711,false],"thumbnail":["https:\/\/experienciadevida.com.ar\/portalurbano\/wp-content\/uploads\/2022\/08\/Ezequiel-Galli-visito-la-150x150.jpg",150,150,true],"medium":["https:\/\/experienciadevida.com.ar\/portalurbano\/wp-content\/uploads\/2022\/08\/Ezequiel-Galli-visito-la-300x201.jpg",300,201,true],"medium_large":["https:\/\/experienciadevida.com.ar\/portalurbano\/wp-content\/uploads\/2022\/08\/Ezequiel-Galli-visito-la-768x513.jpg",640,428,true],"large":["https:\/\/experienciadevida.com.ar\/portalurbano\/wp-content\/uploads\/2022\/08\/Ezequiel-Galli-visito-la-1024x684.jpg",640,428,true],"ug_big":["https:\/\/experienciadevida.com.ar\/portalurbano\/wp-content\/uploads\/2022\/08\/Ezequiel-Galli-visito-la-768x513.jpg",768,513,true],"1536x1536":["https:\/\/experienciadevida.com.ar\/portalurbano\/wp-content\/uploads\/2022\/08\/Ezequiel-Galli-visito-la-1536x1027.jpg",1536,1027,true],"2048x2048":["https:\/\/experienciadevida.com.ar\/portalurbano\/wp-content\/uploads\/2022\/08\/Ezequiel-Galli-visito-la-2048x1369.jpg",2048,1369,true],"newsever-slider-full":["https:\/\/experienciadevida.com.ar\/portalurbano\/wp-content\/uploads\/2022\/08\/Ezequiel-Galli-visito-la.jpg",1264,845,false],"newsever-featured":["https:\/\/experienciadevida.com.ar\/portalurbano\/wp-content\/uploads\/2022\/08\/Ezequiel-Galli-visito-la.jpg",1024,684,false],"newsever-medium":["https:\/\/experienciadevida.com.ar\/portalurbano\/wp-content\/uploads\/2022\/08\/Ezequiel-Galli-visito-la.jpg",711,475,false],"web-stories-poster-portrait":["https:\/\/experienciadevida.com.ar\/portalurbano\/wp-content\/uploads\/2022\/08\/Ezequiel-Galli-visito-la-640x853.jpg",640,853,true],"web-stories-publisher-logo":["https:\/\/experienciadevida.com.ar\/portalurbano\/wp-content\/uploads\/2022\/08\/Ezequiel-Galli-visito-la-96x96.jpg",96,96,true],"web-stories-thumbnail":["https:\/\/experienciadevida.com.ar\/portalurbano\/wp-content\/uploads\/2022\/08\/Ezequiel-Galli-visito-la-150x100.jpg",150,100,true]},"author_info":{"display_name":"admpu17wp","author_link":"https:\/\/experienciadevida.com.ar\/portalurbano\/author\/admpu17wp\/"},"category_info":"<a href=\"https:\/\/experienciadevida.com.ar\/portalurbano\/category\/ciudad\/\" rel=\"category tag\">Ciudad<\/a> <a href=\"https:\/\/experienciadevida.com.ar\/portalurbano\/category\/destacadas\/\" rel=\"category tag\">Destacadas<\/a>","tag_info":"Destacadas","comment_count":"0","amp_enabled":true,"_links":{"self":[{"href":"https:\/\/experienciadevida.com.ar\/portalurbano\/wp-json\/wp\/v2\/posts\/173530"}],"collection":[{"href":"https:\/\/experienciadevida.com.ar\/portalurbano\/wp-json\/wp\/v2\/posts"}],"about":[{"href":"https:\/\/experienciadevida.com.ar\/portalurbano\/wp-json\/wp\/v2\/types\/post"}],"author":[{"embeddable":true,"href":"https:\/\/experienciadevida.com.ar\/portalurbano\/wp-json\/wp\/v2\/users\/1"}],"replies":[{"embeddable":true,"href":"https:\/\/experienciadevida.com.ar\/portalurbano\/wp-json\/wp\/v2\/comments?post=173530"}],"version-history":[{"count":3,"href":"https:\/\/experienciadevida.com.ar\/portalurbano\/wp-json\/wp\/v2\/posts\/173530\/revisions"}],"predecessor-version":[{"id":173536,"href":"https:\/\/experienciadevida.com.ar\/portalurbano\/wp-json\/wp\/v2\/posts\/173530\/revisions\/173536"}],"wp:featuredmedia":[{"embeddable":true,"href":"https:\/\/experienciadevida.com.ar\/portalurbano\/wp-json\/wp\/v2\/media\/173531"}],"wp:attachment":[{"href":"https:\/\/experienciadevida.com.ar\/portalurbano\/wp-json\/wp\/v2\/media?parent=173530"}],"wp:term":[{"taxonomy":"category","embeddable":true,"href":"https:\/\/experienciadevida.com.ar\/portalurbano\/wp-json\/wp\/v2\/categories?post=173530"},{"taxonomy":"post_tag","embeddable":true,"href":"https:\/\/experienciadevida.com.ar\/portalurbano\/wp-json\/wp\/v2\/tags?post=173530"}],"curies":[{"name":"wp","href":"https:\/\/api.w.org\/{rel}","templated":true}]}}