{"id":173526,"date":"2022-08-17T11:33:09","date_gmt":"2022-08-17T14:33:09","guid":{"rendered":"https:\/\/experienciadevida.com.ar\/portalurbano\/?p=173526"},"modified":"2022-08-17T11:38:48","modified_gmt":"2022-08-17T14:38:48","slug":"desarrollo-agropecuario-visita-a-quintas-horticolas-locales","status":"publish","type":"post","link":"https:\/\/experienciadevida.com.ar\/portalurbano\/desarrollo-agropecuario-visita-a-quintas-horticolas-locales\/","title":{"rendered":"Desarrollo Agropecuario: visita a quintas hort\u00edcolas locales"},"content":{"rendered":"<p>Desarrollo Agropecuario: visita a quintas hort\u00edcolas locales, as\u00ed lo informaron desde la Direcci\u00f3n de Desarrollo Agropecuario de la Secretar\u00eda de Desarrollo Econ\u00f3mico del <a href=\"https:\/\/www.facebook.com\/municipiodeolavarria\">Municipio<\/a>, se informa que contin\u00faan las acciones en el marco del Programa de promoci\u00f3n de la cadena hort\u00edcola del partido de Olavarr\u00eda.<\/p>\n<p>En este contexto, en el transcurso de las \u00faltimas semanas se han recorrido las quintas de producci\u00f3n hort\u00edcola locales, con el objetivo de hacer entrega de actualizaciones de inscripciones en el RENSPA y de conocer las tareas que est\u00e1n llevando a cabo los productores, con vistas a la producci\u00f3n de primavera \u2013 verano. Adem\u00e1s, se hizo entrega de folletos explicativos de agroqu\u00edmicos registrados en SENASA para cada cultivo y su uso.<\/p>\n<p>En este momento se est\u00e1 llevando a cabo la preparaci\u00f3n del suelo para la producci\u00f3n, tanto a campo como bajo cubierta, y la plantaci\u00f3n de algunas especies mayormente de hoja.<\/p>\n<p>Las visitas se llevaron a cabo en conjunto con personal del INTA local y de la Facultad de Agronom\u00eda de Azul, instituciones que impulsan junto al Municipio este programa que tiene por objetivo proveer herramientas para la promoci\u00f3n y desarrollo productivo de la cadena hort\u00edcola local.<\/p>\n<p>&nbsp;<\/p>\n","protected":false},"excerpt":{"rendered":"<p>Desarrollo Agropecuario: visita a quintas hort\u00edcolas locales, as\u00ed lo informaron desde la Direcci\u00f3n de Desarrollo&#8230;<\/p>\n","protected":false},"author":1,"featured_media":173527,"comment_status":"closed","ping_status":"closed","sticky":false,"template":"","format":"standard","meta":{"content-type":""},"categories":[27,64],"tags":[],"nelio_content":{"isAutoShareEnabled":false,"autoShareEndMode":"default","automationSources":{"useContentSentences":true,"useSocialTemplates":true,"useCustomSentences":false,"customSentences":[]},"followers":[1],"suggestedReferences":[],"includedReferences":[],"efiUrl":"","efiAlt":"","highlights":[]},"yoast_head":"<!-- This site is optimized with the Yoast SEO plugin v20.7 - https:\/\/yoast.com\/wordpress\/plugins\/seo\/ -->\n<title>Desarrollo Agropecuario: Visita a quintas hort\u00edcolas locales<\/title>\n<meta name=\"description\" content=\"Desarrollo Agropecuario: visita a quintas hort\u00edcolas locales, as\u00ed lo informaron desde la Direcci\u00f3n de Desarrollo en el marco de un programa\" \/>\n<meta name=\"robots\" content=\"index, follow, max-snippet:-1, max-image-preview:large, max-video-preview:-1\" \/>\n<link rel=\"canonical\" href=\"https:\/\/experienciadevida.com.ar\/portalurbano\/desarrollo-agropecuario-visita-a-quintas-horticolas-locales\/\" \/>\n<meta property=\"og:locale\" content=\"es_ES\" \/>\n<meta property=\"og:type\" content=\"article\" \/>\n<meta property=\"og:title\" content=\"Desarrollo Agropecuario: Visita a quintas hort\u00edcolas locales\" \/>\n<meta property=\"og:description\" content=\"Desarrollo Agropecuario: visita a quintas hort\u00edcolas locales, as\u00ed lo informaron desde la Direcci\u00f3n de Desarrollo en el marco de un programa\" \/>\n<meta property=\"og:url\" content=\"https:\/\/experienciadevida.com.ar\/portalurbano\/desarrollo-agropecuario-visita-a-quintas-horticolas-locales\/\" \/>\n<meta property=\"article:publisher\" content=\"https:\/\/www.facebook.com\/Portal-Urbano-171542830093757\/\" \/>\n<meta property=\"article:published_time\" content=\"2022-08-17T14:33:09+00:00\" \/>\n<meta property=\"article:modified_time\" content=\"2022-08-17T14:38:48+00:00\" \/>\n<meta property=\"og:image\" content=\"https:\/\/experienciadevida.com.ar\/portalurbano\/wp-content\/uploads\/2022\/08\/Desarrollo-Agropecuario.jpeg\" \/>\n\t<meta property=\"og:image:width\" content=\"1280\" \/>\n\t<meta property=\"og:image:height\" content=\"960\" \/>\n\t<meta property=\"og:image:type\" content=\"image\/jpeg\" \/>\n<meta name=\"author\" content=\"admpu17wp\" \/>\n<meta name=\"twitter:card\" content=\"summary_large_image\" \/>\n<meta name=\"twitter:creator\" content=\"@portalurbanook\" \/>\n<meta name=\"twitter:site\" content=\"@portalurbanook\" \/>\n<meta name=\"twitter:label1\" content=\"Escrito por\" \/>\n\t<meta name=\"twitter:data1\" content=\"admpu17wp\" \/>\n\t<meta name=\"twitter:label2\" content=\"Tiempo de lectura\" \/>\n\t<meta name=\"twitter:data2\" content=\"1 minuto\" \/>\n<script type=\"application\/ld+json\" class=\"yoast-schema-graph\">{\"@context\":\"https:\/\/schema.org\",\"@graph\":[{\"@type\":\"Article\",\"@id\":\"https:\/\/experienciadevida.com.ar\/portalurbano\/desarrollo-agropecuario-visita-a-quintas-horticolas-locales\/#article\",\"isPartOf\":{\"@id\":\"https:\/\/experienciadevida.com.ar\/portalurbano\/desarrollo-agropecuario-visita-a-quintas-horticolas-locales\/\"},\"author\":{\"name\":\"admpu17wp\",\"@id\":\"https:\/\/experienciadevida.com.ar\/portalurbano\/#\/schema\/person\/02dd326b1c4b056e9cc972486934a3a7\"},\"headline\":\"Desarrollo Agropecuario: visita a quintas hort\u00edcolas locales\",\"datePublished\":\"2022-08-17T14:33:09+00:00\",\"dateModified\":\"2022-08-17T14:38:48+00:00\",\"mainEntityOfPage\":{\"@id\":\"https:\/\/experienciadevida.com.ar\/portalurbano\/desarrollo-agropecuario-visita-a-quintas-horticolas-locales\/\"},\"wordCount\":220,\"publisher\":{\"@id\":\"https:\/\/experienciadevida.com.ar\/portalurbano\/#organization\"},\"articleSection\":[\"Ciudad\",\"Destacadas 2\"],\"inLanguage\":\"es\"},{\"@type\":\"WebPage\",\"@id\":\"https:\/\/experienciadevida.com.ar\/portalurbano\/desarrollo-agropecuario-visita-a-quintas-horticolas-locales\/\",\"url\":\"https:\/\/experienciadevida.com.ar\/portalurbano\/desarrollo-agropecuario-visita-a-quintas-horticolas-locales\/\",\"name\":\"Desarrollo Agropecuario: Visita a quintas hort\u00edcolas locales\",\"isPartOf\":{\"@id\":\"https:\/\/experienciadevida.com.ar\/portalurbano\/#website\"},\"datePublished\":\"2022-08-17T14:33:09+00:00\",\"dateModified\":\"2022-08-17T14:38:48+00:00\",\"description\":\"Desarrollo Agropecuario: visita a quintas hort\u00edcolas locales, as\u00ed lo informaron desde la Direcci\u00f3n de Desarrollo en el marco de un programa\",\"breadcrumb\":{\"@id\":\"https:\/\/experienciadevida.com.ar\/portalurbano\/desarrollo-agropecuario-visita-a-quintas-horticolas-locales\/#breadcrumb\"},\"inLanguage\":\"es\",\"potentialAction\":[{\"@type\":\"ReadAction\",\"target\":[\"https:\/\/experienciadevida.com.ar\/portalurbano\/desarrollo-agropecuario-visita-a-quintas-horticolas-locales\/\"]}]},{\"@type\":\"BreadcrumbList\",\"@id\":\"https:\/\/experienciadevida.com.ar\/portalurbano\/desarrollo-agropecuario-visita-a-quintas-horticolas-locales\/#breadcrumb\",\"itemListElement\":[{\"@type\":\"ListItem\",\"position\":1,\"name\":\"Portada\",\"item\":\"https:\/\/experienciadevida.com.ar\/portalurbano\/\"},{\"@type\":\"ListItem\",\"position\":2,\"name\":\"Desarrollo Agropecuario: visita a quintas hort\u00edcolas locales\"}]},{\"@type\":\"WebSite\",\"@id\":\"https:\/\/experienciadevida.com.ar\/portalurbano\/#website\",\"url\":\"https:\/\/experienciadevida.com.ar\/portalurbano\/\",\"name\":\"\",\"description\":\"\",\"publisher\":{\"@id\":\"https:\/\/experienciadevida.com.ar\/portalurbano\/#organization\"},\"potentialAction\":[{\"@type\":\"SearchAction\",\"target\":{\"@type\":\"EntryPoint\",\"urlTemplate\":\"https:\/\/experienciadevida.com.ar\/portalurbano\/?s={search_term_string}\"},\"query-input\":\"required name=search_term_string\"}],\"inLanguage\":\"es\"},{\"@type\":\"Organization\",\"@id\":\"https:\/\/experienciadevida.com.ar\/portalurbano\/#organization\",\"name\":\"Portal Urbano\",\"url\":\"https:\/\/experienciadevida.com.ar\/portalurbano\/\",\"logo\":{\"@type\":\"ImageObject\",\"inLanguage\":\"es\",\"@id\":\"https:\/\/experienciadevida.com.ar\/portalurbano\/#\/schema\/logo\/image\/\",\"url\":\"https:\/\/experienciadevida.com.ar\/portalurbano\/wp-content\/uploads\/2019\/09\/Logo-Original.png\",\"contentUrl\":\"https:\/\/experienciadevida.com.ar\/portalurbano\/wp-content\/uploads\/2019\/09\/Logo-Original.png\",\"width\":2236,\"height\":1216,\"caption\":\"Portal Urbano\"},\"image\":{\"@id\":\"https:\/\/experienciadevida.com.ar\/portalurbano\/#\/schema\/logo\/image\/\"},\"sameAs\":[\"https:\/\/www.facebook.com\/Portal-Urbano-171542830093757\/\",\"https:\/\/twitter.com\/portalurbanook\",\"https:\/\/www.instagram.com\/_portalurbano\/\",\"https:\/\/www.youtube.com\/channel\/UCXhagIfszH8KxFiOok79zbA?view_as=subscriber\"]},{\"@type\":\"Person\",\"@id\":\"https:\/\/experienciadevida.com.ar\/portalurbano\/#\/schema\/person\/02dd326b1c4b056e9cc972486934a3a7\",\"name\":\"admpu17wp\",\"image\":{\"@type\":\"ImageObject\",\"inLanguage\":\"es\",\"@id\":\"https:\/\/experienciadevida.com.ar\/portalurbano\/#\/schema\/person\/image\/\",\"url\":\"https:\/\/secure.gravatar.com\/avatar\/830d4c57adaae6630765e449a6908047?s=96&d=mm&r=g\",\"contentUrl\":\"https:\/\/secure.gravatar.com\/avatar\/830d4c57adaae6630765e449a6908047?s=96&d=mm&r=g\",\"caption\":\"admpu17wp\"}}]}<\/script>\n<!-- \/ Yoast SEO plugin. -->","yoast_head_json":{"title":"Desarrollo Agropecuario: Visita a quintas hort\u00edcolas locales","description":"Desarrollo Agropecuario: visita a quintas hort\u00edcolas locales, as\u00ed lo informaron desde la Direcci\u00f3n de Desarrollo en el marco de un programa","robots":{"index":"index","follow":"follow","max-snippet":"max-snippet:-1","max-image-preview":"max-image-preview:large","max-video-preview":"max-video-preview:-1"},"canonical":"https:\/\/experienciadevida.com.ar\/portalurbano\/desarrollo-agropecuario-visita-a-quintas-horticolas-locales\/","og_locale":"es_ES","og_type":"article","og_title":"Desarrollo Agropecuario: Visita a quintas hort\u00edcolas locales","og_description":"Desarrollo Agropecuario: visita a quintas hort\u00edcolas locales, as\u00ed lo informaron desde la Direcci\u00f3n de Desarrollo en el marco de un programa","og_url":"https:\/\/experienciadevida.com.ar\/portalurbano\/desarrollo-agropecuario-visita-a-quintas-horticolas-locales\/","article_publisher":"https:\/\/www.facebook.com\/Portal-Urbano-171542830093757\/","article_published_time":"2022-08-17T14:33:09+00:00","article_modified_time":"2022-08-17T14:38:48+00:00","og_image":[{"width":1280,"height":960,"url":"https:\/\/experienciadevida.com.ar\/portalurbano\/wp-content\/uploads\/2022\/08\/Desarrollo-Agropecuario.jpeg","type":"image\/jpeg"}],"author":"admpu17wp","twitter_card":"summary_large_image","twitter_creator":"@portalurbanook","twitter_site":"@portalurbanook","twitter_misc":{"Escrito por":"admpu17wp","Tiempo de lectura":"1 minuto"},"schema":{"@context":"https:\/\/schema.org","@graph":[{"@type":"Article","@id":"https:\/\/experienciadevida.com.ar\/portalurbano\/desarrollo-agropecuario-visita-a-quintas-horticolas-locales\/#article","isPartOf":{"@id":"https:\/\/experienciadevida.com.ar\/portalurbano\/desarrollo-agropecuario-visita-a-quintas-horticolas-locales\/"},"author":{"name":"admpu17wp","@id":"https:\/\/experienciadevida.com.ar\/portalurbano\/#\/schema\/person\/02dd326b1c4b056e9cc972486934a3a7"},"headline":"Desarrollo Agropecuario: visita a quintas hort\u00edcolas locales","datePublished":"2022-08-17T14:33:09+00:00","dateModified":"2022-08-17T14:38:48+00:00","mainEntityOfPage":{"@id":"https:\/\/experienciadevida.com.ar\/portalurbano\/desarrollo-agropecuario-visita-a-quintas-horticolas-locales\/"},"wordCount":220,"publisher":{"@id":"https:\/\/experienciadevida.com.ar\/portalurbano\/#organization"},"articleSection":["Ciudad","Destacadas 2"],"inLanguage":"es"},{"@type":"WebPage","@id":"https:\/\/experienciadevida.com.ar\/portalurbano\/desarrollo-agropecuario-visita-a-quintas-horticolas-locales\/","url":"https:\/\/experienciadevida.com.ar\/portalurbano\/desarrollo-agropecuario-visita-a-quintas-horticolas-locales\/","name":"Desarrollo Agropecuario: Visita a quintas hort\u00edcolas locales","isPartOf":{"@id":"https:\/\/experienciadevida.com.ar\/portalurbano\/#website"},"datePublished":"2022-08-17T14:33:09+00:00","dateModified":"2022-08-17T14:38:48+00:00","description":"Desarrollo Agropecuario: visita a quintas hort\u00edcolas locales, as\u00ed lo informaron desde la Direcci\u00f3n de Desarrollo en el marco de un programa","breadcrumb":{"@id":"https:\/\/experienciadevida.com.ar\/portalurbano\/desarrollo-agropecuario-visita-a-quintas-horticolas-locales\/#breadcrumb"},"inLanguage":"es","potentialAction":[{"@type":"ReadAction","target":["https:\/\/experienciadevida.com.ar\/portalurbano\/desarrollo-agropecuario-visita-a-quintas-horticolas-locales\/"]}]},{"@type":"BreadcrumbList","@id":"https:\/\/experienciadevida.com.ar\/portalurbano\/desarrollo-agropecuario-visita-a-quintas-horticolas-locales\/#breadcrumb","itemListElement":[{"@type":"ListItem","position":1,"name":"Portada","item":"https:\/\/experienciadevida.com.ar\/portalurbano\/"},{"@type":"ListItem","position":2,"name":"Desarrollo Agropecuario: visita a quintas hort\u00edcolas locales"}]},{"@type":"WebSite","@id":"https:\/\/experienciadevida.com.ar\/portalurbano\/#website","url":"https:\/\/experienciadevida.com.ar\/portalurbano\/","name":"","description":"","publisher":{"@id":"https:\/\/experienciadevida.com.ar\/portalurbano\/#organization"},"potentialAction":[{"@type":"SearchAction","target":{"@type":"EntryPoint","urlTemplate":"https:\/\/experienciadevida.com.ar\/portalurbano\/?s={search_term_string}"},"query-input":"required name=search_term_string"}],"inLanguage":"es"},{"@type":"Organization","@id":"https:\/\/experienciadevida.com.ar\/portalurbano\/#organization","name":"Portal Urbano","url":"https:\/\/experienciadevida.com.ar\/portalurbano\/","logo":{"@type":"ImageObject","inLanguage":"es","@id":"https:\/\/experienciadevida.com.ar\/portalurbano\/#\/schema\/logo\/image\/","url":"https:\/\/experienciadevida.com.ar\/portalurbano\/wp-content\/uploads\/2019\/09\/Logo-Original.png","contentUrl":"https:\/\/experienciadevida.com.ar\/portalurbano\/wp-content\/uploads\/2019\/09\/Logo-Original.png","width":2236,"height":1216,"caption":"Portal Urbano"},"image":{"@id":"https:\/\/experienciadevida.com.ar\/portalurbano\/#\/schema\/logo\/image\/"},"sameAs":["https:\/\/www.facebook.com\/Portal-Urbano-171542830093757\/","https:\/\/twitter.com\/portalurbanook","https:\/\/www.instagram.com\/_portalurbano\/","https:\/\/www.youtube.com\/channel\/UCXhagIfszH8KxFiOok79zbA?view_as=subscriber"]},{"@type":"Person","@id":"https:\/\/experienciadevida.com.ar\/portalurbano\/#\/schema\/person\/02dd326b1c4b056e9cc972486934a3a7","name":"admpu17wp","image":{"@type":"ImageObject","inLanguage":"es","@id":"https:\/\/experienciadevida.com.ar\/portalurbano\/#\/schema\/person\/image\/","url":"https:\/\/secure.gravatar.com\/avatar\/830d4c57adaae6630765e449a6908047?s=96&d=mm&r=g","contentUrl":"https:\/\/secure.gravatar.com\/avatar\/830d4c57adaae6630765e449a6908047?s=96&d=mm&r=g","caption":"admpu17wp"}}]}},"featured_image_urls":{"full":["https:\/\/experienciadevida.com.ar\/portalurbano\/wp-content\/uploads\/2022\/08\/Desarrollo-Agropecuario.jpeg",1280,960,false],"thumbnail":["https:\/\/experienciadevida.com.ar\/portalurbano\/wp-content\/uploads\/2022\/08\/Desarrollo-Agropecuario-150x150.jpeg",150,150,true],"medium":["https:\/\/experienciadevida.com.ar\/portalurbano\/wp-content\/uploads\/2022\/08\/Desarrollo-Agropecuario-300x225.jpeg",300,225,true],"medium_large":["https:\/\/experienciadevida.com.ar\/portalurbano\/wp-content\/uploads\/2022\/08\/Desarrollo-Agropecuario-768x576.jpeg",640,480,true],"large":["https:\/\/experienciadevida.com.ar\/portalurbano\/wp-content\/uploads\/2022\/08\/Desarrollo-Agropecuario-1024x768.jpeg",640,480,true],"ug_big":["https:\/\/experienciadevida.com.ar\/portalurbano\/wp-content\/uploads\/2022\/08\/Desarrollo-Agropecuario-768x576.jpeg",768,576,true],"1536x1536":["https:\/\/experienciadevida.com.ar\/portalurbano\/wp-content\/uploads\/2022\/08\/Desarrollo-Agropecuario.jpeg",1280,960,false],"2048x2048":["https:\/\/experienciadevida.com.ar\/portalurbano\/wp-content\/uploads\/2022\/08\/Desarrollo-Agropecuario.jpeg",1280,960,false],"newsever-slider-full":["https:\/\/experienciadevida.com.ar\/portalurbano\/wp-content\/uploads\/2022\/08\/Desarrollo-Agropecuario.jpeg",1127,845,false],"newsever-featured":["https:\/\/experienciadevida.com.ar\/portalurbano\/wp-content\/uploads\/2022\/08\/Desarrollo-Agropecuario.jpeg",1024,768,false],"newsever-medium":["https:\/\/experienciadevida.com.ar\/portalurbano\/wp-content\/uploads\/2022\/08\/Desarrollo-Agropecuario.jpeg",633,475,false],"web-stories-poster-portrait":["https:\/\/experienciadevida.com.ar\/portalurbano\/wp-content\/uploads\/2022\/08\/Desarrollo-Agropecuario-640x853.jpeg",640,853,true],"web-stories-publisher-logo":["https:\/\/experienciadevida.com.ar\/portalurbano\/wp-content\/uploads\/2022\/08\/Desarrollo-Agropecuario-96x96.jpeg",96,96,true],"web-stories-thumbnail":["https:\/\/experienciadevida.com.ar\/portalurbano\/wp-content\/uploads\/2022\/08\/Desarrollo-Agropecuario-150x113.jpeg",150,113,true]},"author_info":{"display_name":"admpu17wp","author_link":"https:\/\/experienciadevida.com.ar\/portalurbano\/author\/admpu17wp\/"},"category_info":"<a href=\"https:\/\/experienciadevida.com.ar\/portalurbano\/category\/ciudad\/\" rel=\"category tag\">Ciudad<\/a> <a href=\"https:\/\/experienciadevida.com.ar\/portalurbano\/category\/destacadas-2\/\" rel=\"category tag\">Destacadas 2<\/a>","tag_info":"Destacadas 2","comment_count":"0","amp_enabled":true,"_links":{"self":[{"href":"https:\/\/experienciadevida.com.ar\/portalurbano\/wp-json\/wp\/v2\/posts\/173526"}],"collection":[{"href":"https:\/\/experienciadevida.com.ar\/portalurbano\/wp-json\/wp\/v2\/posts"}],"about":[{"href":"https:\/\/experienciadevida.com.ar\/portalurbano\/wp-json\/wp\/v2\/types\/post"}],"author":[{"embeddable":true,"href":"https:\/\/experienciadevida.com.ar\/portalurbano\/wp-json\/wp\/v2\/users\/1"}],"replies":[{"embeddable":true,"href":"https:\/\/experienciadevida.com.ar\/portalurbano\/wp-json\/wp\/v2\/comments?post=173526"}],"version-history":[{"count":2,"href":"https:\/\/experienciadevida.com.ar\/portalurbano\/wp-json\/wp\/v2\/posts\/173526\/revisions"}],"predecessor-version":[{"id":173529,"href":"https:\/\/experienciadevida.com.ar\/portalurbano\/wp-json\/wp\/v2\/posts\/173526\/revisions\/173529"}],"wp:featuredmedia":[{"embeddable":true,"href":"https:\/\/experienciadevida.com.ar\/portalurbano\/wp-json\/wp\/v2\/media\/173527"}],"wp:attachment":[{"href":"https:\/\/experienciadevida.com.ar\/portalurbano\/wp-json\/wp\/v2\/media?parent=173526"}],"wp:term":[{"taxonomy":"category","embeddable":true,"href":"https:\/\/experienciadevida.com.ar\/portalurbano\/wp-json\/wp\/v2\/categories?post=173526"},{"taxonomy":"post_tag","embeddable":true,"href":"https:\/\/experienciadevida.com.ar\/portalurbano\/wp-json\/wp\/v2\/tags?post=173526"}],"curies":[{"name":"wp","href":"https:\/\/api.w.org\/{rel}","templated":true}]}}