{"id":173522,"date":"2022-08-17T11:26:08","date_gmt":"2022-08-17T14:26:08","guid":{"rendered":"https:\/\/experienciadevida.com.ar\/portalurbano\/?p=173522"},"modified":"2022-08-17T11:27:08","modified_gmt":"2022-08-17T14:27:08","slug":"taller-de-actualizacion-comunicacion-de-la-ciencia-en-los-medios-de-comunicacion","status":"publish","type":"post","link":"https:\/\/experienciadevida.com.ar\/portalurbano\/taller-de-actualizacion-comunicacion-de-la-ciencia-en-los-medios-de-comunicacion\/","title":{"rendered":"Taller de actualizaci\u00f3n \u201cComunicaci\u00f3n de la ciencia en los medios de comunicaci\u00f3n\u201d"},"content":{"rendered":"<p>Taller de actualizaci\u00f3n \u201cComunicaci\u00f3n de la ciencia en los medios de comunicaci\u00f3n\u201d, entre el 12 de septiembre y el 14 de octubre se dictar\u00e1 en la <a href=\"https:\/\/www.facebook.com\/facultadcienciassociales.unicen\">Facultad de Ciencias Sociales<\/a> el taller de actualizaci\u00f3n denominado \u201cComunicaci\u00f3n de la ciencia en los medios de comunicaci\u00f3n\u201d. La modalidad de cursada ser\u00e1 a distancia, a trav\u00e9s del campus virtual de la FACSO.<\/p>\n<p>En el marco de la Diplomatura Universitaria Superior en Comunicaci\u00f3n P\u00fablica de la Ciencia, FACSO ofrecer\u00e1 el taller de actualizaci\u00f3n denominado \u201cComunicaci\u00f3n de la ciencia en los medios de comunicaci\u00f3n\u201d, modalidad virtual, que se dictar\u00e1 entre del 12 de septiembre y el 14 de octubre. Tendr\u00e1 una duraci\u00f3n 30 horas reloj, distribuidas en cinco semanas de duraci\u00f3n.<\/p>\n<p>El mismo estar\u00e1 a cargo de Pablo Esteban, Dr. en Comunicaci\u00f3n en la Universidad Nacional de La Plata, Mag\u00edster en Sociolog\u00eda de la Cultura y An\u00e1lisis Cultural egresado de la Universidad Nacional de San Mart\u00edn y Licenciado en Comunicaci\u00f3n Social por la Universidad Nacional de Quilmes. Periodista de Ciencia y Sociedad en el diario P\u00e1gina 12 y productor period\u00edstico en La Liga de la Ciencia (programa emitido por TV P\u00fablica Argentina). Tambi\u00e9n se desempe\u00f1a como docente e investigador en la UNQ, instituci\u00f3n en la que, adem\u00e1s, realiza trabajos de periodismo y divulgaci\u00f3n cient\u00edfica.<\/p>\n<p>La propuesta tiene por objetivo debatir y reflexionar en torno a la ciencia y su circulaci\u00f3n en el espacio p\u00fablico como una problem\u00e1tica de dimensiones culturales, comunicacionales y pol\u00edticas. Se plantea para ello explorar los m\u00e9todos, las herramientas y los recursos empleados en la comunicaci\u00f3n p\u00fablica de la ciencia y la tecnolog\u00eda; reconocer las diversas estrategias medi\u00e1ticas -y no medi\u00e1ticas- de comunicaci\u00f3n p\u00fablica de la ciencia y la tecnolog\u00eda, para abordar los diferentes g\u00e9neros y registros a partir de los cuales es posible su comunicaci\u00f3n; recuperar la figura del p\u00fablico como clave para redefinir las estrategias de comunicaci\u00f3n.<\/p>\n<p>La propuesta es organizada por la Diplomatura Universitaria Superior en Comunicaci\u00f3n P\u00fablica de la Ciencia de la Facultad de Ciencias Sociales (UNICEN), y el Centro Cient\u00edfico Tecnol\u00f3gico CONICET\u2013TANDIL (CCT CONICET\u2013TANDIL).<\/p>\n<p>La inscripci\u00f3n est\u00e1 abierta hasta el lunes 5 de septiembre. Quienes est\u00e9n interesados\/as deber\u00e1n completar la ficha de inscripci\u00f3n disponible aqu\u00ed y enviarla por correo electr\u00f3nico a la Secretar\u00eda de Investigaci\u00f3n y Postgrado de la FACSO: diplomatura.cpc@soc.unicen.edu.ar, acompa\u00f1ada de copia escaneada del DNI y del t\u00edtulo de nivel superior.<\/p>\n<p>Costo del Taller: $ 9.000 para argentinos\/as y US$ 70 para extranjeros\/as. El plazo para realizar el pago es hasta el viernes 9 de septiembre.<\/p>\n","protected":false},"excerpt":{"rendered":"<p>Taller de actualizaci\u00f3n \u201cComunicaci\u00f3n de la ciencia en los medios de comunicaci\u00f3n\u201d, entre el 12&#8230;<\/p>\n","protected":false},"author":1,"featured_media":173524,"comment_status":"closed","ping_status":"closed","sticky":false,"template":"","format":"standard","meta":{"content-type":""},"categories":[31],"tags":[],"nelio_content":{"isAutoShareEnabled":false,"autoShareEndMode":"default","automationSources":{"useContentSentences":true,"useSocialTemplates":true,"useCustomSentences":false,"customSentences":[]},"followers":[1],"suggestedReferences":[],"includedReferences":[],"efiUrl":"","efiAlt":"","highlights":[]},"yoast_head":"<!-- This site is optimized with the Yoast SEO plugin v20.7 - https:\/\/yoast.com\/wordpress\/plugins\/seo\/ -->\n<title>Taller de actualizaci\u00f3n: &quot;Comunicaci\u00f3n de la ciencia en los medios&quot;<\/title>\n<meta name=\"description\" content=\"Taller de actualizaci\u00f3n \u201cComunicaci\u00f3n de la ciencia en los medios de comunicaci\u00f3n\u201d, entre el 12 de septiembre y el 14 de octubre\" \/>\n<meta name=\"robots\" content=\"index, follow, max-snippet:-1, max-image-preview:large, max-video-preview:-1\" \/>\n<link rel=\"canonical\" href=\"https:\/\/experienciadevida.com.ar\/portalurbano\/taller-de-actualizacion-comunicacion-de-la-ciencia-en-los-medios-de-comunicacion\/\" \/>\n<meta property=\"og:locale\" content=\"es_ES\" \/>\n<meta property=\"og:type\" content=\"article\" \/>\n<meta property=\"og:title\" content=\"Taller de actualizaci\u00f3n: &quot;Comunicaci\u00f3n de la ciencia en los medios&quot;\" \/>\n<meta property=\"og:description\" content=\"Taller de actualizaci\u00f3n \u201cComunicaci\u00f3n de la ciencia en los medios de comunicaci\u00f3n\u201d, entre el 12 de septiembre y el 14 de octubre\" \/>\n<meta property=\"og:url\" content=\"https:\/\/experienciadevida.com.ar\/portalurbano\/taller-de-actualizacion-comunicacion-de-la-ciencia-en-los-medios-de-comunicacion\/\" \/>\n<meta property=\"article:publisher\" content=\"https:\/\/www.facebook.com\/Portal-Urbano-171542830093757\/\" \/>\n<meta property=\"article:published_time\" content=\"2022-08-17T14:26:08+00:00\" \/>\n<meta property=\"article:modified_time\" content=\"2022-08-17T14:27:08+00:00\" \/>\n<meta property=\"og:image\" content=\"https:\/\/experienciadevida.com.ar\/portalurbano\/wp-content\/uploads\/2022\/08\/Taller-de-actualizacion.jpg\" \/>\n\t<meta property=\"og:image:width\" content=\"1000\" \/>\n\t<meta property=\"og:image:height\" content=\"1000\" \/>\n\t<meta property=\"og:image:type\" content=\"image\/jpeg\" \/>\n<meta name=\"author\" content=\"admpu17wp\" \/>\n<meta name=\"twitter:card\" content=\"summary_large_image\" \/>\n<meta name=\"twitter:creator\" content=\"@portalurbanook\" \/>\n<meta name=\"twitter:site\" content=\"@portalurbanook\" \/>\n<meta name=\"twitter:label1\" content=\"Escrito por\" \/>\n\t<meta name=\"twitter:data1\" content=\"admpu17wp\" \/>\n\t<meta name=\"twitter:label2\" content=\"Tiempo de lectura\" \/>\n\t<meta name=\"twitter:data2\" content=\"2 minutos\" \/>\n<script type=\"application\/ld+json\" class=\"yoast-schema-graph\">{\"@context\":\"https:\/\/schema.org\",\"@graph\":[{\"@type\":\"Article\",\"@id\":\"https:\/\/experienciadevida.com.ar\/portalurbano\/taller-de-actualizacion-comunicacion-de-la-ciencia-en-los-medios-de-comunicacion\/#article\",\"isPartOf\":{\"@id\":\"https:\/\/experienciadevida.com.ar\/portalurbano\/taller-de-actualizacion-comunicacion-de-la-ciencia-en-los-medios-de-comunicacion\/\"},\"author\":{\"name\":\"admpu17wp\",\"@id\":\"https:\/\/experienciadevida.com.ar\/portalurbano\/#\/schema\/person\/02dd326b1c4b056e9cc972486934a3a7\"},\"headline\":\"Taller de actualizaci\u00f3n \u201cComunicaci\u00f3n de la ciencia en los medios de comunicaci\u00f3n\u201d\",\"datePublished\":\"2022-08-17T14:26:08+00:00\",\"dateModified\":\"2022-08-17T14:27:08+00:00\",\"mainEntityOfPage\":{\"@id\":\"https:\/\/experienciadevida.com.ar\/portalurbano\/taller-de-actualizacion-comunicacion-de-la-ciencia-en-los-medios-de-comunicacion\/\"},\"wordCount\":484,\"publisher\":{\"@id\":\"https:\/\/experienciadevida.com.ar\/portalurbano\/#organization\"},\"articleSection\":[\"Educaci\u00f3n\"],\"inLanguage\":\"es\"},{\"@type\":\"WebPage\",\"@id\":\"https:\/\/experienciadevida.com.ar\/portalurbano\/taller-de-actualizacion-comunicacion-de-la-ciencia-en-los-medios-de-comunicacion\/\",\"url\":\"https:\/\/experienciadevida.com.ar\/portalurbano\/taller-de-actualizacion-comunicacion-de-la-ciencia-en-los-medios-de-comunicacion\/\",\"name\":\"Taller de actualizaci\u00f3n: \\\"Comunicaci\u00f3n de la ciencia en los medios\\\"\",\"isPartOf\":{\"@id\":\"https:\/\/experienciadevida.com.ar\/portalurbano\/#website\"},\"datePublished\":\"2022-08-17T14:26:08+00:00\",\"dateModified\":\"2022-08-17T14:27:08+00:00\",\"description\":\"Taller de actualizaci\u00f3n \u201cComunicaci\u00f3n de la ciencia en los medios de comunicaci\u00f3n\u201d, entre el 12 de septiembre y el 14 de octubre\",\"breadcrumb\":{\"@id\":\"https:\/\/experienciadevida.com.ar\/portalurbano\/taller-de-actualizacion-comunicacion-de-la-ciencia-en-los-medios-de-comunicacion\/#breadcrumb\"},\"inLanguage\":\"es\",\"potentialAction\":[{\"@type\":\"ReadAction\",\"target\":[\"https:\/\/experienciadevida.com.ar\/portalurbano\/taller-de-actualizacion-comunicacion-de-la-ciencia-en-los-medios-de-comunicacion\/\"]}]},{\"@type\":\"BreadcrumbList\",\"@id\":\"https:\/\/experienciadevida.com.ar\/portalurbano\/taller-de-actualizacion-comunicacion-de-la-ciencia-en-los-medios-de-comunicacion\/#breadcrumb\",\"itemListElement\":[{\"@type\":\"ListItem\",\"position\":1,\"name\":\"Portada\",\"item\":\"https:\/\/experienciadevida.com.ar\/portalurbano\/\"},{\"@type\":\"ListItem\",\"position\":2,\"name\":\"Taller de actualizaci\u00f3n \u201cComunicaci\u00f3n de la ciencia en los medios de comunicaci\u00f3n\u201d\"}]},{\"@type\":\"WebSite\",\"@id\":\"https:\/\/experienciadevida.com.ar\/portalurbano\/#website\",\"url\":\"https:\/\/experienciadevida.com.ar\/portalurbano\/\",\"name\":\"\",\"description\":\"\",\"publisher\":{\"@id\":\"https:\/\/experienciadevida.com.ar\/portalurbano\/#organization\"},\"potentialAction\":[{\"@type\":\"SearchAction\",\"target\":{\"@type\":\"EntryPoint\",\"urlTemplate\":\"https:\/\/experienciadevida.com.ar\/portalurbano\/?s={search_term_string}\"},\"query-input\":\"required name=search_term_string\"}],\"inLanguage\":\"es\"},{\"@type\":\"Organization\",\"@id\":\"https:\/\/experienciadevida.com.ar\/portalurbano\/#organization\",\"name\":\"Portal Urbano\",\"url\":\"https:\/\/experienciadevida.com.ar\/portalurbano\/\",\"logo\":{\"@type\":\"ImageObject\",\"inLanguage\":\"es\",\"@id\":\"https:\/\/experienciadevida.com.ar\/portalurbano\/#\/schema\/logo\/image\/\",\"url\":\"https:\/\/experienciadevida.com.ar\/portalurbano\/wp-content\/uploads\/2019\/09\/Logo-Original.png\",\"contentUrl\":\"https:\/\/experienciadevida.com.ar\/portalurbano\/wp-content\/uploads\/2019\/09\/Logo-Original.png\",\"width\":2236,\"height\":1216,\"caption\":\"Portal Urbano\"},\"image\":{\"@id\":\"https:\/\/experienciadevida.com.ar\/portalurbano\/#\/schema\/logo\/image\/\"},\"sameAs\":[\"https:\/\/www.facebook.com\/Portal-Urbano-171542830093757\/\",\"https:\/\/twitter.com\/portalurbanook\",\"https:\/\/www.instagram.com\/_portalurbano\/\",\"https:\/\/www.youtube.com\/channel\/UCXhagIfszH8KxFiOok79zbA?view_as=subscriber\"]},{\"@type\":\"Person\",\"@id\":\"https:\/\/experienciadevida.com.ar\/portalurbano\/#\/schema\/person\/02dd326b1c4b056e9cc972486934a3a7\",\"name\":\"admpu17wp\",\"image\":{\"@type\":\"ImageObject\",\"inLanguage\":\"es\",\"@id\":\"https:\/\/experienciadevida.com.ar\/portalurbano\/#\/schema\/person\/image\/\",\"url\":\"https:\/\/secure.gravatar.com\/avatar\/830d4c57adaae6630765e449a6908047?s=96&d=mm&r=g\",\"contentUrl\":\"https:\/\/secure.gravatar.com\/avatar\/830d4c57adaae6630765e449a6908047?s=96&d=mm&r=g\",\"caption\":\"admpu17wp\"}}]}<\/script>\n<!-- \/ Yoast SEO plugin. -->","yoast_head_json":{"title":"Taller de actualizaci\u00f3n: \"Comunicaci\u00f3n de la ciencia en los medios\"","description":"Taller de actualizaci\u00f3n \u201cComunicaci\u00f3n de la ciencia en los medios de comunicaci\u00f3n\u201d, entre el 12 de septiembre y el 14 de octubre","robots":{"index":"index","follow":"follow","max-snippet":"max-snippet:-1","max-image-preview":"max-image-preview:large","max-video-preview":"max-video-preview:-1"},"canonical":"https:\/\/experienciadevida.com.ar\/portalurbano\/taller-de-actualizacion-comunicacion-de-la-ciencia-en-los-medios-de-comunicacion\/","og_locale":"es_ES","og_type":"article","og_title":"Taller de actualizaci\u00f3n: \"Comunicaci\u00f3n de la ciencia en los medios\"","og_description":"Taller de actualizaci\u00f3n \u201cComunicaci\u00f3n de la ciencia en los medios de comunicaci\u00f3n\u201d, entre el 12 de septiembre y el 14 de octubre","og_url":"https:\/\/experienciadevida.com.ar\/portalurbano\/taller-de-actualizacion-comunicacion-de-la-ciencia-en-los-medios-de-comunicacion\/","article_publisher":"https:\/\/www.facebook.com\/Portal-Urbano-171542830093757\/","article_published_time":"2022-08-17T14:26:08+00:00","article_modified_time":"2022-08-17T14:27:08+00:00","og_image":[{"width":1000,"height":1000,"url":"https:\/\/experienciadevida.com.ar\/portalurbano\/wp-content\/uploads\/2022\/08\/Taller-de-actualizacion.jpg","type":"image\/jpeg"}],"author":"admpu17wp","twitter_card":"summary_large_image","twitter_creator":"@portalurbanook","twitter_site":"@portalurbanook","twitter_misc":{"Escrito por":"admpu17wp","Tiempo de lectura":"2 minutos"},"schema":{"@context":"https:\/\/schema.org","@graph":[{"@type":"Article","@id":"https:\/\/experienciadevida.com.ar\/portalurbano\/taller-de-actualizacion-comunicacion-de-la-ciencia-en-los-medios-de-comunicacion\/#article","isPartOf":{"@id":"https:\/\/experienciadevida.com.ar\/portalurbano\/taller-de-actualizacion-comunicacion-de-la-ciencia-en-los-medios-de-comunicacion\/"},"author":{"name":"admpu17wp","@id":"https:\/\/experienciadevida.com.ar\/portalurbano\/#\/schema\/person\/02dd326b1c4b056e9cc972486934a3a7"},"headline":"Taller de actualizaci\u00f3n \u201cComunicaci\u00f3n de la ciencia en los medios de comunicaci\u00f3n\u201d","datePublished":"2022-08-17T14:26:08+00:00","dateModified":"2022-08-17T14:27:08+00:00","mainEntityOfPage":{"@id":"https:\/\/experienciadevida.com.ar\/portalurbano\/taller-de-actualizacion-comunicacion-de-la-ciencia-en-los-medios-de-comunicacion\/"},"wordCount":484,"publisher":{"@id":"https:\/\/experienciadevida.com.ar\/portalurbano\/#organization"},"articleSection":["Educaci\u00f3n"],"inLanguage":"es"},{"@type":"WebPage","@id":"https:\/\/experienciadevida.com.ar\/portalurbano\/taller-de-actualizacion-comunicacion-de-la-ciencia-en-los-medios-de-comunicacion\/","url":"https:\/\/experienciadevida.com.ar\/portalurbano\/taller-de-actualizacion-comunicacion-de-la-ciencia-en-los-medios-de-comunicacion\/","name":"Taller de actualizaci\u00f3n: \"Comunicaci\u00f3n de la ciencia en los medios\"","isPartOf":{"@id":"https:\/\/experienciadevida.com.ar\/portalurbano\/#website"},"datePublished":"2022-08-17T14:26:08+00:00","dateModified":"2022-08-17T14:27:08+00:00","description":"Taller de actualizaci\u00f3n \u201cComunicaci\u00f3n de la ciencia en los medios de comunicaci\u00f3n\u201d, entre el 12 de septiembre y el 14 de octubre","breadcrumb":{"@id":"https:\/\/experienciadevida.com.ar\/portalurbano\/taller-de-actualizacion-comunicacion-de-la-ciencia-en-los-medios-de-comunicacion\/#breadcrumb"},"inLanguage":"es","potentialAction":[{"@type":"ReadAction","target":["https:\/\/experienciadevida.com.ar\/portalurbano\/taller-de-actualizacion-comunicacion-de-la-ciencia-en-los-medios-de-comunicacion\/"]}]},{"@type":"BreadcrumbList","@id":"https:\/\/experienciadevida.com.ar\/portalurbano\/taller-de-actualizacion-comunicacion-de-la-ciencia-en-los-medios-de-comunicacion\/#breadcrumb","itemListElement":[{"@type":"ListItem","position":1,"name":"Portada","item":"https:\/\/experienciadevida.com.ar\/portalurbano\/"},{"@type":"ListItem","position":2,"name":"Taller de actualizaci\u00f3n \u201cComunicaci\u00f3n de la ciencia en los medios de comunicaci\u00f3n\u201d"}]},{"@type":"WebSite","@id":"https:\/\/experienciadevida.com.ar\/portalurbano\/#website","url":"https:\/\/experienciadevida.com.ar\/portalurbano\/","name":"","description":"","publisher":{"@id":"https:\/\/experienciadevida.com.ar\/portalurbano\/#organization"},"potentialAction":[{"@type":"SearchAction","target":{"@type":"EntryPoint","urlTemplate":"https:\/\/experienciadevida.com.ar\/portalurbano\/?s={search_term_string}"},"query-input":"required name=search_term_string"}],"inLanguage":"es"},{"@type":"Organization","@id":"https:\/\/experienciadevida.com.ar\/portalurbano\/#organization","name":"Portal Urbano","url":"https:\/\/experienciadevida.com.ar\/portalurbano\/","logo":{"@type":"ImageObject","inLanguage":"es","@id":"https:\/\/experienciadevida.com.ar\/portalurbano\/#\/schema\/logo\/image\/","url":"https:\/\/experienciadevida.com.ar\/portalurbano\/wp-content\/uploads\/2019\/09\/Logo-Original.png","contentUrl":"https:\/\/experienciadevida.com.ar\/portalurbano\/wp-content\/uploads\/2019\/09\/Logo-Original.png","width":2236,"height":1216,"caption":"Portal Urbano"},"image":{"@id":"https:\/\/experienciadevida.com.ar\/portalurbano\/#\/schema\/logo\/image\/"},"sameAs":["https:\/\/www.facebook.com\/Portal-Urbano-171542830093757\/","https:\/\/twitter.com\/portalurbanook","https:\/\/www.instagram.com\/_portalurbano\/","https:\/\/www.youtube.com\/channel\/UCXhagIfszH8KxFiOok79zbA?view_as=subscriber"]},{"@type":"Person","@id":"https:\/\/experienciadevida.com.ar\/portalurbano\/#\/schema\/person\/02dd326b1c4b056e9cc972486934a3a7","name":"admpu17wp","image":{"@type":"ImageObject","inLanguage":"es","@id":"https:\/\/experienciadevida.com.ar\/portalurbano\/#\/schema\/person\/image\/","url":"https:\/\/secure.gravatar.com\/avatar\/830d4c57adaae6630765e449a6908047?s=96&d=mm&r=g","contentUrl":"https:\/\/secure.gravatar.com\/avatar\/830d4c57adaae6630765e449a6908047?s=96&d=mm&r=g","caption":"admpu17wp"}}]}},"featured_image_urls":{"full":["https:\/\/experienciadevida.com.ar\/portalurbano\/wp-content\/uploads\/2022\/08\/Taller-de-actualizacion.jpg",1000,1000,false],"thumbnail":["https:\/\/experienciadevida.com.ar\/portalurbano\/wp-content\/uploads\/2022\/08\/Taller-de-actualizacion-150x150.jpg",150,150,true],"medium":["https:\/\/experienciadevida.com.ar\/portalurbano\/wp-content\/uploads\/2022\/08\/Taller-de-actualizacion-300x300.jpg",300,300,true],"medium_large":["https:\/\/experienciadevida.com.ar\/portalurbano\/wp-content\/uploads\/2022\/08\/Taller-de-actualizacion-768x768.jpg",640,640,true],"large":["https:\/\/experienciadevida.com.ar\/portalurbano\/wp-content\/uploads\/2022\/08\/Taller-de-actualizacion.jpg",640,640,false],"ug_big":["https:\/\/experienciadevida.com.ar\/portalurbano\/wp-content\/uploads\/2022\/08\/Taller-de-actualizacion-768x768.jpg",768,768,true],"1536x1536":["https:\/\/experienciadevida.com.ar\/portalurbano\/wp-content\/uploads\/2022\/08\/Taller-de-actualizacion.jpg",1000,1000,false],"2048x2048":["https:\/\/experienciadevida.com.ar\/portalurbano\/wp-content\/uploads\/2022\/08\/Taller-de-actualizacion.jpg",1000,1000,false],"newsever-slider-full":["https:\/\/experienciadevida.com.ar\/portalurbano\/wp-content\/uploads\/2022\/08\/Taller-de-actualizacion.jpg",845,845,false],"newsever-featured":["https:\/\/experienciadevida.com.ar\/portalurbano\/wp-content\/uploads\/2022\/08\/Taller-de-actualizacion.jpg",1000,1000,false],"newsever-medium":["https:\/\/experienciadevida.com.ar\/portalurbano\/wp-content\/uploads\/2022\/08\/Taller-de-actualizacion.jpg",475,475,false],"web-stories-poster-portrait":["https:\/\/experienciadevida.com.ar\/portalurbano\/wp-content\/uploads\/2022\/08\/Taller-de-actualizacion-640x853.jpg",640,853,true],"web-stories-publisher-logo":["https:\/\/experienciadevida.com.ar\/portalurbano\/wp-content\/uploads\/2022\/08\/Taller-de-actualizacion-96x96.jpg",96,96,true],"web-stories-thumbnail":["https:\/\/experienciadevida.com.ar\/portalurbano\/wp-content\/uploads\/2022\/08\/Taller-de-actualizacion-150x150.jpg",150,150,true]},"author_info":{"display_name":"admpu17wp","author_link":"https:\/\/experienciadevida.com.ar\/portalurbano\/author\/admpu17wp\/"},"category_info":"<a href=\"https:\/\/experienciadevida.com.ar\/portalurbano\/category\/ciudad\/educacion\/\" rel=\"category tag\">Educaci\u00f3n<\/a>","tag_info":"Educaci\u00f3n","comment_count":"0","amp_enabled":true,"_links":{"self":[{"href":"https:\/\/experienciadevida.com.ar\/portalurbano\/wp-json\/wp\/v2\/posts\/173522"}],"collection":[{"href":"https:\/\/experienciadevida.com.ar\/portalurbano\/wp-json\/wp\/v2\/posts"}],"about":[{"href":"https:\/\/experienciadevida.com.ar\/portalurbano\/wp-json\/wp\/v2\/types\/post"}],"author":[{"embeddable":true,"href":"https:\/\/experienciadevida.com.ar\/portalurbano\/wp-json\/wp\/v2\/users\/1"}],"replies":[{"embeddable":true,"href":"https:\/\/experienciadevida.com.ar\/portalurbano\/wp-json\/wp\/v2\/comments?post=173522"}],"version-history":[{"count":1,"href":"https:\/\/experienciadevida.com.ar\/portalurbano\/wp-json\/wp\/v2\/posts\/173522\/revisions"}],"predecessor-version":[{"id":173525,"href":"https:\/\/experienciadevida.com.ar\/portalurbano\/wp-json\/wp\/v2\/posts\/173522\/revisions\/173525"}],"wp:featuredmedia":[{"embeddable":true,"href":"https:\/\/experienciadevida.com.ar\/portalurbano\/wp-json\/wp\/v2\/media\/173524"}],"wp:attachment":[{"href":"https:\/\/experienciadevida.com.ar\/portalurbano\/wp-json\/wp\/v2\/media?parent=173522"}],"wp:term":[{"taxonomy":"category","embeddable":true,"href":"https:\/\/experienciadevida.com.ar\/portalurbano\/wp-json\/wp\/v2\/categories?post=173522"},{"taxonomy":"post_tag","embeddable":true,"href":"https:\/\/experienciadevida.com.ar\/portalurbano\/wp-json\/wp\/v2\/tags?post=173522"}],"curies":[{"name":"wp","href":"https:\/\/api.w.org\/{rel}","templated":true}]}}