{"id":173509,"date":"2022-08-17T09:54:14","date_gmt":"2022-08-17T12:54:14","guid":{"rendered":"https:\/\/experienciadevida.com.ar\/portalurbano\/?p=173509"},"modified":"2022-08-17T09:55:43","modified_gmt":"2022-08-17T12:55:43","slug":"giro-tendra-un-stand-en-la-40a-fiesta-dia-de-la-ninez-2022","status":"publish","type":"post","link":"https:\/\/experienciadevida.com.ar\/portalurbano\/giro-tendra-un-stand-en-la-40a-fiesta-dia-de-la-ninez-2022\/","title":{"rendered":"GIRO tendr\u00e1 un stand en la 40\u00aa Fiesta D\u00eda de la Ni\u00f1ez 2022"},"content":{"rendered":"<p>GIRO tendr\u00e1 un stand en la 40\u00aa Fiesta D\u00eda de la Ni\u00f1ez 2022, con motivo de la 40\u00aa Fiesta D\u00eda de la Ni\u00f1ez 2022, organizada de manera conjunta entre MANO (Movimiento a la Alegr\u00eda del Ni\u00f1o Olavarriense) y la Municipalidad de Olavarr\u00eda, el Programa GIRO, que depende de la Direcci\u00f3n de Desarrollo Sustentable, invita a todos los ni\u00f1os y ni\u00f1as a participar tambi\u00e9n de las actividades que se realizar\u00e1n para promover el cuidado del medio ambiente y la separaci\u00f3n de residuos.<\/p>\n<p>La jornada se llevar\u00e1 a cabo el domingo 21 de agosto, de 14 a 18 horas, en el predio de la Sociedad Rural. De esta forma, hasta las 17 horas, ni\u00f1os y ni\u00f1as podr\u00e1n acercarse hacia la entrada de la carpa GIRO para disfrutar de las diversas actividades ilustrativas y l\u00fadicas que ense\u00f1ar\u00e1n a proteger el medio ambiente a trav\u00e9s de la separaci\u00f3n de residuos en las tres corrientes que propone el Programa: reciclables, compostables y basura.<\/p>\n<p>En el interior del stand se podr\u00e1 realizar un recorrido por las diferentes postas did\u00e1cticas, que muestran los procesos de reciclaje y compostaje. La explicaci\u00f3n sobre c\u00f3mo tratar los residuos reciclables y c\u00f3mo separar los materiales org\u00e1nicos para ser compostados de manera casera estar\u00e1 a cargo de los integrantes de GIRO, quienes acompa\u00f1aran a los ni\u00f1os y ni\u00f1as en el proceso de aprendizaje.<\/p>\n<p>Asimismo, en la posta de compostaje cada ni\u00f1o y ni\u00f1a recibir\u00e1 una rifa num\u00e9rica para participar del sorteo de una compostera. Cabe destacar, adem\u00e1s, que se entregar\u00e1n folletos informativos realizados en papel reciclado y bolsas reutilizables de GIRO.<\/p>\n<p>Para obtener m\u00e1s informaci\u00f3n sobre el programa, pueden comunicarse con la Direcci\u00f3n de Desarrollo Sustentable de la Secretar\u00eda de Desarrollo Econ\u00f3mico al tel\u00e9fono 412600, escribir al correo electr\u00f3nico gestionambiental@olavarria.gov.ar, ingresar a la p\u00e1gina web www.giro.olavarria.gov.ar, o bien, seguir las redes sociales: giro.olavarria y desarrollosustentableolavarria.<\/p>\n","protected":false},"excerpt":{"rendered":"<p>GIRO tendr\u00e1 un stand en la 40\u00aa Fiesta D\u00eda de la Ni\u00f1ez 2022, con motivo&#8230;<\/p>\n","protected":false},"author":1,"featured_media":173510,"comment_status":"closed","ping_status":"closed","sticky":false,"template":"","format":"standard","meta":{"content-type":""},"categories":[27,51],"tags":[],"nelio_content":{"isAutoShareEnabled":false,"autoShareEndMode":"default","automationSources":{"useContentSentences":true,"useSocialTemplates":true,"useCustomSentences":false,"customSentences":[]},"followers":[1],"suggestedReferences":[],"includedReferences":[],"efiUrl":"","efiAlt":"","highlights":[]},"yoast_head":"<!-- This site is optimized with the Yoast SEO plugin v20.7 - https:\/\/yoast.com\/wordpress\/plugins\/seo\/ -->\n<title>GIRO tendr\u00e1 un stand en la 40\u00b0 Fiesta d\u00eda de la ni\u00f1ez 2022<\/title>\n<meta name=\"description\" content=\"GIRO tendr\u00e1 un stand en la 40\u00aa Fiesta D\u00eda de la Ni\u00f1ez 2022, con motivo de la 40\u00aa Fiesta D\u00eda de la Ni\u00f1ez 2022, organizada en conjunto\" \/>\n<meta name=\"robots\" content=\"index, follow, max-snippet:-1, max-image-preview:large, max-video-preview:-1\" \/>\n<link rel=\"canonical\" href=\"https:\/\/experienciadevida.com.ar\/portalurbano\/giro-tendra-un-stand-en-la-40a-fiesta-dia-de-la-ninez-2022\/\" \/>\n<meta property=\"og:locale\" content=\"es_ES\" \/>\n<meta property=\"og:type\" content=\"article\" \/>\n<meta property=\"og:title\" content=\"GIRO tendr\u00e1 un stand en la 40\u00b0 Fiesta d\u00eda de la ni\u00f1ez 2022\" \/>\n<meta property=\"og:description\" content=\"GIRO tendr\u00e1 un stand en la 40\u00aa Fiesta D\u00eda de la Ni\u00f1ez 2022, con motivo de la 40\u00aa Fiesta D\u00eda de la Ni\u00f1ez 2022, organizada en conjunto\" \/>\n<meta property=\"og:url\" content=\"https:\/\/experienciadevida.com.ar\/portalurbano\/giro-tendra-un-stand-en-la-40a-fiesta-dia-de-la-ninez-2022\/\" \/>\n<meta property=\"article:publisher\" content=\"https:\/\/www.facebook.com\/Portal-Urbano-171542830093757\/\" \/>\n<meta property=\"article:published_time\" content=\"2022-08-17T12:54:14+00:00\" \/>\n<meta property=\"article:modified_time\" content=\"2022-08-17T12:55:43+00:00\" \/>\n<meta property=\"og:image\" content=\"https:\/\/experienciadevida.com.ar\/portalurbano\/wp-content\/uploads\/2022\/08\/GIRO-tendra-un-stand.jpg\" \/>\n\t<meta property=\"og:image:width\" content=\"564\" \/>\n\t<meta property=\"og:image:height\" content=\"372\" \/>\n\t<meta property=\"og:image:type\" content=\"image\/jpeg\" \/>\n<meta name=\"author\" content=\"admpu17wp\" \/>\n<meta name=\"twitter:card\" content=\"summary_large_image\" \/>\n<meta name=\"twitter:creator\" content=\"@portalurbanook\" \/>\n<meta name=\"twitter:site\" content=\"@portalurbanook\" \/>\n<meta name=\"twitter:label1\" content=\"Escrito por\" \/>\n\t<meta name=\"twitter:data1\" content=\"admpu17wp\" \/>\n\t<meta name=\"twitter:label2\" content=\"Tiempo de lectura\" \/>\n\t<meta name=\"twitter:data2\" content=\"2 minutos\" \/>\n<script type=\"application\/ld+json\" class=\"yoast-schema-graph\">{\"@context\":\"https:\/\/schema.org\",\"@graph\":[{\"@type\":\"Article\",\"@id\":\"https:\/\/experienciadevida.com.ar\/portalurbano\/giro-tendra-un-stand-en-la-40a-fiesta-dia-de-la-ninez-2022\/#article\",\"isPartOf\":{\"@id\":\"https:\/\/experienciadevida.com.ar\/portalurbano\/giro-tendra-un-stand-en-la-40a-fiesta-dia-de-la-ninez-2022\/\"},\"author\":{\"name\":\"admpu17wp\",\"@id\":\"https:\/\/experienciadevida.com.ar\/portalurbano\/#\/schema\/person\/02dd326b1c4b056e9cc972486934a3a7\"},\"headline\":\"GIRO tendr\u00e1 un stand en la 40\u00aa Fiesta D\u00eda de la Ni\u00f1ez 2022\",\"datePublished\":\"2022-08-17T12:54:14+00:00\",\"dateModified\":\"2022-08-17T12:55:43+00:00\",\"mainEntityOfPage\":{\"@id\":\"https:\/\/experienciadevida.com.ar\/portalurbano\/giro-tendra-un-stand-en-la-40a-fiesta-dia-de-la-ninez-2022\/\"},\"wordCount\":357,\"publisher\":{\"@id\":\"https:\/\/experienciadevida.com.ar\/portalurbano\/#organization\"},\"articleSection\":[\"Ciudad\",\"Destacadas\"],\"inLanguage\":\"es\"},{\"@type\":\"WebPage\",\"@id\":\"https:\/\/experienciadevida.com.ar\/portalurbano\/giro-tendra-un-stand-en-la-40a-fiesta-dia-de-la-ninez-2022\/\",\"url\":\"https:\/\/experienciadevida.com.ar\/portalurbano\/giro-tendra-un-stand-en-la-40a-fiesta-dia-de-la-ninez-2022\/\",\"name\":\"GIRO tendr\u00e1 un stand en la 40\u00b0 Fiesta d\u00eda de la ni\u00f1ez 2022\",\"isPartOf\":{\"@id\":\"https:\/\/experienciadevida.com.ar\/portalurbano\/#website\"},\"datePublished\":\"2022-08-17T12:54:14+00:00\",\"dateModified\":\"2022-08-17T12:55:43+00:00\",\"description\":\"GIRO tendr\u00e1 un stand en la 40\u00aa Fiesta D\u00eda de la Ni\u00f1ez 2022, con motivo de la 40\u00aa Fiesta D\u00eda de la Ni\u00f1ez 2022, organizada en conjunto\",\"breadcrumb\":{\"@id\":\"https:\/\/experienciadevida.com.ar\/portalurbano\/giro-tendra-un-stand-en-la-40a-fiesta-dia-de-la-ninez-2022\/#breadcrumb\"},\"inLanguage\":\"es\",\"potentialAction\":[{\"@type\":\"ReadAction\",\"target\":[\"https:\/\/experienciadevida.com.ar\/portalurbano\/giro-tendra-un-stand-en-la-40a-fiesta-dia-de-la-ninez-2022\/\"]}]},{\"@type\":\"BreadcrumbList\",\"@id\":\"https:\/\/experienciadevida.com.ar\/portalurbano\/giro-tendra-un-stand-en-la-40a-fiesta-dia-de-la-ninez-2022\/#breadcrumb\",\"itemListElement\":[{\"@type\":\"ListItem\",\"position\":1,\"name\":\"Portada\",\"item\":\"https:\/\/experienciadevida.com.ar\/portalurbano\/\"},{\"@type\":\"ListItem\",\"position\":2,\"name\":\"GIRO tendr\u00e1 un stand en la 40\u00aa Fiesta D\u00eda de la Ni\u00f1ez 2022\"}]},{\"@type\":\"WebSite\",\"@id\":\"https:\/\/experienciadevida.com.ar\/portalurbano\/#website\",\"url\":\"https:\/\/experienciadevida.com.ar\/portalurbano\/\",\"name\":\"\",\"description\":\"\",\"publisher\":{\"@id\":\"https:\/\/experienciadevida.com.ar\/portalurbano\/#organization\"},\"potentialAction\":[{\"@type\":\"SearchAction\",\"target\":{\"@type\":\"EntryPoint\",\"urlTemplate\":\"https:\/\/experienciadevida.com.ar\/portalurbano\/?s={search_term_string}\"},\"query-input\":\"required name=search_term_string\"}],\"inLanguage\":\"es\"},{\"@type\":\"Organization\",\"@id\":\"https:\/\/experienciadevida.com.ar\/portalurbano\/#organization\",\"name\":\"Portal Urbano\",\"url\":\"https:\/\/experienciadevida.com.ar\/portalurbano\/\",\"logo\":{\"@type\":\"ImageObject\",\"inLanguage\":\"es\",\"@id\":\"https:\/\/experienciadevida.com.ar\/portalurbano\/#\/schema\/logo\/image\/\",\"url\":\"https:\/\/experienciadevida.com.ar\/portalurbano\/wp-content\/uploads\/2019\/09\/Logo-Original.png\",\"contentUrl\":\"https:\/\/experienciadevida.com.ar\/portalurbano\/wp-content\/uploads\/2019\/09\/Logo-Original.png\",\"width\":2236,\"height\":1216,\"caption\":\"Portal Urbano\"},\"image\":{\"@id\":\"https:\/\/experienciadevida.com.ar\/portalurbano\/#\/schema\/logo\/image\/\"},\"sameAs\":[\"https:\/\/www.facebook.com\/Portal-Urbano-171542830093757\/\",\"https:\/\/twitter.com\/portalurbanook\",\"https:\/\/www.instagram.com\/_portalurbano\/\",\"https:\/\/www.youtube.com\/channel\/UCXhagIfszH8KxFiOok79zbA?view_as=subscriber\"]},{\"@type\":\"Person\",\"@id\":\"https:\/\/experienciadevida.com.ar\/portalurbano\/#\/schema\/person\/02dd326b1c4b056e9cc972486934a3a7\",\"name\":\"admpu17wp\",\"image\":{\"@type\":\"ImageObject\",\"inLanguage\":\"es\",\"@id\":\"https:\/\/experienciadevida.com.ar\/portalurbano\/#\/schema\/person\/image\/\",\"url\":\"https:\/\/secure.gravatar.com\/avatar\/830d4c57adaae6630765e449a6908047?s=96&d=mm&r=g\",\"contentUrl\":\"https:\/\/secure.gravatar.com\/avatar\/830d4c57adaae6630765e449a6908047?s=96&d=mm&r=g\",\"caption\":\"admpu17wp\"}}]}<\/script>\n<!-- \/ Yoast SEO plugin. -->","yoast_head_json":{"title":"GIRO tendr\u00e1 un stand en la 40\u00b0 Fiesta d\u00eda de la ni\u00f1ez 2022","description":"GIRO tendr\u00e1 un stand en la 40\u00aa Fiesta D\u00eda de la Ni\u00f1ez 2022, con motivo de la 40\u00aa Fiesta D\u00eda de la Ni\u00f1ez 2022, organizada en conjunto","robots":{"index":"index","follow":"follow","max-snippet":"max-snippet:-1","max-image-preview":"max-image-preview:large","max-video-preview":"max-video-preview:-1"},"canonical":"https:\/\/experienciadevida.com.ar\/portalurbano\/giro-tendra-un-stand-en-la-40a-fiesta-dia-de-la-ninez-2022\/","og_locale":"es_ES","og_type":"article","og_title":"GIRO tendr\u00e1 un stand en la 40\u00b0 Fiesta d\u00eda de la ni\u00f1ez 2022","og_description":"GIRO tendr\u00e1 un stand en la 40\u00aa Fiesta D\u00eda de la Ni\u00f1ez 2022, con motivo de la 40\u00aa Fiesta D\u00eda de la Ni\u00f1ez 2022, organizada en conjunto","og_url":"https:\/\/experienciadevida.com.ar\/portalurbano\/giro-tendra-un-stand-en-la-40a-fiesta-dia-de-la-ninez-2022\/","article_publisher":"https:\/\/www.facebook.com\/Portal-Urbano-171542830093757\/","article_published_time":"2022-08-17T12:54:14+00:00","article_modified_time":"2022-08-17T12:55:43+00:00","og_image":[{"width":564,"height":372,"url":"https:\/\/experienciadevida.com.ar\/portalurbano\/wp-content\/uploads\/2022\/08\/GIRO-tendra-un-stand.jpg","type":"image\/jpeg"}],"author":"admpu17wp","twitter_card":"summary_large_image","twitter_creator":"@portalurbanook","twitter_site":"@portalurbanook","twitter_misc":{"Escrito por":"admpu17wp","Tiempo de lectura":"2 minutos"},"schema":{"@context":"https:\/\/schema.org","@graph":[{"@type":"Article","@id":"https:\/\/experienciadevida.com.ar\/portalurbano\/giro-tendra-un-stand-en-la-40a-fiesta-dia-de-la-ninez-2022\/#article","isPartOf":{"@id":"https:\/\/experienciadevida.com.ar\/portalurbano\/giro-tendra-un-stand-en-la-40a-fiesta-dia-de-la-ninez-2022\/"},"author":{"name":"admpu17wp","@id":"https:\/\/experienciadevida.com.ar\/portalurbano\/#\/schema\/person\/02dd326b1c4b056e9cc972486934a3a7"},"headline":"GIRO tendr\u00e1 un stand en la 40\u00aa Fiesta D\u00eda de la Ni\u00f1ez 2022","datePublished":"2022-08-17T12:54:14+00:00","dateModified":"2022-08-17T12:55:43+00:00","mainEntityOfPage":{"@id":"https:\/\/experienciadevida.com.ar\/portalurbano\/giro-tendra-un-stand-en-la-40a-fiesta-dia-de-la-ninez-2022\/"},"wordCount":357,"publisher":{"@id":"https:\/\/experienciadevida.com.ar\/portalurbano\/#organization"},"articleSection":["Ciudad","Destacadas"],"inLanguage":"es"},{"@type":"WebPage","@id":"https:\/\/experienciadevida.com.ar\/portalurbano\/giro-tendra-un-stand-en-la-40a-fiesta-dia-de-la-ninez-2022\/","url":"https:\/\/experienciadevida.com.ar\/portalurbano\/giro-tendra-un-stand-en-la-40a-fiesta-dia-de-la-ninez-2022\/","name":"GIRO tendr\u00e1 un stand en la 40\u00b0 Fiesta d\u00eda de la ni\u00f1ez 2022","isPartOf":{"@id":"https:\/\/experienciadevida.com.ar\/portalurbano\/#website"},"datePublished":"2022-08-17T12:54:14+00:00","dateModified":"2022-08-17T12:55:43+00:00","description":"GIRO tendr\u00e1 un stand en la 40\u00aa Fiesta D\u00eda de la Ni\u00f1ez 2022, con motivo de la 40\u00aa Fiesta D\u00eda de la Ni\u00f1ez 2022, organizada en conjunto","breadcrumb":{"@id":"https:\/\/experienciadevida.com.ar\/portalurbano\/giro-tendra-un-stand-en-la-40a-fiesta-dia-de-la-ninez-2022\/#breadcrumb"},"inLanguage":"es","potentialAction":[{"@type":"ReadAction","target":["https:\/\/experienciadevida.com.ar\/portalurbano\/giro-tendra-un-stand-en-la-40a-fiesta-dia-de-la-ninez-2022\/"]}]},{"@type":"BreadcrumbList","@id":"https:\/\/experienciadevida.com.ar\/portalurbano\/giro-tendra-un-stand-en-la-40a-fiesta-dia-de-la-ninez-2022\/#breadcrumb","itemListElement":[{"@type":"ListItem","position":1,"name":"Portada","item":"https:\/\/experienciadevida.com.ar\/portalurbano\/"},{"@type":"ListItem","position":2,"name":"GIRO tendr\u00e1 un stand en la 40\u00aa Fiesta D\u00eda de la Ni\u00f1ez 2022"}]},{"@type":"WebSite","@id":"https:\/\/experienciadevida.com.ar\/portalurbano\/#website","url":"https:\/\/experienciadevida.com.ar\/portalurbano\/","name":"","description":"","publisher":{"@id":"https:\/\/experienciadevida.com.ar\/portalurbano\/#organization"},"potentialAction":[{"@type":"SearchAction","target":{"@type":"EntryPoint","urlTemplate":"https:\/\/experienciadevida.com.ar\/portalurbano\/?s={search_term_string}"},"query-input":"required name=search_term_string"}],"inLanguage":"es"},{"@type":"Organization","@id":"https:\/\/experienciadevida.com.ar\/portalurbano\/#organization","name":"Portal Urbano","url":"https:\/\/experienciadevida.com.ar\/portalurbano\/","logo":{"@type":"ImageObject","inLanguage":"es","@id":"https:\/\/experienciadevida.com.ar\/portalurbano\/#\/schema\/logo\/image\/","url":"https:\/\/experienciadevida.com.ar\/portalurbano\/wp-content\/uploads\/2019\/09\/Logo-Original.png","contentUrl":"https:\/\/experienciadevida.com.ar\/portalurbano\/wp-content\/uploads\/2019\/09\/Logo-Original.png","width":2236,"height":1216,"caption":"Portal Urbano"},"image":{"@id":"https:\/\/experienciadevida.com.ar\/portalurbano\/#\/schema\/logo\/image\/"},"sameAs":["https:\/\/www.facebook.com\/Portal-Urbano-171542830093757\/","https:\/\/twitter.com\/portalurbanook","https:\/\/www.instagram.com\/_portalurbano\/","https:\/\/www.youtube.com\/channel\/UCXhagIfszH8KxFiOok79zbA?view_as=subscriber"]},{"@type":"Person","@id":"https:\/\/experienciadevida.com.ar\/portalurbano\/#\/schema\/person\/02dd326b1c4b056e9cc972486934a3a7","name":"admpu17wp","image":{"@type":"ImageObject","inLanguage":"es","@id":"https:\/\/experienciadevida.com.ar\/portalurbano\/#\/schema\/person\/image\/","url":"https:\/\/secure.gravatar.com\/avatar\/830d4c57adaae6630765e449a6908047?s=96&d=mm&r=g","contentUrl":"https:\/\/secure.gravatar.com\/avatar\/830d4c57adaae6630765e449a6908047?s=96&d=mm&r=g","caption":"admpu17wp"}}]}},"featured_image_urls":{"full":["https:\/\/experienciadevida.com.ar\/portalurbano\/wp-content\/uploads\/2022\/08\/GIRO-tendra-un-stand.jpg",564,372,false],"thumbnail":["https:\/\/experienciadevida.com.ar\/portalurbano\/wp-content\/uploads\/2022\/08\/GIRO-tendra-un-stand-150x150.jpg",150,150,true],"medium":["https:\/\/experienciadevida.com.ar\/portalurbano\/wp-content\/uploads\/2022\/08\/GIRO-tendra-un-stand-300x198.jpg",300,198,true],"medium_large":["https:\/\/experienciadevida.com.ar\/portalurbano\/wp-content\/uploads\/2022\/08\/GIRO-tendra-un-stand.jpg",564,372,false],"large":["https:\/\/experienciadevida.com.ar\/portalurbano\/wp-content\/uploads\/2022\/08\/GIRO-tendra-un-stand.jpg",564,372,false],"ug_big":["https:\/\/experienciadevida.com.ar\/portalurbano\/wp-content\/uploads\/2022\/08\/GIRO-tendra-un-stand.jpg",564,372,false],"1536x1536":["https:\/\/experienciadevida.com.ar\/portalurbano\/wp-content\/uploads\/2022\/08\/GIRO-tendra-un-stand.jpg",564,372,false],"2048x2048":["https:\/\/experienciadevida.com.ar\/portalurbano\/wp-content\/uploads\/2022\/08\/GIRO-tendra-un-stand.jpg",564,372,false],"newsever-slider-full":["https:\/\/experienciadevida.com.ar\/portalurbano\/wp-content\/uploads\/2022\/08\/GIRO-tendra-un-stand.jpg",564,372,false],"newsever-featured":["https:\/\/experienciadevida.com.ar\/portalurbano\/wp-content\/uploads\/2022\/08\/GIRO-tendra-un-stand.jpg",564,372,false],"newsever-medium":["https:\/\/experienciadevida.com.ar\/portalurbano\/wp-content\/uploads\/2022\/08\/GIRO-tendra-un-stand.jpg",564,372,false],"web-stories-poster-portrait":["https:\/\/experienciadevida.com.ar\/portalurbano\/wp-content\/uploads\/2022\/08\/GIRO-tendra-un-stand.jpg",564,372,false],"web-stories-publisher-logo":["https:\/\/experienciadevida.com.ar\/portalurbano\/wp-content\/uploads\/2022\/08\/GIRO-tendra-un-stand-96x96.jpg",96,96,true],"web-stories-thumbnail":["https:\/\/experienciadevida.com.ar\/portalurbano\/wp-content\/uploads\/2022\/08\/GIRO-tendra-un-stand-150x99.jpg",150,99,true]},"author_info":{"display_name":"admpu17wp","author_link":"https:\/\/experienciadevida.com.ar\/portalurbano\/author\/admpu17wp\/"},"category_info":"<a href=\"https:\/\/experienciadevida.com.ar\/portalurbano\/category\/ciudad\/\" rel=\"category tag\">Ciudad<\/a> <a href=\"https:\/\/experienciadevida.com.ar\/portalurbano\/category\/destacadas\/\" rel=\"category tag\">Destacadas<\/a>","tag_info":"Destacadas","comment_count":"0","amp_enabled":true,"_links":{"self":[{"href":"https:\/\/experienciadevida.com.ar\/portalurbano\/wp-json\/wp\/v2\/posts\/173509"}],"collection":[{"href":"https:\/\/experienciadevida.com.ar\/portalurbano\/wp-json\/wp\/v2\/posts"}],"about":[{"href":"https:\/\/experienciadevida.com.ar\/portalurbano\/wp-json\/wp\/v2\/types\/post"}],"author":[{"embeddable":true,"href":"https:\/\/experienciadevida.com.ar\/portalurbano\/wp-json\/wp\/v2\/users\/1"}],"replies":[{"embeddable":true,"href":"https:\/\/experienciadevida.com.ar\/portalurbano\/wp-json\/wp\/v2\/comments?post=173509"}],"version-history":[{"count":1,"href":"https:\/\/experienciadevida.com.ar\/portalurbano\/wp-json\/wp\/v2\/posts\/173509\/revisions"}],"predecessor-version":[{"id":173511,"href":"https:\/\/experienciadevida.com.ar\/portalurbano\/wp-json\/wp\/v2\/posts\/173509\/revisions\/173511"}],"wp:featuredmedia":[{"embeddable":true,"href":"https:\/\/experienciadevida.com.ar\/portalurbano\/wp-json\/wp\/v2\/media\/173510"}],"wp:attachment":[{"href":"https:\/\/experienciadevida.com.ar\/portalurbano\/wp-json\/wp\/v2\/media?parent=173509"}],"wp:term":[{"taxonomy":"category","embeddable":true,"href":"https:\/\/experienciadevida.com.ar\/portalurbano\/wp-json\/wp\/v2\/categories?post=173509"},{"taxonomy":"post_tag","embeddable":true,"href":"https:\/\/experienciadevida.com.ar\/portalurbano\/wp-json\/wp\/v2\/tags?post=173509"}],"curies":[{"name":"wp","href":"https:\/\/api.w.org\/{rel}","templated":true}]}}