{"id":173484,"date":"2022-08-16T21:19:40","date_gmt":"2022-08-17T00:19:40","guid":{"rendered":"https:\/\/experienciadevida.com.ar\/portalurbano\/?p=173484"},"modified":"2022-08-16T21:23:30","modified_gmt":"2022-08-17T00:23:30","slug":"belen-vergel-mantuvo-un-encuentro-con-ex-combatientes-de-malvinas","status":"publish","type":"post","link":"https:\/\/experienciadevida.com.ar\/portalurbano\/belen-vergel-mantuvo-un-encuentro-con-ex-combatientes-de-malvinas\/","title":{"rendered":"Bel\u00e9n Vergel mantuvo un encuentro con ex combatientes de Malvinas"},"content":{"rendered":"<p>Bel\u00e9n <a href=\"https:\/\/www.instagram.com\/belenvergel\/\">Vergel<\/a> mantuvo un encuentro con ex combatientes de Malvinas, durante la reuni\u00f3n, se plante\u00f3 la necesidad de que se lleven a cabo tareas de mantenimiento en los diferentes monumentos que reconocen a quienes dieron la vida en las islas.<\/p>\n<p>La concejal de la Uni\u00f3n C\u00edvica Radical, Bel\u00e9n Vergel, mantuvo un encuentro con Ricardo Moreno, Jos\u00e9 Mar\u00eda Trinch\u00edn y Jos\u00e9 Duhau, ex combatientes de la Guerra de Malvinas de la ciudad, quienes plantearon la necesidad de que se realicen trabajos de mantenimiento en los monumentos que reconocen y homenajean a quienes dieron la vida en las islas.<\/p>\n<p>Entre las diferentes preocupaciones que manifestaron, se encuentran la falta de iluminaci\u00f3n y roturas en los artefactos que se encuentran instalados.<\/p>\n<p>En relaci\u00f3n a esto, la edil expres\u00f3 que &#8220;necesitamos volver a ponerlos en valor y darle la relevancia que se merece, como as\u00ed tambi\u00e9n revalorizar el reconocimiento a nuestros h\u00e9roes&#8221;.<\/p>\n<p>Adem\u00e1s, recalc\u00f3 que &#8220;es parte de nuestro trabajo escuchar y estar cerca de las instituciones&#8221;.<\/p>\n<p><a href=\"https:\/\/experienciadevida.com.ar\/portalurbano\/belen-vergel-mantuvo-un-encuentro-con-ex-combatientes-de-malvinas\/belen-4\/\" rel=\"attachment wp-att-173488\"><img decoding=\"async\" class=\"alignnone size-large wp-image-173488\" src=\"https:\/\/experienciadevida.com.ar\/portalurbano\/wp-content\/uploads\/2022\/08\/Belen-1024x768.jpg\" alt=\"Bel\u00e9n \" width=\"900\" height=\"675\" srcset=\"https:\/\/experienciadevida.com.ar\/portalurbano\/wp-content\/uploads\/2022\/08\/Belen-1024x768.jpg 1024w, https:\/\/experienciadevida.com.ar\/portalurbano\/wp-content\/uploads\/2022\/08\/Belen-300x225.jpg 300w, https:\/\/experienciadevida.com.ar\/portalurbano\/wp-content\/uploads\/2022\/08\/Belen-768x576.jpg 768w, https:\/\/experienciadevida.com.ar\/portalurbano\/wp-content\/uploads\/2022\/08\/Belen-1536x1152.jpg 1536w, https:\/\/experienciadevida.com.ar\/portalurbano\/wp-content\/uploads\/2022\/08\/Belen-150x113.jpg 150w, https:\/\/experienciadevida.com.ar\/portalurbano\/wp-content\/uploads\/2022\/08\/Belen.jpg 1600w\" sizes=\"(max-width: 900px) 100vw, 900px\" \/><\/a><\/p>\n","protected":false},"excerpt":{"rendered":"<p>Bel\u00e9n Vergel mantuvo un encuentro con ex combatientes de Malvinas, durante la reuni\u00f3n, se plante\u00f3&#8230;<\/p>\n","protected":false},"author":1,"featured_media":173485,"comment_status":"closed","ping_status":"closed","sticky":false,"template":"","format":"standard","meta":{"content-type":""},"categories":[27,64],"tags":[],"nelio_content":{"isAutoShareEnabled":false,"autoShareEndMode":"default","automationSources":{"useContentSentences":true,"useSocialTemplates":true,"useCustomSentences":false,"customSentences":[]},"followers":[1],"suggestedReferences":[],"includedReferences":[],"efiUrl":"","efiAlt":"","highlights":[]},"yoast_head":"<!-- This site is optimized with the Yoast SEO plugin v20.7 - https:\/\/yoast.com\/wordpress\/plugins\/seo\/ -->\n<title>Belen Vergel mantuvo un encuentro con ex combatientes<\/title>\n<meta name=\"description\" content=\"Bel\u00e9n Vergel mantuvo un encuentro con ex combatientes de Malvinas, durante la reuni\u00f3n, se plante\u00f3 la necesidad\" \/>\n<meta name=\"robots\" content=\"index, follow, max-snippet:-1, max-image-preview:large, max-video-preview:-1\" \/>\n<link rel=\"canonical\" href=\"https:\/\/experienciadevida.com.ar\/portalurbano\/belen-vergel-mantuvo-un-encuentro-con-ex-combatientes-de-malvinas\/\" \/>\n<meta property=\"og:locale\" content=\"es_ES\" \/>\n<meta property=\"og:type\" content=\"article\" \/>\n<meta property=\"og:title\" content=\"Belen Vergel mantuvo un encuentro con ex combatientes\" \/>\n<meta property=\"og:description\" content=\"Bel\u00e9n Vergel mantuvo un encuentro con ex combatientes de Malvinas, durante la reuni\u00f3n, se plante\u00f3 la necesidad\" \/>\n<meta property=\"og:url\" content=\"https:\/\/experienciadevida.com.ar\/portalurbano\/belen-vergel-mantuvo-un-encuentro-con-ex-combatientes-de-malvinas\/\" \/>\n<meta property=\"article:publisher\" content=\"https:\/\/www.facebook.com\/Portal-Urbano-171542830093757\/\" \/>\n<meta property=\"article:published_time\" content=\"2022-08-17T00:19:40+00:00\" \/>\n<meta property=\"article:modified_time\" content=\"2022-08-17T00:23:30+00:00\" \/>\n<meta property=\"og:image\" content=\"https:\/\/experienciadevida.com.ar\/portalurbano\/wp-content\/uploads\/2022\/08\/Belen-Vergel-mantuvo-un.jpg\" \/>\n\t<meta property=\"og:image:width\" content=\"1600\" \/>\n\t<meta property=\"og:image:height\" content=\"1200\" \/>\n\t<meta property=\"og:image:type\" content=\"image\/jpeg\" \/>\n<meta name=\"author\" content=\"admpu17wp\" \/>\n<meta name=\"twitter:card\" content=\"summary_large_image\" \/>\n<meta name=\"twitter:creator\" content=\"@portalurbanook\" \/>\n<meta name=\"twitter:site\" content=\"@portalurbanook\" \/>\n<meta name=\"twitter:label1\" content=\"Escrito por\" \/>\n\t<meta name=\"twitter:data1\" content=\"admpu17wp\" \/>\n\t<meta name=\"twitter:label2\" content=\"Tiempo de lectura\" \/>\n\t<meta name=\"twitter:data2\" content=\"1 minuto\" \/>\n<script type=\"application\/ld+json\" class=\"yoast-schema-graph\">{\"@context\":\"https:\/\/schema.org\",\"@graph\":[{\"@type\":\"Article\",\"@id\":\"https:\/\/experienciadevida.com.ar\/portalurbano\/belen-vergel-mantuvo-un-encuentro-con-ex-combatientes-de-malvinas\/#article\",\"isPartOf\":{\"@id\":\"https:\/\/experienciadevida.com.ar\/portalurbano\/belen-vergel-mantuvo-un-encuentro-con-ex-combatientes-de-malvinas\/\"},\"author\":{\"name\":\"admpu17wp\",\"@id\":\"https:\/\/experienciadevida.com.ar\/portalurbano\/#\/schema\/person\/02dd326b1c4b056e9cc972486934a3a7\"},\"headline\":\"Bel\u00e9n Vergel mantuvo un encuentro con ex combatientes de Malvinas\",\"datePublished\":\"2022-08-17T00:19:40+00:00\",\"dateModified\":\"2022-08-17T00:23:30+00:00\",\"mainEntityOfPage\":{\"@id\":\"https:\/\/experienciadevida.com.ar\/portalurbano\/belen-vergel-mantuvo-un-encuentro-con-ex-combatientes-de-malvinas\/\"},\"wordCount\":186,\"publisher\":{\"@id\":\"https:\/\/experienciadevida.com.ar\/portalurbano\/#organization\"},\"articleSection\":[\"Ciudad\",\"Destacadas 2\"],\"inLanguage\":\"es\"},{\"@type\":\"WebPage\",\"@id\":\"https:\/\/experienciadevida.com.ar\/portalurbano\/belen-vergel-mantuvo-un-encuentro-con-ex-combatientes-de-malvinas\/\",\"url\":\"https:\/\/experienciadevida.com.ar\/portalurbano\/belen-vergel-mantuvo-un-encuentro-con-ex-combatientes-de-malvinas\/\",\"name\":\"Belen Vergel mantuvo un encuentro con ex combatientes\",\"isPartOf\":{\"@id\":\"https:\/\/experienciadevida.com.ar\/portalurbano\/#website\"},\"datePublished\":\"2022-08-17T00:19:40+00:00\",\"dateModified\":\"2022-08-17T00:23:30+00:00\",\"description\":\"Bel\u00e9n Vergel mantuvo un encuentro con ex combatientes de Malvinas, durante la reuni\u00f3n, se plante\u00f3 la necesidad\",\"breadcrumb\":{\"@id\":\"https:\/\/experienciadevida.com.ar\/portalurbano\/belen-vergel-mantuvo-un-encuentro-con-ex-combatientes-de-malvinas\/#breadcrumb\"},\"inLanguage\":\"es\",\"potentialAction\":[{\"@type\":\"ReadAction\",\"target\":[\"https:\/\/experienciadevida.com.ar\/portalurbano\/belen-vergel-mantuvo-un-encuentro-con-ex-combatientes-de-malvinas\/\"]}]},{\"@type\":\"BreadcrumbList\",\"@id\":\"https:\/\/experienciadevida.com.ar\/portalurbano\/belen-vergel-mantuvo-un-encuentro-con-ex-combatientes-de-malvinas\/#breadcrumb\",\"itemListElement\":[{\"@type\":\"ListItem\",\"position\":1,\"name\":\"Portada\",\"item\":\"https:\/\/experienciadevida.com.ar\/portalurbano\/\"},{\"@type\":\"ListItem\",\"position\":2,\"name\":\"Bel\u00e9n Vergel mantuvo un encuentro con ex combatientes de Malvinas\"}]},{\"@type\":\"WebSite\",\"@id\":\"https:\/\/experienciadevida.com.ar\/portalurbano\/#website\",\"url\":\"https:\/\/experienciadevida.com.ar\/portalurbano\/\",\"name\":\"\",\"description\":\"\",\"publisher\":{\"@id\":\"https:\/\/experienciadevida.com.ar\/portalurbano\/#organization\"},\"potentialAction\":[{\"@type\":\"SearchAction\",\"target\":{\"@type\":\"EntryPoint\",\"urlTemplate\":\"https:\/\/experienciadevida.com.ar\/portalurbano\/?s={search_term_string}\"},\"query-input\":\"required name=search_term_string\"}],\"inLanguage\":\"es\"},{\"@type\":\"Organization\",\"@id\":\"https:\/\/experienciadevida.com.ar\/portalurbano\/#organization\",\"name\":\"Portal Urbano\",\"url\":\"https:\/\/experienciadevida.com.ar\/portalurbano\/\",\"logo\":{\"@type\":\"ImageObject\",\"inLanguage\":\"es\",\"@id\":\"https:\/\/experienciadevida.com.ar\/portalurbano\/#\/schema\/logo\/image\/\",\"url\":\"https:\/\/experienciadevida.com.ar\/portalurbano\/wp-content\/uploads\/2019\/09\/Logo-Original.png\",\"contentUrl\":\"https:\/\/experienciadevida.com.ar\/portalurbano\/wp-content\/uploads\/2019\/09\/Logo-Original.png\",\"width\":2236,\"height\":1216,\"caption\":\"Portal Urbano\"},\"image\":{\"@id\":\"https:\/\/experienciadevida.com.ar\/portalurbano\/#\/schema\/logo\/image\/\"},\"sameAs\":[\"https:\/\/www.facebook.com\/Portal-Urbano-171542830093757\/\",\"https:\/\/twitter.com\/portalurbanook\",\"https:\/\/www.instagram.com\/_portalurbano\/\",\"https:\/\/www.youtube.com\/channel\/UCXhagIfszH8KxFiOok79zbA?view_as=subscriber\"]},{\"@type\":\"Person\",\"@id\":\"https:\/\/experienciadevida.com.ar\/portalurbano\/#\/schema\/person\/02dd326b1c4b056e9cc972486934a3a7\",\"name\":\"admpu17wp\",\"image\":{\"@type\":\"ImageObject\",\"inLanguage\":\"es\",\"@id\":\"https:\/\/experienciadevida.com.ar\/portalurbano\/#\/schema\/person\/image\/\",\"url\":\"https:\/\/secure.gravatar.com\/avatar\/830d4c57adaae6630765e449a6908047?s=96&d=mm&r=g\",\"contentUrl\":\"https:\/\/secure.gravatar.com\/avatar\/830d4c57adaae6630765e449a6908047?s=96&d=mm&r=g\",\"caption\":\"admpu17wp\"}}]}<\/script>\n<!-- \/ Yoast SEO plugin. -->","yoast_head_json":{"title":"Belen Vergel mantuvo un encuentro con ex combatientes","description":"Bel\u00e9n Vergel mantuvo un encuentro con ex combatientes de Malvinas, durante la reuni\u00f3n, se plante\u00f3 la necesidad","robots":{"index":"index","follow":"follow","max-snippet":"max-snippet:-1","max-image-preview":"max-image-preview:large","max-video-preview":"max-video-preview:-1"},"canonical":"https:\/\/experienciadevida.com.ar\/portalurbano\/belen-vergel-mantuvo-un-encuentro-con-ex-combatientes-de-malvinas\/","og_locale":"es_ES","og_type":"article","og_title":"Belen Vergel mantuvo un encuentro con ex combatientes","og_description":"Bel\u00e9n Vergel mantuvo un encuentro con ex combatientes de Malvinas, durante la reuni\u00f3n, se plante\u00f3 la necesidad","og_url":"https:\/\/experienciadevida.com.ar\/portalurbano\/belen-vergel-mantuvo-un-encuentro-con-ex-combatientes-de-malvinas\/","article_publisher":"https:\/\/www.facebook.com\/Portal-Urbano-171542830093757\/","article_published_time":"2022-08-17T00:19:40+00:00","article_modified_time":"2022-08-17T00:23:30+00:00","og_image":[{"width":1600,"height":1200,"url":"https:\/\/experienciadevida.com.ar\/portalurbano\/wp-content\/uploads\/2022\/08\/Belen-Vergel-mantuvo-un.jpg","type":"image\/jpeg"}],"author":"admpu17wp","twitter_card":"summary_large_image","twitter_creator":"@portalurbanook","twitter_site":"@portalurbanook","twitter_misc":{"Escrito por":"admpu17wp","Tiempo de lectura":"1 minuto"},"schema":{"@context":"https:\/\/schema.org","@graph":[{"@type":"Article","@id":"https:\/\/experienciadevida.com.ar\/portalurbano\/belen-vergel-mantuvo-un-encuentro-con-ex-combatientes-de-malvinas\/#article","isPartOf":{"@id":"https:\/\/experienciadevida.com.ar\/portalurbano\/belen-vergel-mantuvo-un-encuentro-con-ex-combatientes-de-malvinas\/"},"author":{"name":"admpu17wp","@id":"https:\/\/experienciadevida.com.ar\/portalurbano\/#\/schema\/person\/02dd326b1c4b056e9cc972486934a3a7"},"headline":"Bel\u00e9n Vergel mantuvo un encuentro con ex combatientes de Malvinas","datePublished":"2022-08-17T00:19:40+00:00","dateModified":"2022-08-17T00:23:30+00:00","mainEntityOfPage":{"@id":"https:\/\/experienciadevida.com.ar\/portalurbano\/belen-vergel-mantuvo-un-encuentro-con-ex-combatientes-de-malvinas\/"},"wordCount":186,"publisher":{"@id":"https:\/\/experienciadevida.com.ar\/portalurbano\/#organization"},"articleSection":["Ciudad","Destacadas 2"],"inLanguage":"es"},{"@type":"WebPage","@id":"https:\/\/experienciadevida.com.ar\/portalurbano\/belen-vergel-mantuvo-un-encuentro-con-ex-combatientes-de-malvinas\/","url":"https:\/\/experienciadevida.com.ar\/portalurbano\/belen-vergel-mantuvo-un-encuentro-con-ex-combatientes-de-malvinas\/","name":"Belen Vergel mantuvo un encuentro con ex combatientes","isPartOf":{"@id":"https:\/\/experienciadevida.com.ar\/portalurbano\/#website"},"datePublished":"2022-08-17T00:19:40+00:00","dateModified":"2022-08-17T00:23:30+00:00","description":"Bel\u00e9n Vergel mantuvo un encuentro con ex combatientes de Malvinas, durante la reuni\u00f3n, se plante\u00f3 la necesidad","breadcrumb":{"@id":"https:\/\/experienciadevida.com.ar\/portalurbano\/belen-vergel-mantuvo-un-encuentro-con-ex-combatientes-de-malvinas\/#breadcrumb"},"inLanguage":"es","potentialAction":[{"@type":"ReadAction","target":["https:\/\/experienciadevida.com.ar\/portalurbano\/belen-vergel-mantuvo-un-encuentro-con-ex-combatientes-de-malvinas\/"]}]},{"@type":"BreadcrumbList","@id":"https:\/\/experienciadevida.com.ar\/portalurbano\/belen-vergel-mantuvo-un-encuentro-con-ex-combatientes-de-malvinas\/#breadcrumb","itemListElement":[{"@type":"ListItem","position":1,"name":"Portada","item":"https:\/\/experienciadevida.com.ar\/portalurbano\/"},{"@type":"ListItem","position":2,"name":"Bel\u00e9n Vergel mantuvo un encuentro con ex combatientes de Malvinas"}]},{"@type":"WebSite","@id":"https:\/\/experienciadevida.com.ar\/portalurbano\/#website","url":"https:\/\/experienciadevida.com.ar\/portalurbano\/","name":"","description":"","publisher":{"@id":"https:\/\/experienciadevida.com.ar\/portalurbano\/#organization"},"potentialAction":[{"@type":"SearchAction","target":{"@type":"EntryPoint","urlTemplate":"https:\/\/experienciadevida.com.ar\/portalurbano\/?s={search_term_string}"},"query-input":"required name=search_term_string"}],"inLanguage":"es"},{"@type":"Organization","@id":"https:\/\/experienciadevida.com.ar\/portalurbano\/#organization","name":"Portal Urbano","url":"https:\/\/experienciadevida.com.ar\/portalurbano\/","logo":{"@type":"ImageObject","inLanguage":"es","@id":"https:\/\/experienciadevida.com.ar\/portalurbano\/#\/schema\/logo\/image\/","url":"https:\/\/experienciadevida.com.ar\/portalurbano\/wp-content\/uploads\/2019\/09\/Logo-Original.png","contentUrl":"https:\/\/experienciadevida.com.ar\/portalurbano\/wp-content\/uploads\/2019\/09\/Logo-Original.png","width":2236,"height":1216,"caption":"Portal Urbano"},"image":{"@id":"https:\/\/experienciadevida.com.ar\/portalurbano\/#\/schema\/logo\/image\/"},"sameAs":["https:\/\/www.facebook.com\/Portal-Urbano-171542830093757\/","https:\/\/twitter.com\/portalurbanook","https:\/\/www.instagram.com\/_portalurbano\/","https:\/\/www.youtube.com\/channel\/UCXhagIfszH8KxFiOok79zbA?view_as=subscriber"]},{"@type":"Person","@id":"https:\/\/experienciadevida.com.ar\/portalurbano\/#\/schema\/person\/02dd326b1c4b056e9cc972486934a3a7","name":"admpu17wp","image":{"@type":"ImageObject","inLanguage":"es","@id":"https:\/\/experienciadevida.com.ar\/portalurbano\/#\/schema\/person\/image\/","url":"https:\/\/secure.gravatar.com\/avatar\/830d4c57adaae6630765e449a6908047?s=96&d=mm&r=g","contentUrl":"https:\/\/secure.gravatar.com\/avatar\/830d4c57adaae6630765e449a6908047?s=96&d=mm&r=g","caption":"admpu17wp"}}]}},"featured_image_urls":{"full":["https:\/\/experienciadevida.com.ar\/portalurbano\/wp-content\/uploads\/2022\/08\/Belen-Vergel-mantuvo-un.jpg",1600,1200,false],"thumbnail":["https:\/\/experienciadevida.com.ar\/portalurbano\/wp-content\/uploads\/2022\/08\/Belen-Vergel-mantuvo-un-150x150.jpg",150,150,true],"medium":["https:\/\/experienciadevida.com.ar\/portalurbano\/wp-content\/uploads\/2022\/08\/Belen-Vergel-mantuvo-un-300x225.jpg",300,225,true],"medium_large":["https:\/\/experienciadevida.com.ar\/portalurbano\/wp-content\/uploads\/2022\/08\/Belen-Vergel-mantuvo-un-768x576.jpg",640,480,true],"large":["https:\/\/experienciadevida.com.ar\/portalurbano\/wp-content\/uploads\/2022\/08\/Belen-Vergel-mantuvo-un-1024x768.jpg",640,480,true],"ug_big":["https:\/\/experienciadevida.com.ar\/portalurbano\/wp-content\/uploads\/2022\/08\/Belen-Vergel-mantuvo-un-768x576.jpg",768,576,true],"1536x1536":["https:\/\/experienciadevida.com.ar\/portalurbano\/wp-content\/uploads\/2022\/08\/Belen-Vergel-mantuvo-un-1536x1152.jpg",1536,1152,true],"2048x2048":["https:\/\/experienciadevida.com.ar\/portalurbano\/wp-content\/uploads\/2022\/08\/Belen-Vergel-mantuvo-un.jpg",1600,1200,false],"newsever-slider-full":["https:\/\/experienciadevida.com.ar\/portalurbano\/wp-content\/uploads\/2022\/08\/Belen-Vergel-mantuvo-un.jpg",1127,845,false],"newsever-featured":["https:\/\/experienciadevida.com.ar\/portalurbano\/wp-content\/uploads\/2022\/08\/Belen-Vergel-mantuvo-un.jpg",1024,768,false],"newsever-medium":["https:\/\/experienciadevida.com.ar\/portalurbano\/wp-content\/uploads\/2022\/08\/Belen-Vergel-mantuvo-un.jpg",633,475,false],"web-stories-poster-portrait":["https:\/\/experienciadevida.com.ar\/portalurbano\/wp-content\/uploads\/2022\/08\/Belen-Vergel-mantuvo-un-640x853.jpg",640,853,true],"web-stories-publisher-logo":["https:\/\/experienciadevida.com.ar\/portalurbano\/wp-content\/uploads\/2022\/08\/Belen-Vergel-mantuvo-un-96x96.jpg",96,96,true],"web-stories-thumbnail":["https:\/\/experienciadevida.com.ar\/portalurbano\/wp-content\/uploads\/2022\/08\/Belen-Vergel-mantuvo-un-150x113.jpg",150,113,true]},"author_info":{"display_name":"admpu17wp","author_link":"https:\/\/experienciadevida.com.ar\/portalurbano\/author\/admpu17wp\/"},"category_info":"<a href=\"https:\/\/experienciadevida.com.ar\/portalurbano\/category\/ciudad\/\" rel=\"category tag\">Ciudad<\/a> <a href=\"https:\/\/experienciadevida.com.ar\/portalurbano\/category\/destacadas-2\/\" rel=\"category tag\">Destacadas 2<\/a>","tag_info":"Destacadas 2","comment_count":"0","amp_enabled":true,"_links":{"self":[{"href":"https:\/\/experienciadevida.com.ar\/portalurbano\/wp-json\/wp\/v2\/posts\/173484"}],"collection":[{"href":"https:\/\/experienciadevida.com.ar\/portalurbano\/wp-json\/wp\/v2\/posts"}],"about":[{"href":"https:\/\/experienciadevida.com.ar\/portalurbano\/wp-json\/wp\/v2\/types\/post"}],"author":[{"embeddable":true,"href":"https:\/\/experienciadevida.com.ar\/portalurbano\/wp-json\/wp\/v2\/users\/1"}],"replies":[{"embeddable":true,"href":"https:\/\/experienciadevida.com.ar\/portalurbano\/wp-json\/wp\/v2\/comments?post=173484"}],"version-history":[{"count":3,"href":"https:\/\/experienciadevida.com.ar\/portalurbano\/wp-json\/wp\/v2\/posts\/173484\/revisions"}],"predecessor-version":[{"id":173487,"href":"https:\/\/experienciadevida.com.ar\/portalurbano\/wp-json\/wp\/v2\/posts\/173484\/revisions\/173487"}],"wp:featuredmedia":[{"embeddable":true,"href":"https:\/\/experienciadevida.com.ar\/portalurbano\/wp-json\/wp\/v2\/media\/173485"}],"wp:attachment":[{"href":"https:\/\/experienciadevida.com.ar\/portalurbano\/wp-json\/wp\/v2\/media?parent=173484"}],"wp:term":[{"taxonomy":"category","embeddable":true,"href":"https:\/\/experienciadevida.com.ar\/portalurbano\/wp-json\/wp\/v2\/categories?post=173484"},{"taxonomy":"post_tag","embeddable":true,"href":"https:\/\/experienciadevida.com.ar\/portalurbano\/wp-json\/wp\/v2\/tags?post=173484"}],"curies":[{"name":"wp","href":"https:\/\/api.w.org\/{rel}","templated":true}]}}