{"id":173466,"date":"2022-08-16T15:45:01","date_gmt":"2022-08-16T18:45:01","guid":{"rendered":"https:\/\/experienciadevida.com.ar\/portalurbano\/?p=173466"},"modified":"2022-08-16T15:46:43","modified_gmt":"2022-08-16T18:46:43","slug":"acto-protocolar-por-el-172o-aniversario-del-fallecimiento-de-san-martin","status":"publish","type":"post","link":"https:\/\/experienciadevida.com.ar\/portalurbano\/acto-protocolar-por-el-172o-aniversario-del-fallecimiento-de-san-martin\/","title":{"rendered":"Acto protocolar por el 172\u00ba aniversario del fallecimiento de San Mart\u00edn"},"content":{"rendered":"<p><a href=\"https:\/\/www.facebook.com\/municipiodeolavarria\">Acto<\/a> protocolar por el 172\u00ba aniversario del fallecimiento de San Mart\u00edn, este mi\u00e9rcoles se llevar\u00e1 cabo el acto oficial por el 172\u00ba aniversario del fallecimiento del Gral. Don Jos\u00e9 de San Mart\u00edn.<\/p>\n<p>El mismo se llevar\u00e1 a cabo en el Parque del Bicentenario \u201cSenador O. Lara\u201d, al pie del monumento del Padre de la Patria. Comenzar\u00e1 a las 14:30 horas y contar\u00e1 con la presencia de funcionarios municipales y representantes de distintas instituciones de la comunidad.<\/p>\n<p>Tras la presentaci\u00f3n de autoridades y la entonaci\u00f3n del Himno Nacional Argentino, habr\u00e1 palabras alusivas.<\/p>\n<p>Luego se proceder\u00e1 a la colocaci\u00f3n de palmas por parte de la Municipalidad, Regimiento de Caballer\u00eda, Asociaci\u00f3n Cultural Sanmartiniana y Honorable Concejo Deliberante.<\/p>\n<p>El acto finalizar\u00e1 con el toque de silencio y la colocaci\u00f3n de bandera a media asta.<\/p>\n","protected":false},"excerpt":{"rendered":"<p>Acto protocolar por el 172\u00ba aniversario del fallecimiento de San Mart\u00edn, este mi\u00e9rcoles se llevar\u00e1&#8230;<\/p>\n","protected":false},"author":1,"featured_media":173467,"comment_status":"closed","ping_status":"closed","sticky":false,"template":"","format":"standard","meta":{"content-type":""},"categories":[27],"tags":[],"nelio_content":{"isAutoShareEnabled":false,"autoShareEndMode":"default","automationSources":{"useContentSentences":true,"useSocialTemplates":true,"useCustomSentences":false,"customSentences":[]},"followers":[1],"suggestedReferences":[],"includedReferences":[],"efiUrl":"","efiAlt":"","highlights":[]},"yoast_head":"<!-- This site is optimized with the Yoast SEO plugin v20.7 - https:\/\/yoast.com\/wordpress\/plugins\/seo\/ -->\n<title>Acto protocolar por el 172\u00b0 aniversario del fallecimiento<\/title>\n<meta name=\"description\" content=\"Acto protocolar por el 172\u00ba aniversario del fallecimiento de San Mart\u00edn, este mi\u00e9rcoles se llevar\u00e1 cabo el acto oficial por el 172\u00ba\" \/>\n<meta name=\"robots\" content=\"index, follow, max-snippet:-1, max-image-preview:large, max-video-preview:-1\" \/>\n<link rel=\"canonical\" href=\"https:\/\/experienciadevida.com.ar\/portalurbano\/acto-protocolar-por-el-172o-aniversario-del-fallecimiento-de-san-martin\/\" \/>\n<meta property=\"og:locale\" content=\"es_ES\" \/>\n<meta property=\"og:type\" content=\"article\" \/>\n<meta property=\"og:title\" content=\"Acto protocolar por el 172\u00b0 aniversario del fallecimiento\" \/>\n<meta property=\"og:description\" content=\"Acto protocolar por el 172\u00ba aniversario del fallecimiento de San Mart\u00edn, este mi\u00e9rcoles se llevar\u00e1 cabo el acto oficial por el 172\u00ba\" \/>\n<meta property=\"og:url\" content=\"https:\/\/experienciadevida.com.ar\/portalurbano\/acto-protocolar-por-el-172o-aniversario-del-fallecimiento-de-san-martin\/\" \/>\n<meta property=\"article:publisher\" content=\"https:\/\/www.facebook.com\/Portal-Urbano-171542830093757\/\" \/>\n<meta property=\"article:published_time\" content=\"2022-08-16T18:45:01+00:00\" \/>\n<meta property=\"article:modified_time\" content=\"2022-08-16T18:46:43+00:00\" \/>\n<meta property=\"og:image\" content=\"https:\/\/experienciadevida.com.ar\/portalurbano\/wp-content\/uploads\/2022\/08\/Acto-protocolar-por-el.jpg\" \/>\n\t<meta property=\"og:image:width\" content=\"1024\" \/>\n\t<meta property=\"og:image:height\" content=\"678\" \/>\n\t<meta property=\"og:image:type\" content=\"image\/jpeg\" \/>\n<meta name=\"author\" content=\"admpu17wp\" \/>\n<meta name=\"twitter:card\" content=\"summary_large_image\" \/>\n<meta name=\"twitter:creator\" content=\"@portalurbanook\" \/>\n<meta name=\"twitter:site\" content=\"@portalurbanook\" \/>\n<meta name=\"twitter:label1\" content=\"Escrito por\" \/>\n\t<meta name=\"twitter:data1\" content=\"admpu17wp\" \/>\n\t<meta name=\"twitter:label2\" content=\"Tiempo de lectura\" \/>\n\t<meta name=\"twitter:data2\" content=\"1 minuto\" \/>\n<script type=\"application\/ld+json\" class=\"yoast-schema-graph\">{\"@context\":\"https:\/\/schema.org\",\"@graph\":[{\"@type\":\"Article\",\"@id\":\"https:\/\/experienciadevida.com.ar\/portalurbano\/acto-protocolar-por-el-172o-aniversario-del-fallecimiento-de-san-martin\/#article\",\"isPartOf\":{\"@id\":\"https:\/\/experienciadevida.com.ar\/portalurbano\/acto-protocolar-por-el-172o-aniversario-del-fallecimiento-de-san-martin\/\"},\"author\":{\"name\":\"admpu17wp\",\"@id\":\"https:\/\/experienciadevida.com.ar\/portalurbano\/#\/schema\/person\/02dd326b1c4b056e9cc972486934a3a7\"},\"headline\":\"Acto protocolar por el 172\u00ba aniversario del fallecimiento de San Mart\u00edn\",\"datePublished\":\"2022-08-16T18:45:01+00:00\",\"dateModified\":\"2022-08-16T18:46:43+00:00\",\"mainEntityOfPage\":{\"@id\":\"https:\/\/experienciadevida.com.ar\/portalurbano\/acto-protocolar-por-el-172o-aniversario-del-fallecimiento-de-san-martin\/\"},\"wordCount\":147,\"publisher\":{\"@id\":\"https:\/\/experienciadevida.com.ar\/portalurbano\/#organization\"},\"articleSection\":[\"Ciudad\"],\"inLanguage\":\"es\"},{\"@type\":\"WebPage\",\"@id\":\"https:\/\/experienciadevida.com.ar\/portalurbano\/acto-protocolar-por-el-172o-aniversario-del-fallecimiento-de-san-martin\/\",\"url\":\"https:\/\/experienciadevida.com.ar\/portalurbano\/acto-protocolar-por-el-172o-aniversario-del-fallecimiento-de-san-martin\/\",\"name\":\"Acto protocolar por el 172\u00b0 aniversario del fallecimiento\",\"isPartOf\":{\"@id\":\"https:\/\/experienciadevida.com.ar\/portalurbano\/#website\"},\"datePublished\":\"2022-08-16T18:45:01+00:00\",\"dateModified\":\"2022-08-16T18:46:43+00:00\",\"description\":\"Acto protocolar por el 172\u00ba aniversario del fallecimiento de San Mart\u00edn, este mi\u00e9rcoles se llevar\u00e1 cabo el acto oficial por el 172\u00ba\",\"breadcrumb\":{\"@id\":\"https:\/\/experienciadevida.com.ar\/portalurbano\/acto-protocolar-por-el-172o-aniversario-del-fallecimiento-de-san-martin\/#breadcrumb\"},\"inLanguage\":\"es\",\"potentialAction\":[{\"@type\":\"ReadAction\",\"target\":[\"https:\/\/experienciadevida.com.ar\/portalurbano\/acto-protocolar-por-el-172o-aniversario-del-fallecimiento-de-san-martin\/\"]}]},{\"@type\":\"BreadcrumbList\",\"@id\":\"https:\/\/experienciadevida.com.ar\/portalurbano\/acto-protocolar-por-el-172o-aniversario-del-fallecimiento-de-san-martin\/#breadcrumb\",\"itemListElement\":[{\"@type\":\"ListItem\",\"position\":1,\"name\":\"Portada\",\"item\":\"https:\/\/experienciadevida.com.ar\/portalurbano\/\"},{\"@type\":\"ListItem\",\"position\":2,\"name\":\"Acto protocolar por el 172\u00ba aniversario del fallecimiento de San Mart\u00edn\"}]},{\"@type\":\"WebSite\",\"@id\":\"https:\/\/experienciadevida.com.ar\/portalurbano\/#website\",\"url\":\"https:\/\/experienciadevida.com.ar\/portalurbano\/\",\"name\":\"\",\"description\":\"\",\"publisher\":{\"@id\":\"https:\/\/experienciadevida.com.ar\/portalurbano\/#organization\"},\"potentialAction\":[{\"@type\":\"SearchAction\",\"target\":{\"@type\":\"EntryPoint\",\"urlTemplate\":\"https:\/\/experienciadevida.com.ar\/portalurbano\/?s={search_term_string}\"},\"query-input\":\"required name=search_term_string\"}],\"inLanguage\":\"es\"},{\"@type\":\"Organization\",\"@id\":\"https:\/\/experienciadevida.com.ar\/portalurbano\/#organization\",\"name\":\"Portal Urbano\",\"url\":\"https:\/\/experienciadevida.com.ar\/portalurbano\/\",\"logo\":{\"@type\":\"ImageObject\",\"inLanguage\":\"es\",\"@id\":\"https:\/\/experienciadevida.com.ar\/portalurbano\/#\/schema\/logo\/image\/\",\"url\":\"https:\/\/experienciadevida.com.ar\/portalurbano\/wp-content\/uploads\/2019\/09\/Logo-Original.png\",\"contentUrl\":\"https:\/\/experienciadevida.com.ar\/portalurbano\/wp-content\/uploads\/2019\/09\/Logo-Original.png\",\"width\":2236,\"height\":1216,\"caption\":\"Portal Urbano\"},\"image\":{\"@id\":\"https:\/\/experienciadevida.com.ar\/portalurbano\/#\/schema\/logo\/image\/\"},\"sameAs\":[\"https:\/\/www.facebook.com\/Portal-Urbano-171542830093757\/\",\"https:\/\/twitter.com\/portalurbanook\",\"https:\/\/www.instagram.com\/_portalurbano\/\",\"https:\/\/www.youtube.com\/channel\/UCXhagIfszH8KxFiOok79zbA?view_as=subscriber\"]},{\"@type\":\"Person\",\"@id\":\"https:\/\/experienciadevida.com.ar\/portalurbano\/#\/schema\/person\/02dd326b1c4b056e9cc972486934a3a7\",\"name\":\"admpu17wp\",\"image\":{\"@type\":\"ImageObject\",\"inLanguage\":\"es\",\"@id\":\"https:\/\/experienciadevida.com.ar\/portalurbano\/#\/schema\/person\/image\/\",\"url\":\"https:\/\/secure.gravatar.com\/avatar\/830d4c57adaae6630765e449a6908047?s=96&d=mm&r=g\",\"contentUrl\":\"https:\/\/secure.gravatar.com\/avatar\/830d4c57adaae6630765e449a6908047?s=96&d=mm&r=g\",\"caption\":\"admpu17wp\"}}]}<\/script>\n<!-- \/ Yoast SEO plugin. -->","yoast_head_json":{"title":"Acto protocolar por el 172\u00b0 aniversario del fallecimiento","description":"Acto protocolar por el 172\u00ba aniversario del fallecimiento de San Mart\u00edn, este mi\u00e9rcoles se llevar\u00e1 cabo el acto oficial por el 172\u00ba","robots":{"index":"index","follow":"follow","max-snippet":"max-snippet:-1","max-image-preview":"max-image-preview:large","max-video-preview":"max-video-preview:-1"},"canonical":"https:\/\/experienciadevida.com.ar\/portalurbano\/acto-protocolar-por-el-172o-aniversario-del-fallecimiento-de-san-martin\/","og_locale":"es_ES","og_type":"article","og_title":"Acto protocolar por el 172\u00b0 aniversario del fallecimiento","og_description":"Acto protocolar por el 172\u00ba aniversario del fallecimiento de San Mart\u00edn, este mi\u00e9rcoles se llevar\u00e1 cabo el acto oficial por el 172\u00ba","og_url":"https:\/\/experienciadevida.com.ar\/portalurbano\/acto-protocolar-por-el-172o-aniversario-del-fallecimiento-de-san-martin\/","article_publisher":"https:\/\/www.facebook.com\/Portal-Urbano-171542830093757\/","article_published_time":"2022-08-16T18:45:01+00:00","article_modified_time":"2022-08-16T18:46:43+00:00","og_image":[{"width":1024,"height":678,"url":"https:\/\/experienciadevida.com.ar\/portalurbano\/wp-content\/uploads\/2022\/08\/Acto-protocolar-por-el.jpg","type":"image\/jpeg"}],"author":"admpu17wp","twitter_card":"summary_large_image","twitter_creator":"@portalurbanook","twitter_site":"@portalurbanook","twitter_misc":{"Escrito por":"admpu17wp","Tiempo de lectura":"1 minuto"},"schema":{"@context":"https:\/\/schema.org","@graph":[{"@type":"Article","@id":"https:\/\/experienciadevida.com.ar\/portalurbano\/acto-protocolar-por-el-172o-aniversario-del-fallecimiento-de-san-martin\/#article","isPartOf":{"@id":"https:\/\/experienciadevida.com.ar\/portalurbano\/acto-protocolar-por-el-172o-aniversario-del-fallecimiento-de-san-martin\/"},"author":{"name":"admpu17wp","@id":"https:\/\/experienciadevida.com.ar\/portalurbano\/#\/schema\/person\/02dd326b1c4b056e9cc972486934a3a7"},"headline":"Acto protocolar por el 172\u00ba aniversario del fallecimiento de San Mart\u00edn","datePublished":"2022-08-16T18:45:01+00:00","dateModified":"2022-08-16T18:46:43+00:00","mainEntityOfPage":{"@id":"https:\/\/experienciadevida.com.ar\/portalurbano\/acto-protocolar-por-el-172o-aniversario-del-fallecimiento-de-san-martin\/"},"wordCount":147,"publisher":{"@id":"https:\/\/experienciadevida.com.ar\/portalurbano\/#organization"},"articleSection":["Ciudad"],"inLanguage":"es"},{"@type":"WebPage","@id":"https:\/\/experienciadevida.com.ar\/portalurbano\/acto-protocolar-por-el-172o-aniversario-del-fallecimiento-de-san-martin\/","url":"https:\/\/experienciadevida.com.ar\/portalurbano\/acto-protocolar-por-el-172o-aniversario-del-fallecimiento-de-san-martin\/","name":"Acto protocolar por el 172\u00b0 aniversario del fallecimiento","isPartOf":{"@id":"https:\/\/experienciadevida.com.ar\/portalurbano\/#website"},"datePublished":"2022-08-16T18:45:01+00:00","dateModified":"2022-08-16T18:46:43+00:00","description":"Acto protocolar por el 172\u00ba aniversario del fallecimiento de San Mart\u00edn, este mi\u00e9rcoles se llevar\u00e1 cabo el acto oficial por el 172\u00ba","breadcrumb":{"@id":"https:\/\/experienciadevida.com.ar\/portalurbano\/acto-protocolar-por-el-172o-aniversario-del-fallecimiento-de-san-martin\/#breadcrumb"},"inLanguage":"es","potentialAction":[{"@type":"ReadAction","target":["https:\/\/experienciadevida.com.ar\/portalurbano\/acto-protocolar-por-el-172o-aniversario-del-fallecimiento-de-san-martin\/"]}]},{"@type":"BreadcrumbList","@id":"https:\/\/experienciadevida.com.ar\/portalurbano\/acto-protocolar-por-el-172o-aniversario-del-fallecimiento-de-san-martin\/#breadcrumb","itemListElement":[{"@type":"ListItem","position":1,"name":"Portada","item":"https:\/\/experienciadevida.com.ar\/portalurbano\/"},{"@type":"ListItem","position":2,"name":"Acto protocolar por el 172\u00ba aniversario del fallecimiento de San Mart\u00edn"}]},{"@type":"WebSite","@id":"https:\/\/experienciadevida.com.ar\/portalurbano\/#website","url":"https:\/\/experienciadevida.com.ar\/portalurbano\/","name":"","description":"","publisher":{"@id":"https:\/\/experienciadevida.com.ar\/portalurbano\/#organization"},"potentialAction":[{"@type":"SearchAction","target":{"@type":"EntryPoint","urlTemplate":"https:\/\/experienciadevida.com.ar\/portalurbano\/?s={search_term_string}"},"query-input":"required name=search_term_string"}],"inLanguage":"es"},{"@type":"Organization","@id":"https:\/\/experienciadevida.com.ar\/portalurbano\/#organization","name":"Portal Urbano","url":"https:\/\/experienciadevida.com.ar\/portalurbano\/","logo":{"@type":"ImageObject","inLanguage":"es","@id":"https:\/\/experienciadevida.com.ar\/portalurbano\/#\/schema\/logo\/image\/","url":"https:\/\/experienciadevida.com.ar\/portalurbano\/wp-content\/uploads\/2019\/09\/Logo-Original.png","contentUrl":"https:\/\/experienciadevida.com.ar\/portalurbano\/wp-content\/uploads\/2019\/09\/Logo-Original.png","width":2236,"height":1216,"caption":"Portal Urbano"},"image":{"@id":"https:\/\/experienciadevida.com.ar\/portalurbano\/#\/schema\/logo\/image\/"},"sameAs":["https:\/\/www.facebook.com\/Portal-Urbano-171542830093757\/","https:\/\/twitter.com\/portalurbanook","https:\/\/www.instagram.com\/_portalurbano\/","https:\/\/www.youtube.com\/channel\/UCXhagIfszH8KxFiOok79zbA?view_as=subscriber"]},{"@type":"Person","@id":"https:\/\/experienciadevida.com.ar\/portalurbano\/#\/schema\/person\/02dd326b1c4b056e9cc972486934a3a7","name":"admpu17wp","image":{"@type":"ImageObject","inLanguage":"es","@id":"https:\/\/experienciadevida.com.ar\/portalurbano\/#\/schema\/person\/image\/","url":"https:\/\/secure.gravatar.com\/avatar\/830d4c57adaae6630765e449a6908047?s=96&d=mm&r=g","contentUrl":"https:\/\/secure.gravatar.com\/avatar\/830d4c57adaae6630765e449a6908047?s=96&d=mm&r=g","caption":"admpu17wp"}}]}},"featured_image_urls":{"full":["https:\/\/experienciadevida.com.ar\/portalurbano\/wp-content\/uploads\/2022\/08\/Acto-protocolar-por-el.jpg",1024,678,false],"thumbnail":["https:\/\/experienciadevida.com.ar\/portalurbano\/wp-content\/uploads\/2022\/08\/Acto-protocolar-por-el-150x150.jpg",150,150,true],"medium":["https:\/\/experienciadevida.com.ar\/portalurbano\/wp-content\/uploads\/2022\/08\/Acto-protocolar-por-el-300x199.jpg",300,199,true],"medium_large":["https:\/\/experienciadevida.com.ar\/portalurbano\/wp-content\/uploads\/2022\/08\/Acto-protocolar-por-el-768x509.jpg",640,424,true],"large":["https:\/\/experienciadevida.com.ar\/portalurbano\/wp-content\/uploads\/2022\/08\/Acto-protocolar-por-el.jpg",640,424,false],"ug_big":["https:\/\/experienciadevida.com.ar\/portalurbano\/wp-content\/uploads\/2022\/08\/Acto-protocolar-por-el-768x509.jpg",768,509,true],"1536x1536":["https:\/\/experienciadevida.com.ar\/portalurbano\/wp-content\/uploads\/2022\/08\/Acto-protocolar-por-el.jpg",1024,678,false],"2048x2048":["https:\/\/experienciadevida.com.ar\/portalurbano\/wp-content\/uploads\/2022\/08\/Acto-protocolar-por-el.jpg",1024,678,false],"newsever-slider-full":["https:\/\/experienciadevida.com.ar\/portalurbano\/wp-content\/uploads\/2022\/08\/Acto-protocolar-por-el.jpg",1024,678,false],"newsever-featured":["https:\/\/experienciadevida.com.ar\/portalurbano\/wp-content\/uploads\/2022\/08\/Acto-protocolar-por-el.jpg",1024,678,false],"newsever-medium":["https:\/\/experienciadevida.com.ar\/portalurbano\/wp-content\/uploads\/2022\/08\/Acto-protocolar-por-el.jpg",717,475,false],"web-stories-poster-portrait":["https:\/\/experienciadevida.com.ar\/portalurbano\/wp-content\/uploads\/2022\/08\/Acto-protocolar-por-el-640x678.jpg",640,678,true],"web-stories-publisher-logo":["https:\/\/experienciadevida.com.ar\/portalurbano\/wp-content\/uploads\/2022\/08\/Acto-protocolar-por-el-96x96.jpg",96,96,true],"web-stories-thumbnail":["https:\/\/experienciadevida.com.ar\/portalurbano\/wp-content\/uploads\/2022\/08\/Acto-protocolar-por-el-150x99.jpg",150,99,true]},"author_info":{"display_name":"admpu17wp","author_link":"https:\/\/experienciadevida.com.ar\/portalurbano\/author\/admpu17wp\/"},"category_info":"<a href=\"https:\/\/experienciadevida.com.ar\/portalurbano\/category\/ciudad\/\" rel=\"category tag\">Ciudad<\/a>","tag_info":"Ciudad","comment_count":"0","amp_enabled":true,"_links":{"self":[{"href":"https:\/\/experienciadevida.com.ar\/portalurbano\/wp-json\/wp\/v2\/posts\/173466"}],"collection":[{"href":"https:\/\/experienciadevida.com.ar\/portalurbano\/wp-json\/wp\/v2\/posts"}],"about":[{"href":"https:\/\/experienciadevida.com.ar\/portalurbano\/wp-json\/wp\/v2\/types\/post"}],"author":[{"embeddable":true,"href":"https:\/\/experienciadevida.com.ar\/portalurbano\/wp-json\/wp\/v2\/users\/1"}],"replies":[{"embeddable":true,"href":"https:\/\/experienciadevida.com.ar\/portalurbano\/wp-json\/wp\/v2\/comments?post=173466"}],"version-history":[{"count":2,"href":"https:\/\/experienciadevida.com.ar\/portalurbano\/wp-json\/wp\/v2\/posts\/173466\/revisions"}],"predecessor-version":[{"id":173469,"href":"https:\/\/experienciadevida.com.ar\/portalurbano\/wp-json\/wp\/v2\/posts\/173466\/revisions\/173469"}],"wp:featuredmedia":[{"embeddable":true,"href":"https:\/\/experienciadevida.com.ar\/portalurbano\/wp-json\/wp\/v2\/media\/173467"}],"wp:attachment":[{"href":"https:\/\/experienciadevida.com.ar\/portalurbano\/wp-json\/wp\/v2\/media?parent=173466"}],"wp:term":[{"taxonomy":"category","embeddable":true,"href":"https:\/\/experienciadevida.com.ar\/portalurbano\/wp-json\/wp\/v2\/categories?post=173466"},{"taxonomy":"post_tag","embeddable":true,"href":"https:\/\/experienciadevida.com.ar\/portalurbano\/wp-json\/wp\/v2\/tags?post=173466"}],"curies":[{"name":"wp","href":"https:\/\/api.w.org\/{rel}","templated":true}]}}