{"id":173455,"date":"2022-08-16T15:25:44","date_gmt":"2022-08-16T18:25:44","guid":{"rendered":"https:\/\/experienciadevida.com.ar\/portalurbano\/?p=173455"},"modified":"2022-08-16T15:26:29","modified_gmt":"2022-08-16T18:26:29","slug":"proyectar-invita-al-encuentro-electromovilidad-en-argentina","status":"publish","type":"post","link":"https:\/\/experienciadevida.com.ar\/portalurbano\/proyectar-invita-al-encuentro-electromovilidad-en-argentina\/","title":{"rendered":"\u201cProyectAR\u201d invita al encuentro \u201cElectromovilidad en Argentina\u201d"},"content":{"rendered":"<p>\u201cProyectAR\u201d invita al encuentro \u201cElectromovilidad en Argentina\u201d, la escuela de gobierno del Frente Renovador, presidida por <a href=\"https:\/\/www.instagram.com\/sergiomassaok\/\">Sergio Massa<\/a>, dirigida por M\u00f3nica Litza y coordinada a nivel local por Eduardo Rodr\u00edguez,<br \/>\ninvita a participar de la jornada organizada por la Oficina Cient\u00edfica de Asesoramiento Legislativo de la Honorable C\u00e1mara de Diputados de la Naci\u00f3n.<\/p>\n<p>Hoy martes 16 a partir de las 14 horas, \u201cProyectAR\u201d, la Escuela de Gobierno y Pol\u00edticas P\u00fablicas del Frente Renovador, invita al encuentro \u201cElectromovilidad en Argentina: Escenario presente y de futuro\u201d. La actividad pertenece al ciclo &#8220;Estableciendo puentes entre la ciencia y la pol\u00edtica&#8221;, a cargo de la Oficina Cient\u00edfica de Asesoramiento Legislativo (OCAL), y tratar\u00e1 la importancia de las nuevas formas de movilidad en un contexto de preocupaci\u00f3n por el cuidado del ambiente. Se podr\u00e1 seguir la transmisi\u00f3n a trav\u00e9s del siguiente enlace: https:\/\/www.youtube.com\/watch?v=99t7Menzgo8.<\/p>\n<p>El coordinador de \u201cProyectAR\u201d en Olavarr\u00eda, Eduardo Rodr\u00edguez, destac\u00f3 la iniciativa se\u00f1alando \u201cla importancia de que Argentina tenga una agenda legislativa de movilidad sustentable mientras se dan los desarrollos de los<br \/>\nprimeros veh\u00edculos el\u00e9ctricos en el pa\u00eds\u201d. En este sentido, Rodr\u00edguez puso en valor \u201clos avances que en esta materia lleva adelante la Facultad de Ingenier\u00eda de la Unicen en nuestra ciudad\u201d.<\/p>\n<p>La Escuela de Gobierno y Pol\u00edticas P\u00fablicas, \u201cProyectAR\u201d, es un espacio de formaci\u00f3n de equipos t\u00e9cnicos y de gesti\u00f3n basados en el conocimiento, con solidez y visi\u00f3n de largo plazo, para poder abordar los desaf\u00edos que<br \/>\nafrontan nuestras democracias en el siglo XXI.<\/p>\n<p>Para m\u00e1s informaci\u00f3n de la Escuela de Gobierno y Pol\u00edticas P\u00fablicas, \u201cProyectAR\u201d, ingresar a<\/p>\n<blockquote class=\"wp-embedded-content\" data-secret=\"fqnvJB6F8u\"><p><a href=\"https:\/\/foroolavarria.org\/proyectar-escuela-de-gobierno-y-politicas-publicas\">ProyectAR<\/a><\/p><\/blockquote>\n<p><iframe class=\"wp-embedded-content\" sandbox=\"allow-scripts\" security=\"restricted\" style=\"position: absolute; clip: rect(1px, 1px, 1px, 1px);\" title=\"\u00abProyectAR\u00bb \u2014 Foro Olavarr\u00eda\" src=\"https:\/\/foroolavarria.org\/proyectar-escuela-de-gobierno-y-politicas-publicas\/embed#?secret=fqnvJB6F8u\" data-secret=\"fqnvJB6F8u\" width=\"600\" height=\"338\" frameborder=\"0\" marginwidth=\"0\" marginheight=\"0\" scrolling=\"no\"><\/iframe><\/p>\n","protected":false},"excerpt":{"rendered":"<p>\u201cProyectAR\u201d invita al encuentro \u201cElectromovilidad en Argentina\u201d, la escuela de gobierno del Frente Renovador, presidida&#8230;<\/p>\n","protected":false},"author":1,"featured_media":173456,"comment_status":"closed","ping_status":"closed","sticky":false,"template":"","format":"standard","meta":{"content-type":""},"categories":[27],"tags":[],"nelio_content":{"isAutoShareEnabled":false,"autoShareEndMode":"default","automationSources":{"useContentSentences":true,"useSocialTemplates":true,"useCustomSentences":false,"customSentences":[]},"followers":[1],"suggestedReferences":[],"includedReferences":["https:\/\/www.instagram.com\/sergiomassaok\/","https:\/\/foroolavarria.org\/proyectar-escuela-de-gobierno-y-politicas-publicas"],"efiUrl":"","efiAlt":"","highlights":[]},"yoast_head":"<!-- This site is optimized with the Yoast SEO plugin v20.7 - https:\/\/yoast.com\/wordpress\/plugins\/seo\/ -->\n<title>&quot;ProyectAR&quot; invita al encuentro &quot;Electromovilidad en Argentina&quot;<\/title>\n<meta name=\"description\" content=\"\u201cProyectAR\u201d invita al encuentro \u201cElectromovilidad en Argentina\u201d, la escuela de gobierno del Frente Renovador, presidida por Massa\" \/>\n<meta name=\"robots\" content=\"index, follow, max-snippet:-1, max-image-preview:large, max-video-preview:-1\" \/>\n<link rel=\"canonical\" href=\"https:\/\/experienciadevida.com.ar\/portalurbano\/proyectar-invita-al-encuentro-electromovilidad-en-argentina\/\" \/>\n<meta property=\"og:locale\" content=\"es_ES\" \/>\n<meta property=\"og:type\" content=\"article\" \/>\n<meta property=\"og:title\" content=\"&quot;ProyectAR&quot; invita al encuentro &quot;Electromovilidad en Argentina&quot;\" \/>\n<meta property=\"og:description\" content=\"\u201cProyectAR\u201d invita al encuentro \u201cElectromovilidad en Argentina\u201d, la escuela de gobierno del Frente Renovador, presidida por Massa\" \/>\n<meta property=\"og:url\" content=\"https:\/\/experienciadevida.com.ar\/portalurbano\/proyectar-invita-al-encuentro-electromovilidad-en-argentina\/\" \/>\n<meta property=\"article:publisher\" content=\"https:\/\/www.facebook.com\/Portal-Urbano-171542830093757\/\" \/>\n<meta property=\"article:published_time\" content=\"2022-08-16T18:25:44+00:00\" \/>\n<meta property=\"article:modified_time\" content=\"2022-08-16T18:26:29+00:00\" \/>\n<meta property=\"og:image\" content=\"https:\/\/experienciadevida.com.ar\/portalurbano\/wp-content\/uploads\/2022\/08\/ProyectAR.jpg\" \/>\n\t<meta property=\"og:image:width\" content=\"800\" \/>\n\t<meta property=\"og:image:height\" content=\"500\" \/>\n\t<meta property=\"og:image:type\" content=\"image\/jpeg\" \/>\n<meta name=\"author\" content=\"admpu17wp\" \/>\n<meta name=\"twitter:card\" content=\"summary_large_image\" \/>\n<meta name=\"twitter:creator\" content=\"@portalurbanook\" \/>\n<meta name=\"twitter:site\" content=\"@portalurbanook\" \/>\n<meta name=\"twitter:label1\" content=\"Escrito por\" \/>\n\t<meta name=\"twitter:data1\" content=\"admpu17wp\" \/>\n\t<meta name=\"twitter:label2\" content=\"Tiempo de lectura\" \/>\n\t<meta name=\"twitter:data2\" content=\"2 minutos\" \/>\n<script type=\"application\/ld+json\" class=\"yoast-schema-graph\">{\"@context\":\"https:\/\/schema.org\",\"@graph\":[{\"@type\":\"Article\",\"@id\":\"https:\/\/experienciadevida.com.ar\/portalurbano\/proyectar-invita-al-encuentro-electromovilidad-en-argentina\/#article\",\"isPartOf\":{\"@id\":\"https:\/\/experienciadevida.com.ar\/portalurbano\/proyectar-invita-al-encuentro-electromovilidad-en-argentina\/\"},\"author\":{\"name\":\"admpu17wp\",\"@id\":\"https:\/\/experienciadevida.com.ar\/portalurbano\/#\/schema\/person\/02dd326b1c4b056e9cc972486934a3a7\"},\"headline\":\"\u201cProyectAR\u201d invita al encuentro \u201cElectromovilidad en Argentina\u201d\",\"datePublished\":\"2022-08-16T18:25:44+00:00\",\"dateModified\":\"2022-08-16T18:26:29+00:00\",\"mainEntityOfPage\":{\"@id\":\"https:\/\/experienciadevida.com.ar\/portalurbano\/proyectar-invita-al-encuentro-electromovilidad-en-argentina\/\"},\"wordCount\":304,\"publisher\":{\"@id\":\"https:\/\/experienciadevida.com.ar\/portalurbano\/#organization\"},\"articleSection\":[\"Ciudad\"],\"inLanguage\":\"es\"},{\"@type\":\"WebPage\",\"@id\":\"https:\/\/experienciadevida.com.ar\/portalurbano\/proyectar-invita-al-encuentro-electromovilidad-en-argentina\/\",\"url\":\"https:\/\/experienciadevida.com.ar\/portalurbano\/proyectar-invita-al-encuentro-electromovilidad-en-argentina\/\",\"name\":\"\\\"ProyectAR\\\" invita al encuentro \\\"Electromovilidad en Argentina\\\"\",\"isPartOf\":{\"@id\":\"https:\/\/experienciadevida.com.ar\/portalurbano\/#website\"},\"datePublished\":\"2022-08-16T18:25:44+00:00\",\"dateModified\":\"2022-08-16T18:26:29+00:00\",\"description\":\"\u201cProyectAR\u201d invita al encuentro \u201cElectromovilidad en Argentina\u201d, la escuela de gobierno del Frente Renovador, presidida por Massa\",\"breadcrumb\":{\"@id\":\"https:\/\/experienciadevida.com.ar\/portalurbano\/proyectar-invita-al-encuentro-electromovilidad-en-argentina\/#breadcrumb\"},\"inLanguage\":\"es\",\"potentialAction\":[{\"@type\":\"ReadAction\",\"target\":[\"https:\/\/experienciadevida.com.ar\/portalurbano\/proyectar-invita-al-encuentro-electromovilidad-en-argentina\/\"]}]},{\"@type\":\"BreadcrumbList\",\"@id\":\"https:\/\/experienciadevida.com.ar\/portalurbano\/proyectar-invita-al-encuentro-electromovilidad-en-argentina\/#breadcrumb\",\"itemListElement\":[{\"@type\":\"ListItem\",\"position\":1,\"name\":\"Portada\",\"item\":\"https:\/\/experienciadevida.com.ar\/portalurbano\/\"},{\"@type\":\"ListItem\",\"position\":2,\"name\":\"\u201cProyectAR\u201d invita al encuentro \u201cElectromovilidad en Argentina\u201d\"}]},{\"@type\":\"WebSite\",\"@id\":\"https:\/\/experienciadevida.com.ar\/portalurbano\/#website\",\"url\":\"https:\/\/experienciadevida.com.ar\/portalurbano\/\",\"name\":\"\",\"description\":\"\",\"publisher\":{\"@id\":\"https:\/\/experienciadevida.com.ar\/portalurbano\/#organization\"},\"potentialAction\":[{\"@type\":\"SearchAction\",\"target\":{\"@type\":\"EntryPoint\",\"urlTemplate\":\"https:\/\/experienciadevida.com.ar\/portalurbano\/?s={search_term_string}\"},\"query-input\":\"required name=search_term_string\"}],\"inLanguage\":\"es\"},{\"@type\":\"Organization\",\"@id\":\"https:\/\/experienciadevida.com.ar\/portalurbano\/#organization\",\"name\":\"Portal Urbano\",\"url\":\"https:\/\/experienciadevida.com.ar\/portalurbano\/\",\"logo\":{\"@type\":\"ImageObject\",\"inLanguage\":\"es\",\"@id\":\"https:\/\/experienciadevida.com.ar\/portalurbano\/#\/schema\/logo\/image\/\",\"url\":\"https:\/\/experienciadevida.com.ar\/portalurbano\/wp-content\/uploads\/2019\/09\/Logo-Original.png\",\"contentUrl\":\"https:\/\/experienciadevida.com.ar\/portalurbano\/wp-content\/uploads\/2019\/09\/Logo-Original.png\",\"width\":2236,\"height\":1216,\"caption\":\"Portal Urbano\"},\"image\":{\"@id\":\"https:\/\/experienciadevida.com.ar\/portalurbano\/#\/schema\/logo\/image\/\"},\"sameAs\":[\"https:\/\/www.facebook.com\/Portal-Urbano-171542830093757\/\",\"https:\/\/twitter.com\/portalurbanook\",\"https:\/\/www.instagram.com\/_portalurbano\/\",\"https:\/\/www.youtube.com\/channel\/UCXhagIfszH8KxFiOok79zbA?view_as=subscriber\"]},{\"@type\":\"Person\",\"@id\":\"https:\/\/experienciadevida.com.ar\/portalurbano\/#\/schema\/person\/02dd326b1c4b056e9cc972486934a3a7\",\"name\":\"admpu17wp\",\"image\":{\"@type\":\"ImageObject\",\"inLanguage\":\"es\",\"@id\":\"https:\/\/experienciadevida.com.ar\/portalurbano\/#\/schema\/person\/image\/\",\"url\":\"https:\/\/secure.gravatar.com\/avatar\/830d4c57adaae6630765e449a6908047?s=96&d=mm&r=g\",\"contentUrl\":\"https:\/\/secure.gravatar.com\/avatar\/830d4c57adaae6630765e449a6908047?s=96&d=mm&r=g\",\"caption\":\"admpu17wp\"}}]}<\/script>\n<!-- \/ Yoast SEO plugin. -->","yoast_head_json":{"title":"\"ProyectAR\" invita al encuentro \"Electromovilidad en Argentina\"","description":"\u201cProyectAR\u201d invita al encuentro \u201cElectromovilidad en Argentina\u201d, la escuela de gobierno del Frente Renovador, presidida por Massa","robots":{"index":"index","follow":"follow","max-snippet":"max-snippet:-1","max-image-preview":"max-image-preview:large","max-video-preview":"max-video-preview:-1"},"canonical":"https:\/\/experienciadevida.com.ar\/portalurbano\/proyectar-invita-al-encuentro-electromovilidad-en-argentina\/","og_locale":"es_ES","og_type":"article","og_title":"\"ProyectAR\" invita al encuentro \"Electromovilidad en Argentina\"","og_description":"\u201cProyectAR\u201d invita al encuentro \u201cElectromovilidad en Argentina\u201d, la escuela de gobierno del Frente Renovador, presidida por Massa","og_url":"https:\/\/experienciadevida.com.ar\/portalurbano\/proyectar-invita-al-encuentro-electromovilidad-en-argentina\/","article_publisher":"https:\/\/www.facebook.com\/Portal-Urbano-171542830093757\/","article_published_time":"2022-08-16T18:25:44+00:00","article_modified_time":"2022-08-16T18:26:29+00:00","og_image":[{"width":800,"height":500,"url":"https:\/\/experienciadevida.com.ar\/portalurbano\/wp-content\/uploads\/2022\/08\/ProyectAR.jpg","type":"image\/jpeg"}],"author":"admpu17wp","twitter_card":"summary_large_image","twitter_creator":"@portalurbanook","twitter_site":"@portalurbanook","twitter_misc":{"Escrito por":"admpu17wp","Tiempo de lectura":"2 minutos"},"schema":{"@context":"https:\/\/schema.org","@graph":[{"@type":"Article","@id":"https:\/\/experienciadevida.com.ar\/portalurbano\/proyectar-invita-al-encuentro-electromovilidad-en-argentina\/#article","isPartOf":{"@id":"https:\/\/experienciadevida.com.ar\/portalurbano\/proyectar-invita-al-encuentro-electromovilidad-en-argentina\/"},"author":{"name":"admpu17wp","@id":"https:\/\/experienciadevida.com.ar\/portalurbano\/#\/schema\/person\/02dd326b1c4b056e9cc972486934a3a7"},"headline":"\u201cProyectAR\u201d invita al encuentro \u201cElectromovilidad en Argentina\u201d","datePublished":"2022-08-16T18:25:44+00:00","dateModified":"2022-08-16T18:26:29+00:00","mainEntityOfPage":{"@id":"https:\/\/experienciadevida.com.ar\/portalurbano\/proyectar-invita-al-encuentro-electromovilidad-en-argentina\/"},"wordCount":304,"publisher":{"@id":"https:\/\/experienciadevida.com.ar\/portalurbano\/#organization"},"articleSection":["Ciudad"],"inLanguage":"es"},{"@type":"WebPage","@id":"https:\/\/experienciadevida.com.ar\/portalurbano\/proyectar-invita-al-encuentro-electromovilidad-en-argentina\/","url":"https:\/\/experienciadevida.com.ar\/portalurbano\/proyectar-invita-al-encuentro-electromovilidad-en-argentina\/","name":"\"ProyectAR\" invita al encuentro \"Electromovilidad en Argentina\"","isPartOf":{"@id":"https:\/\/experienciadevida.com.ar\/portalurbano\/#website"},"datePublished":"2022-08-16T18:25:44+00:00","dateModified":"2022-08-16T18:26:29+00:00","description":"\u201cProyectAR\u201d invita al encuentro \u201cElectromovilidad en Argentina\u201d, la escuela de gobierno del Frente Renovador, presidida por Massa","breadcrumb":{"@id":"https:\/\/experienciadevida.com.ar\/portalurbano\/proyectar-invita-al-encuentro-electromovilidad-en-argentina\/#breadcrumb"},"inLanguage":"es","potentialAction":[{"@type":"ReadAction","target":["https:\/\/experienciadevida.com.ar\/portalurbano\/proyectar-invita-al-encuentro-electromovilidad-en-argentina\/"]}]},{"@type":"BreadcrumbList","@id":"https:\/\/experienciadevida.com.ar\/portalurbano\/proyectar-invita-al-encuentro-electromovilidad-en-argentina\/#breadcrumb","itemListElement":[{"@type":"ListItem","position":1,"name":"Portada","item":"https:\/\/experienciadevida.com.ar\/portalurbano\/"},{"@type":"ListItem","position":2,"name":"\u201cProyectAR\u201d invita al encuentro \u201cElectromovilidad en Argentina\u201d"}]},{"@type":"WebSite","@id":"https:\/\/experienciadevida.com.ar\/portalurbano\/#website","url":"https:\/\/experienciadevida.com.ar\/portalurbano\/","name":"","description":"","publisher":{"@id":"https:\/\/experienciadevida.com.ar\/portalurbano\/#organization"},"potentialAction":[{"@type":"SearchAction","target":{"@type":"EntryPoint","urlTemplate":"https:\/\/experienciadevida.com.ar\/portalurbano\/?s={search_term_string}"},"query-input":"required name=search_term_string"}],"inLanguage":"es"},{"@type":"Organization","@id":"https:\/\/experienciadevida.com.ar\/portalurbano\/#organization","name":"Portal Urbano","url":"https:\/\/experienciadevida.com.ar\/portalurbano\/","logo":{"@type":"ImageObject","inLanguage":"es","@id":"https:\/\/experienciadevida.com.ar\/portalurbano\/#\/schema\/logo\/image\/","url":"https:\/\/experienciadevida.com.ar\/portalurbano\/wp-content\/uploads\/2019\/09\/Logo-Original.png","contentUrl":"https:\/\/experienciadevida.com.ar\/portalurbano\/wp-content\/uploads\/2019\/09\/Logo-Original.png","width":2236,"height":1216,"caption":"Portal Urbano"},"image":{"@id":"https:\/\/experienciadevida.com.ar\/portalurbano\/#\/schema\/logo\/image\/"},"sameAs":["https:\/\/www.facebook.com\/Portal-Urbano-171542830093757\/","https:\/\/twitter.com\/portalurbanook","https:\/\/www.instagram.com\/_portalurbano\/","https:\/\/www.youtube.com\/channel\/UCXhagIfszH8KxFiOok79zbA?view_as=subscriber"]},{"@type":"Person","@id":"https:\/\/experienciadevida.com.ar\/portalurbano\/#\/schema\/person\/02dd326b1c4b056e9cc972486934a3a7","name":"admpu17wp","image":{"@type":"ImageObject","inLanguage":"es","@id":"https:\/\/experienciadevida.com.ar\/portalurbano\/#\/schema\/person\/image\/","url":"https:\/\/secure.gravatar.com\/avatar\/830d4c57adaae6630765e449a6908047?s=96&d=mm&r=g","contentUrl":"https:\/\/secure.gravatar.com\/avatar\/830d4c57adaae6630765e449a6908047?s=96&d=mm&r=g","caption":"admpu17wp"}}]}},"featured_image_urls":{"full":["https:\/\/experienciadevida.com.ar\/portalurbano\/wp-content\/uploads\/2022\/08\/ProyectAR.jpg",800,500,false],"thumbnail":["https:\/\/experienciadevida.com.ar\/portalurbano\/wp-content\/uploads\/2022\/08\/ProyectAR-150x150.jpg",150,150,true],"medium":["https:\/\/experienciadevida.com.ar\/portalurbano\/wp-content\/uploads\/2022\/08\/ProyectAR-300x188.jpg",300,188,true],"medium_large":["https:\/\/experienciadevida.com.ar\/portalurbano\/wp-content\/uploads\/2022\/08\/ProyectAR-768x480.jpg",640,400,true],"large":["https:\/\/experienciadevida.com.ar\/portalurbano\/wp-content\/uploads\/2022\/08\/ProyectAR.jpg",640,400,false],"ug_big":["https:\/\/experienciadevida.com.ar\/portalurbano\/wp-content\/uploads\/2022\/08\/ProyectAR-768x480.jpg",768,480,true],"1536x1536":["https:\/\/experienciadevida.com.ar\/portalurbano\/wp-content\/uploads\/2022\/08\/ProyectAR.jpg",800,500,false],"2048x2048":["https:\/\/experienciadevida.com.ar\/portalurbano\/wp-content\/uploads\/2022\/08\/ProyectAR.jpg",800,500,false],"newsever-slider-full":["https:\/\/experienciadevida.com.ar\/portalurbano\/wp-content\/uploads\/2022\/08\/ProyectAR.jpg",800,500,false],"newsever-featured":["https:\/\/experienciadevida.com.ar\/portalurbano\/wp-content\/uploads\/2022\/08\/ProyectAR.jpg",800,500,false],"newsever-medium":["https:\/\/experienciadevida.com.ar\/portalurbano\/wp-content\/uploads\/2022\/08\/ProyectAR.jpg",720,450,false],"web-stories-poster-portrait":["https:\/\/experienciadevida.com.ar\/portalurbano\/wp-content\/uploads\/2022\/08\/ProyectAR-640x500.jpg",640,500,true],"web-stories-publisher-logo":["https:\/\/experienciadevida.com.ar\/portalurbano\/wp-content\/uploads\/2022\/08\/ProyectAR-96x96.jpg",96,96,true],"web-stories-thumbnail":["https:\/\/experienciadevida.com.ar\/portalurbano\/wp-content\/uploads\/2022\/08\/ProyectAR-150x94.jpg",150,94,true]},"author_info":{"display_name":"admpu17wp","author_link":"https:\/\/experienciadevida.com.ar\/portalurbano\/author\/admpu17wp\/"},"category_info":"<a href=\"https:\/\/experienciadevida.com.ar\/portalurbano\/category\/ciudad\/\" rel=\"category tag\">Ciudad<\/a>","tag_info":"Ciudad","comment_count":"0","amp_enabled":true,"_links":{"self":[{"href":"https:\/\/experienciadevida.com.ar\/portalurbano\/wp-json\/wp\/v2\/posts\/173455"}],"collection":[{"href":"https:\/\/experienciadevida.com.ar\/portalurbano\/wp-json\/wp\/v2\/posts"}],"about":[{"href":"https:\/\/experienciadevida.com.ar\/portalurbano\/wp-json\/wp\/v2\/types\/post"}],"author":[{"embeddable":true,"href":"https:\/\/experienciadevida.com.ar\/portalurbano\/wp-json\/wp\/v2\/users\/1"}],"replies":[{"embeddable":true,"href":"https:\/\/experienciadevida.com.ar\/portalurbano\/wp-json\/wp\/v2\/comments?post=173455"}],"version-history":[{"count":1,"href":"https:\/\/experienciadevida.com.ar\/portalurbano\/wp-json\/wp\/v2\/posts\/173455\/revisions"}],"predecessor-version":[{"id":173457,"href":"https:\/\/experienciadevida.com.ar\/portalurbano\/wp-json\/wp\/v2\/posts\/173455\/revisions\/173457"}],"wp:featuredmedia":[{"embeddable":true,"href":"https:\/\/experienciadevida.com.ar\/portalurbano\/wp-json\/wp\/v2\/media\/173456"}],"wp:attachment":[{"href":"https:\/\/experienciadevida.com.ar\/portalurbano\/wp-json\/wp\/v2\/media?parent=173455"}],"wp:term":[{"taxonomy":"category","embeddable":true,"href":"https:\/\/experienciadevida.com.ar\/portalurbano\/wp-json\/wp\/v2\/categories?post=173455"},{"taxonomy":"post_tag","embeddable":true,"href":"https:\/\/experienciadevida.com.ar\/portalurbano\/wp-json\/wp\/v2\/tags?post=173455"}],"curies":[{"name":"wp","href":"https:\/\/api.w.org\/{rel}","templated":true}]}}