{"id":173448,"date":"2022-08-16T11:39:00","date_gmt":"2022-08-16T14:39:00","guid":{"rendered":"https:\/\/experienciadevida.com.ar\/portalurbano\/?p=173448"},"modified":"2022-08-16T11:45:00","modified_gmt":"2022-08-16T14:45:00","slug":"integrantes-del-colegio-de-martilleros-fueron-recibidos-por-la-comision-de-legislacion","status":"publish","type":"post","link":"https:\/\/experienciadevida.com.ar\/portalurbano\/integrantes-del-colegio-de-martilleros-fueron-recibidos-por-la-comision-de-legislacion\/","title":{"rendered":"Integrantes del Colegio de Martilleros fueron recibidos por la comisi\u00f3n de Legislaci\u00f3n"},"content":{"rendered":"<p>Integrantes del Colegio de Martilleros fueron recibidos por la comisi\u00f3n de Legislaci\u00f3n, la comisi\u00f3n de Legislaci\u00f3n, presidida por la concejal <a href=\"https:\/\/www.instagram.com\/guilleames\/\">Guillermina Amespil<\/a>, recibi\u00f3 a representantes del Colegio de Martilleros y Corredores P\u00fablicos del Departamento Judicial de Azul quienes se acercaron con el objetivo compartir su preocupaci\u00f3n en relaci\u00f3n al funcionamiento de franquicias inmobiliarias.<\/p>\n<p>En el desarrollo de la reuni\u00f3n, los representantes de los Martilleros dieron ingreso a un proyecto de Ordenanza que regula y proh\u00edbe la publicidad en la v\u00eda p\u00fablica de negocios inmobiliarios bajo la forma de representaci\u00f3n de franquicias por afectaci\u00f3n los intereses y el trabajo de los Matriculados al Colegio.<\/p>\n<p>Participaron de la reuni\u00f3n el presidente del Colegio de Martilleros Nahuel Gagoiti y los integrantes del Consejo Directivo, Marcelo Corleto, Rub\u00e9l Gonz\u00e1lez y Sergio Vazzano.<\/p>\n<p>Tras la reuni\u00f3n Guillermina Amespil dijo que \u201cteniendo en cuenta un principio de acuerdo entre los distintos bloques durante la reuni\u00f3n, el proyecto de Ordenanza directamente tendr\u00eda tratamiento en la Legislaci\u00f3n para su estudio integral\u201d.<\/p>\n<p>La presidenta de la comisi\u00f3n de Legislaci\u00f3n agradeci\u00f3 y valor\u00f3 la decisi\u00f3n del Colegio \u201cde acercarse y presentar proyectos en favor de mejorar la normativa que regula est\u00e1 actividad profesional en Olavarr\u00eda\u201d.<\/p>\n<p>Por \u00faltimo, la concejala Guillermina Amespil inform\u00f3 que este martes fueron despachados a sesi\u00f3n seis expedientes que ser\u00e1n tratados en la Und\u00e9cima Sesi\u00f3n Ordinaria.<\/p>\n<p><a href=\"https:\/\/experienciadevida.com.ar\/portalurbano\/integrantes-del-colegio-de-martilleros-fueron-recibidos-por-la-comision-de-legislacion\/integrantes-2\/\" rel=\"attachment wp-att-173453\"><img decoding=\"async\" class=\"alignnone size-large wp-image-173453\" src=\"https:\/\/experienciadevida.com.ar\/portalurbano\/wp-content\/uploads\/2022\/08\/Integrantes-1024x461.jpg\" alt=\"Integrantes \" width=\"900\" height=\"405\" srcset=\"https:\/\/experienciadevida.com.ar\/portalurbano\/wp-content\/uploads\/2022\/08\/Integrantes-1024x461.jpg 1024w, https:\/\/experienciadevida.com.ar\/portalurbano\/wp-content\/uploads\/2022\/08\/Integrantes-300x135.jpg 300w, https:\/\/experienciadevida.com.ar\/portalurbano\/wp-content\/uploads\/2022\/08\/Integrantes-768x346.jpg 768w, https:\/\/experienciadevida.com.ar\/portalurbano\/wp-content\/uploads\/2022\/08\/Integrantes-150x68.jpg 150w, https:\/\/experienciadevida.com.ar\/portalurbano\/wp-content\/uploads\/2022\/08\/Integrantes.jpg 1280w\" sizes=\"(max-width: 900px) 100vw, 900px\" \/><\/a><\/p>\n","protected":false},"excerpt":{"rendered":"<p>Integrantes del Colegio de Martilleros fueron recibidos por la comisi\u00f3n de Legislaci\u00f3n, la comisi\u00f3n de&#8230;<\/p>\n","protected":false},"author":1,"featured_media":173449,"comment_status":"closed","ping_status":"closed","sticky":false,"template":"","format":"standard","meta":{"content-type":""},"categories":[27,64],"tags":[],"nelio_content":{"isAutoShareEnabled":false,"autoShareEndMode":"default","automationSources":{"useContentSentences":true,"useSocialTemplates":true,"useCustomSentences":false,"customSentences":[]},"followers":[1],"suggestedReferences":[],"includedReferences":[],"efiUrl":"","efiAlt":"","highlights":[]},"yoast_head":"<!-- This site is optimized with the Yoast SEO plugin v20.7 - https:\/\/yoast.com\/wordpress\/plugins\/seo\/ -->\n<title>Integrantes del colegio de martilleros fueron recibidos por comisi\u00f3n<\/title>\n<meta name=\"description\" content=\"Integrantes del Colegio de Martilleros fueron recibidos por la comisi\u00f3n de Legislaci\u00f3n, la comisi\u00f3n de Legislaci\u00f3n, presidida por Amespil\" \/>\n<meta name=\"robots\" content=\"index, follow, max-snippet:-1, max-image-preview:large, max-video-preview:-1\" \/>\n<link rel=\"canonical\" href=\"https:\/\/experienciadevida.com.ar\/portalurbano\/integrantes-del-colegio-de-martilleros-fueron-recibidos-por-la-comision-de-legislacion\/\" \/>\n<meta property=\"og:locale\" content=\"es_ES\" \/>\n<meta property=\"og:type\" content=\"article\" \/>\n<meta property=\"og:title\" content=\"Integrantes del colegio de martilleros fueron recibidos por comisi\u00f3n\" \/>\n<meta property=\"og:description\" content=\"Integrantes del Colegio de Martilleros fueron recibidos por la comisi\u00f3n de Legislaci\u00f3n, la comisi\u00f3n de Legislaci\u00f3n, presidida por Amespil\" \/>\n<meta property=\"og:url\" content=\"https:\/\/experienciadevida.com.ar\/portalurbano\/integrantes-del-colegio-de-martilleros-fueron-recibidos-por-la-comision-de-legislacion\/\" \/>\n<meta property=\"article:publisher\" content=\"https:\/\/www.facebook.com\/Portal-Urbano-171542830093757\/\" \/>\n<meta property=\"article:published_time\" content=\"2022-08-16T14:39:00+00:00\" \/>\n<meta property=\"article:modified_time\" content=\"2022-08-16T14:45:00+00:00\" \/>\n<meta property=\"og:image\" content=\"https:\/\/experienciadevida.com.ar\/portalurbano\/wp-content\/uploads\/2022\/08\/Integrantes-del-Colegio-de.jpg\" \/>\n\t<meta property=\"og:image:width\" content=\"1280\" \/>\n\t<meta property=\"og:image:height\" content=\"576\" \/>\n\t<meta property=\"og:image:type\" content=\"image\/jpeg\" \/>\n<meta name=\"author\" content=\"admpu17wp\" \/>\n<meta name=\"twitter:card\" content=\"summary_large_image\" \/>\n<meta name=\"twitter:creator\" content=\"@portalurbanook\" \/>\n<meta name=\"twitter:site\" content=\"@portalurbanook\" \/>\n<meta name=\"twitter:label1\" content=\"Escrito por\" \/>\n\t<meta name=\"twitter:data1\" content=\"admpu17wp\" \/>\n\t<meta name=\"twitter:label2\" content=\"Tiempo de lectura\" \/>\n\t<meta name=\"twitter:data2\" content=\"2 minutos\" \/>\n<script type=\"application\/ld+json\" class=\"yoast-schema-graph\">{\"@context\":\"https:\/\/schema.org\",\"@graph\":[{\"@type\":\"Article\",\"@id\":\"https:\/\/experienciadevida.com.ar\/portalurbano\/integrantes-del-colegio-de-martilleros-fueron-recibidos-por-la-comision-de-legislacion\/#article\",\"isPartOf\":{\"@id\":\"https:\/\/experienciadevida.com.ar\/portalurbano\/integrantes-del-colegio-de-martilleros-fueron-recibidos-por-la-comision-de-legislacion\/\"},\"author\":{\"name\":\"admpu17wp\",\"@id\":\"https:\/\/experienciadevida.com.ar\/portalurbano\/#\/schema\/person\/02dd326b1c4b056e9cc972486934a3a7\"},\"headline\":\"Integrantes del Colegio de Martilleros fueron recibidos por la comisi\u00f3n de Legislaci\u00f3n\",\"datePublished\":\"2022-08-16T14:39:00+00:00\",\"dateModified\":\"2022-08-16T14:45:00+00:00\",\"mainEntityOfPage\":{\"@id\":\"https:\/\/experienciadevida.com.ar\/portalurbano\/integrantes-del-colegio-de-martilleros-fueron-recibidos-por-la-comision-de-legislacion\/\"},\"wordCount\":261,\"publisher\":{\"@id\":\"https:\/\/experienciadevida.com.ar\/portalurbano\/#organization\"},\"articleSection\":[\"Ciudad\",\"Destacadas 2\"],\"inLanguage\":\"es\"},{\"@type\":\"WebPage\",\"@id\":\"https:\/\/experienciadevida.com.ar\/portalurbano\/integrantes-del-colegio-de-martilleros-fueron-recibidos-por-la-comision-de-legislacion\/\",\"url\":\"https:\/\/experienciadevida.com.ar\/portalurbano\/integrantes-del-colegio-de-martilleros-fueron-recibidos-por-la-comision-de-legislacion\/\",\"name\":\"Integrantes del colegio de martilleros fueron recibidos por comisi\u00f3n\",\"isPartOf\":{\"@id\":\"https:\/\/experienciadevida.com.ar\/portalurbano\/#website\"},\"datePublished\":\"2022-08-16T14:39:00+00:00\",\"dateModified\":\"2022-08-16T14:45:00+00:00\",\"description\":\"Integrantes del Colegio de Martilleros fueron recibidos por la comisi\u00f3n de Legislaci\u00f3n, la comisi\u00f3n de Legislaci\u00f3n, presidida por Amespil\",\"breadcrumb\":{\"@id\":\"https:\/\/experienciadevida.com.ar\/portalurbano\/integrantes-del-colegio-de-martilleros-fueron-recibidos-por-la-comision-de-legislacion\/#breadcrumb\"},\"inLanguage\":\"es\",\"potentialAction\":[{\"@type\":\"ReadAction\",\"target\":[\"https:\/\/experienciadevida.com.ar\/portalurbano\/integrantes-del-colegio-de-martilleros-fueron-recibidos-por-la-comision-de-legislacion\/\"]}]},{\"@type\":\"BreadcrumbList\",\"@id\":\"https:\/\/experienciadevida.com.ar\/portalurbano\/integrantes-del-colegio-de-martilleros-fueron-recibidos-por-la-comision-de-legislacion\/#breadcrumb\",\"itemListElement\":[{\"@type\":\"ListItem\",\"position\":1,\"name\":\"Portada\",\"item\":\"https:\/\/experienciadevida.com.ar\/portalurbano\/\"},{\"@type\":\"ListItem\",\"position\":2,\"name\":\"Integrantes del Colegio de Martilleros fueron recibidos por la comisi\u00f3n de Legislaci\u00f3n\"}]},{\"@type\":\"WebSite\",\"@id\":\"https:\/\/experienciadevida.com.ar\/portalurbano\/#website\",\"url\":\"https:\/\/experienciadevida.com.ar\/portalurbano\/\",\"name\":\"\",\"description\":\"\",\"publisher\":{\"@id\":\"https:\/\/experienciadevida.com.ar\/portalurbano\/#organization\"},\"potentialAction\":[{\"@type\":\"SearchAction\",\"target\":{\"@type\":\"EntryPoint\",\"urlTemplate\":\"https:\/\/experienciadevida.com.ar\/portalurbano\/?s={search_term_string}\"},\"query-input\":\"required name=search_term_string\"}],\"inLanguage\":\"es\"},{\"@type\":\"Organization\",\"@id\":\"https:\/\/experienciadevida.com.ar\/portalurbano\/#organization\",\"name\":\"Portal Urbano\",\"url\":\"https:\/\/experienciadevida.com.ar\/portalurbano\/\",\"logo\":{\"@type\":\"ImageObject\",\"inLanguage\":\"es\",\"@id\":\"https:\/\/experienciadevida.com.ar\/portalurbano\/#\/schema\/logo\/image\/\",\"url\":\"https:\/\/experienciadevida.com.ar\/portalurbano\/wp-content\/uploads\/2019\/09\/Logo-Original.png\",\"contentUrl\":\"https:\/\/experienciadevida.com.ar\/portalurbano\/wp-content\/uploads\/2019\/09\/Logo-Original.png\",\"width\":2236,\"height\":1216,\"caption\":\"Portal Urbano\"},\"image\":{\"@id\":\"https:\/\/experienciadevida.com.ar\/portalurbano\/#\/schema\/logo\/image\/\"},\"sameAs\":[\"https:\/\/www.facebook.com\/Portal-Urbano-171542830093757\/\",\"https:\/\/twitter.com\/portalurbanook\",\"https:\/\/www.instagram.com\/_portalurbano\/\",\"https:\/\/www.youtube.com\/channel\/UCXhagIfszH8KxFiOok79zbA?view_as=subscriber\"]},{\"@type\":\"Person\",\"@id\":\"https:\/\/experienciadevida.com.ar\/portalurbano\/#\/schema\/person\/02dd326b1c4b056e9cc972486934a3a7\",\"name\":\"admpu17wp\",\"image\":{\"@type\":\"ImageObject\",\"inLanguage\":\"es\",\"@id\":\"https:\/\/experienciadevida.com.ar\/portalurbano\/#\/schema\/person\/image\/\",\"url\":\"https:\/\/secure.gravatar.com\/avatar\/830d4c57adaae6630765e449a6908047?s=96&d=mm&r=g\",\"contentUrl\":\"https:\/\/secure.gravatar.com\/avatar\/830d4c57adaae6630765e449a6908047?s=96&d=mm&r=g\",\"caption\":\"admpu17wp\"}}]}<\/script>\n<!-- \/ Yoast SEO plugin. -->","yoast_head_json":{"title":"Integrantes del colegio de martilleros fueron recibidos por comisi\u00f3n","description":"Integrantes del Colegio de Martilleros fueron recibidos por la comisi\u00f3n de Legislaci\u00f3n, la comisi\u00f3n de Legislaci\u00f3n, presidida por Amespil","robots":{"index":"index","follow":"follow","max-snippet":"max-snippet:-1","max-image-preview":"max-image-preview:large","max-video-preview":"max-video-preview:-1"},"canonical":"https:\/\/experienciadevida.com.ar\/portalurbano\/integrantes-del-colegio-de-martilleros-fueron-recibidos-por-la-comision-de-legislacion\/","og_locale":"es_ES","og_type":"article","og_title":"Integrantes del colegio de martilleros fueron recibidos por comisi\u00f3n","og_description":"Integrantes del Colegio de Martilleros fueron recibidos por la comisi\u00f3n de Legislaci\u00f3n, la comisi\u00f3n de Legislaci\u00f3n, presidida por Amespil","og_url":"https:\/\/experienciadevida.com.ar\/portalurbano\/integrantes-del-colegio-de-martilleros-fueron-recibidos-por-la-comision-de-legislacion\/","article_publisher":"https:\/\/www.facebook.com\/Portal-Urbano-171542830093757\/","article_published_time":"2022-08-16T14:39:00+00:00","article_modified_time":"2022-08-16T14:45:00+00:00","og_image":[{"width":1280,"height":576,"url":"https:\/\/experienciadevida.com.ar\/portalurbano\/wp-content\/uploads\/2022\/08\/Integrantes-del-Colegio-de.jpg","type":"image\/jpeg"}],"author":"admpu17wp","twitter_card":"summary_large_image","twitter_creator":"@portalurbanook","twitter_site":"@portalurbanook","twitter_misc":{"Escrito por":"admpu17wp","Tiempo de lectura":"2 minutos"},"schema":{"@context":"https:\/\/schema.org","@graph":[{"@type":"Article","@id":"https:\/\/experienciadevida.com.ar\/portalurbano\/integrantes-del-colegio-de-martilleros-fueron-recibidos-por-la-comision-de-legislacion\/#article","isPartOf":{"@id":"https:\/\/experienciadevida.com.ar\/portalurbano\/integrantes-del-colegio-de-martilleros-fueron-recibidos-por-la-comision-de-legislacion\/"},"author":{"name":"admpu17wp","@id":"https:\/\/experienciadevida.com.ar\/portalurbano\/#\/schema\/person\/02dd326b1c4b056e9cc972486934a3a7"},"headline":"Integrantes del Colegio de Martilleros fueron recibidos por la comisi\u00f3n de Legislaci\u00f3n","datePublished":"2022-08-16T14:39:00+00:00","dateModified":"2022-08-16T14:45:00+00:00","mainEntityOfPage":{"@id":"https:\/\/experienciadevida.com.ar\/portalurbano\/integrantes-del-colegio-de-martilleros-fueron-recibidos-por-la-comision-de-legislacion\/"},"wordCount":261,"publisher":{"@id":"https:\/\/experienciadevida.com.ar\/portalurbano\/#organization"},"articleSection":["Ciudad","Destacadas 2"],"inLanguage":"es"},{"@type":"WebPage","@id":"https:\/\/experienciadevida.com.ar\/portalurbano\/integrantes-del-colegio-de-martilleros-fueron-recibidos-por-la-comision-de-legislacion\/","url":"https:\/\/experienciadevida.com.ar\/portalurbano\/integrantes-del-colegio-de-martilleros-fueron-recibidos-por-la-comision-de-legislacion\/","name":"Integrantes del colegio de martilleros fueron recibidos por comisi\u00f3n","isPartOf":{"@id":"https:\/\/experienciadevida.com.ar\/portalurbano\/#website"},"datePublished":"2022-08-16T14:39:00+00:00","dateModified":"2022-08-16T14:45:00+00:00","description":"Integrantes del Colegio de Martilleros fueron recibidos por la comisi\u00f3n de Legislaci\u00f3n, la comisi\u00f3n de Legislaci\u00f3n, presidida por Amespil","breadcrumb":{"@id":"https:\/\/experienciadevida.com.ar\/portalurbano\/integrantes-del-colegio-de-martilleros-fueron-recibidos-por-la-comision-de-legislacion\/#breadcrumb"},"inLanguage":"es","potentialAction":[{"@type":"ReadAction","target":["https:\/\/experienciadevida.com.ar\/portalurbano\/integrantes-del-colegio-de-martilleros-fueron-recibidos-por-la-comision-de-legislacion\/"]}]},{"@type":"BreadcrumbList","@id":"https:\/\/experienciadevida.com.ar\/portalurbano\/integrantes-del-colegio-de-martilleros-fueron-recibidos-por-la-comision-de-legislacion\/#breadcrumb","itemListElement":[{"@type":"ListItem","position":1,"name":"Portada","item":"https:\/\/experienciadevida.com.ar\/portalurbano\/"},{"@type":"ListItem","position":2,"name":"Integrantes del Colegio de Martilleros fueron recibidos por la comisi\u00f3n de Legislaci\u00f3n"}]},{"@type":"WebSite","@id":"https:\/\/experienciadevida.com.ar\/portalurbano\/#website","url":"https:\/\/experienciadevida.com.ar\/portalurbano\/","name":"","description":"","publisher":{"@id":"https:\/\/experienciadevida.com.ar\/portalurbano\/#organization"},"potentialAction":[{"@type":"SearchAction","target":{"@type":"EntryPoint","urlTemplate":"https:\/\/experienciadevida.com.ar\/portalurbano\/?s={search_term_string}"},"query-input":"required name=search_term_string"}],"inLanguage":"es"},{"@type":"Organization","@id":"https:\/\/experienciadevida.com.ar\/portalurbano\/#organization","name":"Portal Urbano","url":"https:\/\/experienciadevida.com.ar\/portalurbano\/","logo":{"@type":"ImageObject","inLanguage":"es","@id":"https:\/\/experienciadevida.com.ar\/portalurbano\/#\/schema\/logo\/image\/","url":"https:\/\/experienciadevida.com.ar\/portalurbano\/wp-content\/uploads\/2019\/09\/Logo-Original.png","contentUrl":"https:\/\/experienciadevida.com.ar\/portalurbano\/wp-content\/uploads\/2019\/09\/Logo-Original.png","width":2236,"height":1216,"caption":"Portal Urbano"},"image":{"@id":"https:\/\/experienciadevida.com.ar\/portalurbano\/#\/schema\/logo\/image\/"},"sameAs":["https:\/\/www.facebook.com\/Portal-Urbano-171542830093757\/","https:\/\/twitter.com\/portalurbanook","https:\/\/www.instagram.com\/_portalurbano\/","https:\/\/www.youtube.com\/channel\/UCXhagIfszH8KxFiOok79zbA?view_as=subscriber"]},{"@type":"Person","@id":"https:\/\/experienciadevida.com.ar\/portalurbano\/#\/schema\/person\/02dd326b1c4b056e9cc972486934a3a7","name":"admpu17wp","image":{"@type":"ImageObject","inLanguage":"es","@id":"https:\/\/experienciadevida.com.ar\/portalurbano\/#\/schema\/person\/image\/","url":"https:\/\/secure.gravatar.com\/avatar\/830d4c57adaae6630765e449a6908047?s=96&d=mm&r=g","contentUrl":"https:\/\/secure.gravatar.com\/avatar\/830d4c57adaae6630765e449a6908047?s=96&d=mm&r=g","caption":"admpu17wp"}}]}},"featured_image_urls":{"full":["https:\/\/experienciadevida.com.ar\/portalurbano\/wp-content\/uploads\/2022\/08\/Integrantes-del-Colegio-de.jpg",1280,576,false],"thumbnail":["https:\/\/experienciadevida.com.ar\/portalurbano\/wp-content\/uploads\/2022\/08\/Integrantes-del-Colegio-de-150x150.jpg",150,150,true],"medium":["https:\/\/experienciadevida.com.ar\/portalurbano\/wp-content\/uploads\/2022\/08\/Integrantes-del-Colegio-de-300x135.jpg",300,135,true],"medium_large":["https:\/\/experienciadevida.com.ar\/portalurbano\/wp-content\/uploads\/2022\/08\/Integrantes-del-Colegio-de-768x346.jpg",640,288,true],"large":["https:\/\/experienciadevida.com.ar\/portalurbano\/wp-content\/uploads\/2022\/08\/Integrantes-del-Colegio-de-1024x461.jpg",640,288,true],"ug_big":["https:\/\/experienciadevida.com.ar\/portalurbano\/wp-content\/uploads\/2022\/08\/Integrantes-del-Colegio-de-768x346.jpg",768,346,true],"1536x1536":["https:\/\/experienciadevida.com.ar\/portalurbano\/wp-content\/uploads\/2022\/08\/Integrantes-del-Colegio-de.jpg",1280,576,false],"2048x2048":["https:\/\/experienciadevida.com.ar\/portalurbano\/wp-content\/uploads\/2022\/08\/Integrantes-del-Colegio-de.jpg",1280,576,false],"newsever-slider-full":["https:\/\/experienciadevida.com.ar\/portalurbano\/wp-content\/uploads\/2022\/08\/Integrantes-del-Colegio-de.jpg",1280,576,false],"newsever-featured":["https:\/\/experienciadevida.com.ar\/portalurbano\/wp-content\/uploads\/2022\/08\/Integrantes-del-Colegio-de.jpg",1024,461,false],"newsever-medium":["https:\/\/experienciadevida.com.ar\/portalurbano\/wp-content\/uploads\/2022\/08\/Integrantes-del-Colegio-de.jpg",720,324,false],"web-stories-poster-portrait":["https:\/\/experienciadevida.com.ar\/portalurbano\/wp-content\/uploads\/2022\/08\/Integrantes-del-Colegio-de-640x576.jpg",640,576,true],"web-stories-publisher-logo":["https:\/\/experienciadevida.com.ar\/portalurbano\/wp-content\/uploads\/2022\/08\/Integrantes-del-Colegio-de-96x96.jpg",96,96,true],"web-stories-thumbnail":["https:\/\/experienciadevida.com.ar\/portalurbano\/wp-content\/uploads\/2022\/08\/Integrantes-del-Colegio-de-150x68.jpg",150,68,true]},"author_info":{"display_name":"admpu17wp","author_link":"https:\/\/experienciadevida.com.ar\/portalurbano\/author\/admpu17wp\/"},"category_info":"<a href=\"https:\/\/experienciadevida.com.ar\/portalurbano\/category\/ciudad\/\" rel=\"category tag\">Ciudad<\/a> <a href=\"https:\/\/experienciadevida.com.ar\/portalurbano\/category\/destacadas-2\/\" rel=\"category tag\">Destacadas 2<\/a>","tag_info":"Destacadas 2","comment_count":"0","amp_enabled":true,"_links":{"self":[{"href":"https:\/\/experienciadevida.com.ar\/portalurbano\/wp-json\/wp\/v2\/posts\/173448"}],"collection":[{"href":"https:\/\/experienciadevida.com.ar\/portalurbano\/wp-json\/wp\/v2\/posts"}],"about":[{"href":"https:\/\/experienciadevida.com.ar\/portalurbano\/wp-json\/wp\/v2\/types\/post"}],"author":[{"embeddable":true,"href":"https:\/\/experienciadevida.com.ar\/portalurbano\/wp-json\/wp\/v2\/users\/1"}],"replies":[{"embeddable":true,"href":"https:\/\/experienciadevida.com.ar\/portalurbano\/wp-json\/wp\/v2\/comments?post=173448"}],"version-history":[{"count":4,"href":"https:\/\/experienciadevida.com.ar\/portalurbano\/wp-json\/wp\/v2\/posts\/173448\/revisions"}],"predecessor-version":[{"id":173454,"href":"https:\/\/experienciadevida.com.ar\/portalurbano\/wp-json\/wp\/v2\/posts\/173448\/revisions\/173454"}],"wp:featuredmedia":[{"embeddable":true,"href":"https:\/\/experienciadevida.com.ar\/portalurbano\/wp-json\/wp\/v2\/media\/173449"}],"wp:attachment":[{"href":"https:\/\/experienciadevida.com.ar\/portalurbano\/wp-json\/wp\/v2\/media?parent=173448"}],"wp:term":[{"taxonomy":"category","embeddable":true,"href":"https:\/\/experienciadevida.com.ar\/portalurbano\/wp-json\/wp\/v2\/categories?post=173448"},{"taxonomy":"post_tag","embeddable":true,"href":"https:\/\/experienciadevida.com.ar\/portalurbano\/wp-json\/wp\/v2\/tags?post=173448"}],"curies":[{"name":"wp","href":"https:\/\/api.w.org\/{rel}","templated":true}]}}