{"id":173440,"date":"2022-08-16T11:34:04","date_gmt":"2022-08-16T14:34:04","guid":{"rendered":"https:\/\/experienciadevida.com.ar\/portalurbano\/?p=173440"},"modified":"2022-08-16T11:36:45","modified_gmt":"2022-08-16T14:36:45","slug":"la-directora-de-politica-de-genero-del-spb-recorrio-el-pabellon-de-diversidad-de-la-unidad-n2","status":"publish","type":"post","link":"https:\/\/experienciadevida.com.ar\/portalurbano\/la-directora-de-politica-de-genero-del-spb-recorrio-el-pabellon-de-diversidad-de-la-unidad-n2\/","title":{"rendered":"La Directora de Pol\u00edtica de G\u00e9nero del SPB recorri\u00f3 el pabell\u00f3n de Diversidad de la Unidad N\u00b02"},"content":{"rendered":"<p>La Directora de Pol\u00edtica de G\u00e9nero del SPB recorri\u00f3 el pabell\u00f3n de Diversidad de la Unidad N\u00b02, la Directora de Pol\u00edtica de G\u00e9nero del SPB, Soledad Soubercazes, recorri\u00f3 d\u00edas pasados el Pabell\u00f3n de Diversidad Sexual de la Unidad N\u00b0 2. Lo hizo acompa\u00f1ada por la Asesora Legal Sabrina Cosimano Simiele y la coordinadora de la poblaci\u00f3n trans \u00c1ngeles Maribel Helguera, un \u00e1rea que depende de la Subdirecci\u00f3n General de Pol\u00edticas de G\u00e9nero. Soubercazes se present\u00f3 ante los y las personas privadas de su libertad, conoci\u00f3 sus actividades, convers\u00f3 sobre sus anhelos en relaci\u00f3n a la salud, educaci\u00f3n, oficios y posibilidades para el momento de la libertad.<\/p>\n<p><a href=\"https:\/\/experienciadevida.com.ar\/portalurbano\/la-directora-de-politica-de-genero-del-spb-recorrio-el-pabellon-de-diversidad-de-la-unidad-n2\/la-directora\/\" rel=\"attachment wp-att-173442\"><img decoding=\"async\" class=\"alignnone size-large wp-image-173442\" src=\"https:\/\/experienciadevida.com.ar\/portalurbano\/wp-content\/uploads\/2022\/08\/La-Directora-1024x742.jpg\" alt=\"La Directora \" width=\"900\" height=\"652\" srcset=\"https:\/\/experienciadevida.com.ar\/portalurbano\/wp-content\/uploads\/2022\/08\/La-Directora-1024x742.jpg 1024w, https:\/\/experienciadevida.com.ar\/portalurbano\/wp-content\/uploads\/2022\/08\/La-Directora-300x217.jpg 300w, https:\/\/experienciadevida.com.ar\/portalurbano\/wp-content\/uploads\/2022\/08\/La-Directora-768x556.jpg 768w, https:\/\/experienciadevida.com.ar\/portalurbano\/wp-content\/uploads\/2022\/08\/La-Directora-150x109.jpg 150w, https:\/\/experienciadevida.com.ar\/portalurbano\/wp-content\/uploads\/2022\/08\/La-Directora.jpg 1280w\" sizes=\"(max-width: 900px) 100vw, 900px\" \/><\/a><\/p>\n<p>Estuvieron presentes en la jornada el director de la Unidad Carlos Silva, el Subdirector de Asistencia y Tratamiento Juan Navarro, el Jefe de Asistencia y Tratamiento Facundo Luna y la coordinadora del pabell\u00f3n de Diversidad Daniela Di Mateo.<\/p>\n<p>\u201cEstamos presentes para conversar, con la finalidad de reconocer las necesidades que tienen y pensar programas tratamentales con perspectiva de g\u00e9nero que les otorguen herramientas y conocimientos. Donde puedan capitalizar su tiempo de detenci\u00f3n y poder, al momento de obtener su libertad, contar con un conjunto de herramientas que posibiliten una adecuada inserci\u00f3n social\u201d, destac\u00f3 Soubercazes.<\/p>\n<p>Por otra parte, la subdirecci\u00f3n general tiene como objetivo enaltecer las diversas actividades existentes y pensadas desde la transversalizaci\u00f3n de g\u00e9nero. \u201cEs importante la desconstrucci\u00f3n del rol femenino frente a la hegemon\u00eda patriarcal de los oficios y actividades t\u00edpicos de cada g\u00e9nero; esto siempre de acuerdo a las necesidades del colectivo de poblaci\u00f3n femenina y trans\u201d, finaliz\u00f3 la Directora de Pol\u00edtica de G\u00e9nero.<\/p>\n<p><a href=\"https:\/\/experienciadevida.com.ar\/portalurbano\/la-directora-de-politica-de-genero-del-spb-recorrio-el-pabellon-de-diversidad-de-la-unidad-n2\/de-35\/\" rel=\"attachment wp-att-173443\"><img decoding=\"async\" class=\"alignnone size-large wp-image-173443\" src=\"https:\/\/experienciadevida.com.ar\/portalurbano\/wp-content\/uploads\/2022\/08\/de-2-1024x634.jpg\" alt=\"de \" width=\"900\" height=\"557\" srcset=\"https:\/\/experienciadevida.com.ar\/portalurbano\/wp-content\/uploads\/2022\/08\/de-2-1024x634.jpg 1024w, https:\/\/experienciadevida.com.ar\/portalurbano\/wp-content\/uploads\/2022\/08\/de-2-300x186.jpg 300w, https:\/\/experienciadevida.com.ar\/portalurbano\/wp-content\/uploads\/2022\/08\/de-2-768x476.jpg 768w, https:\/\/experienciadevida.com.ar\/portalurbano\/wp-content\/uploads\/2022\/08\/de-2-150x93.jpg 150w, https:\/\/experienciadevida.com.ar\/portalurbano\/wp-content\/uploads\/2022\/08\/de-2.jpg 1280w\" sizes=\"(max-width: 900px) 100vw, 900px\" \/><\/a><\/p>\n<p>La jornada incluy\u00f3 una reuni\u00f3n de trabajo de la comitiva con Hugo Leira de la Defensor\u00eda P\u00fablica Departamental de Azul, Norberto Almeida del Instituto Nacional contra la Discriminaci\u00f3n, la Xenofobia y el Racismo (INADI), Carlos Rodr\u00edguez del Programa de Extensi\u00f3n Chesida y C\u00e1tedra Libre (FACSO-UNICEN) y la profesora Magdalena Alicata del Observatorio de Educaci\u00f3n, Pol\u00edticas P\u00fablicas y Derechos (FACSO-UNICEN). La mesa de trabajo busc\u00f3 coordinar objetivos, compartir conocimiento y perspectivas en funci\u00f3n de otorgar respuestas al colectivo trans de la Unidad N\u00b02.<\/p>\n<p>Fuente y Fotos: Servicio Penitenciario Bonaerense<\/p>\n<p><a href=\"https:\/\/experienciadevida.com.ar\/portalurbano\/la-directora-de-politica-de-genero-del-spb-recorrio-el-pabellon-de-diversidad-de-la-unidad-n2\/politica\/\" rel=\"attachment wp-att-173444\"><img decoding=\"async\" class=\"alignnone size-large wp-image-173444\" src=\"https:\/\/experienciadevida.com.ar\/portalurbano\/wp-content\/uploads\/2022\/08\/politica-1024x629.jpg\" alt=\"pol\u00edtica \" width=\"900\" height=\"553\" srcset=\"https:\/\/experienciadevida.com.ar\/portalurbano\/wp-content\/uploads\/2022\/08\/politica-1024x629.jpg 1024w, https:\/\/experienciadevida.com.ar\/portalurbano\/wp-content\/uploads\/2022\/08\/politica-300x184.jpg 300w, https:\/\/experienciadevida.com.ar\/portalurbano\/wp-content\/uploads\/2022\/08\/politica-768x472.jpg 768w, https:\/\/experienciadevida.com.ar\/portalurbano\/wp-content\/uploads\/2022\/08\/politica-150x92.jpg 150w, https:\/\/experienciadevida.com.ar\/portalurbano\/wp-content\/uploads\/2022\/08\/politica.jpg 1280w\" sizes=\"(max-width: 900px) 100vw, 900px\" \/><\/a><\/p>\n","protected":false},"excerpt":{"rendered":"<p>La Directora de Pol\u00edtica de G\u00e9nero del SPB recorri\u00f3 el pabell\u00f3n de Diversidad de la&#8230;<\/p>\n","protected":false},"author":1,"featured_media":173441,"comment_status":"closed","ping_status":"closed","sticky":false,"template":"","format":"standard","meta":{"content-type":""},"categories":[27],"tags":[],"nelio_content":{"isAutoShareEnabled":false,"autoShareEndMode":"default","automationSources":{"useContentSentences":true,"useSocialTemplates":true,"useCustomSentences":false,"customSentences":[]},"followers":[1],"suggestedReferences":[],"includedReferences":[],"efiUrl":"","efiAlt":"","highlights":[]},"yoast_head":"<!-- This site is optimized with the Yoast SEO plugin v20.7 - https:\/\/yoast.com\/wordpress\/plugins\/seo\/ -->\n<title>La Directora de pol\u00edtica de g\u00e9nero del SPB recorri\u00f3 el pabell\u00f3n<\/title>\n<meta name=\"description\" content=\"La Directora de Pol\u00edtica de G\u00e9nero del SPB recorri\u00f3 el pabell\u00f3n de Diversidad de la Unidad N\u00b02, la Directora de Pol\u00edtica de g\u00e9nero\" \/>\n<meta name=\"robots\" content=\"index, follow, max-snippet:-1, max-image-preview:large, max-video-preview:-1\" \/>\n<link rel=\"canonical\" href=\"https:\/\/experienciadevida.com.ar\/portalurbano\/la-directora-de-politica-de-genero-del-spb-recorrio-el-pabellon-de-diversidad-de-la-unidad-n2\/\" \/>\n<meta property=\"og:locale\" content=\"es_ES\" \/>\n<meta property=\"og:type\" content=\"article\" \/>\n<meta property=\"og:title\" content=\"La Directora de pol\u00edtica de g\u00e9nero del SPB recorri\u00f3 el pabell\u00f3n\" \/>\n<meta property=\"og:description\" content=\"La Directora de Pol\u00edtica de G\u00e9nero del SPB recorri\u00f3 el pabell\u00f3n de Diversidad de la Unidad N\u00b02, la Directora de Pol\u00edtica de g\u00e9nero\" \/>\n<meta property=\"og:url\" content=\"https:\/\/experienciadevida.com.ar\/portalurbano\/la-directora-de-politica-de-genero-del-spb-recorrio-el-pabellon-de-diversidad-de-la-unidad-n2\/\" \/>\n<meta property=\"article:publisher\" content=\"https:\/\/www.facebook.com\/Portal-Urbano-171542830093757\/\" \/>\n<meta property=\"article:published_time\" content=\"2022-08-16T14:34:04+00:00\" \/>\n<meta property=\"article:modified_time\" content=\"2022-08-16T14:36:45+00:00\" \/>\n<meta property=\"og:image\" content=\"https:\/\/experienciadevida.com.ar\/portalurbano\/wp-content\/uploads\/2022\/08\/La-Directora-de-Politica.jpg\" \/>\n\t<meta property=\"og:image:width\" content=\"1040\" \/>\n\t<meta property=\"og:image:height\" content=\"780\" \/>\n\t<meta property=\"og:image:type\" content=\"image\/jpeg\" \/>\n<meta name=\"author\" content=\"admpu17wp\" \/>\n<meta name=\"twitter:card\" content=\"summary_large_image\" \/>\n<meta name=\"twitter:creator\" content=\"@portalurbanook\" \/>\n<meta name=\"twitter:site\" content=\"@portalurbanook\" \/>\n<meta name=\"twitter:label1\" content=\"Escrito por\" \/>\n\t<meta name=\"twitter:data1\" content=\"admpu17wp\" \/>\n\t<meta name=\"twitter:label2\" content=\"Tiempo de lectura\" \/>\n\t<meta name=\"twitter:data2\" content=\"3 minutos\" \/>\n<script type=\"application\/ld+json\" class=\"yoast-schema-graph\">{\"@context\":\"https:\/\/schema.org\",\"@graph\":[{\"@type\":\"Article\",\"@id\":\"https:\/\/experienciadevida.com.ar\/portalurbano\/la-directora-de-politica-de-genero-del-spb-recorrio-el-pabellon-de-diversidad-de-la-unidad-n2\/#article\",\"isPartOf\":{\"@id\":\"https:\/\/experienciadevida.com.ar\/portalurbano\/la-directora-de-politica-de-genero-del-spb-recorrio-el-pabellon-de-diversidad-de-la-unidad-n2\/\"},\"author\":{\"name\":\"admpu17wp\",\"@id\":\"https:\/\/experienciadevida.com.ar\/portalurbano\/#\/schema\/person\/02dd326b1c4b056e9cc972486934a3a7\"},\"headline\":\"La Directora de Pol\u00edtica de G\u00e9nero del SPB recorri\u00f3 el pabell\u00f3n de Diversidad de la Unidad N\u00b02\",\"datePublished\":\"2022-08-16T14:34:04+00:00\",\"dateModified\":\"2022-08-16T14:36:45+00:00\",\"mainEntityOfPage\":{\"@id\":\"https:\/\/experienciadevida.com.ar\/portalurbano\/la-directora-de-politica-de-genero-del-spb-recorrio-el-pabellon-de-diversidad-de-la-unidad-n2\/\"},\"wordCount\":409,\"publisher\":{\"@id\":\"https:\/\/experienciadevida.com.ar\/portalurbano\/#organization\"},\"articleSection\":[\"Ciudad\"],\"inLanguage\":\"es\"},{\"@type\":\"WebPage\",\"@id\":\"https:\/\/experienciadevida.com.ar\/portalurbano\/la-directora-de-politica-de-genero-del-spb-recorrio-el-pabellon-de-diversidad-de-la-unidad-n2\/\",\"url\":\"https:\/\/experienciadevida.com.ar\/portalurbano\/la-directora-de-politica-de-genero-del-spb-recorrio-el-pabellon-de-diversidad-de-la-unidad-n2\/\",\"name\":\"La Directora de pol\u00edtica de g\u00e9nero del SPB recorri\u00f3 el pabell\u00f3n\",\"isPartOf\":{\"@id\":\"https:\/\/experienciadevida.com.ar\/portalurbano\/#website\"},\"datePublished\":\"2022-08-16T14:34:04+00:00\",\"dateModified\":\"2022-08-16T14:36:45+00:00\",\"description\":\"La Directora de Pol\u00edtica de G\u00e9nero del SPB recorri\u00f3 el pabell\u00f3n de Diversidad de la Unidad N\u00b02, la Directora de Pol\u00edtica de g\u00e9nero\",\"breadcrumb\":{\"@id\":\"https:\/\/experienciadevida.com.ar\/portalurbano\/la-directora-de-politica-de-genero-del-spb-recorrio-el-pabellon-de-diversidad-de-la-unidad-n2\/#breadcrumb\"},\"inLanguage\":\"es\",\"potentialAction\":[{\"@type\":\"ReadAction\",\"target\":[\"https:\/\/experienciadevida.com.ar\/portalurbano\/la-directora-de-politica-de-genero-del-spb-recorrio-el-pabellon-de-diversidad-de-la-unidad-n2\/\"]}]},{\"@type\":\"BreadcrumbList\",\"@id\":\"https:\/\/experienciadevida.com.ar\/portalurbano\/la-directora-de-politica-de-genero-del-spb-recorrio-el-pabellon-de-diversidad-de-la-unidad-n2\/#breadcrumb\",\"itemListElement\":[{\"@type\":\"ListItem\",\"position\":1,\"name\":\"Portada\",\"item\":\"https:\/\/experienciadevida.com.ar\/portalurbano\/\"},{\"@type\":\"ListItem\",\"position\":2,\"name\":\"La Directora de Pol\u00edtica de G\u00e9nero del SPB recorri\u00f3 el pabell\u00f3n de Diversidad de la Unidad N\u00b02\"}]},{\"@type\":\"WebSite\",\"@id\":\"https:\/\/experienciadevida.com.ar\/portalurbano\/#website\",\"url\":\"https:\/\/experienciadevida.com.ar\/portalurbano\/\",\"name\":\"\",\"description\":\"\",\"publisher\":{\"@id\":\"https:\/\/experienciadevida.com.ar\/portalurbano\/#organization\"},\"potentialAction\":[{\"@type\":\"SearchAction\",\"target\":{\"@type\":\"EntryPoint\",\"urlTemplate\":\"https:\/\/experienciadevida.com.ar\/portalurbano\/?s={search_term_string}\"},\"query-input\":\"required name=search_term_string\"}],\"inLanguage\":\"es\"},{\"@type\":\"Organization\",\"@id\":\"https:\/\/experienciadevida.com.ar\/portalurbano\/#organization\",\"name\":\"Portal Urbano\",\"url\":\"https:\/\/experienciadevida.com.ar\/portalurbano\/\",\"logo\":{\"@type\":\"ImageObject\",\"inLanguage\":\"es\",\"@id\":\"https:\/\/experienciadevida.com.ar\/portalurbano\/#\/schema\/logo\/image\/\",\"url\":\"https:\/\/experienciadevida.com.ar\/portalurbano\/wp-content\/uploads\/2019\/09\/Logo-Original.png\",\"contentUrl\":\"https:\/\/experienciadevida.com.ar\/portalurbano\/wp-content\/uploads\/2019\/09\/Logo-Original.png\",\"width\":2236,\"height\":1216,\"caption\":\"Portal Urbano\"},\"image\":{\"@id\":\"https:\/\/experienciadevida.com.ar\/portalurbano\/#\/schema\/logo\/image\/\"},\"sameAs\":[\"https:\/\/www.facebook.com\/Portal-Urbano-171542830093757\/\",\"https:\/\/twitter.com\/portalurbanook\",\"https:\/\/www.instagram.com\/_portalurbano\/\",\"https:\/\/www.youtube.com\/channel\/UCXhagIfszH8KxFiOok79zbA?view_as=subscriber\"]},{\"@type\":\"Person\",\"@id\":\"https:\/\/experienciadevida.com.ar\/portalurbano\/#\/schema\/person\/02dd326b1c4b056e9cc972486934a3a7\",\"name\":\"admpu17wp\",\"image\":{\"@type\":\"ImageObject\",\"inLanguage\":\"es\",\"@id\":\"https:\/\/experienciadevida.com.ar\/portalurbano\/#\/schema\/person\/image\/\",\"url\":\"https:\/\/secure.gravatar.com\/avatar\/830d4c57adaae6630765e449a6908047?s=96&d=mm&r=g\",\"contentUrl\":\"https:\/\/secure.gravatar.com\/avatar\/830d4c57adaae6630765e449a6908047?s=96&d=mm&r=g\",\"caption\":\"admpu17wp\"}}]}<\/script>\n<!-- \/ Yoast SEO plugin. -->","yoast_head_json":{"title":"La Directora de pol\u00edtica de g\u00e9nero del SPB recorri\u00f3 el pabell\u00f3n","description":"La Directora de Pol\u00edtica de G\u00e9nero del SPB recorri\u00f3 el pabell\u00f3n de Diversidad de la Unidad N\u00b02, la Directora de Pol\u00edtica de g\u00e9nero","robots":{"index":"index","follow":"follow","max-snippet":"max-snippet:-1","max-image-preview":"max-image-preview:large","max-video-preview":"max-video-preview:-1"},"canonical":"https:\/\/experienciadevida.com.ar\/portalurbano\/la-directora-de-politica-de-genero-del-spb-recorrio-el-pabellon-de-diversidad-de-la-unidad-n2\/","og_locale":"es_ES","og_type":"article","og_title":"La Directora de pol\u00edtica de g\u00e9nero del SPB recorri\u00f3 el pabell\u00f3n","og_description":"La Directora de Pol\u00edtica de G\u00e9nero del SPB recorri\u00f3 el pabell\u00f3n de Diversidad de la Unidad N\u00b02, la Directora de Pol\u00edtica de g\u00e9nero","og_url":"https:\/\/experienciadevida.com.ar\/portalurbano\/la-directora-de-politica-de-genero-del-spb-recorrio-el-pabellon-de-diversidad-de-la-unidad-n2\/","article_publisher":"https:\/\/www.facebook.com\/Portal-Urbano-171542830093757\/","article_published_time":"2022-08-16T14:34:04+00:00","article_modified_time":"2022-08-16T14:36:45+00:00","og_image":[{"width":1040,"height":780,"url":"https:\/\/experienciadevida.com.ar\/portalurbano\/wp-content\/uploads\/2022\/08\/La-Directora-de-Politica.jpg","type":"image\/jpeg"}],"author":"admpu17wp","twitter_card":"summary_large_image","twitter_creator":"@portalurbanook","twitter_site":"@portalurbanook","twitter_misc":{"Escrito por":"admpu17wp","Tiempo de lectura":"3 minutos"},"schema":{"@context":"https:\/\/schema.org","@graph":[{"@type":"Article","@id":"https:\/\/experienciadevida.com.ar\/portalurbano\/la-directora-de-politica-de-genero-del-spb-recorrio-el-pabellon-de-diversidad-de-la-unidad-n2\/#article","isPartOf":{"@id":"https:\/\/experienciadevida.com.ar\/portalurbano\/la-directora-de-politica-de-genero-del-spb-recorrio-el-pabellon-de-diversidad-de-la-unidad-n2\/"},"author":{"name":"admpu17wp","@id":"https:\/\/experienciadevida.com.ar\/portalurbano\/#\/schema\/person\/02dd326b1c4b056e9cc972486934a3a7"},"headline":"La Directora de Pol\u00edtica de G\u00e9nero del SPB recorri\u00f3 el pabell\u00f3n de Diversidad de la Unidad N\u00b02","datePublished":"2022-08-16T14:34:04+00:00","dateModified":"2022-08-16T14:36:45+00:00","mainEntityOfPage":{"@id":"https:\/\/experienciadevida.com.ar\/portalurbano\/la-directora-de-politica-de-genero-del-spb-recorrio-el-pabellon-de-diversidad-de-la-unidad-n2\/"},"wordCount":409,"publisher":{"@id":"https:\/\/experienciadevida.com.ar\/portalurbano\/#organization"},"articleSection":["Ciudad"],"inLanguage":"es"},{"@type":"WebPage","@id":"https:\/\/experienciadevida.com.ar\/portalurbano\/la-directora-de-politica-de-genero-del-spb-recorrio-el-pabellon-de-diversidad-de-la-unidad-n2\/","url":"https:\/\/experienciadevida.com.ar\/portalurbano\/la-directora-de-politica-de-genero-del-spb-recorrio-el-pabellon-de-diversidad-de-la-unidad-n2\/","name":"La Directora de pol\u00edtica de g\u00e9nero del SPB recorri\u00f3 el pabell\u00f3n","isPartOf":{"@id":"https:\/\/experienciadevida.com.ar\/portalurbano\/#website"},"datePublished":"2022-08-16T14:34:04+00:00","dateModified":"2022-08-16T14:36:45+00:00","description":"La Directora de Pol\u00edtica de G\u00e9nero del SPB recorri\u00f3 el pabell\u00f3n de Diversidad de la Unidad N\u00b02, la Directora de Pol\u00edtica de g\u00e9nero","breadcrumb":{"@id":"https:\/\/experienciadevida.com.ar\/portalurbano\/la-directora-de-politica-de-genero-del-spb-recorrio-el-pabellon-de-diversidad-de-la-unidad-n2\/#breadcrumb"},"inLanguage":"es","potentialAction":[{"@type":"ReadAction","target":["https:\/\/experienciadevida.com.ar\/portalurbano\/la-directora-de-politica-de-genero-del-spb-recorrio-el-pabellon-de-diversidad-de-la-unidad-n2\/"]}]},{"@type":"BreadcrumbList","@id":"https:\/\/experienciadevida.com.ar\/portalurbano\/la-directora-de-politica-de-genero-del-spb-recorrio-el-pabellon-de-diversidad-de-la-unidad-n2\/#breadcrumb","itemListElement":[{"@type":"ListItem","position":1,"name":"Portada","item":"https:\/\/experienciadevida.com.ar\/portalurbano\/"},{"@type":"ListItem","position":2,"name":"La Directora de Pol\u00edtica de G\u00e9nero del SPB recorri\u00f3 el pabell\u00f3n de Diversidad de la Unidad N\u00b02"}]},{"@type":"WebSite","@id":"https:\/\/experienciadevida.com.ar\/portalurbano\/#website","url":"https:\/\/experienciadevida.com.ar\/portalurbano\/","name":"","description":"","publisher":{"@id":"https:\/\/experienciadevida.com.ar\/portalurbano\/#organization"},"potentialAction":[{"@type":"SearchAction","target":{"@type":"EntryPoint","urlTemplate":"https:\/\/experienciadevida.com.ar\/portalurbano\/?s={search_term_string}"},"query-input":"required name=search_term_string"}],"inLanguage":"es"},{"@type":"Organization","@id":"https:\/\/experienciadevida.com.ar\/portalurbano\/#organization","name":"Portal Urbano","url":"https:\/\/experienciadevida.com.ar\/portalurbano\/","logo":{"@type":"ImageObject","inLanguage":"es","@id":"https:\/\/experienciadevida.com.ar\/portalurbano\/#\/schema\/logo\/image\/","url":"https:\/\/experienciadevida.com.ar\/portalurbano\/wp-content\/uploads\/2019\/09\/Logo-Original.png","contentUrl":"https:\/\/experienciadevida.com.ar\/portalurbano\/wp-content\/uploads\/2019\/09\/Logo-Original.png","width":2236,"height":1216,"caption":"Portal Urbano"},"image":{"@id":"https:\/\/experienciadevida.com.ar\/portalurbano\/#\/schema\/logo\/image\/"},"sameAs":["https:\/\/www.facebook.com\/Portal-Urbano-171542830093757\/","https:\/\/twitter.com\/portalurbanook","https:\/\/www.instagram.com\/_portalurbano\/","https:\/\/www.youtube.com\/channel\/UCXhagIfszH8KxFiOok79zbA?view_as=subscriber"]},{"@type":"Person","@id":"https:\/\/experienciadevida.com.ar\/portalurbano\/#\/schema\/person\/02dd326b1c4b056e9cc972486934a3a7","name":"admpu17wp","image":{"@type":"ImageObject","inLanguage":"es","@id":"https:\/\/experienciadevida.com.ar\/portalurbano\/#\/schema\/person\/image\/","url":"https:\/\/secure.gravatar.com\/avatar\/830d4c57adaae6630765e449a6908047?s=96&d=mm&r=g","contentUrl":"https:\/\/secure.gravatar.com\/avatar\/830d4c57adaae6630765e449a6908047?s=96&d=mm&r=g","caption":"admpu17wp"}}]}},"featured_image_urls":{"full":["https:\/\/experienciadevida.com.ar\/portalurbano\/wp-content\/uploads\/2022\/08\/La-Directora-de-Politica.jpg",1040,780,false],"thumbnail":["https:\/\/experienciadevida.com.ar\/portalurbano\/wp-content\/uploads\/2022\/08\/La-Directora-de-Politica-150x150.jpg",150,150,true],"medium":["https:\/\/experienciadevida.com.ar\/portalurbano\/wp-content\/uploads\/2022\/08\/La-Directora-de-Politica-300x225.jpg",300,225,true],"medium_large":["https:\/\/experienciadevida.com.ar\/portalurbano\/wp-content\/uploads\/2022\/08\/La-Directora-de-Politica-768x576.jpg",640,480,true],"large":["https:\/\/experienciadevida.com.ar\/portalurbano\/wp-content\/uploads\/2022\/08\/La-Directora-de-Politica-1024x768.jpg",640,480,true],"ug_big":["https:\/\/experienciadevida.com.ar\/portalurbano\/wp-content\/uploads\/2022\/08\/La-Directora-de-Politica-768x576.jpg",768,576,true],"1536x1536":["https:\/\/experienciadevida.com.ar\/portalurbano\/wp-content\/uploads\/2022\/08\/La-Directora-de-Politica.jpg",1040,780,false],"2048x2048":["https:\/\/experienciadevida.com.ar\/portalurbano\/wp-content\/uploads\/2022\/08\/La-Directora-de-Politica.jpg",1040,780,false],"newsever-slider-full":["https:\/\/experienciadevida.com.ar\/portalurbano\/wp-content\/uploads\/2022\/08\/La-Directora-de-Politica.jpg",1040,780,false],"newsever-featured":["https:\/\/experienciadevida.com.ar\/portalurbano\/wp-content\/uploads\/2022\/08\/La-Directora-de-Politica.jpg",1024,768,false],"newsever-medium":["https:\/\/experienciadevida.com.ar\/portalurbano\/wp-content\/uploads\/2022\/08\/La-Directora-de-Politica.jpg",633,475,false],"web-stories-poster-portrait":["https:\/\/experienciadevida.com.ar\/portalurbano\/wp-content\/uploads\/2022\/08\/La-Directora-de-Politica-640x780.jpg",640,780,true],"web-stories-publisher-logo":["https:\/\/experienciadevida.com.ar\/portalurbano\/wp-content\/uploads\/2022\/08\/La-Directora-de-Politica-96x96.jpg",96,96,true],"web-stories-thumbnail":["https:\/\/experienciadevida.com.ar\/portalurbano\/wp-content\/uploads\/2022\/08\/La-Directora-de-Politica-150x113.jpg",150,113,true]},"author_info":{"display_name":"admpu17wp","author_link":"https:\/\/experienciadevida.com.ar\/portalurbano\/author\/admpu17wp\/"},"category_info":"<a href=\"https:\/\/experienciadevida.com.ar\/portalurbano\/category\/ciudad\/\" rel=\"category tag\">Ciudad<\/a>","tag_info":"Ciudad","comment_count":"0","amp_enabled":true,"_links":{"self":[{"href":"https:\/\/experienciadevida.com.ar\/portalurbano\/wp-json\/wp\/v2\/posts\/173440"}],"collection":[{"href":"https:\/\/experienciadevida.com.ar\/portalurbano\/wp-json\/wp\/v2\/posts"}],"about":[{"href":"https:\/\/experienciadevida.com.ar\/portalurbano\/wp-json\/wp\/v2\/types\/post"}],"author":[{"embeddable":true,"href":"https:\/\/experienciadevida.com.ar\/portalurbano\/wp-json\/wp\/v2\/users\/1"}],"replies":[{"embeddable":true,"href":"https:\/\/experienciadevida.com.ar\/portalurbano\/wp-json\/wp\/v2\/comments?post=173440"}],"version-history":[{"count":3,"href":"https:\/\/experienciadevida.com.ar\/portalurbano\/wp-json\/wp\/v2\/posts\/173440\/revisions"}],"predecessor-version":[{"id":173447,"href":"https:\/\/experienciadevida.com.ar\/portalurbano\/wp-json\/wp\/v2\/posts\/173440\/revisions\/173447"}],"wp:featuredmedia":[{"embeddable":true,"href":"https:\/\/experienciadevida.com.ar\/portalurbano\/wp-json\/wp\/v2\/media\/173441"}],"wp:attachment":[{"href":"https:\/\/experienciadevida.com.ar\/portalurbano\/wp-json\/wp\/v2\/media?parent=173440"}],"wp:term":[{"taxonomy":"category","embeddable":true,"href":"https:\/\/experienciadevida.com.ar\/portalurbano\/wp-json\/wp\/v2\/categories?post=173440"},{"taxonomy":"post_tag","embeddable":true,"href":"https:\/\/experienciadevida.com.ar\/portalurbano\/wp-json\/wp\/v2\/tags?post=173440"}],"curies":[{"name":"wp","href":"https:\/\/api.w.org\/{rel}","templated":true}]}}