{"id":173390,"date":"2022-08-15T13:18:45","date_gmt":"2022-08-15T16:18:45","guid":{"rendered":"https:\/\/experienciadevida.com.ar\/portalurbano\/?p=173390"},"modified":"2022-08-15T13:18:45","modified_gmt":"2022-08-15T16:18:45","slug":"feriados-entre-la-conmemoracion-y-el-ocio","status":"publish","type":"post","link":"https:\/\/experienciadevida.com.ar\/portalurbano\/feriados-entre-la-conmemoracion-y-el-ocio\/","title":{"rendered":"Feriados, entre la conmemoraci\u00f3n y el ocio"},"content":{"rendered":"<p><strong>Por Daniel Sinopoli, director del Departamento de Ciencias Sociales y Humanidades de Universidad Argentina de la Empresa (UADE).<\/strong><\/p>\n<hr \/>\n<p>Son dos perspectivas bien distintas. Por un lado, la de la tradicional evocaci\u00f3n de esas ma\u00f1anas del 9 de julio o del 17 de agosto en que la familia despertaba temprano y, luego del desayuno, hac\u00eda los \u00faltimos preparativos para emprender la caminata a la escuela, vestida de fiesta y aromas de mate cocido, pastelitos fritos y corcho quemado para maquillar a los que hicieran de mulatos.<\/p>\n<p>La otra perspectiva tambi\u00e9n incluye preparativos pero con distinto objetivo y velocidad: en la tarde del 8 o del 16, la premisa es organizar equipajes y salir raudamente con el auto para evitar las caravanas; all\u00ed adelante espera el descanso que, gracias a un d\u00eda puente o al traslado a viernes o lunes &#8211; tal como suceder\u00e1 por ejemplo con el 17 de agosto o el 12 de octubre &#8211; podr\u00e1 extenderse por cuatro d\u00edas.<\/p>\n<div class=\"related-news\">\n<article>Los planes de aprovechamiento del tiempo libre para turismo y otras actividades no laborales se vio favorecido en las \u00faltimas dos d\u00e9cadas por la ampliaci\u00f3n oficial de los d\u00edas no laborables, con Malvinas, Memoria, G\u00fcemes, Soberan\u00eda y m\u00e1s d\u00edas para Carnaval. Sin prejuicio de la legitimidad de estas celebraciones, lo cierto es que la Argentina, seg\u00fan un reciente informe, est\u00e1 cuarto entre los pa\u00edses con m\u00e1s feriados, lista en la que llamativamente no se ubica pa\u00eds alguno del continente americano: primero, Ir\u00e1n con 28 feriados; luego, Sri Lanka, con 25; en tercer lugar, Camboya, con 23; y Argentina, con 20 (n\u00famero que incluye el d\u00eda del censo).<\/article>\n<\/div>\n<p>A esta altura conviene recordar qu\u00e9 son los feriados nacionales. Se denomina as\u00ed a las conmemoraciones o fiestas hist\u00f3ricas o religiosas establecidas legalmente. Es decir, no son por definici\u00f3n d\u00edas para descanso o recuperaci\u00f3n mental y f\u00edsica del que trabaja, como las vacaciones o las escapadas, aunque en general se utilicen de este modo. Sin embargo, es dif\u00edcil objetar la necesidad de que el turismo y los trabajadores de ese sector sean apoyados y promovidos, especialmente en un pa\u00eds que necesita inversiones, inyecci\u00f3n de dinero extranjero y activar sus industrias.<\/p>\n<p>Un tercio del total de dinero que se mueve hoy en transacciones digitales corresponde a la venta de pasajes y alojamientos. Hasta los sectores con menos ingresos invierten en el rubro, claro que en menor proporci\u00f3n a las clases altas.<\/p>\n<p>El fen\u00f3meno es planetario y su fuerte tendencia reviste un profundo cambio cultural. En las \u00faltimas d\u00e9cadas el viaje se ha transformado en un objeto de exhibici\u00f3n, las redes sociales dan cuenta de ello. Las propuestas se ampl\u00edan y diversifican y ya no enfocan solamente en esos &#8220;15 d\u00edas por a\u00f1o&#8221; en el mar o en las sierras.<\/p>\n<div class=\"related-news\">\n<article>\n<h3 class=\"font-400\"><span style=\"font-size: 16px;\">En la bella Argentina necesitada de trabajo, producci\u00f3n e ingresos, el negocio del turismo es clave; en un calendario de feriados altamente favorable, aprovecha el impulso del anhelo de ingentes cantidades de residentes y extranjeros de viajar, conocer y documentar p\u00fablicamente sus experiencias.<\/span><\/h3>\n<\/article>\n<\/div>\n<p>Sin perder de vista las genuinas necesidades del turismo, es admisible suponer que el pase de aquellas pr\u00e1cticas de anta\u00f1o, propias de las postales de las revistas escolares, a las actuales de meterse en internet para buscar un destino y hacer las reservas sea, en esencia, una expresi\u00f3n del ocaso de las tradiciones. En este desbalanceo, el proceso dio impulso al uso del feriado como tiempo en blanco para la recreaci\u00f3n. Ese ocaso responde, evidentemente, a la p\u00e9rdida de significaci\u00f3n cultural de ritos y festividades, al exceso de presente que se pone en la interpretaci\u00f3n del pasado, al abordaje fr\u00edvolo y sin compromiso de los hechos y personalidades de la historia. En suma, es la falta de promoci\u00f3n en el hogar, en la escuela y desde el espacio p\u00fablico de un v\u00ednculo amoroso y aut\u00e9ntico con objetos no materiales como la fe, la patria y las ideas.<\/p>\n","protected":false},"excerpt":{"rendered":"<p>Por Daniel Sinopoli, director del Departamento de Ciencias Sociales y Humanidades de Universidad Argentina de&#8230;<\/p>\n","protected":false},"author":1,"featured_media":173391,"comment_status":"closed","ping_status":"closed","sticky":false,"template":"","format":"standard","meta":{"content-type":""},"categories":[27],"tags":[691],"nelio_content":{"isAutoShareEnabled":false,"autoShareEndMode":"default","automationSources":{"useContentSentences":true,"useSocialTemplates":true,"useCustomSentences":false,"customSentences":[]},"followers":[1],"suggestedReferences":[],"includedReferences":[],"efiUrl":"","efiAlt":"","highlights":[]},"yoast_head":"<!-- This site is optimized with the Yoast SEO plugin v20.7 - https:\/\/yoast.com\/wordpress\/plugins\/seo\/ -->\n<title>Feriados, entre la conmemoraci\u00f3n y el ocio<\/title>\n<meta name=\"description\" content=\"Feriados: Por Daniel Sinopoli, director del Departamento de Ciencias Sociales y Humanidades de Universidad Argentina de la Empresa (UADE).\" \/>\n<meta name=\"robots\" content=\"index, follow, max-snippet:-1, max-image-preview:large, max-video-preview:-1\" \/>\n<link rel=\"canonical\" href=\"https:\/\/experienciadevida.com.ar\/portalurbano\/feriados-entre-la-conmemoracion-y-el-ocio\/\" \/>\n<meta property=\"og:locale\" content=\"es_ES\" \/>\n<meta property=\"og:type\" content=\"article\" \/>\n<meta property=\"og:title\" content=\"Feriados, entre la conmemoraci\u00f3n y el ocio\" \/>\n<meta property=\"og:description\" content=\"Feriados: Por Daniel Sinopoli, director del Departamento de Ciencias Sociales y Humanidades de Universidad Argentina de la Empresa (UADE).\" \/>\n<meta property=\"og:url\" content=\"https:\/\/experienciadevida.com.ar\/portalurbano\/feriados-entre-la-conmemoracion-y-el-ocio\/\" \/>\n<meta property=\"article:publisher\" content=\"https:\/\/www.facebook.com\/Portal-Urbano-171542830093757\/\" \/>\n<meta property=\"article:published_time\" content=\"2022-08-15T16:18:45+00:00\" \/>\n<meta property=\"og:image\" content=\"https:\/\/experienciadevida.com.ar\/portalurbano\/wp-content\/uploads\/2022\/08\/feriado.jpg\" \/>\n\t<meta property=\"og:image:width\" content=\"724\" \/>\n\t<meta property=\"og:image:height\" content=\"400\" \/>\n\t<meta property=\"og:image:type\" content=\"image\/jpeg\" \/>\n<meta name=\"author\" content=\"admpu17wp\" \/>\n<meta name=\"twitter:card\" content=\"summary_large_image\" \/>\n<meta name=\"twitter:creator\" content=\"@portalurbanook\" \/>\n<meta name=\"twitter:site\" content=\"@portalurbanook\" \/>\n<meta name=\"twitter:label1\" content=\"Escrito por\" \/>\n\t<meta name=\"twitter:data1\" content=\"admpu17wp\" \/>\n\t<meta name=\"twitter:label2\" content=\"Tiempo de lectura\" \/>\n\t<meta name=\"twitter:data2\" content=\"3 minutos\" \/>\n<script type=\"application\/ld+json\" class=\"yoast-schema-graph\">{\"@context\":\"https:\/\/schema.org\",\"@graph\":[{\"@type\":\"Article\",\"@id\":\"https:\/\/experienciadevida.com.ar\/portalurbano\/feriados-entre-la-conmemoracion-y-el-ocio\/#article\",\"isPartOf\":{\"@id\":\"https:\/\/experienciadevida.com.ar\/portalurbano\/feriados-entre-la-conmemoracion-y-el-ocio\/\"},\"author\":{\"name\":\"admpu17wp\",\"@id\":\"https:\/\/experienciadevida.com.ar\/portalurbano\/#\/schema\/person\/02dd326b1c4b056e9cc972486934a3a7\"},\"headline\":\"Feriados, entre la conmemoraci\u00f3n y el ocio\",\"datePublished\":\"2022-08-15T16:18:45+00:00\",\"dateModified\":\"2022-08-15T16:18:45+00:00\",\"mainEntityOfPage\":{\"@id\":\"https:\/\/experienciadevida.com.ar\/portalurbano\/feriados-entre-la-conmemoracion-y-el-ocio\/\"},\"wordCount\":691,\"publisher\":{\"@id\":\"https:\/\/experienciadevida.com.ar\/portalurbano\/#organization\"},\"keywords\":[\"Feriados\"],\"articleSection\":[\"Ciudad\"],\"inLanguage\":\"es\"},{\"@type\":\"WebPage\",\"@id\":\"https:\/\/experienciadevida.com.ar\/portalurbano\/feriados-entre-la-conmemoracion-y-el-ocio\/\",\"url\":\"https:\/\/experienciadevida.com.ar\/portalurbano\/feriados-entre-la-conmemoracion-y-el-ocio\/\",\"name\":\"Feriados, entre la conmemoraci\u00f3n y el ocio\",\"isPartOf\":{\"@id\":\"https:\/\/experienciadevida.com.ar\/portalurbano\/#website\"},\"datePublished\":\"2022-08-15T16:18:45+00:00\",\"dateModified\":\"2022-08-15T16:18:45+00:00\",\"description\":\"Feriados: Por Daniel Sinopoli, director del Departamento de Ciencias Sociales y Humanidades de Universidad Argentina de la Empresa (UADE).\",\"breadcrumb\":{\"@id\":\"https:\/\/experienciadevida.com.ar\/portalurbano\/feriados-entre-la-conmemoracion-y-el-ocio\/#breadcrumb\"},\"inLanguage\":\"es\",\"potentialAction\":[{\"@type\":\"ReadAction\",\"target\":[\"https:\/\/experienciadevida.com.ar\/portalurbano\/feriados-entre-la-conmemoracion-y-el-ocio\/\"]}]},{\"@type\":\"BreadcrumbList\",\"@id\":\"https:\/\/experienciadevida.com.ar\/portalurbano\/feriados-entre-la-conmemoracion-y-el-ocio\/#breadcrumb\",\"itemListElement\":[{\"@type\":\"ListItem\",\"position\":1,\"name\":\"Portada\",\"item\":\"https:\/\/experienciadevida.com.ar\/portalurbano\/\"},{\"@type\":\"ListItem\",\"position\":2,\"name\":\"Feriados, entre la conmemoraci\u00f3n y el ocio\"}]},{\"@type\":\"WebSite\",\"@id\":\"https:\/\/experienciadevida.com.ar\/portalurbano\/#website\",\"url\":\"https:\/\/experienciadevida.com.ar\/portalurbano\/\",\"name\":\"\",\"description\":\"\",\"publisher\":{\"@id\":\"https:\/\/experienciadevida.com.ar\/portalurbano\/#organization\"},\"potentialAction\":[{\"@type\":\"SearchAction\",\"target\":{\"@type\":\"EntryPoint\",\"urlTemplate\":\"https:\/\/experienciadevida.com.ar\/portalurbano\/?s={search_term_string}\"},\"query-input\":\"required name=search_term_string\"}],\"inLanguage\":\"es\"},{\"@type\":\"Organization\",\"@id\":\"https:\/\/experienciadevida.com.ar\/portalurbano\/#organization\",\"name\":\"Portal Urbano\",\"url\":\"https:\/\/experienciadevida.com.ar\/portalurbano\/\",\"logo\":{\"@type\":\"ImageObject\",\"inLanguage\":\"es\",\"@id\":\"https:\/\/experienciadevida.com.ar\/portalurbano\/#\/schema\/logo\/image\/\",\"url\":\"https:\/\/experienciadevida.com.ar\/portalurbano\/wp-content\/uploads\/2019\/09\/Logo-Original.png\",\"contentUrl\":\"https:\/\/experienciadevida.com.ar\/portalurbano\/wp-content\/uploads\/2019\/09\/Logo-Original.png\",\"width\":2236,\"height\":1216,\"caption\":\"Portal Urbano\"},\"image\":{\"@id\":\"https:\/\/experienciadevida.com.ar\/portalurbano\/#\/schema\/logo\/image\/\"},\"sameAs\":[\"https:\/\/www.facebook.com\/Portal-Urbano-171542830093757\/\",\"https:\/\/twitter.com\/portalurbanook\",\"https:\/\/www.instagram.com\/_portalurbano\/\",\"https:\/\/www.youtube.com\/channel\/UCXhagIfszH8KxFiOok79zbA?view_as=subscriber\"]},{\"@type\":\"Person\",\"@id\":\"https:\/\/experienciadevida.com.ar\/portalurbano\/#\/schema\/person\/02dd326b1c4b056e9cc972486934a3a7\",\"name\":\"admpu17wp\",\"image\":{\"@type\":\"ImageObject\",\"inLanguage\":\"es\",\"@id\":\"https:\/\/experienciadevida.com.ar\/portalurbano\/#\/schema\/person\/image\/\",\"url\":\"https:\/\/secure.gravatar.com\/avatar\/830d4c57adaae6630765e449a6908047?s=96&d=mm&r=g\",\"contentUrl\":\"https:\/\/secure.gravatar.com\/avatar\/830d4c57adaae6630765e449a6908047?s=96&d=mm&r=g\",\"caption\":\"admpu17wp\"}}]}<\/script>\n<!-- \/ Yoast SEO plugin. -->","yoast_head_json":{"title":"Feriados, entre la conmemoraci\u00f3n y el ocio","description":"Feriados: Por Daniel Sinopoli, director del Departamento de Ciencias Sociales y Humanidades de Universidad Argentina de la Empresa (UADE).","robots":{"index":"index","follow":"follow","max-snippet":"max-snippet:-1","max-image-preview":"max-image-preview:large","max-video-preview":"max-video-preview:-1"},"canonical":"https:\/\/experienciadevida.com.ar\/portalurbano\/feriados-entre-la-conmemoracion-y-el-ocio\/","og_locale":"es_ES","og_type":"article","og_title":"Feriados, entre la conmemoraci\u00f3n y el ocio","og_description":"Feriados: Por Daniel Sinopoli, director del Departamento de Ciencias Sociales y Humanidades de Universidad Argentina de la Empresa (UADE).","og_url":"https:\/\/experienciadevida.com.ar\/portalurbano\/feriados-entre-la-conmemoracion-y-el-ocio\/","article_publisher":"https:\/\/www.facebook.com\/Portal-Urbano-171542830093757\/","article_published_time":"2022-08-15T16:18:45+00:00","og_image":[{"width":724,"height":400,"url":"https:\/\/experienciadevida.com.ar\/portalurbano\/wp-content\/uploads\/2022\/08\/feriado.jpg","type":"image\/jpeg"}],"author":"admpu17wp","twitter_card":"summary_large_image","twitter_creator":"@portalurbanook","twitter_site":"@portalurbanook","twitter_misc":{"Escrito por":"admpu17wp","Tiempo de lectura":"3 minutos"},"schema":{"@context":"https:\/\/schema.org","@graph":[{"@type":"Article","@id":"https:\/\/experienciadevida.com.ar\/portalurbano\/feriados-entre-la-conmemoracion-y-el-ocio\/#article","isPartOf":{"@id":"https:\/\/experienciadevida.com.ar\/portalurbano\/feriados-entre-la-conmemoracion-y-el-ocio\/"},"author":{"name":"admpu17wp","@id":"https:\/\/experienciadevida.com.ar\/portalurbano\/#\/schema\/person\/02dd326b1c4b056e9cc972486934a3a7"},"headline":"Feriados, entre la conmemoraci\u00f3n y el ocio","datePublished":"2022-08-15T16:18:45+00:00","dateModified":"2022-08-15T16:18:45+00:00","mainEntityOfPage":{"@id":"https:\/\/experienciadevida.com.ar\/portalurbano\/feriados-entre-la-conmemoracion-y-el-ocio\/"},"wordCount":691,"publisher":{"@id":"https:\/\/experienciadevida.com.ar\/portalurbano\/#organization"},"keywords":["Feriados"],"articleSection":["Ciudad"],"inLanguage":"es"},{"@type":"WebPage","@id":"https:\/\/experienciadevida.com.ar\/portalurbano\/feriados-entre-la-conmemoracion-y-el-ocio\/","url":"https:\/\/experienciadevida.com.ar\/portalurbano\/feriados-entre-la-conmemoracion-y-el-ocio\/","name":"Feriados, entre la conmemoraci\u00f3n y el ocio","isPartOf":{"@id":"https:\/\/experienciadevida.com.ar\/portalurbano\/#website"},"datePublished":"2022-08-15T16:18:45+00:00","dateModified":"2022-08-15T16:18:45+00:00","description":"Feriados: Por Daniel Sinopoli, director del Departamento de Ciencias Sociales y Humanidades de Universidad Argentina de la Empresa (UADE).","breadcrumb":{"@id":"https:\/\/experienciadevida.com.ar\/portalurbano\/feriados-entre-la-conmemoracion-y-el-ocio\/#breadcrumb"},"inLanguage":"es","potentialAction":[{"@type":"ReadAction","target":["https:\/\/experienciadevida.com.ar\/portalurbano\/feriados-entre-la-conmemoracion-y-el-ocio\/"]}]},{"@type":"BreadcrumbList","@id":"https:\/\/experienciadevida.com.ar\/portalurbano\/feriados-entre-la-conmemoracion-y-el-ocio\/#breadcrumb","itemListElement":[{"@type":"ListItem","position":1,"name":"Portada","item":"https:\/\/experienciadevida.com.ar\/portalurbano\/"},{"@type":"ListItem","position":2,"name":"Feriados, entre la conmemoraci\u00f3n y el ocio"}]},{"@type":"WebSite","@id":"https:\/\/experienciadevida.com.ar\/portalurbano\/#website","url":"https:\/\/experienciadevida.com.ar\/portalurbano\/","name":"","description":"","publisher":{"@id":"https:\/\/experienciadevida.com.ar\/portalurbano\/#organization"},"potentialAction":[{"@type":"SearchAction","target":{"@type":"EntryPoint","urlTemplate":"https:\/\/experienciadevida.com.ar\/portalurbano\/?s={search_term_string}"},"query-input":"required name=search_term_string"}],"inLanguage":"es"},{"@type":"Organization","@id":"https:\/\/experienciadevida.com.ar\/portalurbano\/#organization","name":"Portal Urbano","url":"https:\/\/experienciadevida.com.ar\/portalurbano\/","logo":{"@type":"ImageObject","inLanguage":"es","@id":"https:\/\/experienciadevida.com.ar\/portalurbano\/#\/schema\/logo\/image\/","url":"https:\/\/experienciadevida.com.ar\/portalurbano\/wp-content\/uploads\/2019\/09\/Logo-Original.png","contentUrl":"https:\/\/experienciadevida.com.ar\/portalurbano\/wp-content\/uploads\/2019\/09\/Logo-Original.png","width":2236,"height":1216,"caption":"Portal Urbano"},"image":{"@id":"https:\/\/experienciadevida.com.ar\/portalurbano\/#\/schema\/logo\/image\/"},"sameAs":["https:\/\/www.facebook.com\/Portal-Urbano-171542830093757\/","https:\/\/twitter.com\/portalurbanook","https:\/\/www.instagram.com\/_portalurbano\/","https:\/\/www.youtube.com\/channel\/UCXhagIfszH8KxFiOok79zbA?view_as=subscriber"]},{"@type":"Person","@id":"https:\/\/experienciadevida.com.ar\/portalurbano\/#\/schema\/person\/02dd326b1c4b056e9cc972486934a3a7","name":"admpu17wp","image":{"@type":"ImageObject","inLanguage":"es","@id":"https:\/\/experienciadevida.com.ar\/portalurbano\/#\/schema\/person\/image\/","url":"https:\/\/secure.gravatar.com\/avatar\/830d4c57adaae6630765e449a6908047?s=96&d=mm&r=g","contentUrl":"https:\/\/secure.gravatar.com\/avatar\/830d4c57adaae6630765e449a6908047?s=96&d=mm&r=g","caption":"admpu17wp"}}]}},"featured_image_urls":{"full":["https:\/\/experienciadevida.com.ar\/portalurbano\/wp-content\/uploads\/2022\/08\/feriado.jpg",724,400,false],"thumbnail":["https:\/\/experienciadevida.com.ar\/portalurbano\/wp-content\/uploads\/2022\/08\/feriado-150x150.jpg",150,150,true],"medium":["https:\/\/experienciadevida.com.ar\/portalurbano\/wp-content\/uploads\/2022\/08\/feriado-300x166.jpg",300,166,true],"medium_large":["https:\/\/experienciadevida.com.ar\/portalurbano\/wp-content\/uploads\/2022\/08\/feriado.jpg",640,354,false],"large":["https:\/\/experienciadevida.com.ar\/portalurbano\/wp-content\/uploads\/2022\/08\/feriado.jpg",640,354,false],"ug_big":["https:\/\/experienciadevida.com.ar\/portalurbano\/wp-content\/uploads\/2022\/08\/feriado.jpg",724,400,false],"1536x1536":["https:\/\/experienciadevida.com.ar\/portalurbano\/wp-content\/uploads\/2022\/08\/feriado.jpg",724,400,false],"2048x2048":["https:\/\/experienciadevida.com.ar\/portalurbano\/wp-content\/uploads\/2022\/08\/feriado.jpg",724,400,false],"newsever-slider-full":["https:\/\/experienciadevida.com.ar\/portalurbano\/wp-content\/uploads\/2022\/08\/feriado.jpg",724,400,false],"newsever-featured":["https:\/\/experienciadevida.com.ar\/portalurbano\/wp-content\/uploads\/2022\/08\/feriado.jpg",724,400,false],"newsever-medium":["https:\/\/experienciadevida.com.ar\/portalurbano\/wp-content\/uploads\/2022\/08\/feriado.jpg",720,398,false],"web-stories-poster-portrait":["https:\/\/experienciadevida.com.ar\/portalurbano\/wp-content\/uploads\/2022\/08\/feriado-640x400.jpg",640,400,true],"web-stories-publisher-logo":["https:\/\/experienciadevida.com.ar\/portalurbano\/wp-content\/uploads\/2022\/08\/feriado-96x96.jpg",96,96,true],"web-stories-thumbnail":["https:\/\/experienciadevida.com.ar\/portalurbano\/wp-content\/uploads\/2022\/08\/feriado-150x83.jpg",150,83,true]},"author_info":{"display_name":"admpu17wp","author_link":"https:\/\/experienciadevida.com.ar\/portalurbano\/author\/admpu17wp\/"},"category_info":"<a href=\"https:\/\/experienciadevida.com.ar\/portalurbano\/category\/ciudad\/\" rel=\"category tag\">Ciudad<\/a>","tag_info":"Ciudad","comment_count":"0","amp_enabled":true,"_links":{"self":[{"href":"https:\/\/experienciadevida.com.ar\/portalurbano\/wp-json\/wp\/v2\/posts\/173390"}],"collection":[{"href":"https:\/\/experienciadevida.com.ar\/portalurbano\/wp-json\/wp\/v2\/posts"}],"about":[{"href":"https:\/\/experienciadevida.com.ar\/portalurbano\/wp-json\/wp\/v2\/types\/post"}],"author":[{"embeddable":true,"href":"https:\/\/experienciadevida.com.ar\/portalurbano\/wp-json\/wp\/v2\/users\/1"}],"replies":[{"embeddable":true,"href":"https:\/\/experienciadevida.com.ar\/portalurbano\/wp-json\/wp\/v2\/comments?post=173390"}],"version-history":[{"count":2,"href":"https:\/\/experienciadevida.com.ar\/portalurbano\/wp-json\/wp\/v2\/posts\/173390\/revisions"}],"predecessor-version":[{"id":173393,"href":"https:\/\/experienciadevida.com.ar\/portalurbano\/wp-json\/wp\/v2\/posts\/173390\/revisions\/173393"}],"wp:featuredmedia":[{"embeddable":true,"href":"https:\/\/experienciadevida.com.ar\/portalurbano\/wp-json\/wp\/v2\/media\/173391"}],"wp:attachment":[{"href":"https:\/\/experienciadevida.com.ar\/portalurbano\/wp-json\/wp\/v2\/media?parent=173390"}],"wp:term":[{"taxonomy":"category","embeddable":true,"href":"https:\/\/experienciadevida.com.ar\/portalurbano\/wp-json\/wp\/v2\/categories?post=173390"},{"taxonomy":"post_tag","embeddable":true,"href":"https:\/\/experienciadevida.com.ar\/portalurbano\/wp-json\/wp\/v2\/tags?post=173390"}],"curies":[{"name":"wp","href":"https:\/\/api.w.org\/{rel}","templated":true}]}}