{"id":173347,"date":"2022-08-15T10:50:25","date_gmt":"2022-08-15T13:50:25","guid":{"rendered":"https:\/\/experienciadevida.com.ar\/portalurbano\/?p=173347"},"modified":"2022-08-15T10:53:39","modified_gmt":"2022-08-15T13:53:39","slug":"desde-este-martes-el-quirofano-veterinario-atendera-en-el-barrio-coronel-dorrego","status":"publish","type":"post","link":"https:\/\/experienciadevida.com.ar\/portalurbano\/desde-este-martes-el-quirofano-veterinario-atendera-en-el-barrio-coronel-dorrego\/","title":{"rendered":"Desde este martes el Quir\u00f3fano Veterinario atender\u00e1 en el barrio Coronel Dorrego"},"content":{"rendered":"<p>Desde este martes el Quir\u00f3fano Veterinario atender\u00e1 en el barrio Coronel Dorrego, as\u00ed lo informaron desde la Direcci\u00f3n de <a href=\"https:\/\/www.facebook.com\/profile.php?id=100009966739206\">Bromatolog\u00eda<\/a> de la Municipalidad de Olavarr\u00eda se recuerda que a partir de este martes 16 de agosto el Quir\u00f3fano Veterinario M\u00f3vil atender\u00e1 en el barrio Coronel Dorrego, donde permanecer\u00e1 hasta el viernes inclusive.<\/p>\n<p>El servicio de esterilizaciones quir\u00fargicas caninas y felinas se llevar\u00e1 a cabo en la sede de la Sociedad de Fomento ubicada sobre Necochea y Calle 17 en el horario de 8:30 a 12 horas.<\/p>\n<p>Como sucede regularmente, ser\u00e1 exclusivo para vecinos y vecinas del sector visitado, quienes deber\u00e1n coordinar el turno previamente a trav\u00e9s de un mensaje de WhatsApp a la L\u00ednea Interactiva, 2284 229029.<\/p>\n<p>El Quir\u00f3fano Veterinario M\u00f3vil seguir\u00e1 su recorrido luego hacia el Barrio Pickelado, m\u00e1s precisamente el Servicio Territorial Municipal 2 ubicado en avenida Alberdi y Coronel Su\u00e1rez, donde atender\u00e1 desde el lunes 22 al viernes 26 de agosto inclusive.<\/p>\n<p>Por \u00faltimo, est\u00e1 programada que desde el lunes 29 al viernes 2 de septiembre el servicio se brindar\u00e1 en Sierra Chica, m\u00e1s precisamente en el Sal\u00f3n del C\u00edrculo de Suboficiales y Guardias Penitenciarios, ubicado sobre avenida Centenario 1380.<\/p>\n<p>&nbsp;<\/p>\n","protected":false},"excerpt":{"rendered":"<p>Desde este martes el Quir\u00f3fano Veterinario atender\u00e1 en el barrio Coronel Dorrego, as\u00ed lo informaron&#8230;<\/p>\n","protected":false},"author":1,"featured_media":100664,"comment_status":"closed","ping_status":"closed","sticky":false,"template":"","format":"standard","meta":{"content-type":""},"categories":[27,64],"tags":[],"nelio_content":{"isAutoShareEnabled":false,"autoShareEndMode":"default","automationSources":{"useContentSentences":true,"useSocialTemplates":true,"useCustomSentences":false,"customSentences":[]},"followers":[1],"suggestedReferences":[],"includedReferences":[],"efiUrl":"","efiAlt":"","highlights":[]},"yoast_head":"<!-- This site is optimized with the Yoast SEO plugin v20.7 - https:\/\/yoast.com\/wordpress\/plugins\/seo\/ -->\n<title>Desde este martes el quir\u00f3fano veterinario atender\u00e1 en el Dorrego<\/title>\n<meta name=\"description\" content=\"Desde este martes el Quir\u00f3fano Veterinario atender\u00e1 en el barrio Coronel Dorrego, as\u00ed lo informaron desde la Direcci\u00f3n de Bromatolog\u00eda\" \/>\n<meta name=\"robots\" content=\"index, follow, max-snippet:-1, max-image-preview:large, max-video-preview:-1\" \/>\n<link rel=\"canonical\" href=\"https:\/\/experienciadevida.com.ar\/portalurbano\/desde-este-martes-el-quirofano-veterinario-atendera-en-el-barrio-coronel-dorrego\/\" \/>\n<meta property=\"og:locale\" content=\"es_ES\" \/>\n<meta property=\"og:type\" content=\"article\" \/>\n<meta property=\"og:title\" content=\"Desde este martes el quir\u00f3fano veterinario atender\u00e1 en el Dorrego\" \/>\n<meta property=\"og:description\" content=\"Desde este martes el Quir\u00f3fano Veterinario atender\u00e1 en el barrio Coronel Dorrego, as\u00ed lo informaron desde la Direcci\u00f3n de Bromatolog\u00eda\" \/>\n<meta property=\"og:url\" content=\"https:\/\/experienciadevida.com.ar\/portalurbano\/desde-este-martes-el-quirofano-veterinario-atendera-en-el-barrio-coronel-dorrego\/\" \/>\n<meta property=\"article:publisher\" content=\"https:\/\/www.facebook.com\/Portal-Urbano-171542830093757\/\" \/>\n<meta property=\"article:published_time\" content=\"2022-08-15T13:50:25+00:00\" \/>\n<meta property=\"article:modified_time\" content=\"2022-08-15T13:53:39+00:00\" \/>\n<meta property=\"og:image\" content=\"https:\/\/experienciadevida.com.ar\/portalurbano\/wp-content\/uploads\/2020\/02\/QUIROFANOVETERINARIO-e1580740341112.jpg\" \/>\n\t<meta property=\"og:image:width\" content=\"765\" \/>\n\t<meta property=\"og:image:height\" content=\"574\" \/>\n\t<meta property=\"og:image:type\" content=\"image\/jpeg\" \/>\n<meta name=\"author\" content=\"admpu17wp\" \/>\n<meta name=\"twitter:card\" content=\"summary_large_image\" \/>\n<meta name=\"twitter:creator\" content=\"@portalurbanook\" \/>\n<meta name=\"twitter:site\" content=\"@portalurbanook\" \/>\n<meta name=\"twitter:label1\" content=\"Escrito por\" \/>\n\t<meta name=\"twitter:data1\" content=\"admpu17wp\" \/>\n\t<meta name=\"twitter:label2\" content=\"Tiempo de lectura\" \/>\n\t<meta name=\"twitter:data2\" content=\"1 minuto\" \/>\n<script type=\"application\/ld+json\" class=\"yoast-schema-graph\">{\"@context\":\"https:\/\/schema.org\",\"@graph\":[{\"@type\":\"Article\",\"@id\":\"https:\/\/experienciadevida.com.ar\/portalurbano\/desde-este-martes-el-quirofano-veterinario-atendera-en-el-barrio-coronel-dorrego\/#article\",\"isPartOf\":{\"@id\":\"https:\/\/experienciadevida.com.ar\/portalurbano\/desde-este-martes-el-quirofano-veterinario-atendera-en-el-barrio-coronel-dorrego\/\"},\"author\":{\"name\":\"admpu17wp\",\"@id\":\"https:\/\/experienciadevida.com.ar\/portalurbano\/#\/schema\/person\/02dd326b1c4b056e9cc972486934a3a7\"},\"headline\":\"Desde este martes el Quir\u00f3fano Veterinario atender\u00e1 en el barrio Coronel Dorrego\",\"datePublished\":\"2022-08-15T13:50:25+00:00\",\"dateModified\":\"2022-08-15T13:53:39+00:00\",\"mainEntityOfPage\":{\"@id\":\"https:\/\/experienciadevida.com.ar\/portalurbano\/desde-este-martes-el-quirofano-veterinario-atendera-en-el-barrio-coronel-dorrego\/\"},\"wordCount\":212,\"publisher\":{\"@id\":\"https:\/\/experienciadevida.com.ar\/portalurbano\/#organization\"},\"articleSection\":[\"Ciudad\",\"Destacadas 2\"],\"inLanguage\":\"es\"},{\"@type\":\"WebPage\",\"@id\":\"https:\/\/experienciadevida.com.ar\/portalurbano\/desde-este-martes-el-quirofano-veterinario-atendera-en-el-barrio-coronel-dorrego\/\",\"url\":\"https:\/\/experienciadevida.com.ar\/portalurbano\/desde-este-martes-el-quirofano-veterinario-atendera-en-el-barrio-coronel-dorrego\/\",\"name\":\"Desde este martes el quir\u00f3fano veterinario atender\u00e1 en el Dorrego\",\"isPartOf\":{\"@id\":\"https:\/\/experienciadevida.com.ar\/portalurbano\/#website\"},\"datePublished\":\"2022-08-15T13:50:25+00:00\",\"dateModified\":\"2022-08-15T13:53:39+00:00\",\"description\":\"Desde este martes el Quir\u00f3fano Veterinario atender\u00e1 en el barrio Coronel Dorrego, as\u00ed lo informaron desde la Direcci\u00f3n de Bromatolog\u00eda\",\"breadcrumb\":{\"@id\":\"https:\/\/experienciadevida.com.ar\/portalurbano\/desde-este-martes-el-quirofano-veterinario-atendera-en-el-barrio-coronel-dorrego\/#breadcrumb\"},\"inLanguage\":\"es\",\"potentialAction\":[{\"@type\":\"ReadAction\",\"target\":[\"https:\/\/experienciadevida.com.ar\/portalurbano\/desde-este-martes-el-quirofano-veterinario-atendera-en-el-barrio-coronel-dorrego\/\"]}]},{\"@type\":\"BreadcrumbList\",\"@id\":\"https:\/\/experienciadevida.com.ar\/portalurbano\/desde-este-martes-el-quirofano-veterinario-atendera-en-el-barrio-coronel-dorrego\/#breadcrumb\",\"itemListElement\":[{\"@type\":\"ListItem\",\"position\":1,\"name\":\"Portada\",\"item\":\"https:\/\/experienciadevida.com.ar\/portalurbano\/\"},{\"@type\":\"ListItem\",\"position\":2,\"name\":\"Desde este martes el Quir\u00f3fano Veterinario atender\u00e1 en el barrio Coronel Dorrego\"}]},{\"@type\":\"WebSite\",\"@id\":\"https:\/\/experienciadevida.com.ar\/portalurbano\/#website\",\"url\":\"https:\/\/experienciadevida.com.ar\/portalurbano\/\",\"name\":\"\",\"description\":\"\",\"publisher\":{\"@id\":\"https:\/\/experienciadevida.com.ar\/portalurbano\/#organization\"},\"potentialAction\":[{\"@type\":\"SearchAction\",\"target\":{\"@type\":\"EntryPoint\",\"urlTemplate\":\"https:\/\/experienciadevida.com.ar\/portalurbano\/?s={search_term_string}\"},\"query-input\":\"required name=search_term_string\"}],\"inLanguage\":\"es\"},{\"@type\":\"Organization\",\"@id\":\"https:\/\/experienciadevida.com.ar\/portalurbano\/#organization\",\"name\":\"Portal Urbano\",\"url\":\"https:\/\/experienciadevida.com.ar\/portalurbano\/\",\"logo\":{\"@type\":\"ImageObject\",\"inLanguage\":\"es\",\"@id\":\"https:\/\/experienciadevida.com.ar\/portalurbano\/#\/schema\/logo\/image\/\",\"url\":\"https:\/\/experienciadevida.com.ar\/portalurbano\/wp-content\/uploads\/2019\/09\/Logo-Original.png\",\"contentUrl\":\"https:\/\/experienciadevida.com.ar\/portalurbano\/wp-content\/uploads\/2019\/09\/Logo-Original.png\",\"width\":2236,\"height\":1216,\"caption\":\"Portal Urbano\"},\"image\":{\"@id\":\"https:\/\/experienciadevida.com.ar\/portalurbano\/#\/schema\/logo\/image\/\"},\"sameAs\":[\"https:\/\/www.facebook.com\/Portal-Urbano-171542830093757\/\",\"https:\/\/twitter.com\/portalurbanook\",\"https:\/\/www.instagram.com\/_portalurbano\/\",\"https:\/\/www.youtube.com\/channel\/UCXhagIfszH8KxFiOok79zbA?view_as=subscriber\"]},{\"@type\":\"Person\",\"@id\":\"https:\/\/experienciadevida.com.ar\/portalurbano\/#\/schema\/person\/02dd326b1c4b056e9cc972486934a3a7\",\"name\":\"admpu17wp\",\"image\":{\"@type\":\"ImageObject\",\"inLanguage\":\"es\",\"@id\":\"https:\/\/experienciadevida.com.ar\/portalurbano\/#\/schema\/person\/image\/\",\"url\":\"https:\/\/secure.gravatar.com\/avatar\/830d4c57adaae6630765e449a6908047?s=96&d=mm&r=g\",\"contentUrl\":\"https:\/\/secure.gravatar.com\/avatar\/830d4c57adaae6630765e449a6908047?s=96&d=mm&r=g\",\"caption\":\"admpu17wp\"}}]}<\/script>\n<!-- \/ Yoast SEO plugin. -->","yoast_head_json":{"title":"Desde este martes el quir\u00f3fano veterinario atender\u00e1 en el Dorrego","description":"Desde este martes el Quir\u00f3fano Veterinario atender\u00e1 en el barrio Coronel Dorrego, as\u00ed lo informaron desde la Direcci\u00f3n de Bromatolog\u00eda","robots":{"index":"index","follow":"follow","max-snippet":"max-snippet:-1","max-image-preview":"max-image-preview:large","max-video-preview":"max-video-preview:-1"},"canonical":"https:\/\/experienciadevida.com.ar\/portalurbano\/desde-este-martes-el-quirofano-veterinario-atendera-en-el-barrio-coronel-dorrego\/","og_locale":"es_ES","og_type":"article","og_title":"Desde este martes el quir\u00f3fano veterinario atender\u00e1 en el Dorrego","og_description":"Desde este martes el Quir\u00f3fano Veterinario atender\u00e1 en el barrio Coronel Dorrego, as\u00ed lo informaron desde la Direcci\u00f3n de Bromatolog\u00eda","og_url":"https:\/\/experienciadevida.com.ar\/portalurbano\/desde-este-martes-el-quirofano-veterinario-atendera-en-el-barrio-coronel-dorrego\/","article_publisher":"https:\/\/www.facebook.com\/Portal-Urbano-171542830093757\/","article_published_time":"2022-08-15T13:50:25+00:00","article_modified_time":"2022-08-15T13:53:39+00:00","og_image":[{"width":765,"height":574,"url":"https:\/\/experienciadevida.com.ar\/portalurbano\/wp-content\/uploads\/2020\/02\/QUIROFANOVETERINARIO-e1580740341112.jpg","type":"image\/jpeg"}],"author":"admpu17wp","twitter_card":"summary_large_image","twitter_creator":"@portalurbanook","twitter_site":"@portalurbanook","twitter_misc":{"Escrito por":"admpu17wp","Tiempo de lectura":"1 minuto"},"schema":{"@context":"https:\/\/schema.org","@graph":[{"@type":"Article","@id":"https:\/\/experienciadevida.com.ar\/portalurbano\/desde-este-martes-el-quirofano-veterinario-atendera-en-el-barrio-coronel-dorrego\/#article","isPartOf":{"@id":"https:\/\/experienciadevida.com.ar\/portalurbano\/desde-este-martes-el-quirofano-veterinario-atendera-en-el-barrio-coronel-dorrego\/"},"author":{"name":"admpu17wp","@id":"https:\/\/experienciadevida.com.ar\/portalurbano\/#\/schema\/person\/02dd326b1c4b056e9cc972486934a3a7"},"headline":"Desde este martes el Quir\u00f3fano Veterinario atender\u00e1 en el barrio Coronel Dorrego","datePublished":"2022-08-15T13:50:25+00:00","dateModified":"2022-08-15T13:53:39+00:00","mainEntityOfPage":{"@id":"https:\/\/experienciadevida.com.ar\/portalurbano\/desde-este-martes-el-quirofano-veterinario-atendera-en-el-barrio-coronel-dorrego\/"},"wordCount":212,"publisher":{"@id":"https:\/\/experienciadevida.com.ar\/portalurbano\/#organization"},"articleSection":["Ciudad","Destacadas 2"],"inLanguage":"es"},{"@type":"WebPage","@id":"https:\/\/experienciadevida.com.ar\/portalurbano\/desde-este-martes-el-quirofano-veterinario-atendera-en-el-barrio-coronel-dorrego\/","url":"https:\/\/experienciadevida.com.ar\/portalurbano\/desde-este-martes-el-quirofano-veterinario-atendera-en-el-barrio-coronel-dorrego\/","name":"Desde este martes el quir\u00f3fano veterinario atender\u00e1 en el Dorrego","isPartOf":{"@id":"https:\/\/experienciadevida.com.ar\/portalurbano\/#website"},"datePublished":"2022-08-15T13:50:25+00:00","dateModified":"2022-08-15T13:53:39+00:00","description":"Desde este martes el Quir\u00f3fano Veterinario atender\u00e1 en el barrio Coronel Dorrego, as\u00ed lo informaron desde la Direcci\u00f3n de Bromatolog\u00eda","breadcrumb":{"@id":"https:\/\/experienciadevida.com.ar\/portalurbano\/desde-este-martes-el-quirofano-veterinario-atendera-en-el-barrio-coronel-dorrego\/#breadcrumb"},"inLanguage":"es","potentialAction":[{"@type":"ReadAction","target":["https:\/\/experienciadevida.com.ar\/portalurbano\/desde-este-martes-el-quirofano-veterinario-atendera-en-el-barrio-coronel-dorrego\/"]}]},{"@type":"BreadcrumbList","@id":"https:\/\/experienciadevida.com.ar\/portalurbano\/desde-este-martes-el-quirofano-veterinario-atendera-en-el-barrio-coronel-dorrego\/#breadcrumb","itemListElement":[{"@type":"ListItem","position":1,"name":"Portada","item":"https:\/\/experienciadevida.com.ar\/portalurbano\/"},{"@type":"ListItem","position":2,"name":"Desde este martes el Quir\u00f3fano Veterinario atender\u00e1 en el barrio Coronel Dorrego"}]},{"@type":"WebSite","@id":"https:\/\/experienciadevida.com.ar\/portalurbano\/#website","url":"https:\/\/experienciadevida.com.ar\/portalurbano\/","name":"","description":"","publisher":{"@id":"https:\/\/experienciadevida.com.ar\/portalurbano\/#organization"},"potentialAction":[{"@type":"SearchAction","target":{"@type":"EntryPoint","urlTemplate":"https:\/\/experienciadevida.com.ar\/portalurbano\/?s={search_term_string}"},"query-input":"required name=search_term_string"}],"inLanguage":"es"},{"@type":"Organization","@id":"https:\/\/experienciadevida.com.ar\/portalurbano\/#organization","name":"Portal Urbano","url":"https:\/\/experienciadevida.com.ar\/portalurbano\/","logo":{"@type":"ImageObject","inLanguage":"es","@id":"https:\/\/experienciadevida.com.ar\/portalurbano\/#\/schema\/logo\/image\/","url":"https:\/\/experienciadevida.com.ar\/portalurbano\/wp-content\/uploads\/2019\/09\/Logo-Original.png","contentUrl":"https:\/\/experienciadevida.com.ar\/portalurbano\/wp-content\/uploads\/2019\/09\/Logo-Original.png","width":2236,"height":1216,"caption":"Portal Urbano"},"image":{"@id":"https:\/\/experienciadevida.com.ar\/portalurbano\/#\/schema\/logo\/image\/"},"sameAs":["https:\/\/www.facebook.com\/Portal-Urbano-171542830093757\/","https:\/\/twitter.com\/portalurbanook","https:\/\/www.instagram.com\/_portalurbano\/","https:\/\/www.youtube.com\/channel\/UCXhagIfszH8KxFiOok79zbA?view_as=subscriber"]},{"@type":"Person","@id":"https:\/\/experienciadevida.com.ar\/portalurbano\/#\/schema\/person\/02dd326b1c4b056e9cc972486934a3a7","name":"admpu17wp","image":{"@type":"ImageObject","inLanguage":"es","@id":"https:\/\/experienciadevida.com.ar\/portalurbano\/#\/schema\/person\/image\/","url":"https:\/\/secure.gravatar.com\/avatar\/830d4c57adaae6630765e449a6908047?s=96&d=mm&r=g","contentUrl":"https:\/\/secure.gravatar.com\/avatar\/830d4c57adaae6630765e449a6908047?s=96&d=mm&r=g","caption":"admpu17wp"}}]}},"featured_image_urls":{"full":["https:\/\/experienciadevida.com.ar\/portalurbano\/wp-content\/uploads\/2020\/02\/QUIROFANOVETERINARIO-e1580740341112.jpg",765,574,false],"thumbnail":["https:\/\/experienciadevida.com.ar\/portalurbano\/wp-content\/uploads\/2020\/02\/QUIROFANOVETERINARIO-150x150.jpg",150,150,true],"medium":["https:\/\/experienciadevida.com.ar\/portalurbano\/wp-content\/uploads\/2020\/02\/QUIROFANOVETERINARIO-300x225.jpg",300,225,true],"medium_large":["https:\/\/experienciadevida.com.ar\/portalurbano\/wp-content\/uploads\/2020\/02\/QUIROFANOVETERINARIO-768x576.jpg",640,480,true],"large":["https:\/\/experienciadevida.com.ar\/portalurbano\/wp-content\/uploads\/2020\/02\/QUIROFANOVETERINARIO-e1580740341112.jpg",640,480,false],"ug_big":["https:\/\/experienciadevida.com.ar\/portalurbano\/wp-content\/uploads\/2020\/02\/QUIROFANOVETERINARIO-768x576.jpg",768,576,true],"1536x1536":["https:\/\/experienciadevida.com.ar\/portalurbano\/wp-content\/uploads\/2020\/02\/QUIROFANOVETERINARIO-e1580740341112.jpg",765,574,false],"2048x2048":["https:\/\/experienciadevida.com.ar\/portalurbano\/wp-content\/uploads\/2020\/02\/QUIROFANOVETERINARIO-e1580740341112.jpg",765,574,false],"newsever-slider-full":["https:\/\/experienciadevida.com.ar\/portalurbano\/wp-content\/uploads\/2020\/02\/QUIROFANOVETERINARIO-e1580740341112.jpg",765,574,false],"newsever-featured":["https:\/\/experienciadevida.com.ar\/portalurbano\/wp-content\/uploads\/2020\/02\/QUIROFANOVETERINARIO-e1580740341112.jpg",765,574,false],"newsever-medium":["https:\/\/experienciadevida.com.ar\/portalurbano\/wp-content\/uploads\/2020\/02\/QUIROFANOVETERINARIO-e1580740341112.jpg",633,475,false],"web-stories-poster-portrait":["https:\/\/experienciadevida.com.ar\/portalurbano\/wp-content\/uploads\/2020\/02\/QUIROFANOVETERINARIO-e1580740341112.jpg",640,480,false],"web-stories-publisher-logo":["https:\/\/experienciadevida.com.ar\/portalurbano\/wp-content\/uploads\/2020\/02\/QUIROFANOVETERINARIO-e1580740341112.jpg",96,72,false],"web-stories-thumbnail":["https:\/\/experienciadevida.com.ar\/portalurbano\/wp-content\/uploads\/2020\/02\/QUIROFANOVETERINARIO-e1580740341112.jpg",150,113,false]},"author_info":{"display_name":"admpu17wp","author_link":"https:\/\/experienciadevida.com.ar\/portalurbano\/author\/admpu17wp\/"},"category_info":"<a href=\"https:\/\/experienciadevida.com.ar\/portalurbano\/category\/ciudad\/\" rel=\"category tag\">Ciudad<\/a> <a href=\"https:\/\/experienciadevida.com.ar\/portalurbano\/category\/destacadas-2\/\" rel=\"category tag\">Destacadas 2<\/a>","tag_info":"Destacadas 2","comment_count":"0","amp_enabled":true,"_links":{"self":[{"href":"https:\/\/experienciadevida.com.ar\/portalurbano\/wp-json\/wp\/v2\/posts\/173347"}],"collection":[{"href":"https:\/\/experienciadevida.com.ar\/portalurbano\/wp-json\/wp\/v2\/posts"}],"about":[{"href":"https:\/\/experienciadevida.com.ar\/portalurbano\/wp-json\/wp\/v2\/types\/post"}],"author":[{"embeddable":true,"href":"https:\/\/experienciadevida.com.ar\/portalurbano\/wp-json\/wp\/v2\/users\/1"}],"replies":[{"embeddable":true,"href":"https:\/\/experienciadevida.com.ar\/portalurbano\/wp-json\/wp\/v2\/comments?post=173347"}],"version-history":[{"count":2,"href":"https:\/\/experienciadevida.com.ar\/portalurbano\/wp-json\/wp\/v2\/posts\/173347\/revisions"}],"predecessor-version":[{"id":173349,"href":"https:\/\/experienciadevida.com.ar\/portalurbano\/wp-json\/wp\/v2\/posts\/173347\/revisions\/173349"}],"wp:featuredmedia":[{"embeddable":true,"href":"https:\/\/experienciadevida.com.ar\/portalurbano\/wp-json\/wp\/v2\/media\/100664"}],"wp:attachment":[{"href":"https:\/\/experienciadevida.com.ar\/portalurbano\/wp-json\/wp\/v2\/media?parent=173347"}],"wp:term":[{"taxonomy":"category","embeddable":true,"href":"https:\/\/experienciadevida.com.ar\/portalurbano\/wp-json\/wp\/v2\/categories?post=173347"},{"taxonomy":"post_tag","embeddable":true,"href":"https:\/\/experienciadevida.com.ar\/portalurbano\/wp-json\/wp\/v2\/tags?post=173347"}],"curies":[{"name":"wp","href":"https:\/\/api.w.org\/{rel}","templated":true}]}}