{"id":173317,"date":"2022-08-14T20:36:33","date_gmt":"2022-08-14T23:36:33","guid":{"rendered":"https:\/\/experienciadevida.com.ar\/portalurbano\/?p=173317"},"modified":"2022-08-14T22:38:03","modified_gmt":"2022-08-15T01:38:03","slug":"se-desarrollo-con-gran-exito-la-cena-y-baile-de-bomberos-voluntarios","status":"publish","type":"post","link":"https:\/\/experienciadevida.com.ar\/portalurbano\/se-desarrollo-con-gran-exito-la-cena-y-baile-de-bomberos-voluntarios\/","title":{"rendered":"Se desarroll\u00f3 con gran \u00e9xito la cena y baile de Bomberos Voluntarios"},"content":{"rendered":"<p>Se desarroll\u00f3 con gran \u00e9xito la cena y baile de Bomberos Voluntarios, ayer por la noche la Asociaci\u00f3n de Bomberos Voluntarios de Olavarr\u00eda pudo disfrutar de lo que fue la primera edici\u00f3n de la gran cena y baile organizada por y para bomberos. Una noche tan esperada y deseada que nos dej\u00f3 muchos momentos incre\u00edbles y especiales.<\/p>\n<p>Si hay una palabra que debemos de repetir mucho en este momento es &#8220;gracias&#8221;.<\/p>\n<p>Durante la noche de este s\u00e1bado 13 de agosto, pudimos vivenciar lo que fue una verdadera fiesta y celebraci\u00f3n de, por y para bomberos. No nos alcanzan las palabras y el tiempo para agradecer a cada persona que nos acompa\u00f1\u00f3 en esta noche tan importante para nosotros.<\/p>\n<p>Desde los vecinos que siempre apoyan cada proyecto que emprendemos, hasta los representantes de instituciones locales y artistas que tuvieron la amabilidad de formar parte de esta cena de manera totalmente desinteresada.<\/p>\n<p>Estamos felices por la gran convocatoria del evento, y su desarrollo con \u00e9xito. Este fue el principio de muchos proyectos m\u00e1s.<\/p>\n<p><strong>El inicio<\/strong><\/p>\n<p>Pasadas las 20:30 del s\u00e1bado, la gente comenzaba a llegar al sal\u00f3n y el ambiente festivo se hac\u00eda sentir en el lugar. Una hora m\u00e1s tarde, todos los invitados estaban presentes y la noche comenzaba de manera oficial, con palabras de nuestro querido locutor oficial Luis Occhi, quien una vez m\u00e1s nos acompa\u00f1\u00f3 durante toda la realizaci\u00f3n de otro de nuestros eventos.<\/p>\n<p>En ese mismo momento se dio lugar a palabras alusivas del Presidente del Consejo Directivo y puntapi\u00e9 inicial de esta cena, Hugo Fayan\u00e1s, junto al Comandante General Ra\u00fal Ferreira. Ambos aprovecharon la ocasi\u00f3n para agradecer a cada persona que d\u00eda a d\u00eda contribuye con bomberos, y a todos los presentes que fueron parte de esta noche especial, que fue la primera de muchas celebraciones que vendr\u00e1n.<\/p>\n<p>Minutos despu\u00e9s, se dio paso al momento de la cena con una entrada, y servicio de catering a cargo del equipo de la Sociedad de Fomento Mariano Moreno.<\/p>\n<p><strong>Darle paso al show, darle paso a la fiesta<\/strong><\/p>\n<p>Como siempre dijimos este evento no se trataba solo de una cena, sino que tambi\u00e9n quer\u00edamos darle a los presentes la posibilidad de divertirse y disfrutar de una linda fiesta. Y eso hicimos.<\/p>\n<p>De la mano del DJ Fabi\u00e1n Baril\u00e1 le di\u00f3 lugar al momento musical, la gente tuvo la oportunidad de acercarse a la pista y disfrutar de un baile . Luego, durante el postre, el artista local Ad\u00e1n Trimigliozzi junto a su compa\u00f1ero Gast\u00f3n Maldonado, realizaron su ic\u00f3nico show tributo a Sergio Denis, para coronar la primera tanda de fiestas.<\/p>\n<p>Una vez finalizada esta primera tanda musical, Luis Occhi di\u00f3 lugar a realizar los sorteos de diferentes premios, otorgados por comercios allegados a la instituci\u00f3n, que colaboraron donando diferentes productos y accesorios para su sorteo.<\/p>\n<p>Pero estas no fueron las \u00fanicas sorpresas. Recibimos la visita de la murga G.R.E.S Aut\u00e9nticos de Bah\u00eda BA, quienes nos deleitaron con su performance.<\/p>\n<p>Todos los artistas invitados de la noche, recibieron una menci\u00f3n honor\u00edfica, otorgada por la subcomisi\u00f3n de damas, reconociendo este servicio hacia nosotros y el enorme apoyo en esta primera cena y baile.<\/p>\n<p><strong>Llegando al final de la noche<\/strong><\/p>\n<p>Acerc\u00e1ndonos al final de la noche el Presidente del Club Pueblo Nuevo Jos\u00e9 Maceo, el Presidente de Mariano Moreno, Jos\u00e9 Luis Veyrand y el Presidente del AMCO en representaci\u00f3n de la Uni\u00f3n de Clubes le entregaron a Hugo Fayan\u00e1s una plaqueta recordatoria y expresaron unas palabras para todos los presentes.<\/p>\n<p>Destacaron la importancia de la uni\u00f3n de diferentes instituciones locales, que tan importantes son para la comunidad y que no tienen un fin m\u00e1s que el beneficio de los vecinos olavarrienses, como es el caso de los clubes deportivos, sociedades de fomento, y bomberos mismos.<\/p>\n<p>Desde la Uni\u00f3n de Clubes adem\u00e1s, se reconoci\u00f3 y honr\u00f3 el trabajo de Hugo Fayan\u00e1s y su equipo que, desde hace un tiempo, trabajan en pos de mejorar el sistema bomberil local.<\/p>\n<p>Pasado el momento honor\u00edfico, los protagonistas de la noche tuvieron su merecido brindis en donde recibieron los aplausos, agradecimientos y felicitaciones de todo el recinto.<\/p>\n<p><strong>Agradecimientos<\/strong><\/p>\n<p>Como mencionamos al inicio, la palabra gracias nos queda chica. No hay manera de expresar lo orgullosos, agradecidos y felices que estamos por la noche que vivimos este s\u00e1bado.<\/p>\n<p>La concreci\u00f3n, el \u00e9xito y la enorme concurrencia que tuvo este evento nos da el indicio de que este es el camino correcto que debemos seguir, y que todo el trabajo que realizamos d\u00eda a d\u00eda est\u00e1 dando frutos.<\/p>\n<p>Muchas gracias a cada persona que hizo posible que esta noche sea el \u00e9xito que fue. Gracias a la comisi\u00f3n de la Sociedad de Fomento Mariano Moreno por permitirnos utilizar el espacio para llevar a cabo el evento; a Luis Occhi por conducci\u00f3n y acompa\u00f1amiento una vez m\u00e1s. Gracias a todo el personal del servicio de catering que nos atendi\u00f3 de una manera magistral. Gracias a DJ Fabi\u00e1n Baril\u00e1 quien musicaliz\u00f3 esta noche; a Ad\u00e1n Trimigliozzi y Gast\u00f3n Maldonado por regalarnos su hermoso show, a la murga G.R.E.S Aut\u00e9nticos de Bah\u00eda BA por la excelente puesta en escena, a Ferreter\u00eda Galarza por hacer posible los sorteos de la noche.<\/p>\n<p>Por \u00faltimo pero no menos importante, queremos agradecer a cada vecino y vecina que, buscando colaborar con la instituci\u00f3n, compr\u00f3 la entrada y dijo presente en esta noche. Es muy importante para nosotros contar con ustedes, y un honor, que continuen depositando su confianza en nosotros.<\/p>\n","protected":false},"excerpt":{"rendered":"<p>Se desarroll\u00f3 con gran \u00e9xito la cena y baile de Bomberos Voluntarios, ayer por la&#8230;<\/p>\n","protected":false},"author":1,"featured_media":173328,"comment_status":"closed","ping_status":"closed","sticky":false,"template":"","format":"standard","meta":{"content-type":""},"categories":[27,51],"tags":[],"nelio_content":{"isAutoShareEnabled":false,"autoShareEndMode":"default","automationSources":{"useContentSentences":true,"useSocialTemplates":true,"useCustomSentences":false,"customSentences":[]},"followers":[1],"suggestedReferences":[],"includedReferences":[],"efiUrl":"","efiAlt":"","highlights":[]},"yoast_head":"<!-- This site is optimized with the Yoast SEO plugin v20.7 - https:\/\/yoast.com\/wordpress\/plugins\/seo\/ -->\n<title>Se desarroll\u00f3 con gran \u00e9xito la cena y baile de bomberos<\/title>\n<meta name=\"description\" content=\"Se desarroll\u00f3 con gran \u00e9xito la cena y baile de Bomberos Voluntarios, ayer por la noche la Asociaci\u00f3n de Bomberos Voluntarios\" \/>\n<meta name=\"robots\" content=\"index, follow, max-snippet:-1, max-image-preview:large, max-video-preview:-1\" \/>\n<link rel=\"canonical\" href=\"https:\/\/experienciadevida.com.ar\/portalurbano\/se-desarrollo-con-gran-exito-la-cena-y-baile-de-bomberos-voluntarios\/\" \/>\n<meta property=\"og:locale\" content=\"es_ES\" \/>\n<meta property=\"og:type\" content=\"article\" \/>\n<meta property=\"og:title\" content=\"Se desarroll\u00f3 con gran \u00e9xito la cena y baile de bomberos\" \/>\n<meta property=\"og:description\" content=\"Se desarroll\u00f3 con gran \u00e9xito la cena y baile de Bomberos Voluntarios, ayer por la noche la Asociaci\u00f3n de Bomberos Voluntarios\" \/>\n<meta property=\"og:url\" content=\"https:\/\/experienciadevida.com.ar\/portalurbano\/se-desarrollo-con-gran-exito-la-cena-y-baile-de-bomberos-voluntarios\/\" \/>\n<meta property=\"article:publisher\" content=\"https:\/\/www.facebook.com\/Portal-Urbano-171542830093757\/\" \/>\n<meta property=\"article:published_time\" content=\"2022-08-14T23:36:33+00:00\" \/>\n<meta property=\"article:modified_time\" content=\"2022-08-15T01:38:03+00:00\" \/>\n<meta property=\"og:image\" content=\"https:\/\/experienciadevida.com.ar\/portalurbano\/wp-content\/uploads\/2022\/08\/Se-desarrollo-con-gran.png\" \/>\n\t<meta property=\"og:image:width\" content=\"811\" \/>\n\t<meta property=\"og:image:height\" content=\"476\" \/>\n\t<meta property=\"og:image:type\" content=\"image\/png\" \/>\n<meta name=\"author\" content=\"admpu17wp\" \/>\n<meta name=\"twitter:card\" content=\"summary_large_image\" \/>\n<meta name=\"twitter:creator\" content=\"@portalurbanook\" \/>\n<meta name=\"twitter:site\" content=\"@portalurbanook\" \/>\n<meta name=\"twitter:label1\" content=\"Escrito por\" \/>\n\t<meta name=\"twitter:data1\" content=\"admpu17wp\" \/>\n\t<meta name=\"twitter:label2\" content=\"Tiempo de lectura\" \/>\n\t<meta name=\"twitter:data2\" content=\"5 minutos\" \/>\n<script type=\"application\/ld+json\" class=\"yoast-schema-graph\">{\"@context\":\"https:\/\/schema.org\",\"@graph\":[{\"@type\":\"Article\",\"@id\":\"https:\/\/experienciadevida.com.ar\/portalurbano\/se-desarrollo-con-gran-exito-la-cena-y-baile-de-bomberos-voluntarios\/#article\",\"isPartOf\":{\"@id\":\"https:\/\/experienciadevida.com.ar\/portalurbano\/se-desarrollo-con-gran-exito-la-cena-y-baile-de-bomberos-voluntarios\/\"},\"author\":{\"name\":\"admpu17wp\",\"@id\":\"https:\/\/experienciadevida.com.ar\/portalurbano\/#\/schema\/person\/02dd326b1c4b056e9cc972486934a3a7\"},\"headline\":\"Se desarroll\u00f3 con gran \u00e9xito la cena y baile de Bomberos Voluntarios\",\"datePublished\":\"2022-08-14T23:36:33+00:00\",\"dateModified\":\"2022-08-15T01:38:03+00:00\",\"mainEntityOfPage\":{\"@id\":\"https:\/\/experienciadevida.com.ar\/portalurbano\/se-desarrollo-con-gran-exito-la-cena-y-baile-de-bomberos-voluntarios\/\"},\"wordCount\":976,\"publisher\":{\"@id\":\"https:\/\/experienciadevida.com.ar\/portalurbano\/#organization\"},\"articleSection\":[\"Ciudad\",\"Destacadas\"],\"inLanguage\":\"es\"},{\"@type\":\"WebPage\",\"@id\":\"https:\/\/experienciadevida.com.ar\/portalurbano\/se-desarrollo-con-gran-exito-la-cena-y-baile-de-bomberos-voluntarios\/\",\"url\":\"https:\/\/experienciadevida.com.ar\/portalurbano\/se-desarrollo-con-gran-exito-la-cena-y-baile-de-bomberos-voluntarios\/\",\"name\":\"Se desarroll\u00f3 con gran \u00e9xito la cena y baile de bomberos\",\"isPartOf\":{\"@id\":\"https:\/\/experienciadevida.com.ar\/portalurbano\/#website\"},\"datePublished\":\"2022-08-14T23:36:33+00:00\",\"dateModified\":\"2022-08-15T01:38:03+00:00\",\"description\":\"Se desarroll\u00f3 con gran \u00e9xito la cena y baile de Bomberos Voluntarios, ayer por la noche la Asociaci\u00f3n de Bomberos Voluntarios\",\"breadcrumb\":{\"@id\":\"https:\/\/experienciadevida.com.ar\/portalurbano\/se-desarrollo-con-gran-exito-la-cena-y-baile-de-bomberos-voluntarios\/#breadcrumb\"},\"inLanguage\":\"es\",\"potentialAction\":[{\"@type\":\"ReadAction\",\"target\":[\"https:\/\/experienciadevida.com.ar\/portalurbano\/se-desarrollo-con-gran-exito-la-cena-y-baile-de-bomberos-voluntarios\/\"]}]},{\"@type\":\"BreadcrumbList\",\"@id\":\"https:\/\/experienciadevida.com.ar\/portalurbano\/se-desarrollo-con-gran-exito-la-cena-y-baile-de-bomberos-voluntarios\/#breadcrumb\",\"itemListElement\":[{\"@type\":\"ListItem\",\"position\":1,\"name\":\"Portada\",\"item\":\"https:\/\/experienciadevida.com.ar\/portalurbano\/\"},{\"@type\":\"ListItem\",\"position\":2,\"name\":\"Se desarroll\u00f3 con gran \u00e9xito la cena y baile de Bomberos Voluntarios\"}]},{\"@type\":\"WebSite\",\"@id\":\"https:\/\/experienciadevida.com.ar\/portalurbano\/#website\",\"url\":\"https:\/\/experienciadevida.com.ar\/portalurbano\/\",\"name\":\"\",\"description\":\"\",\"publisher\":{\"@id\":\"https:\/\/experienciadevida.com.ar\/portalurbano\/#organization\"},\"potentialAction\":[{\"@type\":\"SearchAction\",\"target\":{\"@type\":\"EntryPoint\",\"urlTemplate\":\"https:\/\/experienciadevida.com.ar\/portalurbano\/?s={search_term_string}\"},\"query-input\":\"required name=search_term_string\"}],\"inLanguage\":\"es\"},{\"@type\":\"Organization\",\"@id\":\"https:\/\/experienciadevida.com.ar\/portalurbano\/#organization\",\"name\":\"Portal Urbano\",\"url\":\"https:\/\/experienciadevida.com.ar\/portalurbano\/\",\"logo\":{\"@type\":\"ImageObject\",\"inLanguage\":\"es\",\"@id\":\"https:\/\/experienciadevida.com.ar\/portalurbano\/#\/schema\/logo\/image\/\",\"url\":\"https:\/\/experienciadevida.com.ar\/portalurbano\/wp-content\/uploads\/2019\/09\/Logo-Original.png\",\"contentUrl\":\"https:\/\/experienciadevida.com.ar\/portalurbano\/wp-content\/uploads\/2019\/09\/Logo-Original.png\",\"width\":2236,\"height\":1216,\"caption\":\"Portal Urbano\"},\"image\":{\"@id\":\"https:\/\/experienciadevida.com.ar\/portalurbano\/#\/schema\/logo\/image\/\"},\"sameAs\":[\"https:\/\/www.facebook.com\/Portal-Urbano-171542830093757\/\",\"https:\/\/twitter.com\/portalurbanook\",\"https:\/\/www.instagram.com\/_portalurbano\/\",\"https:\/\/www.youtube.com\/channel\/UCXhagIfszH8KxFiOok79zbA?view_as=subscriber\"]},{\"@type\":\"Person\",\"@id\":\"https:\/\/experienciadevida.com.ar\/portalurbano\/#\/schema\/person\/02dd326b1c4b056e9cc972486934a3a7\",\"name\":\"admpu17wp\",\"image\":{\"@type\":\"ImageObject\",\"inLanguage\":\"es\",\"@id\":\"https:\/\/experienciadevida.com.ar\/portalurbano\/#\/schema\/person\/image\/\",\"url\":\"https:\/\/secure.gravatar.com\/avatar\/830d4c57adaae6630765e449a6908047?s=96&d=mm&r=g\",\"contentUrl\":\"https:\/\/secure.gravatar.com\/avatar\/830d4c57adaae6630765e449a6908047?s=96&d=mm&r=g\",\"caption\":\"admpu17wp\"}}]}<\/script>\n<!-- \/ Yoast SEO plugin. -->","yoast_head_json":{"title":"Se desarroll\u00f3 con gran \u00e9xito la cena y baile de bomberos","description":"Se desarroll\u00f3 con gran \u00e9xito la cena y baile de Bomberos Voluntarios, ayer por la noche la Asociaci\u00f3n de Bomberos Voluntarios","robots":{"index":"index","follow":"follow","max-snippet":"max-snippet:-1","max-image-preview":"max-image-preview:large","max-video-preview":"max-video-preview:-1"},"canonical":"https:\/\/experienciadevida.com.ar\/portalurbano\/se-desarrollo-con-gran-exito-la-cena-y-baile-de-bomberos-voluntarios\/","og_locale":"es_ES","og_type":"article","og_title":"Se desarroll\u00f3 con gran \u00e9xito la cena y baile de bomberos","og_description":"Se desarroll\u00f3 con gran \u00e9xito la cena y baile de Bomberos Voluntarios, ayer por la noche la Asociaci\u00f3n de Bomberos Voluntarios","og_url":"https:\/\/experienciadevida.com.ar\/portalurbano\/se-desarrollo-con-gran-exito-la-cena-y-baile-de-bomberos-voluntarios\/","article_publisher":"https:\/\/www.facebook.com\/Portal-Urbano-171542830093757\/","article_published_time":"2022-08-14T23:36:33+00:00","article_modified_time":"2022-08-15T01:38:03+00:00","og_image":[{"width":811,"height":476,"url":"https:\/\/experienciadevida.com.ar\/portalurbano\/wp-content\/uploads\/2022\/08\/Se-desarrollo-con-gran.png","type":"image\/png"}],"author":"admpu17wp","twitter_card":"summary_large_image","twitter_creator":"@portalurbanook","twitter_site":"@portalurbanook","twitter_misc":{"Escrito por":"admpu17wp","Tiempo de lectura":"5 minutos"},"schema":{"@context":"https:\/\/schema.org","@graph":[{"@type":"Article","@id":"https:\/\/experienciadevida.com.ar\/portalurbano\/se-desarrollo-con-gran-exito-la-cena-y-baile-de-bomberos-voluntarios\/#article","isPartOf":{"@id":"https:\/\/experienciadevida.com.ar\/portalurbano\/se-desarrollo-con-gran-exito-la-cena-y-baile-de-bomberos-voluntarios\/"},"author":{"name":"admpu17wp","@id":"https:\/\/experienciadevida.com.ar\/portalurbano\/#\/schema\/person\/02dd326b1c4b056e9cc972486934a3a7"},"headline":"Se desarroll\u00f3 con gran \u00e9xito la cena y baile de Bomberos Voluntarios","datePublished":"2022-08-14T23:36:33+00:00","dateModified":"2022-08-15T01:38:03+00:00","mainEntityOfPage":{"@id":"https:\/\/experienciadevida.com.ar\/portalurbano\/se-desarrollo-con-gran-exito-la-cena-y-baile-de-bomberos-voluntarios\/"},"wordCount":976,"publisher":{"@id":"https:\/\/experienciadevida.com.ar\/portalurbano\/#organization"},"articleSection":["Ciudad","Destacadas"],"inLanguage":"es"},{"@type":"WebPage","@id":"https:\/\/experienciadevida.com.ar\/portalurbano\/se-desarrollo-con-gran-exito-la-cena-y-baile-de-bomberos-voluntarios\/","url":"https:\/\/experienciadevida.com.ar\/portalurbano\/se-desarrollo-con-gran-exito-la-cena-y-baile-de-bomberos-voluntarios\/","name":"Se desarroll\u00f3 con gran \u00e9xito la cena y baile de bomberos","isPartOf":{"@id":"https:\/\/experienciadevida.com.ar\/portalurbano\/#website"},"datePublished":"2022-08-14T23:36:33+00:00","dateModified":"2022-08-15T01:38:03+00:00","description":"Se desarroll\u00f3 con gran \u00e9xito la cena y baile de Bomberos Voluntarios, ayer por la noche la Asociaci\u00f3n de Bomberos Voluntarios","breadcrumb":{"@id":"https:\/\/experienciadevida.com.ar\/portalurbano\/se-desarrollo-con-gran-exito-la-cena-y-baile-de-bomberos-voluntarios\/#breadcrumb"},"inLanguage":"es","potentialAction":[{"@type":"ReadAction","target":["https:\/\/experienciadevida.com.ar\/portalurbano\/se-desarrollo-con-gran-exito-la-cena-y-baile-de-bomberos-voluntarios\/"]}]},{"@type":"BreadcrumbList","@id":"https:\/\/experienciadevida.com.ar\/portalurbano\/se-desarrollo-con-gran-exito-la-cena-y-baile-de-bomberos-voluntarios\/#breadcrumb","itemListElement":[{"@type":"ListItem","position":1,"name":"Portada","item":"https:\/\/experienciadevida.com.ar\/portalurbano\/"},{"@type":"ListItem","position":2,"name":"Se desarroll\u00f3 con gran \u00e9xito la cena y baile de Bomberos Voluntarios"}]},{"@type":"WebSite","@id":"https:\/\/experienciadevida.com.ar\/portalurbano\/#website","url":"https:\/\/experienciadevida.com.ar\/portalurbano\/","name":"","description":"","publisher":{"@id":"https:\/\/experienciadevida.com.ar\/portalurbano\/#organization"},"potentialAction":[{"@type":"SearchAction","target":{"@type":"EntryPoint","urlTemplate":"https:\/\/experienciadevida.com.ar\/portalurbano\/?s={search_term_string}"},"query-input":"required name=search_term_string"}],"inLanguage":"es"},{"@type":"Organization","@id":"https:\/\/experienciadevida.com.ar\/portalurbano\/#organization","name":"Portal Urbano","url":"https:\/\/experienciadevida.com.ar\/portalurbano\/","logo":{"@type":"ImageObject","inLanguage":"es","@id":"https:\/\/experienciadevida.com.ar\/portalurbano\/#\/schema\/logo\/image\/","url":"https:\/\/experienciadevida.com.ar\/portalurbano\/wp-content\/uploads\/2019\/09\/Logo-Original.png","contentUrl":"https:\/\/experienciadevida.com.ar\/portalurbano\/wp-content\/uploads\/2019\/09\/Logo-Original.png","width":2236,"height":1216,"caption":"Portal Urbano"},"image":{"@id":"https:\/\/experienciadevida.com.ar\/portalurbano\/#\/schema\/logo\/image\/"},"sameAs":["https:\/\/www.facebook.com\/Portal-Urbano-171542830093757\/","https:\/\/twitter.com\/portalurbanook","https:\/\/www.instagram.com\/_portalurbano\/","https:\/\/www.youtube.com\/channel\/UCXhagIfszH8KxFiOok79zbA?view_as=subscriber"]},{"@type":"Person","@id":"https:\/\/experienciadevida.com.ar\/portalurbano\/#\/schema\/person\/02dd326b1c4b056e9cc972486934a3a7","name":"admpu17wp","image":{"@type":"ImageObject","inLanguage":"es","@id":"https:\/\/experienciadevida.com.ar\/portalurbano\/#\/schema\/person\/image\/","url":"https:\/\/secure.gravatar.com\/avatar\/830d4c57adaae6630765e449a6908047?s=96&d=mm&r=g","contentUrl":"https:\/\/secure.gravatar.com\/avatar\/830d4c57adaae6630765e449a6908047?s=96&d=mm&r=g","caption":"admpu17wp"}}]}},"featured_image_urls":{"full":["https:\/\/experienciadevida.com.ar\/portalurbano\/wp-content\/uploads\/2022\/08\/Se-desarrollo-con-gran.png",811,476,false],"thumbnail":["https:\/\/experienciadevida.com.ar\/portalurbano\/wp-content\/uploads\/2022\/08\/Se-desarrollo-con-gran-150x150.png",150,150,true],"medium":["https:\/\/experienciadevida.com.ar\/portalurbano\/wp-content\/uploads\/2022\/08\/Se-desarrollo-con-gran-300x176.png",300,176,true],"medium_large":["https:\/\/experienciadevida.com.ar\/portalurbano\/wp-content\/uploads\/2022\/08\/Se-desarrollo-con-gran-768x451.png",640,376,true],"large":["https:\/\/experienciadevida.com.ar\/portalurbano\/wp-content\/uploads\/2022\/08\/Se-desarrollo-con-gran.png",640,376,false],"ug_big":["https:\/\/experienciadevida.com.ar\/portalurbano\/wp-content\/uploads\/2022\/08\/Se-desarrollo-con-gran-768x451.png",768,451,true],"1536x1536":["https:\/\/experienciadevida.com.ar\/portalurbano\/wp-content\/uploads\/2022\/08\/Se-desarrollo-con-gran.png",811,476,false],"2048x2048":["https:\/\/experienciadevida.com.ar\/portalurbano\/wp-content\/uploads\/2022\/08\/Se-desarrollo-con-gran.png",811,476,false],"newsever-slider-full":["https:\/\/experienciadevida.com.ar\/portalurbano\/wp-content\/uploads\/2022\/08\/Se-desarrollo-con-gran.png",811,476,false],"newsever-featured":["https:\/\/experienciadevida.com.ar\/portalurbano\/wp-content\/uploads\/2022\/08\/Se-desarrollo-con-gran.png",811,476,false],"newsever-medium":["https:\/\/experienciadevida.com.ar\/portalurbano\/wp-content\/uploads\/2022\/08\/Se-desarrollo-con-gran.png",720,423,false],"web-stories-poster-portrait":["https:\/\/experienciadevida.com.ar\/portalurbano\/wp-content\/uploads\/2022\/08\/Se-desarrollo-con-gran-640x476.png",640,476,true],"web-stories-publisher-logo":["https:\/\/experienciadevida.com.ar\/portalurbano\/wp-content\/uploads\/2022\/08\/Se-desarrollo-con-gran-96x96.png",96,96,true],"web-stories-thumbnail":["https:\/\/experienciadevida.com.ar\/portalurbano\/wp-content\/uploads\/2022\/08\/Se-desarrollo-con-gran-150x88.png",150,88,true]},"author_info":{"display_name":"admpu17wp","author_link":"https:\/\/experienciadevida.com.ar\/portalurbano\/author\/admpu17wp\/"},"category_info":"<a href=\"https:\/\/experienciadevida.com.ar\/portalurbano\/category\/ciudad\/\" rel=\"category tag\">Ciudad<\/a> <a href=\"https:\/\/experienciadevida.com.ar\/portalurbano\/category\/destacadas\/\" rel=\"category tag\">Destacadas<\/a>","tag_info":"Destacadas","comment_count":"0","amp_enabled":true,"_links":{"self":[{"href":"https:\/\/experienciadevida.com.ar\/portalurbano\/wp-json\/wp\/v2\/posts\/173317"}],"collection":[{"href":"https:\/\/experienciadevida.com.ar\/portalurbano\/wp-json\/wp\/v2\/posts"}],"about":[{"href":"https:\/\/experienciadevida.com.ar\/portalurbano\/wp-json\/wp\/v2\/types\/post"}],"author":[{"embeddable":true,"href":"https:\/\/experienciadevida.com.ar\/portalurbano\/wp-json\/wp\/v2\/users\/1"}],"replies":[{"embeddable":true,"href":"https:\/\/experienciadevida.com.ar\/portalurbano\/wp-json\/wp\/v2\/comments?post=173317"}],"version-history":[{"count":2,"href":"https:\/\/experienciadevida.com.ar\/portalurbano\/wp-json\/wp\/v2\/posts\/173317\/revisions"}],"predecessor-version":[{"id":173330,"href":"https:\/\/experienciadevida.com.ar\/portalurbano\/wp-json\/wp\/v2\/posts\/173317\/revisions\/173330"}],"wp:featuredmedia":[{"embeddable":true,"href":"https:\/\/experienciadevida.com.ar\/portalurbano\/wp-json\/wp\/v2\/media\/173328"}],"wp:attachment":[{"href":"https:\/\/experienciadevida.com.ar\/portalurbano\/wp-json\/wp\/v2\/media?parent=173317"}],"wp:term":[{"taxonomy":"category","embeddable":true,"href":"https:\/\/experienciadevida.com.ar\/portalurbano\/wp-json\/wp\/v2\/categories?post=173317"},{"taxonomy":"post_tag","embeddable":true,"href":"https:\/\/experienciadevida.com.ar\/portalurbano\/wp-json\/wp\/v2\/tags?post=173317"}],"curies":[{"name":"wp","href":"https:\/\/api.w.org\/{rel}","templated":true}]}}