{"id":173295,"date":"2022-08-14T12:48:41","date_gmt":"2022-08-14T15:48:41","guid":{"rendered":"https:\/\/experienciadevida.com.ar\/portalurbano\/?p=173295"},"modified":"2022-08-14T12:52:16","modified_gmt":"2022-08-14T15:52:16","slug":"franco-cominotto-el-radicalismo-de-olavarria-tiene-una-fuerte-vocacion-de-servicio","status":"publish","type":"post","link":"https:\/\/experienciadevida.com.ar\/portalurbano\/franco-cominotto-el-radicalismo-de-olavarria-tiene-una-fuerte-vocacion-de-servicio\/","title":{"rendered":"Franco Cominotto: &#8220;El Radicalismo de Olavarr\u00eda tiene una fuerte vocaci\u00f3n de servicio&#8221;"},"content":{"rendered":"<p>Franco <a href=\"https:\/\/www.instagram.com\/francocominotto\/\">Cominotto<\/a>: &#8220;El Radicalismo de Olavarr\u00eda tiene una fuerte vocaci\u00f3n de servicio&#8221;, as\u00ed lo dijo en la cena que se realiz\u00f3 anoche en el Club Pueblo Nuevo, agradeci\u00f3 la presencia de Gerardo Morales, de Maximiliano Abad.<\/p>\n<p>&#8220;Gracias a nuestros concejales que todos los d\u00edas demuestran con su vocaci\u00f3n de servicio, con su compromiso, su responsabilidad que las cosas se\u00a0 deben hacer de una manera correcta que es trabajando investigando estando al lado de los vecinos&#8221;.<\/p>\n<p>Luego dijo &#8220;quiero agradecer a todo el equipo que logr\u00f3 que se haga esta cena, eso es el radicalismo cuando se tiene que arremangar se arremanga, porque estamos a la altura de trabajar como el radicalismo necesita, el radicalismo de Olavarr\u00eda tiene una fuerte vocaci\u00f3n de servicio y un fuerte compromiso social&#8221;.<\/p>\n<p>&#8220;Agradezco al Intendente y su equipo que tambi\u00e9n nos acompa\u00f1an, tambi\u00e9n a Mario Cura un amigo del peronismo republicano&#8221;.<\/p>\n<p><a href=\"https:\/\/experienciadevida.com.ar\/portalurbano\/franco-cominotto-el-radicalismo-de-olavarria-tiene-una-fuerte-vocacion-de-servicio\/franco-3\/\" rel=\"attachment wp-att-173305\"><img decoding=\"async\" class=\"alignnone size-full wp-image-173305\" src=\"https:\/\/experienciadevida.com.ar\/portalurbano\/wp-content\/uploads\/2022\/08\/Franco.jpg\" alt=\"Franco \" width=\"765\" height=\"510\" srcset=\"https:\/\/experienciadevida.com.ar\/portalurbano\/wp-content\/uploads\/2022\/08\/Franco.jpg 765w, https:\/\/experienciadevida.com.ar\/portalurbano\/wp-content\/uploads\/2022\/08\/Franco-300x200.jpg 300w, https:\/\/experienciadevida.com.ar\/portalurbano\/wp-content\/uploads\/2022\/08\/Franco-150x100.jpg 150w\" sizes=\"(max-width: 765px) 100vw, 765px\" \/><\/a><\/p>\n<p>Por otra parte Franco Cominotto dijo &#8220;este radicalismo tiene muchas ansias de protagonismo que el radicalismo est\u00e1 dispuesto a conducir el destino del pa\u00eds, est\u00e1 dispuesto a gobernar la provincia de Buenos Aires estamos dispuestos a debatir qu\u00e9 pol\u00edticas p\u00fablicas queremos llevar adelante, es importante dialogar es importante disentir y coincidir\u00a0 pero lo m\u00e1s importante que tenemos es que estamos juntos que entendemos que la vocaci\u00f3n es generar alternancia a esto que estamos sufriendo todos&#8221;.<\/p>\n<p>&#8220;Ac\u00e1 est\u00e1n todos con un fuerte compromiso que fue pagar una tarjeta en momentos dif\u00edciles donde a todos nos cuesta llegar a\u00a0 fin de mes, y todo es para tener nuestra casa para tener ese lugar de debate y encuentro que necesitamos queremos volver a la 25 de mayo porque es nuestra casa es nuestro lugar y ser\u00e1 el lugar de todos&#8221;<\/p>\n<p>Para finalizar su discurso expres\u00f3 &#8220;Tenemos esperanza tenemos fuerza, tenemos los equipos, tenemos la juventud y tenemos los mayores entre todos podemos hacer un cambio de destino y tenemos que hacerlo por todos los que vienen por nuestra ciudad nuestros hijos, lo tenemos que hacer porque entendemos la pol\u00edtica de una sola forma y hay que volver a hacer pol\u00edtica con el coraz\u00f3n hay que volver a tener sentimientos en la pol\u00edtica, basta de la pol\u00edtica fr\u00eda tenemos que hacer las cosas de otra manera&#8221;.<\/p>\n","protected":false},"excerpt":{"rendered":"<p>Franco Cominotto: &#8220;El Radicalismo de Olavarr\u00eda tiene una fuerte vocaci\u00f3n de servicio&#8221;, as\u00ed lo dijo&#8230;<\/p>\n","protected":false},"author":1,"featured_media":173301,"comment_status":"closed","ping_status":"closed","sticky":false,"template":"","format":"standard","meta":{"content-type":""},"categories":[64,43],"tags":[],"nelio_content":{"isAutoShareEnabled":false,"autoShareEndMode":"default","automationSources":{"useContentSentences":true,"useSocialTemplates":true,"useCustomSentences":false,"customSentences":[]},"followers":[1],"suggestedReferences":[],"includedReferences":["https:\/\/www.instagram.com\/francocominotto\/"],"efiUrl":"","efiAlt":"","highlights":[]},"yoast_head":"<!-- This site is optimized with the Yoast SEO plugin v20.7 - https:\/\/yoast.com\/wordpress\/plugins\/seo\/ -->\n<title>Franco Cominotto: &quot;El radicalismo tiene una fuerte vocaci\u00f3n&quot;<\/title>\n<meta name=\"description\" content=\"Franco Cominotto: &quot;El Radicalismo de Olavarr\u00eda tiene una fuerte vocaci\u00f3n de servicio&quot;, as\u00ed lo dijo en la cena que se realiz\u00f3 anoche\" \/>\n<meta name=\"robots\" content=\"index, follow, max-snippet:-1, max-image-preview:large, max-video-preview:-1\" \/>\n<link rel=\"canonical\" href=\"https:\/\/experienciadevida.com.ar\/portalurbano\/franco-cominotto-el-radicalismo-de-olavarria-tiene-una-fuerte-vocacion-de-servicio\/\" \/>\n<meta property=\"og:locale\" content=\"es_ES\" \/>\n<meta property=\"og:type\" content=\"article\" \/>\n<meta property=\"og:title\" content=\"Franco Cominotto: &quot;El radicalismo tiene una fuerte vocaci\u00f3n&quot;\" \/>\n<meta property=\"og:description\" content=\"Franco Cominotto: &quot;El Radicalismo de Olavarr\u00eda tiene una fuerte vocaci\u00f3n de servicio&quot;, as\u00ed lo dijo en la cena que se realiz\u00f3 anoche\" \/>\n<meta property=\"og:url\" content=\"https:\/\/experienciadevida.com.ar\/portalurbano\/franco-cominotto-el-radicalismo-de-olavarria-tiene-una-fuerte-vocacion-de-servicio\/\" \/>\n<meta property=\"article:publisher\" content=\"https:\/\/www.facebook.com\/Portal-Urbano-171542830093757\/\" \/>\n<meta property=\"article:published_time\" content=\"2022-08-14T15:48:41+00:00\" \/>\n<meta property=\"article:modified_time\" content=\"2022-08-14T15:52:16+00:00\" \/>\n<meta property=\"og:image\" content=\"https:\/\/experienciadevida.com.ar\/portalurbano\/wp-content\/uploads\/2022\/08\/Franco-Cominotto.jpg\" \/>\n\t<meta property=\"og:image:width\" content=\"765\" \/>\n\t<meta property=\"og:image:height\" content=\"510\" \/>\n\t<meta property=\"og:image:type\" content=\"image\/jpeg\" \/>\n<meta name=\"author\" content=\"admpu17wp\" \/>\n<meta name=\"twitter:card\" content=\"summary_large_image\" \/>\n<meta name=\"twitter:creator\" content=\"@portalurbanook\" \/>\n<meta name=\"twitter:site\" content=\"@portalurbanook\" \/>\n<meta name=\"twitter:label1\" content=\"Escrito por\" \/>\n\t<meta name=\"twitter:data1\" content=\"admpu17wp\" \/>\n\t<meta name=\"twitter:label2\" content=\"Tiempo de lectura\" \/>\n\t<meta name=\"twitter:data2\" content=\"2 minutos\" \/>\n<script type=\"application\/ld+json\" class=\"yoast-schema-graph\">{\"@context\":\"https:\/\/schema.org\",\"@graph\":[{\"@type\":\"Article\",\"@id\":\"https:\/\/experienciadevida.com.ar\/portalurbano\/franco-cominotto-el-radicalismo-de-olavarria-tiene-una-fuerte-vocacion-de-servicio\/#article\",\"isPartOf\":{\"@id\":\"https:\/\/experienciadevida.com.ar\/portalurbano\/franco-cominotto-el-radicalismo-de-olavarria-tiene-una-fuerte-vocacion-de-servicio\/\"},\"author\":{\"name\":\"admpu17wp\",\"@id\":\"https:\/\/experienciadevida.com.ar\/portalurbano\/#\/schema\/person\/02dd326b1c4b056e9cc972486934a3a7\"},\"headline\":\"Franco Cominotto: &#8220;El Radicalismo de Olavarr\u00eda tiene una fuerte vocaci\u00f3n de servicio&#8221;\",\"datePublished\":\"2022-08-14T15:48:41+00:00\",\"dateModified\":\"2022-08-14T15:52:16+00:00\",\"mainEntityOfPage\":{\"@id\":\"https:\/\/experienciadevida.com.ar\/portalurbano\/franco-cominotto-el-radicalismo-de-olavarria-tiene-una-fuerte-vocacion-de-servicio\/\"},\"wordCount\":403,\"publisher\":{\"@id\":\"https:\/\/experienciadevida.com.ar\/portalurbano\/#organization\"},\"articleSection\":[\"Destacadas 2\",\"Pol\u00edtica\"],\"inLanguage\":\"es\"},{\"@type\":\"WebPage\",\"@id\":\"https:\/\/experienciadevida.com.ar\/portalurbano\/franco-cominotto-el-radicalismo-de-olavarria-tiene-una-fuerte-vocacion-de-servicio\/\",\"url\":\"https:\/\/experienciadevida.com.ar\/portalurbano\/franco-cominotto-el-radicalismo-de-olavarria-tiene-una-fuerte-vocacion-de-servicio\/\",\"name\":\"Franco Cominotto: \\\"El radicalismo tiene una fuerte vocaci\u00f3n\\\"\",\"isPartOf\":{\"@id\":\"https:\/\/experienciadevida.com.ar\/portalurbano\/#website\"},\"datePublished\":\"2022-08-14T15:48:41+00:00\",\"dateModified\":\"2022-08-14T15:52:16+00:00\",\"description\":\"Franco Cominotto: \\\"El Radicalismo de Olavarr\u00eda tiene una fuerte vocaci\u00f3n de servicio\\\", as\u00ed lo dijo en la cena que se realiz\u00f3 anoche\",\"breadcrumb\":{\"@id\":\"https:\/\/experienciadevida.com.ar\/portalurbano\/franco-cominotto-el-radicalismo-de-olavarria-tiene-una-fuerte-vocacion-de-servicio\/#breadcrumb\"},\"inLanguage\":\"es\",\"potentialAction\":[{\"@type\":\"ReadAction\",\"target\":[\"https:\/\/experienciadevida.com.ar\/portalurbano\/franco-cominotto-el-radicalismo-de-olavarria-tiene-una-fuerte-vocacion-de-servicio\/\"]}]},{\"@type\":\"BreadcrumbList\",\"@id\":\"https:\/\/experienciadevida.com.ar\/portalurbano\/franco-cominotto-el-radicalismo-de-olavarria-tiene-una-fuerte-vocacion-de-servicio\/#breadcrumb\",\"itemListElement\":[{\"@type\":\"ListItem\",\"position\":1,\"name\":\"Portada\",\"item\":\"https:\/\/experienciadevida.com.ar\/portalurbano\/\"},{\"@type\":\"ListItem\",\"position\":2,\"name\":\"Franco Cominotto: \u00abEl Radicalismo de Olavarr\u00eda tiene una fuerte vocaci\u00f3n de servicio\u00bb\"}]},{\"@type\":\"WebSite\",\"@id\":\"https:\/\/experienciadevida.com.ar\/portalurbano\/#website\",\"url\":\"https:\/\/experienciadevida.com.ar\/portalurbano\/\",\"name\":\"\",\"description\":\"\",\"publisher\":{\"@id\":\"https:\/\/experienciadevida.com.ar\/portalurbano\/#organization\"},\"potentialAction\":[{\"@type\":\"SearchAction\",\"target\":{\"@type\":\"EntryPoint\",\"urlTemplate\":\"https:\/\/experienciadevida.com.ar\/portalurbano\/?s={search_term_string}\"},\"query-input\":\"required name=search_term_string\"}],\"inLanguage\":\"es\"},{\"@type\":\"Organization\",\"@id\":\"https:\/\/experienciadevida.com.ar\/portalurbano\/#organization\",\"name\":\"Portal Urbano\",\"url\":\"https:\/\/experienciadevida.com.ar\/portalurbano\/\",\"logo\":{\"@type\":\"ImageObject\",\"inLanguage\":\"es\",\"@id\":\"https:\/\/experienciadevida.com.ar\/portalurbano\/#\/schema\/logo\/image\/\",\"url\":\"https:\/\/experienciadevida.com.ar\/portalurbano\/wp-content\/uploads\/2019\/09\/Logo-Original.png\",\"contentUrl\":\"https:\/\/experienciadevida.com.ar\/portalurbano\/wp-content\/uploads\/2019\/09\/Logo-Original.png\",\"width\":2236,\"height\":1216,\"caption\":\"Portal Urbano\"},\"image\":{\"@id\":\"https:\/\/experienciadevida.com.ar\/portalurbano\/#\/schema\/logo\/image\/\"},\"sameAs\":[\"https:\/\/www.facebook.com\/Portal-Urbano-171542830093757\/\",\"https:\/\/twitter.com\/portalurbanook\",\"https:\/\/www.instagram.com\/_portalurbano\/\",\"https:\/\/www.youtube.com\/channel\/UCXhagIfszH8KxFiOok79zbA?view_as=subscriber\"]},{\"@type\":\"Person\",\"@id\":\"https:\/\/experienciadevida.com.ar\/portalurbano\/#\/schema\/person\/02dd326b1c4b056e9cc972486934a3a7\",\"name\":\"admpu17wp\",\"image\":{\"@type\":\"ImageObject\",\"inLanguage\":\"es\",\"@id\":\"https:\/\/experienciadevida.com.ar\/portalurbano\/#\/schema\/person\/image\/\",\"url\":\"https:\/\/secure.gravatar.com\/avatar\/830d4c57adaae6630765e449a6908047?s=96&d=mm&r=g\",\"contentUrl\":\"https:\/\/secure.gravatar.com\/avatar\/830d4c57adaae6630765e449a6908047?s=96&d=mm&r=g\",\"caption\":\"admpu17wp\"}}]}<\/script>\n<!-- \/ Yoast SEO plugin. -->","yoast_head_json":{"title":"Franco Cominotto: \"El radicalismo tiene una fuerte vocaci\u00f3n\"","description":"Franco Cominotto: \"El Radicalismo de Olavarr\u00eda tiene una fuerte vocaci\u00f3n de servicio\", as\u00ed lo dijo en la cena que se realiz\u00f3 anoche","robots":{"index":"index","follow":"follow","max-snippet":"max-snippet:-1","max-image-preview":"max-image-preview:large","max-video-preview":"max-video-preview:-1"},"canonical":"https:\/\/experienciadevida.com.ar\/portalurbano\/franco-cominotto-el-radicalismo-de-olavarria-tiene-una-fuerte-vocacion-de-servicio\/","og_locale":"es_ES","og_type":"article","og_title":"Franco Cominotto: \"El radicalismo tiene una fuerte vocaci\u00f3n\"","og_description":"Franco Cominotto: \"El Radicalismo de Olavarr\u00eda tiene una fuerte vocaci\u00f3n de servicio\", as\u00ed lo dijo en la cena que se realiz\u00f3 anoche","og_url":"https:\/\/experienciadevida.com.ar\/portalurbano\/franco-cominotto-el-radicalismo-de-olavarria-tiene-una-fuerte-vocacion-de-servicio\/","article_publisher":"https:\/\/www.facebook.com\/Portal-Urbano-171542830093757\/","article_published_time":"2022-08-14T15:48:41+00:00","article_modified_time":"2022-08-14T15:52:16+00:00","og_image":[{"width":765,"height":510,"url":"https:\/\/experienciadevida.com.ar\/portalurbano\/wp-content\/uploads\/2022\/08\/Franco-Cominotto.jpg","type":"image\/jpeg"}],"author":"admpu17wp","twitter_card":"summary_large_image","twitter_creator":"@portalurbanook","twitter_site":"@portalurbanook","twitter_misc":{"Escrito por":"admpu17wp","Tiempo de lectura":"2 minutos"},"schema":{"@context":"https:\/\/schema.org","@graph":[{"@type":"Article","@id":"https:\/\/experienciadevida.com.ar\/portalurbano\/franco-cominotto-el-radicalismo-de-olavarria-tiene-una-fuerte-vocacion-de-servicio\/#article","isPartOf":{"@id":"https:\/\/experienciadevida.com.ar\/portalurbano\/franco-cominotto-el-radicalismo-de-olavarria-tiene-una-fuerte-vocacion-de-servicio\/"},"author":{"name":"admpu17wp","@id":"https:\/\/experienciadevida.com.ar\/portalurbano\/#\/schema\/person\/02dd326b1c4b056e9cc972486934a3a7"},"headline":"Franco Cominotto: &#8220;El Radicalismo de Olavarr\u00eda tiene una fuerte vocaci\u00f3n de servicio&#8221;","datePublished":"2022-08-14T15:48:41+00:00","dateModified":"2022-08-14T15:52:16+00:00","mainEntityOfPage":{"@id":"https:\/\/experienciadevida.com.ar\/portalurbano\/franco-cominotto-el-radicalismo-de-olavarria-tiene-una-fuerte-vocacion-de-servicio\/"},"wordCount":403,"publisher":{"@id":"https:\/\/experienciadevida.com.ar\/portalurbano\/#organization"},"articleSection":["Destacadas 2","Pol\u00edtica"],"inLanguage":"es"},{"@type":"WebPage","@id":"https:\/\/experienciadevida.com.ar\/portalurbano\/franco-cominotto-el-radicalismo-de-olavarria-tiene-una-fuerte-vocacion-de-servicio\/","url":"https:\/\/experienciadevida.com.ar\/portalurbano\/franco-cominotto-el-radicalismo-de-olavarria-tiene-una-fuerte-vocacion-de-servicio\/","name":"Franco Cominotto: \"El radicalismo tiene una fuerte vocaci\u00f3n\"","isPartOf":{"@id":"https:\/\/experienciadevida.com.ar\/portalurbano\/#website"},"datePublished":"2022-08-14T15:48:41+00:00","dateModified":"2022-08-14T15:52:16+00:00","description":"Franco Cominotto: \"El Radicalismo de Olavarr\u00eda tiene una fuerte vocaci\u00f3n de servicio\", as\u00ed lo dijo en la cena que se realiz\u00f3 anoche","breadcrumb":{"@id":"https:\/\/experienciadevida.com.ar\/portalurbano\/franco-cominotto-el-radicalismo-de-olavarria-tiene-una-fuerte-vocacion-de-servicio\/#breadcrumb"},"inLanguage":"es","potentialAction":[{"@type":"ReadAction","target":["https:\/\/experienciadevida.com.ar\/portalurbano\/franco-cominotto-el-radicalismo-de-olavarria-tiene-una-fuerte-vocacion-de-servicio\/"]}]},{"@type":"BreadcrumbList","@id":"https:\/\/experienciadevida.com.ar\/portalurbano\/franco-cominotto-el-radicalismo-de-olavarria-tiene-una-fuerte-vocacion-de-servicio\/#breadcrumb","itemListElement":[{"@type":"ListItem","position":1,"name":"Portada","item":"https:\/\/experienciadevida.com.ar\/portalurbano\/"},{"@type":"ListItem","position":2,"name":"Franco Cominotto: \u00abEl Radicalismo de Olavarr\u00eda tiene una fuerte vocaci\u00f3n de servicio\u00bb"}]},{"@type":"WebSite","@id":"https:\/\/experienciadevida.com.ar\/portalurbano\/#website","url":"https:\/\/experienciadevida.com.ar\/portalurbano\/","name":"","description":"","publisher":{"@id":"https:\/\/experienciadevida.com.ar\/portalurbano\/#organization"},"potentialAction":[{"@type":"SearchAction","target":{"@type":"EntryPoint","urlTemplate":"https:\/\/experienciadevida.com.ar\/portalurbano\/?s={search_term_string}"},"query-input":"required name=search_term_string"}],"inLanguage":"es"},{"@type":"Organization","@id":"https:\/\/experienciadevida.com.ar\/portalurbano\/#organization","name":"Portal Urbano","url":"https:\/\/experienciadevida.com.ar\/portalurbano\/","logo":{"@type":"ImageObject","inLanguage":"es","@id":"https:\/\/experienciadevida.com.ar\/portalurbano\/#\/schema\/logo\/image\/","url":"https:\/\/experienciadevida.com.ar\/portalurbano\/wp-content\/uploads\/2019\/09\/Logo-Original.png","contentUrl":"https:\/\/experienciadevida.com.ar\/portalurbano\/wp-content\/uploads\/2019\/09\/Logo-Original.png","width":2236,"height":1216,"caption":"Portal Urbano"},"image":{"@id":"https:\/\/experienciadevida.com.ar\/portalurbano\/#\/schema\/logo\/image\/"},"sameAs":["https:\/\/www.facebook.com\/Portal-Urbano-171542830093757\/","https:\/\/twitter.com\/portalurbanook","https:\/\/www.instagram.com\/_portalurbano\/","https:\/\/www.youtube.com\/channel\/UCXhagIfszH8KxFiOok79zbA?view_as=subscriber"]},{"@type":"Person","@id":"https:\/\/experienciadevida.com.ar\/portalurbano\/#\/schema\/person\/02dd326b1c4b056e9cc972486934a3a7","name":"admpu17wp","image":{"@type":"ImageObject","inLanguage":"es","@id":"https:\/\/experienciadevida.com.ar\/portalurbano\/#\/schema\/person\/image\/","url":"https:\/\/secure.gravatar.com\/avatar\/830d4c57adaae6630765e449a6908047?s=96&d=mm&r=g","contentUrl":"https:\/\/secure.gravatar.com\/avatar\/830d4c57adaae6630765e449a6908047?s=96&d=mm&r=g","caption":"admpu17wp"}}]}},"featured_image_urls":{"full":["https:\/\/experienciadevida.com.ar\/portalurbano\/wp-content\/uploads\/2022\/08\/Franco-Cominotto.jpg",765,510,false],"thumbnail":["https:\/\/experienciadevida.com.ar\/portalurbano\/wp-content\/uploads\/2022\/08\/Franco-Cominotto-150x150.jpg",150,150,true],"medium":["https:\/\/experienciadevida.com.ar\/portalurbano\/wp-content\/uploads\/2022\/08\/Franco-Cominotto-300x200.jpg",300,200,true],"medium_large":["https:\/\/experienciadevida.com.ar\/portalurbano\/wp-content\/uploads\/2022\/08\/Franco-Cominotto.jpg",640,427,false],"large":["https:\/\/experienciadevida.com.ar\/portalurbano\/wp-content\/uploads\/2022\/08\/Franco-Cominotto.jpg",640,427,false],"ug_big":["https:\/\/experienciadevida.com.ar\/portalurbano\/wp-content\/uploads\/2022\/08\/Franco-Cominotto.jpg",765,510,false],"1536x1536":["https:\/\/experienciadevida.com.ar\/portalurbano\/wp-content\/uploads\/2022\/08\/Franco-Cominotto.jpg",765,510,false],"2048x2048":["https:\/\/experienciadevida.com.ar\/portalurbano\/wp-content\/uploads\/2022\/08\/Franco-Cominotto.jpg",765,510,false],"newsever-slider-full":["https:\/\/experienciadevida.com.ar\/portalurbano\/wp-content\/uploads\/2022\/08\/Franco-Cominotto.jpg",765,510,false],"newsever-featured":["https:\/\/experienciadevida.com.ar\/portalurbano\/wp-content\/uploads\/2022\/08\/Franco-Cominotto.jpg",765,510,false],"newsever-medium":["https:\/\/experienciadevida.com.ar\/portalurbano\/wp-content\/uploads\/2022\/08\/Franco-Cominotto.jpg",713,475,false],"web-stories-poster-portrait":["https:\/\/experienciadevida.com.ar\/portalurbano\/wp-content\/uploads\/2022\/08\/Franco-Cominotto-640x510.jpg",640,510,true],"web-stories-publisher-logo":["https:\/\/experienciadevida.com.ar\/portalurbano\/wp-content\/uploads\/2022\/08\/Franco-Cominotto-96x96.jpg",96,96,true],"web-stories-thumbnail":["https:\/\/experienciadevida.com.ar\/portalurbano\/wp-content\/uploads\/2022\/08\/Franco-Cominotto-150x100.jpg",150,100,true]},"author_info":{"display_name":"admpu17wp","author_link":"https:\/\/experienciadevida.com.ar\/portalurbano\/author\/admpu17wp\/"},"category_info":"<a href=\"https:\/\/experienciadevida.com.ar\/portalurbano\/category\/destacadas-2\/\" rel=\"category tag\">Destacadas 2<\/a> <a href=\"https:\/\/experienciadevida.com.ar\/portalurbano\/category\/politica\/\" rel=\"category tag\">Pol\u00edtica<\/a>","tag_info":"Pol\u00edtica","comment_count":"0","amp_enabled":true,"_links":{"self":[{"href":"https:\/\/experienciadevida.com.ar\/portalurbano\/wp-json\/wp\/v2\/posts\/173295"}],"collection":[{"href":"https:\/\/experienciadevida.com.ar\/portalurbano\/wp-json\/wp\/v2\/posts"}],"about":[{"href":"https:\/\/experienciadevida.com.ar\/portalurbano\/wp-json\/wp\/v2\/types\/post"}],"author":[{"embeddable":true,"href":"https:\/\/experienciadevida.com.ar\/portalurbano\/wp-json\/wp\/v2\/users\/1"}],"replies":[{"embeddable":true,"href":"https:\/\/experienciadevida.com.ar\/portalurbano\/wp-json\/wp\/v2\/comments?post=173295"}],"version-history":[{"count":3,"href":"https:\/\/experienciadevida.com.ar\/portalurbano\/wp-json\/wp\/v2\/posts\/173295\/revisions"}],"predecessor-version":[{"id":173306,"href":"https:\/\/experienciadevida.com.ar\/portalurbano\/wp-json\/wp\/v2\/posts\/173295\/revisions\/173306"}],"wp:featuredmedia":[{"embeddable":true,"href":"https:\/\/experienciadevida.com.ar\/portalurbano\/wp-json\/wp\/v2\/media\/173301"}],"wp:attachment":[{"href":"https:\/\/experienciadevida.com.ar\/portalurbano\/wp-json\/wp\/v2\/media?parent=173295"}],"wp:term":[{"taxonomy":"category","embeddable":true,"href":"https:\/\/experienciadevida.com.ar\/portalurbano\/wp-json\/wp\/v2\/categories?post=173295"},{"taxonomy":"post_tag","embeddable":true,"href":"https:\/\/experienciadevida.com.ar\/portalurbano\/wp-json\/wp\/v2\/tags?post=173295"}],"curies":[{"name":"wp","href":"https:\/\/api.w.org\/{rel}","templated":true}]}}