{"id":173277,"date":"2022-08-14T02:32:29","date_gmt":"2022-08-14T05:32:29","guid":{"rendered":"https:\/\/experienciadevida.com.ar\/portalurbano\/?p=173277"},"modified":"2022-08-14T02:34:54","modified_gmt":"2022-08-14T05:34:54","slug":"una-cena-de-la-union-civica-radical-para-la-reconstruccion-de-su-edificio","status":"publish","type":"post","link":"https:\/\/experienciadevida.com.ar\/portalurbano\/una-cena-de-la-union-civica-radical-para-la-reconstruccion-de-su-edificio\/","title":{"rendered":"Una cena de la Uni\u00f3n C\u00edvica Radical para la reconstrucci\u00f3n de su edificio"},"content":{"rendered":"<p>Una cena de la Uni\u00f3n C\u00edvica Radical para la reconstrucci\u00f3n de su edificio, la misma sucedi\u00f3 este s\u00e1bado a la noche en el Club Pueblo Nuevo, de la misma particip\u00f3 el Presidente de la Uni\u00f3n C\u00edvica Radical a nivel nacional Gerardo Morales, Maximiliano Abad, el Intendente de nuestra ciudad y el Presidente del comit\u00e9 local Gonzalo <a href=\"https:\/\/www.instagram.com\/gonzalodolagaray\/\">Dolagaray\u00a0<\/a> as\u00ed como tambi\u00e9n los concejales de la UCR entre otros tantos referentes locales y de la s\u00e9ptima secci\u00f3n electoral.<\/p>\n<p>La UCR busca reconstruir su edificio que fue incendiado hace nueve a\u00f1os y destruy\u00f3 completamente el lugar. El hecho fue en la madrugada del 4 de agosto del 2013, pero hoy con un presente cargado de optimismo y en plena recuperaci\u00f3n es que decidieron realizar esta cena ya que lo recaudado servir\u00e1 para continuar con la construcci\u00f3n del edificio. Adem\u00e1s buscan dar muestras de unidad y fortaleza.<\/p>\n<p>La UCR local fue anfitriona de una cena que reuni\u00f3 a los principales referentes nacionales del partido as\u00ed como tambi\u00e9n de la s\u00e9ptima secci\u00f3n electoral, con el objetivo de la reconstrucci\u00f3n de su edificio. Varios representantes no pudieron venir por cuestiones personales, pero la cena cont\u00f3 con la presencia de Gerardo Morales, Maximiliano Abad, entre otros.<\/p>\n","protected":false},"excerpt":{"rendered":"<p>Una cena de la Uni\u00f3n C\u00edvica Radical para la reconstrucci\u00f3n de su edificio, la misma&#8230;<\/p>\n","protected":false},"author":1,"featured_media":173278,"comment_status":"closed","ping_status":"closed","sticky":false,"template":"","format":"standard","meta":{"content-type":""},"categories":[27,51],"tags":[],"nelio_content":{"isAutoShareEnabled":false,"autoShareEndMode":"default","automationSources":{"useContentSentences":true,"useSocialTemplates":true,"useCustomSentences":false,"customSentences":[]},"followers":[1],"suggestedReferences":[],"includedReferences":["https:\/\/www.instagram.com\/gonzalodolagaray\/"],"efiUrl":"","efiAlt":"","highlights":[]},"yoast_head":"<!-- This site is optimized with the Yoast SEO plugin v20.7 - https:\/\/yoast.com\/wordpress\/plugins\/seo\/ -->\n<title>Una cena de la uni\u00f3n c\u00edvica radical para la reconstrucci\u00f3n<\/title>\n<meta name=\"description\" content=\"Una cena de la Uni\u00f3n C\u00edvica Radical para la reconstrucci\u00f3n de su edificio, la misma sucedi\u00f3 este s\u00e1bado a la noche en el Club Pueblo Nuevo\" \/>\n<meta name=\"robots\" content=\"index, follow, max-snippet:-1, max-image-preview:large, max-video-preview:-1\" \/>\n<link rel=\"canonical\" href=\"https:\/\/experienciadevida.com.ar\/portalurbano\/una-cena-de-la-union-civica-radical-para-la-reconstruccion-de-su-edificio\/\" \/>\n<meta property=\"og:locale\" content=\"es_ES\" \/>\n<meta property=\"og:type\" content=\"article\" \/>\n<meta property=\"og:title\" content=\"Una cena de la uni\u00f3n c\u00edvica radical para la reconstrucci\u00f3n\" \/>\n<meta property=\"og:description\" content=\"Una cena de la Uni\u00f3n C\u00edvica Radical para la reconstrucci\u00f3n de su edificio, la misma sucedi\u00f3 este s\u00e1bado a la noche en el Club Pueblo Nuevo\" \/>\n<meta property=\"og:url\" content=\"https:\/\/experienciadevida.com.ar\/portalurbano\/una-cena-de-la-union-civica-radical-para-la-reconstruccion-de-su-edificio\/\" \/>\n<meta property=\"article:publisher\" content=\"https:\/\/www.facebook.com\/Portal-Urbano-171542830093757\/\" \/>\n<meta property=\"article:published_time\" content=\"2022-08-14T05:32:29+00:00\" \/>\n<meta property=\"article:modified_time\" content=\"2022-08-14T05:34:54+00:00\" \/>\n<meta property=\"og:image\" content=\"https:\/\/experienciadevida.com.ar\/portalurbano\/wp-content\/uploads\/2022\/08\/Una-cena-de-la.jpg\" \/>\n\t<meta property=\"og:image:width\" content=\"765\" \/>\n\t<meta property=\"og:image:height\" content=\"510\" \/>\n\t<meta property=\"og:image:type\" content=\"image\/jpeg\" \/>\n<meta name=\"author\" content=\"admpu17wp\" \/>\n<meta name=\"twitter:card\" content=\"summary_large_image\" \/>\n<meta name=\"twitter:creator\" content=\"@portalurbanook\" \/>\n<meta name=\"twitter:site\" content=\"@portalurbanook\" \/>\n<meta name=\"twitter:label1\" content=\"Escrito por\" \/>\n\t<meta name=\"twitter:data1\" content=\"admpu17wp\" \/>\n\t<meta name=\"twitter:label2\" content=\"Tiempo de lectura\" \/>\n\t<meta name=\"twitter:data2\" content=\"1 minuto\" \/>\n<script type=\"application\/ld+json\" class=\"yoast-schema-graph\">{\"@context\":\"https:\/\/schema.org\",\"@graph\":[{\"@type\":\"Article\",\"@id\":\"https:\/\/experienciadevida.com.ar\/portalurbano\/una-cena-de-la-union-civica-radical-para-la-reconstruccion-de-su-edificio\/#article\",\"isPartOf\":{\"@id\":\"https:\/\/experienciadevida.com.ar\/portalurbano\/una-cena-de-la-union-civica-radical-para-la-reconstruccion-de-su-edificio\/\"},\"author\":{\"name\":\"admpu17wp\",\"@id\":\"https:\/\/experienciadevida.com.ar\/portalurbano\/#\/schema\/person\/02dd326b1c4b056e9cc972486934a3a7\"},\"headline\":\"Una cena de la Uni\u00f3n C\u00edvica Radical para la reconstrucci\u00f3n de su edificio\",\"datePublished\":\"2022-08-14T05:32:29+00:00\",\"dateModified\":\"2022-08-14T05:34:54+00:00\",\"mainEntityOfPage\":{\"@id\":\"https:\/\/experienciadevida.com.ar\/portalurbano\/una-cena-de-la-union-civica-radical-para-la-reconstruccion-de-su-edificio\/\"},\"wordCount\":230,\"publisher\":{\"@id\":\"https:\/\/experienciadevida.com.ar\/portalurbano\/#organization\"},\"articleSection\":[\"Ciudad\",\"Destacadas\"],\"inLanguage\":\"es\"},{\"@type\":\"WebPage\",\"@id\":\"https:\/\/experienciadevida.com.ar\/portalurbano\/una-cena-de-la-union-civica-radical-para-la-reconstruccion-de-su-edificio\/\",\"url\":\"https:\/\/experienciadevida.com.ar\/portalurbano\/una-cena-de-la-union-civica-radical-para-la-reconstruccion-de-su-edificio\/\",\"name\":\"Una cena de la uni\u00f3n c\u00edvica radical para la reconstrucci\u00f3n\",\"isPartOf\":{\"@id\":\"https:\/\/experienciadevida.com.ar\/portalurbano\/#website\"},\"datePublished\":\"2022-08-14T05:32:29+00:00\",\"dateModified\":\"2022-08-14T05:34:54+00:00\",\"description\":\"Una cena de la Uni\u00f3n C\u00edvica Radical para la reconstrucci\u00f3n de su edificio, la misma sucedi\u00f3 este s\u00e1bado a la noche en el Club Pueblo Nuevo\",\"breadcrumb\":{\"@id\":\"https:\/\/experienciadevida.com.ar\/portalurbano\/una-cena-de-la-union-civica-radical-para-la-reconstruccion-de-su-edificio\/#breadcrumb\"},\"inLanguage\":\"es\",\"potentialAction\":[{\"@type\":\"ReadAction\",\"target\":[\"https:\/\/experienciadevida.com.ar\/portalurbano\/una-cena-de-la-union-civica-radical-para-la-reconstruccion-de-su-edificio\/\"]}]},{\"@type\":\"BreadcrumbList\",\"@id\":\"https:\/\/experienciadevida.com.ar\/portalurbano\/una-cena-de-la-union-civica-radical-para-la-reconstruccion-de-su-edificio\/#breadcrumb\",\"itemListElement\":[{\"@type\":\"ListItem\",\"position\":1,\"name\":\"Portada\",\"item\":\"https:\/\/experienciadevida.com.ar\/portalurbano\/\"},{\"@type\":\"ListItem\",\"position\":2,\"name\":\"Una cena de la Uni\u00f3n C\u00edvica Radical para la reconstrucci\u00f3n de su edificio\"}]},{\"@type\":\"WebSite\",\"@id\":\"https:\/\/experienciadevida.com.ar\/portalurbano\/#website\",\"url\":\"https:\/\/experienciadevida.com.ar\/portalurbano\/\",\"name\":\"\",\"description\":\"\",\"publisher\":{\"@id\":\"https:\/\/experienciadevida.com.ar\/portalurbano\/#organization\"},\"potentialAction\":[{\"@type\":\"SearchAction\",\"target\":{\"@type\":\"EntryPoint\",\"urlTemplate\":\"https:\/\/experienciadevida.com.ar\/portalurbano\/?s={search_term_string}\"},\"query-input\":\"required name=search_term_string\"}],\"inLanguage\":\"es\"},{\"@type\":\"Organization\",\"@id\":\"https:\/\/experienciadevida.com.ar\/portalurbano\/#organization\",\"name\":\"Portal Urbano\",\"url\":\"https:\/\/experienciadevida.com.ar\/portalurbano\/\",\"logo\":{\"@type\":\"ImageObject\",\"inLanguage\":\"es\",\"@id\":\"https:\/\/experienciadevida.com.ar\/portalurbano\/#\/schema\/logo\/image\/\",\"url\":\"https:\/\/experienciadevida.com.ar\/portalurbano\/wp-content\/uploads\/2019\/09\/Logo-Original.png\",\"contentUrl\":\"https:\/\/experienciadevida.com.ar\/portalurbano\/wp-content\/uploads\/2019\/09\/Logo-Original.png\",\"width\":2236,\"height\":1216,\"caption\":\"Portal Urbano\"},\"image\":{\"@id\":\"https:\/\/experienciadevida.com.ar\/portalurbano\/#\/schema\/logo\/image\/\"},\"sameAs\":[\"https:\/\/www.facebook.com\/Portal-Urbano-171542830093757\/\",\"https:\/\/twitter.com\/portalurbanook\",\"https:\/\/www.instagram.com\/_portalurbano\/\",\"https:\/\/www.youtube.com\/channel\/UCXhagIfszH8KxFiOok79zbA?view_as=subscriber\"]},{\"@type\":\"Person\",\"@id\":\"https:\/\/experienciadevida.com.ar\/portalurbano\/#\/schema\/person\/02dd326b1c4b056e9cc972486934a3a7\",\"name\":\"admpu17wp\",\"image\":{\"@type\":\"ImageObject\",\"inLanguage\":\"es\",\"@id\":\"https:\/\/experienciadevida.com.ar\/portalurbano\/#\/schema\/person\/image\/\",\"url\":\"https:\/\/secure.gravatar.com\/avatar\/830d4c57adaae6630765e449a6908047?s=96&d=mm&r=g\",\"contentUrl\":\"https:\/\/secure.gravatar.com\/avatar\/830d4c57adaae6630765e449a6908047?s=96&d=mm&r=g\",\"caption\":\"admpu17wp\"}}]}<\/script>\n<!-- \/ Yoast SEO plugin. -->","yoast_head_json":{"title":"Una cena de la uni\u00f3n c\u00edvica radical para la reconstrucci\u00f3n","description":"Una cena de la Uni\u00f3n C\u00edvica Radical para la reconstrucci\u00f3n de su edificio, la misma sucedi\u00f3 este s\u00e1bado a la noche en el Club Pueblo Nuevo","robots":{"index":"index","follow":"follow","max-snippet":"max-snippet:-1","max-image-preview":"max-image-preview:large","max-video-preview":"max-video-preview:-1"},"canonical":"https:\/\/experienciadevida.com.ar\/portalurbano\/una-cena-de-la-union-civica-radical-para-la-reconstruccion-de-su-edificio\/","og_locale":"es_ES","og_type":"article","og_title":"Una cena de la uni\u00f3n c\u00edvica radical para la reconstrucci\u00f3n","og_description":"Una cena de la Uni\u00f3n C\u00edvica Radical para la reconstrucci\u00f3n de su edificio, la misma sucedi\u00f3 este s\u00e1bado a la noche en el Club Pueblo Nuevo","og_url":"https:\/\/experienciadevida.com.ar\/portalurbano\/una-cena-de-la-union-civica-radical-para-la-reconstruccion-de-su-edificio\/","article_publisher":"https:\/\/www.facebook.com\/Portal-Urbano-171542830093757\/","article_published_time":"2022-08-14T05:32:29+00:00","article_modified_time":"2022-08-14T05:34:54+00:00","og_image":[{"width":765,"height":510,"url":"https:\/\/experienciadevida.com.ar\/portalurbano\/wp-content\/uploads\/2022\/08\/Una-cena-de-la.jpg","type":"image\/jpeg"}],"author":"admpu17wp","twitter_card":"summary_large_image","twitter_creator":"@portalurbanook","twitter_site":"@portalurbanook","twitter_misc":{"Escrito por":"admpu17wp","Tiempo de lectura":"1 minuto"},"schema":{"@context":"https:\/\/schema.org","@graph":[{"@type":"Article","@id":"https:\/\/experienciadevida.com.ar\/portalurbano\/una-cena-de-la-union-civica-radical-para-la-reconstruccion-de-su-edificio\/#article","isPartOf":{"@id":"https:\/\/experienciadevida.com.ar\/portalurbano\/una-cena-de-la-union-civica-radical-para-la-reconstruccion-de-su-edificio\/"},"author":{"name":"admpu17wp","@id":"https:\/\/experienciadevida.com.ar\/portalurbano\/#\/schema\/person\/02dd326b1c4b056e9cc972486934a3a7"},"headline":"Una cena de la Uni\u00f3n C\u00edvica Radical para la reconstrucci\u00f3n de su edificio","datePublished":"2022-08-14T05:32:29+00:00","dateModified":"2022-08-14T05:34:54+00:00","mainEntityOfPage":{"@id":"https:\/\/experienciadevida.com.ar\/portalurbano\/una-cena-de-la-union-civica-radical-para-la-reconstruccion-de-su-edificio\/"},"wordCount":230,"publisher":{"@id":"https:\/\/experienciadevida.com.ar\/portalurbano\/#organization"},"articleSection":["Ciudad","Destacadas"],"inLanguage":"es"},{"@type":"WebPage","@id":"https:\/\/experienciadevida.com.ar\/portalurbano\/una-cena-de-la-union-civica-radical-para-la-reconstruccion-de-su-edificio\/","url":"https:\/\/experienciadevida.com.ar\/portalurbano\/una-cena-de-la-union-civica-radical-para-la-reconstruccion-de-su-edificio\/","name":"Una cena de la uni\u00f3n c\u00edvica radical para la reconstrucci\u00f3n","isPartOf":{"@id":"https:\/\/experienciadevida.com.ar\/portalurbano\/#website"},"datePublished":"2022-08-14T05:32:29+00:00","dateModified":"2022-08-14T05:34:54+00:00","description":"Una cena de la Uni\u00f3n C\u00edvica Radical para la reconstrucci\u00f3n de su edificio, la misma sucedi\u00f3 este s\u00e1bado a la noche en el Club Pueblo Nuevo","breadcrumb":{"@id":"https:\/\/experienciadevida.com.ar\/portalurbano\/una-cena-de-la-union-civica-radical-para-la-reconstruccion-de-su-edificio\/#breadcrumb"},"inLanguage":"es","potentialAction":[{"@type":"ReadAction","target":["https:\/\/experienciadevida.com.ar\/portalurbano\/una-cena-de-la-union-civica-radical-para-la-reconstruccion-de-su-edificio\/"]}]},{"@type":"BreadcrumbList","@id":"https:\/\/experienciadevida.com.ar\/portalurbano\/una-cena-de-la-union-civica-radical-para-la-reconstruccion-de-su-edificio\/#breadcrumb","itemListElement":[{"@type":"ListItem","position":1,"name":"Portada","item":"https:\/\/experienciadevida.com.ar\/portalurbano\/"},{"@type":"ListItem","position":2,"name":"Una cena de la Uni\u00f3n C\u00edvica Radical para la reconstrucci\u00f3n de su edificio"}]},{"@type":"WebSite","@id":"https:\/\/experienciadevida.com.ar\/portalurbano\/#website","url":"https:\/\/experienciadevida.com.ar\/portalurbano\/","name":"","description":"","publisher":{"@id":"https:\/\/experienciadevida.com.ar\/portalurbano\/#organization"},"potentialAction":[{"@type":"SearchAction","target":{"@type":"EntryPoint","urlTemplate":"https:\/\/experienciadevida.com.ar\/portalurbano\/?s={search_term_string}"},"query-input":"required name=search_term_string"}],"inLanguage":"es"},{"@type":"Organization","@id":"https:\/\/experienciadevida.com.ar\/portalurbano\/#organization","name":"Portal Urbano","url":"https:\/\/experienciadevida.com.ar\/portalurbano\/","logo":{"@type":"ImageObject","inLanguage":"es","@id":"https:\/\/experienciadevida.com.ar\/portalurbano\/#\/schema\/logo\/image\/","url":"https:\/\/experienciadevida.com.ar\/portalurbano\/wp-content\/uploads\/2019\/09\/Logo-Original.png","contentUrl":"https:\/\/experienciadevida.com.ar\/portalurbano\/wp-content\/uploads\/2019\/09\/Logo-Original.png","width":2236,"height":1216,"caption":"Portal Urbano"},"image":{"@id":"https:\/\/experienciadevida.com.ar\/portalurbano\/#\/schema\/logo\/image\/"},"sameAs":["https:\/\/www.facebook.com\/Portal-Urbano-171542830093757\/","https:\/\/twitter.com\/portalurbanook","https:\/\/www.instagram.com\/_portalurbano\/","https:\/\/www.youtube.com\/channel\/UCXhagIfszH8KxFiOok79zbA?view_as=subscriber"]},{"@type":"Person","@id":"https:\/\/experienciadevida.com.ar\/portalurbano\/#\/schema\/person\/02dd326b1c4b056e9cc972486934a3a7","name":"admpu17wp","image":{"@type":"ImageObject","inLanguage":"es","@id":"https:\/\/experienciadevida.com.ar\/portalurbano\/#\/schema\/person\/image\/","url":"https:\/\/secure.gravatar.com\/avatar\/830d4c57adaae6630765e449a6908047?s=96&d=mm&r=g","contentUrl":"https:\/\/secure.gravatar.com\/avatar\/830d4c57adaae6630765e449a6908047?s=96&d=mm&r=g","caption":"admpu17wp"}}]}},"featured_image_urls":{"full":["https:\/\/experienciadevida.com.ar\/portalurbano\/wp-content\/uploads\/2022\/08\/Una-cena-de-la.jpg",765,510,false],"thumbnail":["https:\/\/experienciadevida.com.ar\/portalurbano\/wp-content\/uploads\/2022\/08\/Una-cena-de-la-150x150.jpg",150,150,true],"medium":["https:\/\/experienciadevida.com.ar\/portalurbano\/wp-content\/uploads\/2022\/08\/Una-cena-de-la-300x200.jpg",300,200,true],"medium_large":["https:\/\/experienciadevida.com.ar\/portalurbano\/wp-content\/uploads\/2022\/08\/Una-cena-de-la.jpg",640,427,false],"large":["https:\/\/experienciadevida.com.ar\/portalurbano\/wp-content\/uploads\/2022\/08\/Una-cena-de-la.jpg",640,427,false],"ug_big":["https:\/\/experienciadevida.com.ar\/portalurbano\/wp-content\/uploads\/2022\/08\/Una-cena-de-la.jpg",765,510,false],"1536x1536":["https:\/\/experienciadevida.com.ar\/portalurbano\/wp-content\/uploads\/2022\/08\/Una-cena-de-la.jpg",765,510,false],"2048x2048":["https:\/\/experienciadevida.com.ar\/portalurbano\/wp-content\/uploads\/2022\/08\/Una-cena-de-la.jpg",765,510,false],"newsever-slider-full":["https:\/\/experienciadevida.com.ar\/portalurbano\/wp-content\/uploads\/2022\/08\/Una-cena-de-la.jpg",765,510,false],"newsever-featured":["https:\/\/experienciadevida.com.ar\/portalurbano\/wp-content\/uploads\/2022\/08\/Una-cena-de-la.jpg",765,510,false],"newsever-medium":["https:\/\/experienciadevida.com.ar\/portalurbano\/wp-content\/uploads\/2022\/08\/Una-cena-de-la.jpg",713,475,false],"web-stories-poster-portrait":["https:\/\/experienciadevida.com.ar\/portalurbano\/wp-content\/uploads\/2022\/08\/Una-cena-de-la-640x510.jpg",640,510,true],"web-stories-publisher-logo":["https:\/\/experienciadevida.com.ar\/portalurbano\/wp-content\/uploads\/2022\/08\/Una-cena-de-la-96x96.jpg",96,96,true],"web-stories-thumbnail":["https:\/\/experienciadevida.com.ar\/portalurbano\/wp-content\/uploads\/2022\/08\/Una-cena-de-la-150x100.jpg",150,100,true]},"author_info":{"display_name":"admpu17wp","author_link":"https:\/\/experienciadevida.com.ar\/portalurbano\/author\/admpu17wp\/"},"category_info":"<a href=\"https:\/\/experienciadevida.com.ar\/portalurbano\/category\/ciudad\/\" rel=\"category tag\">Ciudad<\/a> <a href=\"https:\/\/experienciadevida.com.ar\/portalurbano\/category\/destacadas\/\" rel=\"category tag\">Destacadas<\/a>","tag_info":"Destacadas","comment_count":"0","amp_enabled":true,"_links":{"self":[{"href":"https:\/\/experienciadevida.com.ar\/portalurbano\/wp-json\/wp\/v2\/posts\/173277"}],"collection":[{"href":"https:\/\/experienciadevida.com.ar\/portalurbano\/wp-json\/wp\/v2\/posts"}],"about":[{"href":"https:\/\/experienciadevida.com.ar\/portalurbano\/wp-json\/wp\/v2\/types\/post"}],"author":[{"embeddable":true,"href":"https:\/\/experienciadevida.com.ar\/portalurbano\/wp-json\/wp\/v2\/users\/1"}],"replies":[{"embeddable":true,"href":"https:\/\/experienciadevida.com.ar\/portalurbano\/wp-json\/wp\/v2\/comments?post=173277"}],"version-history":[{"count":2,"href":"https:\/\/experienciadevida.com.ar\/portalurbano\/wp-json\/wp\/v2\/posts\/173277\/revisions"}],"predecessor-version":[{"id":173280,"href":"https:\/\/experienciadevida.com.ar\/portalurbano\/wp-json\/wp\/v2\/posts\/173277\/revisions\/173280"}],"wp:featuredmedia":[{"embeddable":true,"href":"https:\/\/experienciadevida.com.ar\/portalurbano\/wp-json\/wp\/v2\/media\/173278"}],"wp:attachment":[{"href":"https:\/\/experienciadevida.com.ar\/portalurbano\/wp-json\/wp\/v2\/media?parent=173277"}],"wp:term":[{"taxonomy":"category","embeddable":true,"href":"https:\/\/experienciadevida.com.ar\/portalurbano\/wp-json\/wp\/v2\/categories?post=173277"},{"taxonomy":"post_tag","embeddable":true,"href":"https:\/\/experienciadevida.com.ar\/portalurbano\/wp-json\/wp\/v2\/tags?post=173277"}],"curies":[{"name":"wp","href":"https:\/\/api.w.org\/{rel}","templated":true}]}}