{"id":173234,"date":"2022-08-13T22:58:39","date_gmt":"2022-08-14T01:58:39","guid":{"rendered":"https:\/\/experienciadevida.com.ar\/portalurbano\/?p=173234"},"modified":"2022-08-13T23:49:00","modified_gmt":"2022-08-14T02:49:00","slug":"gerardo-morales-hay-un-radicalismo-de-pie-trabajando-muy-bien","status":"publish","type":"post","link":"https:\/\/experienciadevida.com.ar\/portalurbano\/gerardo-morales-hay-un-radicalismo-de-pie-trabajando-muy-bien\/","title":{"rendered":"Gerardo Morales: &#8220;hay un radicalismo de pie trabajando muy bien&#8221;"},"content":{"rendered":"<p>&#8220;hay un radicalismo de pie trabajando muy bien&#8221; as\u00ed lo expreso en conferencia de prensa este s\u00e1bado el gobernador de Jujuy y Presidente del partido Radical a Nivel nacional Gerardo Morales que llego\u00a0 a la ciudad en el marco de la cena de la Reconstrucci\u00f3n de la sede de la UCR.<\/p>\n<hr \/>\n<p>Dolagaray fue el primero en hablar y dar la bienvenida al\u00a0 presidente del partido a nivel nacional y gobernador de Jujuy Gerardo Morales, quien estaba acompa\u00f1ado por\u00a0 Alejandro Celillo, que retom\u00f3 su lugar como vicepresidente II del Senado bonaerense , el intendente Martin Randazzo de la vecina localidad de Lamadrid y los locales Franco Cominotto, Secretario de Modernizaci\u00f3n y Reforma del Estado del <span class=\"nc684nl6\">Comit\u00e9 Provincia UCR Buenos Aires,\u00a0<\/span> Bel\u00e9n Bergel ,la Senadora Provincial <span class=\"nc684nl6\">Erica Revilla y Sebastian Matrella.<\/span><\/p>\n<p><a href=\"https:\/\/experienciadevida.com.ar\/portalurbano\/gerardo-morales-hay-un-radicalismo-de-pie-trabajando-muy-bien\/4061ed20-98e5-42b6-9a43-237e3a23e348\/\" rel=\"attachment wp-att-173238\"><img decoding=\"async\" class=\"alignnone size-large wp-image-173238\" src=\"https:\/\/experienciadevida.com.ar\/portalurbano\/wp-content\/uploads\/2022\/08\/4061ed20-98e5-42b6-9a43-237e3a23e348-1024x768.jpg\" alt=\"\" width=\"900\" height=\"675\" \/><\/a><\/p>\n<p>Al ser consultado por las internas, Gerardo Morales se expreso sobre los dichos de Lilita Carrio luego de la Reuni\u00f3n que mantuvieron en el d\u00eda de ayer, una parte de juntos dieron por terminada la discusi\u00f3n. &#8221; fueron expresiones desafortunadas\u201d<\/p>\n<p><a href=\"https:\/\/experienciadevida.com.ar\/portalurbano\/gerardo-morales-hay-un-radicalismo-de-pie-trabajando-muy-bien\/0d8af079-42d9-4b1b-ad73-323506be0d3f\/\" rel=\"attachment wp-att-173235\"><img decoding=\"async\" class=\"alignnone size-large wp-image-173235\" src=\"https:\/\/experienciadevida.com.ar\/portalurbano\/wp-content\/uploads\/2022\/08\/0d8af079-42d9-4b1b-ad73-323506be0d3f-1024x768.jpg\" alt=\"\" width=\"900\" height=\"675\" \/><\/a><\/p>\n<p>Yo creo que el pa\u00eds est\u00e1 esperando \u00a0que primero el gobierno resuelva los problemas de la gente, de la econom\u00eda y de la oposici\u00f3n espera la actitud responsable que venimos teniendo. Esto no cay\u00f3 bien no le hace bien al espacio pero la verdad es que ya se ha dialogado bastante. Con la gente de la coalici\u00f3n hemos tenido tambi\u00e9n un cruce de mensajes con lilita estos d\u00edas asique vamos a bajar los decibeles de todo lo que se dijo.<\/p>\n<p>En una coalici\u00f3n hay diferencias,\u00a0 para nosotros es un aprendizaje lo importante es poder generar proyectos, alternativa de gobierno en el marco de coaliciones de varios partidos, es un aprendizaje que nos lleva a tener reglas que nosotros en juntos por el cambio ya las tenemos y hay que apegarse a eso, cuando hay alguna diferencia el debate tiene que ser hacia adentro de la coalici\u00f3n, es lo que hemos venido trabajando.<br \/>\nLa semana que viene tenemos un encuentro, \u00a0en lo que nos tenemos que enfocar y estamos avanzando muy bien con un plan de gobierno, \u00a0hay documentos que han escrito las comisiones de las cuatro fundaciones, estamos bastante mejor de lo que parece, indico el Gobernador Morales.<\/p>\n<p>Esta recorrida es mi doble car\u00e1cter de gobernador \u00a0he firmado varios convenios entre ellos uno en la localidad de Trenque Lauquen para el cannabis medicinal, tambi\u00e9n hemos firmado con el parque tecnol\u00f3gico de Santa Fe, y en mi car\u00e1cter \u00a0de presidente del partido siempre estoy caminado el pa\u00eds.<\/p>\n<p>Soy uno de los candidatos a presidente y vamos a recorrer el Pa\u00eds, escuchando a la gente principalmente en un contexto muy delicado. Estoy recorriendo todas las provincias y hay un radicalismo de pie trabajando muy bien en Buenos Aires. Se ha hecho una gran tarea, hicimos una gran elecci\u00f3n el a\u00f1o pasado con la tarea de Gonzalo y todos los presidentes de todos los distritos, \u00a0la tarea de Facundo Manes tambi\u00e9n fue fundamental para recuperar esa m\u00edstica de la UCR, esto nos da fuerza, estamos con un radicalismo muy fuerte y potente, necesitamos debate y dialogo hacia dentro del partido, estamos transitando con otra energ\u00eda estoy muy contento.<\/p>\n<p>Nosotros queremos un presidente radical y vamos a trabajar para eso, \u00a0estamos convencidos que el radicalismo no es un partido parlamentario solamente, \u00a0somos un partido moderno que gestiona bien que lo primero que hace es buscar el equilibrio fiscal .Gobernar con responsabilidad transformar, \u00a0en ese marco vamos a aportar muy bien en juntos, va a ver otros candidatos.<\/p>\n<p>Falta mucho tiempo pero el radicalismo est\u00e1 trabajando para las elecciones, est\u00e1n esperando mucho de nosotros.<\/p>\n<p>En cuanto a Massa dijo hemos visto anuncios generales y poco especifico no tienen un plan y menos de estabilizaci\u00f3n .El problema del gobierno es pol\u00edtico si no resuelven esa situaci\u00f3n va a ser m\u00e1s de lo mismo, las promesas tienen un tiempo como la reuni\u00f3n con la mesa de enlace que piden medidas. La expectativa es que paren la inflaci\u00f3n pero lo veo dif\u00edcil hay una situaci\u00f3n an\u00e1rquica en el frente de todos.<\/p>\n<p>Para finalizar dijo, lo primero que hay que hacer es ordenar la macro econom\u00eda resolver el problema del d\u00e9ficit fiscal, en Jujuy recuperamos la paz y el orden que es lo que tiene que hacer el pa\u00eds, ordenar las cuentas y medidas estructurales para cada sector, inversi\u00f3n productiva, hay que poner las pymes en condiciones hay que resolver cuestiones estructurales como los subsidios, hay que gobernar para todo el pa\u00eds no solo para unos pocos.<\/p>\n","protected":false},"excerpt":{"rendered":"<p>&#8220;hay un radicalismo de pie trabajando muy bien&#8221; as\u00ed lo expreso en conferencia de prensa&#8230;<\/p>\n","protected":false},"author":1,"featured_media":173239,"comment_status":"closed","ping_status":"closed","sticky":false,"template":"","format":"standard","meta":{"content-type":""},"categories":[27,51,43],"tags":[684],"nelio_content":{"isAutoShareEnabled":false,"autoShareEndMode":"default","automationSources":{"useContentSentences":true,"useSocialTemplates":true,"useCustomSentences":false,"customSentences":[]},"followers":[1],"suggestedReferences":[],"includedReferences":[],"efiUrl":"","efiAlt":"","highlights":[]},"yoast_head":"<!-- This site is optimized with the Yoast SEO plugin v20.7 - https:\/\/yoast.com\/wordpress\/plugins\/seo\/ -->\n<title>Gerardo Morales: &quot;hay un radicalismo de pie trabajando muy bien&quot;<\/title>\n<meta name=\"description\" content=\"&quot;hay un radicalismo de pie trabajando muy bien&quot; as\u00ed lo expreso en conferencia de prensa este s\u00e1bado el gobernador de Jujuy y Presidente del partido Radical a Nivel nacional.\" \/>\n<meta name=\"robots\" content=\"index, follow, max-snippet:-1, max-image-preview:large, max-video-preview:-1\" \/>\n<link rel=\"canonical\" href=\"https:\/\/experienciadevida.com.ar\/portalurbano\/gerardo-morales-hay-un-radicalismo-de-pie-trabajando-muy-bien\/\" \/>\n<meta property=\"og:locale\" content=\"es_ES\" \/>\n<meta property=\"og:type\" content=\"article\" \/>\n<meta property=\"og:title\" content=\"Gerardo Morales: &quot;hay un radicalismo de pie trabajando muy bien&quot;\" \/>\n<meta property=\"og:description\" content=\"&quot;hay un radicalismo de pie trabajando muy bien&quot; as\u00ed lo expreso en conferencia de prensa este s\u00e1bado el gobernador de Jujuy y Presidente del partido Radical a Nivel nacional.\" \/>\n<meta property=\"og:url\" content=\"https:\/\/experienciadevida.com.ar\/portalurbano\/gerardo-morales-hay-un-radicalismo-de-pie-trabajando-muy-bien\/\" \/>\n<meta property=\"article:publisher\" content=\"https:\/\/www.facebook.com\/Portal-Urbano-171542830093757\/\" \/>\n<meta property=\"article:published_time\" content=\"2022-08-14T01:58:39+00:00\" \/>\n<meta property=\"article:modified_time\" content=\"2022-08-14T02:49:00+00:00\" \/>\n<meta property=\"og:image\" content=\"https:\/\/experienciadevida.com.ar\/portalurbano\/wp-content\/uploads\/2022\/08\/af7a63dd-db31-4083-be0f-114e958c06b8-e1660442083604.jpg\" \/>\n\t<meta property=\"og:image:width\" content=\"800\" \/>\n\t<meta property=\"og:image:height\" content=\"600\" \/>\n\t<meta property=\"og:image:type\" content=\"image\/jpeg\" \/>\n<meta name=\"author\" content=\"admpu17wp\" \/>\n<meta name=\"twitter:card\" content=\"summary_large_image\" \/>\n<meta name=\"twitter:creator\" content=\"@portalurbanook\" \/>\n<meta name=\"twitter:site\" content=\"@portalurbanook\" \/>\n<meta name=\"twitter:label1\" content=\"Escrito por\" \/>\n\t<meta name=\"twitter:data1\" content=\"admpu17wp\" \/>\n\t<meta name=\"twitter:label2\" content=\"Tiempo de lectura\" \/>\n\t<meta name=\"twitter:data2\" content=\"4 minutos\" \/>\n<script type=\"application\/ld+json\" class=\"yoast-schema-graph\">{\"@context\":\"https:\/\/schema.org\",\"@graph\":[{\"@type\":\"Article\",\"@id\":\"https:\/\/experienciadevida.com.ar\/portalurbano\/gerardo-morales-hay-un-radicalismo-de-pie-trabajando-muy-bien\/#article\",\"isPartOf\":{\"@id\":\"https:\/\/experienciadevida.com.ar\/portalurbano\/gerardo-morales-hay-un-radicalismo-de-pie-trabajando-muy-bien\/\"},\"author\":{\"name\":\"admpu17wp\",\"@id\":\"https:\/\/experienciadevida.com.ar\/portalurbano\/#\/schema\/person\/02dd326b1c4b056e9cc972486934a3a7\"},\"headline\":\"Gerardo Morales: &#8220;hay un radicalismo de pie trabajando muy bien&#8221;\",\"datePublished\":\"2022-08-14T01:58:39+00:00\",\"dateModified\":\"2022-08-14T02:49:00+00:00\",\"mainEntityOfPage\":{\"@id\":\"https:\/\/experienciadevida.com.ar\/portalurbano\/gerardo-morales-hay-un-radicalismo-de-pie-trabajando-muy-bien\/\"},\"wordCount\":797,\"publisher\":{\"@id\":\"https:\/\/experienciadevida.com.ar\/portalurbano\/#organization\"},\"keywords\":[\"Gerardo Morales\"],\"articleSection\":[\"Ciudad\",\"Destacadas\",\"Pol\u00edtica\"],\"inLanguage\":\"es\"},{\"@type\":\"WebPage\",\"@id\":\"https:\/\/experienciadevida.com.ar\/portalurbano\/gerardo-morales-hay-un-radicalismo-de-pie-trabajando-muy-bien\/\",\"url\":\"https:\/\/experienciadevida.com.ar\/portalurbano\/gerardo-morales-hay-un-radicalismo-de-pie-trabajando-muy-bien\/\",\"name\":\"Gerardo Morales: \\\"hay un radicalismo de pie trabajando muy bien\\\"\",\"isPartOf\":{\"@id\":\"https:\/\/experienciadevida.com.ar\/portalurbano\/#website\"},\"datePublished\":\"2022-08-14T01:58:39+00:00\",\"dateModified\":\"2022-08-14T02:49:00+00:00\",\"description\":\"\\\"hay un radicalismo de pie trabajando muy bien\\\" as\u00ed lo expreso en conferencia de prensa este s\u00e1bado el gobernador de Jujuy y Presidente del partido Radical a Nivel nacional.\",\"breadcrumb\":{\"@id\":\"https:\/\/experienciadevida.com.ar\/portalurbano\/gerardo-morales-hay-un-radicalismo-de-pie-trabajando-muy-bien\/#breadcrumb\"},\"inLanguage\":\"es\",\"potentialAction\":[{\"@type\":\"ReadAction\",\"target\":[\"https:\/\/experienciadevida.com.ar\/portalurbano\/gerardo-morales-hay-un-radicalismo-de-pie-trabajando-muy-bien\/\"]}]},{\"@type\":\"BreadcrumbList\",\"@id\":\"https:\/\/experienciadevida.com.ar\/portalurbano\/gerardo-morales-hay-un-radicalismo-de-pie-trabajando-muy-bien\/#breadcrumb\",\"itemListElement\":[{\"@type\":\"ListItem\",\"position\":1,\"name\":\"Portada\",\"item\":\"https:\/\/experienciadevida.com.ar\/portalurbano\/\"},{\"@type\":\"ListItem\",\"position\":2,\"name\":\"Gerardo Morales: \u00abhay un radicalismo de pie trabajando muy bien\u00bb\"}]},{\"@type\":\"WebSite\",\"@id\":\"https:\/\/experienciadevida.com.ar\/portalurbano\/#website\",\"url\":\"https:\/\/experienciadevida.com.ar\/portalurbano\/\",\"name\":\"\",\"description\":\"\",\"publisher\":{\"@id\":\"https:\/\/experienciadevida.com.ar\/portalurbano\/#organization\"},\"potentialAction\":[{\"@type\":\"SearchAction\",\"target\":{\"@type\":\"EntryPoint\",\"urlTemplate\":\"https:\/\/experienciadevida.com.ar\/portalurbano\/?s={search_term_string}\"},\"query-input\":\"required name=search_term_string\"}],\"inLanguage\":\"es\"},{\"@type\":\"Organization\",\"@id\":\"https:\/\/experienciadevida.com.ar\/portalurbano\/#organization\",\"name\":\"Portal Urbano\",\"url\":\"https:\/\/experienciadevida.com.ar\/portalurbano\/\",\"logo\":{\"@type\":\"ImageObject\",\"inLanguage\":\"es\",\"@id\":\"https:\/\/experienciadevida.com.ar\/portalurbano\/#\/schema\/logo\/image\/\",\"url\":\"https:\/\/experienciadevida.com.ar\/portalurbano\/wp-content\/uploads\/2019\/09\/Logo-Original.png\",\"contentUrl\":\"https:\/\/experienciadevida.com.ar\/portalurbano\/wp-content\/uploads\/2019\/09\/Logo-Original.png\",\"width\":2236,\"height\":1216,\"caption\":\"Portal Urbano\"},\"image\":{\"@id\":\"https:\/\/experienciadevida.com.ar\/portalurbano\/#\/schema\/logo\/image\/\"},\"sameAs\":[\"https:\/\/www.facebook.com\/Portal-Urbano-171542830093757\/\",\"https:\/\/twitter.com\/portalurbanook\",\"https:\/\/www.instagram.com\/_portalurbano\/\",\"https:\/\/www.youtube.com\/channel\/UCXhagIfszH8KxFiOok79zbA?view_as=subscriber\"]},{\"@type\":\"Person\",\"@id\":\"https:\/\/experienciadevida.com.ar\/portalurbano\/#\/schema\/person\/02dd326b1c4b056e9cc972486934a3a7\",\"name\":\"admpu17wp\",\"image\":{\"@type\":\"ImageObject\",\"inLanguage\":\"es\",\"@id\":\"https:\/\/experienciadevida.com.ar\/portalurbano\/#\/schema\/person\/image\/\",\"url\":\"https:\/\/secure.gravatar.com\/avatar\/830d4c57adaae6630765e449a6908047?s=96&d=mm&r=g\",\"contentUrl\":\"https:\/\/secure.gravatar.com\/avatar\/830d4c57adaae6630765e449a6908047?s=96&d=mm&r=g\",\"caption\":\"admpu17wp\"}}]}<\/script>\n<!-- \/ Yoast SEO plugin. -->","yoast_head_json":{"title":"Gerardo Morales: \"hay un radicalismo de pie trabajando muy bien\"","description":"\"hay un radicalismo de pie trabajando muy bien\" as\u00ed lo expreso en conferencia de prensa este s\u00e1bado el gobernador de Jujuy y Presidente del partido Radical a Nivel nacional.","robots":{"index":"index","follow":"follow","max-snippet":"max-snippet:-1","max-image-preview":"max-image-preview:large","max-video-preview":"max-video-preview:-1"},"canonical":"https:\/\/experienciadevida.com.ar\/portalurbano\/gerardo-morales-hay-un-radicalismo-de-pie-trabajando-muy-bien\/","og_locale":"es_ES","og_type":"article","og_title":"Gerardo Morales: \"hay un radicalismo de pie trabajando muy bien\"","og_description":"\"hay un radicalismo de pie trabajando muy bien\" as\u00ed lo expreso en conferencia de prensa este s\u00e1bado el gobernador de Jujuy y Presidente del partido Radical a Nivel nacional.","og_url":"https:\/\/experienciadevida.com.ar\/portalurbano\/gerardo-morales-hay-un-radicalismo-de-pie-trabajando-muy-bien\/","article_publisher":"https:\/\/www.facebook.com\/Portal-Urbano-171542830093757\/","article_published_time":"2022-08-14T01:58:39+00:00","article_modified_time":"2022-08-14T02:49:00+00:00","og_image":[{"width":800,"height":600,"url":"https:\/\/experienciadevida.com.ar\/portalurbano\/wp-content\/uploads\/2022\/08\/af7a63dd-db31-4083-be0f-114e958c06b8-e1660442083604.jpg","type":"image\/jpeg"}],"author":"admpu17wp","twitter_card":"summary_large_image","twitter_creator":"@portalurbanook","twitter_site":"@portalurbanook","twitter_misc":{"Escrito por":"admpu17wp","Tiempo de lectura":"4 minutos"},"schema":{"@context":"https:\/\/schema.org","@graph":[{"@type":"Article","@id":"https:\/\/experienciadevida.com.ar\/portalurbano\/gerardo-morales-hay-un-radicalismo-de-pie-trabajando-muy-bien\/#article","isPartOf":{"@id":"https:\/\/experienciadevida.com.ar\/portalurbano\/gerardo-morales-hay-un-radicalismo-de-pie-trabajando-muy-bien\/"},"author":{"name":"admpu17wp","@id":"https:\/\/experienciadevida.com.ar\/portalurbano\/#\/schema\/person\/02dd326b1c4b056e9cc972486934a3a7"},"headline":"Gerardo Morales: &#8220;hay un radicalismo de pie trabajando muy bien&#8221;","datePublished":"2022-08-14T01:58:39+00:00","dateModified":"2022-08-14T02:49:00+00:00","mainEntityOfPage":{"@id":"https:\/\/experienciadevida.com.ar\/portalurbano\/gerardo-morales-hay-un-radicalismo-de-pie-trabajando-muy-bien\/"},"wordCount":797,"publisher":{"@id":"https:\/\/experienciadevida.com.ar\/portalurbano\/#organization"},"keywords":["Gerardo Morales"],"articleSection":["Ciudad","Destacadas","Pol\u00edtica"],"inLanguage":"es"},{"@type":"WebPage","@id":"https:\/\/experienciadevida.com.ar\/portalurbano\/gerardo-morales-hay-un-radicalismo-de-pie-trabajando-muy-bien\/","url":"https:\/\/experienciadevida.com.ar\/portalurbano\/gerardo-morales-hay-un-radicalismo-de-pie-trabajando-muy-bien\/","name":"Gerardo Morales: \"hay un radicalismo de pie trabajando muy bien\"","isPartOf":{"@id":"https:\/\/experienciadevida.com.ar\/portalurbano\/#website"},"datePublished":"2022-08-14T01:58:39+00:00","dateModified":"2022-08-14T02:49:00+00:00","description":"\"hay un radicalismo de pie trabajando muy bien\" as\u00ed lo expreso en conferencia de prensa este s\u00e1bado el gobernador de Jujuy y Presidente del partido Radical a Nivel nacional.","breadcrumb":{"@id":"https:\/\/experienciadevida.com.ar\/portalurbano\/gerardo-morales-hay-un-radicalismo-de-pie-trabajando-muy-bien\/#breadcrumb"},"inLanguage":"es","potentialAction":[{"@type":"ReadAction","target":["https:\/\/experienciadevida.com.ar\/portalurbano\/gerardo-morales-hay-un-radicalismo-de-pie-trabajando-muy-bien\/"]}]},{"@type":"BreadcrumbList","@id":"https:\/\/experienciadevida.com.ar\/portalurbano\/gerardo-morales-hay-un-radicalismo-de-pie-trabajando-muy-bien\/#breadcrumb","itemListElement":[{"@type":"ListItem","position":1,"name":"Portada","item":"https:\/\/experienciadevida.com.ar\/portalurbano\/"},{"@type":"ListItem","position":2,"name":"Gerardo Morales: \u00abhay un radicalismo de pie trabajando muy bien\u00bb"}]},{"@type":"WebSite","@id":"https:\/\/experienciadevida.com.ar\/portalurbano\/#website","url":"https:\/\/experienciadevida.com.ar\/portalurbano\/","name":"","description":"","publisher":{"@id":"https:\/\/experienciadevida.com.ar\/portalurbano\/#organization"},"potentialAction":[{"@type":"SearchAction","target":{"@type":"EntryPoint","urlTemplate":"https:\/\/experienciadevida.com.ar\/portalurbano\/?s={search_term_string}"},"query-input":"required name=search_term_string"}],"inLanguage":"es"},{"@type":"Organization","@id":"https:\/\/experienciadevida.com.ar\/portalurbano\/#organization","name":"Portal Urbano","url":"https:\/\/experienciadevida.com.ar\/portalurbano\/","logo":{"@type":"ImageObject","inLanguage":"es","@id":"https:\/\/experienciadevida.com.ar\/portalurbano\/#\/schema\/logo\/image\/","url":"https:\/\/experienciadevida.com.ar\/portalurbano\/wp-content\/uploads\/2019\/09\/Logo-Original.png","contentUrl":"https:\/\/experienciadevida.com.ar\/portalurbano\/wp-content\/uploads\/2019\/09\/Logo-Original.png","width":2236,"height":1216,"caption":"Portal Urbano"},"image":{"@id":"https:\/\/experienciadevida.com.ar\/portalurbano\/#\/schema\/logo\/image\/"},"sameAs":["https:\/\/www.facebook.com\/Portal-Urbano-171542830093757\/","https:\/\/twitter.com\/portalurbanook","https:\/\/www.instagram.com\/_portalurbano\/","https:\/\/www.youtube.com\/channel\/UCXhagIfszH8KxFiOok79zbA?view_as=subscriber"]},{"@type":"Person","@id":"https:\/\/experienciadevida.com.ar\/portalurbano\/#\/schema\/person\/02dd326b1c4b056e9cc972486934a3a7","name":"admpu17wp","image":{"@type":"ImageObject","inLanguage":"es","@id":"https:\/\/experienciadevida.com.ar\/portalurbano\/#\/schema\/person\/image\/","url":"https:\/\/secure.gravatar.com\/avatar\/830d4c57adaae6630765e449a6908047?s=96&d=mm&r=g","contentUrl":"https:\/\/secure.gravatar.com\/avatar\/830d4c57adaae6630765e449a6908047?s=96&d=mm&r=g","caption":"admpu17wp"}}]}},"featured_image_urls":{"full":["https:\/\/experienciadevida.com.ar\/portalurbano\/wp-content\/uploads\/2022\/08\/af7a63dd-db31-4083-be0f-114e958c06b8-e1660442083604.jpg",800,600,false],"thumbnail":["https:\/\/experienciadevida.com.ar\/portalurbano\/wp-content\/uploads\/2022\/08\/af7a63dd-db31-4083-be0f-114e958c06b8-e1660442083604-150x150.jpg",150,150,true],"medium":["https:\/\/experienciadevida.com.ar\/portalurbano\/wp-content\/uploads\/2022\/08\/af7a63dd-db31-4083-be0f-114e958c06b8-e1660442083604-300x225.jpg",300,225,true],"medium_large":["https:\/\/experienciadevida.com.ar\/portalurbano\/wp-content\/uploads\/2022\/08\/af7a63dd-db31-4083-be0f-114e958c06b8-e1660442083604-768x576.jpg",640,480,true],"large":["https:\/\/experienciadevida.com.ar\/portalurbano\/wp-content\/uploads\/2022\/08\/af7a63dd-db31-4083-be0f-114e958c06b8-1024x768.jpg",640,480,true],"ug_big":["https:\/\/experienciadevida.com.ar\/portalurbano\/wp-content\/uploads\/2022\/08\/af7a63dd-db31-4083-be0f-114e958c06b8-e1660442083604-768x576.jpg",768,576,true],"1536x1536":["https:\/\/experienciadevida.com.ar\/portalurbano\/wp-content\/uploads\/2022\/08\/af7a63dd-db31-4083-be0f-114e958c06b8-1536x1152.jpg",1536,1152,true],"2048x2048":["https:\/\/experienciadevida.com.ar\/portalurbano\/wp-content\/uploads\/2022\/08\/af7a63dd-db31-4083-be0f-114e958c06b8-e1660442083604.jpg",800,600,false],"newsever-slider-full":["https:\/\/experienciadevida.com.ar\/portalurbano\/wp-content\/uploads\/2022\/08\/af7a63dd-db31-4083-be0f-114e958c06b8-e1660442083604.jpg",800,600,false],"newsever-featured":["https:\/\/experienciadevida.com.ar\/portalurbano\/wp-content\/uploads\/2022\/08\/af7a63dd-db31-4083-be0f-114e958c06b8-e1660442083604.jpg",800,600,false],"newsever-medium":["https:\/\/experienciadevida.com.ar\/portalurbano\/wp-content\/uploads\/2022\/08\/af7a63dd-db31-4083-be0f-114e958c06b8-e1660442083604.jpg",633,475,false],"web-stories-poster-portrait":["https:\/\/experienciadevida.com.ar\/portalurbano\/wp-content\/uploads\/2022\/08\/af7a63dd-db31-4083-be0f-114e958c06b8-e1660442083604-640x600.jpg",640,600,true],"web-stories-publisher-logo":["https:\/\/experienciadevida.com.ar\/portalurbano\/wp-content\/uploads\/2022\/08\/af7a63dd-db31-4083-be0f-114e958c06b8-e1660442083604-96x96.jpg",96,96,true],"web-stories-thumbnail":["https:\/\/experienciadevida.com.ar\/portalurbano\/wp-content\/uploads\/2022\/08\/af7a63dd-db31-4083-be0f-114e958c06b8-e1660442083604-150x113.jpg",150,113,true]},"author_info":{"display_name":"admpu17wp","author_link":"https:\/\/experienciadevida.com.ar\/portalurbano\/author\/admpu17wp\/"},"category_info":"<a href=\"https:\/\/experienciadevida.com.ar\/portalurbano\/category\/ciudad\/\" rel=\"category tag\">Ciudad<\/a> <a href=\"https:\/\/experienciadevida.com.ar\/portalurbano\/category\/destacadas\/\" rel=\"category tag\">Destacadas<\/a> <a href=\"https:\/\/experienciadevida.com.ar\/portalurbano\/category\/politica\/\" rel=\"category tag\">Pol\u00edtica<\/a>","tag_info":"Pol\u00edtica","comment_count":"0","amp_enabled":true,"_links":{"self":[{"href":"https:\/\/experienciadevida.com.ar\/portalurbano\/wp-json\/wp\/v2\/posts\/173234"}],"collection":[{"href":"https:\/\/experienciadevida.com.ar\/portalurbano\/wp-json\/wp\/v2\/posts"}],"about":[{"href":"https:\/\/experienciadevida.com.ar\/portalurbano\/wp-json\/wp\/v2\/types\/post"}],"author":[{"embeddable":true,"href":"https:\/\/experienciadevida.com.ar\/portalurbano\/wp-json\/wp\/v2\/users\/1"}],"replies":[{"embeddable":true,"href":"https:\/\/experienciadevida.com.ar\/portalurbano\/wp-json\/wp\/v2\/comments?post=173234"}],"version-history":[{"count":10,"href":"https:\/\/experienciadevida.com.ar\/portalurbano\/wp-json\/wp\/v2\/posts\/173234\/revisions"}],"predecessor-version":[{"id":173253,"href":"https:\/\/experienciadevida.com.ar\/portalurbano\/wp-json\/wp\/v2\/posts\/173234\/revisions\/173253"}],"wp:featuredmedia":[{"embeddable":true,"href":"https:\/\/experienciadevida.com.ar\/portalurbano\/wp-json\/wp\/v2\/media\/173239"}],"wp:attachment":[{"href":"https:\/\/experienciadevida.com.ar\/portalurbano\/wp-json\/wp\/v2\/media?parent=173234"}],"wp:term":[{"taxonomy":"category","embeddable":true,"href":"https:\/\/experienciadevida.com.ar\/portalurbano\/wp-json\/wp\/v2\/categories?post=173234"},{"taxonomy":"post_tag","embeddable":true,"href":"https:\/\/experienciadevida.com.ar\/portalurbano\/wp-json\/wp\/v2\/tags?post=173234"}],"curies":[{"name":"wp","href":"https:\/\/api.w.org\/{rel}","templated":true}]}}