{"id":173191,"date":"2022-08-13T11:03:47","date_gmt":"2022-08-13T14:03:47","guid":{"rendered":"https:\/\/experienciadevida.com.ar\/portalurbano\/?p=173191"},"modified":"2022-08-13T11:10:48","modified_gmt":"2022-08-13T14:10:48","slug":"jornadas-de-capacitacion-en-electricidad-domiciliaria-en-el-complejo-penitenciario","status":"publish","type":"post","link":"https:\/\/experienciadevida.com.ar\/portalurbano\/jornadas-de-capacitacion-en-electricidad-domiciliaria-en-el-complejo-penitenciario\/","title":{"rendered":"Jornadas de capacitaci\u00f3n en Electricidad Domiciliaria en el Complejo Penitenciario"},"content":{"rendered":"<p>Jornadas de capacitaci\u00f3n en Electricidad Domiciliaria en el Complejo Penitenciario, d\u00edas atr\u00e1s en el Complejo Penitenciario Centro Zona Sur de Sierra Chica dieron inicio las Jornadas de \u201cCapacitaci\u00f3n en Electricidad Domiciliaria \u2013 Nivel B\u00e1sico\u201d, actividad de la que tomaron parte 35 agentes, pertenecientes al mencionado Complejo.<\/p>\n<p>El curso se desarrollar\u00e1 durante 4 encuentros, que se llevar\u00e1n a cabo los d\u00edas martes del presente mes en el horario de 14 a 16.30 horas. La modalidad es presencial, en la Sede Acad\u00e9mica Descentralizada del Complejo Penitenciario Centro Zona Sur, dependiente del Centro de Capacitaci\u00f3n y Reentrenamiento Permanente para Personal Penitenciario.<\/p>\n<p>En lo que fue el inicio de la capacitaci\u00f3n estuvieron presentes, en representaci\u00f3n de la Municipalidad de Olavarr\u00eda, el Secretario de Desarrollo Econ\u00f3mico Julio C\u00e9sar Valetutto Petronio, el doctor Carlos Hugo D\u00edaz y el Prefecto (EG) Ignacio Pagano Couto por el Consejo Administrativo de Coopelectric, el ingeniero Alberto Miotti tambi\u00e9n por Coopelectric, mientras que por el Instituto Tecnol\u00f3gico de Olavarr\u00eda (Iteco) estuvo el director de esa instituci\u00f3n, el Agrimensor Carlos Rodolfo Garc\u00eda.<\/p>\n<p>El curso es dictado por el instructor Federico Vejling, perteneciente al Instituto Tecnol\u00f3gico de Olavarr\u00eda y el costo del mismo es subvencionado en conjunto por el mencionado Instituto, Coopelectric y Municipalidad de Olavarr\u00eda.<\/p>\n<p><a href=\"https:\/\/experienciadevida.com.ar\/portalurbano\/jornadas-de-capacitacion-en-electricidad-domiciliaria-en-el-complejo-penitenciario\/jornadas-de\/\" rel=\"attachment wp-att-173194\"><img decoding=\"async\" class=\"alignnone size-large wp-image-173194\" src=\"https:\/\/experienciadevida.com.ar\/portalurbano\/wp-content\/uploads\/2022\/08\/Jornadas-de-1024x682.jpg\" alt=\"Jornadas de \" width=\"900\" height=\"599\" srcset=\"https:\/\/experienciadevida.com.ar\/portalurbano\/wp-content\/uploads\/2022\/08\/Jornadas-de-1024x682.jpg 1024w, https:\/\/experienciadevida.com.ar\/portalurbano\/wp-content\/uploads\/2022\/08\/Jornadas-de-300x200.jpg 300w, https:\/\/experienciadevida.com.ar\/portalurbano\/wp-content\/uploads\/2022\/08\/Jornadas-de-768x512.jpg 768w, https:\/\/experienciadevida.com.ar\/portalurbano\/wp-content\/uploads\/2022\/08\/Jornadas-de-1536x1024.jpg 1536w, https:\/\/experienciadevida.com.ar\/portalurbano\/wp-content\/uploads\/2022\/08\/Jornadas-de-150x100.jpg 150w, https:\/\/experienciadevida.com.ar\/portalurbano\/wp-content\/uploads\/2022\/08\/Jornadas-de.jpg 1772w\" sizes=\"(max-width: 900px) 100vw, 900px\" \/><\/a><\/p>\n","protected":false},"excerpt":{"rendered":"<p>Jornadas de capacitaci\u00f3n en Electricidad Domiciliaria en el Complejo Penitenciario, d\u00edas atr\u00e1s en el Complejo&#8230;<\/p>\n","protected":false},"author":1,"featured_media":173192,"comment_status":"closed","ping_status":"closed","sticky":false,"template":"","format":"standard","meta":{"content-type":""},"categories":[27,64],"tags":[],"nelio_content":{"isAutoShareEnabled":false,"autoShareEndMode":"default","automationSources":{"useContentSentences":true,"useSocialTemplates":true,"useCustomSentences":false,"customSentences":[]},"followers":[1],"suggestedReferences":[],"includedReferences":[],"efiUrl":"","efiAlt":"","highlights":[]},"yoast_head":"<!-- This site is optimized with the Yoast SEO plugin v20.7 - https:\/\/yoast.com\/wordpress\/plugins\/seo\/ -->\n<title>Jornadas de capacitaci\u00f3n en electricidad domiciliaria<\/title>\n<meta name=\"description\" content=\"Jornadas de capacitaci\u00f3n en Electricidad Domiciliaria en el Complejo Penitenciario, d\u00edas atr\u00e1s en el Complejo Penitenciario Centro Zona\" \/>\n<meta name=\"robots\" content=\"index, follow, max-snippet:-1, max-image-preview:large, max-video-preview:-1\" \/>\n<link rel=\"canonical\" href=\"https:\/\/experienciadevida.com.ar\/portalurbano\/jornadas-de-capacitacion-en-electricidad-domiciliaria-en-el-complejo-penitenciario\/\" \/>\n<meta property=\"og:locale\" content=\"es_ES\" \/>\n<meta property=\"og:type\" content=\"article\" \/>\n<meta property=\"og:title\" content=\"Jornadas de capacitaci\u00f3n en electricidad domiciliaria\" \/>\n<meta property=\"og:description\" content=\"Jornadas de capacitaci\u00f3n en Electricidad Domiciliaria en el Complejo Penitenciario, d\u00edas atr\u00e1s en el Complejo Penitenciario Centro Zona\" \/>\n<meta property=\"og:url\" content=\"https:\/\/experienciadevida.com.ar\/portalurbano\/jornadas-de-capacitacion-en-electricidad-domiciliaria-en-el-complejo-penitenciario\/\" \/>\n<meta property=\"article:publisher\" content=\"https:\/\/www.facebook.com\/Portal-Urbano-171542830093757\/\" \/>\n<meta property=\"article:published_time\" content=\"2022-08-13T14:03:47+00:00\" \/>\n<meta property=\"article:modified_time\" content=\"2022-08-13T14:10:48+00:00\" \/>\n<meta property=\"og:image\" content=\"https:\/\/experienciadevida.com.ar\/portalurbano\/wp-content\/uploads\/2022\/08\/Jornadas-de-capacitacion-en.jpg\" \/>\n\t<meta property=\"og:image:width\" content=\"1772\" \/>\n\t<meta property=\"og:image:height\" content=\"1181\" \/>\n\t<meta property=\"og:image:type\" content=\"image\/jpeg\" \/>\n<meta name=\"author\" content=\"admpu17wp\" \/>\n<meta name=\"twitter:card\" content=\"summary_large_image\" \/>\n<meta name=\"twitter:creator\" content=\"@portalurbanook\" \/>\n<meta name=\"twitter:site\" content=\"@portalurbanook\" \/>\n<meta name=\"twitter:label1\" content=\"Escrito por\" \/>\n\t<meta name=\"twitter:data1\" content=\"admpu17wp\" \/>\n\t<meta name=\"twitter:label2\" content=\"Tiempo de lectura\" \/>\n\t<meta name=\"twitter:data2\" content=\"1 minuto\" \/>\n<script type=\"application\/ld+json\" class=\"yoast-schema-graph\">{\"@context\":\"https:\/\/schema.org\",\"@graph\":[{\"@type\":\"Article\",\"@id\":\"https:\/\/experienciadevida.com.ar\/portalurbano\/jornadas-de-capacitacion-en-electricidad-domiciliaria-en-el-complejo-penitenciario\/#article\",\"isPartOf\":{\"@id\":\"https:\/\/experienciadevida.com.ar\/portalurbano\/jornadas-de-capacitacion-en-electricidad-domiciliaria-en-el-complejo-penitenciario\/\"},\"author\":{\"name\":\"admpu17wp\",\"@id\":\"https:\/\/experienciadevida.com.ar\/portalurbano\/#\/schema\/person\/02dd326b1c4b056e9cc972486934a3a7\"},\"headline\":\"Jornadas de capacitaci\u00f3n en Electricidad Domiciliaria en el Complejo Penitenciario\",\"datePublished\":\"2022-08-13T14:03:47+00:00\",\"dateModified\":\"2022-08-13T14:10:48+00:00\",\"mainEntityOfPage\":{\"@id\":\"https:\/\/experienciadevida.com.ar\/portalurbano\/jornadas-de-capacitacion-en-electricidad-domiciliaria-en-el-complejo-penitenciario\/\"},\"wordCount\":232,\"publisher\":{\"@id\":\"https:\/\/experienciadevida.com.ar\/portalurbano\/#organization\"},\"articleSection\":[\"Ciudad\",\"Destacadas 2\"],\"inLanguage\":\"es\"},{\"@type\":\"WebPage\",\"@id\":\"https:\/\/experienciadevida.com.ar\/portalurbano\/jornadas-de-capacitacion-en-electricidad-domiciliaria-en-el-complejo-penitenciario\/\",\"url\":\"https:\/\/experienciadevida.com.ar\/portalurbano\/jornadas-de-capacitacion-en-electricidad-domiciliaria-en-el-complejo-penitenciario\/\",\"name\":\"Jornadas de capacitaci\u00f3n en electricidad domiciliaria\",\"isPartOf\":{\"@id\":\"https:\/\/experienciadevida.com.ar\/portalurbano\/#website\"},\"datePublished\":\"2022-08-13T14:03:47+00:00\",\"dateModified\":\"2022-08-13T14:10:48+00:00\",\"description\":\"Jornadas de capacitaci\u00f3n en Electricidad Domiciliaria en el Complejo Penitenciario, d\u00edas atr\u00e1s en el Complejo Penitenciario Centro Zona\",\"breadcrumb\":{\"@id\":\"https:\/\/experienciadevida.com.ar\/portalurbano\/jornadas-de-capacitacion-en-electricidad-domiciliaria-en-el-complejo-penitenciario\/#breadcrumb\"},\"inLanguage\":\"es\",\"potentialAction\":[{\"@type\":\"ReadAction\",\"target\":[\"https:\/\/experienciadevida.com.ar\/portalurbano\/jornadas-de-capacitacion-en-electricidad-domiciliaria-en-el-complejo-penitenciario\/\"]}]},{\"@type\":\"BreadcrumbList\",\"@id\":\"https:\/\/experienciadevida.com.ar\/portalurbano\/jornadas-de-capacitacion-en-electricidad-domiciliaria-en-el-complejo-penitenciario\/#breadcrumb\",\"itemListElement\":[{\"@type\":\"ListItem\",\"position\":1,\"name\":\"Portada\",\"item\":\"https:\/\/experienciadevida.com.ar\/portalurbano\/\"},{\"@type\":\"ListItem\",\"position\":2,\"name\":\"Jornadas de capacitaci\u00f3n en Electricidad Domiciliaria en el Complejo Penitenciario\"}]},{\"@type\":\"WebSite\",\"@id\":\"https:\/\/experienciadevida.com.ar\/portalurbano\/#website\",\"url\":\"https:\/\/experienciadevida.com.ar\/portalurbano\/\",\"name\":\"\",\"description\":\"\",\"publisher\":{\"@id\":\"https:\/\/experienciadevida.com.ar\/portalurbano\/#organization\"},\"potentialAction\":[{\"@type\":\"SearchAction\",\"target\":{\"@type\":\"EntryPoint\",\"urlTemplate\":\"https:\/\/experienciadevida.com.ar\/portalurbano\/?s={search_term_string}\"},\"query-input\":\"required name=search_term_string\"}],\"inLanguage\":\"es\"},{\"@type\":\"Organization\",\"@id\":\"https:\/\/experienciadevida.com.ar\/portalurbano\/#organization\",\"name\":\"Portal Urbano\",\"url\":\"https:\/\/experienciadevida.com.ar\/portalurbano\/\",\"logo\":{\"@type\":\"ImageObject\",\"inLanguage\":\"es\",\"@id\":\"https:\/\/experienciadevida.com.ar\/portalurbano\/#\/schema\/logo\/image\/\",\"url\":\"https:\/\/experienciadevida.com.ar\/portalurbano\/wp-content\/uploads\/2019\/09\/Logo-Original.png\",\"contentUrl\":\"https:\/\/experienciadevida.com.ar\/portalurbano\/wp-content\/uploads\/2019\/09\/Logo-Original.png\",\"width\":2236,\"height\":1216,\"caption\":\"Portal Urbano\"},\"image\":{\"@id\":\"https:\/\/experienciadevida.com.ar\/portalurbano\/#\/schema\/logo\/image\/\"},\"sameAs\":[\"https:\/\/www.facebook.com\/Portal-Urbano-171542830093757\/\",\"https:\/\/twitter.com\/portalurbanook\",\"https:\/\/www.instagram.com\/_portalurbano\/\",\"https:\/\/www.youtube.com\/channel\/UCXhagIfszH8KxFiOok79zbA?view_as=subscriber\"]},{\"@type\":\"Person\",\"@id\":\"https:\/\/experienciadevida.com.ar\/portalurbano\/#\/schema\/person\/02dd326b1c4b056e9cc972486934a3a7\",\"name\":\"admpu17wp\",\"image\":{\"@type\":\"ImageObject\",\"inLanguage\":\"es\",\"@id\":\"https:\/\/experienciadevida.com.ar\/portalurbano\/#\/schema\/person\/image\/\",\"url\":\"https:\/\/secure.gravatar.com\/avatar\/830d4c57adaae6630765e449a6908047?s=96&d=mm&r=g\",\"contentUrl\":\"https:\/\/secure.gravatar.com\/avatar\/830d4c57adaae6630765e449a6908047?s=96&d=mm&r=g\",\"caption\":\"admpu17wp\"}}]}<\/script>\n<!-- \/ Yoast SEO plugin. -->","yoast_head_json":{"title":"Jornadas de capacitaci\u00f3n en electricidad domiciliaria","description":"Jornadas de capacitaci\u00f3n en Electricidad Domiciliaria en el Complejo Penitenciario, d\u00edas atr\u00e1s en el Complejo Penitenciario Centro Zona","robots":{"index":"index","follow":"follow","max-snippet":"max-snippet:-1","max-image-preview":"max-image-preview:large","max-video-preview":"max-video-preview:-1"},"canonical":"https:\/\/experienciadevida.com.ar\/portalurbano\/jornadas-de-capacitacion-en-electricidad-domiciliaria-en-el-complejo-penitenciario\/","og_locale":"es_ES","og_type":"article","og_title":"Jornadas de capacitaci\u00f3n en electricidad domiciliaria","og_description":"Jornadas de capacitaci\u00f3n en Electricidad Domiciliaria en el Complejo Penitenciario, d\u00edas atr\u00e1s en el Complejo Penitenciario Centro Zona","og_url":"https:\/\/experienciadevida.com.ar\/portalurbano\/jornadas-de-capacitacion-en-electricidad-domiciliaria-en-el-complejo-penitenciario\/","article_publisher":"https:\/\/www.facebook.com\/Portal-Urbano-171542830093757\/","article_published_time":"2022-08-13T14:03:47+00:00","article_modified_time":"2022-08-13T14:10:48+00:00","og_image":[{"width":1772,"height":1181,"url":"https:\/\/experienciadevida.com.ar\/portalurbano\/wp-content\/uploads\/2022\/08\/Jornadas-de-capacitacion-en.jpg","type":"image\/jpeg"}],"author":"admpu17wp","twitter_card":"summary_large_image","twitter_creator":"@portalurbanook","twitter_site":"@portalurbanook","twitter_misc":{"Escrito por":"admpu17wp","Tiempo de lectura":"1 minuto"},"schema":{"@context":"https:\/\/schema.org","@graph":[{"@type":"Article","@id":"https:\/\/experienciadevida.com.ar\/portalurbano\/jornadas-de-capacitacion-en-electricidad-domiciliaria-en-el-complejo-penitenciario\/#article","isPartOf":{"@id":"https:\/\/experienciadevida.com.ar\/portalurbano\/jornadas-de-capacitacion-en-electricidad-domiciliaria-en-el-complejo-penitenciario\/"},"author":{"name":"admpu17wp","@id":"https:\/\/experienciadevida.com.ar\/portalurbano\/#\/schema\/person\/02dd326b1c4b056e9cc972486934a3a7"},"headline":"Jornadas de capacitaci\u00f3n en Electricidad Domiciliaria en el Complejo Penitenciario","datePublished":"2022-08-13T14:03:47+00:00","dateModified":"2022-08-13T14:10:48+00:00","mainEntityOfPage":{"@id":"https:\/\/experienciadevida.com.ar\/portalurbano\/jornadas-de-capacitacion-en-electricidad-domiciliaria-en-el-complejo-penitenciario\/"},"wordCount":232,"publisher":{"@id":"https:\/\/experienciadevida.com.ar\/portalurbano\/#organization"},"articleSection":["Ciudad","Destacadas 2"],"inLanguage":"es"},{"@type":"WebPage","@id":"https:\/\/experienciadevida.com.ar\/portalurbano\/jornadas-de-capacitacion-en-electricidad-domiciliaria-en-el-complejo-penitenciario\/","url":"https:\/\/experienciadevida.com.ar\/portalurbano\/jornadas-de-capacitacion-en-electricidad-domiciliaria-en-el-complejo-penitenciario\/","name":"Jornadas de capacitaci\u00f3n en electricidad domiciliaria","isPartOf":{"@id":"https:\/\/experienciadevida.com.ar\/portalurbano\/#website"},"datePublished":"2022-08-13T14:03:47+00:00","dateModified":"2022-08-13T14:10:48+00:00","description":"Jornadas de capacitaci\u00f3n en Electricidad Domiciliaria en el Complejo Penitenciario, d\u00edas atr\u00e1s en el Complejo Penitenciario Centro Zona","breadcrumb":{"@id":"https:\/\/experienciadevida.com.ar\/portalurbano\/jornadas-de-capacitacion-en-electricidad-domiciliaria-en-el-complejo-penitenciario\/#breadcrumb"},"inLanguage":"es","potentialAction":[{"@type":"ReadAction","target":["https:\/\/experienciadevida.com.ar\/portalurbano\/jornadas-de-capacitacion-en-electricidad-domiciliaria-en-el-complejo-penitenciario\/"]}]},{"@type":"BreadcrumbList","@id":"https:\/\/experienciadevida.com.ar\/portalurbano\/jornadas-de-capacitacion-en-electricidad-domiciliaria-en-el-complejo-penitenciario\/#breadcrumb","itemListElement":[{"@type":"ListItem","position":1,"name":"Portada","item":"https:\/\/experienciadevida.com.ar\/portalurbano\/"},{"@type":"ListItem","position":2,"name":"Jornadas de capacitaci\u00f3n en Electricidad Domiciliaria en el Complejo Penitenciario"}]},{"@type":"WebSite","@id":"https:\/\/experienciadevida.com.ar\/portalurbano\/#website","url":"https:\/\/experienciadevida.com.ar\/portalurbano\/","name":"","description":"","publisher":{"@id":"https:\/\/experienciadevida.com.ar\/portalurbano\/#organization"},"potentialAction":[{"@type":"SearchAction","target":{"@type":"EntryPoint","urlTemplate":"https:\/\/experienciadevida.com.ar\/portalurbano\/?s={search_term_string}"},"query-input":"required name=search_term_string"}],"inLanguage":"es"},{"@type":"Organization","@id":"https:\/\/experienciadevida.com.ar\/portalurbano\/#organization","name":"Portal Urbano","url":"https:\/\/experienciadevida.com.ar\/portalurbano\/","logo":{"@type":"ImageObject","inLanguage":"es","@id":"https:\/\/experienciadevida.com.ar\/portalurbano\/#\/schema\/logo\/image\/","url":"https:\/\/experienciadevida.com.ar\/portalurbano\/wp-content\/uploads\/2019\/09\/Logo-Original.png","contentUrl":"https:\/\/experienciadevida.com.ar\/portalurbano\/wp-content\/uploads\/2019\/09\/Logo-Original.png","width":2236,"height":1216,"caption":"Portal Urbano"},"image":{"@id":"https:\/\/experienciadevida.com.ar\/portalurbano\/#\/schema\/logo\/image\/"},"sameAs":["https:\/\/www.facebook.com\/Portal-Urbano-171542830093757\/","https:\/\/twitter.com\/portalurbanook","https:\/\/www.instagram.com\/_portalurbano\/","https:\/\/www.youtube.com\/channel\/UCXhagIfszH8KxFiOok79zbA?view_as=subscriber"]},{"@type":"Person","@id":"https:\/\/experienciadevida.com.ar\/portalurbano\/#\/schema\/person\/02dd326b1c4b056e9cc972486934a3a7","name":"admpu17wp","image":{"@type":"ImageObject","inLanguage":"es","@id":"https:\/\/experienciadevida.com.ar\/portalurbano\/#\/schema\/person\/image\/","url":"https:\/\/secure.gravatar.com\/avatar\/830d4c57adaae6630765e449a6908047?s=96&d=mm&r=g","contentUrl":"https:\/\/secure.gravatar.com\/avatar\/830d4c57adaae6630765e449a6908047?s=96&d=mm&r=g","caption":"admpu17wp"}}]}},"featured_image_urls":{"full":["https:\/\/experienciadevida.com.ar\/portalurbano\/wp-content\/uploads\/2022\/08\/Jornadas-de-capacitacion-en.jpg",1772,1181,false],"thumbnail":["https:\/\/experienciadevida.com.ar\/portalurbano\/wp-content\/uploads\/2022\/08\/Jornadas-de-capacitacion-en-150x150.jpg",150,150,true],"medium":["https:\/\/experienciadevida.com.ar\/portalurbano\/wp-content\/uploads\/2022\/08\/Jornadas-de-capacitacion-en-300x200.jpg",300,200,true],"medium_large":["https:\/\/experienciadevida.com.ar\/portalurbano\/wp-content\/uploads\/2022\/08\/Jornadas-de-capacitacion-en-768x512.jpg",640,427,true],"large":["https:\/\/experienciadevida.com.ar\/portalurbano\/wp-content\/uploads\/2022\/08\/Jornadas-de-capacitacion-en-1024x682.jpg",640,426,true],"ug_big":["https:\/\/experienciadevida.com.ar\/portalurbano\/wp-content\/uploads\/2022\/08\/Jornadas-de-capacitacion-en-768x512.jpg",768,512,true],"1536x1536":["https:\/\/experienciadevida.com.ar\/portalurbano\/wp-content\/uploads\/2022\/08\/Jornadas-de-capacitacion-en-1536x1024.jpg",1536,1024,true],"2048x2048":["https:\/\/experienciadevida.com.ar\/portalurbano\/wp-content\/uploads\/2022\/08\/Jornadas-de-capacitacion-en.jpg",1772,1181,false],"newsever-slider-full":["https:\/\/experienciadevida.com.ar\/portalurbano\/wp-content\/uploads\/2022\/08\/Jornadas-de-capacitacion-en.jpg",1268,845,false],"newsever-featured":["https:\/\/experienciadevida.com.ar\/portalurbano\/wp-content\/uploads\/2022\/08\/Jornadas-de-capacitacion-en.jpg",1024,682,false],"newsever-medium":["https:\/\/experienciadevida.com.ar\/portalurbano\/wp-content\/uploads\/2022\/08\/Jornadas-de-capacitacion-en.jpg",713,475,false],"web-stories-poster-portrait":["https:\/\/experienciadevida.com.ar\/portalurbano\/wp-content\/uploads\/2022\/08\/Jornadas-de-capacitacion-en-640x853.jpg",640,853,true],"web-stories-publisher-logo":["https:\/\/experienciadevida.com.ar\/portalurbano\/wp-content\/uploads\/2022\/08\/Jornadas-de-capacitacion-en-96x96.jpg",96,96,true],"web-stories-thumbnail":["https:\/\/experienciadevida.com.ar\/portalurbano\/wp-content\/uploads\/2022\/08\/Jornadas-de-capacitacion-en-150x100.jpg",150,100,true]},"author_info":{"display_name":"admpu17wp","author_link":"https:\/\/experienciadevida.com.ar\/portalurbano\/author\/admpu17wp\/"},"category_info":"<a href=\"https:\/\/experienciadevida.com.ar\/portalurbano\/category\/ciudad\/\" rel=\"category tag\">Ciudad<\/a> <a href=\"https:\/\/experienciadevida.com.ar\/portalurbano\/category\/destacadas-2\/\" rel=\"category tag\">Destacadas 2<\/a>","tag_info":"Destacadas 2","comment_count":"0","amp_enabled":true,"_links":{"self":[{"href":"https:\/\/experienciadevida.com.ar\/portalurbano\/wp-json\/wp\/v2\/posts\/173191"}],"collection":[{"href":"https:\/\/experienciadevida.com.ar\/portalurbano\/wp-json\/wp\/v2\/posts"}],"about":[{"href":"https:\/\/experienciadevida.com.ar\/portalurbano\/wp-json\/wp\/v2\/types\/post"}],"author":[{"embeddable":true,"href":"https:\/\/experienciadevida.com.ar\/portalurbano\/wp-json\/wp\/v2\/users\/1"}],"replies":[{"embeddable":true,"href":"https:\/\/experienciadevida.com.ar\/portalurbano\/wp-json\/wp\/v2\/comments?post=173191"}],"version-history":[{"count":2,"href":"https:\/\/experienciadevida.com.ar\/portalurbano\/wp-json\/wp\/v2\/posts\/173191\/revisions"}],"predecessor-version":[{"id":173195,"href":"https:\/\/experienciadevida.com.ar\/portalurbano\/wp-json\/wp\/v2\/posts\/173191\/revisions\/173195"}],"wp:featuredmedia":[{"embeddable":true,"href":"https:\/\/experienciadevida.com.ar\/portalurbano\/wp-json\/wp\/v2\/media\/173192"}],"wp:attachment":[{"href":"https:\/\/experienciadevida.com.ar\/portalurbano\/wp-json\/wp\/v2\/media?parent=173191"}],"wp:term":[{"taxonomy":"category","embeddable":true,"href":"https:\/\/experienciadevida.com.ar\/portalurbano\/wp-json\/wp\/v2\/categories?post=173191"},{"taxonomy":"post_tag","embeddable":true,"href":"https:\/\/experienciadevida.com.ar\/portalurbano\/wp-json\/wp\/v2\/tags?post=173191"}],"curies":[{"name":"wp","href":"https:\/\/api.w.org\/{rel}","templated":true}]}}