{"id":173164,"date":"2022-08-12T21:58:28","date_gmt":"2022-08-13T00:58:28","guid":{"rendered":"https:\/\/experienciadevida.com.ar\/portalurbano\/?p=173164"},"modified":"2022-08-12T21:59:06","modified_gmt":"2022-08-13T00:59:06","slug":"cientos-de-estudiantes-participaron-de-la-expo-unicen-en-olavarria","status":"publish","type":"post","link":"https:\/\/experienciadevida.com.ar\/portalurbano\/cientos-de-estudiantes-participaron-de-la-expo-unicen-en-olavarria\/","title":{"rendered":"Cientos de estudiantes participaron de la Expo UNICEN en Olavarr\u00eda"},"content":{"rendered":"<p>Cientos de estudiantes participaron de la Expo UNICEN en Olavarr\u00eda, talleres, charlas y juegos fueron algunas de las opciones a las que se sumaron los y las estudiantes que se acercaron al <a href=\"https:\/\/www.instagram.com\/centrocultural.sanjose\/\">Centro Cultural San Jos\u00e9,<\/a> donde se dio a conocer la oferta educativa de las unidades acad\u00e9micas de la Universidad Nacional del Centro de la Provincia de Buenos Aires.<\/p>\n<p><a href=\"https:\/\/experienciadevida.com.ar\/portalurbano\/cientos-de-estudiantes-participaron-de-la-expo-unicen-en-olavarria\/cientos\/\" rel=\"attachment wp-att-173166\"><img decoding=\"async\" class=\"alignnone size-large wp-image-173166\" src=\"https:\/\/experienciadevida.com.ar\/portalurbano\/wp-content\/uploads\/2022\/08\/Cientos-1024x683.jpg\" alt=\"Cientos \" width=\"900\" height=\"600\" srcset=\"https:\/\/experienciadevida.com.ar\/portalurbano\/wp-content\/uploads\/2022\/08\/Cientos-1024x683.jpg 1024w, https:\/\/experienciadevida.com.ar\/portalurbano\/wp-content\/uploads\/2022\/08\/Cientos-300x200.jpg 300w, https:\/\/experienciadevida.com.ar\/portalurbano\/wp-content\/uploads\/2022\/08\/Cientos-768x512.jpg 768w, https:\/\/experienciadevida.com.ar\/portalurbano\/wp-content\/uploads\/2022\/08\/Cientos-150x100.jpg 150w, https:\/\/experienciadevida.com.ar\/portalurbano\/wp-content\/uploads\/2022\/08\/Cientos.jpg 1480w\" sizes=\"(max-width: 900px) 100vw, 900px\" \/><\/a><\/p>\n<p>En Olavarr\u00eda se llev\u00f3 adelante la primera edici\u00f3n regional de la Expo UNICEN, en la que participaron cientos de j\u00f3venes de la ciudad. La Expo UNICEN es una instancia para que los y las estudiantes del nivel secundario pr\u00f3ximos a egresarse conozcan las propuestas de formaci\u00f3n universitaria de acceso libre y gratuito que tiene las sedes de Olavarr\u00eda, Azul, Tandil y Quequ\u00e9n (Necochea).<\/p>\n<p>Cientos de estudiantes participaron de la Expo UNICEN en Olavarr\u00eda, talleres, La misma fue organizada trav\u00e9s del \u00c1rea de Promoci\u00f3n y Difusi\u00f3n de carreras de la Secretar\u00eda de Relaciones Institucionales de la UNICEN, y en el caso de la presente edici\u00f3n, fue coorganizada por las Facultad de Ciencias Sociales, Ingenier\u00eda y Salud.<\/p>\n<p>La apertura estuvo a cargo del rector de la UNICEN, Dr. Marcelo Aba, quien celebr\u00f3 la posibilidad de que se lleve adelante este encuentro: \u201cEs un verdadero placer para la Universidad ser anfitriona hoy de esta cantidad de j\u00f3venes en los que nosotros comenzamos a ver futuros estudiantes de la UNICEN. Ojal\u00e1 esta muestra nos permita ir introduciendo de a poquito el bichito de la curiosidad por estudiar una carrera de las que ofrece la Universidad\u201d.<\/p>\n<p>El Dr. Aba destac\u00f3 que dar a conocer las ofertas educativas y de formaci\u00f3n que se ofrecen en cada una de las unidades acad\u00e9micas de la UNICEN \u201c<strong>nos convoca para estar siempre tratando de llegar a que todos los j\u00f3venes de nuestra regi\u00f3n consideren a nuestra casa como el posible espacio de formaci\u00f3n acad\u00e9mica y de formaci\u00f3n humana, que es nuestra mirada de la educaci\u00f3n.<\/strong>\u00a0Eso significa no solamente plantearnos lo que es la posibilidad de una formaci\u00f3n acad\u00e9mica, sino tambi\u00e9n ir conociendo algunas alternativas que el sistema nos permite poner a disposici\u00f3n y que tienen que ver con el bienestar estudiantil, como becas, residencias, comedores u apoyo, que hace que algunos j\u00f3venes que quiz\u00e1s vean la Universidad como una opci\u00f3n tal vez un poco lejana por alguna cuesti\u00f3n econ\u00f3mica tambi\u00e9n se acerquen a conversar y\u00a0<strong>empecemos a pensar que la universidad es posible para todos<\/strong>\u201d.<\/p>\n<p><a href=\"https:\/\/experienciadevida.com.ar\/portalurbano\/cientos-de-estudiantes-participaron-de-la-expo-unicen-en-olavarria\/de-34\/\" rel=\"attachment wp-att-173167\"><img decoding=\"async\" class=\"alignnone size-large wp-image-173167\" src=\"https:\/\/experienciadevida.com.ar\/portalurbano\/wp-content\/uploads\/2022\/08\/de-1-1024x662.jpg\" alt=\"de \" width=\"900\" height=\"582\" srcset=\"https:\/\/experienciadevida.com.ar\/portalurbano\/wp-content\/uploads\/2022\/08\/de-1-1024x662.jpg 1024w, https:\/\/experienciadevida.com.ar\/portalurbano\/wp-content\/uploads\/2022\/08\/de-1-300x194.jpg 300w, https:\/\/experienciadevida.com.ar\/portalurbano\/wp-content\/uploads\/2022\/08\/de-1-768x497.jpg 768w, https:\/\/experienciadevida.com.ar\/portalurbano\/wp-content\/uploads\/2022\/08\/de-1-150x97.jpg 150w, https:\/\/experienciadevida.com.ar\/portalurbano\/wp-content\/uploads\/2022\/08\/de-1.jpg 1385w\" sizes=\"(max-width: 900px) 100vw, 900px\" \/><\/a><\/p>\n<p>Cientos de estudiantes participaron de la Expo UNICEN en Olavarr\u00eda, talleres, Junto al Dr. Aba estuvieron presentes la Secretaria de Relaciones Institucionales de la UNICEN, Dra. Mar\u00eda Eugenia Conforti; el Secretario de Bienestar Estudiantil de la UNICEN, Fernando Pi\u00f1ero, y las autoridades de las Facultades de Ciencias de la Salud, Ciencias Sociales e Ingenier\u00eda, as\u00ed como representantes del Centro Cultural Universitario. Por FACSO participaron la decana Lic. Gabriela Gamberini, la vicedecana Dra. Mar\u00eda Luz Endere, y el Secretario de Extensi\u00f3n, Bienestar y Transferencia, Lic. Nicol\u00e1s Casado.<\/p>\n<p>Esta es la primera edici\u00f3n que la Expo UNICEN se lleva adelante de manera regional. Las pr\u00f3ximas ediciones ser\u00e1n el 2 de septiembre en Quequ\u00e9n, el 30 de septiembre en Azul y el 14, 21 y 28 de octubre en la ciudad de Tandil. En cada una de ellas participar\u00e1n las unidades acad\u00e9micas de todas las sedes de la UNICEN.<\/p>\n<p><strong>Actividades, charlas y juegos<\/strong><\/p>\n<p><strong>A lo largo de la jornada se programaron diversas propuestas para la inmensa cantidad de estudiantes que se acercaron a participar de la Expo UNICEN, tanto en el turno ma\u00f1ana como a la tarde, quienes recorrieron los stands de las distintas facultades de Olavarr\u00eda, Azul, Tandil y Quequ\u00e9n, en los que pudieron conocer las ofertas y propuestas acad\u00e9micas y en muchos casos llevarse los contactos para inscribirse en los pr\u00f3ximos a\u00f1os.<\/strong><\/p>\n<p>En el stand de FACSO, los y las estudiantes se encontraron con diversas propuestas did\u00e1cticas para conocer la oferta acad\u00e9mica. Por un lado, a trav\u00e9s de un juego se invit\u00f3 a quienes se acercaban a unir palabras clave con las carreras de Comunicaci\u00f3n, Periodismo, Antropolog\u00eda, Arqueolog\u00eda y los profesorados de Comunicaci\u00f3n y Antropolog\u00eda. La actividad fue un espacio oportuno para conocer los intereses y conocimientos de los y las j\u00f3venes, quienes se llevaron un obsequio de regalo.<\/p>\n<p>Tambi\u00e9n se expusieron restos materiales y otros objetos para que\u00a0conozcan sobre las pr\u00e1cticas que llevan adelantes los profesionales de la arqueolog\u00eda.<\/p>\n<p>En tanto, en el caso de las charlas, se ofrecieron presentaciones sobre las ofertas acad\u00e9micas de la Facultad de Ingenier\u00eda, Derecho, Veterinaria, Sociales y Ciencias de la Salud; otras vinculadas al \u00e1rea de Bienestar de la UNICEN, y otras m\u00e1s espec\u00edficas sobre \u201cAntropolog\u00eda Social y mundos contempor\u00e1neos\u201d (FACSO), \u201cDel Secundario a la Universidad, como es ser estudiante en Econ\u00f3micas\u201d (Facultad de Econ\u00f3micas) y el Taller Vida Universitaria y Derecho a la Educaci\u00f3n Superior (Facultad de Humanas).<\/p>\n<p>Tambi\u00e9n desde la Facultad de Ciencias de la Salud se brind\u00f3 un taller de RCP y una charla sobre nutrici\u00f3n y la Facultad de Arte brind\u00f3 la propuesta \u201cArte: juegos y expresi\u00f3n corporal\u201d. En el patio se ofreci\u00f3 el taller \u201cUn ritmo diferente\u201d, organizado por el Centro Cultural Universitario en articulaci\u00f3n con el CePEAC N\u00ba1 Olavarr\u00eda.<\/p>\n<p><a href=\"https:\/\/experienciadevida.com.ar\/portalurbano\/cientos-de-estudiantes-participaron-de-la-expo-unicen-en-olavarria\/estudiants\/\" rel=\"attachment wp-att-173168\"><img decoding=\"async\" class=\"alignnone size-large wp-image-173168\" src=\"https:\/\/experienciadevida.com.ar\/portalurbano\/wp-content\/uploads\/2022\/08\/estudiants-1024x683.jpg\" alt=\"estudiantes \" width=\"900\" height=\"600\" srcset=\"https:\/\/experienciadevida.com.ar\/portalurbano\/wp-content\/uploads\/2022\/08\/estudiants-1024x683.jpg 1024w, https:\/\/experienciadevida.com.ar\/portalurbano\/wp-content\/uploads\/2022\/08\/estudiants-300x200.jpg 300w, https:\/\/experienciadevida.com.ar\/portalurbano\/wp-content\/uploads\/2022\/08\/estudiants-768x512.jpg 768w, https:\/\/experienciadevida.com.ar\/portalurbano\/wp-content\/uploads\/2022\/08\/estudiants-150x100.jpg 150w, https:\/\/experienciadevida.com.ar\/portalurbano\/wp-content\/uploads\/2022\/08\/estudiants.jpg 1480w\" sizes=\"(max-width: 900px) 100vw, 900px\" \/><\/a><\/p>\n","protected":false},"excerpt":{"rendered":"<p>Cientos de estudiantes participaron de la Expo UNICEN en Olavarr\u00eda, talleres, charlas y juegos fueron&#8230;<\/p>\n","protected":false},"author":1,"featured_media":173165,"comment_status":"closed","ping_status":"closed","sticky":false,"template":"","format":"standard","meta":{"content-type":""},"categories":[31],"tags":[],"nelio_content":{"isAutoShareEnabled":false,"autoShareEndMode":"default","automationSources":{"useContentSentences":true,"useSocialTemplates":true,"useCustomSentences":false,"customSentences":[]},"followers":[1],"suggestedReferences":[],"includedReferences":["https:\/\/www.instagram.com\/centrocultural.sanjose\/"],"efiUrl":"","efiAlt":"","highlights":[]},"yoast_head":"<!-- This site is optimized with the Yoast SEO plugin v20.7 - https:\/\/yoast.com\/wordpress\/plugins\/seo\/ -->\n<title>Cientos de estudiantes participaron de la expo UNICEN<\/title>\n<meta name=\"description\" content=\"Cientos de estudiantes participaron de la Expo UNICEN en Olavarr\u00eda, talleres, charlas y juegos fueron algunas de las opciones\" \/>\n<meta name=\"robots\" content=\"index, follow, max-snippet:-1, max-image-preview:large, max-video-preview:-1\" \/>\n<link rel=\"canonical\" href=\"https:\/\/experienciadevida.com.ar\/portalurbano\/cientos-de-estudiantes-participaron-de-la-expo-unicen-en-olavarria\/\" \/>\n<meta property=\"og:locale\" content=\"es_ES\" \/>\n<meta property=\"og:type\" content=\"article\" \/>\n<meta property=\"og:title\" content=\"Cientos de estudiantes participaron de la expo UNICEN\" \/>\n<meta property=\"og:description\" content=\"Cientos de estudiantes participaron de la Expo UNICEN en Olavarr\u00eda, talleres, charlas y juegos fueron algunas de las opciones\" \/>\n<meta property=\"og:url\" content=\"https:\/\/experienciadevida.com.ar\/portalurbano\/cientos-de-estudiantes-participaron-de-la-expo-unicen-en-olavarria\/\" \/>\n<meta property=\"article:publisher\" content=\"https:\/\/www.facebook.com\/Portal-Urbano-171542830093757\/\" \/>\n<meta property=\"article:published_time\" content=\"2022-08-13T00:58:28+00:00\" \/>\n<meta property=\"article:modified_time\" content=\"2022-08-13T00:59:06+00:00\" \/>\n<meta property=\"og:image\" content=\"https:\/\/experienciadevida.com.ar\/portalurbano\/wp-content\/uploads\/2022\/08\/Cientos-de-estudiantes-participaron.jpg\" \/>\n\t<meta property=\"og:image:width\" content=\"1480\" \/>\n\t<meta property=\"og:image:height\" content=\"887\" \/>\n\t<meta property=\"og:image:type\" content=\"image\/jpeg\" \/>\n<meta name=\"author\" content=\"admpu17wp\" \/>\n<meta name=\"twitter:card\" content=\"summary_large_image\" \/>\n<meta name=\"twitter:creator\" content=\"@portalurbanook\" \/>\n<meta name=\"twitter:site\" content=\"@portalurbanook\" \/>\n<meta name=\"twitter:label1\" content=\"Escrito por\" \/>\n\t<meta name=\"twitter:data1\" content=\"admpu17wp\" \/>\n\t<meta name=\"twitter:label2\" content=\"Tiempo de lectura\" \/>\n\t<meta name=\"twitter:data2\" content=\"5 minutos\" \/>\n<script type=\"application\/ld+json\" class=\"yoast-schema-graph\">{\"@context\":\"https:\/\/schema.org\",\"@graph\":[{\"@type\":\"Article\",\"@id\":\"https:\/\/experienciadevida.com.ar\/portalurbano\/cientos-de-estudiantes-participaron-de-la-expo-unicen-en-olavarria\/#article\",\"isPartOf\":{\"@id\":\"https:\/\/experienciadevida.com.ar\/portalurbano\/cientos-de-estudiantes-participaron-de-la-expo-unicen-en-olavarria\/\"},\"author\":{\"name\":\"admpu17wp\",\"@id\":\"https:\/\/experienciadevida.com.ar\/portalurbano\/#\/schema\/person\/02dd326b1c4b056e9cc972486934a3a7\"},\"headline\":\"Cientos de estudiantes participaron de la Expo UNICEN en Olavarr\u00eda\",\"datePublished\":\"2022-08-13T00:58:28+00:00\",\"dateModified\":\"2022-08-13T00:59:06+00:00\",\"mainEntityOfPage\":{\"@id\":\"https:\/\/experienciadevida.com.ar\/portalurbano\/cientos-de-estudiantes-participaron-de-la-expo-unicen-en-olavarria\/\"},\"wordCount\":935,\"publisher\":{\"@id\":\"https:\/\/experienciadevida.com.ar\/portalurbano\/#organization\"},\"articleSection\":[\"Educaci\u00f3n\"],\"inLanguage\":\"es\"},{\"@type\":\"WebPage\",\"@id\":\"https:\/\/experienciadevida.com.ar\/portalurbano\/cientos-de-estudiantes-participaron-de-la-expo-unicen-en-olavarria\/\",\"url\":\"https:\/\/experienciadevida.com.ar\/portalurbano\/cientos-de-estudiantes-participaron-de-la-expo-unicen-en-olavarria\/\",\"name\":\"Cientos de estudiantes participaron de la expo UNICEN\",\"isPartOf\":{\"@id\":\"https:\/\/experienciadevida.com.ar\/portalurbano\/#website\"},\"datePublished\":\"2022-08-13T00:58:28+00:00\",\"dateModified\":\"2022-08-13T00:59:06+00:00\",\"description\":\"Cientos de estudiantes participaron de la Expo UNICEN en Olavarr\u00eda, talleres, charlas y juegos fueron algunas de las opciones\",\"breadcrumb\":{\"@id\":\"https:\/\/experienciadevida.com.ar\/portalurbano\/cientos-de-estudiantes-participaron-de-la-expo-unicen-en-olavarria\/#breadcrumb\"},\"inLanguage\":\"es\",\"potentialAction\":[{\"@type\":\"ReadAction\",\"target\":[\"https:\/\/experienciadevida.com.ar\/portalurbano\/cientos-de-estudiantes-participaron-de-la-expo-unicen-en-olavarria\/\"]}]},{\"@type\":\"BreadcrumbList\",\"@id\":\"https:\/\/experienciadevida.com.ar\/portalurbano\/cientos-de-estudiantes-participaron-de-la-expo-unicen-en-olavarria\/#breadcrumb\",\"itemListElement\":[{\"@type\":\"ListItem\",\"position\":1,\"name\":\"Portada\",\"item\":\"https:\/\/experienciadevida.com.ar\/portalurbano\/\"},{\"@type\":\"ListItem\",\"position\":2,\"name\":\"Cientos de estudiantes participaron de la Expo UNICEN en Olavarr\u00eda\"}]},{\"@type\":\"WebSite\",\"@id\":\"https:\/\/experienciadevida.com.ar\/portalurbano\/#website\",\"url\":\"https:\/\/experienciadevida.com.ar\/portalurbano\/\",\"name\":\"\",\"description\":\"\",\"publisher\":{\"@id\":\"https:\/\/experienciadevida.com.ar\/portalurbano\/#organization\"},\"potentialAction\":[{\"@type\":\"SearchAction\",\"target\":{\"@type\":\"EntryPoint\",\"urlTemplate\":\"https:\/\/experienciadevida.com.ar\/portalurbano\/?s={search_term_string}\"},\"query-input\":\"required name=search_term_string\"}],\"inLanguage\":\"es\"},{\"@type\":\"Organization\",\"@id\":\"https:\/\/experienciadevida.com.ar\/portalurbano\/#organization\",\"name\":\"Portal Urbano\",\"url\":\"https:\/\/experienciadevida.com.ar\/portalurbano\/\",\"logo\":{\"@type\":\"ImageObject\",\"inLanguage\":\"es\",\"@id\":\"https:\/\/experienciadevida.com.ar\/portalurbano\/#\/schema\/logo\/image\/\",\"url\":\"https:\/\/experienciadevida.com.ar\/portalurbano\/wp-content\/uploads\/2019\/09\/Logo-Original.png\",\"contentUrl\":\"https:\/\/experienciadevida.com.ar\/portalurbano\/wp-content\/uploads\/2019\/09\/Logo-Original.png\",\"width\":2236,\"height\":1216,\"caption\":\"Portal Urbano\"},\"image\":{\"@id\":\"https:\/\/experienciadevida.com.ar\/portalurbano\/#\/schema\/logo\/image\/\"},\"sameAs\":[\"https:\/\/www.facebook.com\/Portal-Urbano-171542830093757\/\",\"https:\/\/twitter.com\/portalurbanook\",\"https:\/\/www.instagram.com\/_portalurbano\/\",\"https:\/\/www.youtube.com\/channel\/UCXhagIfszH8KxFiOok79zbA?view_as=subscriber\"]},{\"@type\":\"Person\",\"@id\":\"https:\/\/experienciadevida.com.ar\/portalurbano\/#\/schema\/person\/02dd326b1c4b056e9cc972486934a3a7\",\"name\":\"admpu17wp\",\"image\":{\"@type\":\"ImageObject\",\"inLanguage\":\"es\",\"@id\":\"https:\/\/experienciadevida.com.ar\/portalurbano\/#\/schema\/person\/image\/\",\"url\":\"https:\/\/secure.gravatar.com\/avatar\/830d4c57adaae6630765e449a6908047?s=96&d=mm&r=g\",\"contentUrl\":\"https:\/\/secure.gravatar.com\/avatar\/830d4c57adaae6630765e449a6908047?s=96&d=mm&r=g\",\"caption\":\"admpu17wp\"}}]}<\/script>\n<!-- \/ Yoast SEO plugin. -->","yoast_head_json":{"title":"Cientos de estudiantes participaron de la expo UNICEN","description":"Cientos de estudiantes participaron de la Expo UNICEN en Olavarr\u00eda, talleres, charlas y juegos fueron algunas de las opciones","robots":{"index":"index","follow":"follow","max-snippet":"max-snippet:-1","max-image-preview":"max-image-preview:large","max-video-preview":"max-video-preview:-1"},"canonical":"https:\/\/experienciadevida.com.ar\/portalurbano\/cientos-de-estudiantes-participaron-de-la-expo-unicen-en-olavarria\/","og_locale":"es_ES","og_type":"article","og_title":"Cientos de estudiantes participaron de la expo UNICEN","og_description":"Cientos de estudiantes participaron de la Expo UNICEN en Olavarr\u00eda, talleres, charlas y juegos fueron algunas de las opciones","og_url":"https:\/\/experienciadevida.com.ar\/portalurbano\/cientos-de-estudiantes-participaron-de-la-expo-unicen-en-olavarria\/","article_publisher":"https:\/\/www.facebook.com\/Portal-Urbano-171542830093757\/","article_published_time":"2022-08-13T00:58:28+00:00","article_modified_time":"2022-08-13T00:59:06+00:00","og_image":[{"width":1480,"height":887,"url":"https:\/\/experienciadevida.com.ar\/portalurbano\/wp-content\/uploads\/2022\/08\/Cientos-de-estudiantes-participaron.jpg","type":"image\/jpeg"}],"author":"admpu17wp","twitter_card":"summary_large_image","twitter_creator":"@portalurbanook","twitter_site":"@portalurbanook","twitter_misc":{"Escrito por":"admpu17wp","Tiempo de lectura":"5 minutos"},"schema":{"@context":"https:\/\/schema.org","@graph":[{"@type":"Article","@id":"https:\/\/experienciadevida.com.ar\/portalurbano\/cientos-de-estudiantes-participaron-de-la-expo-unicen-en-olavarria\/#article","isPartOf":{"@id":"https:\/\/experienciadevida.com.ar\/portalurbano\/cientos-de-estudiantes-participaron-de-la-expo-unicen-en-olavarria\/"},"author":{"name":"admpu17wp","@id":"https:\/\/experienciadevida.com.ar\/portalurbano\/#\/schema\/person\/02dd326b1c4b056e9cc972486934a3a7"},"headline":"Cientos de estudiantes participaron de la Expo UNICEN en Olavarr\u00eda","datePublished":"2022-08-13T00:58:28+00:00","dateModified":"2022-08-13T00:59:06+00:00","mainEntityOfPage":{"@id":"https:\/\/experienciadevida.com.ar\/portalurbano\/cientos-de-estudiantes-participaron-de-la-expo-unicen-en-olavarria\/"},"wordCount":935,"publisher":{"@id":"https:\/\/experienciadevida.com.ar\/portalurbano\/#organization"},"articleSection":["Educaci\u00f3n"],"inLanguage":"es"},{"@type":"WebPage","@id":"https:\/\/experienciadevida.com.ar\/portalurbano\/cientos-de-estudiantes-participaron-de-la-expo-unicen-en-olavarria\/","url":"https:\/\/experienciadevida.com.ar\/portalurbano\/cientos-de-estudiantes-participaron-de-la-expo-unicen-en-olavarria\/","name":"Cientos de estudiantes participaron de la expo UNICEN","isPartOf":{"@id":"https:\/\/experienciadevida.com.ar\/portalurbano\/#website"},"datePublished":"2022-08-13T00:58:28+00:00","dateModified":"2022-08-13T00:59:06+00:00","description":"Cientos de estudiantes participaron de la Expo UNICEN en Olavarr\u00eda, talleres, charlas y juegos fueron algunas de las opciones","breadcrumb":{"@id":"https:\/\/experienciadevida.com.ar\/portalurbano\/cientos-de-estudiantes-participaron-de-la-expo-unicen-en-olavarria\/#breadcrumb"},"inLanguage":"es","potentialAction":[{"@type":"ReadAction","target":["https:\/\/experienciadevida.com.ar\/portalurbano\/cientos-de-estudiantes-participaron-de-la-expo-unicen-en-olavarria\/"]}]},{"@type":"BreadcrumbList","@id":"https:\/\/experienciadevida.com.ar\/portalurbano\/cientos-de-estudiantes-participaron-de-la-expo-unicen-en-olavarria\/#breadcrumb","itemListElement":[{"@type":"ListItem","position":1,"name":"Portada","item":"https:\/\/experienciadevida.com.ar\/portalurbano\/"},{"@type":"ListItem","position":2,"name":"Cientos de estudiantes participaron de la Expo UNICEN en Olavarr\u00eda"}]},{"@type":"WebSite","@id":"https:\/\/experienciadevida.com.ar\/portalurbano\/#website","url":"https:\/\/experienciadevida.com.ar\/portalurbano\/","name":"","description":"","publisher":{"@id":"https:\/\/experienciadevida.com.ar\/portalurbano\/#organization"},"potentialAction":[{"@type":"SearchAction","target":{"@type":"EntryPoint","urlTemplate":"https:\/\/experienciadevida.com.ar\/portalurbano\/?s={search_term_string}"},"query-input":"required name=search_term_string"}],"inLanguage":"es"},{"@type":"Organization","@id":"https:\/\/experienciadevida.com.ar\/portalurbano\/#organization","name":"Portal Urbano","url":"https:\/\/experienciadevida.com.ar\/portalurbano\/","logo":{"@type":"ImageObject","inLanguage":"es","@id":"https:\/\/experienciadevida.com.ar\/portalurbano\/#\/schema\/logo\/image\/","url":"https:\/\/experienciadevida.com.ar\/portalurbano\/wp-content\/uploads\/2019\/09\/Logo-Original.png","contentUrl":"https:\/\/experienciadevida.com.ar\/portalurbano\/wp-content\/uploads\/2019\/09\/Logo-Original.png","width":2236,"height":1216,"caption":"Portal Urbano"},"image":{"@id":"https:\/\/experienciadevida.com.ar\/portalurbano\/#\/schema\/logo\/image\/"},"sameAs":["https:\/\/www.facebook.com\/Portal-Urbano-171542830093757\/","https:\/\/twitter.com\/portalurbanook","https:\/\/www.instagram.com\/_portalurbano\/","https:\/\/www.youtube.com\/channel\/UCXhagIfszH8KxFiOok79zbA?view_as=subscriber"]},{"@type":"Person","@id":"https:\/\/experienciadevida.com.ar\/portalurbano\/#\/schema\/person\/02dd326b1c4b056e9cc972486934a3a7","name":"admpu17wp","image":{"@type":"ImageObject","inLanguage":"es","@id":"https:\/\/experienciadevida.com.ar\/portalurbano\/#\/schema\/person\/image\/","url":"https:\/\/secure.gravatar.com\/avatar\/830d4c57adaae6630765e449a6908047?s=96&d=mm&r=g","contentUrl":"https:\/\/secure.gravatar.com\/avatar\/830d4c57adaae6630765e449a6908047?s=96&d=mm&r=g","caption":"admpu17wp"}}]}},"featured_image_urls":{"full":["https:\/\/experienciadevida.com.ar\/portalurbano\/wp-content\/uploads\/2022\/08\/Cientos-de-estudiantes-participaron.jpg",1480,887,false],"thumbnail":["https:\/\/experienciadevida.com.ar\/portalurbano\/wp-content\/uploads\/2022\/08\/Cientos-de-estudiantes-participaron-150x150.jpg",150,150,true],"medium":["https:\/\/experienciadevida.com.ar\/portalurbano\/wp-content\/uploads\/2022\/08\/Cientos-de-estudiantes-participaron-300x180.jpg",300,180,true],"medium_large":["https:\/\/experienciadevida.com.ar\/portalurbano\/wp-content\/uploads\/2022\/08\/Cientos-de-estudiantes-participaron-768x460.jpg",640,383,true],"large":["https:\/\/experienciadevida.com.ar\/portalurbano\/wp-content\/uploads\/2022\/08\/Cientos-de-estudiantes-participaron-1024x614.jpg",640,384,true],"ug_big":["https:\/\/experienciadevida.com.ar\/portalurbano\/wp-content\/uploads\/2022\/08\/Cientos-de-estudiantes-participaron-768x460.jpg",768,460,true],"1536x1536":["https:\/\/experienciadevida.com.ar\/portalurbano\/wp-content\/uploads\/2022\/08\/Cientos-de-estudiantes-participaron.jpg",1480,887,false],"2048x2048":["https:\/\/experienciadevida.com.ar\/portalurbano\/wp-content\/uploads\/2022\/08\/Cientos-de-estudiantes-participaron.jpg",1480,887,false],"newsever-slider-full":["https:\/\/experienciadevida.com.ar\/portalurbano\/wp-content\/uploads\/2022\/08\/Cientos-de-estudiantes-participaron.jpg",1280,767,false],"newsever-featured":["https:\/\/experienciadevida.com.ar\/portalurbano\/wp-content\/uploads\/2022\/08\/Cientos-de-estudiantes-participaron.jpg",1024,614,false],"newsever-medium":["https:\/\/experienciadevida.com.ar\/portalurbano\/wp-content\/uploads\/2022\/08\/Cientos-de-estudiantes-participaron.jpg",720,432,false],"web-stories-poster-portrait":["https:\/\/experienciadevida.com.ar\/portalurbano\/wp-content\/uploads\/2022\/08\/Cientos-de-estudiantes-participaron-640x853.jpg",640,853,true],"web-stories-publisher-logo":["https:\/\/experienciadevida.com.ar\/portalurbano\/wp-content\/uploads\/2022\/08\/Cientos-de-estudiantes-participaron-96x96.jpg",96,96,true],"web-stories-thumbnail":["https:\/\/experienciadevida.com.ar\/portalurbano\/wp-content\/uploads\/2022\/08\/Cientos-de-estudiantes-participaron-150x90.jpg",150,90,true]},"author_info":{"display_name":"admpu17wp","author_link":"https:\/\/experienciadevida.com.ar\/portalurbano\/author\/admpu17wp\/"},"category_info":"<a href=\"https:\/\/experienciadevida.com.ar\/portalurbano\/category\/ciudad\/educacion\/\" rel=\"category tag\">Educaci\u00f3n<\/a>","tag_info":"Educaci\u00f3n","comment_count":"0","amp_enabled":true,"_links":{"self":[{"href":"https:\/\/experienciadevida.com.ar\/portalurbano\/wp-json\/wp\/v2\/posts\/173164"}],"collection":[{"href":"https:\/\/experienciadevida.com.ar\/portalurbano\/wp-json\/wp\/v2\/posts"}],"about":[{"href":"https:\/\/experienciadevida.com.ar\/portalurbano\/wp-json\/wp\/v2\/types\/post"}],"author":[{"embeddable":true,"href":"https:\/\/experienciadevida.com.ar\/portalurbano\/wp-json\/wp\/v2\/users\/1"}],"replies":[{"embeddable":true,"href":"https:\/\/experienciadevida.com.ar\/portalurbano\/wp-json\/wp\/v2\/comments?post=173164"}],"version-history":[{"count":2,"href":"https:\/\/experienciadevida.com.ar\/portalurbano\/wp-json\/wp\/v2\/posts\/173164\/revisions"}],"predecessor-version":[{"id":173170,"href":"https:\/\/experienciadevida.com.ar\/portalurbano\/wp-json\/wp\/v2\/posts\/173164\/revisions\/173170"}],"wp:featuredmedia":[{"embeddable":true,"href":"https:\/\/experienciadevida.com.ar\/portalurbano\/wp-json\/wp\/v2\/media\/173165"}],"wp:attachment":[{"href":"https:\/\/experienciadevida.com.ar\/portalurbano\/wp-json\/wp\/v2\/media?parent=173164"}],"wp:term":[{"taxonomy":"category","embeddable":true,"href":"https:\/\/experienciadevida.com.ar\/portalurbano\/wp-json\/wp\/v2\/categories?post=173164"},{"taxonomy":"post_tag","embeddable":true,"href":"https:\/\/experienciadevida.com.ar\/portalurbano\/wp-json\/wp\/v2\/tags?post=173164"}],"curies":[{"name":"wp","href":"https:\/\/api.w.org\/{rel}","templated":true}]}}