{"id":173157,"date":"2022-08-12T21:50:57","date_gmt":"2022-08-13T00:50:57","guid":{"rendered":"https:\/\/experienciadevida.com.ar\/portalurbano\/?p=173157"},"modified":"2022-08-12T21:54:27","modified_gmt":"2022-08-13T00:54:27","slug":"ezequiel-galli-encabezo-firmas-de-convenios-de-cooperacion-entre-municipio-y-unicen","status":"publish","type":"post","link":"https:\/\/experienciadevida.com.ar\/portalurbano\/ezequiel-galli-encabezo-firmas-de-convenios-de-cooperacion-entre-municipio-y-unicen\/","title":{"rendered":"Ezequiel Galli encabez\u00f3 firmas de convenios de cooperaci\u00f3n entre Municipio y UNICEN"},"content":{"rendered":"<p>Ezequiel <a href=\"https:\/\/www.instagram.com\/galliezequiel\/\">Galli<\/a> encabez\u00f3 firmas de convenios de cooperaci\u00f3n entre Municipio y UNICEN, bajo la premisa de fortalecer instancias de di\u00e1logo y generar estrategias de acci\u00f3n conjunta en favor de la comunidad, entre el Municipio e instituciones de car\u00e1cter p\u00fablico y privado; en la ma\u00f1ana de este viernes el intendente Ezequiel Galli encabez\u00f3 la firma de convenios de cooperaci\u00f3n entre el Municipio y la Universidad Nacional del Centro de la Provincia de Buenos Aires.<\/p>\n<p><a href=\"https:\/\/experienciadevida.com.ar\/portalurbano\/ezequiel-galli-encabezo-firmas-de-convenios-de-cooperacion-entre-municipio-y-unicen\/ezequiel-11\/\" rel=\"attachment wp-att-173160\"><img decoding=\"async\" class=\"alignnone size-large wp-image-173160\" src=\"https:\/\/experienciadevida.com.ar\/portalurbano\/wp-content\/uploads\/2022\/08\/Ezequiel-1-1024x684.jpg\" alt=\"Ezequiel \" width=\"900\" height=\"601\" srcset=\"https:\/\/experienciadevida.com.ar\/portalurbano\/wp-content\/uploads\/2022\/08\/Ezequiel-1-1024x684.jpg 1024w, https:\/\/experienciadevida.com.ar\/portalurbano\/wp-content\/uploads\/2022\/08\/Ezequiel-1-300x201.jpg 300w, https:\/\/experienciadevida.com.ar\/portalurbano\/wp-content\/uploads\/2022\/08\/Ezequiel-1-768x513.jpg 768w, https:\/\/experienciadevida.com.ar\/portalurbano\/wp-content\/uploads\/2022\/08\/Ezequiel-1-1536x1027.jpg 1536w, https:\/\/experienciadevida.com.ar\/portalurbano\/wp-content\/uploads\/2022\/08\/Ezequiel-1-2048x1369.jpg 2048w, https:\/\/experienciadevida.com.ar\/portalurbano\/wp-content\/uploads\/2022\/08\/Ezequiel-1-150x100.jpg 150w\" sizes=\"(max-width: 900px) 100vw, 900px\" \/><\/a><\/p>\n<p>En primera instancia, se acord\u00f3 la realizaci\u00f3n de la segunda edici\u00f3n del Fondo Reactivo Cultural. En segundo lugar, el acuerdo comprende la concreci\u00f3n de pol\u00edticas culturales con perspectiva de g\u00e9nero.<\/p>\n<p>Acompa\u00f1aron al Intendente el secretario de Desarrollo Humano y Calidad de Vida Diego Robbiani; el subsecretario de Cultura y Educaci\u00f3n Bruno Cenizo; la subsecretaria de Derechos; Igualdad y Oportunidades Valeria Chiramberro y la directora de Pol\u00edticas de G\u00e9nero Florencia Caro.<\/p>\n<p>En representaci\u00f3n de UNICEN, por su parte, participaron el rector Marcelo Alfredo Aba; la decana de la Facultad de Ciencias Sociales Gabriela Gamberini; el secretario de Extensi\u00f3n, Bienestar y Transferencia Nicol\u00e1s Casado y Fernando Pi\u00f1ero, secretario de Bienestar Estudiantil; la coordinadora del Centro Cultural Universitario Andrea Rivero; y Sof\u00eda Cheves, coordinadora del \u00e1rea de Cultura de UNICEN.<\/p>\n<p>Fondo Reactivo Cultural<\/p>\n<p>La propuesta se enmarca en Programa Emerger de la UNICEN coordinado por el \u00c1rea de Cultura; en el caso de Olavarr\u00eda a trav\u00e9s de la Facultad de Ciencias Sociales \/ Centro Cultural Universitario UNICEN sede Olavarr\u00eda.<\/p>\n<p>El Fondo Reactivo Cultural consiste en una convocatoria destinada a respaldar econ\u00f3micamente a proyectos art\u00edsticos independientes, con el fin de acompa\u00f1ar a las\/os trabajadoras\/es de la cultura de Olavarr\u00eda.<\/p>\n<p>En tal sentido, las propuestas ganadoras recibir\u00e1n un apoyo econ\u00f3mico extraordinario que constar\u00e1 de un pago \u00fanico de 50.000 pesos.<\/p>\n<p>La primera edici\u00f3n del Fondo Reactivo Cultural se llev\u00f3 a cabo en 2021, y benefici\u00f3 a diez proyectos art\u00edsticos culturales locales.<\/p>\n<p>En esta oportunidad, los proyectos podr\u00e1n presentarse desde el 15 de agosto al 12 de septiembre del corriente a\u00f1o, deber\u00e1n ser desarrollados en nuestra ciudad y podr\u00e1n enmarcarse en las disciplinas artes esc\u00e9nicas, artes audiovisuales y multimediales, artes sonoras, literatura, artes visuales o interdisciplinarios, etc.<\/p>\n<p>Los interesados pueden consultar formularios, bases y condiciones en Facebook del Centro Cultural Universitario @CCUOlavarr\u00eda o al correo electr\u00f3nico: reactivocultural2022@gmail.com.<\/p>\n<p>Clic aqu\u00ed por informes e inscripci\u00f3n.<\/p>\n<p>Pol\u00edticas culturales con perspectiva de g\u00e9nero<\/p>\n<p>El segundo convenio involucra a la Direcci\u00f3n de Pol\u00edticas de G\u00e9nero del Municipio.<\/p>\n<p>Generado en el mes de mayo, dicho acuerdo recupera el valor del arte y las expresiones culturales en sus diferentes ramas en la vida de las personas: su proceso de socializaci\u00f3n y la incorporaci\u00f3n de patrones o estereotipos de g\u00e9nero, social e hist\u00f3ricamente promovidos desde todos los \u00e1mbitos. En este sentido, propone un trabajo en red, colaborativo y sostenible para generar, entre los \u00e1mbitos involucrados, acciones vinculadas a la difusi\u00f3n, la promoci\u00f3n, la concientizaci\u00f3n y la sensibilizaci\u00f3n sobre cuestiones de g\u00e9nero y derechos de las mujeres y disidencias, mediante diferentes estrategias culturales.<\/p>\n<p>El acuerdo marco representa un valor distinguible en cada caso: se apunta a que la Subsecretar\u00eda de Cultura y Educaci\u00f3n promueva actividades con perspectiva de g\u00e9nero de forma sistematizada, as\u00ed como que la DPG ampl\u00ede su campo de participaci\u00f3n, trabajando no s\u00f3lo en el abordaje de las violencias sino en la planificaci\u00f3n de pol\u00edticas p\u00fablicas que transversalicen territorialmente la perspectiva de g\u00e9nero y el enfoque de derechos humanos.<\/p>\n<p>La incorporaci\u00f3n de la Facultad de Ciencias Sociales es entendida como vector clave en la participaci\u00f3n ciudadana, educativa y de gran impacto en las trayectorias acad\u00e9micas de una gran cantidad de estudiantes en Olavarr\u00eda y ciudades vecinas.<\/p>\n<p>Los objetivos para cada actor son los siguientes:<\/p>\n<p>Subsecretar\u00eda de Cultura y Educaci\u00f3n: promover -en conjunto con FACSO y DPG- actividades art\u00edsticas, educativas y culturales con perspectiva de g\u00e9nero de forma regular.<\/p>\n<p>Direcci\u00f3n de Pol\u00edticas de G\u00e9nero: ampliar su campo de participaci\u00f3n, trabajando no s\u00f3lo en el abordaje de las violencias sino en la planificaci\u00f3n de pol\u00edticas p\u00fablicas \u2013 junto a Subsecretar\u00eda de Cultura y FACSO- que transversalicen la perspectiva de g\u00e9nero dentro del Estado Municipal.<\/p>\n<p>Facultad de Ciencias Sociales: articular con DPG y Subsecretar\u00eda de Cultura las pol\u00edticas culturales en materia de prevenci\u00f3n de las violencias por motivos de g\u00e9nero y promover en ellas la participaci\u00f3n ciudadana, educativa y de impacto en las trayectorias acad\u00e9micas de los estudiantes en la ciudad.<\/p>\n<p><a href=\"https:\/\/experienciadevida.com.ar\/portalurbano\/ezequiel-galli-encabezo-firmas-de-convenios-de-cooperacion-entre-municipio-y-unicen\/galli-12\/\" rel=\"attachment wp-att-173162\"><img decoding=\"async\" class=\"alignnone size-large wp-image-173162\" src=\"https:\/\/experienciadevida.com.ar\/portalurbano\/wp-content\/uploads\/2022\/08\/Galli-1024x684.jpg\" alt=\"Galli \" width=\"900\" height=\"601\" srcset=\"https:\/\/experienciadevida.com.ar\/portalurbano\/wp-content\/uploads\/2022\/08\/Galli-1024x684.jpg 1024w, https:\/\/experienciadevida.com.ar\/portalurbano\/wp-content\/uploads\/2022\/08\/Galli-300x201.jpg 300w, https:\/\/experienciadevida.com.ar\/portalurbano\/wp-content\/uploads\/2022\/08\/Galli-768x513.jpg 768w, https:\/\/experienciadevida.com.ar\/portalurbano\/wp-content\/uploads\/2022\/08\/Galli-1536x1027.jpg 1536w, https:\/\/experienciadevida.com.ar\/portalurbano\/wp-content\/uploads\/2022\/08\/Galli-2048x1369.jpg 2048w, https:\/\/experienciadevida.com.ar\/portalurbano\/wp-content\/uploads\/2022\/08\/Galli-150x100.jpg 150w\" sizes=\"(max-width: 900px) 100vw, 900px\" \/><\/a><\/p>\n","protected":false},"excerpt":{"rendered":"<p>Ezequiel Galli encabez\u00f3 firmas de convenios de cooperaci\u00f3n entre Municipio y UNICEN, bajo la premisa&#8230;<\/p>\n","protected":false},"author":1,"featured_media":173158,"comment_status":"closed","ping_status":"closed","sticky":false,"template":"","format":"standard","meta":{"content-type":""},"categories":[27,51],"tags":[],"nelio_content":{"isAutoShareEnabled":false,"autoShareEndMode":"default","automationSources":{"useContentSentences":true,"useSocialTemplates":true,"useCustomSentences":false,"customSentences":[]},"followers":[1],"suggestedReferences":[],"includedReferences":[],"efiUrl":"","efiAlt":"","highlights":[]},"yoast_head":"<!-- This site is optimized with the Yoast SEO plugin v20.7 - https:\/\/yoast.com\/wordpress\/plugins\/seo\/ -->\n<title>Ezequiel Galli encabez\u00f3 firmas de convenios de cooperaci\u00f3n<\/title>\n<meta name=\"description\" content=\"Ezequiel Galli encabez\u00f3 firmas de convenios de cooperaci\u00f3n entre Municipio y UNICEN, bajo la premisa de fortalecer instancias\" \/>\n<meta name=\"robots\" content=\"index, follow, max-snippet:-1, max-image-preview:large, max-video-preview:-1\" \/>\n<link rel=\"canonical\" href=\"https:\/\/experienciadevida.com.ar\/portalurbano\/ezequiel-galli-encabezo-firmas-de-convenios-de-cooperacion-entre-municipio-y-unicen\/\" \/>\n<meta property=\"og:locale\" content=\"es_ES\" \/>\n<meta property=\"og:type\" content=\"article\" \/>\n<meta property=\"og:title\" content=\"Ezequiel Galli encabez\u00f3 firmas de convenios de cooperaci\u00f3n\" \/>\n<meta property=\"og:description\" content=\"Ezequiel Galli encabez\u00f3 firmas de convenios de cooperaci\u00f3n entre Municipio y UNICEN, bajo la premisa de fortalecer instancias\" \/>\n<meta property=\"og:url\" content=\"https:\/\/experienciadevida.com.ar\/portalurbano\/ezequiel-galli-encabezo-firmas-de-convenios-de-cooperacion-entre-municipio-y-unicen\/\" \/>\n<meta property=\"article:publisher\" content=\"https:\/\/www.facebook.com\/Portal-Urbano-171542830093757\/\" \/>\n<meta property=\"article:published_time\" content=\"2022-08-13T00:50:57+00:00\" \/>\n<meta property=\"article:modified_time\" content=\"2022-08-13T00:54:27+00:00\" \/>\n<meta property=\"og:image\" content=\"https:\/\/experienciadevida.com.ar\/portalurbano\/wp-content\/uploads\/2022\/08\/Ezequiel-Galli-encabezo-firmas.jpg\" \/>\n\t<meta property=\"og:image:width\" content=\"2560\" \/>\n\t<meta property=\"og:image:height\" content=\"1711\" \/>\n\t<meta property=\"og:image:type\" content=\"image\/jpeg\" \/>\n<meta name=\"author\" content=\"admpu17wp\" \/>\n<meta name=\"twitter:card\" content=\"summary_large_image\" \/>\n<meta name=\"twitter:creator\" content=\"@portalurbanook\" \/>\n<meta name=\"twitter:site\" content=\"@portalurbanook\" \/>\n<meta name=\"twitter:label1\" content=\"Escrito por\" \/>\n\t<meta name=\"twitter:data1\" content=\"admpu17wp\" \/>\n\t<meta name=\"twitter:label2\" content=\"Tiempo de lectura\" \/>\n\t<meta name=\"twitter:data2\" content=\"4 minutos\" \/>\n<script type=\"application\/ld+json\" class=\"yoast-schema-graph\">{\"@context\":\"https:\/\/schema.org\",\"@graph\":[{\"@type\":\"Article\",\"@id\":\"https:\/\/experienciadevida.com.ar\/portalurbano\/ezequiel-galli-encabezo-firmas-de-convenios-de-cooperacion-entre-municipio-y-unicen\/#article\",\"isPartOf\":{\"@id\":\"https:\/\/experienciadevida.com.ar\/portalurbano\/ezequiel-galli-encabezo-firmas-de-convenios-de-cooperacion-entre-municipio-y-unicen\/\"},\"author\":{\"name\":\"admpu17wp\",\"@id\":\"https:\/\/experienciadevida.com.ar\/portalurbano\/#\/schema\/person\/02dd326b1c4b056e9cc972486934a3a7\"},\"headline\":\"Ezequiel Galli encabez\u00f3 firmas de convenios de cooperaci\u00f3n entre Municipio y UNICEN\",\"datePublished\":\"2022-08-13T00:50:57+00:00\",\"dateModified\":\"2022-08-13T00:54:27+00:00\",\"mainEntityOfPage\":{\"@id\":\"https:\/\/experienciadevida.com.ar\/portalurbano\/ezequiel-galli-encabezo-firmas-de-convenios-de-cooperacion-entre-municipio-y-unicen\/\"},\"wordCount\":817,\"publisher\":{\"@id\":\"https:\/\/experienciadevida.com.ar\/portalurbano\/#organization\"},\"articleSection\":[\"Ciudad\",\"Destacadas\"],\"inLanguage\":\"es\"},{\"@type\":\"WebPage\",\"@id\":\"https:\/\/experienciadevida.com.ar\/portalurbano\/ezequiel-galli-encabezo-firmas-de-convenios-de-cooperacion-entre-municipio-y-unicen\/\",\"url\":\"https:\/\/experienciadevida.com.ar\/portalurbano\/ezequiel-galli-encabezo-firmas-de-convenios-de-cooperacion-entre-municipio-y-unicen\/\",\"name\":\"Ezequiel Galli encabez\u00f3 firmas de convenios de cooperaci\u00f3n\",\"isPartOf\":{\"@id\":\"https:\/\/experienciadevida.com.ar\/portalurbano\/#website\"},\"datePublished\":\"2022-08-13T00:50:57+00:00\",\"dateModified\":\"2022-08-13T00:54:27+00:00\",\"description\":\"Ezequiel Galli encabez\u00f3 firmas de convenios de cooperaci\u00f3n entre Municipio y UNICEN, bajo la premisa de fortalecer instancias\",\"breadcrumb\":{\"@id\":\"https:\/\/experienciadevida.com.ar\/portalurbano\/ezequiel-galli-encabezo-firmas-de-convenios-de-cooperacion-entre-municipio-y-unicen\/#breadcrumb\"},\"inLanguage\":\"es\",\"potentialAction\":[{\"@type\":\"ReadAction\",\"target\":[\"https:\/\/experienciadevida.com.ar\/portalurbano\/ezequiel-galli-encabezo-firmas-de-convenios-de-cooperacion-entre-municipio-y-unicen\/\"]}]},{\"@type\":\"BreadcrumbList\",\"@id\":\"https:\/\/experienciadevida.com.ar\/portalurbano\/ezequiel-galli-encabezo-firmas-de-convenios-de-cooperacion-entre-municipio-y-unicen\/#breadcrumb\",\"itemListElement\":[{\"@type\":\"ListItem\",\"position\":1,\"name\":\"Portada\",\"item\":\"https:\/\/experienciadevida.com.ar\/portalurbano\/\"},{\"@type\":\"ListItem\",\"position\":2,\"name\":\"Ezequiel Galli encabez\u00f3 firmas de convenios de cooperaci\u00f3n entre Municipio y UNICEN\"}]},{\"@type\":\"WebSite\",\"@id\":\"https:\/\/experienciadevida.com.ar\/portalurbano\/#website\",\"url\":\"https:\/\/experienciadevida.com.ar\/portalurbano\/\",\"name\":\"\",\"description\":\"\",\"publisher\":{\"@id\":\"https:\/\/experienciadevida.com.ar\/portalurbano\/#organization\"},\"potentialAction\":[{\"@type\":\"SearchAction\",\"target\":{\"@type\":\"EntryPoint\",\"urlTemplate\":\"https:\/\/experienciadevida.com.ar\/portalurbano\/?s={search_term_string}\"},\"query-input\":\"required name=search_term_string\"}],\"inLanguage\":\"es\"},{\"@type\":\"Organization\",\"@id\":\"https:\/\/experienciadevida.com.ar\/portalurbano\/#organization\",\"name\":\"Portal Urbano\",\"url\":\"https:\/\/experienciadevida.com.ar\/portalurbano\/\",\"logo\":{\"@type\":\"ImageObject\",\"inLanguage\":\"es\",\"@id\":\"https:\/\/experienciadevida.com.ar\/portalurbano\/#\/schema\/logo\/image\/\",\"url\":\"https:\/\/experienciadevida.com.ar\/portalurbano\/wp-content\/uploads\/2019\/09\/Logo-Original.png\",\"contentUrl\":\"https:\/\/experienciadevida.com.ar\/portalurbano\/wp-content\/uploads\/2019\/09\/Logo-Original.png\",\"width\":2236,\"height\":1216,\"caption\":\"Portal Urbano\"},\"image\":{\"@id\":\"https:\/\/experienciadevida.com.ar\/portalurbano\/#\/schema\/logo\/image\/\"},\"sameAs\":[\"https:\/\/www.facebook.com\/Portal-Urbano-171542830093757\/\",\"https:\/\/twitter.com\/portalurbanook\",\"https:\/\/www.instagram.com\/_portalurbano\/\",\"https:\/\/www.youtube.com\/channel\/UCXhagIfszH8KxFiOok79zbA?view_as=subscriber\"]},{\"@type\":\"Person\",\"@id\":\"https:\/\/experienciadevida.com.ar\/portalurbano\/#\/schema\/person\/02dd326b1c4b056e9cc972486934a3a7\",\"name\":\"admpu17wp\",\"image\":{\"@type\":\"ImageObject\",\"inLanguage\":\"es\",\"@id\":\"https:\/\/experienciadevida.com.ar\/portalurbano\/#\/schema\/person\/image\/\",\"url\":\"https:\/\/secure.gravatar.com\/avatar\/830d4c57adaae6630765e449a6908047?s=96&d=mm&r=g\",\"contentUrl\":\"https:\/\/secure.gravatar.com\/avatar\/830d4c57adaae6630765e449a6908047?s=96&d=mm&r=g\",\"caption\":\"admpu17wp\"}}]}<\/script>\n<!-- \/ Yoast SEO plugin. -->","yoast_head_json":{"title":"Ezequiel Galli encabez\u00f3 firmas de convenios de cooperaci\u00f3n","description":"Ezequiel Galli encabez\u00f3 firmas de convenios de cooperaci\u00f3n entre Municipio y UNICEN, bajo la premisa de fortalecer instancias","robots":{"index":"index","follow":"follow","max-snippet":"max-snippet:-1","max-image-preview":"max-image-preview:large","max-video-preview":"max-video-preview:-1"},"canonical":"https:\/\/experienciadevida.com.ar\/portalurbano\/ezequiel-galli-encabezo-firmas-de-convenios-de-cooperacion-entre-municipio-y-unicen\/","og_locale":"es_ES","og_type":"article","og_title":"Ezequiel Galli encabez\u00f3 firmas de convenios de cooperaci\u00f3n","og_description":"Ezequiel Galli encabez\u00f3 firmas de convenios de cooperaci\u00f3n entre Municipio y UNICEN, bajo la premisa de fortalecer instancias","og_url":"https:\/\/experienciadevida.com.ar\/portalurbano\/ezequiel-galli-encabezo-firmas-de-convenios-de-cooperacion-entre-municipio-y-unicen\/","article_publisher":"https:\/\/www.facebook.com\/Portal-Urbano-171542830093757\/","article_published_time":"2022-08-13T00:50:57+00:00","article_modified_time":"2022-08-13T00:54:27+00:00","og_image":[{"width":2560,"height":1711,"url":"https:\/\/experienciadevida.com.ar\/portalurbano\/wp-content\/uploads\/2022\/08\/Ezequiel-Galli-encabezo-firmas.jpg","type":"image\/jpeg"}],"author":"admpu17wp","twitter_card":"summary_large_image","twitter_creator":"@portalurbanook","twitter_site":"@portalurbanook","twitter_misc":{"Escrito por":"admpu17wp","Tiempo de lectura":"4 minutos"},"schema":{"@context":"https:\/\/schema.org","@graph":[{"@type":"Article","@id":"https:\/\/experienciadevida.com.ar\/portalurbano\/ezequiel-galli-encabezo-firmas-de-convenios-de-cooperacion-entre-municipio-y-unicen\/#article","isPartOf":{"@id":"https:\/\/experienciadevida.com.ar\/portalurbano\/ezequiel-galli-encabezo-firmas-de-convenios-de-cooperacion-entre-municipio-y-unicen\/"},"author":{"name":"admpu17wp","@id":"https:\/\/experienciadevida.com.ar\/portalurbano\/#\/schema\/person\/02dd326b1c4b056e9cc972486934a3a7"},"headline":"Ezequiel Galli encabez\u00f3 firmas de convenios de cooperaci\u00f3n entre Municipio y UNICEN","datePublished":"2022-08-13T00:50:57+00:00","dateModified":"2022-08-13T00:54:27+00:00","mainEntityOfPage":{"@id":"https:\/\/experienciadevida.com.ar\/portalurbano\/ezequiel-galli-encabezo-firmas-de-convenios-de-cooperacion-entre-municipio-y-unicen\/"},"wordCount":817,"publisher":{"@id":"https:\/\/experienciadevida.com.ar\/portalurbano\/#organization"},"articleSection":["Ciudad","Destacadas"],"inLanguage":"es"},{"@type":"WebPage","@id":"https:\/\/experienciadevida.com.ar\/portalurbano\/ezequiel-galli-encabezo-firmas-de-convenios-de-cooperacion-entre-municipio-y-unicen\/","url":"https:\/\/experienciadevida.com.ar\/portalurbano\/ezequiel-galli-encabezo-firmas-de-convenios-de-cooperacion-entre-municipio-y-unicen\/","name":"Ezequiel Galli encabez\u00f3 firmas de convenios de cooperaci\u00f3n","isPartOf":{"@id":"https:\/\/experienciadevida.com.ar\/portalurbano\/#website"},"datePublished":"2022-08-13T00:50:57+00:00","dateModified":"2022-08-13T00:54:27+00:00","description":"Ezequiel Galli encabez\u00f3 firmas de convenios de cooperaci\u00f3n entre Municipio y UNICEN, bajo la premisa de fortalecer instancias","breadcrumb":{"@id":"https:\/\/experienciadevida.com.ar\/portalurbano\/ezequiel-galli-encabezo-firmas-de-convenios-de-cooperacion-entre-municipio-y-unicen\/#breadcrumb"},"inLanguage":"es","potentialAction":[{"@type":"ReadAction","target":["https:\/\/experienciadevida.com.ar\/portalurbano\/ezequiel-galli-encabezo-firmas-de-convenios-de-cooperacion-entre-municipio-y-unicen\/"]}]},{"@type":"BreadcrumbList","@id":"https:\/\/experienciadevida.com.ar\/portalurbano\/ezequiel-galli-encabezo-firmas-de-convenios-de-cooperacion-entre-municipio-y-unicen\/#breadcrumb","itemListElement":[{"@type":"ListItem","position":1,"name":"Portada","item":"https:\/\/experienciadevida.com.ar\/portalurbano\/"},{"@type":"ListItem","position":2,"name":"Ezequiel Galli encabez\u00f3 firmas de convenios de cooperaci\u00f3n entre Municipio y UNICEN"}]},{"@type":"WebSite","@id":"https:\/\/experienciadevida.com.ar\/portalurbano\/#website","url":"https:\/\/experienciadevida.com.ar\/portalurbano\/","name":"","description":"","publisher":{"@id":"https:\/\/experienciadevida.com.ar\/portalurbano\/#organization"},"potentialAction":[{"@type":"SearchAction","target":{"@type":"EntryPoint","urlTemplate":"https:\/\/experienciadevida.com.ar\/portalurbano\/?s={search_term_string}"},"query-input":"required name=search_term_string"}],"inLanguage":"es"},{"@type":"Organization","@id":"https:\/\/experienciadevida.com.ar\/portalurbano\/#organization","name":"Portal Urbano","url":"https:\/\/experienciadevida.com.ar\/portalurbano\/","logo":{"@type":"ImageObject","inLanguage":"es","@id":"https:\/\/experienciadevida.com.ar\/portalurbano\/#\/schema\/logo\/image\/","url":"https:\/\/experienciadevida.com.ar\/portalurbano\/wp-content\/uploads\/2019\/09\/Logo-Original.png","contentUrl":"https:\/\/experienciadevida.com.ar\/portalurbano\/wp-content\/uploads\/2019\/09\/Logo-Original.png","width":2236,"height":1216,"caption":"Portal Urbano"},"image":{"@id":"https:\/\/experienciadevida.com.ar\/portalurbano\/#\/schema\/logo\/image\/"},"sameAs":["https:\/\/www.facebook.com\/Portal-Urbano-171542830093757\/","https:\/\/twitter.com\/portalurbanook","https:\/\/www.instagram.com\/_portalurbano\/","https:\/\/www.youtube.com\/channel\/UCXhagIfszH8KxFiOok79zbA?view_as=subscriber"]},{"@type":"Person","@id":"https:\/\/experienciadevida.com.ar\/portalurbano\/#\/schema\/person\/02dd326b1c4b056e9cc972486934a3a7","name":"admpu17wp","image":{"@type":"ImageObject","inLanguage":"es","@id":"https:\/\/experienciadevida.com.ar\/portalurbano\/#\/schema\/person\/image\/","url":"https:\/\/secure.gravatar.com\/avatar\/830d4c57adaae6630765e449a6908047?s=96&d=mm&r=g","contentUrl":"https:\/\/secure.gravatar.com\/avatar\/830d4c57adaae6630765e449a6908047?s=96&d=mm&r=g","caption":"admpu17wp"}}]}},"featured_image_urls":{"full":["https:\/\/experienciadevida.com.ar\/portalurbano\/wp-content\/uploads\/2022\/08\/Ezequiel-Galli-encabezo-firmas.jpg",2560,1711,false],"thumbnail":["https:\/\/experienciadevida.com.ar\/portalurbano\/wp-content\/uploads\/2022\/08\/Ezequiel-Galli-encabezo-firmas-150x150.jpg",150,150,true],"medium":["https:\/\/experienciadevida.com.ar\/portalurbano\/wp-content\/uploads\/2022\/08\/Ezequiel-Galli-encabezo-firmas-300x201.jpg",300,201,true],"medium_large":["https:\/\/experienciadevida.com.ar\/portalurbano\/wp-content\/uploads\/2022\/08\/Ezequiel-Galli-encabezo-firmas-768x513.jpg",640,428,true],"large":["https:\/\/experienciadevida.com.ar\/portalurbano\/wp-content\/uploads\/2022\/08\/Ezequiel-Galli-encabezo-firmas-1024x684.jpg",640,428,true],"ug_big":["https:\/\/experienciadevida.com.ar\/portalurbano\/wp-content\/uploads\/2022\/08\/Ezequiel-Galli-encabezo-firmas-768x513.jpg",768,513,true],"1536x1536":["https:\/\/experienciadevida.com.ar\/portalurbano\/wp-content\/uploads\/2022\/08\/Ezequiel-Galli-encabezo-firmas-1536x1027.jpg",1536,1027,true],"2048x2048":["https:\/\/experienciadevida.com.ar\/portalurbano\/wp-content\/uploads\/2022\/08\/Ezequiel-Galli-encabezo-firmas-2048x1369.jpg",2048,1369,true],"newsever-slider-full":["https:\/\/experienciadevida.com.ar\/portalurbano\/wp-content\/uploads\/2022\/08\/Ezequiel-Galli-encabezo-firmas.jpg",1264,845,false],"newsever-featured":["https:\/\/experienciadevida.com.ar\/portalurbano\/wp-content\/uploads\/2022\/08\/Ezequiel-Galli-encabezo-firmas.jpg",1024,684,false],"newsever-medium":["https:\/\/experienciadevida.com.ar\/portalurbano\/wp-content\/uploads\/2022\/08\/Ezequiel-Galli-encabezo-firmas.jpg",711,475,false],"web-stories-poster-portrait":["https:\/\/experienciadevida.com.ar\/portalurbano\/wp-content\/uploads\/2022\/08\/Ezequiel-Galli-encabezo-firmas-640x853.jpg",640,853,true],"web-stories-publisher-logo":["https:\/\/experienciadevida.com.ar\/portalurbano\/wp-content\/uploads\/2022\/08\/Ezequiel-Galli-encabezo-firmas-96x96.jpg",96,96,true],"web-stories-thumbnail":["https:\/\/experienciadevida.com.ar\/portalurbano\/wp-content\/uploads\/2022\/08\/Ezequiel-Galli-encabezo-firmas-150x100.jpg",150,100,true]},"author_info":{"display_name":"admpu17wp","author_link":"https:\/\/experienciadevida.com.ar\/portalurbano\/author\/admpu17wp\/"},"category_info":"<a href=\"https:\/\/experienciadevida.com.ar\/portalurbano\/category\/ciudad\/\" rel=\"category tag\">Ciudad<\/a> <a href=\"https:\/\/experienciadevida.com.ar\/portalurbano\/category\/destacadas\/\" rel=\"category tag\">Destacadas<\/a>","tag_info":"Destacadas","comment_count":"0","amp_enabled":true,"_links":{"self":[{"href":"https:\/\/experienciadevida.com.ar\/portalurbano\/wp-json\/wp\/v2\/posts\/173157"}],"collection":[{"href":"https:\/\/experienciadevida.com.ar\/portalurbano\/wp-json\/wp\/v2\/posts"}],"about":[{"href":"https:\/\/experienciadevida.com.ar\/portalurbano\/wp-json\/wp\/v2\/types\/post"}],"author":[{"embeddable":true,"href":"https:\/\/experienciadevida.com.ar\/portalurbano\/wp-json\/wp\/v2\/users\/1"}],"replies":[{"embeddable":true,"href":"https:\/\/experienciadevida.com.ar\/portalurbano\/wp-json\/wp\/v2\/comments?post=173157"}],"version-history":[{"count":3,"href":"https:\/\/experienciadevida.com.ar\/portalurbano\/wp-json\/wp\/v2\/posts\/173157\/revisions"}],"predecessor-version":[{"id":173161,"href":"https:\/\/experienciadevida.com.ar\/portalurbano\/wp-json\/wp\/v2\/posts\/173157\/revisions\/173161"}],"wp:featuredmedia":[{"embeddable":true,"href":"https:\/\/experienciadevida.com.ar\/portalurbano\/wp-json\/wp\/v2\/media\/173158"}],"wp:attachment":[{"href":"https:\/\/experienciadevida.com.ar\/portalurbano\/wp-json\/wp\/v2\/media?parent=173157"}],"wp:term":[{"taxonomy":"category","embeddable":true,"href":"https:\/\/experienciadevida.com.ar\/portalurbano\/wp-json\/wp\/v2\/categories?post=173157"},{"taxonomy":"post_tag","embeddable":true,"href":"https:\/\/experienciadevida.com.ar\/portalurbano\/wp-json\/wp\/v2\/tags?post=173157"}],"curies":[{"name":"wp","href":"https:\/\/api.w.org\/{rel}","templated":true}]}}