{"id":173133,"date":"2022-08-12T16:11:03","date_gmt":"2022-08-12T19:11:03","guid":{"rendered":"https:\/\/experienciadevida.com.ar\/portalurbano\/?p=173133"},"modified":"2022-08-12T16:11:52","modified_gmt":"2022-08-12T19:11:52","slug":"abrio-la-inscripcion-a-los-cursos-de-formacion-profesional-de-la-unicen-en-olavarria","status":"publish","type":"post","link":"https:\/\/experienciadevida.com.ar\/portalurbano\/abrio-la-inscripcion-a-los-cursos-de-formacion-profesional-de-la-unicen-en-olavarria\/","title":{"rendered":"Abri\u00f3 la inscripci\u00f3n a los cursos de formaci\u00f3n profesional de la UNICEN en Olavarr\u00eda"},"content":{"rendered":"<p>Abri\u00f3 la inscripci\u00f3n a los cursos de formaci\u00f3n profesional de la <a href=\"https:\/\/www.facebook.com\/facultadcienciassociales.unicen\">UNICEN<\/a> en Olavarr\u00eda, desde este martes se pondr\u00e1n en marcha las actividades de formaci\u00f3n profesional que comenzar\u00e1 a dictar la Universidad Nacional del Centro de la Provincia en Olavarr\u00eda, en el marco del programa \u201cEscuelas de Formaci\u00f3n Profesional\u201d.<\/p>\n<p>La propuesta se elabor\u00f3 en funci\u00f3n de la demandas relevadas en el trabajo en conjunto entre la universidad con instituciones de la producci\u00f3n y la educaci\u00f3n a nivel local. En Olavarr\u00eda comenzar\u00e1n a dictarse una variedad de cursos gratuitos, que apuntan a las distintas \u00e1reas del desarrollo productivo local y regional. Estas ofertas funcionar\u00e1n en distintas sedes educativas y de unidades productivas con las que la UNICEN articula la implementaci\u00f3n del programa.<\/p>\n<p>Las actividades de formaci\u00f3n profesional son desarrolladas por la Universidad en la Sede de Tandil desde hace a\u00f1os en el centro de oficios y artes de la Universidad Barrial de la UNICEN, y a partir de este a\u00f1o se ofrecer\u00e1n en la ciudad de Olavarr\u00eda. Se trata de un programa de la Secretar\u00eda de Pol\u00edticas Universitarias del Ministerio de Educaci\u00f3n de la Naci\u00f3n, por el cual la UNICEN accedi\u00f3 a financiamiento para reforzar las actividades de capacitaci\u00f3n laboral en las sedes de Olavarr\u00eda y Azul.<\/p>\n<p>Para este cuatrimestre se desarrollar\u00e1n tanto propuestas de cursos abiertas a la comunidad en general como tambi\u00e9n ofertas de capacitaci\u00f3n para unidades productivas que ya vienen funcionando de manera colectiva. Entre las propuestas de capacitaci\u00f3n que est\u00e1n planificadas para desarrollarse entre este a\u00f1o y el pr\u00f3ximo, se encuentran: automatizaci\u00f3n; construcci\u00f3n en durlock; herramientas online para emprendedores; serigraf\u00eda; huerta org\u00e1nica; panificados y pastas; taller textil; manipulaci\u00f3n de alimentos; fotograf\u00eda, edici\u00f3n y comunicaci\u00f3n visual; compostaje y econom\u00eda circular; dise\u00f1o en Autocad; inocuidad; conservas saludables; entre otras propuestas.<\/p>\n<p>Cursos<\/p>\n<p>La inscripci\u00f3n se encuentra abierta en el Centro Cultural Universitario para los siguientes cursos:<\/p>\n<p>-Automatizaci\u00f3n: Viernes de 18 a 22 hs. Escuela T\u00e9cnica 1. Empieza 19 de agosto.<\/p>\n<p>-Construcci\u00f3n en Durlock: Martes y jueves de 20 a 22 hs. Centro Cultural Universitario. Empieza el 16 de agosto.<\/p>\n<p>-Dise\u00f1o en 2D Autocad: Viernes de 9 a 10:30 hs. Modalidad virtual. Comienza 19 de agosto.<\/p>\n<p>-Serigraf\u00eda. Martes de 8 a 12 hs. Centro de Formaci\u00f3n Integral. Coronel Su\u00e1rez 3029. Comienza 16 de agosto.<\/p>\n<p>-Fotograf\u00eda, edici\u00f3n y comunicaci\u00f3n visual. Viernes de 9 a 13 hs. Ateneo N\u00e9stor Kirchner (Pringles 3968). Comienza el 19 de agosto.<\/p>\n<p>-Cer\u00e1mica utilitaria: Docente Mauricio Damico. Inicia en septiembre. Lugar y horario a confirmar.<\/p>\n<p>-Inform\u00e1tica inicial y herramientas web para emprendimientos. Inicia en septiembre. Lugar: Centro Cultural Universitario. D\u00eda y horario a confirmar.<\/p>\n<p>Inscripci\u00f3n<\/p>\n<p>Las personas interesadas pueden acercarse al Centro Cultural Universitario, San Mart\u00edn 1955, de 9 a 13, para asesorarse e inscribirse.<\/p>\n<p>Para consultas es posible comunicarse por whatsapp a 2284-514416, v\u00eda correo a formacionprofesional.unicenolav@gmail.com o en redes sociales Formaci\u00f3n Profesional UNICEN.<\/p>\n","protected":false},"excerpt":{"rendered":"<p>Abri\u00f3 la inscripci\u00f3n a los cursos de formaci\u00f3n profesional de la UNICEN en Olavarr\u00eda, desde&#8230;<\/p>\n","protected":false},"author":1,"featured_media":173134,"comment_status":"closed","ping_status":"closed","sticky":false,"template":"","format":"standard","meta":{"content-type":""},"categories":[31],"tags":[],"nelio_content":{"isAutoShareEnabled":false,"autoShareEndMode":"default","automationSources":{"useContentSentences":true,"useSocialTemplates":true,"useCustomSentences":false,"customSentences":[]},"followers":[1],"suggestedReferences":[],"includedReferences":[],"efiUrl":"","efiAlt":"","highlights":[]},"yoast_head":"<!-- This site is optimized with the Yoast SEO plugin v20.7 - https:\/\/yoast.com\/wordpress\/plugins\/seo\/ -->\n<title>Abri\u00f3 la inscripci\u00f3n a los cursos de formaci\u00f3n profesional<\/title>\n<meta name=\"description\" content=\"Abri\u00f3 la inscripci\u00f3n a los cursos de formaci\u00f3n profesional de la UNICEN en Olavarr\u00eda, desde este martes se pondr\u00e1n en marcha las actividades\" \/>\n<meta name=\"robots\" content=\"index, follow, max-snippet:-1, max-image-preview:large, max-video-preview:-1\" \/>\n<link rel=\"canonical\" href=\"https:\/\/experienciadevida.com.ar\/portalurbano\/abrio-la-inscripcion-a-los-cursos-de-formacion-profesional-de-la-unicen-en-olavarria\/\" \/>\n<meta property=\"og:locale\" content=\"es_ES\" \/>\n<meta property=\"og:type\" content=\"article\" \/>\n<meta property=\"og:title\" content=\"Abri\u00f3 la inscripci\u00f3n a los cursos de formaci\u00f3n profesional\" \/>\n<meta property=\"og:description\" content=\"Abri\u00f3 la inscripci\u00f3n a los cursos de formaci\u00f3n profesional de la UNICEN en Olavarr\u00eda, desde este martes se pondr\u00e1n en marcha las actividades\" \/>\n<meta property=\"og:url\" content=\"https:\/\/experienciadevida.com.ar\/portalurbano\/abrio-la-inscripcion-a-los-cursos-de-formacion-profesional-de-la-unicen-en-olavarria\/\" \/>\n<meta property=\"article:publisher\" content=\"https:\/\/www.facebook.com\/Portal-Urbano-171542830093757\/\" \/>\n<meta property=\"article:published_time\" content=\"2022-08-12T19:11:03+00:00\" \/>\n<meta property=\"article:modified_time\" content=\"2022-08-12T19:11:52+00:00\" \/>\n<meta property=\"og:image\" content=\"https:\/\/experienciadevida.com.ar\/portalurbano\/wp-content\/uploads\/2022\/08\/Abrio-la-inscripcion-a.png\" \/>\n\t<meta property=\"og:image:width\" content=\"833\" \/>\n\t<meta property=\"og:image:height\" content=\"833\" \/>\n\t<meta property=\"og:image:type\" content=\"image\/png\" \/>\n<meta name=\"author\" content=\"admpu17wp\" \/>\n<meta name=\"twitter:card\" content=\"summary_large_image\" \/>\n<meta name=\"twitter:creator\" content=\"@portalurbanook\" \/>\n<meta name=\"twitter:site\" content=\"@portalurbanook\" \/>\n<meta name=\"twitter:label1\" content=\"Escrito por\" \/>\n\t<meta name=\"twitter:data1\" content=\"admpu17wp\" \/>\n\t<meta name=\"twitter:label2\" content=\"Tiempo de lectura\" \/>\n\t<meta name=\"twitter:data2\" content=\"3 minutos\" \/>\n<script type=\"application\/ld+json\" class=\"yoast-schema-graph\">{\"@context\":\"https:\/\/schema.org\",\"@graph\":[{\"@type\":\"Article\",\"@id\":\"https:\/\/experienciadevida.com.ar\/portalurbano\/abrio-la-inscripcion-a-los-cursos-de-formacion-profesional-de-la-unicen-en-olavarria\/#article\",\"isPartOf\":{\"@id\":\"https:\/\/experienciadevida.com.ar\/portalurbano\/abrio-la-inscripcion-a-los-cursos-de-formacion-profesional-de-la-unicen-en-olavarria\/\"},\"author\":{\"name\":\"admpu17wp\",\"@id\":\"https:\/\/experienciadevida.com.ar\/portalurbano\/#\/schema\/person\/02dd326b1c4b056e9cc972486934a3a7\"},\"headline\":\"Abri\u00f3 la inscripci\u00f3n a los cursos de formaci\u00f3n profesional de la UNICEN en Olavarr\u00eda\",\"datePublished\":\"2022-08-12T19:11:03+00:00\",\"dateModified\":\"2022-08-12T19:11:52+00:00\",\"mainEntityOfPage\":{\"@id\":\"https:\/\/experienciadevida.com.ar\/portalurbano\/abrio-la-inscripcion-a-los-cursos-de-formacion-profesional-de-la-unicen-en-olavarria\/\"},\"wordCount\":527,\"publisher\":{\"@id\":\"https:\/\/experienciadevida.com.ar\/portalurbano\/#organization\"},\"articleSection\":[\"Educaci\u00f3n\"],\"inLanguage\":\"es\"},{\"@type\":\"WebPage\",\"@id\":\"https:\/\/experienciadevida.com.ar\/portalurbano\/abrio-la-inscripcion-a-los-cursos-de-formacion-profesional-de-la-unicen-en-olavarria\/\",\"url\":\"https:\/\/experienciadevida.com.ar\/portalurbano\/abrio-la-inscripcion-a-los-cursos-de-formacion-profesional-de-la-unicen-en-olavarria\/\",\"name\":\"Abri\u00f3 la inscripci\u00f3n a los cursos de formaci\u00f3n profesional\",\"isPartOf\":{\"@id\":\"https:\/\/experienciadevida.com.ar\/portalurbano\/#website\"},\"datePublished\":\"2022-08-12T19:11:03+00:00\",\"dateModified\":\"2022-08-12T19:11:52+00:00\",\"description\":\"Abri\u00f3 la inscripci\u00f3n a los cursos de formaci\u00f3n profesional de la UNICEN en Olavarr\u00eda, desde este martes se pondr\u00e1n en marcha las actividades\",\"breadcrumb\":{\"@id\":\"https:\/\/experienciadevida.com.ar\/portalurbano\/abrio-la-inscripcion-a-los-cursos-de-formacion-profesional-de-la-unicen-en-olavarria\/#breadcrumb\"},\"inLanguage\":\"es\",\"potentialAction\":[{\"@type\":\"ReadAction\",\"target\":[\"https:\/\/experienciadevida.com.ar\/portalurbano\/abrio-la-inscripcion-a-los-cursos-de-formacion-profesional-de-la-unicen-en-olavarria\/\"]}]},{\"@type\":\"BreadcrumbList\",\"@id\":\"https:\/\/experienciadevida.com.ar\/portalurbano\/abrio-la-inscripcion-a-los-cursos-de-formacion-profesional-de-la-unicen-en-olavarria\/#breadcrumb\",\"itemListElement\":[{\"@type\":\"ListItem\",\"position\":1,\"name\":\"Portada\",\"item\":\"https:\/\/experienciadevida.com.ar\/portalurbano\/\"},{\"@type\":\"ListItem\",\"position\":2,\"name\":\"Abri\u00f3 la inscripci\u00f3n a los cursos de formaci\u00f3n profesional de la UNICEN en Olavarr\u00eda\"}]},{\"@type\":\"WebSite\",\"@id\":\"https:\/\/experienciadevida.com.ar\/portalurbano\/#website\",\"url\":\"https:\/\/experienciadevida.com.ar\/portalurbano\/\",\"name\":\"\",\"description\":\"\",\"publisher\":{\"@id\":\"https:\/\/experienciadevida.com.ar\/portalurbano\/#organization\"},\"potentialAction\":[{\"@type\":\"SearchAction\",\"target\":{\"@type\":\"EntryPoint\",\"urlTemplate\":\"https:\/\/experienciadevida.com.ar\/portalurbano\/?s={search_term_string}\"},\"query-input\":\"required name=search_term_string\"}],\"inLanguage\":\"es\"},{\"@type\":\"Organization\",\"@id\":\"https:\/\/experienciadevida.com.ar\/portalurbano\/#organization\",\"name\":\"Portal Urbano\",\"url\":\"https:\/\/experienciadevida.com.ar\/portalurbano\/\",\"logo\":{\"@type\":\"ImageObject\",\"inLanguage\":\"es\",\"@id\":\"https:\/\/experienciadevida.com.ar\/portalurbano\/#\/schema\/logo\/image\/\",\"url\":\"https:\/\/experienciadevida.com.ar\/portalurbano\/wp-content\/uploads\/2019\/09\/Logo-Original.png\",\"contentUrl\":\"https:\/\/experienciadevida.com.ar\/portalurbano\/wp-content\/uploads\/2019\/09\/Logo-Original.png\",\"width\":2236,\"height\":1216,\"caption\":\"Portal Urbano\"},\"image\":{\"@id\":\"https:\/\/experienciadevida.com.ar\/portalurbano\/#\/schema\/logo\/image\/\"},\"sameAs\":[\"https:\/\/www.facebook.com\/Portal-Urbano-171542830093757\/\",\"https:\/\/twitter.com\/portalurbanook\",\"https:\/\/www.instagram.com\/_portalurbano\/\",\"https:\/\/www.youtube.com\/channel\/UCXhagIfszH8KxFiOok79zbA?view_as=subscriber\"]},{\"@type\":\"Person\",\"@id\":\"https:\/\/experienciadevida.com.ar\/portalurbano\/#\/schema\/person\/02dd326b1c4b056e9cc972486934a3a7\",\"name\":\"admpu17wp\",\"image\":{\"@type\":\"ImageObject\",\"inLanguage\":\"es\",\"@id\":\"https:\/\/experienciadevida.com.ar\/portalurbano\/#\/schema\/person\/image\/\",\"url\":\"https:\/\/secure.gravatar.com\/avatar\/830d4c57adaae6630765e449a6908047?s=96&d=mm&r=g\",\"contentUrl\":\"https:\/\/secure.gravatar.com\/avatar\/830d4c57adaae6630765e449a6908047?s=96&d=mm&r=g\",\"caption\":\"admpu17wp\"}}]}<\/script>\n<!-- \/ Yoast SEO plugin. -->","yoast_head_json":{"title":"Abri\u00f3 la inscripci\u00f3n a los cursos de formaci\u00f3n profesional","description":"Abri\u00f3 la inscripci\u00f3n a los cursos de formaci\u00f3n profesional de la UNICEN en Olavarr\u00eda, desde este martes se pondr\u00e1n en marcha las actividades","robots":{"index":"index","follow":"follow","max-snippet":"max-snippet:-1","max-image-preview":"max-image-preview:large","max-video-preview":"max-video-preview:-1"},"canonical":"https:\/\/experienciadevida.com.ar\/portalurbano\/abrio-la-inscripcion-a-los-cursos-de-formacion-profesional-de-la-unicen-en-olavarria\/","og_locale":"es_ES","og_type":"article","og_title":"Abri\u00f3 la inscripci\u00f3n a los cursos de formaci\u00f3n profesional","og_description":"Abri\u00f3 la inscripci\u00f3n a los cursos de formaci\u00f3n profesional de la UNICEN en Olavarr\u00eda, desde este martes se pondr\u00e1n en marcha las actividades","og_url":"https:\/\/experienciadevida.com.ar\/portalurbano\/abrio-la-inscripcion-a-los-cursos-de-formacion-profesional-de-la-unicen-en-olavarria\/","article_publisher":"https:\/\/www.facebook.com\/Portal-Urbano-171542830093757\/","article_published_time":"2022-08-12T19:11:03+00:00","article_modified_time":"2022-08-12T19:11:52+00:00","og_image":[{"width":833,"height":833,"url":"https:\/\/experienciadevida.com.ar\/portalurbano\/wp-content\/uploads\/2022\/08\/Abrio-la-inscripcion-a.png","type":"image\/png"}],"author":"admpu17wp","twitter_card":"summary_large_image","twitter_creator":"@portalurbanook","twitter_site":"@portalurbanook","twitter_misc":{"Escrito por":"admpu17wp","Tiempo de lectura":"3 minutos"},"schema":{"@context":"https:\/\/schema.org","@graph":[{"@type":"Article","@id":"https:\/\/experienciadevida.com.ar\/portalurbano\/abrio-la-inscripcion-a-los-cursos-de-formacion-profesional-de-la-unicen-en-olavarria\/#article","isPartOf":{"@id":"https:\/\/experienciadevida.com.ar\/portalurbano\/abrio-la-inscripcion-a-los-cursos-de-formacion-profesional-de-la-unicen-en-olavarria\/"},"author":{"name":"admpu17wp","@id":"https:\/\/experienciadevida.com.ar\/portalurbano\/#\/schema\/person\/02dd326b1c4b056e9cc972486934a3a7"},"headline":"Abri\u00f3 la inscripci\u00f3n a los cursos de formaci\u00f3n profesional de la UNICEN en Olavarr\u00eda","datePublished":"2022-08-12T19:11:03+00:00","dateModified":"2022-08-12T19:11:52+00:00","mainEntityOfPage":{"@id":"https:\/\/experienciadevida.com.ar\/portalurbano\/abrio-la-inscripcion-a-los-cursos-de-formacion-profesional-de-la-unicen-en-olavarria\/"},"wordCount":527,"publisher":{"@id":"https:\/\/experienciadevida.com.ar\/portalurbano\/#organization"},"articleSection":["Educaci\u00f3n"],"inLanguage":"es"},{"@type":"WebPage","@id":"https:\/\/experienciadevida.com.ar\/portalurbano\/abrio-la-inscripcion-a-los-cursos-de-formacion-profesional-de-la-unicen-en-olavarria\/","url":"https:\/\/experienciadevida.com.ar\/portalurbano\/abrio-la-inscripcion-a-los-cursos-de-formacion-profesional-de-la-unicen-en-olavarria\/","name":"Abri\u00f3 la inscripci\u00f3n a los cursos de formaci\u00f3n profesional","isPartOf":{"@id":"https:\/\/experienciadevida.com.ar\/portalurbano\/#website"},"datePublished":"2022-08-12T19:11:03+00:00","dateModified":"2022-08-12T19:11:52+00:00","description":"Abri\u00f3 la inscripci\u00f3n a los cursos de formaci\u00f3n profesional de la UNICEN en Olavarr\u00eda, desde este martes se pondr\u00e1n en marcha las actividades","breadcrumb":{"@id":"https:\/\/experienciadevida.com.ar\/portalurbano\/abrio-la-inscripcion-a-los-cursos-de-formacion-profesional-de-la-unicen-en-olavarria\/#breadcrumb"},"inLanguage":"es","potentialAction":[{"@type":"ReadAction","target":["https:\/\/experienciadevida.com.ar\/portalurbano\/abrio-la-inscripcion-a-los-cursos-de-formacion-profesional-de-la-unicen-en-olavarria\/"]}]},{"@type":"BreadcrumbList","@id":"https:\/\/experienciadevida.com.ar\/portalurbano\/abrio-la-inscripcion-a-los-cursos-de-formacion-profesional-de-la-unicen-en-olavarria\/#breadcrumb","itemListElement":[{"@type":"ListItem","position":1,"name":"Portada","item":"https:\/\/experienciadevida.com.ar\/portalurbano\/"},{"@type":"ListItem","position":2,"name":"Abri\u00f3 la inscripci\u00f3n a los cursos de formaci\u00f3n profesional de la UNICEN en Olavarr\u00eda"}]},{"@type":"WebSite","@id":"https:\/\/experienciadevida.com.ar\/portalurbano\/#website","url":"https:\/\/experienciadevida.com.ar\/portalurbano\/","name":"","description":"","publisher":{"@id":"https:\/\/experienciadevida.com.ar\/portalurbano\/#organization"},"potentialAction":[{"@type":"SearchAction","target":{"@type":"EntryPoint","urlTemplate":"https:\/\/experienciadevida.com.ar\/portalurbano\/?s={search_term_string}"},"query-input":"required name=search_term_string"}],"inLanguage":"es"},{"@type":"Organization","@id":"https:\/\/experienciadevida.com.ar\/portalurbano\/#organization","name":"Portal Urbano","url":"https:\/\/experienciadevida.com.ar\/portalurbano\/","logo":{"@type":"ImageObject","inLanguage":"es","@id":"https:\/\/experienciadevida.com.ar\/portalurbano\/#\/schema\/logo\/image\/","url":"https:\/\/experienciadevida.com.ar\/portalurbano\/wp-content\/uploads\/2019\/09\/Logo-Original.png","contentUrl":"https:\/\/experienciadevida.com.ar\/portalurbano\/wp-content\/uploads\/2019\/09\/Logo-Original.png","width":2236,"height":1216,"caption":"Portal Urbano"},"image":{"@id":"https:\/\/experienciadevida.com.ar\/portalurbano\/#\/schema\/logo\/image\/"},"sameAs":["https:\/\/www.facebook.com\/Portal-Urbano-171542830093757\/","https:\/\/twitter.com\/portalurbanook","https:\/\/www.instagram.com\/_portalurbano\/","https:\/\/www.youtube.com\/channel\/UCXhagIfszH8KxFiOok79zbA?view_as=subscriber"]},{"@type":"Person","@id":"https:\/\/experienciadevida.com.ar\/portalurbano\/#\/schema\/person\/02dd326b1c4b056e9cc972486934a3a7","name":"admpu17wp","image":{"@type":"ImageObject","inLanguage":"es","@id":"https:\/\/experienciadevida.com.ar\/portalurbano\/#\/schema\/person\/image\/","url":"https:\/\/secure.gravatar.com\/avatar\/830d4c57adaae6630765e449a6908047?s=96&d=mm&r=g","contentUrl":"https:\/\/secure.gravatar.com\/avatar\/830d4c57adaae6630765e449a6908047?s=96&d=mm&r=g","caption":"admpu17wp"}}]}},"featured_image_urls":{"full":["https:\/\/experienciadevida.com.ar\/portalurbano\/wp-content\/uploads\/2022\/08\/Abrio-la-inscripcion-a.png",833,833,false],"thumbnail":["https:\/\/experienciadevida.com.ar\/portalurbano\/wp-content\/uploads\/2022\/08\/Abrio-la-inscripcion-a-150x150.png",150,150,true],"medium":["https:\/\/experienciadevida.com.ar\/portalurbano\/wp-content\/uploads\/2022\/08\/Abrio-la-inscripcion-a-300x300.png",300,300,true],"medium_large":["https:\/\/experienciadevida.com.ar\/portalurbano\/wp-content\/uploads\/2022\/08\/Abrio-la-inscripcion-a-768x768.png",640,640,true],"large":["https:\/\/experienciadevida.com.ar\/portalurbano\/wp-content\/uploads\/2022\/08\/Abrio-la-inscripcion-a.png",640,640,false],"ug_big":["https:\/\/experienciadevida.com.ar\/portalurbano\/wp-content\/uploads\/2022\/08\/Abrio-la-inscripcion-a-768x768.png",768,768,true],"1536x1536":["https:\/\/experienciadevida.com.ar\/portalurbano\/wp-content\/uploads\/2022\/08\/Abrio-la-inscripcion-a.png",833,833,false],"2048x2048":["https:\/\/experienciadevida.com.ar\/portalurbano\/wp-content\/uploads\/2022\/08\/Abrio-la-inscripcion-a.png",833,833,false],"newsever-slider-full":["https:\/\/experienciadevida.com.ar\/portalurbano\/wp-content\/uploads\/2022\/08\/Abrio-la-inscripcion-a.png",833,833,false],"newsever-featured":["https:\/\/experienciadevida.com.ar\/portalurbano\/wp-content\/uploads\/2022\/08\/Abrio-la-inscripcion-a.png",833,833,false],"newsever-medium":["https:\/\/experienciadevida.com.ar\/portalurbano\/wp-content\/uploads\/2022\/08\/Abrio-la-inscripcion-a.png",475,475,false],"web-stories-poster-portrait":["https:\/\/experienciadevida.com.ar\/portalurbano\/wp-content\/uploads\/2022\/08\/Abrio-la-inscripcion-a-640x833.png",640,833,true],"web-stories-publisher-logo":["https:\/\/experienciadevida.com.ar\/portalurbano\/wp-content\/uploads\/2022\/08\/Abrio-la-inscripcion-a-96x96.png",96,96,true],"web-stories-thumbnail":["https:\/\/experienciadevida.com.ar\/portalurbano\/wp-content\/uploads\/2022\/08\/Abrio-la-inscripcion-a-150x150.png",150,150,true]},"author_info":{"display_name":"admpu17wp","author_link":"https:\/\/experienciadevida.com.ar\/portalurbano\/author\/admpu17wp\/"},"category_info":"<a href=\"https:\/\/experienciadevida.com.ar\/portalurbano\/category\/ciudad\/educacion\/\" rel=\"category tag\">Educaci\u00f3n<\/a>","tag_info":"Educaci\u00f3n","comment_count":"0","amp_enabled":true,"_links":{"self":[{"href":"https:\/\/experienciadevida.com.ar\/portalurbano\/wp-json\/wp\/v2\/posts\/173133"}],"collection":[{"href":"https:\/\/experienciadevida.com.ar\/portalurbano\/wp-json\/wp\/v2\/posts"}],"about":[{"href":"https:\/\/experienciadevida.com.ar\/portalurbano\/wp-json\/wp\/v2\/types\/post"}],"author":[{"embeddable":true,"href":"https:\/\/experienciadevida.com.ar\/portalurbano\/wp-json\/wp\/v2\/users\/1"}],"replies":[{"embeddable":true,"href":"https:\/\/experienciadevida.com.ar\/portalurbano\/wp-json\/wp\/v2\/comments?post=173133"}],"version-history":[{"count":1,"href":"https:\/\/experienciadevida.com.ar\/portalurbano\/wp-json\/wp\/v2\/posts\/173133\/revisions"}],"predecessor-version":[{"id":173135,"href":"https:\/\/experienciadevida.com.ar\/portalurbano\/wp-json\/wp\/v2\/posts\/173133\/revisions\/173135"}],"wp:featuredmedia":[{"embeddable":true,"href":"https:\/\/experienciadevida.com.ar\/portalurbano\/wp-json\/wp\/v2\/media\/173134"}],"wp:attachment":[{"href":"https:\/\/experienciadevida.com.ar\/portalurbano\/wp-json\/wp\/v2\/media?parent=173133"}],"wp:term":[{"taxonomy":"category","embeddable":true,"href":"https:\/\/experienciadevida.com.ar\/portalurbano\/wp-json\/wp\/v2\/categories?post=173133"},{"taxonomy":"post_tag","embeddable":true,"href":"https:\/\/experienciadevida.com.ar\/portalurbano\/wp-json\/wp\/v2\/tags?post=173133"}],"curies":[{"name":"wp","href":"https:\/\/api.w.org\/{rel}","templated":true}]}}