{"id":173127,"date":"2022-08-12T14:43:43","date_gmt":"2022-08-12T17:43:43","guid":{"rendered":"https:\/\/experienciadevida.com.ar\/portalurbano\/?p=173127"},"modified":"2022-08-12T14:44:14","modified_gmt":"2022-08-12T17:44:14","slug":"educar-para-prevenir-el-mascotismo-y-el-trafico-de-fauna","status":"publish","type":"post","link":"https:\/\/experienciadevida.com.ar\/portalurbano\/educar-para-prevenir-el-mascotismo-y-el-trafico-de-fauna\/","title":{"rendered":"Educar para prevenir el mascotismo y el tr\u00e1fico de fauna"},"content":{"rendered":"<p>Educar para prevenir el mascotismo y el tr\u00e1fico de fauna, la historia comienza en octubre de 2019 tras rescatar un puma en Ostende (Partido de Pinamar) gracias a la tarea del equipo del Centro de Rescate de la Estaci\u00f3n de Cr\u00eda de Animales Silvestres (ECAS), perteneciente a la Direcci\u00f3n de Flora y Fauna del Ministerio de Agroindustria de la Provincia de Buenos Aires.<\/p>\n<p>En dicha oportunidad se cont\u00f3 adem\u00e1s con el apoyo de Polic\u00eda y Bomberos y se trabaj\u00f3 en red con personal de Mundo Marino y Bioparque Municipal \u201cLa <a href=\"https:\/\/www.instagram.com\/bioparquelamaxima\/\">M\u00e1xima<\/a>\u201d.<\/p>\n<p>Para los t\u00e9cnicos en la materia, no se trat\u00f3 de un animal salvaje y seg\u00fan las primeras versiones, podr\u00eda haberse escapado de una situaci\u00f3n de cautiverio, de mascotismo, de alguna residencia cercana.<\/p>\n<p>Este felino, actualmente se encuentra en el Bioparque Municipal \u201cLa M\u00e1xima\u201d. En el momento de su ingreso al predio se le realiz\u00f3 una evaluaci\u00f3n con el objetivo de corroborar la condici\u00f3n en la que se encontraba y determinar una posible reintroducci\u00f3n a su medio natural.<\/p>\n<p>En este sentido, se siguieron los lineamientos de la Direcci\u00f3n de Fauna Provincial, desde donde se ha requerido la colaboraci\u00f3n del Bioparque \u201cLa M\u00e1xima\u201d para alojar a un puma proveniente de Carlos Tejedor.<\/p>\n<p>El director del Bioparque Municipal, prof. Flavio Maldonado, se\u00f1al\u00f3 que \u201ccuando se lleva un animal silvestre a cautiverio, pocas veces o mejor dicho casi ninguna se eval\u00faa el da\u00f1o que se le ocasiona, con la excusa de darle cari\u00f1o se llevan a los cachorros de esta especie y de otras a cautiverio\u201d.<\/p>\n<p>Los animales en contacto con los seres humanos adquieren actitudes y comportamientos humanos, distorsionando sus pautas comportamentales normales y naturales.<\/p>\n<p>Maldonado agrega que, al crecer los animales en cautiverio, se generan situaciones estresantes para las familias, por lo que tienden a llevar el animal a un Bioparque o centro de rehabilitaci\u00f3n, con la creencia de que al animal se lo recibe, se lo rehabilita y devuelve al medio y, nada m\u00e1s alejado de la realidad.<\/p>\n<p>Esta situaci\u00f3n deriva en varias problem\u00e1ticas, si el animal est\u00e1 improntado, su rehabilitaci\u00f3n se hace compleja por no tener habilidades para la caza, entre otras cuestiones. \u201cEl da\u00f1o que se ocasiona no solo perjudica al animal sino tambi\u00e9n a los centros de rescate como nuestro Bioparque, ya que nos vemos obligados a rechazar el ingreso de nuevos animales y aqu\u00ed surgen nuevas conductas humanas como liberar los animales en ambientes naturales o proceder a sacrificarlos\u201d, comenta Flavio Maldonado.<\/p>\n<p>La pr\u00e1ctica de mascotismo est\u00e1 concatenada al tr\u00e1fico ilegal de especies, situaci\u00f3n que pone en riesgo la biodiversidad y amenaza la mayor parte de las especies silvestres.<\/p>\n<p>Desde el Bioparque Municipal se elabor\u00f3 material informativo para que la comunidad conozca la especie. Adem\u00e1s desde \u201cLa M\u00e1xima\u201d se recomienda, en caso de encontrar cachorros en el medio natural, no levantarlos ya que los padres suelen dejarlos para ir a buscar alimento y generalmente no corren riesgo salvo que los adultos sufran las consecuencias de la caza ilegal de fauna silvestre.<\/p>\n<p>Educar para conocer, conocer para conservar, actuar para el cambi<\/p>\n","protected":false},"excerpt":{"rendered":"<p>Educar para prevenir el mascotismo y el tr\u00e1fico de fauna, la historia comienza en octubre&#8230;<\/p>\n","protected":false},"author":1,"featured_media":173128,"comment_status":"closed","ping_status":"closed","sticky":false,"template":"","format":"standard","meta":{"content-type":""},"categories":[27],"tags":[],"nelio_content":{"isAutoShareEnabled":false,"autoShareEndMode":"default","automationSources":{"useContentSentences":true,"useSocialTemplates":true,"useCustomSentences":false,"customSentences":[]},"followers":[1],"suggestedReferences":[],"includedReferences":[],"efiUrl":"","efiAlt":"","highlights":[]},"yoast_head":"<!-- This site is optimized with the Yoast SEO plugin v20.7 - https:\/\/yoast.com\/wordpress\/plugins\/seo\/ -->\n<title>Educar para prevenir el mascotismo y el tr\u00e1fico de fauna<\/title>\n<meta name=\"description\" content=\"Educar para prevenir el mascotismo y el tr\u00e1fico de fauna, la historia comienza en octubre de 2019 tras rescatar un puma\" \/>\n<meta name=\"robots\" content=\"index, follow, max-snippet:-1, max-image-preview:large, max-video-preview:-1\" \/>\n<link rel=\"canonical\" href=\"https:\/\/experienciadevida.com.ar\/portalurbano\/educar-para-prevenir-el-mascotismo-y-el-trafico-de-fauna\/\" \/>\n<meta property=\"og:locale\" content=\"es_ES\" \/>\n<meta property=\"og:type\" content=\"article\" \/>\n<meta property=\"og:title\" content=\"Educar para prevenir el mascotismo y el tr\u00e1fico de fauna\" \/>\n<meta property=\"og:description\" content=\"Educar para prevenir el mascotismo y el tr\u00e1fico de fauna, la historia comienza en octubre de 2019 tras rescatar un puma\" \/>\n<meta property=\"og:url\" content=\"https:\/\/experienciadevida.com.ar\/portalurbano\/educar-para-prevenir-el-mascotismo-y-el-trafico-de-fauna\/\" \/>\n<meta property=\"article:publisher\" content=\"https:\/\/www.facebook.com\/Portal-Urbano-171542830093757\/\" \/>\n<meta property=\"article:published_time\" content=\"2022-08-12T17:43:43+00:00\" \/>\n<meta property=\"article:modified_time\" content=\"2022-08-12T17:44:14+00:00\" \/>\n<meta property=\"og:image\" content=\"https:\/\/experienciadevida.com.ar\/portalurbano\/wp-content\/uploads\/2022\/08\/Educar-para-prevenir-el.jpg\" \/>\n\t<meta property=\"og:image:width\" content=\"1024\" \/>\n\t<meta property=\"og:image:height\" content=\"682\" \/>\n\t<meta property=\"og:image:type\" content=\"image\/jpeg\" \/>\n<meta name=\"author\" content=\"admpu17wp\" \/>\n<meta name=\"twitter:card\" content=\"summary_large_image\" \/>\n<meta name=\"twitter:creator\" content=\"@portalurbanook\" \/>\n<meta name=\"twitter:site\" content=\"@portalurbanook\" \/>\n<meta name=\"twitter:label1\" content=\"Escrito por\" \/>\n\t<meta name=\"twitter:data1\" content=\"admpu17wp\" \/>\n\t<meta name=\"twitter:label2\" content=\"Tiempo de lectura\" \/>\n\t<meta name=\"twitter:data2\" content=\"3 minutos\" \/>\n<script type=\"application\/ld+json\" class=\"yoast-schema-graph\">{\"@context\":\"https:\/\/schema.org\",\"@graph\":[{\"@type\":\"Article\",\"@id\":\"https:\/\/experienciadevida.com.ar\/portalurbano\/educar-para-prevenir-el-mascotismo-y-el-trafico-de-fauna\/#article\",\"isPartOf\":{\"@id\":\"https:\/\/experienciadevida.com.ar\/portalurbano\/educar-para-prevenir-el-mascotismo-y-el-trafico-de-fauna\/\"},\"author\":{\"name\":\"admpu17wp\",\"@id\":\"https:\/\/experienciadevida.com.ar\/portalurbano\/#\/schema\/person\/02dd326b1c4b056e9cc972486934a3a7\"},\"headline\":\"Educar para prevenir el mascotismo y el tr\u00e1fico de fauna\",\"datePublished\":\"2022-08-12T17:43:43+00:00\",\"dateModified\":\"2022-08-12T17:44:14+00:00\",\"mainEntityOfPage\":{\"@id\":\"https:\/\/experienciadevida.com.ar\/portalurbano\/educar-para-prevenir-el-mascotismo-y-el-trafico-de-fauna\/\"},\"wordCount\":549,\"publisher\":{\"@id\":\"https:\/\/experienciadevida.com.ar\/portalurbano\/#organization\"},\"articleSection\":[\"Ciudad\"],\"inLanguage\":\"es\"},{\"@type\":\"WebPage\",\"@id\":\"https:\/\/experienciadevida.com.ar\/portalurbano\/educar-para-prevenir-el-mascotismo-y-el-trafico-de-fauna\/\",\"url\":\"https:\/\/experienciadevida.com.ar\/portalurbano\/educar-para-prevenir-el-mascotismo-y-el-trafico-de-fauna\/\",\"name\":\"Educar para prevenir el mascotismo y el tr\u00e1fico de fauna\",\"isPartOf\":{\"@id\":\"https:\/\/experienciadevida.com.ar\/portalurbano\/#website\"},\"datePublished\":\"2022-08-12T17:43:43+00:00\",\"dateModified\":\"2022-08-12T17:44:14+00:00\",\"description\":\"Educar para prevenir el mascotismo y el tr\u00e1fico de fauna, la historia comienza en octubre de 2019 tras rescatar un puma\",\"breadcrumb\":{\"@id\":\"https:\/\/experienciadevida.com.ar\/portalurbano\/educar-para-prevenir-el-mascotismo-y-el-trafico-de-fauna\/#breadcrumb\"},\"inLanguage\":\"es\",\"potentialAction\":[{\"@type\":\"ReadAction\",\"target\":[\"https:\/\/experienciadevida.com.ar\/portalurbano\/educar-para-prevenir-el-mascotismo-y-el-trafico-de-fauna\/\"]}]},{\"@type\":\"BreadcrumbList\",\"@id\":\"https:\/\/experienciadevida.com.ar\/portalurbano\/educar-para-prevenir-el-mascotismo-y-el-trafico-de-fauna\/#breadcrumb\",\"itemListElement\":[{\"@type\":\"ListItem\",\"position\":1,\"name\":\"Portada\",\"item\":\"https:\/\/experienciadevida.com.ar\/portalurbano\/\"},{\"@type\":\"ListItem\",\"position\":2,\"name\":\"Educar para prevenir el mascotismo y el tr\u00e1fico de fauna\"}]},{\"@type\":\"WebSite\",\"@id\":\"https:\/\/experienciadevida.com.ar\/portalurbano\/#website\",\"url\":\"https:\/\/experienciadevida.com.ar\/portalurbano\/\",\"name\":\"\",\"description\":\"\",\"publisher\":{\"@id\":\"https:\/\/experienciadevida.com.ar\/portalurbano\/#organization\"},\"potentialAction\":[{\"@type\":\"SearchAction\",\"target\":{\"@type\":\"EntryPoint\",\"urlTemplate\":\"https:\/\/experienciadevida.com.ar\/portalurbano\/?s={search_term_string}\"},\"query-input\":\"required name=search_term_string\"}],\"inLanguage\":\"es\"},{\"@type\":\"Organization\",\"@id\":\"https:\/\/experienciadevida.com.ar\/portalurbano\/#organization\",\"name\":\"Portal Urbano\",\"url\":\"https:\/\/experienciadevida.com.ar\/portalurbano\/\",\"logo\":{\"@type\":\"ImageObject\",\"inLanguage\":\"es\",\"@id\":\"https:\/\/experienciadevida.com.ar\/portalurbano\/#\/schema\/logo\/image\/\",\"url\":\"https:\/\/experienciadevida.com.ar\/portalurbano\/wp-content\/uploads\/2019\/09\/Logo-Original.png\",\"contentUrl\":\"https:\/\/experienciadevida.com.ar\/portalurbano\/wp-content\/uploads\/2019\/09\/Logo-Original.png\",\"width\":2236,\"height\":1216,\"caption\":\"Portal Urbano\"},\"image\":{\"@id\":\"https:\/\/experienciadevida.com.ar\/portalurbano\/#\/schema\/logo\/image\/\"},\"sameAs\":[\"https:\/\/www.facebook.com\/Portal-Urbano-171542830093757\/\",\"https:\/\/twitter.com\/portalurbanook\",\"https:\/\/www.instagram.com\/_portalurbano\/\",\"https:\/\/www.youtube.com\/channel\/UCXhagIfszH8KxFiOok79zbA?view_as=subscriber\"]},{\"@type\":\"Person\",\"@id\":\"https:\/\/experienciadevida.com.ar\/portalurbano\/#\/schema\/person\/02dd326b1c4b056e9cc972486934a3a7\",\"name\":\"admpu17wp\",\"image\":{\"@type\":\"ImageObject\",\"inLanguage\":\"es\",\"@id\":\"https:\/\/experienciadevida.com.ar\/portalurbano\/#\/schema\/person\/image\/\",\"url\":\"https:\/\/secure.gravatar.com\/avatar\/830d4c57adaae6630765e449a6908047?s=96&d=mm&r=g\",\"contentUrl\":\"https:\/\/secure.gravatar.com\/avatar\/830d4c57adaae6630765e449a6908047?s=96&d=mm&r=g\",\"caption\":\"admpu17wp\"}}]}<\/script>\n<!-- \/ Yoast SEO plugin. -->","yoast_head_json":{"title":"Educar para prevenir el mascotismo y el tr\u00e1fico de fauna","description":"Educar para prevenir el mascotismo y el tr\u00e1fico de fauna, la historia comienza en octubre de 2019 tras rescatar un puma","robots":{"index":"index","follow":"follow","max-snippet":"max-snippet:-1","max-image-preview":"max-image-preview:large","max-video-preview":"max-video-preview:-1"},"canonical":"https:\/\/experienciadevida.com.ar\/portalurbano\/educar-para-prevenir-el-mascotismo-y-el-trafico-de-fauna\/","og_locale":"es_ES","og_type":"article","og_title":"Educar para prevenir el mascotismo y el tr\u00e1fico de fauna","og_description":"Educar para prevenir el mascotismo y el tr\u00e1fico de fauna, la historia comienza en octubre de 2019 tras rescatar un puma","og_url":"https:\/\/experienciadevida.com.ar\/portalurbano\/educar-para-prevenir-el-mascotismo-y-el-trafico-de-fauna\/","article_publisher":"https:\/\/www.facebook.com\/Portal-Urbano-171542830093757\/","article_published_time":"2022-08-12T17:43:43+00:00","article_modified_time":"2022-08-12T17:44:14+00:00","og_image":[{"width":1024,"height":682,"url":"https:\/\/experienciadevida.com.ar\/portalurbano\/wp-content\/uploads\/2022\/08\/Educar-para-prevenir-el.jpg","type":"image\/jpeg"}],"author":"admpu17wp","twitter_card":"summary_large_image","twitter_creator":"@portalurbanook","twitter_site":"@portalurbanook","twitter_misc":{"Escrito por":"admpu17wp","Tiempo de lectura":"3 minutos"},"schema":{"@context":"https:\/\/schema.org","@graph":[{"@type":"Article","@id":"https:\/\/experienciadevida.com.ar\/portalurbano\/educar-para-prevenir-el-mascotismo-y-el-trafico-de-fauna\/#article","isPartOf":{"@id":"https:\/\/experienciadevida.com.ar\/portalurbano\/educar-para-prevenir-el-mascotismo-y-el-trafico-de-fauna\/"},"author":{"name":"admpu17wp","@id":"https:\/\/experienciadevida.com.ar\/portalurbano\/#\/schema\/person\/02dd326b1c4b056e9cc972486934a3a7"},"headline":"Educar para prevenir el mascotismo y el tr\u00e1fico de fauna","datePublished":"2022-08-12T17:43:43+00:00","dateModified":"2022-08-12T17:44:14+00:00","mainEntityOfPage":{"@id":"https:\/\/experienciadevida.com.ar\/portalurbano\/educar-para-prevenir-el-mascotismo-y-el-trafico-de-fauna\/"},"wordCount":549,"publisher":{"@id":"https:\/\/experienciadevida.com.ar\/portalurbano\/#organization"},"articleSection":["Ciudad"],"inLanguage":"es"},{"@type":"WebPage","@id":"https:\/\/experienciadevida.com.ar\/portalurbano\/educar-para-prevenir-el-mascotismo-y-el-trafico-de-fauna\/","url":"https:\/\/experienciadevida.com.ar\/portalurbano\/educar-para-prevenir-el-mascotismo-y-el-trafico-de-fauna\/","name":"Educar para prevenir el mascotismo y el tr\u00e1fico de fauna","isPartOf":{"@id":"https:\/\/experienciadevida.com.ar\/portalurbano\/#website"},"datePublished":"2022-08-12T17:43:43+00:00","dateModified":"2022-08-12T17:44:14+00:00","description":"Educar para prevenir el mascotismo y el tr\u00e1fico de fauna, la historia comienza en octubre de 2019 tras rescatar un puma","breadcrumb":{"@id":"https:\/\/experienciadevida.com.ar\/portalurbano\/educar-para-prevenir-el-mascotismo-y-el-trafico-de-fauna\/#breadcrumb"},"inLanguage":"es","potentialAction":[{"@type":"ReadAction","target":["https:\/\/experienciadevida.com.ar\/portalurbano\/educar-para-prevenir-el-mascotismo-y-el-trafico-de-fauna\/"]}]},{"@type":"BreadcrumbList","@id":"https:\/\/experienciadevida.com.ar\/portalurbano\/educar-para-prevenir-el-mascotismo-y-el-trafico-de-fauna\/#breadcrumb","itemListElement":[{"@type":"ListItem","position":1,"name":"Portada","item":"https:\/\/experienciadevida.com.ar\/portalurbano\/"},{"@type":"ListItem","position":2,"name":"Educar para prevenir el mascotismo y el tr\u00e1fico de fauna"}]},{"@type":"WebSite","@id":"https:\/\/experienciadevida.com.ar\/portalurbano\/#website","url":"https:\/\/experienciadevida.com.ar\/portalurbano\/","name":"","description":"","publisher":{"@id":"https:\/\/experienciadevida.com.ar\/portalurbano\/#organization"},"potentialAction":[{"@type":"SearchAction","target":{"@type":"EntryPoint","urlTemplate":"https:\/\/experienciadevida.com.ar\/portalurbano\/?s={search_term_string}"},"query-input":"required name=search_term_string"}],"inLanguage":"es"},{"@type":"Organization","@id":"https:\/\/experienciadevida.com.ar\/portalurbano\/#organization","name":"Portal Urbano","url":"https:\/\/experienciadevida.com.ar\/portalurbano\/","logo":{"@type":"ImageObject","inLanguage":"es","@id":"https:\/\/experienciadevida.com.ar\/portalurbano\/#\/schema\/logo\/image\/","url":"https:\/\/experienciadevida.com.ar\/portalurbano\/wp-content\/uploads\/2019\/09\/Logo-Original.png","contentUrl":"https:\/\/experienciadevida.com.ar\/portalurbano\/wp-content\/uploads\/2019\/09\/Logo-Original.png","width":2236,"height":1216,"caption":"Portal Urbano"},"image":{"@id":"https:\/\/experienciadevida.com.ar\/portalurbano\/#\/schema\/logo\/image\/"},"sameAs":["https:\/\/www.facebook.com\/Portal-Urbano-171542830093757\/","https:\/\/twitter.com\/portalurbanook","https:\/\/www.instagram.com\/_portalurbano\/","https:\/\/www.youtube.com\/channel\/UCXhagIfszH8KxFiOok79zbA?view_as=subscriber"]},{"@type":"Person","@id":"https:\/\/experienciadevida.com.ar\/portalurbano\/#\/schema\/person\/02dd326b1c4b056e9cc972486934a3a7","name":"admpu17wp","image":{"@type":"ImageObject","inLanguage":"es","@id":"https:\/\/experienciadevida.com.ar\/portalurbano\/#\/schema\/person\/image\/","url":"https:\/\/secure.gravatar.com\/avatar\/830d4c57adaae6630765e449a6908047?s=96&d=mm&r=g","contentUrl":"https:\/\/secure.gravatar.com\/avatar\/830d4c57adaae6630765e449a6908047?s=96&d=mm&r=g","caption":"admpu17wp"}}]}},"featured_image_urls":{"full":["https:\/\/experienciadevida.com.ar\/portalurbano\/wp-content\/uploads\/2022\/08\/Educar-para-prevenir-el.jpg",1024,682,false],"thumbnail":["https:\/\/experienciadevida.com.ar\/portalurbano\/wp-content\/uploads\/2022\/08\/Educar-para-prevenir-el-150x150.jpg",150,150,true],"medium":["https:\/\/experienciadevida.com.ar\/portalurbano\/wp-content\/uploads\/2022\/08\/Educar-para-prevenir-el-300x200.jpg",300,200,true],"medium_large":["https:\/\/experienciadevida.com.ar\/portalurbano\/wp-content\/uploads\/2022\/08\/Educar-para-prevenir-el-768x512.jpg",640,427,true],"large":["https:\/\/experienciadevida.com.ar\/portalurbano\/wp-content\/uploads\/2022\/08\/Educar-para-prevenir-el.jpg",640,426,false],"ug_big":["https:\/\/experienciadevida.com.ar\/portalurbano\/wp-content\/uploads\/2022\/08\/Educar-para-prevenir-el-768x512.jpg",768,512,true],"1536x1536":["https:\/\/experienciadevida.com.ar\/portalurbano\/wp-content\/uploads\/2022\/08\/Educar-para-prevenir-el.jpg",1024,682,false],"2048x2048":["https:\/\/experienciadevida.com.ar\/portalurbano\/wp-content\/uploads\/2022\/08\/Educar-para-prevenir-el.jpg",1024,682,false],"newsever-slider-full":["https:\/\/experienciadevida.com.ar\/portalurbano\/wp-content\/uploads\/2022\/08\/Educar-para-prevenir-el.jpg",1024,682,false],"newsever-featured":["https:\/\/experienciadevida.com.ar\/portalurbano\/wp-content\/uploads\/2022\/08\/Educar-para-prevenir-el.jpg",1024,682,false],"newsever-medium":["https:\/\/experienciadevida.com.ar\/portalurbano\/wp-content\/uploads\/2022\/08\/Educar-para-prevenir-el.jpg",713,475,false],"web-stories-poster-portrait":["https:\/\/experienciadevida.com.ar\/portalurbano\/wp-content\/uploads\/2022\/08\/Educar-para-prevenir-el-640x682.jpg",640,682,true],"web-stories-publisher-logo":["https:\/\/experienciadevida.com.ar\/portalurbano\/wp-content\/uploads\/2022\/08\/Educar-para-prevenir-el-96x96.jpg",96,96,true],"web-stories-thumbnail":["https:\/\/experienciadevida.com.ar\/portalurbano\/wp-content\/uploads\/2022\/08\/Educar-para-prevenir-el-150x100.jpg",150,100,true]},"author_info":{"display_name":"admpu17wp","author_link":"https:\/\/experienciadevida.com.ar\/portalurbano\/author\/admpu17wp\/"},"category_info":"<a href=\"https:\/\/experienciadevida.com.ar\/portalurbano\/category\/ciudad\/\" rel=\"category tag\">Ciudad<\/a>","tag_info":"Ciudad","comment_count":"0","amp_enabled":true,"_links":{"self":[{"href":"https:\/\/experienciadevida.com.ar\/portalurbano\/wp-json\/wp\/v2\/posts\/173127"}],"collection":[{"href":"https:\/\/experienciadevida.com.ar\/portalurbano\/wp-json\/wp\/v2\/posts"}],"about":[{"href":"https:\/\/experienciadevida.com.ar\/portalurbano\/wp-json\/wp\/v2\/types\/post"}],"author":[{"embeddable":true,"href":"https:\/\/experienciadevida.com.ar\/portalurbano\/wp-json\/wp\/v2\/users\/1"}],"replies":[{"embeddable":true,"href":"https:\/\/experienciadevida.com.ar\/portalurbano\/wp-json\/wp\/v2\/comments?post=173127"}],"version-history":[{"count":2,"href":"https:\/\/experienciadevida.com.ar\/portalurbano\/wp-json\/wp\/v2\/posts\/173127\/revisions"}],"predecessor-version":[{"id":173130,"href":"https:\/\/experienciadevida.com.ar\/portalurbano\/wp-json\/wp\/v2\/posts\/173127\/revisions\/173130"}],"wp:featuredmedia":[{"embeddable":true,"href":"https:\/\/experienciadevida.com.ar\/portalurbano\/wp-json\/wp\/v2\/media\/173128"}],"wp:attachment":[{"href":"https:\/\/experienciadevida.com.ar\/portalurbano\/wp-json\/wp\/v2\/media?parent=173127"}],"wp:term":[{"taxonomy":"category","embeddable":true,"href":"https:\/\/experienciadevida.com.ar\/portalurbano\/wp-json\/wp\/v2\/categories?post=173127"},{"taxonomy":"post_tag","embeddable":true,"href":"https:\/\/experienciadevida.com.ar\/portalurbano\/wp-json\/wp\/v2\/tags?post=173127"}],"curies":[{"name":"wp","href":"https:\/\/api.w.org\/{rel}","templated":true}]}}