{"id":173124,"date":"2022-08-12T14:39:07","date_gmt":"2022-08-12T17:39:07","guid":{"rendered":"https:\/\/experienciadevida.com.ar\/portalurbano\/?p=173124"},"modified":"2022-08-12T14:40:07","modified_gmt":"2022-08-12T17:40:07","slug":"el-relator-especial-de-naciones-unidas-fabian-salvioli-presentara-su-ultimo-libro-en-la-facultad-de-derecho-de-la-unicen","status":"publish","type":"post","link":"https:\/\/experienciadevida.com.ar\/portalurbano\/el-relator-especial-de-naciones-unidas-fabian-salvioli-presentara-su-ultimo-libro-en-la-facultad-de-derecho-de-la-unicen\/","title":{"rendered":"El Relator Especial de Naciones Unidas Fabi\u00e1n Salvioli presentar\u00e1 su \u00faltimo libro en la Facultad de Derecho de la UNICEN"},"content":{"rendered":"<p>El Relator Especial de Naciones Unidas Fabi\u00e1n Salvioli presentar\u00e1 su \u00faltimo libro en la Facultad de Derecho de la UNICEN.<\/p>\n<p>El Dr. Fabi\u00e1n Salvioli presentar\u00e1 su \u00faltimo libro &#8220;La edad de la raz\u00f3n: el rol de los \u00f3rganos internacionales de protecci\u00f3n de los derechos humanos y el valor jur\u00eddico de sus pronunciamientos&#8221;, y brindar\u00e1 junto a la Decana de<br \/>\nla Facultad, Prof. Laura Giosa, y V\u00edctor Rodr\u00edguez Brescia Presidente del Centro de Derechos Civiles y Pol\u00edticos de Suiza, una charla abierta al p\u00fablico, sobre el rol de los organismos internacionales en materia de derechos humanos y su impacto en el \u00e1mbito interno de los Estados.<\/p>\n<p>La actividad tiene como objetivo generar un espacio de di\u00e1logo sobre la promoci\u00f3n del Derecho Internacional de los Derechos Humanos y su importancia en la adopci\u00f3n de medidas en el \u00e1mbito interno a trav\u00e9s de las diferentes instituciones del Estado. Los tres acad\u00e9micos, de reconocida trayectoria a nivel nacional e internacional en materia de derechos humanos, proponen debatir acerca de la funci\u00f3n de las decisiones de los \u00f3rganos internacionales de protecci\u00f3n de derechos humanos, y la importancia de su observancia para la construcci\u00f3n de sociedades m\u00e1s justas, libres e igualitarias.<\/p>\n<p>Fabi\u00e1n Salvioli es Relator Especial sobre la promoci\u00f3n de la verdad, la justicia y reparaci\u00f3n de las Naciones Unidas, y cuenta con una extensa trayectoria acad\u00e9mica y profesional en el \u00e1mbito internacional de la protecci\u00f3n de los Derechos Humanos. Por su parte, Victor Rodr\u00edguez Rescia, reconocido acad\u00e9mico y promotor de los derechos humanos, hoy se desempe\u00f1a como Presidente del Centro de Derechos Civiles y Pol\u00edticos de Suiza. La Prof. Laura Mar\u00eda Giosa, Directora del Centro de Estudios en Derechos Humanos y Decana de la Facultad de Derecho de la UNICEN, comparte tambi\u00e9n una amplia trayectoria en la ense\u00f1anza y promoci\u00f3n del Derecho Internacional de los Derechos Humanos, en base a la cual ha afianzado una referencia nacional y regional en la materia.<\/p>\n<p>Esta actividad es parte del trabajo que la Facultad de Derecho de la UNICEN realiza desde la ense\u00f1anza de grado y posgrado, as\u00ed como desde la extensi\u00f3n e investigaci\u00f3n en materia de promoci\u00f3n, respeto y garant\u00eda del Derecho<br \/>\nInternacional de los Derechos Humanos.<\/p>\n<p>La actividad tendr\u00e1 lugar el d\u00eda martes 16 de agosto a las 16 hs. en el Centro de Investigaci\u00f3n y Posgrado de la Facultad de Derecho UNICEN (Bol\u00edvar 481). El encuentro es abierto y gratuito para todo el p\u00fablico de forma presencial y\/o v\u00eda zoom.<\/p>\n<p>La participaci\u00f3n requiere inscripci\u00f3n previa desde el siguiente formulario: https:\/\/forms.gle\/S9pAMHr5HbKuLgP3A<\/p>\n<p>La actividad es auspiciada por el Colegio de Abogados Departamental, el Colegios de Funcionarios y Magistrados Judiciales y por el \u00c1rea de Derechos Humanos de la Universidad Nacional del Centro de la Provincia de Buenos<br \/>\nAires.<\/p>\n","protected":false},"excerpt":{"rendered":"<p>El Relator Especial de Naciones Unidas Fabi\u00e1n Salvioli presentar\u00e1 su \u00faltimo libro en la Facultad&#8230;<\/p>\n","protected":false},"author":1,"featured_media":173125,"comment_status":"closed","ping_status":"closed","sticky":false,"template":"","format":"standard","meta":{"content-type":""},"categories":[31],"tags":[],"nelio_content":{"isAutoShareEnabled":false,"autoShareEndMode":"default","automationSources":{"useContentSentences":true,"useSocialTemplates":true,"useCustomSentences":false,"customSentences":[]},"followers":[1],"suggestedReferences":[],"includedReferences":[],"efiUrl":"","efiAlt":"","highlights":[]},"yoast_head":"<!-- This site is optimized with the Yoast SEO plugin v20.7 - https:\/\/yoast.com\/wordpress\/plugins\/seo\/ -->\n<title>El relator especial de naciones unidas presentar\u00e1 su \u00faltimo libro<\/title>\n<meta name=\"description\" content=\"El Relator Especial de Naciones Unidas Fabi\u00e1n Salvioli presentar\u00e1 su \u00faltimo libro en la Facultad de Derecho de la UNICEN.\" \/>\n<meta name=\"robots\" content=\"index, follow, max-snippet:-1, max-image-preview:large, max-video-preview:-1\" \/>\n<link rel=\"canonical\" href=\"https:\/\/experienciadevida.com.ar\/portalurbano\/el-relator-especial-de-naciones-unidas-fabian-salvioli-presentara-su-ultimo-libro-en-la-facultad-de-derecho-de-la-unicen\/\" \/>\n<meta property=\"og:locale\" content=\"es_ES\" \/>\n<meta property=\"og:type\" content=\"article\" \/>\n<meta property=\"og:title\" content=\"El relator especial de naciones unidas presentar\u00e1 su \u00faltimo libro\" \/>\n<meta property=\"og:description\" content=\"El Relator Especial de Naciones Unidas Fabi\u00e1n Salvioli presentar\u00e1 su \u00faltimo libro en la Facultad de Derecho de la UNICEN.\" \/>\n<meta property=\"og:url\" content=\"https:\/\/experienciadevida.com.ar\/portalurbano\/el-relator-especial-de-naciones-unidas-fabian-salvioli-presentara-su-ultimo-libro-en-la-facultad-de-derecho-de-la-unicen\/\" \/>\n<meta property=\"article:publisher\" content=\"https:\/\/www.facebook.com\/Portal-Urbano-171542830093757\/\" \/>\n<meta property=\"article:published_time\" content=\"2022-08-12T17:39:07+00:00\" \/>\n<meta property=\"article:modified_time\" content=\"2022-08-12T17:40:07+00:00\" \/>\n<meta property=\"og:image\" content=\"https:\/\/experienciadevida.com.ar\/portalurbano\/wp-content\/uploads\/2022\/08\/El-Relator-Especial-de.jpg\" \/>\n\t<meta property=\"og:image:width\" content=\"2000\" \/>\n\t<meta property=\"og:image:height\" content=\"2500\" \/>\n\t<meta property=\"og:image:type\" content=\"image\/jpeg\" \/>\n<meta name=\"author\" content=\"admpu17wp\" \/>\n<meta name=\"twitter:card\" content=\"summary_large_image\" \/>\n<meta name=\"twitter:creator\" content=\"@portalurbanook\" \/>\n<meta name=\"twitter:site\" content=\"@portalurbanook\" \/>\n<meta name=\"twitter:label1\" content=\"Escrito por\" \/>\n\t<meta name=\"twitter:data1\" content=\"admpu17wp\" \/>\n\t<meta name=\"twitter:label2\" content=\"Tiempo de lectura\" \/>\n\t<meta name=\"twitter:data2\" content=\"3 minutos\" \/>\n<script type=\"application\/ld+json\" class=\"yoast-schema-graph\">{\"@context\":\"https:\/\/schema.org\",\"@graph\":[{\"@type\":\"Article\",\"@id\":\"https:\/\/experienciadevida.com.ar\/portalurbano\/el-relator-especial-de-naciones-unidas-fabian-salvioli-presentara-su-ultimo-libro-en-la-facultad-de-derecho-de-la-unicen\/#article\",\"isPartOf\":{\"@id\":\"https:\/\/experienciadevida.com.ar\/portalurbano\/el-relator-especial-de-naciones-unidas-fabian-salvioli-presentara-su-ultimo-libro-en-la-facultad-de-derecho-de-la-unicen\/\"},\"author\":{\"name\":\"admpu17wp\",\"@id\":\"https:\/\/experienciadevida.com.ar\/portalurbano\/#\/schema\/person\/02dd326b1c4b056e9cc972486934a3a7\"},\"headline\":\"El Relator Especial de Naciones Unidas Fabi\u00e1n Salvioli presentar\u00e1 su \u00faltimo libro en la Facultad de Derecho de la UNICEN\",\"datePublished\":\"2022-08-12T17:39:07+00:00\",\"dateModified\":\"2022-08-12T17:40:07+00:00\",\"mainEntityOfPage\":{\"@id\":\"https:\/\/experienciadevida.com.ar\/portalurbano\/el-relator-especial-de-naciones-unidas-fabian-salvioli-presentara-su-ultimo-libro-en-la-facultad-de-derecho-de-la-unicen\/\"},\"wordCount\":519,\"publisher\":{\"@id\":\"https:\/\/experienciadevida.com.ar\/portalurbano\/#organization\"},\"articleSection\":[\"Educaci\u00f3n\"],\"inLanguage\":\"es\"},{\"@type\":\"WebPage\",\"@id\":\"https:\/\/experienciadevida.com.ar\/portalurbano\/el-relator-especial-de-naciones-unidas-fabian-salvioli-presentara-su-ultimo-libro-en-la-facultad-de-derecho-de-la-unicen\/\",\"url\":\"https:\/\/experienciadevida.com.ar\/portalurbano\/el-relator-especial-de-naciones-unidas-fabian-salvioli-presentara-su-ultimo-libro-en-la-facultad-de-derecho-de-la-unicen\/\",\"name\":\"El relator especial de naciones unidas presentar\u00e1 su \u00faltimo libro\",\"isPartOf\":{\"@id\":\"https:\/\/experienciadevida.com.ar\/portalurbano\/#website\"},\"datePublished\":\"2022-08-12T17:39:07+00:00\",\"dateModified\":\"2022-08-12T17:40:07+00:00\",\"description\":\"El Relator Especial de Naciones Unidas Fabi\u00e1n Salvioli presentar\u00e1 su \u00faltimo libro en la Facultad de Derecho de la UNICEN.\",\"breadcrumb\":{\"@id\":\"https:\/\/experienciadevida.com.ar\/portalurbano\/el-relator-especial-de-naciones-unidas-fabian-salvioli-presentara-su-ultimo-libro-en-la-facultad-de-derecho-de-la-unicen\/#breadcrumb\"},\"inLanguage\":\"es\",\"potentialAction\":[{\"@type\":\"ReadAction\",\"target\":[\"https:\/\/experienciadevida.com.ar\/portalurbano\/el-relator-especial-de-naciones-unidas-fabian-salvioli-presentara-su-ultimo-libro-en-la-facultad-de-derecho-de-la-unicen\/\"]}]},{\"@type\":\"BreadcrumbList\",\"@id\":\"https:\/\/experienciadevida.com.ar\/portalurbano\/el-relator-especial-de-naciones-unidas-fabian-salvioli-presentara-su-ultimo-libro-en-la-facultad-de-derecho-de-la-unicen\/#breadcrumb\",\"itemListElement\":[{\"@type\":\"ListItem\",\"position\":1,\"name\":\"Portada\",\"item\":\"https:\/\/experienciadevida.com.ar\/portalurbano\/\"},{\"@type\":\"ListItem\",\"position\":2,\"name\":\"El Relator Especial de Naciones Unidas Fabi\u00e1n Salvioli presentar\u00e1 su \u00faltimo libro en la Facultad de Derecho de la UNICEN\"}]},{\"@type\":\"WebSite\",\"@id\":\"https:\/\/experienciadevida.com.ar\/portalurbano\/#website\",\"url\":\"https:\/\/experienciadevida.com.ar\/portalurbano\/\",\"name\":\"\",\"description\":\"\",\"publisher\":{\"@id\":\"https:\/\/experienciadevida.com.ar\/portalurbano\/#organization\"},\"potentialAction\":[{\"@type\":\"SearchAction\",\"target\":{\"@type\":\"EntryPoint\",\"urlTemplate\":\"https:\/\/experienciadevida.com.ar\/portalurbano\/?s={search_term_string}\"},\"query-input\":\"required name=search_term_string\"}],\"inLanguage\":\"es\"},{\"@type\":\"Organization\",\"@id\":\"https:\/\/experienciadevida.com.ar\/portalurbano\/#organization\",\"name\":\"Portal Urbano\",\"url\":\"https:\/\/experienciadevida.com.ar\/portalurbano\/\",\"logo\":{\"@type\":\"ImageObject\",\"inLanguage\":\"es\",\"@id\":\"https:\/\/experienciadevida.com.ar\/portalurbano\/#\/schema\/logo\/image\/\",\"url\":\"https:\/\/experienciadevida.com.ar\/portalurbano\/wp-content\/uploads\/2019\/09\/Logo-Original.png\",\"contentUrl\":\"https:\/\/experienciadevida.com.ar\/portalurbano\/wp-content\/uploads\/2019\/09\/Logo-Original.png\",\"width\":2236,\"height\":1216,\"caption\":\"Portal Urbano\"},\"image\":{\"@id\":\"https:\/\/experienciadevida.com.ar\/portalurbano\/#\/schema\/logo\/image\/\"},\"sameAs\":[\"https:\/\/www.facebook.com\/Portal-Urbano-171542830093757\/\",\"https:\/\/twitter.com\/portalurbanook\",\"https:\/\/www.instagram.com\/_portalurbano\/\",\"https:\/\/www.youtube.com\/channel\/UCXhagIfszH8KxFiOok79zbA?view_as=subscriber\"]},{\"@type\":\"Person\",\"@id\":\"https:\/\/experienciadevida.com.ar\/portalurbano\/#\/schema\/person\/02dd326b1c4b056e9cc972486934a3a7\",\"name\":\"admpu17wp\",\"image\":{\"@type\":\"ImageObject\",\"inLanguage\":\"es\",\"@id\":\"https:\/\/experienciadevida.com.ar\/portalurbano\/#\/schema\/person\/image\/\",\"url\":\"https:\/\/secure.gravatar.com\/avatar\/830d4c57adaae6630765e449a6908047?s=96&d=mm&r=g\",\"contentUrl\":\"https:\/\/secure.gravatar.com\/avatar\/830d4c57adaae6630765e449a6908047?s=96&d=mm&r=g\",\"caption\":\"admpu17wp\"}}]}<\/script>\n<!-- \/ Yoast SEO plugin. -->","yoast_head_json":{"title":"El relator especial de naciones unidas presentar\u00e1 su \u00faltimo libro","description":"El Relator Especial de Naciones Unidas Fabi\u00e1n Salvioli presentar\u00e1 su \u00faltimo libro en la Facultad de Derecho de la UNICEN.","robots":{"index":"index","follow":"follow","max-snippet":"max-snippet:-1","max-image-preview":"max-image-preview:large","max-video-preview":"max-video-preview:-1"},"canonical":"https:\/\/experienciadevida.com.ar\/portalurbano\/el-relator-especial-de-naciones-unidas-fabian-salvioli-presentara-su-ultimo-libro-en-la-facultad-de-derecho-de-la-unicen\/","og_locale":"es_ES","og_type":"article","og_title":"El relator especial de naciones unidas presentar\u00e1 su \u00faltimo libro","og_description":"El Relator Especial de Naciones Unidas Fabi\u00e1n Salvioli presentar\u00e1 su \u00faltimo libro en la Facultad de Derecho de la UNICEN.","og_url":"https:\/\/experienciadevida.com.ar\/portalurbano\/el-relator-especial-de-naciones-unidas-fabian-salvioli-presentara-su-ultimo-libro-en-la-facultad-de-derecho-de-la-unicen\/","article_publisher":"https:\/\/www.facebook.com\/Portal-Urbano-171542830093757\/","article_published_time":"2022-08-12T17:39:07+00:00","article_modified_time":"2022-08-12T17:40:07+00:00","og_image":[{"width":2000,"height":2500,"url":"https:\/\/experienciadevida.com.ar\/portalurbano\/wp-content\/uploads\/2022\/08\/El-Relator-Especial-de.jpg","type":"image\/jpeg"}],"author":"admpu17wp","twitter_card":"summary_large_image","twitter_creator":"@portalurbanook","twitter_site":"@portalurbanook","twitter_misc":{"Escrito por":"admpu17wp","Tiempo de lectura":"3 minutos"},"schema":{"@context":"https:\/\/schema.org","@graph":[{"@type":"Article","@id":"https:\/\/experienciadevida.com.ar\/portalurbano\/el-relator-especial-de-naciones-unidas-fabian-salvioli-presentara-su-ultimo-libro-en-la-facultad-de-derecho-de-la-unicen\/#article","isPartOf":{"@id":"https:\/\/experienciadevida.com.ar\/portalurbano\/el-relator-especial-de-naciones-unidas-fabian-salvioli-presentara-su-ultimo-libro-en-la-facultad-de-derecho-de-la-unicen\/"},"author":{"name":"admpu17wp","@id":"https:\/\/experienciadevida.com.ar\/portalurbano\/#\/schema\/person\/02dd326b1c4b056e9cc972486934a3a7"},"headline":"El Relator Especial de Naciones Unidas Fabi\u00e1n Salvioli presentar\u00e1 su \u00faltimo libro en la Facultad de Derecho de la UNICEN","datePublished":"2022-08-12T17:39:07+00:00","dateModified":"2022-08-12T17:40:07+00:00","mainEntityOfPage":{"@id":"https:\/\/experienciadevida.com.ar\/portalurbano\/el-relator-especial-de-naciones-unidas-fabian-salvioli-presentara-su-ultimo-libro-en-la-facultad-de-derecho-de-la-unicen\/"},"wordCount":519,"publisher":{"@id":"https:\/\/experienciadevida.com.ar\/portalurbano\/#organization"},"articleSection":["Educaci\u00f3n"],"inLanguage":"es"},{"@type":"WebPage","@id":"https:\/\/experienciadevida.com.ar\/portalurbano\/el-relator-especial-de-naciones-unidas-fabian-salvioli-presentara-su-ultimo-libro-en-la-facultad-de-derecho-de-la-unicen\/","url":"https:\/\/experienciadevida.com.ar\/portalurbano\/el-relator-especial-de-naciones-unidas-fabian-salvioli-presentara-su-ultimo-libro-en-la-facultad-de-derecho-de-la-unicen\/","name":"El relator especial de naciones unidas presentar\u00e1 su \u00faltimo libro","isPartOf":{"@id":"https:\/\/experienciadevida.com.ar\/portalurbano\/#website"},"datePublished":"2022-08-12T17:39:07+00:00","dateModified":"2022-08-12T17:40:07+00:00","description":"El Relator Especial de Naciones Unidas Fabi\u00e1n Salvioli presentar\u00e1 su \u00faltimo libro en la Facultad de Derecho de la UNICEN.","breadcrumb":{"@id":"https:\/\/experienciadevida.com.ar\/portalurbano\/el-relator-especial-de-naciones-unidas-fabian-salvioli-presentara-su-ultimo-libro-en-la-facultad-de-derecho-de-la-unicen\/#breadcrumb"},"inLanguage":"es","potentialAction":[{"@type":"ReadAction","target":["https:\/\/experienciadevida.com.ar\/portalurbano\/el-relator-especial-de-naciones-unidas-fabian-salvioli-presentara-su-ultimo-libro-en-la-facultad-de-derecho-de-la-unicen\/"]}]},{"@type":"BreadcrumbList","@id":"https:\/\/experienciadevida.com.ar\/portalurbano\/el-relator-especial-de-naciones-unidas-fabian-salvioli-presentara-su-ultimo-libro-en-la-facultad-de-derecho-de-la-unicen\/#breadcrumb","itemListElement":[{"@type":"ListItem","position":1,"name":"Portada","item":"https:\/\/experienciadevida.com.ar\/portalurbano\/"},{"@type":"ListItem","position":2,"name":"El Relator Especial de Naciones Unidas Fabi\u00e1n Salvioli presentar\u00e1 su \u00faltimo libro en la Facultad de Derecho de la UNICEN"}]},{"@type":"WebSite","@id":"https:\/\/experienciadevida.com.ar\/portalurbano\/#website","url":"https:\/\/experienciadevida.com.ar\/portalurbano\/","name":"","description":"","publisher":{"@id":"https:\/\/experienciadevida.com.ar\/portalurbano\/#organization"},"potentialAction":[{"@type":"SearchAction","target":{"@type":"EntryPoint","urlTemplate":"https:\/\/experienciadevida.com.ar\/portalurbano\/?s={search_term_string}"},"query-input":"required name=search_term_string"}],"inLanguage":"es"},{"@type":"Organization","@id":"https:\/\/experienciadevida.com.ar\/portalurbano\/#organization","name":"Portal Urbano","url":"https:\/\/experienciadevida.com.ar\/portalurbano\/","logo":{"@type":"ImageObject","inLanguage":"es","@id":"https:\/\/experienciadevida.com.ar\/portalurbano\/#\/schema\/logo\/image\/","url":"https:\/\/experienciadevida.com.ar\/portalurbano\/wp-content\/uploads\/2019\/09\/Logo-Original.png","contentUrl":"https:\/\/experienciadevida.com.ar\/portalurbano\/wp-content\/uploads\/2019\/09\/Logo-Original.png","width":2236,"height":1216,"caption":"Portal Urbano"},"image":{"@id":"https:\/\/experienciadevida.com.ar\/portalurbano\/#\/schema\/logo\/image\/"},"sameAs":["https:\/\/www.facebook.com\/Portal-Urbano-171542830093757\/","https:\/\/twitter.com\/portalurbanook","https:\/\/www.instagram.com\/_portalurbano\/","https:\/\/www.youtube.com\/channel\/UCXhagIfszH8KxFiOok79zbA?view_as=subscriber"]},{"@type":"Person","@id":"https:\/\/experienciadevida.com.ar\/portalurbano\/#\/schema\/person\/02dd326b1c4b056e9cc972486934a3a7","name":"admpu17wp","image":{"@type":"ImageObject","inLanguage":"es","@id":"https:\/\/experienciadevida.com.ar\/portalurbano\/#\/schema\/person\/image\/","url":"https:\/\/secure.gravatar.com\/avatar\/830d4c57adaae6630765e449a6908047?s=96&d=mm&r=g","contentUrl":"https:\/\/secure.gravatar.com\/avatar\/830d4c57adaae6630765e449a6908047?s=96&d=mm&r=g","caption":"admpu17wp"}}]}},"featured_image_urls":{"full":["https:\/\/experienciadevida.com.ar\/portalurbano\/wp-content\/uploads\/2022\/08\/El-Relator-Especial-de.jpg",2000,2500,false],"thumbnail":["https:\/\/experienciadevida.com.ar\/portalurbano\/wp-content\/uploads\/2022\/08\/El-Relator-Especial-de-150x150.jpg",150,150,true],"medium":["https:\/\/experienciadevida.com.ar\/portalurbano\/wp-content\/uploads\/2022\/08\/El-Relator-Especial-de-240x300.jpg",240,300,true],"medium_large":["https:\/\/experienciadevida.com.ar\/portalurbano\/wp-content\/uploads\/2022\/08\/El-Relator-Especial-de-768x960.jpg",640,800,true],"large":["https:\/\/experienciadevida.com.ar\/portalurbano\/wp-content\/uploads\/2022\/08\/El-Relator-Especial-de-819x1024.jpg",640,800,true],"ug_big":["https:\/\/experienciadevida.com.ar\/portalurbano\/wp-content\/uploads\/2022\/08\/El-Relator-Especial-de-614x768.jpg",614,768,true],"1536x1536":["https:\/\/experienciadevida.com.ar\/portalurbano\/wp-content\/uploads\/2022\/08\/El-Relator-Especial-de-1229x1536.jpg",1229,1536,true],"2048x2048":["https:\/\/experienciadevida.com.ar\/portalurbano\/wp-content\/uploads\/2022\/08\/El-Relator-Especial-de-1638x2048.jpg",1638,2048,true],"newsever-slider-full":["https:\/\/experienciadevida.com.ar\/portalurbano\/wp-content\/uploads\/2022\/08\/El-Relator-Especial-de.jpg",676,845,false],"newsever-featured":["https:\/\/experienciadevida.com.ar\/portalurbano\/wp-content\/uploads\/2022\/08\/El-Relator-Especial-de.jpg",1024,1280,false],"newsever-medium":["https:\/\/experienciadevida.com.ar\/portalurbano\/wp-content\/uploads\/2022\/08\/El-Relator-Especial-de.jpg",380,475,false],"web-stories-poster-portrait":["https:\/\/experienciadevida.com.ar\/portalurbano\/wp-content\/uploads\/2022\/08\/El-Relator-Especial-de-640x853.jpg",640,853,true],"web-stories-publisher-logo":["https:\/\/experienciadevida.com.ar\/portalurbano\/wp-content\/uploads\/2022\/08\/El-Relator-Especial-de-96x96.jpg",96,96,true],"web-stories-thumbnail":["https:\/\/experienciadevida.com.ar\/portalurbano\/wp-content\/uploads\/2022\/08\/El-Relator-Especial-de-150x188.jpg",150,188,true]},"author_info":{"display_name":"admpu17wp","author_link":"https:\/\/experienciadevida.com.ar\/portalurbano\/author\/admpu17wp\/"},"category_info":"<a href=\"https:\/\/experienciadevida.com.ar\/portalurbano\/category\/ciudad\/educacion\/\" rel=\"category tag\">Educaci\u00f3n<\/a>","tag_info":"Educaci\u00f3n","comment_count":"0","amp_enabled":true,"_links":{"self":[{"href":"https:\/\/experienciadevida.com.ar\/portalurbano\/wp-json\/wp\/v2\/posts\/173124"}],"collection":[{"href":"https:\/\/experienciadevida.com.ar\/portalurbano\/wp-json\/wp\/v2\/posts"}],"about":[{"href":"https:\/\/experienciadevida.com.ar\/portalurbano\/wp-json\/wp\/v2\/types\/post"}],"author":[{"embeddable":true,"href":"https:\/\/experienciadevida.com.ar\/portalurbano\/wp-json\/wp\/v2\/users\/1"}],"replies":[{"embeddable":true,"href":"https:\/\/experienciadevida.com.ar\/portalurbano\/wp-json\/wp\/v2\/comments?post=173124"}],"version-history":[{"count":1,"href":"https:\/\/experienciadevida.com.ar\/portalurbano\/wp-json\/wp\/v2\/posts\/173124\/revisions"}],"predecessor-version":[{"id":173126,"href":"https:\/\/experienciadevida.com.ar\/portalurbano\/wp-json\/wp\/v2\/posts\/173124\/revisions\/173126"}],"wp:featuredmedia":[{"embeddable":true,"href":"https:\/\/experienciadevida.com.ar\/portalurbano\/wp-json\/wp\/v2\/media\/173125"}],"wp:attachment":[{"href":"https:\/\/experienciadevida.com.ar\/portalurbano\/wp-json\/wp\/v2\/media?parent=173124"}],"wp:term":[{"taxonomy":"category","embeddable":true,"href":"https:\/\/experienciadevida.com.ar\/portalurbano\/wp-json\/wp\/v2\/categories?post=173124"},{"taxonomy":"post_tag","embeddable":true,"href":"https:\/\/experienciadevida.com.ar\/portalurbano\/wp-json\/wp\/v2\/tags?post=173124"}],"curies":[{"name":"wp","href":"https:\/\/api.w.org\/{rel}","templated":true}]}}