{"id":173096,"date":"2022-08-12T13:47:16","date_gmt":"2022-08-12T16:47:16","guid":{"rendered":"https:\/\/experienciadevida.com.ar\/portalurbano\/?p=173096"},"modified":"2022-08-12T13:50:01","modified_gmt":"2022-08-12T16:50:01","slug":"sebastian-matrella-se-reunio-con-la-mesa-agropecuaria-local","status":"publish","type":"post","link":"https:\/\/experienciadevida.com.ar\/portalurbano\/sebastian-matrella-se-reunio-con-la-mesa-agropecuaria-local\/","title":{"rendered":"Sebasti\u00e1n Matrella se reuni\u00f3 con la Mesa Agropecuaria Local"},"content":{"rendered":"<p>Sebasti\u00e1n <a href=\"https:\/\/www.instagram.com\/sebastianmatrella\/\">Matrella<\/a> se reuni\u00f3 con la Mesa Agropecuaria Local, el encuentro se llev\u00f3 a cabo este mi\u00e9rcoles. El objetivo fue dialogar sobre un proyecto que la UCR est\u00e1 trabajando relacionado con la utilizaci\u00f3n de la georeferenciaci\u00f3n que posee el Partido sobre los establecimientos rurales.<\/p>\n<p>El concejal del bloque UCR-Juntos, Sebasti\u00e1n Matrella, mantuvo una reuni\u00f3n con la Mesa Agropecuaria Local.<\/p>\n<p>El encuentro se llev\u00f3 a cabo este mi\u00e9rcoles, con el objetivo de dialogar sobre un Proyecto de Ordenanza en el que vienen trabajando desde el espacio, relacionado con la utilizaci\u00f3n de la georeferenciaci\u00f3n que posee el Partido de Olavarr\u00eda sobre los establecimientos rurales.<\/p>\n<p>En este sentido, el edil manifest\u00f3 que &#8220;queremos aprovechar toda la informaci\u00f3n y el trabajo que se hizo desde la Municipalidad en georeferenciaci\u00f3n de tranqueras en los campos del Partido con el aporte de la FUNSAGA local y que ser\u00e1 de mucha utilidad para empezar a implementar el sistema&#8221;.<\/p>\n","protected":false},"excerpt":{"rendered":"<p>Sebasti\u00e1n Matrella se reuni\u00f3 con la Mesa Agropecuaria Local, el encuentro se llev\u00f3 a cabo&#8230;<\/p>\n","protected":false},"author":1,"featured_media":173097,"comment_status":"closed","ping_status":"closed","sticky":false,"template":"","format":"standard","meta":{"content-type":""},"categories":[27,51],"tags":[],"nelio_content":{"isAutoShareEnabled":false,"autoShareEndMode":"default","automationSources":{"useContentSentences":true,"useSocialTemplates":true,"useCustomSentences":false,"customSentences":[]},"followers":[1],"suggestedReferences":[],"includedReferences":[],"efiUrl":"","efiAlt":"","highlights":[]},"yoast_head":"<!-- This site is optimized with the Yoast SEO plugin v20.7 - https:\/\/yoast.com\/wordpress\/plugins\/seo\/ -->\n<title>Sebasti\u00e1n Matrella se reuni\u00f3 con la Mesa agropecuaria local<\/title>\n<meta name=\"description\" content=\"Sebasti\u00e1n Matrella se reuni\u00f3 con la Mesa Agropecuaria Local, el encuentro se llev\u00f3 a cabo este mi\u00e9rcoles. El objetivo fue dialogar\" \/>\n<meta name=\"robots\" content=\"index, follow, max-snippet:-1, max-image-preview:large, max-video-preview:-1\" \/>\n<link rel=\"canonical\" href=\"https:\/\/experienciadevida.com.ar\/portalurbano\/sebastian-matrella-se-reunio-con-la-mesa-agropecuaria-local\/\" \/>\n<meta property=\"og:locale\" content=\"es_ES\" \/>\n<meta property=\"og:type\" content=\"article\" \/>\n<meta property=\"og:title\" content=\"Sebasti\u00e1n Matrella se reuni\u00f3 con la Mesa agropecuaria local\" \/>\n<meta property=\"og:description\" content=\"Sebasti\u00e1n Matrella se reuni\u00f3 con la Mesa Agropecuaria Local, el encuentro se llev\u00f3 a cabo este mi\u00e9rcoles. El objetivo fue dialogar\" \/>\n<meta property=\"og:url\" content=\"https:\/\/experienciadevida.com.ar\/portalurbano\/sebastian-matrella-se-reunio-con-la-mesa-agropecuaria-local\/\" \/>\n<meta property=\"article:publisher\" content=\"https:\/\/www.facebook.com\/Portal-Urbano-171542830093757\/\" \/>\n<meta property=\"article:published_time\" content=\"2022-08-12T16:47:16+00:00\" \/>\n<meta property=\"article:modified_time\" content=\"2022-08-12T16:50:01+00:00\" \/>\n<meta property=\"og:image\" content=\"https:\/\/experienciadevida.com.ar\/portalurbano\/wp-content\/uploads\/2022\/08\/Sebastian-Matrella-se-reunio.jpg\" \/>\n\t<meta property=\"og:image:width\" content=\"1280\" \/>\n\t<meta property=\"og:image:height\" content=\"960\" \/>\n\t<meta property=\"og:image:type\" content=\"image\/jpeg\" \/>\n<meta name=\"author\" content=\"admpu17wp\" \/>\n<meta name=\"twitter:card\" content=\"summary_large_image\" \/>\n<meta name=\"twitter:creator\" content=\"@portalurbanook\" \/>\n<meta name=\"twitter:site\" content=\"@portalurbanook\" \/>\n<meta name=\"twitter:label1\" content=\"Escrito por\" \/>\n\t<meta name=\"twitter:data1\" content=\"admpu17wp\" \/>\n\t<meta name=\"twitter:label2\" content=\"Tiempo de lectura\" \/>\n\t<meta name=\"twitter:data2\" content=\"1 minuto\" \/>\n<script type=\"application\/ld+json\" class=\"yoast-schema-graph\">{\"@context\":\"https:\/\/schema.org\",\"@graph\":[{\"@type\":\"Article\",\"@id\":\"https:\/\/experienciadevida.com.ar\/portalurbano\/sebastian-matrella-se-reunio-con-la-mesa-agropecuaria-local\/#article\",\"isPartOf\":{\"@id\":\"https:\/\/experienciadevida.com.ar\/portalurbano\/sebastian-matrella-se-reunio-con-la-mesa-agropecuaria-local\/\"},\"author\":{\"name\":\"admpu17wp\",\"@id\":\"https:\/\/experienciadevida.com.ar\/portalurbano\/#\/schema\/person\/02dd326b1c4b056e9cc972486934a3a7\"},\"headline\":\"Sebasti\u00e1n Matrella se reuni\u00f3 con la Mesa Agropecuaria Local\",\"datePublished\":\"2022-08-12T16:47:16+00:00\",\"dateModified\":\"2022-08-12T16:50:01+00:00\",\"mainEntityOfPage\":{\"@id\":\"https:\/\/experienciadevida.com.ar\/portalurbano\/sebastian-matrella-se-reunio-con-la-mesa-agropecuaria-local\/\"},\"wordCount\":173,\"publisher\":{\"@id\":\"https:\/\/experienciadevida.com.ar\/portalurbano\/#organization\"},\"articleSection\":[\"Ciudad\",\"Destacadas\"],\"inLanguage\":\"es\"},{\"@type\":\"WebPage\",\"@id\":\"https:\/\/experienciadevida.com.ar\/portalurbano\/sebastian-matrella-se-reunio-con-la-mesa-agropecuaria-local\/\",\"url\":\"https:\/\/experienciadevida.com.ar\/portalurbano\/sebastian-matrella-se-reunio-con-la-mesa-agropecuaria-local\/\",\"name\":\"Sebasti\u00e1n Matrella se reuni\u00f3 con la Mesa agropecuaria local\",\"isPartOf\":{\"@id\":\"https:\/\/experienciadevida.com.ar\/portalurbano\/#website\"},\"datePublished\":\"2022-08-12T16:47:16+00:00\",\"dateModified\":\"2022-08-12T16:50:01+00:00\",\"description\":\"Sebasti\u00e1n Matrella se reuni\u00f3 con la Mesa Agropecuaria Local, el encuentro se llev\u00f3 a cabo este mi\u00e9rcoles. El objetivo fue dialogar\",\"breadcrumb\":{\"@id\":\"https:\/\/experienciadevida.com.ar\/portalurbano\/sebastian-matrella-se-reunio-con-la-mesa-agropecuaria-local\/#breadcrumb\"},\"inLanguage\":\"es\",\"potentialAction\":[{\"@type\":\"ReadAction\",\"target\":[\"https:\/\/experienciadevida.com.ar\/portalurbano\/sebastian-matrella-se-reunio-con-la-mesa-agropecuaria-local\/\"]}]},{\"@type\":\"BreadcrumbList\",\"@id\":\"https:\/\/experienciadevida.com.ar\/portalurbano\/sebastian-matrella-se-reunio-con-la-mesa-agropecuaria-local\/#breadcrumb\",\"itemListElement\":[{\"@type\":\"ListItem\",\"position\":1,\"name\":\"Portada\",\"item\":\"https:\/\/experienciadevida.com.ar\/portalurbano\/\"},{\"@type\":\"ListItem\",\"position\":2,\"name\":\"Sebasti\u00e1n Matrella se reuni\u00f3 con la Mesa Agropecuaria Local\"}]},{\"@type\":\"WebSite\",\"@id\":\"https:\/\/experienciadevida.com.ar\/portalurbano\/#website\",\"url\":\"https:\/\/experienciadevida.com.ar\/portalurbano\/\",\"name\":\"\",\"description\":\"\",\"publisher\":{\"@id\":\"https:\/\/experienciadevida.com.ar\/portalurbano\/#organization\"},\"potentialAction\":[{\"@type\":\"SearchAction\",\"target\":{\"@type\":\"EntryPoint\",\"urlTemplate\":\"https:\/\/experienciadevida.com.ar\/portalurbano\/?s={search_term_string}\"},\"query-input\":\"required name=search_term_string\"}],\"inLanguage\":\"es\"},{\"@type\":\"Organization\",\"@id\":\"https:\/\/experienciadevida.com.ar\/portalurbano\/#organization\",\"name\":\"Portal Urbano\",\"url\":\"https:\/\/experienciadevida.com.ar\/portalurbano\/\",\"logo\":{\"@type\":\"ImageObject\",\"inLanguage\":\"es\",\"@id\":\"https:\/\/experienciadevida.com.ar\/portalurbano\/#\/schema\/logo\/image\/\",\"url\":\"https:\/\/experienciadevida.com.ar\/portalurbano\/wp-content\/uploads\/2019\/09\/Logo-Original.png\",\"contentUrl\":\"https:\/\/experienciadevida.com.ar\/portalurbano\/wp-content\/uploads\/2019\/09\/Logo-Original.png\",\"width\":2236,\"height\":1216,\"caption\":\"Portal Urbano\"},\"image\":{\"@id\":\"https:\/\/experienciadevida.com.ar\/portalurbano\/#\/schema\/logo\/image\/\"},\"sameAs\":[\"https:\/\/www.facebook.com\/Portal-Urbano-171542830093757\/\",\"https:\/\/twitter.com\/portalurbanook\",\"https:\/\/www.instagram.com\/_portalurbano\/\",\"https:\/\/www.youtube.com\/channel\/UCXhagIfszH8KxFiOok79zbA?view_as=subscriber\"]},{\"@type\":\"Person\",\"@id\":\"https:\/\/experienciadevida.com.ar\/portalurbano\/#\/schema\/person\/02dd326b1c4b056e9cc972486934a3a7\",\"name\":\"admpu17wp\",\"image\":{\"@type\":\"ImageObject\",\"inLanguage\":\"es\",\"@id\":\"https:\/\/experienciadevida.com.ar\/portalurbano\/#\/schema\/person\/image\/\",\"url\":\"https:\/\/secure.gravatar.com\/avatar\/830d4c57adaae6630765e449a6908047?s=96&d=mm&r=g\",\"contentUrl\":\"https:\/\/secure.gravatar.com\/avatar\/830d4c57adaae6630765e449a6908047?s=96&d=mm&r=g\",\"caption\":\"admpu17wp\"}}]}<\/script>\n<!-- \/ Yoast SEO plugin. -->","yoast_head_json":{"title":"Sebasti\u00e1n Matrella se reuni\u00f3 con la Mesa agropecuaria local","description":"Sebasti\u00e1n Matrella se reuni\u00f3 con la Mesa Agropecuaria Local, el encuentro se llev\u00f3 a cabo este mi\u00e9rcoles. El objetivo fue dialogar","robots":{"index":"index","follow":"follow","max-snippet":"max-snippet:-1","max-image-preview":"max-image-preview:large","max-video-preview":"max-video-preview:-1"},"canonical":"https:\/\/experienciadevida.com.ar\/portalurbano\/sebastian-matrella-se-reunio-con-la-mesa-agropecuaria-local\/","og_locale":"es_ES","og_type":"article","og_title":"Sebasti\u00e1n Matrella se reuni\u00f3 con la Mesa agropecuaria local","og_description":"Sebasti\u00e1n Matrella se reuni\u00f3 con la Mesa Agropecuaria Local, el encuentro se llev\u00f3 a cabo este mi\u00e9rcoles. El objetivo fue dialogar","og_url":"https:\/\/experienciadevida.com.ar\/portalurbano\/sebastian-matrella-se-reunio-con-la-mesa-agropecuaria-local\/","article_publisher":"https:\/\/www.facebook.com\/Portal-Urbano-171542830093757\/","article_published_time":"2022-08-12T16:47:16+00:00","article_modified_time":"2022-08-12T16:50:01+00:00","og_image":[{"width":1280,"height":960,"url":"https:\/\/experienciadevida.com.ar\/portalurbano\/wp-content\/uploads\/2022\/08\/Sebastian-Matrella-se-reunio.jpg","type":"image\/jpeg"}],"author":"admpu17wp","twitter_card":"summary_large_image","twitter_creator":"@portalurbanook","twitter_site":"@portalurbanook","twitter_misc":{"Escrito por":"admpu17wp","Tiempo de lectura":"1 minuto"},"schema":{"@context":"https:\/\/schema.org","@graph":[{"@type":"Article","@id":"https:\/\/experienciadevida.com.ar\/portalurbano\/sebastian-matrella-se-reunio-con-la-mesa-agropecuaria-local\/#article","isPartOf":{"@id":"https:\/\/experienciadevida.com.ar\/portalurbano\/sebastian-matrella-se-reunio-con-la-mesa-agropecuaria-local\/"},"author":{"name":"admpu17wp","@id":"https:\/\/experienciadevida.com.ar\/portalurbano\/#\/schema\/person\/02dd326b1c4b056e9cc972486934a3a7"},"headline":"Sebasti\u00e1n Matrella se reuni\u00f3 con la Mesa Agropecuaria Local","datePublished":"2022-08-12T16:47:16+00:00","dateModified":"2022-08-12T16:50:01+00:00","mainEntityOfPage":{"@id":"https:\/\/experienciadevida.com.ar\/portalurbano\/sebastian-matrella-se-reunio-con-la-mesa-agropecuaria-local\/"},"wordCount":173,"publisher":{"@id":"https:\/\/experienciadevida.com.ar\/portalurbano\/#organization"},"articleSection":["Ciudad","Destacadas"],"inLanguage":"es"},{"@type":"WebPage","@id":"https:\/\/experienciadevida.com.ar\/portalurbano\/sebastian-matrella-se-reunio-con-la-mesa-agropecuaria-local\/","url":"https:\/\/experienciadevida.com.ar\/portalurbano\/sebastian-matrella-se-reunio-con-la-mesa-agropecuaria-local\/","name":"Sebasti\u00e1n Matrella se reuni\u00f3 con la Mesa agropecuaria local","isPartOf":{"@id":"https:\/\/experienciadevida.com.ar\/portalurbano\/#website"},"datePublished":"2022-08-12T16:47:16+00:00","dateModified":"2022-08-12T16:50:01+00:00","description":"Sebasti\u00e1n Matrella se reuni\u00f3 con la Mesa Agropecuaria Local, el encuentro se llev\u00f3 a cabo este mi\u00e9rcoles. El objetivo fue dialogar","breadcrumb":{"@id":"https:\/\/experienciadevida.com.ar\/portalurbano\/sebastian-matrella-se-reunio-con-la-mesa-agropecuaria-local\/#breadcrumb"},"inLanguage":"es","potentialAction":[{"@type":"ReadAction","target":["https:\/\/experienciadevida.com.ar\/portalurbano\/sebastian-matrella-se-reunio-con-la-mesa-agropecuaria-local\/"]}]},{"@type":"BreadcrumbList","@id":"https:\/\/experienciadevida.com.ar\/portalurbano\/sebastian-matrella-se-reunio-con-la-mesa-agropecuaria-local\/#breadcrumb","itemListElement":[{"@type":"ListItem","position":1,"name":"Portada","item":"https:\/\/experienciadevida.com.ar\/portalurbano\/"},{"@type":"ListItem","position":2,"name":"Sebasti\u00e1n Matrella se reuni\u00f3 con la Mesa Agropecuaria Local"}]},{"@type":"WebSite","@id":"https:\/\/experienciadevida.com.ar\/portalurbano\/#website","url":"https:\/\/experienciadevida.com.ar\/portalurbano\/","name":"","description":"","publisher":{"@id":"https:\/\/experienciadevida.com.ar\/portalurbano\/#organization"},"potentialAction":[{"@type":"SearchAction","target":{"@type":"EntryPoint","urlTemplate":"https:\/\/experienciadevida.com.ar\/portalurbano\/?s={search_term_string}"},"query-input":"required name=search_term_string"}],"inLanguage":"es"},{"@type":"Organization","@id":"https:\/\/experienciadevida.com.ar\/portalurbano\/#organization","name":"Portal Urbano","url":"https:\/\/experienciadevida.com.ar\/portalurbano\/","logo":{"@type":"ImageObject","inLanguage":"es","@id":"https:\/\/experienciadevida.com.ar\/portalurbano\/#\/schema\/logo\/image\/","url":"https:\/\/experienciadevida.com.ar\/portalurbano\/wp-content\/uploads\/2019\/09\/Logo-Original.png","contentUrl":"https:\/\/experienciadevida.com.ar\/portalurbano\/wp-content\/uploads\/2019\/09\/Logo-Original.png","width":2236,"height":1216,"caption":"Portal Urbano"},"image":{"@id":"https:\/\/experienciadevida.com.ar\/portalurbano\/#\/schema\/logo\/image\/"},"sameAs":["https:\/\/www.facebook.com\/Portal-Urbano-171542830093757\/","https:\/\/twitter.com\/portalurbanook","https:\/\/www.instagram.com\/_portalurbano\/","https:\/\/www.youtube.com\/channel\/UCXhagIfszH8KxFiOok79zbA?view_as=subscriber"]},{"@type":"Person","@id":"https:\/\/experienciadevida.com.ar\/portalurbano\/#\/schema\/person\/02dd326b1c4b056e9cc972486934a3a7","name":"admpu17wp","image":{"@type":"ImageObject","inLanguage":"es","@id":"https:\/\/experienciadevida.com.ar\/portalurbano\/#\/schema\/person\/image\/","url":"https:\/\/secure.gravatar.com\/avatar\/830d4c57adaae6630765e449a6908047?s=96&d=mm&r=g","contentUrl":"https:\/\/secure.gravatar.com\/avatar\/830d4c57adaae6630765e449a6908047?s=96&d=mm&r=g","caption":"admpu17wp"}}]}},"featured_image_urls":{"full":["https:\/\/experienciadevida.com.ar\/portalurbano\/wp-content\/uploads\/2022\/08\/Sebastian-Matrella-se-reunio.jpg",1280,960,false],"thumbnail":["https:\/\/experienciadevida.com.ar\/portalurbano\/wp-content\/uploads\/2022\/08\/Sebastian-Matrella-se-reunio-150x150.jpg",150,150,true],"medium":["https:\/\/experienciadevida.com.ar\/portalurbano\/wp-content\/uploads\/2022\/08\/Sebastian-Matrella-se-reunio-300x225.jpg",300,225,true],"medium_large":["https:\/\/experienciadevida.com.ar\/portalurbano\/wp-content\/uploads\/2022\/08\/Sebastian-Matrella-se-reunio-768x576.jpg",640,480,true],"large":["https:\/\/experienciadevida.com.ar\/portalurbano\/wp-content\/uploads\/2022\/08\/Sebastian-Matrella-se-reunio-1024x768.jpg",640,480,true],"ug_big":["https:\/\/experienciadevida.com.ar\/portalurbano\/wp-content\/uploads\/2022\/08\/Sebastian-Matrella-se-reunio-768x576.jpg",768,576,true],"1536x1536":["https:\/\/experienciadevida.com.ar\/portalurbano\/wp-content\/uploads\/2022\/08\/Sebastian-Matrella-se-reunio.jpg",1280,960,false],"2048x2048":["https:\/\/experienciadevida.com.ar\/portalurbano\/wp-content\/uploads\/2022\/08\/Sebastian-Matrella-se-reunio.jpg",1280,960,false],"newsever-slider-full":["https:\/\/experienciadevida.com.ar\/portalurbano\/wp-content\/uploads\/2022\/08\/Sebastian-Matrella-se-reunio.jpg",1127,845,false],"newsever-featured":["https:\/\/experienciadevida.com.ar\/portalurbano\/wp-content\/uploads\/2022\/08\/Sebastian-Matrella-se-reunio.jpg",1024,768,false],"newsever-medium":["https:\/\/experienciadevida.com.ar\/portalurbano\/wp-content\/uploads\/2022\/08\/Sebastian-Matrella-se-reunio.jpg",633,475,false],"web-stories-poster-portrait":["https:\/\/experienciadevida.com.ar\/portalurbano\/wp-content\/uploads\/2022\/08\/Sebastian-Matrella-se-reunio-640x853.jpg",640,853,true],"web-stories-publisher-logo":["https:\/\/experienciadevida.com.ar\/portalurbano\/wp-content\/uploads\/2022\/08\/Sebastian-Matrella-se-reunio-96x96.jpg",96,96,true],"web-stories-thumbnail":["https:\/\/experienciadevida.com.ar\/portalurbano\/wp-content\/uploads\/2022\/08\/Sebastian-Matrella-se-reunio-150x113.jpg",150,113,true]},"author_info":{"display_name":"admpu17wp","author_link":"https:\/\/experienciadevida.com.ar\/portalurbano\/author\/admpu17wp\/"},"category_info":"<a href=\"https:\/\/experienciadevida.com.ar\/portalurbano\/category\/ciudad\/\" rel=\"category tag\">Ciudad<\/a> <a href=\"https:\/\/experienciadevida.com.ar\/portalurbano\/category\/destacadas\/\" rel=\"category tag\">Destacadas<\/a>","tag_info":"Destacadas","comment_count":"0","amp_enabled":true,"_links":{"self":[{"href":"https:\/\/experienciadevida.com.ar\/portalurbano\/wp-json\/wp\/v2\/posts\/173096"}],"collection":[{"href":"https:\/\/experienciadevida.com.ar\/portalurbano\/wp-json\/wp\/v2\/posts"}],"about":[{"href":"https:\/\/experienciadevida.com.ar\/portalurbano\/wp-json\/wp\/v2\/types\/post"}],"author":[{"embeddable":true,"href":"https:\/\/experienciadevida.com.ar\/portalurbano\/wp-json\/wp\/v2\/users\/1"}],"replies":[{"embeddable":true,"href":"https:\/\/experienciadevida.com.ar\/portalurbano\/wp-json\/wp\/v2\/comments?post=173096"}],"version-history":[{"count":2,"href":"https:\/\/experienciadevida.com.ar\/portalurbano\/wp-json\/wp\/v2\/posts\/173096\/revisions"}],"predecessor-version":[{"id":173099,"href":"https:\/\/experienciadevida.com.ar\/portalurbano\/wp-json\/wp\/v2\/posts\/173096\/revisions\/173099"}],"wp:featuredmedia":[{"embeddable":true,"href":"https:\/\/experienciadevida.com.ar\/portalurbano\/wp-json\/wp\/v2\/media\/173097"}],"wp:attachment":[{"href":"https:\/\/experienciadevida.com.ar\/portalurbano\/wp-json\/wp\/v2\/media?parent=173096"}],"wp:term":[{"taxonomy":"category","embeddable":true,"href":"https:\/\/experienciadevida.com.ar\/portalurbano\/wp-json\/wp\/v2\/categories?post=173096"},{"taxonomy":"post_tag","embeddable":true,"href":"https:\/\/experienciadevida.com.ar\/portalurbano\/wp-json\/wp\/v2\/tags?post=173096"}],"curies":[{"name":"wp","href":"https:\/\/api.w.org\/{rel}","templated":true}]}}