{"id":173079,"date":"2022-08-12T12:11:30","date_gmt":"2022-08-12T15:11:30","guid":{"rendered":"https:\/\/experienciadevida.com.ar\/portalurbano\/?p=173079"},"modified":"2022-08-12T12:27:30","modified_gmt":"2022-08-12T15:27:30","slug":"tras-dos-anos-sin-hacerse-regresa-la-fiesta-por-el-dia-de-la-ninez","status":"publish","type":"post","link":"https:\/\/experienciadevida.com.ar\/portalurbano\/tras-dos-anos-sin-hacerse-regresa-la-fiesta-por-el-dia-de-la-ninez\/","title":{"rendered":"Tras dos a\u00f1os sin hacerse regresa la fiesta por el d\u00eda de la ni\u00f1ez"},"content":{"rendered":"<p>Tras dos a\u00f1os sin hacerse regresa la fiesta por el d\u00eda de la ni\u00f1ez, as\u00ed lo anunci\u00f3 el Intendente en conferencia de prensa este viernes acompa\u00f1ado por el Subsecretario de Cultura y Educaci\u00f3n Bruno Cenizo, el secretario de Desarrollo Humano y calidad de vida Diego Robbiani, y la referente de Mano Fabiana.<\/p>\n<p>El primero en tomar la palabra fue el <a href=\"https:\/\/www.instagram.com\/galliezequiel\/\">Intendente<\/a> &#8220;quiero agradecer a Fabiana de Mano por acompa\u00f1arnos en este anuncio es un\u00a0 d\u00eda de mucha alegr\u00eda porque lo que estamos anunciando es de alegr\u00eda volver a festejar el d\u00eda del ni\u00f1o junto con Mano, tuvimos que suspender la jornada dos a\u00f1os por la pandemia y es una celebraci\u00f3n que cumple 40 a\u00f1os una celebraci\u00f3n que se instaur\u00f3 hace muchos a\u00f1os que en distintos pa\u00edses se celebra en esta fecha, en Olavarr\u00eda lo vamos a hacer el 21 de agosto en la Sociedad rural y lo vamos a hacer de 14 a 18hs obviamente van a seguir estando lo que hab\u00eda siempre los pochoclos, golosinas, chocolates, facturas por parte del servicio penitenciario, van a estar los bomberos, el ej\u00e9rcito. Habr\u00e1 tres escenarios donde va a ver distintos espect\u00e1culos, va a ver maquilladoras, payasos, mimos malabaristas realmente una actividad para celebrar el d\u00eda del ni\u00f1o como los chicos se merecen, por eso siempre es un d\u00eda de mucha alegr\u00eda&#8221;.<\/p>\n<p><a href=\"https:\/\/experienciadevida.com.ar\/portalurbano\/tras-dos-anos-sin-hacerse-regresa-la-fiesta-por-el-dia-de-la-ninez\/tras-2\/\" rel=\"attachment wp-att-173086\"><img decoding=\"async\" class=\"alignnone size-large wp-image-173086\" src=\"https:\/\/experienciadevida.com.ar\/portalurbano\/wp-content\/uploads\/2022\/08\/Tras-1024x683.jpg\" alt=\"\" width=\"900\" height=\"600\" \/><\/a><\/p>\n<p>&#8220;Es una celebraci\u00f3n que nos tiene acostumbrados a tener una gran convocatoria, esperemos que este a\u00f1o sea tambi\u00e9n de esa manera, que acompa\u00f1e la familia Olavarriense para poder celebrar todos juntos este gran d\u00eda del ni\u00f1o&#8221;.<\/p>\n<p>Por su parte Fabiana de Mano coment\u00f3 &#8220;quiero agradecer al Intendente por colaborar y estar siempre en lo que propongo o en lo que por ah\u00ed el grupo de Mano propone, porque realizar una fiesta de estas caracter\u00edsticas como nosotros hacemos no es f\u00e1cil de organizar\u00a0 y tampoco es econ\u00f3micamente barata, entonces lo que nosotros queremos agradecer tambi\u00e9n a Bruno que me ha tocado trabajar este a\u00f1o y a Diego con el aval de Ezequiel. Quiero agradecer a la gente de cultura que realmente son los que cuando yo voy con una inquietud o pedido ellos est\u00e1n todos est\u00e1n para ayudarme y sacar esta agenda adelante, no fue f\u00e1cil despu\u00e9s de dos a\u00f1os de la pandemia volver a hacer este evento, es totalmente gratuito la familia entera puede llegar a la sociedad\u00a0 rural sin necesidad de gastar dinero dentro de lo que es la fiesta&#8221;.<\/p>\n<p><a href=\"https:\/\/experienciadevida.com.ar\/portalurbano\/tras-dos-anos-sin-hacerse-regresa-la-fiesta-por-el-dia-de-la-ninez\/dos\/\" rel=\"attachment wp-att-173087\"><img decoding=\"async\" class=\"alignnone size-full wp-image-173087\" src=\"https:\/\/experienciadevida.com.ar\/portalurbano\/wp-content\/uploads\/2022\/08\/dos.jpg\" alt=\"dos\" width=\"765\" height=\"510\" srcset=\"https:\/\/experienciadevida.com.ar\/portalurbano\/wp-content\/uploads\/2022\/08\/dos.jpg 765w, https:\/\/experienciadevida.com.ar\/portalurbano\/wp-content\/uploads\/2022\/08\/dos-300x200.jpg 300w, https:\/\/experienciadevida.com.ar\/portalurbano\/wp-content\/uploads\/2022\/08\/dos-150x100.jpg 150w\" sizes=\"(max-width: 765px) 100vw, 765px\" \/><\/a><\/p>\n<p>Luego Bruno <a href=\"https:\/\/www.instagram.com\/brunocenizo\/\">Cenizo<\/a> &#8220;adhiero a las palabras de Ezequiel y Fabiana hay mucho trabajo del equipo de cultura pero tambi\u00e9n de la direcci\u00f3n de deportes que est\u00e1 apoyando el evento, el regimiento, bomberos y remarcar algo que tiene que ver con los colectivos que dispone la municipalidad en la ciudad y en las localidades para que ese d\u00eda puedan ir gratuitamente las familias, se va\u00a0 a poder ver el recorrido en la p\u00e1gina del municipio pero b\u00e1sicamente hay un colectivo que va a salir de Colonia San Miguel pasando por Sierras Bayas, otro que viene de Hinojo- Colonia Hinojo- Sierra Chica- un tercero que viene de Loma Negra pasando por AOMA- escuela agropecuaria y siete l\u00edneas de ac\u00e1 que\u00a0 van a ir desde escuela 6- parque Eseverri- de distintos puntos de la ciudad que los van a llevar gratuitamente hasta la sociedad rural&#8221;.<\/p>\n<p><a href=\"https:\/\/experienciadevida.com.ar\/portalurbano\/tras-dos-anos-sin-hacerse-regresa-la-fiesta-por-el-dia-de-la-ninez\/anos-2\/\" rel=\"attachment wp-att-173088\"><img decoding=\"async\" class=\"alignnone size-full wp-image-173088\" src=\"https:\/\/experienciadevida.com.ar\/portalurbano\/wp-content\/uploads\/2022\/08\/anos.jpg\" alt=\"a\u00f1os \" width=\"765\" height=\"510\" srcset=\"https:\/\/experienciadevida.com.ar\/portalurbano\/wp-content\/uploads\/2022\/08\/anos.jpg 765w, https:\/\/experienciadevida.com.ar\/portalurbano\/wp-content\/uploads\/2022\/08\/anos-300x200.jpg 300w, https:\/\/experienciadevida.com.ar\/portalurbano\/wp-content\/uploads\/2022\/08\/anos-150x100.jpg 150w\" sizes=\"(max-width: 765px) 100vw, 765px\" \/><\/a><\/p>\n","protected":false},"excerpt":{"rendered":"<p>Tras dos a\u00f1os sin hacerse regresa la fiesta por el d\u00eda de la ni\u00f1ez, as\u00ed&#8230;<\/p>\n","protected":false},"author":1,"featured_media":173080,"comment_status":"closed","ping_status":"closed","sticky":false,"template":"","format":"standard","meta":{"content-type":""},"categories":[27,51],"tags":[],"nelio_content":{"isAutoShareEnabled":false,"autoShareEndMode":"default","automationSources":{"useContentSentences":true,"useSocialTemplates":true,"useCustomSentences":false,"customSentences":[]},"followers":[1],"suggestedReferences":[],"includedReferences":[],"efiUrl":"","efiAlt":"","highlights":[]},"yoast_head":"<!-- This site is optimized with the Yoast SEO plugin v20.7 - https:\/\/yoast.com\/wordpress\/plugins\/seo\/ -->\n<title>Tras dos a\u00f1os sin hacerse regresa la fiesta por el d\u00eda de la ni\u00f1ez<\/title>\n<meta name=\"description\" content=\"Tras dos a\u00f1os sin hacerse regresa la fiesta por el d\u00eda de la ni\u00f1ez, as\u00ed lo anunci\u00f3 el Intendente en conferencia de prensa este viernes\" \/>\n<meta name=\"robots\" content=\"index, follow, max-snippet:-1, max-image-preview:large, max-video-preview:-1\" \/>\n<link rel=\"canonical\" href=\"https:\/\/experienciadevida.com.ar\/portalurbano\/tras-dos-anos-sin-hacerse-regresa-la-fiesta-por-el-dia-de-la-ninez\/\" \/>\n<meta property=\"og:locale\" content=\"es_ES\" \/>\n<meta property=\"og:type\" content=\"article\" \/>\n<meta property=\"og:title\" content=\"Tras dos a\u00f1os sin hacerse regresa la fiesta por el d\u00eda de la ni\u00f1ez\" \/>\n<meta property=\"og:description\" content=\"Tras dos a\u00f1os sin hacerse regresa la fiesta por el d\u00eda de la ni\u00f1ez, as\u00ed lo anunci\u00f3 el Intendente en conferencia de prensa este viernes\" \/>\n<meta property=\"og:url\" content=\"https:\/\/experienciadevida.com.ar\/portalurbano\/tras-dos-anos-sin-hacerse-regresa-la-fiesta-por-el-dia-de-la-ninez\/\" \/>\n<meta property=\"article:publisher\" content=\"https:\/\/www.facebook.com\/Portal-Urbano-171542830093757\/\" \/>\n<meta property=\"article:published_time\" content=\"2022-08-12T15:11:30+00:00\" \/>\n<meta property=\"article:modified_time\" content=\"2022-08-12T15:27:30+00:00\" \/>\n<meta property=\"og:image\" content=\"https:\/\/experienciadevida.com.ar\/portalurbano\/wp-content\/uploads\/2022\/08\/El-proximo-fin-de.jpg\" \/>\n\t<meta property=\"og:image:width\" content=\"765\" \/>\n\t<meta property=\"og:image:height\" content=\"510\" \/>\n\t<meta property=\"og:image:type\" content=\"image\/jpeg\" \/>\n<meta name=\"author\" content=\"admpu17wp\" \/>\n<meta name=\"twitter:card\" content=\"summary_large_image\" \/>\n<meta name=\"twitter:creator\" content=\"@portalurbanook\" \/>\n<meta name=\"twitter:site\" content=\"@portalurbanook\" \/>\n<meta name=\"twitter:label1\" content=\"Escrito por\" \/>\n\t<meta name=\"twitter:data1\" content=\"admpu17wp\" \/>\n\t<meta name=\"twitter:label2\" content=\"Tiempo de lectura\" \/>\n\t<meta name=\"twitter:data2\" content=\"4 minutos\" \/>\n<script type=\"application\/ld+json\" class=\"yoast-schema-graph\">{\"@context\":\"https:\/\/schema.org\",\"@graph\":[{\"@type\":\"Article\",\"@id\":\"https:\/\/experienciadevida.com.ar\/portalurbano\/tras-dos-anos-sin-hacerse-regresa-la-fiesta-por-el-dia-de-la-ninez\/#article\",\"isPartOf\":{\"@id\":\"https:\/\/experienciadevida.com.ar\/portalurbano\/tras-dos-anos-sin-hacerse-regresa-la-fiesta-por-el-dia-de-la-ninez\/\"},\"author\":{\"name\":\"admpu17wp\",\"@id\":\"https:\/\/experienciadevida.com.ar\/portalurbano\/#\/schema\/person\/02dd326b1c4b056e9cc972486934a3a7\"},\"headline\":\"Tras dos a\u00f1os sin hacerse regresa la fiesta por el d\u00eda de la ni\u00f1ez\",\"datePublished\":\"2022-08-12T15:11:30+00:00\",\"dateModified\":\"2022-08-12T15:27:30+00:00\",\"mainEntityOfPage\":{\"@id\":\"https:\/\/experienciadevida.com.ar\/portalurbano\/tras-dos-anos-sin-hacerse-regresa-la-fiesta-por-el-dia-de-la-ninez\/\"},\"wordCount\":604,\"publisher\":{\"@id\":\"https:\/\/experienciadevida.com.ar\/portalurbano\/#organization\"},\"articleSection\":[\"Ciudad\",\"Destacadas\"],\"inLanguage\":\"es\"},{\"@type\":\"WebPage\",\"@id\":\"https:\/\/experienciadevida.com.ar\/portalurbano\/tras-dos-anos-sin-hacerse-regresa-la-fiesta-por-el-dia-de-la-ninez\/\",\"url\":\"https:\/\/experienciadevida.com.ar\/portalurbano\/tras-dos-anos-sin-hacerse-regresa-la-fiesta-por-el-dia-de-la-ninez\/\",\"name\":\"Tras dos a\u00f1os sin hacerse regresa la fiesta por el d\u00eda de la ni\u00f1ez\",\"isPartOf\":{\"@id\":\"https:\/\/experienciadevida.com.ar\/portalurbano\/#website\"},\"datePublished\":\"2022-08-12T15:11:30+00:00\",\"dateModified\":\"2022-08-12T15:27:30+00:00\",\"description\":\"Tras dos a\u00f1os sin hacerse regresa la fiesta por el d\u00eda de la ni\u00f1ez, as\u00ed lo anunci\u00f3 el Intendente en conferencia de prensa este viernes\",\"breadcrumb\":{\"@id\":\"https:\/\/experienciadevida.com.ar\/portalurbano\/tras-dos-anos-sin-hacerse-regresa-la-fiesta-por-el-dia-de-la-ninez\/#breadcrumb\"},\"inLanguage\":\"es\",\"potentialAction\":[{\"@type\":\"ReadAction\",\"target\":[\"https:\/\/experienciadevida.com.ar\/portalurbano\/tras-dos-anos-sin-hacerse-regresa-la-fiesta-por-el-dia-de-la-ninez\/\"]}]},{\"@type\":\"BreadcrumbList\",\"@id\":\"https:\/\/experienciadevida.com.ar\/portalurbano\/tras-dos-anos-sin-hacerse-regresa-la-fiesta-por-el-dia-de-la-ninez\/#breadcrumb\",\"itemListElement\":[{\"@type\":\"ListItem\",\"position\":1,\"name\":\"Portada\",\"item\":\"https:\/\/experienciadevida.com.ar\/portalurbano\/\"},{\"@type\":\"ListItem\",\"position\":2,\"name\":\"Tras dos a\u00f1os sin hacerse regresa la fiesta por el d\u00eda de la ni\u00f1ez\"}]},{\"@type\":\"WebSite\",\"@id\":\"https:\/\/experienciadevida.com.ar\/portalurbano\/#website\",\"url\":\"https:\/\/experienciadevida.com.ar\/portalurbano\/\",\"name\":\"\",\"description\":\"\",\"publisher\":{\"@id\":\"https:\/\/experienciadevida.com.ar\/portalurbano\/#organization\"},\"potentialAction\":[{\"@type\":\"SearchAction\",\"target\":{\"@type\":\"EntryPoint\",\"urlTemplate\":\"https:\/\/experienciadevida.com.ar\/portalurbano\/?s={search_term_string}\"},\"query-input\":\"required name=search_term_string\"}],\"inLanguage\":\"es\"},{\"@type\":\"Organization\",\"@id\":\"https:\/\/experienciadevida.com.ar\/portalurbano\/#organization\",\"name\":\"Portal Urbano\",\"url\":\"https:\/\/experienciadevida.com.ar\/portalurbano\/\",\"logo\":{\"@type\":\"ImageObject\",\"inLanguage\":\"es\",\"@id\":\"https:\/\/experienciadevida.com.ar\/portalurbano\/#\/schema\/logo\/image\/\",\"url\":\"https:\/\/experienciadevida.com.ar\/portalurbano\/wp-content\/uploads\/2019\/09\/Logo-Original.png\",\"contentUrl\":\"https:\/\/experienciadevida.com.ar\/portalurbano\/wp-content\/uploads\/2019\/09\/Logo-Original.png\",\"width\":2236,\"height\":1216,\"caption\":\"Portal Urbano\"},\"image\":{\"@id\":\"https:\/\/experienciadevida.com.ar\/portalurbano\/#\/schema\/logo\/image\/\"},\"sameAs\":[\"https:\/\/www.facebook.com\/Portal-Urbano-171542830093757\/\",\"https:\/\/twitter.com\/portalurbanook\",\"https:\/\/www.instagram.com\/_portalurbano\/\",\"https:\/\/www.youtube.com\/channel\/UCXhagIfszH8KxFiOok79zbA?view_as=subscriber\"]},{\"@type\":\"Person\",\"@id\":\"https:\/\/experienciadevida.com.ar\/portalurbano\/#\/schema\/person\/02dd326b1c4b056e9cc972486934a3a7\",\"name\":\"admpu17wp\",\"image\":{\"@type\":\"ImageObject\",\"inLanguage\":\"es\",\"@id\":\"https:\/\/experienciadevida.com.ar\/portalurbano\/#\/schema\/person\/image\/\",\"url\":\"https:\/\/secure.gravatar.com\/avatar\/830d4c57adaae6630765e449a6908047?s=96&d=mm&r=g\",\"contentUrl\":\"https:\/\/secure.gravatar.com\/avatar\/830d4c57adaae6630765e449a6908047?s=96&d=mm&r=g\",\"caption\":\"admpu17wp\"}}]}<\/script>\n<!-- \/ Yoast SEO plugin. -->","yoast_head_json":{"title":"Tras dos a\u00f1os sin hacerse regresa la fiesta por el d\u00eda de la ni\u00f1ez","description":"Tras dos a\u00f1os sin hacerse regresa la fiesta por el d\u00eda de la ni\u00f1ez, as\u00ed lo anunci\u00f3 el Intendente en conferencia de prensa este viernes","robots":{"index":"index","follow":"follow","max-snippet":"max-snippet:-1","max-image-preview":"max-image-preview:large","max-video-preview":"max-video-preview:-1"},"canonical":"https:\/\/experienciadevida.com.ar\/portalurbano\/tras-dos-anos-sin-hacerse-regresa-la-fiesta-por-el-dia-de-la-ninez\/","og_locale":"es_ES","og_type":"article","og_title":"Tras dos a\u00f1os sin hacerse regresa la fiesta por el d\u00eda de la ni\u00f1ez","og_description":"Tras dos a\u00f1os sin hacerse regresa la fiesta por el d\u00eda de la ni\u00f1ez, as\u00ed lo anunci\u00f3 el Intendente en conferencia de prensa este viernes","og_url":"https:\/\/experienciadevida.com.ar\/portalurbano\/tras-dos-anos-sin-hacerse-regresa-la-fiesta-por-el-dia-de-la-ninez\/","article_publisher":"https:\/\/www.facebook.com\/Portal-Urbano-171542830093757\/","article_published_time":"2022-08-12T15:11:30+00:00","article_modified_time":"2022-08-12T15:27:30+00:00","og_image":[{"width":765,"height":510,"url":"https:\/\/experienciadevida.com.ar\/portalurbano\/wp-content\/uploads\/2022\/08\/El-proximo-fin-de.jpg","type":"image\/jpeg"}],"author":"admpu17wp","twitter_card":"summary_large_image","twitter_creator":"@portalurbanook","twitter_site":"@portalurbanook","twitter_misc":{"Escrito por":"admpu17wp","Tiempo de lectura":"4 minutos"},"schema":{"@context":"https:\/\/schema.org","@graph":[{"@type":"Article","@id":"https:\/\/experienciadevida.com.ar\/portalurbano\/tras-dos-anos-sin-hacerse-regresa-la-fiesta-por-el-dia-de-la-ninez\/#article","isPartOf":{"@id":"https:\/\/experienciadevida.com.ar\/portalurbano\/tras-dos-anos-sin-hacerse-regresa-la-fiesta-por-el-dia-de-la-ninez\/"},"author":{"name":"admpu17wp","@id":"https:\/\/experienciadevida.com.ar\/portalurbano\/#\/schema\/person\/02dd326b1c4b056e9cc972486934a3a7"},"headline":"Tras dos a\u00f1os sin hacerse regresa la fiesta por el d\u00eda de la ni\u00f1ez","datePublished":"2022-08-12T15:11:30+00:00","dateModified":"2022-08-12T15:27:30+00:00","mainEntityOfPage":{"@id":"https:\/\/experienciadevida.com.ar\/portalurbano\/tras-dos-anos-sin-hacerse-regresa-la-fiesta-por-el-dia-de-la-ninez\/"},"wordCount":604,"publisher":{"@id":"https:\/\/experienciadevida.com.ar\/portalurbano\/#organization"},"articleSection":["Ciudad","Destacadas"],"inLanguage":"es"},{"@type":"WebPage","@id":"https:\/\/experienciadevida.com.ar\/portalurbano\/tras-dos-anos-sin-hacerse-regresa-la-fiesta-por-el-dia-de-la-ninez\/","url":"https:\/\/experienciadevida.com.ar\/portalurbano\/tras-dos-anos-sin-hacerse-regresa-la-fiesta-por-el-dia-de-la-ninez\/","name":"Tras dos a\u00f1os sin hacerse regresa la fiesta por el d\u00eda de la ni\u00f1ez","isPartOf":{"@id":"https:\/\/experienciadevida.com.ar\/portalurbano\/#website"},"datePublished":"2022-08-12T15:11:30+00:00","dateModified":"2022-08-12T15:27:30+00:00","description":"Tras dos a\u00f1os sin hacerse regresa la fiesta por el d\u00eda de la ni\u00f1ez, as\u00ed lo anunci\u00f3 el Intendente en conferencia de prensa este viernes","breadcrumb":{"@id":"https:\/\/experienciadevida.com.ar\/portalurbano\/tras-dos-anos-sin-hacerse-regresa-la-fiesta-por-el-dia-de-la-ninez\/#breadcrumb"},"inLanguage":"es","potentialAction":[{"@type":"ReadAction","target":["https:\/\/experienciadevida.com.ar\/portalurbano\/tras-dos-anos-sin-hacerse-regresa-la-fiesta-por-el-dia-de-la-ninez\/"]}]},{"@type":"BreadcrumbList","@id":"https:\/\/experienciadevida.com.ar\/portalurbano\/tras-dos-anos-sin-hacerse-regresa-la-fiesta-por-el-dia-de-la-ninez\/#breadcrumb","itemListElement":[{"@type":"ListItem","position":1,"name":"Portada","item":"https:\/\/experienciadevida.com.ar\/portalurbano\/"},{"@type":"ListItem","position":2,"name":"Tras dos a\u00f1os sin hacerse regresa la fiesta por el d\u00eda de la ni\u00f1ez"}]},{"@type":"WebSite","@id":"https:\/\/experienciadevida.com.ar\/portalurbano\/#website","url":"https:\/\/experienciadevida.com.ar\/portalurbano\/","name":"","description":"","publisher":{"@id":"https:\/\/experienciadevida.com.ar\/portalurbano\/#organization"},"potentialAction":[{"@type":"SearchAction","target":{"@type":"EntryPoint","urlTemplate":"https:\/\/experienciadevida.com.ar\/portalurbano\/?s={search_term_string}"},"query-input":"required name=search_term_string"}],"inLanguage":"es"},{"@type":"Organization","@id":"https:\/\/experienciadevida.com.ar\/portalurbano\/#organization","name":"Portal Urbano","url":"https:\/\/experienciadevida.com.ar\/portalurbano\/","logo":{"@type":"ImageObject","inLanguage":"es","@id":"https:\/\/experienciadevida.com.ar\/portalurbano\/#\/schema\/logo\/image\/","url":"https:\/\/experienciadevida.com.ar\/portalurbano\/wp-content\/uploads\/2019\/09\/Logo-Original.png","contentUrl":"https:\/\/experienciadevida.com.ar\/portalurbano\/wp-content\/uploads\/2019\/09\/Logo-Original.png","width":2236,"height":1216,"caption":"Portal Urbano"},"image":{"@id":"https:\/\/experienciadevida.com.ar\/portalurbano\/#\/schema\/logo\/image\/"},"sameAs":["https:\/\/www.facebook.com\/Portal-Urbano-171542830093757\/","https:\/\/twitter.com\/portalurbanook","https:\/\/www.instagram.com\/_portalurbano\/","https:\/\/www.youtube.com\/channel\/UCXhagIfszH8KxFiOok79zbA?view_as=subscriber"]},{"@type":"Person","@id":"https:\/\/experienciadevida.com.ar\/portalurbano\/#\/schema\/person\/02dd326b1c4b056e9cc972486934a3a7","name":"admpu17wp","image":{"@type":"ImageObject","inLanguage":"es","@id":"https:\/\/experienciadevida.com.ar\/portalurbano\/#\/schema\/person\/image\/","url":"https:\/\/secure.gravatar.com\/avatar\/830d4c57adaae6630765e449a6908047?s=96&d=mm&r=g","contentUrl":"https:\/\/secure.gravatar.com\/avatar\/830d4c57adaae6630765e449a6908047?s=96&d=mm&r=g","caption":"admpu17wp"}}]}},"featured_image_urls":{"full":["https:\/\/experienciadevida.com.ar\/portalurbano\/wp-content\/uploads\/2022\/08\/El-proximo-fin-de.jpg",765,510,false],"thumbnail":["https:\/\/experienciadevida.com.ar\/portalurbano\/wp-content\/uploads\/2022\/08\/El-proximo-fin-de-150x150.jpg",150,150,true],"medium":["https:\/\/experienciadevida.com.ar\/portalurbano\/wp-content\/uploads\/2022\/08\/El-proximo-fin-de-300x200.jpg",300,200,true],"medium_large":["https:\/\/experienciadevida.com.ar\/portalurbano\/wp-content\/uploads\/2022\/08\/El-proximo-fin-de.jpg",640,427,false],"large":["https:\/\/experienciadevida.com.ar\/portalurbano\/wp-content\/uploads\/2022\/08\/El-proximo-fin-de.jpg",640,427,false],"ug_big":["https:\/\/experienciadevida.com.ar\/portalurbano\/wp-content\/uploads\/2022\/08\/El-proximo-fin-de.jpg",765,510,false],"1536x1536":["https:\/\/experienciadevida.com.ar\/portalurbano\/wp-content\/uploads\/2022\/08\/El-proximo-fin-de.jpg",765,510,false],"2048x2048":["https:\/\/experienciadevida.com.ar\/portalurbano\/wp-content\/uploads\/2022\/08\/El-proximo-fin-de.jpg",765,510,false],"newsever-slider-full":["https:\/\/experienciadevida.com.ar\/portalurbano\/wp-content\/uploads\/2022\/08\/El-proximo-fin-de.jpg",765,510,false],"newsever-featured":["https:\/\/experienciadevida.com.ar\/portalurbano\/wp-content\/uploads\/2022\/08\/El-proximo-fin-de.jpg",765,510,false],"newsever-medium":["https:\/\/experienciadevida.com.ar\/portalurbano\/wp-content\/uploads\/2022\/08\/El-proximo-fin-de.jpg",713,475,false],"web-stories-poster-portrait":["https:\/\/experienciadevida.com.ar\/portalurbano\/wp-content\/uploads\/2022\/08\/El-proximo-fin-de-640x510.jpg",640,510,true],"web-stories-publisher-logo":["https:\/\/experienciadevida.com.ar\/portalurbano\/wp-content\/uploads\/2022\/08\/El-proximo-fin-de-96x96.jpg",96,96,true],"web-stories-thumbnail":["https:\/\/experienciadevida.com.ar\/portalurbano\/wp-content\/uploads\/2022\/08\/El-proximo-fin-de-150x100.jpg",150,100,true]},"author_info":{"display_name":"admpu17wp","author_link":"https:\/\/experienciadevida.com.ar\/portalurbano\/author\/admpu17wp\/"},"category_info":"<a href=\"https:\/\/experienciadevida.com.ar\/portalurbano\/category\/ciudad\/\" rel=\"category tag\">Ciudad<\/a> <a href=\"https:\/\/experienciadevida.com.ar\/portalurbano\/category\/destacadas\/\" rel=\"category tag\">Destacadas<\/a>","tag_info":"Destacadas","comment_count":"0","amp_enabled":true,"_links":{"self":[{"href":"https:\/\/experienciadevida.com.ar\/portalurbano\/wp-json\/wp\/v2\/posts\/173079"}],"collection":[{"href":"https:\/\/experienciadevida.com.ar\/portalurbano\/wp-json\/wp\/v2\/posts"}],"about":[{"href":"https:\/\/experienciadevida.com.ar\/portalurbano\/wp-json\/wp\/v2\/types\/post"}],"author":[{"embeddable":true,"href":"https:\/\/experienciadevida.com.ar\/portalurbano\/wp-json\/wp\/v2\/users\/1"}],"replies":[{"embeddable":true,"href":"https:\/\/experienciadevida.com.ar\/portalurbano\/wp-json\/wp\/v2\/comments?post=173079"}],"version-history":[{"count":7,"href":"https:\/\/experienciadevida.com.ar\/portalurbano\/wp-json\/wp\/v2\/posts\/173079\/revisions"}],"predecessor-version":[{"id":173090,"href":"https:\/\/experienciadevida.com.ar\/portalurbano\/wp-json\/wp\/v2\/posts\/173079\/revisions\/173090"}],"wp:featuredmedia":[{"embeddable":true,"href":"https:\/\/experienciadevida.com.ar\/portalurbano\/wp-json\/wp\/v2\/media\/173080"}],"wp:attachment":[{"href":"https:\/\/experienciadevida.com.ar\/portalurbano\/wp-json\/wp\/v2\/media?parent=173079"}],"wp:term":[{"taxonomy":"category","embeddable":true,"href":"https:\/\/experienciadevida.com.ar\/portalurbano\/wp-json\/wp\/v2\/categories?post=173079"},{"taxonomy":"post_tag","embeddable":true,"href":"https:\/\/experienciadevida.com.ar\/portalurbano\/wp-json\/wp\/v2\/tags?post=173079"}],"curies":[{"name":"wp","href":"https:\/\/api.w.org\/{rel}","templated":true}]}}