{"id":173056,"date":"2022-08-11T19:10:29","date_gmt":"2022-08-11T22:10:29","guid":{"rendered":"https:\/\/experienciadevida.com.ar\/portalurbano\/?p=173056"},"modified":"2022-08-11T19:22:32","modified_gmt":"2022-08-11T22:22:32","slug":"ezequiel-galli-recibio-a-la-ministra-de-gobierno-cristina-alvarez-rodriguez","status":"publish","type":"post","link":"https:\/\/experienciadevida.com.ar\/portalurbano\/ezequiel-galli-recibio-a-la-ministra-de-gobierno-cristina-alvarez-rodriguez\/","title":{"rendered":"Ezequiel Galli recibi\u00f3 a la ministra de Gobierno Cristina \u00c1lvarez Rodr\u00edguez"},"content":{"rendered":"<p>Ezequiel <a href=\"https:\/\/www.instagram.com\/galliezequiel\/\">Galli<\/a> recibi\u00f3 a la ministra de Gobierno Cristina \u00c1lvarez Rodr\u00edguez, en la tarde de este jueves el intendente Ezequiel Galli recibi\u00f3 en la sala de reuniones del palacio San Mart\u00edn a la Ministra de Gobierno de la provincia de Buenos Aires Cristina \u00c1lvarez Rodriguez.<\/p>\n<p>Adem\u00e1s de Galli y \u00c1lvarez Rodr\u00edguez participaron del encuentro el Diputado Provincial C\u00e9sar Valicenti, el Subsecretario de Miner\u00eda bonaerense Federico Aguilera, el Director Provincial de Poblaci\u00f3n Guillermo Santell\u00e1n y la Diputada Nacional (MC) Liliana Schwindt.<\/p>\n<p>Durante la reuni\u00f3n, Ezequiel Galli hizo una descripci\u00f3n de la situaci\u00f3n actual econ\u00f3mica y social del Partido de Olavarr\u00eda y de las obras que se est\u00e1n llevando desde la gesti\u00f3n municipal.<\/p>\n<p>Tras el encuentro, Galli dijo que \u00absiempre es bueno recibir a la ministra \u00c1lvarez Rodr\u00edguez porque es la mejor manera de contarle nuestra realidad y las problem\u00e1ticas que tienen hoy las ciudades del interior\u00bb.<\/p>\n<p>\u00abValoro la decisi\u00f3n de Cristina \u00c1lvarez Rodr\u00edguez de visitar Olavarr\u00eda y acercarse al territorio a dialogar con los intendentes de distintas regiones de la Provincia\u00bb, finaliz\u00f3 Ezequiel Galli.<\/p>\n<p><a href=\"https:\/\/experienciadevida.com.ar\/portalurbano\/ezequiel-galli-recibio-a-la-ministra-de-gobierno-cristina-alvarez-rodriguez\/ezequiel-10\/\" rel=\"attachment wp-att-173060\"><img decoding=\"async\" class=\"alignnone size-large wp-image-173060\" src=\"https:\/\/experienciadevida.com.ar\/portalurbano\/wp-content\/uploads\/2022\/08\/Ezequiel-1024x682.jpg\" alt=\"Ezequiel \" width=\"900\" height=\"599\" srcset=\"https:\/\/experienciadevida.com.ar\/portalurbano\/wp-content\/uploads\/2022\/08\/Ezequiel-1024x682.jpg 1024w, https:\/\/experienciadevida.com.ar\/portalurbano\/wp-content\/uploads\/2022\/08\/Ezequiel-300x200.jpg 300w, https:\/\/experienciadevida.com.ar\/portalurbano\/wp-content\/uploads\/2022\/08\/Ezequiel-768x512.jpg 768w, https:\/\/experienciadevida.com.ar\/portalurbano\/wp-content\/uploads\/2022\/08\/Ezequiel-1536x1024.jpg 1536w, https:\/\/experienciadevida.com.ar\/portalurbano\/wp-content\/uploads\/2022\/08\/Ezequiel-150x100.jpg 150w, https:\/\/experienciadevida.com.ar\/portalurbano\/wp-content\/uploads\/2022\/08\/Ezequiel.jpg 1772w\" sizes=\"(max-width: 900px) 100vw, 900px\" \/><\/a><\/p>\n","protected":false},"excerpt":{"rendered":"<p>Ezequiel Galli recibi\u00f3 a la ministra de Gobierno Cristina \u00c1lvarez Rodr\u00edguez, en la tarde de&#8230;<\/p>\n","protected":false},"author":1,"featured_media":173057,"comment_status":"closed","ping_status":"closed","sticky":false,"template":"","format":"standard","meta":{"content-type":""},"categories":[27,51],"tags":[],"nelio_content":{"isAutoShareEnabled":false,"autoShareEndMode":"default","automationSources":{"useContentSentences":true,"useSocialTemplates":true,"useCustomSentences":false,"customSentences":[]},"followers":[1],"suggestedReferences":[],"includedReferences":["https:\/\/www.instagram.com\/galliezequiel\/"],"efiUrl":"","efiAlt":"","highlights":[]},"yoast_head":"<!-- This site is optimized with the Yoast SEO plugin v20.7 - https:\/\/yoast.com\/wordpress\/plugins\/seo\/ -->\n<title>Ezequiel Galli recibi\u00f3 a la Ministra de Gobierno Cristina \u00c1lvarez<\/title>\n<meta name=\"description\" content=\"Ezequiel Galli recibi\u00f3 a la ministra de Gobierno Cristina \u00c1lvarez Rodr\u00edguez, en la tarde de este jueves el intendente recibi\u00f3\" \/>\n<meta name=\"robots\" content=\"index, follow, max-snippet:-1, max-image-preview:large, max-video-preview:-1\" \/>\n<link rel=\"canonical\" href=\"https:\/\/experienciadevida.com.ar\/portalurbano\/ezequiel-galli-recibio-a-la-ministra-de-gobierno-cristina-alvarez-rodriguez\/\" \/>\n<meta property=\"og:locale\" content=\"es_ES\" \/>\n<meta property=\"og:type\" content=\"article\" \/>\n<meta property=\"og:title\" content=\"Ezequiel Galli recibi\u00f3 a la Ministra de Gobierno Cristina \u00c1lvarez\" \/>\n<meta property=\"og:description\" content=\"Ezequiel Galli recibi\u00f3 a la ministra de Gobierno Cristina \u00c1lvarez Rodr\u00edguez, en la tarde de este jueves el intendente recibi\u00f3\" \/>\n<meta property=\"og:url\" content=\"https:\/\/experienciadevida.com.ar\/portalurbano\/ezequiel-galli-recibio-a-la-ministra-de-gobierno-cristina-alvarez-rodriguez\/\" \/>\n<meta property=\"article:publisher\" content=\"https:\/\/www.facebook.com\/Portal-Urbano-171542830093757\/\" \/>\n<meta property=\"article:published_time\" content=\"2022-08-11T22:10:29+00:00\" \/>\n<meta property=\"article:modified_time\" content=\"2022-08-11T22:22:32+00:00\" \/>\n<meta property=\"og:image\" content=\"https:\/\/experienciadevida.com.ar\/portalurbano\/wp-content\/uploads\/2022\/08\/Ezequiel-Galli-recibio-a.jpg\" \/>\n\t<meta property=\"og:image:width\" content=\"1772\" \/>\n\t<meta property=\"og:image:height\" content=\"1181\" \/>\n\t<meta property=\"og:image:type\" content=\"image\/jpeg\" \/>\n<meta name=\"author\" content=\"admpu17wp\" \/>\n<meta name=\"twitter:card\" content=\"summary_large_image\" \/>\n<meta name=\"twitter:creator\" content=\"@portalurbanook\" \/>\n<meta name=\"twitter:site\" content=\"@portalurbanook\" \/>\n<meta name=\"twitter:label1\" content=\"Escrito por\" \/>\n\t<meta name=\"twitter:data1\" content=\"admpu17wp\" \/>\n\t<meta name=\"twitter:label2\" content=\"Tiempo de lectura\" \/>\n\t<meta name=\"twitter:data2\" content=\"1 minuto\" \/>\n<script type=\"application\/ld+json\" class=\"yoast-schema-graph\">{\"@context\":\"https:\/\/schema.org\",\"@graph\":[{\"@type\":\"Article\",\"@id\":\"https:\/\/experienciadevida.com.ar\/portalurbano\/ezequiel-galli-recibio-a-la-ministra-de-gobierno-cristina-alvarez-rodriguez\/#article\",\"isPartOf\":{\"@id\":\"https:\/\/experienciadevida.com.ar\/portalurbano\/ezequiel-galli-recibio-a-la-ministra-de-gobierno-cristina-alvarez-rodriguez\/\"},\"author\":{\"name\":\"admpu17wp\",\"@id\":\"https:\/\/experienciadevida.com.ar\/portalurbano\/#\/schema\/person\/02dd326b1c4b056e9cc972486934a3a7\"},\"headline\":\"Ezequiel Galli recibi\u00f3 a la ministra de Gobierno Cristina \u00c1lvarez Rodr\u00edguez\",\"datePublished\":\"2022-08-11T22:10:29+00:00\",\"dateModified\":\"2022-08-11T22:22:32+00:00\",\"mainEntityOfPage\":{\"@id\":\"https:\/\/experienciadevida.com.ar\/portalurbano\/ezequiel-galli-recibio-a-la-ministra-de-gobierno-cristina-alvarez-rodriguez\/\"},\"wordCount\":205,\"publisher\":{\"@id\":\"https:\/\/experienciadevida.com.ar\/portalurbano\/#organization\"},\"articleSection\":[\"Ciudad\",\"Destacadas\"],\"inLanguage\":\"es\"},{\"@type\":\"WebPage\",\"@id\":\"https:\/\/experienciadevida.com.ar\/portalurbano\/ezequiel-galli-recibio-a-la-ministra-de-gobierno-cristina-alvarez-rodriguez\/\",\"url\":\"https:\/\/experienciadevida.com.ar\/portalurbano\/ezequiel-galli-recibio-a-la-ministra-de-gobierno-cristina-alvarez-rodriguez\/\",\"name\":\"Ezequiel Galli recibi\u00f3 a la Ministra de Gobierno Cristina \u00c1lvarez\",\"isPartOf\":{\"@id\":\"https:\/\/experienciadevida.com.ar\/portalurbano\/#website\"},\"datePublished\":\"2022-08-11T22:10:29+00:00\",\"dateModified\":\"2022-08-11T22:22:32+00:00\",\"description\":\"Ezequiel Galli recibi\u00f3 a la ministra de Gobierno Cristina \u00c1lvarez Rodr\u00edguez, en la tarde de este jueves el intendente recibi\u00f3\",\"breadcrumb\":{\"@id\":\"https:\/\/experienciadevida.com.ar\/portalurbano\/ezequiel-galli-recibio-a-la-ministra-de-gobierno-cristina-alvarez-rodriguez\/#breadcrumb\"},\"inLanguage\":\"es\",\"potentialAction\":[{\"@type\":\"ReadAction\",\"target\":[\"https:\/\/experienciadevida.com.ar\/portalurbano\/ezequiel-galli-recibio-a-la-ministra-de-gobierno-cristina-alvarez-rodriguez\/\"]}]},{\"@type\":\"BreadcrumbList\",\"@id\":\"https:\/\/experienciadevida.com.ar\/portalurbano\/ezequiel-galli-recibio-a-la-ministra-de-gobierno-cristina-alvarez-rodriguez\/#breadcrumb\",\"itemListElement\":[{\"@type\":\"ListItem\",\"position\":1,\"name\":\"Portada\",\"item\":\"https:\/\/experienciadevida.com.ar\/portalurbano\/\"},{\"@type\":\"ListItem\",\"position\":2,\"name\":\"Ezequiel Galli recibi\u00f3 a la ministra de Gobierno Cristina \u00c1lvarez Rodr\u00edguez\"}]},{\"@type\":\"WebSite\",\"@id\":\"https:\/\/experienciadevida.com.ar\/portalurbano\/#website\",\"url\":\"https:\/\/experienciadevida.com.ar\/portalurbano\/\",\"name\":\"\",\"description\":\"\",\"publisher\":{\"@id\":\"https:\/\/experienciadevida.com.ar\/portalurbano\/#organization\"},\"potentialAction\":[{\"@type\":\"SearchAction\",\"target\":{\"@type\":\"EntryPoint\",\"urlTemplate\":\"https:\/\/experienciadevida.com.ar\/portalurbano\/?s={search_term_string}\"},\"query-input\":\"required name=search_term_string\"}],\"inLanguage\":\"es\"},{\"@type\":\"Organization\",\"@id\":\"https:\/\/experienciadevida.com.ar\/portalurbano\/#organization\",\"name\":\"Portal Urbano\",\"url\":\"https:\/\/experienciadevida.com.ar\/portalurbano\/\",\"logo\":{\"@type\":\"ImageObject\",\"inLanguage\":\"es\",\"@id\":\"https:\/\/experienciadevida.com.ar\/portalurbano\/#\/schema\/logo\/image\/\",\"url\":\"https:\/\/experienciadevida.com.ar\/portalurbano\/wp-content\/uploads\/2019\/09\/Logo-Original.png\",\"contentUrl\":\"https:\/\/experienciadevida.com.ar\/portalurbano\/wp-content\/uploads\/2019\/09\/Logo-Original.png\",\"width\":2236,\"height\":1216,\"caption\":\"Portal Urbano\"},\"image\":{\"@id\":\"https:\/\/experienciadevida.com.ar\/portalurbano\/#\/schema\/logo\/image\/\"},\"sameAs\":[\"https:\/\/www.facebook.com\/Portal-Urbano-171542830093757\/\",\"https:\/\/twitter.com\/portalurbanook\",\"https:\/\/www.instagram.com\/_portalurbano\/\",\"https:\/\/www.youtube.com\/channel\/UCXhagIfszH8KxFiOok79zbA?view_as=subscriber\"]},{\"@type\":\"Person\",\"@id\":\"https:\/\/experienciadevida.com.ar\/portalurbano\/#\/schema\/person\/02dd326b1c4b056e9cc972486934a3a7\",\"name\":\"admpu17wp\",\"image\":{\"@type\":\"ImageObject\",\"inLanguage\":\"es\",\"@id\":\"https:\/\/experienciadevida.com.ar\/portalurbano\/#\/schema\/person\/image\/\",\"url\":\"https:\/\/secure.gravatar.com\/avatar\/830d4c57adaae6630765e449a6908047?s=96&d=mm&r=g\",\"contentUrl\":\"https:\/\/secure.gravatar.com\/avatar\/830d4c57adaae6630765e449a6908047?s=96&d=mm&r=g\",\"caption\":\"admpu17wp\"}}]}<\/script>\n<!-- \/ Yoast SEO plugin. -->","yoast_head_json":{"title":"Ezequiel Galli recibi\u00f3 a la Ministra de Gobierno Cristina \u00c1lvarez","description":"Ezequiel Galli recibi\u00f3 a la ministra de Gobierno Cristina \u00c1lvarez Rodr\u00edguez, en la tarde de este jueves el intendente recibi\u00f3","robots":{"index":"index","follow":"follow","max-snippet":"max-snippet:-1","max-image-preview":"max-image-preview:large","max-video-preview":"max-video-preview:-1"},"canonical":"https:\/\/experienciadevida.com.ar\/portalurbano\/ezequiel-galli-recibio-a-la-ministra-de-gobierno-cristina-alvarez-rodriguez\/","og_locale":"es_ES","og_type":"article","og_title":"Ezequiel Galli recibi\u00f3 a la Ministra de Gobierno Cristina \u00c1lvarez","og_description":"Ezequiel Galli recibi\u00f3 a la ministra de Gobierno Cristina \u00c1lvarez Rodr\u00edguez, en la tarde de este jueves el intendente recibi\u00f3","og_url":"https:\/\/experienciadevida.com.ar\/portalurbano\/ezequiel-galli-recibio-a-la-ministra-de-gobierno-cristina-alvarez-rodriguez\/","article_publisher":"https:\/\/www.facebook.com\/Portal-Urbano-171542830093757\/","article_published_time":"2022-08-11T22:10:29+00:00","article_modified_time":"2022-08-11T22:22:32+00:00","og_image":[{"width":1772,"height":1181,"url":"https:\/\/experienciadevida.com.ar\/portalurbano\/wp-content\/uploads\/2022\/08\/Ezequiel-Galli-recibio-a.jpg","type":"image\/jpeg"}],"author":"admpu17wp","twitter_card":"summary_large_image","twitter_creator":"@portalurbanook","twitter_site":"@portalurbanook","twitter_misc":{"Escrito por":"admpu17wp","Tiempo de lectura":"1 minuto"},"schema":{"@context":"https:\/\/schema.org","@graph":[{"@type":"Article","@id":"https:\/\/experienciadevida.com.ar\/portalurbano\/ezequiel-galli-recibio-a-la-ministra-de-gobierno-cristina-alvarez-rodriguez\/#article","isPartOf":{"@id":"https:\/\/experienciadevida.com.ar\/portalurbano\/ezequiel-galli-recibio-a-la-ministra-de-gobierno-cristina-alvarez-rodriguez\/"},"author":{"name":"admpu17wp","@id":"https:\/\/experienciadevida.com.ar\/portalurbano\/#\/schema\/person\/02dd326b1c4b056e9cc972486934a3a7"},"headline":"Ezequiel Galli recibi\u00f3 a la ministra de Gobierno Cristina \u00c1lvarez Rodr\u00edguez","datePublished":"2022-08-11T22:10:29+00:00","dateModified":"2022-08-11T22:22:32+00:00","mainEntityOfPage":{"@id":"https:\/\/experienciadevida.com.ar\/portalurbano\/ezequiel-galli-recibio-a-la-ministra-de-gobierno-cristina-alvarez-rodriguez\/"},"wordCount":205,"publisher":{"@id":"https:\/\/experienciadevida.com.ar\/portalurbano\/#organization"},"articleSection":["Ciudad","Destacadas"],"inLanguage":"es"},{"@type":"WebPage","@id":"https:\/\/experienciadevida.com.ar\/portalurbano\/ezequiel-galli-recibio-a-la-ministra-de-gobierno-cristina-alvarez-rodriguez\/","url":"https:\/\/experienciadevida.com.ar\/portalurbano\/ezequiel-galli-recibio-a-la-ministra-de-gobierno-cristina-alvarez-rodriguez\/","name":"Ezequiel Galli recibi\u00f3 a la Ministra de Gobierno Cristina \u00c1lvarez","isPartOf":{"@id":"https:\/\/experienciadevida.com.ar\/portalurbano\/#website"},"datePublished":"2022-08-11T22:10:29+00:00","dateModified":"2022-08-11T22:22:32+00:00","description":"Ezequiel Galli recibi\u00f3 a la ministra de Gobierno Cristina \u00c1lvarez Rodr\u00edguez, en la tarde de este jueves el intendente recibi\u00f3","breadcrumb":{"@id":"https:\/\/experienciadevida.com.ar\/portalurbano\/ezequiel-galli-recibio-a-la-ministra-de-gobierno-cristina-alvarez-rodriguez\/#breadcrumb"},"inLanguage":"es","potentialAction":[{"@type":"ReadAction","target":["https:\/\/experienciadevida.com.ar\/portalurbano\/ezequiel-galli-recibio-a-la-ministra-de-gobierno-cristina-alvarez-rodriguez\/"]}]},{"@type":"BreadcrumbList","@id":"https:\/\/experienciadevida.com.ar\/portalurbano\/ezequiel-galli-recibio-a-la-ministra-de-gobierno-cristina-alvarez-rodriguez\/#breadcrumb","itemListElement":[{"@type":"ListItem","position":1,"name":"Portada","item":"https:\/\/experienciadevida.com.ar\/portalurbano\/"},{"@type":"ListItem","position":2,"name":"Ezequiel Galli recibi\u00f3 a la ministra de Gobierno Cristina \u00c1lvarez Rodr\u00edguez"}]},{"@type":"WebSite","@id":"https:\/\/experienciadevida.com.ar\/portalurbano\/#website","url":"https:\/\/experienciadevida.com.ar\/portalurbano\/","name":"","description":"","publisher":{"@id":"https:\/\/experienciadevida.com.ar\/portalurbano\/#organization"},"potentialAction":[{"@type":"SearchAction","target":{"@type":"EntryPoint","urlTemplate":"https:\/\/experienciadevida.com.ar\/portalurbano\/?s={search_term_string}"},"query-input":"required name=search_term_string"}],"inLanguage":"es"},{"@type":"Organization","@id":"https:\/\/experienciadevida.com.ar\/portalurbano\/#organization","name":"Portal Urbano","url":"https:\/\/experienciadevida.com.ar\/portalurbano\/","logo":{"@type":"ImageObject","inLanguage":"es","@id":"https:\/\/experienciadevida.com.ar\/portalurbano\/#\/schema\/logo\/image\/","url":"https:\/\/experienciadevida.com.ar\/portalurbano\/wp-content\/uploads\/2019\/09\/Logo-Original.png","contentUrl":"https:\/\/experienciadevida.com.ar\/portalurbano\/wp-content\/uploads\/2019\/09\/Logo-Original.png","width":2236,"height":1216,"caption":"Portal Urbano"},"image":{"@id":"https:\/\/experienciadevida.com.ar\/portalurbano\/#\/schema\/logo\/image\/"},"sameAs":["https:\/\/www.facebook.com\/Portal-Urbano-171542830093757\/","https:\/\/twitter.com\/portalurbanook","https:\/\/www.instagram.com\/_portalurbano\/","https:\/\/www.youtube.com\/channel\/UCXhagIfszH8KxFiOok79zbA?view_as=subscriber"]},{"@type":"Person","@id":"https:\/\/experienciadevida.com.ar\/portalurbano\/#\/schema\/person\/02dd326b1c4b056e9cc972486934a3a7","name":"admpu17wp","image":{"@type":"ImageObject","inLanguage":"es","@id":"https:\/\/experienciadevida.com.ar\/portalurbano\/#\/schema\/person\/image\/","url":"https:\/\/secure.gravatar.com\/avatar\/830d4c57adaae6630765e449a6908047?s=96&d=mm&r=g","contentUrl":"https:\/\/secure.gravatar.com\/avatar\/830d4c57adaae6630765e449a6908047?s=96&d=mm&r=g","caption":"admpu17wp"}}]}},"featured_image_urls":{"full":["https:\/\/experienciadevida.com.ar\/portalurbano\/wp-content\/uploads\/2022\/08\/Ezequiel-Galli-recibio-a.jpg",1772,1181,false],"thumbnail":["https:\/\/experienciadevida.com.ar\/portalurbano\/wp-content\/uploads\/2022\/08\/Ezequiel-Galli-recibio-a-150x150.jpg",150,150,true],"medium":["https:\/\/experienciadevida.com.ar\/portalurbano\/wp-content\/uploads\/2022\/08\/Ezequiel-Galli-recibio-a-300x200.jpg",300,200,true],"medium_large":["https:\/\/experienciadevida.com.ar\/portalurbano\/wp-content\/uploads\/2022\/08\/Ezequiel-Galli-recibio-a-768x512.jpg",640,427,true],"large":["https:\/\/experienciadevida.com.ar\/portalurbano\/wp-content\/uploads\/2022\/08\/Ezequiel-Galli-recibio-a-1024x682.jpg",640,426,true],"ug_big":["https:\/\/experienciadevida.com.ar\/portalurbano\/wp-content\/uploads\/2022\/08\/Ezequiel-Galli-recibio-a-768x512.jpg",768,512,true],"1536x1536":["https:\/\/experienciadevida.com.ar\/portalurbano\/wp-content\/uploads\/2022\/08\/Ezequiel-Galli-recibio-a-1536x1024.jpg",1536,1024,true],"2048x2048":["https:\/\/experienciadevida.com.ar\/portalurbano\/wp-content\/uploads\/2022\/08\/Ezequiel-Galli-recibio-a.jpg",1772,1181,false],"newsever-slider-full":["https:\/\/experienciadevida.com.ar\/portalurbano\/wp-content\/uploads\/2022\/08\/Ezequiel-Galli-recibio-a.jpg",1268,845,false],"newsever-featured":["https:\/\/experienciadevida.com.ar\/portalurbano\/wp-content\/uploads\/2022\/08\/Ezequiel-Galli-recibio-a.jpg",1024,682,false],"newsever-medium":["https:\/\/experienciadevida.com.ar\/portalurbano\/wp-content\/uploads\/2022\/08\/Ezequiel-Galli-recibio-a.jpg",713,475,false],"web-stories-poster-portrait":["https:\/\/experienciadevida.com.ar\/portalurbano\/wp-content\/uploads\/2022\/08\/Ezequiel-Galli-recibio-a-640x853.jpg",640,853,true],"web-stories-publisher-logo":["https:\/\/experienciadevida.com.ar\/portalurbano\/wp-content\/uploads\/2022\/08\/Ezequiel-Galli-recibio-a-96x96.jpg",96,96,true],"web-stories-thumbnail":["https:\/\/experienciadevida.com.ar\/portalurbano\/wp-content\/uploads\/2022\/08\/Ezequiel-Galli-recibio-a-150x100.jpg",150,100,true]},"author_info":{"display_name":"admpu17wp","author_link":"https:\/\/experienciadevida.com.ar\/portalurbano\/author\/admpu17wp\/"},"category_info":"<a href=\"https:\/\/experienciadevida.com.ar\/portalurbano\/category\/ciudad\/\" rel=\"category tag\">Ciudad<\/a> <a href=\"https:\/\/experienciadevida.com.ar\/portalurbano\/category\/destacadas\/\" rel=\"category tag\">Destacadas<\/a>","tag_info":"Destacadas","comment_count":"0","amp_enabled":true,"_links":{"self":[{"href":"https:\/\/experienciadevida.com.ar\/portalurbano\/wp-json\/wp\/v2\/posts\/173056"}],"collection":[{"href":"https:\/\/experienciadevida.com.ar\/portalurbano\/wp-json\/wp\/v2\/posts"}],"about":[{"href":"https:\/\/experienciadevida.com.ar\/portalurbano\/wp-json\/wp\/v2\/types\/post"}],"author":[{"embeddable":true,"href":"https:\/\/experienciadevida.com.ar\/portalurbano\/wp-json\/wp\/v2\/users\/1"}],"replies":[{"embeddable":true,"href":"https:\/\/experienciadevida.com.ar\/portalurbano\/wp-json\/wp\/v2\/comments?post=173056"}],"version-history":[{"count":4,"href":"https:\/\/experienciadevida.com.ar\/portalurbano\/wp-json\/wp\/v2\/posts\/173056\/revisions"}],"predecessor-version":[{"id":173062,"href":"https:\/\/experienciadevida.com.ar\/portalurbano\/wp-json\/wp\/v2\/posts\/173056\/revisions\/173062"}],"wp:featuredmedia":[{"embeddable":true,"href":"https:\/\/experienciadevida.com.ar\/portalurbano\/wp-json\/wp\/v2\/media\/173057"}],"wp:attachment":[{"href":"https:\/\/experienciadevida.com.ar\/portalurbano\/wp-json\/wp\/v2\/media?parent=173056"}],"wp:term":[{"taxonomy":"category","embeddable":true,"href":"https:\/\/experienciadevida.com.ar\/portalurbano\/wp-json\/wp\/v2\/categories?post=173056"},{"taxonomy":"post_tag","embeddable":true,"href":"https:\/\/experienciadevida.com.ar\/portalurbano\/wp-json\/wp\/v2\/tags?post=173056"}],"curies":[{"name":"wp","href":"https:\/\/api.w.org\/{rel}","templated":true}]}}