{"id":173048,"date":"2022-08-11T16:06:50","date_gmt":"2022-08-11T19:06:50","guid":{"rendered":"https:\/\/experienciadevida.com.ar\/portalurbano\/?p=173048"},"modified":"2022-08-11T16:08:25","modified_gmt":"2022-08-11T19:08:25","slug":"predio-de-la-escuela-industrial-el-municipio-debera-dar-informacion-detallada-a-la-comunidad-educativa","status":"publish","type":"post","link":"https:\/\/experienciadevida.com.ar\/portalurbano\/predio-de-la-escuela-industrial-el-municipio-debera-dar-informacion-detallada-a-la-comunidad-educativa\/","title":{"rendered":"Predio de la Escuela Industrial: el municipio deber\u00e1 dar informaci\u00f3n detallada a la comunidad educativa"},"content":{"rendered":"<p>Predio de la Escuela Industrial: el municipio deber\u00e1 dar informaci\u00f3n detallada a la comunidad educativa, en la jornada de hoy, durante una nueva sesi\u00f3n ordinaria del Concejo Deliberante se aprob\u00f3 por unanimidad un pedido de informes al ejecutivo. El municipio deber\u00e1 detallar especificaciones del predio lindero con la Escuela de Educaci\u00f3n T\u00e9cnica N\u00b0 2 (Ex Industrial), el proyecto surge a ra\u00edz de la preocupaci\u00f3n de miembros de la instituci\u00f3n educativa. Una ordenanza del a\u00f1o 60 data que el mismo fue donado a la instituci\u00f3n.<\/p>\n<p>El 23 de julio, durante el per\u00edodo de receso invernal, un grupo trabajadores municipales retiraron el cerco perimetral del terreno lindero a la Escuela de Educaci\u00f3n T\u00e9cnica N\u00b0 2 (ex Industrial), sin previo aviso a las autoridades de la Escuela, lo cual despert\u00f3 intriga y preocupaci\u00f3n.<\/p>\n<p>A ra\u00edz de esto el Interbloque del Frente de Todos present\u00f3 un pedido de informaci\u00f3n luego de una reuni\u00f3n con integrantes de la instituci\u00f3n quienes manifestaron su preocupaci\u00f3n y exigieron informaci\u00f3n sobre el accionar sorpresivo del municipio.<\/p>\n<p>La concejala Landivar fue la encargada explicar el proyecto e indic\u00f3: \u201cEstamos hablando de una instituci\u00f3n educativa que hace aproximadamente 60 a\u00f1os se encuentra en este predio y por eso hemos visto una comunidad tan organizada y que le da tanto valor a lo que ha hecho esta escuela con los vecinos y vecinas. Tuvimos la oportunidad de escuchar a miembros del establecimiento, de la cooperadora, ex alumnos, profesores que nos manifestaron su procuraci\u00f3n y nos contaron su historia\u201d.<\/p>\n<p>En la misma l\u00ednea la concejala destac\u00f3: \u201cHay una ordenanza madre del a\u00f1o 60, ah\u00ed comienza la historia de este edifico y este predio donde se plasma la donaci\u00f3n que el municipio en ese momento hace a esta comunidad educativa. \u00bfPor qu\u00e9 si en ese momento el municipio hizo una donaci\u00f3n a naci\u00f3n despu\u00e9s en el camino nos encontramos con algunas decisiones de volver a donar el predio? La ordenanza es clarita, y coincide con el terreno donde est\u00e1 anclada la escuela y el predio de al lado. Habr\u00e1 que revisar si las cosas se hicieron bien o mal. Hay que recabar la suficiente informaci\u00f3n, tambi\u00e9n desde la gesti\u00f3n y por eso hay tantas irregularidades y no se comprende algunas decisiones\u201d.<\/p>\n<p>Asimismo, la edil sentenci\u00f3: \u201cPido poner el valor la historia de esta instituci\u00f3n, la trayectoria, en primer lugar pido di\u00e1logo, generar los canales correspondientes, formales, dialogo que a la hora de tomar decisiones que impactan en la vida de los vecinos y las vecinas el ejecutivo poco ejerce. Ning\u00fan miembro de la instituci\u00f3n pudo contar con esa formalidad y con ese respeto para generar acuerdos necesarios y saber de qu\u00e9 manera seguir avanzando. La comunidad se encentra con esta sorpresa, de sacar el cerco, de la noche a la ma\u00f1ana\u201d.<\/p>\n<p>Por \u00faltimo Landivar solicit\u00f3: \u201cLuego de mucho averiguar se supo que la decisi\u00f3n hab\u00eda sido de Robbiani, adem\u00e1s tuvieron el tup\u00e9 de contestar cuando fueron consultados que todav\u00eda no pod\u00edan decir que iban a hacer en el lugar, generando toda una expectativa, cuando la comunidad quer\u00eda saber que estaba pasando con el predio, predio que la escuela siempre ha hecho usufructo. La posesi\u00f3n siempre fue ejercida por la escuela y se ocup\u00f3 del mantenimiento. De repente nos encontramos con que hay irregularidades y eso es lo venimos a plantear en ese informe, m\u00e1s claridad. La comunidad requiere m\u00e1s informaci\u00f3n para tener una mayor tranquilidad\u201d.<\/p>\n","protected":false},"excerpt":{"rendered":"<p>Predio de la Escuela Industrial: el municipio deber\u00e1 dar informaci\u00f3n detallada a la comunidad educativa,&#8230;<\/p>\n","protected":false},"author":1,"featured_media":173049,"comment_status":"closed","ping_status":"closed","sticky":false,"template":"","format":"standard","meta":{"content-type":""},"categories":[27,64],"tags":[],"nelio_content":{"isAutoShareEnabled":false,"autoShareEndMode":"default","automationSources":{"useContentSentences":true,"useSocialTemplates":true,"useCustomSentences":false,"customSentences":[]},"followers":[1],"suggestedReferences":[],"includedReferences":[],"efiUrl":"","efiAlt":"","highlights":[]},"yoast_head":"<!-- This site is optimized with the Yoast SEO plugin v20.7 - https:\/\/yoast.com\/wordpress\/plugins\/seo\/ -->\n<title>Predio de la escuela industrial: El Municipio deber\u00e1 dar informaci\u00f3n<\/title>\n<meta name=\"description\" content=\"Predio de la Escuela Industrial: el municipio deber\u00e1 dar informaci\u00f3n detallada a la comunidad educativa, en la jornada de hoy,\" \/>\n<meta name=\"robots\" content=\"index, follow, max-snippet:-1, max-image-preview:large, max-video-preview:-1\" \/>\n<link rel=\"canonical\" href=\"https:\/\/experienciadevida.com.ar\/portalurbano\/predio-de-la-escuela-industrial-el-municipio-debera-dar-informacion-detallada-a-la-comunidad-educativa\/\" \/>\n<meta property=\"og:locale\" content=\"es_ES\" \/>\n<meta property=\"og:type\" content=\"article\" \/>\n<meta property=\"og:title\" content=\"Predio de la escuela industrial: El Municipio deber\u00e1 dar informaci\u00f3n\" \/>\n<meta property=\"og:description\" content=\"Predio de la Escuela Industrial: el municipio deber\u00e1 dar informaci\u00f3n detallada a la comunidad educativa, en la jornada de hoy,\" \/>\n<meta property=\"og:url\" content=\"https:\/\/experienciadevida.com.ar\/portalurbano\/predio-de-la-escuela-industrial-el-municipio-debera-dar-informacion-detallada-a-la-comunidad-educativa\/\" \/>\n<meta property=\"article:publisher\" content=\"https:\/\/www.facebook.com\/Portal-Urbano-171542830093757\/\" \/>\n<meta property=\"article:published_time\" content=\"2022-08-11T19:06:50+00:00\" \/>\n<meta property=\"article:modified_time\" content=\"2022-08-11T19:08:25+00:00\" \/>\n<meta property=\"og:image\" content=\"https:\/\/experienciadevida.com.ar\/portalurbano\/wp-content\/uploads\/2022\/08\/Predio-de-la-Escuela.jpg\" \/>\n\t<meta property=\"og:image:width\" content=\"1280\" \/>\n\t<meta property=\"og:image:height\" content=\"808\" \/>\n\t<meta property=\"og:image:type\" content=\"image\/jpeg\" \/>\n<meta name=\"author\" content=\"admpu17wp\" \/>\n<meta name=\"twitter:card\" content=\"summary_large_image\" \/>\n<meta name=\"twitter:creator\" content=\"@portalurbanook\" \/>\n<meta name=\"twitter:site\" content=\"@portalurbanook\" \/>\n<meta name=\"twitter:label1\" content=\"Escrito por\" \/>\n\t<meta name=\"twitter:data1\" content=\"admpu17wp\" \/>\n\t<meta name=\"twitter:label2\" content=\"Tiempo de lectura\" \/>\n\t<meta name=\"twitter:data2\" content=\"3 minutos\" \/>\n<script type=\"application\/ld+json\" class=\"yoast-schema-graph\">{\"@context\":\"https:\/\/schema.org\",\"@graph\":[{\"@type\":\"Article\",\"@id\":\"https:\/\/experienciadevida.com.ar\/portalurbano\/predio-de-la-escuela-industrial-el-municipio-debera-dar-informacion-detallada-a-la-comunidad-educativa\/#article\",\"isPartOf\":{\"@id\":\"https:\/\/experienciadevida.com.ar\/portalurbano\/predio-de-la-escuela-industrial-el-municipio-debera-dar-informacion-detallada-a-la-comunidad-educativa\/\"},\"author\":{\"name\":\"admpu17wp\",\"@id\":\"https:\/\/experienciadevida.com.ar\/portalurbano\/#\/schema\/person\/02dd326b1c4b056e9cc972486934a3a7\"},\"headline\":\"Predio de la Escuela Industrial: el municipio deber\u00e1 dar informaci\u00f3n detallada a la comunidad educativa\",\"datePublished\":\"2022-08-11T19:06:50+00:00\",\"dateModified\":\"2022-08-11T19:08:25+00:00\",\"mainEntityOfPage\":{\"@id\":\"https:\/\/experienciadevida.com.ar\/portalurbano\/predio-de-la-escuela-industrial-el-municipio-debera-dar-informacion-detallada-a-la-comunidad-educativa\/\"},\"wordCount\":617,\"publisher\":{\"@id\":\"https:\/\/experienciadevida.com.ar\/portalurbano\/#organization\"},\"articleSection\":[\"Ciudad\",\"Destacadas 2\"],\"inLanguage\":\"es\"},{\"@type\":\"WebPage\",\"@id\":\"https:\/\/experienciadevida.com.ar\/portalurbano\/predio-de-la-escuela-industrial-el-municipio-debera-dar-informacion-detallada-a-la-comunidad-educativa\/\",\"url\":\"https:\/\/experienciadevida.com.ar\/portalurbano\/predio-de-la-escuela-industrial-el-municipio-debera-dar-informacion-detallada-a-la-comunidad-educativa\/\",\"name\":\"Predio de la escuela industrial: El Municipio deber\u00e1 dar informaci\u00f3n\",\"isPartOf\":{\"@id\":\"https:\/\/experienciadevida.com.ar\/portalurbano\/#website\"},\"datePublished\":\"2022-08-11T19:06:50+00:00\",\"dateModified\":\"2022-08-11T19:08:25+00:00\",\"description\":\"Predio de la Escuela Industrial: el municipio deber\u00e1 dar informaci\u00f3n detallada a la comunidad educativa, en la jornada de hoy,\",\"breadcrumb\":{\"@id\":\"https:\/\/experienciadevida.com.ar\/portalurbano\/predio-de-la-escuela-industrial-el-municipio-debera-dar-informacion-detallada-a-la-comunidad-educativa\/#breadcrumb\"},\"inLanguage\":\"es\",\"potentialAction\":[{\"@type\":\"ReadAction\",\"target\":[\"https:\/\/experienciadevida.com.ar\/portalurbano\/predio-de-la-escuela-industrial-el-municipio-debera-dar-informacion-detallada-a-la-comunidad-educativa\/\"]}]},{\"@type\":\"BreadcrumbList\",\"@id\":\"https:\/\/experienciadevida.com.ar\/portalurbano\/predio-de-la-escuela-industrial-el-municipio-debera-dar-informacion-detallada-a-la-comunidad-educativa\/#breadcrumb\",\"itemListElement\":[{\"@type\":\"ListItem\",\"position\":1,\"name\":\"Portada\",\"item\":\"https:\/\/experienciadevida.com.ar\/portalurbano\/\"},{\"@type\":\"ListItem\",\"position\":2,\"name\":\"Predio de la Escuela Industrial: el municipio deber\u00e1 dar informaci\u00f3n detallada a la comunidad educativa\"}]},{\"@type\":\"WebSite\",\"@id\":\"https:\/\/experienciadevida.com.ar\/portalurbano\/#website\",\"url\":\"https:\/\/experienciadevida.com.ar\/portalurbano\/\",\"name\":\"\",\"description\":\"\",\"publisher\":{\"@id\":\"https:\/\/experienciadevida.com.ar\/portalurbano\/#organization\"},\"potentialAction\":[{\"@type\":\"SearchAction\",\"target\":{\"@type\":\"EntryPoint\",\"urlTemplate\":\"https:\/\/experienciadevida.com.ar\/portalurbano\/?s={search_term_string}\"},\"query-input\":\"required name=search_term_string\"}],\"inLanguage\":\"es\"},{\"@type\":\"Organization\",\"@id\":\"https:\/\/experienciadevida.com.ar\/portalurbano\/#organization\",\"name\":\"Portal Urbano\",\"url\":\"https:\/\/experienciadevida.com.ar\/portalurbano\/\",\"logo\":{\"@type\":\"ImageObject\",\"inLanguage\":\"es\",\"@id\":\"https:\/\/experienciadevida.com.ar\/portalurbano\/#\/schema\/logo\/image\/\",\"url\":\"https:\/\/experienciadevida.com.ar\/portalurbano\/wp-content\/uploads\/2019\/09\/Logo-Original.png\",\"contentUrl\":\"https:\/\/experienciadevida.com.ar\/portalurbano\/wp-content\/uploads\/2019\/09\/Logo-Original.png\",\"width\":2236,\"height\":1216,\"caption\":\"Portal Urbano\"},\"image\":{\"@id\":\"https:\/\/experienciadevida.com.ar\/portalurbano\/#\/schema\/logo\/image\/\"},\"sameAs\":[\"https:\/\/www.facebook.com\/Portal-Urbano-171542830093757\/\",\"https:\/\/twitter.com\/portalurbanook\",\"https:\/\/www.instagram.com\/_portalurbano\/\",\"https:\/\/www.youtube.com\/channel\/UCXhagIfszH8KxFiOok79zbA?view_as=subscriber\"]},{\"@type\":\"Person\",\"@id\":\"https:\/\/experienciadevida.com.ar\/portalurbano\/#\/schema\/person\/02dd326b1c4b056e9cc972486934a3a7\",\"name\":\"admpu17wp\",\"image\":{\"@type\":\"ImageObject\",\"inLanguage\":\"es\",\"@id\":\"https:\/\/experienciadevida.com.ar\/portalurbano\/#\/schema\/person\/image\/\",\"url\":\"https:\/\/secure.gravatar.com\/avatar\/830d4c57adaae6630765e449a6908047?s=96&d=mm&r=g\",\"contentUrl\":\"https:\/\/secure.gravatar.com\/avatar\/830d4c57adaae6630765e449a6908047?s=96&d=mm&r=g\",\"caption\":\"admpu17wp\"}}]}<\/script>\n<!-- \/ Yoast SEO plugin. -->","yoast_head_json":{"title":"Predio de la escuela industrial: El Municipio deber\u00e1 dar informaci\u00f3n","description":"Predio de la Escuela Industrial: el municipio deber\u00e1 dar informaci\u00f3n detallada a la comunidad educativa, en la jornada de hoy,","robots":{"index":"index","follow":"follow","max-snippet":"max-snippet:-1","max-image-preview":"max-image-preview:large","max-video-preview":"max-video-preview:-1"},"canonical":"https:\/\/experienciadevida.com.ar\/portalurbano\/predio-de-la-escuela-industrial-el-municipio-debera-dar-informacion-detallada-a-la-comunidad-educativa\/","og_locale":"es_ES","og_type":"article","og_title":"Predio de la escuela industrial: El Municipio deber\u00e1 dar informaci\u00f3n","og_description":"Predio de la Escuela Industrial: el municipio deber\u00e1 dar informaci\u00f3n detallada a la comunidad educativa, en la jornada de hoy,","og_url":"https:\/\/experienciadevida.com.ar\/portalurbano\/predio-de-la-escuela-industrial-el-municipio-debera-dar-informacion-detallada-a-la-comunidad-educativa\/","article_publisher":"https:\/\/www.facebook.com\/Portal-Urbano-171542830093757\/","article_published_time":"2022-08-11T19:06:50+00:00","article_modified_time":"2022-08-11T19:08:25+00:00","og_image":[{"width":1280,"height":808,"url":"https:\/\/experienciadevida.com.ar\/portalurbano\/wp-content\/uploads\/2022\/08\/Predio-de-la-Escuela.jpg","type":"image\/jpeg"}],"author":"admpu17wp","twitter_card":"summary_large_image","twitter_creator":"@portalurbanook","twitter_site":"@portalurbanook","twitter_misc":{"Escrito por":"admpu17wp","Tiempo de lectura":"3 minutos"},"schema":{"@context":"https:\/\/schema.org","@graph":[{"@type":"Article","@id":"https:\/\/experienciadevida.com.ar\/portalurbano\/predio-de-la-escuela-industrial-el-municipio-debera-dar-informacion-detallada-a-la-comunidad-educativa\/#article","isPartOf":{"@id":"https:\/\/experienciadevida.com.ar\/portalurbano\/predio-de-la-escuela-industrial-el-municipio-debera-dar-informacion-detallada-a-la-comunidad-educativa\/"},"author":{"name":"admpu17wp","@id":"https:\/\/experienciadevida.com.ar\/portalurbano\/#\/schema\/person\/02dd326b1c4b056e9cc972486934a3a7"},"headline":"Predio de la Escuela Industrial: el municipio deber\u00e1 dar informaci\u00f3n detallada a la comunidad educativa","datePublished":"2022-08-11T19:06:50+00:00","dateModified":"2022-08-11T19:08:25+00:00","mainEntityOfPage":{"@id":"https:\/\/experienciadevida.com.ar\/portalurbano\/predio-de-la-escuela-industrial-el-municipio-debera-dar-informacion-detallada-a-la-comunidad-educativa\/"},"wordCount":617,"publisher":{"@id":"https:\/\/experienciadevida.com.ar\/portalurbano\/#organization"},"articleSection":["Ciudad","Destacadas 2"],"inLanguage":"es"},{"@type":"WebPage","@id":"https:\/\/experienciadevida.com.ar\/portalurbano\/predio-de-la-escuela-industrial-el-municipio-debera-dar-informacion-detallada-a-la-comunidad-educativa\/","url":"https:\/\/experienciadevida.com.ar\/portalurbano\/predio-de-la-escuela-industrial-el-municipio-debera-dar-informacion-detallada-a-la-comunidad-educativa\/","name":"Predio de la escuela industrial: El Municipio deber\u00e1 dar informaci\u00f3n","isPartOf":{"@id":"https:\/\/experienciadevida.com.ar\/portalurbano\/#website"},"datePublished":"2022-08-11T19:06:50+00:00","dateModified":"2022-08-11T19:08:25+00:00","description":"Predio de la Escuela Industrial: el municipio deber\u00e1 dar informaci\u00f3n detallada a la comunidad educativa, en la jornada de hoy,","breadcrumb":{"@id":"https:\/\/experienciadevida.com.ar\/portalurbano\/predio-de-la-escuela-industrial-el-municipio-debera-dar-informacion-detallada-a-la-comunidad-educativa\/#breadcrumb"},"inLanguage":"es","potentialAction":[{"@type":"ReadAction","target":["https:\/\/experienciadevida.com.ar\/portalurbano\/predio-de-la-escuela-industrial-el-municipio-debera-dar-informacion-detallada-a-la-comunidad-educativa\/"]}]},{"@type":"BreadcrumbList","@id":"https:\/\/experienciadevida.com.ar\/portalurbano\/predio-de-la-escuela-industrial-el-municipio-debera-dar-informacion-detallada-a-la-comunidad-educativa\/#breadcrumb","itemListElement":[{"@type":"ListItem","position":1,"name":"Portada","item":"https:\/\/experienciadevida.com.ar\/portalurbano\/"},{"@type":"ListItem","position":2,"name":"Predio de la Escuela Industrial: el municipio deber\u00e1 dar informaci\u00f3n detallada a la comunidad educativa"}]},{"@type":"WebSite","@id":"https:\/\/experienciadevida.com.ar\/portalurbano\/#website","url":"https:\/\/experienciadevida.com.ar\/portalurbano\/","name":"","description":"","publisher":{"@id":"https:\/\/experienciadevida.com.ar\/portalurbano\/#organization"},"potentialAction":[{"@type":"SearchAction","target":{"@type":"EntryPoint","urlTemplate":"https:\/\/experienciadevida.com.ar\/portalurbano\/?s={search_term_string}"},"query-input":"required name=search_term_string"}],"inLanguage":"es"},{"@type":"Organization","@id":"https:\/\/experienciadevida.com.ar\/portalurbano\/#organization","name":"Portal Urbano","url":"https:\/\/experienciadevida.com.ar\/portalurbano\/","logo":{"@type":"ImageObject","inLanguage":"es","@id":"https:\/\/experienciadevida.com.ar\/portalurbano\/#\/schema\/logo\/image\/","url":"https:\/\/experienciadevida.com.ar\/portalurbano\/wp-content\/uploads\/2019\/09\/Logo-Original.png","contentUrl":"https:\/\/experienciadevida.com.ar\/portalurbano\/wp-content\/uploads\/2019\/09\/Logo-Original.png","width":2236,"height":1216,"caption":"Portal Urbano"},"image":{"@id":"https:\/\/experienciadevida.com.ar\/portalurbano\/#\/schema\/logo\/image\/"},"sameAs":["https:\/\/www.facebook.com\/Portal-Urbano-171542830093757\/","https:\/\/twitter.com\/portalurbanook","https:\/\/www.instagram.com\/_portalurbano\/","https:\/\/www.youtube.com\/channel\/UCXhagIfszH8KxFiOok79zbA?view_as=subscriber"]},{"@type":"Person","@id":"https:\/\/experienciadevida.com.ar\/portalurbano\/#\/schema\/person\/02dd326b1c4b056e9cc972486934a3a7","name":"admpu17wp","image":{"@type":"ImageObject","inLanguage":"es","@id":"https:\/\/experienciadevida.com.ar\/portalurbano\/#\/schema\/person\/image\/","url":"https:\/\/secure.gravatar.com\/avatar\/830d4c57adaae6630765e449a6908047?s=96&d=mm&r=g","contentUrl":"https:\/\/secure.gravatar.com\/avatar\/830d4c57adaae6630765e449a6908047?s=96&d=mm&r=g","caption":"admpu17wp"}}]}},"featured_image_urls":{"full":["https:\/\/experienciadevida.com.ar\/portalurbano\/wp-content\/uploads\/2022\/08\/Predio-de-la-Escuela.jpg",1280,808,false],"thumbnail":["https:\/\/experienciadevida.com.ar\/portalurbano\/wp-content\/uploads\/2022\/08\/Predio-de-la-Escuela-150x150.jpg",150,150,true],"medium":["https:\/\/experienciadevida.com.ar\/portalurbano\/wp-content\/uploads\/2022\/08\/Predio-de-la-Escuela-300x189.jpg",300,189,true],"medium_large":["https:\/\/experienciadevida.com.ar\/portalurbano\/wp-content\/uploads\/2022\/08\/Predio-de-la-Escuela-768x485.jpg",640,404,true],"large":["https:\/\/experienciadevida.com.ar\/portalurbano\/wp-content\/uploads\/2022\/08\/Predio-de-la-Escuela-1024x646.jpg",640,404,true],"ug_big":["https:\/\/experienciadevida.com.ar\/portalurbano\/wp-content\/uploads\/2022\/08\/Predio-de-la-Escuela-768x485.jpg",768,485,true],"1536x1536":["https:\/\/experienciadevida.com.ar\/portalurbano\/wp-content\/uploads\/2022\/08\/Predio-de-la-Escuela.jpg",1280,808,false],"2048x2048":["https:\/\/experienciadevida.com.ar\/portalurbano\/wp-content\/uploads\/2022\/08\/Predio-de-la-Escuela.jpg",1280,808,false],"newsever-slider-full":["https:\/\/experienciadevida.com.ar\/portalurbano\/wp-content\/uploads\/2022\/08\/Predio-de-la-Escuela.jpg",1280,808,false],"newsever-featured":["https:\/\/experienciadevida.com.ar\/portalurbano\/wp-content\/uploads\/2022\/08\/Predio-de-la-Escuela.jpg",1024,646,false],"newsever-medium":["https:\/\/experienciadevida.com.ar\/portalurbano\/wp-content\/uploads\/2022\/08\/Predio-de-la-Escuela.jpg",720,455,false],"web-stories-poster-portrait":["https:\/\/experienciadevida.com.ar\/portalurbano\/wp-content\/uploads\/2022\/08\/Predio-de-la-Escuela-640x808.jpg",640,808,true],"web-stories-publisher-logo":["https:\/\/experienciadevida.com.ar\/portalurbano\/wp-content\/uploads\/2022\/08\/Predio-de-la-Escuela-96x96.jpg",96,96,true],"web-stories-thumbnail":["https:\/\/experienciadevida.com.ar\/portalurbano\/wp-content\/uploads\/2022\/08\/Predio-de-la-Escuela-150x95.jpg",150,95,true]},"author_info":{"display_name":"admpu17wp","author_link":"https:\/\/experienciadevida.com.ar\/portalurbano\/author\/admpu17wp\/"},"category_info":"<a href=\"https:\/\/experienciadevida.com.ar\/portalurbano\/category\/ciudad\/\" rel=\"category tag\">Ciudad<\/a> <a href=\"https:\/\/experienciadevida.com.ar\/portalurbano\/category\/destacadas-2\/\" rel=\"category tag\">Destacadas 2<\/a>","tag_info":"Destacadas 2","comment_count":"0","amp_enabled":true,"_links":{"self":[{"href":"https:\/\/experienciadevida.com.ar\/portalurbano\/wp-json\/wp\/v2\/posts\/173048"}],"collection":[{"href":"https:\/\/experienciadevida.com.ar\/portalurbano\/wp-json\/wp\/v2\/posts"}],"about":[{"href":"https:\/\/experienciadevida.com.ar\/portalurbano\/wp-json\/wp\/v2\/types\/post"}],"author":[{"embeddable":true,"href":"https:\/\/experienciadevida.com.ar\/portalurbano\/wp-json\/wp\/v2\/users\/1"}],"replies":[{"embeddable":true,"href":"https:\/\/experienciadevida.com.ar\/portalurbano\/wp-json\/wp\/v2\/comments?post=173048"}],"version-history":[{"count":2,"href":"https:\/\/experienciadevida.com.ar\/portalurbano\/wp-json\/wp\/v2\/posts\/173048\/revisions"}],"predecessor-version":[{"id":173051,"href":"https:\/\/experienciadevida.com.ar\/portalurbano\/wp-json\/wp\/v2\/posts\/173048\/revisions\/173051"}],"wp:featuredmedia":[{"embeddable":true,"href":"https:\/\/experienciadevida.com.ar\/portalurbano\/wp-json\/wp\/v2\/media\/173049"}],"wp:attachment":[{"href":"https:\/\/experienciadevida.com.ar\/portalurbano\/wp-json\/wp\/v2\/media?parent=173048"}],"wp:term":[{"taxonomy":"category","embeddable":true,"href":"https:\/\/experienciadevida.com.ar\/portalurbano\/wp-json\/wp\/v2\/categories?post=173048"},{"taxonomy":"post_tag","embeddable":true,"href":"https:\/\/experienciadevida.com.ar\/portalurbano\/wp-json\/wp\/v2\/tags?post=173048"}],"curies":[{"name":"wp","href":"https:\/\/api.w.org\/{rel}","templated":true}]}}