{"id":173034,"date":"2022-08-11T11:59:20","date_gmt":"2022-08-11T14:59:20","guid":{"rendered":"https:\/\/experienciadevida.com.ar\/portalurbano\/?p=173034"},"modified":"2022-08-11T12:04:12","modified_gmt":"2022-08-11T15:04:12","slug":"se-realizo-una-nueva-entrega-de-microcreditos-para-emprendimientos-locales","status":"publish","type":"post","link":"https:\/\/experienciadevida.com.ar\/portalurbano\/se-realizo-una-nueva-entrega-de-microcreditos-para-emprendimientos-locales\/","title":{"rendered":"Se realiz\u00f3 una nueva entrega de microcr\u00e9ditos para emprendimientos locales"},"content":{"rendered":"<p>Se realiz\u00f3 una nueva entrega de microcr\u00e9ditos para emprendimientos locales, en un acto que se celebr\u00f3 en la ma\u00f1ana de este jueves en la Sala de Reuniones del Palacio San Mart\u00edn, siete emprendedores olavarrienses recibieron financiamiento crediticio para sus proyectos.<\/p>\n<p><a href=\"https:\/\/experienciadevida.com.ar\/portalurbano\/se-realizo-una-nueva-entrega-de-microcreditos-para-emprendimientos-locales\/se-19\/\" rel=\"attachment wp-att-173037\"><img decoding=\"async\" class=\"alignnone size-large wp-image-173037\" src=\"https:\/\/experienciadevida.com.ar\/portalurbano\/wp-content\/uploads\/2022\/08\/Se-1-1024x682.jpg\" alt=\"Se \" width=\"900\" height=\"599\" srcset=\"https:\/\/experienciadevida.com.ar\/portalurbano\/wp-content\/uploads\/2022\/08\/Se-1-1024x682.jpg 1024w, https:\/\/experienciadevida.com.ar\/portalurbano\/wp-content\/uploads\/2022\/08\/Se-1-300x200.jpg 300w, https:\/\/experienciadevida.com.ar\/portalurbano\/wp-content\/uploads\/2022\/08\/Se-1-768x512.jpg 768w, https:\/\/experienciadevida.com.ar\/portalurbano\/wp-content\/uploads\/2022\/08\/Se-1-1536x1024.jpg 1536w, https:\/\/experienciadevida.com.ar\/portalurbano\/wp-content\/uploads\/2022\/08\/Se-1-150x100.jpg 150w, https:\/\/experienciadevida.com.ar\/portalurbano\/wp-content\/uploads\/2022\/08\/Se-1.jpg 1772w\" sizes=\"(max-width: 900px) 100vw, 900px\" \/><\/a><\/p>\n<p>El mismo fue encabezado por el Intendente Ezequiel <a href=\"https:\/\/www.facebook.com\/galliezequiel\">Galli<\/a>, quien recibi\u00f3 a las personas adjudicatarias de los cr\u00e9ditos, y dialog\u00f3 sobre cada uno de los emprendimientos. Acompa\u00f1aron al Intendente el secretario de Desarrollo Econ\u00f3mico, Julio Valetutto y Paula Bilotto, integrante del equipo de la mencionada dependencia.<\/p>\n<p>Galli, por su parte, expres\u00f3: \u201cCuenten con el equipo, resp\u00e1ldense en \u00e9l para recibir asesoramiento sobre comercializaci\u00f3n en redes, tr\u00e1mites y gestiones impositivas, etc.; el equipo est\u00e1 a disposici\u00f3n\u201d.<\/p>\n<p>En relaci\u00f3n a este tipo de financiamiento, el Intendente destac\u00f3 que \u201ces muy importante por lo que significa para ustedes, un empujoncito para dar un salto de calidad, un crecimiento en cada proyecto\u201d.<\/p>\n<p>\u201cEl emprendedorismo con la pandemia creci\u00f3 much\u00edsimo\u201d \u2013 resalt\u00f3 Galli y a\u00f1adi\u00f3 que \u201cla verdad me encanta entregar esos microcr\u00e9ditos: hay muchos casos en los que esta adjudicaci\u00f3n fue fundamental para poder, por ejemplo, comprar la maquina necesaria para poder profesonalizarse y optimizar la calidad de sus productos o servicios\u201d.<\/p>\n<p><a href=\"https:\/\/experienciadevida.com.ar\/portalurbano\/se-realizo-una-nueva-entrega-de-microcreditos-para-emprendimientos-locales\/realizo-10\/\" rel=\"attachment wp-att-173039\"><img decoding=\"async\" class=\"alignnone size-large wp-image-173039\" src=\"https:\/\/experienciadevida.com.ar\/portalurbano\/wp-content\/uploads\/2022\/08\/realizo-1-1024x682.jpg\" alt=\"realiz\u00f3 \" width=\"900\" height=\"599\" srcset=\"https:\/\/experienciadevida.com.ar\/portalurbano\/wp-content\/uploads\/2022\/08\/realizo-1-1024x682.jpg 1024w, https:\/\/experienciadevida.com.ar\/portalurbano\/wp-content\/uploads\/2022\/08\/realizo-1-300x200.jpg 300w, https:\/\/experienciadevida.com.ar\/portalurbano\/wp-content\/uploads\/2022\/08\/realizo-1-768x512.jpg 768w, https:\/\/experienciadevida.com.ar\/portalurbano\/wp-content\/uploads\/2022\/08\/realizo-1-1536x1024.jpg 1536w, https:\/\/experienciadevida.com.ar\/portalurbano\/wp-content\/uploads\/2022\/08\/realizo-1-150x100.jpg 150w, https:\/\/experienciadevida.com.ar\/portalurbano\/wp-content\/uploads\/2022\/08\/realizo-1.jpg 1772w\" sizes=\"(max-width: 900px) 100vw, 900px\" \/><\/a><\/p>\n<p>En esta ocasi\u00f3n, quienes recibieron financiamiento crediticio fueron los siguientes:<\/p>\n<p>Fondo productivo (cr\u00e9dito $80.000, 24 cuotas de $4150,25)<\/p>\n<p>\u2013 Denise Viola: Dise\u00f1o y confecci\u00f3n de lencer\u00eda. El monto crediticio se destinar\u00e1 a la compra de maquinaria industrial.<\/p>\n<p>\u2013 Nancy Burgardt: vitrofusi\u00f3n y mosaiquismo. El monto crediticio se destinar\u00e1 a la compra de herramientas e insumos.<\/p>\n<p>\u2013 Macarena Aravena. Dise\u00f1o y confecci\u00f3n de indumentaria. El monto crediticio se destinar\u00e1 a la compra de maquinaria industrial.<\/p>\n<p>\u2013 Alejandra Del Zotto: taller de calzado y marroquiner\u00eda. El monto crediticio se destinar\u00e1 a la compra de materia prima.<\/p>\n<p>\u2013 Mar\u00eda Saavedra: artesan\u00edas en madera y puntillismo. El monto crediticio se destinar\u00e1 a la compra de herramientas de mano y materia prima.<\/p>\n<p>CoNaMi (cr\u00e9dito $100.000, 24 cuotas de $5187,82)<\/p>\n<p>\u2013 Marcelo Garisoain: gimnasio. El monto crediticio se destinar\u00e1 a la compra de equipamiento para el espacio.<\/p>\n<p>\u2013 Luciano Di Carlo. Kinesiolog\u00eda. El monto crediticio se destinar\u00e1 a la compra de pintura para el acondicionamiento del espacio f\u00edsico.<\/p>\n<p><a href=\"https:\/\/experienciadevida.com.ar\/portalurbano\/se-realizo-una-nueva-entrega-de-microcreditos-para-emprendimientos-locales\/una\/\" rel=\"attachment wp-att-173040\"><img decoding=\"async\" class=\"alignnone size-large wp-image-173040\" src=\"https:\/\/experienciadevida.com.ar\/portalurbano\/wp-content\/uploads\/2022\/08\/una-1024x682.jpg\" alt=\"una \" width=\"900\" height=\"599\" srcset=\"https:\/\/experienciadevida.com.ar\/portalurbano\/wp-content\/uploads\/2022\/08\/una-1024x682.jpg 1024w, https:\/\/experienciadevida.com.ar\/portalurbano\/wp-content\/uploads\/2022\/08\/una-300x200.jpg 300w, https:\/\/experienciadevida.com.ar\/portalurbano\/wp-content\/uploads\/2022\/08\/una-768x512.jpg 768w, https:\/\/experienciadevida.com.ar\/portalurbano\/wp-content\/uploads\/2022\/08\/una-1536x1024.jpg 1536w, https:\/\/experienciadevida.com.ar\/portalurbano\/wp-content\/uploads\/2022\/08\/una-150x100.jpg 150w, https:\/\/experienciadevida.com.ar\/portalurbano\/wp-content\/uploads\/2022\/08\/una.jpg 1772w\" sizes=\"(max-width: 900px) 100vw, 900px\" \/><\/a><\/p>\n<p><a href=\"https:\/\/experienciadevida.com.ar\/portalurbano\/se-realizo-una-nueva-entrega-de-microcreditos-para-emprendimientos-locales\/de-entrega-microcreditos-5\/\" rel=\"attachment wp-att-173041\"><img decoding=\"async\" class=\"alignnone size-large wp-image-173041\" src=\"https:\/\/experienciadevida.com.ar\/portalurbano\/wp-content\/uploads\/2022\/08\/DE-Entrega-Microcreditos-5-1024x682.jpg\" alt=\"\" width=\"900\" height=\"599\" srcset=\"https:\/\/experienciadevida.com.ar\/portalurbano\/wp-content\/uploads\/2022\/08\/DE-Entrega-Microcreditos-5-1024x682.jpg 1024w, https:\/\/experienciadevida.com.ar\/portalurbano\/wp-content\/uploads\/2022\/08\/DE-Entrega-Microcreditos-5-300x200.jpg 300w, https:\/\/experienciadevida.com.ar\/portalurbano\/wp-content\/uploads\/2022\/08\/DE-Entrega-Microcreditos-5-768x512.jpg 768w, https:\/\/experienciadevida.com.ar\/portalurbano\/wp-content\/uploads\/2022\/08\/DE-Entrega-Microcreditos-5-1536x1024.jpg 1536w, https:\/\/experienciadevida.com.ar\/portalurbano\/wp-content\/uploads\/2022\/08\/DE-Entrega-Microcreditos-5-150x100.jpg 150w, https:\/\/experienciadevida.com.ar\/portalurbano\/wp-content\/uploads\/2022\/08\/DE-Entrega-Microcreditos-5.jpg 1772w\" sizes=\"(max-width: 900px) 100vw, 900px\" \/><\/a><\/p>\n<p><a href=\"https:\/\/experienciadevida.com.ar\/portalurbano\/se-realizo-una-nueva-entrega-de-microcreditos-para-emprendimientos-locales\/de-entrega-microcreditos-6\/\" rel=\"attachment wp-att-173042\"><img decoding=\"async\" class=\"alignnone size-large wp-image-173042\" src=\"https:\/\/experienciadevida.com.ar\/portalurbano\/wp-content\/uploads\/2022\/08\/DE-Entrega-Microcreditos-6-1024x682.jpg\" alt=\"\" width=\"900\" height=\"599\" srcset=\"https:\/\/experienciadevida.com.ar\/portalurbano\/wp-content\/uploads\/2022\/08\/DE-Entrega-Microcreditos-6-1024x682.jpg 1024w, https:\/\/experienciadevida.com.ar\/portalurbano\/wp-content\/uploads\/2022\/08\/DE-Entrega-Microcreditos-6-300x200.jpg 300w, https:\/\/experienciadevida.com.ar\/portalurbano\/wp-content\/uploads\/2022\/08\/DE-Entrega-Microcreditos-6-768x512.jpg 768w, https:\/\/experienciadevida.com.ar\/portalurbano\/wp-content\/uploads\/2022\/08\/DE-Entrega-Microcreditos-6-1536x1024.jpg 1536w, https:\/\/experienciadevida.com.ar\/portalurbano\/wp-content\/uploads\/2022\/08\/DE-Entrega-Microcreditos-6-150x100.jpg 150w, https:\/\/experienciadevida.com.ar\/portalurbano\/wp-content\/uploads\/2022\/08\/DE-Entrega-Microcreditos-6.jpg 1772w\" sizes=\"(max-width: 900px) 100vw, 900px\" \/><\/a><\/p>\n<p><a href=\"https:\/\/experienciadevida.com.ar\/portalurbano\/se-realizo-una-nueva-entrega-de-microcreditos-para-emprendimientos-locales\/de-entrega-microcreditos-7\/\" rel=\"attachment wp-att-173043\"><img decoding=\"async\" class=\"alignnone size-large wp-image-173043\" src=\"https:\/\/experienciadevida.com.ar\/portalurbano\/wp-content\/uploads\/2022\/08\/DE-Entrega-Microcreditos-7-1024x682.jpg\" alt=\"\" width=\"900\" height=\"599\" srcset=\"https:\/\/experienciadevida.com.ar\/portalurbano\/wp-content\/uploads\/2022\/08\/DE-Entrega-Microcreditos-7-1024x682.jpg 1024w, https:\/\/experienciadevida.com.ar\/portalurbano\/wp-content\/uploads\/2022\/08\/DE-Entrega-Microcreditos-7-300x200.jpg 300w, https:\/\/experienciadevida.com.ar\/portalurbano\/wp-content\/uploads\/2022\/08\/DE-Entrega-Microcreditos-7-768x512.jpg 768w, https:\/\/experienciadevida.com.ar\/portalurbano\/wp-content\/uploads\/2022\/08\/DE-Entrega-Microcreditos-7-1536x1024.jpg 1536w, https:\/\/experienciadevida.com.ar\/portalurbano\/wp-content\/uploads\/2022\/08\/DE-Entrega-Microcreditos-7-150x100.jpg 150w, https:\/\/experienciadevida.com.ar\/portalurbano\/wp-content\/uploads\/2022\/08\/DE-Entrega-Microcreditos-7.jpg 1772w\" sizes=\"(max-width: 900px) 100vw, 900px\" \/><\/a><\/p>\n","protected":false},"excerpt":{"rendered":"<p>Se realiz\u00f3 una nueva entrega de microcr\u00e9ditos para emprendimientos locales, en un acto que se&#8230;<\/p>\n","protected":false},"author":1,"featured_media":173035,"comment_status":"closed","ping_status":"closed","sticky":false,"template":"","format":"standard","meta":{"content-type":""},"categories":[27,51],"tags":[],"nelio_content":{"isAutoShareEnabled":false,"autoShareEndMode":"default","automationSources":{"useContentSentences":true,"useSocialTemplates":true,"useCustomSentences":false,"customSentences":[]},"followers":[1],"suggestedReferences":[],"includedReferences":[],"efiUrl":"","efiAlt":"","highlights":[]},"yoast_head":"<!-- This site is optimized with the Yoast SEO plugin v20.7 - https:\/\/yoast.com\/wordpress\/plugins\/seo\/ -->\n<title>Se realiz\u00f3 una nueva entrega de microcr\u00e9ditos emprendimientos<\/title>\n<meta name=\"description\" content=\"Se realiz\u00f3 una nueva entrega de microcr\u00e9ditos para emprendimientos locales, en un acto que se celebr\u00f3 en la ma\u00f1ana de este jueves\" \/>\n<meta name=\"robots\" content=\"index, follow, max-snippet:-1, max-image-preview:large, max-video-preview:-1\" \/>\n<link rel=\"canonical\" href=\"https:\/\/experienciadevida.com.ar\/portalurbano\/se-realizo-una-nueva-entrega-de-microcreditos-para-emprendimientos-locales\/\" \/>\n<meta property=\"og:locale\" content=\"es_ES\" \/>\n<meta property=\"og:type\" content=\"article\" \/>\n<meta property=\"og:title\" content=\"Se realiz\u00f3 una nueva entrega de microcr\u00e9ditos emprendimientos\" \/>\n<meta property=\"og:description\" content=\"Se realiz\u00f3 una nueva entrega de microcr\u00e9ditos para emprendimientos locales, en un acto que se celebr\u00f3 en la ma\u00f1ana de este jueves\" \/>\n<meta property=\"og:url\" content=\"https:\/\/experienciadevida.com.ar\/portalurbano\/se-realizo-una-nueva-entrega-de-microcreditos-para-emprendimientos-locales\/\" \/>\n<meta property=\"article:publisher\" content=\"https:\/\/www.facebook.com\/Portal-Urbano-171542830093757\/\" \/>\n<meta property=\"article:published_time\" content=\"2022-08-11T14:59:20+00:00\" \/>\n<meta property=\"article:modified_time\" content=\"2022-08-11T15:04:12+00:00\" \/>\n<meta property=\"og:image\" content=\"https:\/\/experienciadevida.com.ar\/portalurbano\/wp-content\/uploads\/2022\/08\/Se-realizo-una-nueva.jpg\" \/>\n\t<meta property=\"og:image:width\" content=\"1772\" \/>\n\t<meta property=\"og:image:height\" content=\"1181\" \/>\n\t<meta property=\"og:image:type\" content=\"image\/jpeg\" \/>\n<meta name=\"author\" content=\"admpu17wp\" \/>\n<meta name=\"twitter:card\" content=\"summary_large_image\" \/>\n<meta name=\"twitter:creator\" content=\"@portalurbanook\" \/>\n<meta name=\"twitter:site\" content=\"@portalurbanook\" \/>\n<meta name=\"twitter:label1\" content=\"Escrito por\" \/>\n\t<meta name=\"twitter:data1\" content=\"admpu17wp\" \/>\n\t<meta name=\"twitter:label2\" content=\"Tiempo de lectura\" \/>\n\t<meta name=\"twitter:data2\" content=\"3 minutos\" \/>\n<script type=\"application\/ld+json\" class=\"yoast-schema-graph\">{\"@context\":\"https:\/\/schema.org\",\"@graph\":[{\"@type\":\"Article\",\"@id\":\"https:\/\/experienciadevida.com.ar\/portalurbano\/se-realizo-una-nueva-entrega-de-microcreditos-para-emprendimientos-locales\/#article\",\"isPartOf\":{\"@id\":\"https:\/\/experienciadevida.com.ar\/portalurbano\/se-realizo-una-nueva-entrega-de-microcreditos-para-emprendimientos-locales\/\"},\"author\":{\"name\":\"admpu17wp\",\"@id\":\"https:\/\/experienciadevida.com.ar\/portalurbano\/#\/schema\/person\/02dd326b1c4b056e9cc972486934a3a7\"},\"headline\":\"Se realiz\u00f3 una nueva entrega de microcr\u00e9ditos para emprendimientos locales\",\"datePublished\":\"2022-08-11T14:59:20+00:00\",\"dateModified\":\"2022-08-11T15:04:12+00:00\",\"mainEntityOfPage\":{\"@id\":\"https:\/\/experienciadevida.com.ar\/portalurbano\/se-realizo-una-nueva-entrega-de-microcreditos-para-emprendimientos-locales\/\"},\"wordCount\":386,\"publisher\":{\"@id\":\"https:\/\/experienciadevida.com.ar\/portalurbano\/#organization\"},\"articleSection\":[\"Ciudad\",\"Destacadas\"],\"inLanguage\":\"es\"},{\"@type\":\"WebPage\",\"@id\":\"https:\/\/experienciadevida.com.ar\/portalurbano\/se-realizo-una-nueva-entrega-de-microcreditos-para-emprendimientos-locales\/\",\"url\":\"https:\/\/experienciadevida.com.ar\/portalurbano\/se-realizo-una-nueva-entrega-de-microcreditos-para-emprendimientos-locales\/\",\"name\":\"Se realiz\u00f3 una nueva entrega de microcr\u00e9ditos emprendimientos\",\"isPartOf\":{\"@id\":\"https:\/\/experienciadevida.com.ar\/portalurbano\/#website\"},\"datePublished\":\"2022-08-11T14:59:20+00:00\",\"dateModified\":\"2022-08-11T15:04:12+00:00\",\"description\":\"Se realiz\u00f3 una nueva entrega de microcr\u00e9ditos para emprendimientos locales, en un acto que se celebr\u00f3 en la ma\u00f1ana de este jueves\",\"breadcrumb\":{\"@id\":\"https:\/\/experienciadevida.com.ar\/portalurbano\/se-realizo-una-nueva-entrega-de-microcreditos-para-emprendimientos-locales\/#breadcrumb\"},\"inLanguage\":\"es\",\"potentialAction\":[{\"@type\":\"ReadAction\",\"target\":[\"https:\/\/experienciadevida.com.ar\/portalurbano\/se-realizo-una-nueva-entrega-de-microcreditos-para-emprendimientos-locales\/\"]}]},{\"@type\":\"BreadcrumbList\",\"@id\":\"https:\/\/experienciadevida.com.ar\/portalurbano\/se-realizo-una-nueva-entrega-de-microcreditos-para-emprendimientos-locales\/#breadcrumb\",\"itemListElement\":[{\"@type\":\"ListItem\",\"position\":1,\"name\":\"Portada\",\"item\":\"https:\/\/experienciadevida.com.ar\/portalurbano\/\"},{\"@type\":\"ListItem\",\"position\":2,\"name\":\"Se realiz\u00f3 una nueva entrega de microcr\u00e9ditos para emprendimientos locales\"}]},{\"@type\":\"WebSite\",\"@id\":\"https:\/\/experienciadevida.com.ar\/portalurbano\/#website\",\"url\":\"https:\/\/experienciadevida.com.ar\/portalurbano\/\",\"name\":\"\",\"description\":\"\",\"publisher\":{\"@id\":\"https:\/\/experienciadevida.com.ar\/portalurbano\/#organization\"},\"potentialAction\":[{\"@type\":\"SearchAction\",\"target\":{\"@type\":\"EntryPoint\",\"urlTemplate\":\"https:\/\/experienciadevida.com.ar\/portalurbano\/?s={search_term_string}\"},\"query-input\":\"required name=search_term_string\"}],\"inLanguage\":\"es\"},{\"@type\":\"Organization\",\"@id\":\"https:\/\/experienciadevida.com.ar\/portalurbano\/#organization\",\"name\":\"Portal Urbano\",\"url\":\"https:\/\/experienciadevida.com.ar\/portalurbano\/\",\"logo\":{\"@type\":\"ImageObject\",\"inLanguage\":\"es\",\"@id\":\"https:\/\/experienciadevida.com.ar\/portalurbano\/#\/schema\/logo\/image\/\",\"url\":\"https:\/\/experienciadevida.com.ar\/portalurbano\/wp-content\/uploads\/2019\/09\/Logo-Original.png\",\"contentUrl\":\"https:\/\/experienciadevida.com.ar\/portalurbano\/wp-content\/uploads\/2019\/09\/Logo-Original.png\",\"width\":2236,\"height\":1216,\"caption\":\"Portal Urbano\"},\"image\":{\"@id\":\"https:\/\/experienciadevida.com.ar\/portalurbano\/#\/schema\/logo\/image\/\"},\"sameAs\":[\"https:\/\/www.facebook.com\/Portal-Urbano-171542830093757\/\",\"https:\/\/twitter.com\/portalurbanook\",\"https:\/\/www.instagram.com\/_portalurbano\/\",\"https:\/\/www.youtube.com\/channel\/UCXhagIfszH8KxFiOok79zbA?view_as=subscriber\"]},{\"@type\":\"Person\",\"@id\":\"https:\/\/experienciadevida.com.ar\/portalurbano\/#\/schema\/person\/02dd326b1c4b056e9cc972486934a3a7\",\"name\":\"admpu17wp\",\"image\":{\"@type\":\"ImageObject\",\"inLanguage\":\"es\",\"@id\":\"https:\/\/experienciadevida.com.ar\/portalurbano\/#\/schema\/person\/image\/\",\"url\":\"https:\/\/secure.gravatar.com\/avatar\/830d4c57adaae6630765e449a6908047?s=96&d=mm&r=g\",\"contentUrl\":\"https:\/\/secure.gravatar.com\/avatar\/830d4c57adaae6630765e449a6908047?s=96&d=mm&r=g\",\"caption\":\"admpu17wp\"}}]}<\/script>\n<!-- \/ Yoast SEO plugin. -->","yoast_head_json":{"title":"Se realiz\u00f3 una nueva entrega de microcr\u00e9ditos emprendimientos","description":"Se realiz\u00f3 una nueva entrega de microcr\u00e9ditos para emprendimientos locales, en un acto que se celebr\u00f3 en la ma\u00f1ana de este jueves","robots":{"index":"index","follow":"follow","max-snippet":"max-snippet:-1","max-image-preview":"max-image-preview:large","max-video-preview":"max-video-preview:-1"},"canonical":"https:\/\/experienciadevida.com.ar\/portalurbano\/se-realizo-una-nueva-entrega-de-microcreditos-para-emprendimientos-locales\/","og_locale":"es_ES","og_type":"article","og_title":"Se realiz\u00f3 una nueva entrega de microcr\u00e9ditos emprendimientos","og_description":"Se realiz\u00f3 una nueva entrega de microcr\u00e9ditos para emprendimientos locales, en un acto que se celebr\u00f3 en la ma\u00f1ana de este jueves","og_url":"https:\/\/experienciadevida.com.ar\/portalurbano\/se-realizo-una-nueva-entrega-de-microcreditos-para-emprendimientos-locales\/","article_publisher":"https:\/\/www.facebook.com\/Portal-Urbano-171542830093757\/","article_published_time":"2022-08-11T14:59:20+00:00","article_modified_time":"2022-08-11T15:04:12+00:00","og_image":[{"width":1772,"height":1181,"url":"https:\/\/experienciadevida.com.ar\/portalurbano\/wp-content\/uploads\/2022\/08\/Se-realizo-una-nueva.jpg","type":"image\/jpeg"}],"author":"admpu17wp","twitter_card":"summary_large_image","twitter_creator":"@portalurbanook","twitter_site":"@portalurbanook","twitter_misc":{"Escrito por":"admpu17wp","Tiempo de lectura":"3 minutos"},"schema":{"@context":"https:\/\/schema.org","@graph":[{"@type":"Article","@id":"https:\/\/experienciadevida.com.ar\/portalurbano\/se-realizo-una-nueva-entrega-de-microcreditos-para-emprendimientos-locales\/#article","isPartOf":{"@id":"https:\/\/experienciadevida.com.ar\/portalurbano\/se-realizo-una-nueva-entrega-de-microcreditos-para-emprendimientos-locales\/"},"author":{"name":"admpu17wp","@id":"https:\/\/experienciadevida.com.ar\/portalurbano\/#\/schema\/person\/02dd326b1c4b056e9cc972486934a3a7"},"headline":"Se realiz\u00f3 una nueva entrega de microcr\u00e9ditos para emprendimientos locales","datePublished":"2022-08-11T14:59:20+00:00","dateModified":"2022-08-11T15:04:12+00:00","mainEntityOfPage":{"@id":"https:\/\/experienciadevida.com.ar\/portalurbano\/se-realizo-una-nueva-entrega-de-microcreditos-para-emprendimientos-locales\/"},"wordCount":386,"publisher":{"@id":"https:\/\/experienciadevida.com.ar\/portalurbano\/#organization"},"articleSection":["Ciudad","Destacadas"],"inLanguage":"es"},{"@type":"WebPage","@id":"https:\/\/experienciadevida.com.ar\/portalurbano\/se-realizo-una-nueva-entrega-de-microcreditos-para-emprendimientos-locales\/","url":"https:\/\/experienciadevida.com.ar\/portalurbano\/se-realizo-una-nueva-entrega-de-microcreditos-para-emprendimientos-locales\/","name":"Se realiz\u00f3 una nueva entrega de microcr\u00e9ditos emprendimientos","isPartOf":{"@id":"https:\/\/experienciadevida.com.ar\/portalurbano\/#website"},"datePublished":"2022-08-11T14:59:20+00:00","dateModified":"2022-08-11T15:04:12+00:00","description":"Se realiz\u00f3 una nueva entrega de microcr\u00e9ditos para emprendimientos locales, en un acto que se celebr\u00f3 en la ma\u00f1ana de este jueves","breadcrumb":{"@id":"https:\/\/experienciadevida.com.ar\/portalurbano\/se-realizo-una-nueva-entrega-de-microcreditos-para-emprendimientos-locales\/#breadcrumb"},"inLanguage":"es","potentialAction":[{"@type":"ReadAction","target":["https:\/\/experienciadevida.com.ar\/portalurbano\/se-realizo-una-nueva-entrega-de-microcreditos-para-emprendimientos-locales\/"]}]},{"@type":"BreadcrumbList","@id":"https:\/\/experienciadevida.com.ar\/portalurbano\/se-realizo-una-nueva-entrega-de-microcreditos-para-emprendimientos-locales\/#breadcrumb","itemListElement":[{"@type":"ListItem","position":1,"name":"Portada","item":"https:\/\/experienciadevida.com.ar\/portalurbano\/"},{"@type":"ListItem","position":2,"name":"Se realiz\u00f3 una nueva entrega de microcr\u00e9ditos para emprendimientos locales"}]},{"@type":"WebSite","@id":"https:\/\/experienciadevida.com.ar\/portalurbano\/#website","url":"https:\/\/experienciadevida.com.ar\/portalurbano\/","name":"","description":"","publisher":{"@id":"https:\/\/experienciadevida.com.ar\/portalurbano\/#organization"},"potentialAction":[{"@type":"SearchAction","target":{"@type":"EntryPoint","urlTemplate":"https:\/\/experienciadevida.com.ar\/portalurbano\/?s={search_term_string}"},"query-input":"required name=search_term_string"}],"inLanguage":"es"},{"@type":"Organization","@id":"https:\/\/experienciadevida.com.ar\/portalurbano\/#organization","name":"Portal Urbano","url":"https:\/\/experienciadevida.com.ar\/portalurbano\/","logo":{"@type":"ImageObject","inLanguage":"es","@id":"https:\/\/experienciadevida.com.ar\/portalurbano\/#\/schema\/logo\/image\/","url":"https:\/\/experienciadevida.com.ar\/portalurbano\/wp-content\/uploads\/2019\/09\/Logo-Original.png","contentUrl":"https:\/\/experienciadevida.com.ar\/portalurbano\/wp-content\/uploads\/2019\/09\/Logo-Original.png","width":2236,"height":1216,"caption":"Portal Urbano"},"image":{"@id":"https:\/\/experienciadevida.com.ar\/portalurbano\/#\/schema\/logo\/image\/"},"sameAs":["https:\/\/www.facebook.com\/Portal-Urbano-171542830093757\/","https:\/\/twitter.com\/portalurbanook","https:\/\/www.instagram.com\/_portalurbano\/","https:\/\/www.youtube.com\/channel\/UCXhagIfszH8KxFiOok79zbA?view_as=subscriber"]},{"@type":"Person","@id":"https:\/\/experienciadevida.com.ar\/portalurbano\/#\/schema\/person\/02dd326b1c4b056e9cc972486934a3a7","name":"admpu17wp","image":{"@type":"ImageObject","inLanguage":"es","@id":"https:\/\/experienciadevida.com.ar\/portalurbano\/#\/schema\/person\/image\/","url":"https:\/\/secure.gravatar.com\/avatar\/830d4c57adaae6630765e449a6908047?s=96&d=mm&r=g","contentUrl":"https:\/\/secure.gravatar.com\/avatar\/830d4c57adaae6630765e449a6908047?s=96&d=mm&r=g","caption":"admpu17wp"}}]}},"featured_image_urls":{"full":["https:\/\/experienciadevida.com.ar\/portalurbano\/wp-content\/uploads\/2022\/08\/Se-realizo-una-nueva.jpg",1772,1181,false],"thumbnail":["https:\/\/experienciadevida.com.ar\/portalurbano\/wp-content\/uploads\/2022\/08\/Se-realizo-una-nueva-150x150.jpg",150,150,true],"medium":["https:\/\/experienciadevida.com.ar\/portalurbano\/wp-content\/uploads\/2022\/08\/Se-realizo-una-nueva-300x200.jpg",300,200,true],"medium_large":["https:\/\/experienciadevida.com.ar\/portalurbano\/wp-content\/uploads\/2022\/08\/Se-realizo-una-nueva-768x512.jpg",640,427,true],"large":["https:\/\/experienciadevida.com.ar\/portalurbano\/wp-content\/uploads\/2022\/08\/Se-realizo-una-nueva-1024x682.jpg",640,426,true],"ug_big":["https:\/\/experienciadevida.com.ar\/portalurbano\/wp-content\/uploads\/2022\/08\/Se-realizo-una-nueva-768x512.jpg",768,512,true],"1536x1536":["https:\/\/experienciadevida.com.ar\/portalurbano\/wp-content\/uploads\/2022\/08\/Se-realizo-una-nueva-1536x1024.jpg",1536,1024,true],"2048x2048":["https:\/\/experienciadevida.com.ar\/portalurbano\/wp-content\/uploads\/2022\/08\/Se-realizo-una-nueva.jpg",1772,1181,false],"newsever-slider-full":["https:\/\/experienciadevida.com.ar\/portalurbano\/wp-content\/uploads\/2022\/08\/Se-realizo-una-nueva.jpg",1268,845,false],"newsever-featured":["https:\/\/experienciadevida.com.ar\/portalurbano\/wp-content\/uploads\/2022\/08\/Se-realizo-una-nueva.jpg",1024,682,false],"newsever-medium":["https:\/\/experienciadevida.com.ar\/portalurbano\/wp-content\/uploads\/2022\/08\/Se-realizo-una-nueva.jpg",713,475,false],"web-stories-poster-portrait":["https:\/\/experienciadevida.com.ar\/portalurbano\/wp-content\/uploads\/2022\/08\/Se-realizo-una-nueva-640x853.jpg",640,853,true],"web-stories-publisher-logo":["https:\/\/experienciadevida.com.ar\/portalurbano\/wp-content\/uploads\/2022\/08\/Se-realizo-una-nueva-96x96.jpg",96,96,true],"web-stories-thumbnail":["https:\/\/experienciadevida.com.ar\/portalurbano\/wp-content\/uploads\/2022\/08\/Se-realizo-una-nueva-150x100.jpg",150,100,true]},"author_info":{"display_name":"admpu17wp","author_link":"https:\/\/experienciadevida.com.ar\/portalurbano\/author\/admpu17wp\/"},"category_info":"<a href=\"https:\/\/experienciadevida.com.ar\/portalurbano\/category\/ciudad\/\" rel=\"category tag\">Ciudad<\/a> <a href=\"https:\/\/experienciadevida.com.ar\/portalurbano\/category\/destacadas\/\" rel=\"category tag\">Destacadas<\/a>","tag_info":"Destacadas","comment_count":"0","amp_enabled":true,"_links":{"self":[{"href":"https:\/\/experienciadevida.com.ar\/portalurbano\/wp-json\/wp\/v2\/posts\/173034"}],"collection":[{"href":"https:\/\/experienciadevida.com.ar\/portalurbano\/wp-json\/wp\/v2\/posts"}],"about":[{"href":"https:\/\/experienciadevida.com.ar\/portalurbano\/wp-json\/wp\/v2\/types\/post"}],"author":[{"embeddable":true,"href":"https:\/\/experienciadevida.com.ar\/portalurbano\/wp-json\/wp\/v2\/users\/1"}],"replies":[{"embeddable":true,"href":"https:\/\/experienciadevida.com.ar\/portalurbano\/wp-json\/wp\/v2\/comments?post=173034"}],"version-history":[{"count":4,"href":"https:\/\/experienciadevida.com.ar\/portalurbano\/wp-json\/wp\/v2\/posts\/173034\/revisions"}],"predecessor-version":[{"id":173045,"href":"https:\/\/experienciadevida.com.ar\/portalurbano\/wp-json\/wp\/v2\/posts\/173034\/revisions\/173045"}],"wp:featuredmedia":[{"embeddable":true,"href":"https:\/\/experienciadevida.com.ar\/portalurbano\/wp-json\/wp\/v2\/media\/173035"}],"wp:attachment":[{"href":"https:\/\/experienciadevida.com.ar\/portalurbano\/wp-json\/wp\/v2\/media?parent=173034"}],"wp:term":[{"taxonomy":"category","embeddable":true,"href":"https:\/\/experienciadevida.com.ar\/portalurbano\/wp-json\/wp\/v2\/categories?post=173034"},{"taxonomy":"post_tag","embeddable":true,"href":"https:\/\/experienciadevida.com.ar\/portalurbano\/wp-json\/wp\/v2\/tags?post=173034"}],"curies":[{"name":"wp","href":"https:\/\/api.w.org\/{rel}","templated":true}]}}