{"id":173017,"date":"2022-08-11T09:44:40","date_gmt":"2022-08-11T12:44:40","guid":{"rendered":"https:\/\/experienciadevida.com.ar\/portalurbano\/?p=173017"},"modified":"2022-08-11T10:26:29","modified_gmt":"2022-08-11T13:26:29","slug":"con-varios-proyectos-se-desarrolla-una-nueva-sesion-del-hcd","status":"publish","type":"post","link":"https:\/\/experienciadevida.com.ar\/portalurbano\/con-varios-proyectos-se-desarrolla-una-nueva-sesion-del-hcd\/","title":{"rendered":"Con varios proyectos se desarrolla una nueva sesi\u00f3n del HCD"},"content":{"rendered":"<p>Con varios proyectos se desarrolla una nueva sesi\u00f3n del HCD, la misma es en la sociedad Espa\u00f1ola y se puede ver en vivo a trav\u00e9s de su canal de <a href=\"https:\/\/www.youtube.com\/watch?v=_luZjUisSnw\">Youtube<\/a>.<\/p>\n<p>La sesi\u00f3n dio inicio con el izado de bandera.<\/p>\n<p>Posteriormente reconocieron a H\u00e9ctor\u00a0 y el primero en tomar la palabra fue <a href=\"https:\/\/www.instagram.com\/sebastianmatrella\/\">Matrella<\/a> quien dijo &#8220;con \u00e9l me pasa algo particular le tuvo que donar un ri\u00f1\u00f3n hace un mont\u00f3n de a\u00f1os 21, yo tuve que pasar por una situaci\u00f3n similar y la verdad es que viendo lo bien que estaba el, lo deportista que es en cierta manera me sent\u00ed apoyado en \u00e9l y en lo que \u00e9l hab\u00eda hecho para poder dar ese paso importante, atr\u00e1s de eso viene toda la trayectoria deportiva\u00a0 que tiene que es largu\u00edsima reconocido a nivel nacional e internacional, por eso desde el bloque surgi\u00f3 darle este premio al m\u00e9rito ciudadano que lo tiene muy bien merecido&#8221;.<\/p>\n<p>Con varios proyectos se desarrolla una nueva sesi\u00f3n del HCD, Posteriormente H\u00e9ctor coment\u00f3 &#8220;no encuentro otra palabra m\u00e1s que agradecer, puedo decir que lo que vale en la vida siempre son las buenas intenciones y yo he tratado de cumplirlas, y este es el reconocimiento de parte de toda la ciudad de Olavarr\u00eda, quiero que sea un mensaje de que en la vida todo se puede simplemente hay que tener un poquito de garra, buenas intenciones, y siempre respetar que es lo fundamental en la vida, esto ser\u00e1 un momento muy especial en mi vida y es por eso que lo quiero compartir con \u00e9l&#8221;.<\/p>\n<p>Pablo su hijo para finalizar dijo &#8220;como hijo soy un agradecido a todos los concejales que nos representan en la ciudad es una alegr\u00eda enorme que tengo un pap\u00e1 que viaja por todos lados, corre, se va ubicando en diferentes lugares y la gente lo reconoce el dicho es nadie es profeto en su tierra pero s\u00ed en Olavarr\u00eda \u00e9l lo es, esto es muy importante la valoraci\u00f3n de haberlo reconocido a los 77 a\u00f1os. M\u00e1s all\u00e1 de lo que pas\u00f3 con el tema de salud es importante transmitirle a la gente la importancia de la donaci\u00f3n de \u00f3rganos hay mucha gente que esta esperando, pero tambi\u00e9n existe gente que dona \u00f3rganos para que otros puedan vivir, han pasado 21 a\u00f1os y no s\u00e9 si me hubiese encontrado en este lugar, la vida sigue&#8221;.<\/p>\n","protected":false},"excerpt":{"rendered":"<p>Con varios proyectos se desarrolla una nueva sesi\u00f3n del HCD, la misma es en la&#8230;<\/p>\n","protected":false},"author":1,"featured_media":173018,"comment_status":"closed","ping_status":"closed","sticky":false,"template":"","format":"standard","meta":{"content-type":""},"categories":[27,51],"tags":[],"nelio_content":{"isAutoShareEnabled":false,"autoShareEndMode":"default","automationSources":{"useContentSentences":true,"useSocialTemplates":true,"useCustomSentences":false,"customSentences":[]},"followers":[1],"suggestedReferences":[],"includedReferences":["https:\/\/www.youtube.com\/watch?v=_luZjUisSnw","https:\/\/www.instagram.com\/sebastianmatrella\/"],"efiUrl":"","efiAlt":"","highlights":[]},"yoast_head":"<!-- This site is optimized with the Yoast SEO plugin v20.7 - https:\/\/yoast.com\/wordpress\/plugins\/seo\/ -->\n<title>Con varios proyectos se desarrolla una nueva sesi\u00f3n del HCD<\/title>\n<meta name=\"description\" content=\"Con varios proyectos se desarrolla una nueva sesi\u00f3n del HCD, la misma es en la sociedad Espa\u00f1ola y se puede ver en vivo a trav\u00e9s de su canal.\" \/>\n<meta name=\"robots\" content=\"index, follow, max-snippet:-1, max-image-preview:large, max-video-preview:-1\" \/>\n<link rel=\"canonical\" href=\"https:\/\/experienciadevida.com.ar\/portalurbano\/con-varios-proyectos-se-desarrolla-una-nueva-sesion-del-hcd\/\" \/>\n<meta property=\"og:locale\" content=\"es_ES\" \/>\n<meta property=\"og:type\" content=\"article\" \/>\n<meta property=\"og:title\" content=\"Con varios proyectos se desarrolla una nueva sesi\u00f3n del HCD\" \/>\n<meta property=\"og:description\" content=\"Con varios proyectos se desarrolla una nueva sesi\u00f3n del HCD, la misma es en la sociedad Espa\u00f1ola y se puede ver en vivo a trav\u00e9s de su canal.\" \/>\n<meta property=\"og:url\" content=\"https:\/\/experienciadevida.com.ar\/portalurbano\/con-varios-proyectos-se-desarrolla-una-nueva-sesion-del-hcd\/\" \/>\n<meta property=\"article:publisher\" content=\"https:\/\/www.facebook.com\/Portal-Urbano-171542830093757\/\" \/>\n<meta property=\"article:published_time\" content=\"2022-08-11T12:44:40+00:00\" \/>\n<meta property=\"article:modified_time\" content=\"2022-08-11T13:26:29+00:00\" \/>\n<meta property=\"og:image\" content=\"https:\/\/experienciadevida.com.ar\/portalurbano\/wp-content\/uploads\/2022\/08\/Con-varios-proyectos-se-.png\" \/>\n\t<meta property=\"og:image:width\" content=\"829\" \/>\n\t<meta property=\"og:image:height\" content=\"415\" \/>\n\t<meta property=\"og:image:type\" content=\"image\/png\" \/>\n<meta name=\"author\" content=\"admpu17wp\" \/>\n<meta name=\"twitter:card\" content=\"summary_large_image\" \/>\n<meta name=\"twitter:creator\" content=\"@portalurbanook\" \/>\n<meta name=\"twitter:site\" content=\"@portalurbanook\" \/>\n<meta name=\"twitter:label1\" content=\"Escrito por\" \/>\n\t<meta name=\"twitter:data1\" content=\"admpu17wp\" \/>\n\t<meta name=\"twitter:label2\" content=\"Tiempo de lectura\" \/>\n\t<meta name=\"twitter:data2\" content=\"2 minutos\" \/>\n<script type=\"application\/ld+json\" class=\"yoast-schema-graph\">{\"@context\":\"https:\/\/schema.org\",\"@graph\":[{\"@type\":\"Article\",\"@id\":\"https:\/\/experienciadevida.com.ar\/portalurbano\/con-varios-proyectos-se-desarrolla-una-nueva-sesion-del-hcd\/#article\",\"isPartOf\":{\"@id\":\"https:\/\/experienciadevida.com.ar\/portalurbano\/con-varios-proyectos-se-desarrolla-una-nueva-sesion-del-hcd\/\"},\"author\":{\"name\":\"admpu17wp\",\"@id\":\"https:\/\/experienciadevida.com.ar\/portalurbano\/#\/schema\/person\/02dd326b1c4b056e9cc972486934a3a7\"},\"headline\":\"Con varios proyectos se desarrolla una nueva sesi\u00f3n del HCD\",\"datePublished\":\"2022-08-11T12:44:40+00:00\",\"dateModified\":\"2022-08-11T13:26:29+00:00\",\"mainEntityOfPage\":{\"@id\":\"https:\/\/experienciadevida.com.ar\/portalurbano\/con-varios-proyectos-se-desarrolla-una-nueva-sesion-del-hcd\/\"},\"wordCount\":425,\"publisher\":{\"@id\":\"https:\/\/experienciadevida.com.ar\/portalurbano\/#organization\"},\"articleSection\":[\"Ciudad\",\"Destacadas\"],\"inLanguage\":\"es\"},{\"@type\":\"WebPage\",\"@id\":\"https:\/\/experienciadevida.com.ar\/portalurbano\/con-varios-proyectos-se-desarrolla-una-nueva-sesion-del-hcd\/\",\"url\":\"https:\/\/experienciadevida.com.ar\/portalurbano\/con-varios-proyectos-se-desarrolla-una-nueva-sesion-del-hcd\/\",\"name\":\"Con varios proyectos se desarrolla una nueva sesi\u00f3n del HCD\",\"isPartOf\":{\"@id\":\"https:\/\/experienciadevida.com.ar\/portalurbano\/#website\"},\"datePublished\":\"2022-08-11T12:44:40+00:00\",\"dateModified\":\"2022-08-11T13:26:29+00:00\",\"description\":\"Con varios proyectos se desarrolla una nueva sesi\u00f3n del HCD, la misma es en la sociedad Espa\u00f1ola y se puede ver en vivo a trav\u00e9s de su canal.\",\"breadcrumb\":{\"@id\":\"https:\/\/experienciadevida.com.ar\/portalurbano\/con-varios-proyectos-se-desarrolla-una-nueva-sesion-del-hcd\/#breadcrumb\"},\"inLanguage\":\"es\",\"potentialAction\":[{\"@type\":\"ReadAction\",\"target\":[\"https:\/\/experienciadevida.com.ar\/portalurbano\/con-varios-proyectos-se-desarrolla-una-nueva-sesion-del-hcd\/\"]}]},{\"@type\":\"BreadcrumbList\",\"@id\":\"https:\/\/experienciadevida.com.ar\/portalurbano\/con-varios-proyectos-se-desarrolla-una-nueva-sesion-del-hcd\/#breadcrumb\",\"itemListElement\":[{\"@type\":\"ListItem\",\"position\":1,\"name\":\"Portada\",\"item\":\"https:\/\/experienciadevida.com.ar\/portalurbano\/\"},{\"@type\":\"ListItem\",\"position\":2,\"name\":\"Con varios proyectos se desarrolla una nueva sesi\u00f3n del HCD\"}]},{\"@type\":\"WebSite\",\"@id\":\"https:\/\/experienciadevida.com.ar\/portalurbano\/#website\",\"url\":\"https:\/\/experienciadevida.com.ar\/portalurbano\/\",\"name\":\"\",\"description\":\"\",\"publisher\":{\"@id\":\"https:\/\/experienciadevida.com.ar\/portalurbano\/#organization\"},\"potentialAction\":[{\"@type\":\"SearchAction\",\"target\":{\"@type\":\"EntryPoint\",\"urlTemplate\":\"https:\/\/experienciadevida.com.ar\/portalurbano\/?s={search_term_string}\"},\"query-input\":\"required name=search_term_string\"}],\"inLanguage\":\"es\"},{\"@type\":\"Organization\",\"@id\":\"https:\/\/experienciadevida.com.ar\/portalurbano\/#organization\",\"name\":\"Portal Urbano\",\"url\":\"https:\/\/experienciadevida.com.ar\/portalurbano\/\",\"logo\":{\"@type\":\"ImageObject\",\"inLanguage\":\"es\",\"@id\":\"https:\/\/experienciadevida.com.ar\/portalurbano\/#\/schema\/logo\/image\/\",\"url\":\"https:\/\/experienciadevida.com.ar\/portalurbano\/wp-content\/uploads\/2019\/09\/Logo-Original.png\",\"contentUrl\":\"https:\/\/experienciadevida.com.ar\/portalurbano\/wp-content\/uploads\/2019\/09\/Logo-Original.png\",\"width\":2236,\"height\":1216,\"caption\":\"Portal Urbano\"},\"image\":{\"@id\":\"https:\/\/experienciadevida.com.ar\/portalurbano\/#\/schema\/logo\/image\/\"},\"sameAs\":[\"https:\/\/www.facebook.com\/Portal-Urbano-171542830093757\/\",\"https:\/\/twitter.com\/portalurbanook\",\"https:\/\/www.instagram.com\/_portalurbano\/\",\"https:\/\/www.youtube.com\/channel\/UCXhagIfszH8KxFiOok79zbA?view_as=subscriber\"]},{\"@type\":\"Person\",\"@id\":\"https:\/\/experienciadevida.com.ar\/portalurbano\/#\/schema\/person\/02dd326b1c4b056e9cc972486934a3a7\",\"name\":\"admpu17wp\",\"image\":{\"@type\":\"ImageObject\",\"inLanguage\":\"es\",\"@id\":\"https:\/\/experienciadevida.com.ar\/portalurbano\/#\/schema\/person\/image\/\",\"url\":\"https:\/\/secure.gravatar.com\/avatar\/830d4c57adaae6630765e449a6908047?s=96&d=mm&r=g\",\"contentUrl\":\"https:\/\/secure.gravatar.com\/avatar\/830d4c57adaae6630765e449a6908047?s=96&d=mm&r=g\",\"caption\":\"admpu17wp\"}}]}<\/script>\n<!-- \/ Yoast SEO plugin. -->","yoast_head_json":{"title":"Con varios proyectos se desarrolla una nueva sesi\u00f3n del HCD","description":"Con varios proyectos se desarrolla una nueva sesi\u00f3n del HCD, la misma es en la sociedad Espa\u00f1ola y se puede ver en vivo a trav\u00e9s de su canal.","robots":{"index":"index","follow":"follow","max-snippet":"max-snippet:-1","max-image-preview":"max-image-preview:large","max-video-preview":"max-video-preview:-1"},"canonical":"https:\/\/experienciadevida.com.ar\/portalurbano\/con-varios-proyectos-se-desarrolla-una-nueva-sesion-del-hcd\/","og_locale":"es_ES","og_type":"article","og_title":"Con varios proyectos se desarrolla una nueva sesi\u00f3n del HCD","og_description":"Con varios proyectos se desarrolla una nueva sesi\u00f3n del HCD, la misma es en la sociedad Espa\u00f1ola y se puede ver en vivo a trav\u00e9s de su canal.","og_url":"https:\/\/experienciadevida.com.ar\/portalurbano\/con-varios-proyectos-se-desarrolla-una-nueva-sesion-del-hcd\/","article_publisher":"https:\/\/www.facebook.com\/Portal-Urbano-171542830093757\/","article_published_time":"2022-08-11T12:44:40+00:00","article_modified_time":"2022-08-11T13:26:29+00:00","og_image":[{"width":829,"height":415,"url":"https:\/\/experienciadevida.com.ar\/portalurbano\/wp-content\/uploads\/2022\/08\/Con-varios-proyectos-se-.png","type":"image\/png"}],"author":"admpu17wp","twitter_card":"summary_large_image","twitter_creator":"@portalurbanook","twitter_site":"@portalurbanook","twitter_misc":{"Escrito por":"admpu17wp","Tiempo de lectura":"2 minutos"},"schema":{"@context":"https:\/\/schema.org","@graph":[{"@type":"Article","@id":"https:\/\/experienciadevida.com.ar\/portalurbano\/con-varios-proyectos-se-desarrolla-una-nueva-sesion-del-hcd\/#article","isPartOf":{"@id":"https:\/\/experienciadevida.com.ar\/portalurbano\/con-varios-proyectos-se-desarrolla-una-nueva-sesion-del-hcd\/"},"author":{"name":"admpu17wp","@id":"https:\/\/experienciadevida.com.ar\/portalurbano\/#\/schema\/person\/02dd326b1c4b056e9cc972486934a3a7"},"headline":"Con varios proyectos se desarrolla una nueva sesi\u00f3n del HCD","datePublished":"2022-08-11T12:44:40+00:00","dateModified":"2022-08-11T13:26:29+00:00","mainEntityOfPage":{"@id":"https:\/\/experienciadevida.com.ar\/portalurbano\/con-varios-proyectos-se-desarrolla-una-nueva-sesion-del-hcd\/"},"wordCount":425,"publisher":{"@id":"https:\/\/experienciadevida.com.ar\/portalurbano\/#organization"},"articleSection":["Ciudad","Destacadas"],"inLanguage":"es"},{"@type":"WebPage","@id":"https:\/\/experienciadevida.com.ar\/portalurbano\/con-varios-proyectos-se-desarrolla-una-nueva-sesion-del-hcd\/","url":"https:\/\/experienciadevida.com.ar\/portalurbano\/con-varios-proyectos-se-desarrolla-una-nueva-sesion-del-hcd\/","name":"Con varios proyectos se desarrolla una nueva sesi\u00f3n del HCD","isPartOf":{"@id":"https:\/\/experienciadevida.com.ar\/portalurbano\/#website"},"datePublished":"2022-08-11T12:44:40+00:00","dateModified":"2022-08-11T13:26:29+00:00","description":"Con varios proyectos se desarrolla una nueva sesi\u00f3n del HCD, la misma es en la sociedad Espa\u00f1ola y se puede ver en vivo a trav\u00e9s de su canal.","breadcrumb":{"@id":"https:\/\/experienciadevida.com.ar\/portalurbano\/con-varios-proyectos-se-desarrolla-una-nueva-sesion-del-hcd\/#breadcrumb"},"inLanguage":"es","potentialAction":[{"@type":"ReadAction","target":["https:\/\/experienciadevida.com.ar\/portalurbano\/con-varios-proyectos-se-desarrolla-una-nueva-sesion-del-hcd\/"]}]},{"@type":"BreadcrumbList","@id":"https:\/\/experienciadevida.com.ar\/portalurbano\/con-varios-proyectos-se-desarrolla-una-nueva-sesion-del-hcd\/#breadcrumb","itemListElement":[{"@type":"ListItem","position":1,"name":"Portada","item":"https:\/\/experienciadevida.com.ar\/portalurbano\/"},{"@type":"ListItem","position":2,"name":"Con varios proyectos se desarrolla una nueva sesi\u00f3n del HCD"}]},{"@type":"WebSite","@id":"https:\/\/experienciadevida.com.ar\/portalurbano\/#website","url":"https:\/\/experienciadevida.com.ar\/portalurbano\/","name":"","description":"","publisher":{"@id":"https:\/\/experienciadevida.com.ar\/portalurbano\/#organization"},"potentialAction":[{"@type":"SearchAction","target":{"@type":"EntryPoint","urlTemplate":"https:\/\/experienciadevida.com.ar\/portalurbano\/?s={search_term_string}"},"query-input":"required name=search_term_string"}],"inLanguage":"es"},{"@type":"Organization","@id":"https:\/\/experienciadevida.com.ar\/portalurbano\/#organization","name":"Portal Urbano","url":"https:\/\/experienciadevida.com.ar\/portalurbano\/","logo":{"@type":"ImageObject","inLanguage":"es","@id":"https:\/\/experienciadevida.com.ar\/portalurbano\/#\/schema\/logo\/image\/","url":"https:\/\/experienciadevida.com.ar\/portalurbano\/wp-content\/uploads\/2019\/09\/Logo-Original.png","contentUrl":"https:\/\/experienciadevida.com.ar\/portalurbano\/wp-content\/uploads\/2019\/09\/Logo-Original.png","width":2236,"height":1216,"caption":"Portal Urbano"},"image":{"@id":"https:\/\/experienciadevida.com.ar\/portalurbano\/#\/schema\/logo\/image\/"},"sameAs":["https:\/\/www.facebook.com\/Portal-Urbano-171542830093757\/","https:\/\/twitter.com\/portalurbanook","https:\/\/www.instagram.com\/_portalurbano\/","https:\/\/www.youtube.com\/channel\/UCXhagIfszH8KxFiOok79zbA?view_as=subscriber"]},{"@type":"Person","@id":"https:\/\/experienciadevida.com.ar\/portalurbano\/#\/schema\/person\/02dd326b1c4b056e9cc972486934a3a7","name":"admpu17wp","image":{"@type":"ImageObject","inLanguage":"es","@id":"https:\/\/experienciadevida.com.ar\/portalurbano\/#\/schema\/person\/image\/","url":"https:\/\/secure.gravatar.com\/avatar\/830d4c57adaae6630765e449a6908047?s=96&d=mm&r=g","contentUrl":"https:\/\/secure.gravatar.com\/avatar\/830d4c57adaae6630765e449a6908047?s=96&d=mm&r=g","caption":"admpu17wp"}}]}},"featured_image_urls":{"full":["https:\/\/experienciadevida.com.ar\/portalurbano\/wp-content\/uploads\/2022\/08\/Con-varios-proyectos-se-.png",829,415,false],"thumbnail":["https:\/\/experienciadevida.com.ar\/portalurbano\/wp-content\/uploads\/2022\/08\/Con-varios-proyectos-se--150x150.png",150,150,true],"medium":["https:\/\/experienciadevida.com.ar\/portalurbano\/wp-content\/uploads\/2022\/08\/Con-varios-proyectos-se--300x150.png",300,150,true],"medium_large":["https:\/\/experienciadevida.com.ar\/portalurbano\/wp-content\/uploads\/2022\/08\/Con-varios-proyectos-se--768x384.png",640,320,true],"large":["https:\/\/experienciadevida.com.ar\/portalurbano\/wp-content\/uploads\/2022\/08\/Con-varios-proyectos-se-.png",640,320,false],"ug_big":["https:\/\/experienciadevida.com.ar\/portalurbano\/wp-content\/uploads\/2022\/08\/Con-varios-proyectos-se--768x384.png",768,384,true],"1536x1536":["https:\/\/experienciadevida.com.ar\/portalurbano\/wp-content\/uploads\/2022\/08\/Con-varios-proyectos-se-.png",829,415,false],"2048x2048":["https:\/\/experienciadevida.com.ar\/portalurbano\/wp-content\/uploads\/2022\/08\/Con-varios-proyectos-se-.png",829,415,false],"newsever-slider-full":["https:\/\/experienciadevida.com.ar\/portalurbano\/wp-content\/uploads\/2022\/08\/Con-varios-proyectos-se-.png",829,415,false],"newsever-featured":["https:\/\/experienciadevida.com.ar\/portalurbano\/wp-content\/uploads\/2022\/08\/Con-varios-proyectos-se-.png",829,415,false],"newsever-medium":["https:\/\/experienciadevida.com.ar\/portalurbano\/wp-content\/uploads\/2022\/08\/Con-varios-proyectos-se-.png",720,360,false],"web-stories-poster-portrait":["https:\/\/experienciadevida.com.ar\/portalurbano\/wp-content\/uploads\/2022\/08\/Con-varios-proyectos-se--640x415.png",640,415,true],"web-stories-publisher-logo":["https:\/\/experienciadevida.com.ar\/portalurbano\/wp-content\/uploads\/2022\/08\/Con-varios-proyectos-se--96x96.png",96,96,true],"web-stories-thumbnail":["https:\/\/experienciadevida.com.ar\/portalurbano\/wp-content\/uploads\/2022\/08\/Con-varios-proyectos-se--150x75.png",150,75,true]},"author_info":{"display_name":"admpu17wp","author_link":"https:\/\/experienciadevida.com.ar\/portalurbano\/author\/admpu17wp\/"},"category_info":"<a href=\"https:\/\/experienciadevida.com.ar\/portalurbano\/category\/ciudad\/\" rel=\"category tag\">Ciudad<\/a> <a href=\"https:\/\/experienciadevida.com.ar\/portalurbano\/category\/destacadas\/\" rel=\"category tag\">Destacadas<\/a>","tag_info":"Destacadas","comment_count":"0","amp_enabled":true,"_links":{"self":[{"href":"https:\/\/experienciadevida.com.ar\/portalurbano\/wp-json\/wp\/v2\/posts\/173017"}],"collection":[{"href":"https:\/\/experienciadevida.com.ar\/portalurbano\/wp-json\/wp\/v2\/posts"}],"about":[{"href":"https:\/\/experienciadevida.com.ar\/portalurbano\/wp-json\/wp\/v2\/types\/post"}],"author":[{"embeddable":true,"href":"https:\/\/experienciadevida.com.ar\/portalurbano\/wp-json\/wp\/v2\/users\/1"}],"replies":[{"embeddable":true,"href":"https:\/\/experienciadevida.com.ar\/portalurbano\/wp-json\/wp\/v2\/comments?post=173017"}],"version-history":[{"count":6,"href":"https:\/\/experienciadevida.com.ar\/portalurbano\/wp-json\/wp\/v2\/posts\/173017\/revisions"}],"predecessor-version":[{"id":173025,"href":"https:\/\/experienciadevida.com.ar\/portalurbano\/wp-json\/wp\/v2\/posts\/173017\/revisions\/173025"}],"wp:featuredmedia":[{"embeddable":true,"href":"https:\/\/experienciadevida.com.ar\/portalurbano\/wp-json\/wp\/v2\/media\/173018"}],"wp:attachment":[{"href":"https:\/\/experienciadevida.com.ar\/portalurbano\/wp-json\/wp\/v2\/media?parent=173017"}],"wp:term":[{"taxonomy":"category","embeddable":true,"href":"https:\/\/experienciadevida.com.ar\/portalurbano\/wp-json\/wp\/v2\/categories?post=173017"},{"taxonomy":"post_tag","embeddable":true,"href":"https:\/\/experienciadevida.com.ar\/portalurbano\/wp-json\/wp\/v2\/tags?post=173017"}],"curies":[{"name":"wp","href":"https:\/\/api.w.org\/{rel}","templated":true}]}}