{"id":173011,"date":"2022-08-11T09:39:47","date_gmt":"2022-08-11T12:39:47","guid":{"rendered":"https:\/\/experienciadevida.com.ar\/portalurbano\/?p=173011"},"modified":"2022-08-11T09:41:42","modified_gmt":"2022-08-11T12:41:42","slug":"el-bioparque-la-maxima-colabora-en-la-concrecion-del-primer-plan-nacional-de-conservacion-de-guacamayos-rojos","status":"publish","type":"post","link":"https:\/\/experienciadevida.com.ar\/portalurbano\/el-bioparque-la-maxima-colabora-en-la-concrecion-del-primer-plan-nacional-de-conservacion-de-guacamayos-rojos\/","title":{"rendered":"El Bioparque \u201cLa M\u00e1xima\u201d colabora en la concreci\u00f3n del primer plan nacional de conservaci\u00f3n de guacamayos rojos"},"content":{"rendered":"<p>El Bioparque \u201cLa M\u00e1xima\u201d colabora en la concreci\u00f3n del primer plan nacional de conservaci\u00f3n de guacamayos rojos, el Bioparque Municipal \u201cLa M\u00e1xima\u201d estuvo presente en el segundo encuentro interinstitucional de Conservaci\u00f3n de Guacamayos Rojos de Argentina, con sede en el Ecoparque de Buenos Aires.<\/p>\n<p>La finalidad principal del encuentro fue impulsar la concreci\u00f3n de un plan de conservaci\u00f3n nacional para la especie, que tiene entre sus objetivos producir nuevos individuos de Guacamayos Rojos para su reintroducci\u00f3n en el Parque Nacional Iber\u00e1, mediante la formaci\u00f3n de una red de cr\u00eda ex-situ con Bioparques y Zool\u00f3gicos.<\/p>\n<p>Participaron del encuentro el director del Bioparque Municipal \u201cLa M\u00e1xima\u201d, profesor Flavio Maldonado y el m\u00e9dico veterinario Sebasti\u00e1n Valdez, como as\u00ed tambi\u00e9n directivos y personal t\u00e9cnico de Rewilding Argentina, Bioparque La Plata, Fundaci\u00f3n Temaiken, Parque de la Biodiversidad de C\u00f3rdoba y del Ecoparque Buenos Aires. Durante el transcurso de dicho encuentro se acordaron diferentes aspectos que hacen al plan de conservaci\u00f3n para la especie, en cuanto a cuarentenas, planes alimentarios, sanitarios, estrategias de comunicaci\u00f3n interna y hacia la comunidad, entre otras tem\u00e1ticas y, plantearon las bases para una futura alianza interinstitucional, comprometi\u00e9ndose adem\u00e1s, a visitar el Bioparque de nuestra ciudad.<\/p>\n<p>El Bioparque local cuenta, en la actualidad, con cuatro potenciales parejas reproductivas de guacamayos rojos: esto resulta muy importante porque pone a \u201cLa M\u00e1xima\u201d en condiciones de sumar esfuerzos para que dicha especie contin\u00fae surcando los cielos de Argentina, aumentando las poblaciones naturales. Durante el encuentro, se estableci\u00f3 la posible derivaci\u00f3n de huevos al Centro de Cr\u00eda del Ecoparque Buenos Aires, con la finalidad de garantizar el nacimiento de guacamayos, aumentando el n\u00famero de puestas de las parejas.<\/p>\n<p>El director de \u201cLa M\u00e1xima\u201d, Flavio Maldonado arifm\u00f3 que \u201ccuando asumimos la gesti\u00f3n del Bioparque Municipal, nos planteamos ampliar e introducir al Bioparque en nuevos programas de conservaci\u00f3n que se estuvieran desarrollando. Es as\u00ed, que impulsamos y colaboramos para que esta Red pueda fortalecerse y hoy tenemos el orgullo de impulsar, colaborar y participar en el armado del plan de conservaci\u00f3n, nacional y comunitario, para la especie. Estamos orgullosos de trabajar en este plan, es un reconocimiento al esfuerzo y a la constancia, generando alianzas permanentes con otras instituciones, ese `caminito de hormiga\u00b4 hoy dio sus frutos\u201d.<\/p>\n<p>Uno de los grandes objetivos dentro del Bioparque es, a partir de la visita t\u00e9cnica a Olavarr\u00eda, contar con pichones de esta especie para que puedan ser llevados a Corrientes, donde hay diferentes etapas que tienen que superar hasta que puedan ser liberados.<\/p>\n<p>Desde \u201cLa M\u00e1xima\u201d se busca revalorizar a los guacamayos rojos, por ello se convoca a instituciones educativas que quieran trabajar en los programas de conservaci\u00f3n, con la intenci\u00f3n de que este programa sea puesto en valor como el Programa de Conservaci\u00f3n del C\u00f3ndor Andino. \u201cEl guacamayo rojo no es tan reconocido en Olavarr\u00eda porque reci\u00e9n estamos dando los primeros pasos en el Programa Local y Nacional\u201d, comento Maldonado.<\/p>\n<p>Este programa impulsado en Olavarr\u00eda por la Direcci\u00f3n de Educaci\u00f3n, la Subsecretar\u00eda de Cultura y Educaci\u00f3n y, la Secretar\u00eda de Desarrollo Humano y Calidad de Vida, cuenta con el respaldo como pol\u00edtica p\u00fablica para la Conservaci\u00f3n de la Biodiversidad.<\/p>\n<p><a href=\"https:\/\/experienciadevida.com.ar\/portalurbano\/el-bioparque-la-maxima-colabora-en-la-concrecion-del-primer-plan-nacional-de-conservacion-de-guacamayos-rojos\/el-35\/\" rel=\"attachment wp-att-173015\"><img decoding=\"async\" class=\"alignnone size-large wp-image-173015\" src=\"https:\/\/experienciadevida.com.ar\/portalurbano\/wp-content\/uploads\/2022\/08\/El-1-1024x682.jpg\" alt=\"El \" width=\"900\" height=\"599\" srcset=\"https:\/\/experienciadevida.com.ar\/portalurbano\/wp-content\/uploads\/2022\/08\/El-1-1024x682.jpg 1024w, https:\/\/experienciadevida.com.ar\/portalurbano\/wp-content\/uploads\/2022\/08\/El-1-300x200.jpg 300w, https:\/\/experienciadevida.com.ar\/portalurbano\/wp-content\/uploads\/2022\/08\/El-1-768x512.jpg 768w, https:\/\/experienciadevida.com.ar\/portalurbano\/wp-content\/uploads\/2022\/08\/El-1-1536x1024.jpg 1536w, https:\/\/experienciadevida.com.ar\/portalurbano\/wp-content\/uploads\/2022\/08\/El-1-150x100.jpg 150w, https:\/\/experienciadevida.com.ar\/portalurbano\/wp-content\/uploads\/2022\/08\/El-1.jpg 1772w\" sizes=\"(max-width: 900px) 100vw, 900px\" \/><\/a><\/p>\n","protected":false},"excerpt":{"rendered":"<p>El Bioparque \u201cLa M\u00e1xima\u201d colabora en la concreci\u00f3n del primer plan nacional de conservaci\u00f3n de&#8230;<\/p>\n","protected":false},"author":1,"featured_media":173012,"comment_status":"closed","ping_status":"closed","sticky":false,"template":"","format":"standard","meta":{"content-type":""},"categories":[27,64],"tags":[],"nelio_content":{"isAutoShareEnabled":false,"autoShareEndMode":"default","automationSources":{"useContentSentences":true,"useSocialTemplates":true,"useCustomSentences":false,"customSentences":[]},"followers":[1],"suggestedReferences":[],"includedReferences":[],"efiUrl":"","efiAlt":"","highlights":[]},"yoast_head":"<!-- This site is optimized with the Yoast SEO plugin v20.7 - https:\/\/yoast.com\/wordpress\/plugins\/seo\/ -->\n<title>El bioparque La m\u00e1xima colabora en la concreci\u00f3n del plan<\/title>\n<meta name=\"description\" content=\"El Bioparque \u201cLa M\u00e1xima\u201d colabora en la concreci\u00f3n del primer plan nacional de conservaci\u00f3n de guacamayos rojos,\" \/>\n<meta name=\"robots\" content=\"index, follow, max-snippet:-1, max-image-preview:large, max-video-preview:-1\" \/>\n<link rel=\"canonical\" href=\"https:\/\/experienciadevida.com.ar\/portalurbano\/el-bioparque-la-maxima-colabora-en-la-concrecion-del-primer-plan-nacional-de-conservacion-de-guacamayos-rojos\/\" \/>\n<meta property=\"og:locale\" content=\"es_ES\" \/>\n<meta property=\"og:type\" content=\"article\" \/>\n<meta property=\"og:title\" content=\"El bioparque La m\u00e1xima colabora en la concreci\u00f3n del plan\" \/>\n<meta property=\"og:description\" content=\"El Bioparque \u201cLa M\u00e1xima\u201d colabora en la concreci\u00f3n del primer plan nacional de conservaci\u00f3n de guacamayos rojos,\" \/>\n<meta property=\"og:url\" content=\"https:\/\/experienciadevida.com.ar\/portalurbano\/el-bioparque-la-maxima-colabora-en-la-concrecion-del-primer-plan-nacional-de-conservacion-de-guacamayos-rojos\/\" \/>\n<meta property=\"article:publisher\" content=\"https:\/\/www.facebook.com\/Portal-Urbano-171542830093757\/\" \/>\n<meta property=\"article:published_time\" content=\"2022-08-11T12:39:47+00:00\" \/>\n<meta property=\"article:modified_time\" content=\"2022-08-11T12:41:42+00:00\" \/>\n<meta property=\"og:image\" content=\"https:\/\/experienciadevida.com.ar\/portalurbano\/wp-content\/uploads\/2022\/08\/El-Bioparque.jpg\" \/>\n\t<meta property=\"og:image:width\" content=\"2560\" \/>\n\t<meta property=\"og:image:height\" content=\"1711\" \/>\n\t<meta property=\"og:image:type\" content=\"image\/jpeg\" \/>\n<meta name=\"author\" content=\"admpu17wp\" \/>\n<meta name=\"twitter:card\" content=\"summary_large_image\" \/>\n<meta name=\"twitter:creator\" content=\"@portalurbanook\" \/>\n<meta name=\"twitter:site\" content=\"@portalurbanook\" \/>\n<meta name=\"twitter:label1\" content=\"Escrito por\" \/>\n\t<meta name=\"twitter:data1\" content=\"admpu17wp\" \/>\n\t<meta name=\"twitter:label2\" content=\"Tiempo de lectura\" \/>\n\t<meta name=\"twitter:data2\" content=\"3 minutos\" \/>\n<script type=\"application\/ld+json\" class=\"yoast-schema-graph\">{\"@context\":\"https:\/\/schema.org\",\"@graph\":[{\"@type\":\"Article\",\"@id\":\"https:\/\/experienciadevida.com.ar\/portalurbano\/el-bioparque-la-maxima-colabora-en-la-concrecion-del-primer-plan-nacional-de-conservacion-de-guacamayos-rojos\/#article\",\"isPartOf\":{\"@id\":\"https:\/\/experienciadevida.com.ar\/portalurbano\/el-bioparque-la-maxima-colabora-en-la-concrecion-del-primer-plan-nacional-de-conservacion-de-guacamayos-rojos\/\"},\"author\":{\"name\":\"admpu17wp\",\"@id\":\"https:\/\/experienciadevida.com.ar\/portalurbano\/#\/schema\/person\/02dd326b1c4b056e9cc972486934a3a7\"},\"headline\":\"El Bioparque \u201cLa M\u00e1xima\u201d colabora en la concreci\u00f3n del primer plan nacional de conservaci\u00f3n de guacamayos rojos\",\"datePublished\":\"2022-08-11T12:39:47+00:00\",\"dateModified\":\"2022-08-11T12:41:42+00:00\",\"mainEntityOfPage\":{\"@id\":\"https:\/\/experienciadevida.com.ar\/portalurbano\/el-bioparque-la-maxima-colabora-en-la-concrecion-del-primer-plan-nacional-de-conservacion-de-guacamayos-rojos\/\"},\"wordCount\":589,\"publisher\":{\"@id\":\"https:\/\/experienciadevida.com.ar\/portalurbano\/#organization\"},\"articleSection\":[\"Ciudad\",\"Destacadas 2\"],\"inLanguage\":\"es\"},{\"@type\":\"WebPage\",\"@id\":\"https:\/\/experienciadevida.com.ar\/portalurbano\/el-bioparque-la-maxima-colabora-en-la-concrecion-del-primer-plan-nacional-de-conservacion-de-guacamayos-rojos\/\",\"url\":\"https:\/\/experienciadevida.com.ar\/portalurbano\/el-bioparque-la-maxima-colabora-en-la-concrecion-del-primer-plan-nacional-de-conservacion-de-guacamayos-rojos\/\",\"name\":\"El bioparque La m\u00e1xima colabora en la concreci\u00f3n del plan\",\"isPartOf\":{\"@id\":\"https:\/\/experienciadevida.com.ar\/portalurbano\/#website\"},\"datePublished\":\"2022-08-11T12:39:47+00:00\",\"dateModified\":\"2022-08-11T12:41:42+00:00\",\"description\":\"El Bioparque \u201cLa M\u00e1xima\u201d colabora en la concreci\u00f3n del primer plan nacional de conservaci\u00f3n de guacamayos rojos,\",\"breadcrumb\":{\"@id\":\"https:\/\/experienciadevida.com.ar\/portalurbano\/el-bioparque-la-maxima-colabora-en-la-concrecion-del-primer-plan-nacional-de-conservacion-de-guacamayos-rojos\/#breadcrumb\"},\"inLanguage\":\"es\",\"potentialAction\":[{\"@type\":\"ReadAction\",\"target\":[\"https:\/\/experienciadevida.com.ar\/portalurbano\/el-bioparque-la-maxima-colabora-en-la-concrecion-del-primer-plan-nacional-de-conservacion-de-guacamayos-rojos\/\"]}]},{\"@type\":\"BreadcrumbList\",\"@id\":\"https:\/\/experienciadevida.com.ar\/portalurbano\/el-bioparque-la-maxima-colabora-en-la-concrecion-del-primer-plan-nacional-de-conservacion-de-guacamayos-rojos\/#breadcrumb\",\"itemListElement\":[{\"@type\":\"ListItem\",\"position\":1,\"name\":\"Portada\",\"item\":\"https:\/\/experienciadevida.com.ar\/portalurbano\/\"},{\"@type\":\"ListItem\",\"position\":2,\"name\":\"El Bioparque \u201cLa M\u00e1xima\u201d colabora en la concreci\u00f3n del primer plan nacional de conservaci\u00f3n de guacamayos rojos\"}]},{\"@type\":\"WebSite\",\"@id\":\"https:\/\/experienciadevida.com.ar\/portalurbano\/#website\",\"url\":\"https:\/\/experienciadevida.com.ar\/portalurbano\/\",\"name\":\"\",\"description\":\"\",\"publisher\":{\"@id\":\"https:\/\/experienciadevida.com.ar\/portalurbano\/#organization\"},\"potentialAction\":[{\"@type\":\"SearchAction\",\"target\":{\"@type\":\"EntryPoint\",\"urlTemplate\":\"https:\/\/experienciadevida.com.ar\/portalurbano\/?s={search_term_string}\"},\"query-input\":\"required name=search_term_string\"}],\"inLanguage\":\"es\"},{\"@type\":\"Organization\",\"@id\":\"https:\/\/experienciadevida.com.ar\/portalurbano\/#organization\",\"name\":\"Portal Urbano\",\"url\":\"https:\/\/experienciadevida.com.ar\/portalurbano\/\",\"logo\":{\"@type\":\"ImageObject\",\"inLanguage\":\"es\",\"@id\":\"https:\/\/experienciadevida.com.ar\/portalurbano\/#\/schema\/logo\/image\/\",\"url\":\"https:\/\/experienciadevida.com.ar\/portalurbano\/wp-content\/uploads\/2019\/09\/Logo-Original.png\",\"contentUrl\":\"https:\/\/experienciadevida.com.ar\/portalurbano\/wp-content\/uploads\/2019\/09\/Logo-Original.png\",\"width\":2236,\"height\":1216,\"caption\":\"Portal Urbano\"},\"image\":{\"@id\":\"https:\/\/experienciadevida.com.ar\/portalurbano\/#\/schema\/logo\/image\/\"},\"sameAs\":[\"https:\/\/www.facebook.com\/Portal-Urbano-171542830093757\/\",\"https:\/\/twitter.com\/portalurbanook\",\"https:\/\/www.instagram.com\/_portalurbano\/\",\"https:\/\/www.youtube.com\/channel\/UCXhagIfszH8KxFiOok79zbA?view_as=subscriber\"]},{\"@type\":\"Person\",\"@id\":\"https:\/\/experienciadevida.com.ar\/portalurbano\/#\/schema\/person\/02dd326b1c4b056e9cc972486934a3a7\",\"name\":\"admpu17wp\",\"image\":{\"@type\":\"ImageObject\",\"inLanguage\":\"es\",\"@id\":\"https:\/\/experienciadevida.com.ar\/portalurbano\/#\/schema\/person\/image\/\",\"url\":\"https:\/\/secure.gravatar.com\/avatar\/830d4c57adaae6630765e449a6908047?s=96&d=mm&r=g\",\"contentUrl\":\"https:\/\/secure.gravatar.com\/avatar\/830d4c57adaae6630765e449a6908047?s=96&d=mm&r=g\",\"caption\":\"admpu17wp\"}}]}<\/script>\n<!-- \/ Yoast SEO plugin. -->","yoast_head_json":{"title":"El bioparque La m\u00e1xima colabora en la concreci\u00f3n del plan","description":"El Bioparque \u201cLa M\u00e1xima\u201d colabora en la concreci\u00f3n del primer plan nacional de conservaci\u00f3n de guacamayos rojos,","robots":{"index":"index","follow":"follow","max-snippet":"max-snippet:-1","max-image-preview":"max-image-preview:large","max-video-preview":"max-video-preview:-1"},"canonical":"https:\/\/experienciadevida.com.ar\/portalurbano\/el-bioparque-la-maxima-colabora-en-la-concrecion-del-primer-plan-nacional-de-conservacion-de-guacamayos-rojos\/","og_locale":"es_ES","og_type":"article","og_title":"El bioparque La m\u00e1xima colabora en la concreci\u00f3n del plan","og_description":"El Bioparque \u201cLa M\u00e1xima\u201d colabora en la concreci\u00f3n del primer plan nacional de conservaci\u00f3n de guacamayos rojos,","og_url":"https:\/\/experienciadevida.com.ar\/portalurbano\/el-bioparque-la-maxima-colabora-en-la-concrecion-del-primer-plan-nacional-de-conservacion-de-guacamayos-rojos\/","article_publisher":"https:\/\/www.facebook.com\/Portal-Urbano-171542830093757\/","article_published_time":"2022-08-11T12:39:47+00:00","article_modified_time":"2022-08-11T12:41:42+00:00","og_image":[{"width":2560,"height":1711,"url":"https:\/\/experienciadevida.com.ar\/portalurbano\/wp-content\/uploads\/2022\/08\/El-Bioparque.jpg","type":"image\/jpeg"}],"author":"admpu17wp","twitter_card":"summary_large_image","twitter_creator":"@portalurbanook","twitter_site":"@portalurbanook","twitter_misc":{"Escrito por":"admpu17wp","Tiempo de lectura":"3 minutos"},"schema":{"@context":"https:\/\/schema.org","@graph":[{"@type":"Article","@id":"https:\/\/experienciadevida.com.ar\/portalurbano\/el-bioparque-la-maxima-colabora-en-la-concrecion-del-primer-plan-nacional-de-conservacion-de-guacamayos-rojos\/#article","isPartOf":{"@id":"https:\/\/experienciadevida.com.ar\/portalurbano\/el-bioparque-la-maxima-colabora-en-la-concrecion-del-primer-plan-nacional-de-conservacion-de-guacamayos-rojos\/"},"author":{"name":"admpu17wp","@id":"https:\/\/experienciadevida.com.ar\/portalurbano\/#\/schema\/person\/02dd326b1c4b056e9cc972486934a3a7"},"headline":"El Bioparque \u201cLa M\u00e1xima\u201d colabora en la concreci\u00f3n del primer plan nacional de conservaci\u00f3n de guacamayos rojos","datePublished":"2022-08-11T12:39:47+00:00","dateModified":"2022-08-11T12:41:42+00:00","mainEntityOfPage":{"@id":"https:\/\/experienciadevida.com.ar\/portalurbano\/el-bioparque-la-maxima-colabora-en-la-concrecion-del-primer-plan-nacional-de-conservacion-de-guacamayos-rojos\/"},"wordCount":589,"publisher":{"@id":"https:\/\/experienciadevida.com.ar\/portalurbano\/#organization"},"articleSection":["Ciudad","Destacadas 2"],"inLanguage":"es"},{"@type":"WebPage","@id":"https:\/\/experienciadevida.com.ar\/portalurbano\/el-bioparque-la-maxima-colabora-en-la-concrecion-del-primer-plan-nacional-de-conservacion-de-guacamayos-rojos\/","url":"https:\/\/experienciadevida.com.ar\/portalurbano\/el-bioparque-la-maxima-colabora-en-la-concrecion-del-primer-plan-nacional-de-conservacion-de-guacamayos-rojos\/","name":"El bioparque La m\u00e1xima colabora en la concreci\u00f3n del plan","isPartOf":{"@id":"https:\/\/experienciadevida.com.ar\/portalurbano\/#website"},"datePublished":"2022-08-11T12:39:47+00:00","dateModified":"2022-08-11T12:41:42+00:00","description":"El Bioparque \u201cLa M\u00e1xima\u201d colabora en la concreci\u00f3n del primer plan nacional de conservaci\u00f3n de guacamayos rojos,","breadcrumb":{"@id":"https:\/\/experienciadevida.com.ar\/portalurbano\/el-bioparque-la-maxima-colabora-en-la-concrecion-del-primer-plan-nacional-de-conservacion-de-guacamayos-rojos\/#breadcrumb"},"inLanguage":"es","potentialAction":[{"@type":"ReadAction","target":["https:\/\/experienciadevida.com.ar\/portalurbano\/el-bioparque-la-maxima-colabora-en-la-concrecion-del-primer-plan-nacional-de-conservacion-de-guacamayos-rojos\/"]}]},{"@type":"BreadcrumbList","@id":"https:\/\/experienciadevida.com.ar\/portalurbano\/el-bioparque-la-maxima-colabora-en-la-concrecion-del-primer-plan-nacional-de-conservacion-de-guacamayos-rojos\/#breadcrumb","itemListElement":[{"@type":"ListItem","position":1,"name":"Portada","item":"https:\/\/experienciadevida.com.ar\/portalurbano\/"},{"@type":"ListItem","position":2,"name":"El Bioparque \u201cLa M\u00e1xima\u201d colabora en la concreci\u00f3n del primer plan nacional de conservaci\u00f3n de guacamayos rojos"}]},{"@type":"WebSite","@id":"https:\/\/experienciadevida.com.ar\/portalurbano\/#website","url":"https:\/\/experienciadevida.com.ar\/portalurbano\/","name":"","description":"","publisher":{"@id":"https:\/\/experienciadevida.com.ar\/portalurbano\/#organization"},"potentialAction":[{"@type":"SearchAction","target":{"@type":"EntryPoint","urlTemplate":"https:\/\/experienciadevida.com.ar\/portalurbano\/?s={search_term_string}"},"query-input":"required name=search_term_string"}],"inLanguage":"es"},{"@type":"Organization","@id":"https:\/\/experienciadevida.com.ar\/portalurbano\/#organization","name":"Portal Urbano","url":"https:\/\/experienciadevida.com.ar\/portalurbano\/","logo":{"@type":"ImageObject","inLanguage":"es","@id":"https:\/\/experienciadevida.com.ar\/portalurbano\/#\/schema\/logo\/image\/","url":"https:\/\/experienciadevida.com.ar\/portalurbano\/wp-content\/uploads\/2019\/09\/Logo-Original.png","contentUrl":"https:\/\/experienciadevida.com.ar\/portalurbano\/wp-content\/uploads\/2019\/09\/Logo-Original.png","width":2236,"height":1216,"caption":"Portal Urbano"},"image":{"@id":"https:\/\/experienciadevida.com.ar\/portalurbano\/#\/schema\/logo\/image\/"},"sameAs":["https:\/\/www.facebook.com\/Portal-Urbano-171542830093757\/","https:\/\/twitter.com\/portalurbanook","https:\/\/www.instagram.com\/_portalurbano\/","https:\/\/www.youtube.com\/channel\/UCXhagIfszH8KxFiOok79zbA?view_as=subscriber"]},{"@type":"Person","@id":"https:\/\/experienciadevida.com.ar\/portalurbano\/#\/schema\/person\/02dd326b1c4b056e9cc972486934a3a7","name":"admpu17wp","image":{"@type":"ImageObject","inLanguage":"es","@id":"https:\/\/experienciadevida.com.ar\/portalurbano\/#\/schema\/person\/image\/","url":"https:\/\/secure.gravatar.com\/avatar\/830d4c57adaae6630765e449a6908047?s=96&d=mm&r=g","contentUrl":"https:\/\/secure.gravatar.com\/avatar\/830d4c57adaae6630765e449a6908047?s=96&d=mm&r=g","caption":"admpu17wp"}}]}},"featured_image_urls":{"full":["https:\/\/experienciadevida.com.ar\/portalurbano\/wp-content\/uploads\/2022\/08\/El-Bioparque.jpg",2560,1711,false],"thumbnail":["https:\/\/experienciadevida.com.ar\/portalurbano\/wp-content\/uploads\/2022\/08\/El-Bioparque-150x150.jpg",150,150,true],"medium":["https:\/\/experienciadevida.com.ar\/portalurbano\/wp-content\/uploads\/2022\/08\/El-Bioparque-300x201.jpg",300,201,true],"medium_large":["https:\/\/experienciadevida.com.ar\/portalurbano\/wp-content\/uploads\/2022\/08\/El-Bioparque-768x513.jpg",640,428,true],"large":["https:\/\/experienciadevida.com.ar\/portalurbano\/wp-content\/uploads\/2022\/08\/El-Bioparque-1024x684.jpg",640,428,true],"ug_big":["https:\/\/experienciadevida.com.ar\/portalurbano\/wp-content\/uploads\/2022\/08\/El-Bioparque-768x513.jpg",768,513,true],"1536x1536":["https:\/\/experienciadevida.com.ar\/portalurbano\/wp-content\/uploads\/2022\/08\/El-Bioparque-1536x1027.jpg",1536,1027,true],"2048x2048":["https:\/\/experienciadevida.com.ar\/portalurbano\/wp-content\/uploads\/2022\/08\/El-Bioparque-2048x1369.jpg",2048,1369,true],"newsever-slider-full":["https:\/\/experienciadevida.com.ar\/portalurbano\/wp-content\/uploads\/2022\/08\/El-Bioparque.jpg",1264,845,false],"newsever-featured":["https:\/\/experienciadevida.com.ar\/portalurbano\/wp-content\/uploads\/2022\/08\/El-Bioparque.jpg",1024,684,false],"newsever-medium":["https:\/\/experienciadevida.com.ar\/portalurbano\/wp-content\/uploads\/2022\/08\/El-Bioparque.jpg",711,475,false],"web-stories-poster-portrait":["https:\/\/experienciadevida.com.ar\/portalurbano\/wp-content\/uploads\/2022\/08\/El-Bioparque-640x853.jpg",640,853,true],"web-stories-publisher-logo":["https:\/\/experienciadevida.com.ar\/portalurbano\/wp-content\/uploads\/2022\/08\/El-Bioparque-96x96.jpg",96,96,true],"web-stories-thumbnail":["https:\/\/experienciadevida.com.ar\/portalurbano\/wp-content\/uploads\/2022\/08\/El-Bioparque-150x100.jpg",150,100,true]},"author_info":{"display_name":"admpu17wp","author_link":"https:\/\/experienciadevida.com.ar\/portalurbano\/author\/admpu17wp\/"},"category_info":"<a href=\"https:\/\/experienciadevida.com.ar\/portalurbano\/category\/ciudad\/\" rel=\"category tag\">Ciudad<\/a> <a href=\"https:\/\/experienciadevida.com.ar\/portalurbano\/category\/destacadas-2\/\" rel=\"category tag\">Destacadas 2<\/a>","tag_info":"Destacadas 2","comment_count":"0","amp_enabled":true,"_links":{"self":[{"href":"https:\/\/experienciadevida.com.ar\/portalurbano\/wp-json\/wp\/v2\/posts\/173011"}],"collection":[{"href":"https:\/\/experienciadevida.com.ar\/portalurbano\/wp-json\/wp\/v2\/posts"}],"about":[{"href":"https:\/\/experienciadevida.com.ar\/portalurbano\/wp-json\/wp\/v2\/types\/post"}],"author":[{"embeddable":true,"href":"https:\/\/experienciadevida.com.ar\/portalurbano\/wp-json\/wp\/v2\/users\/1"}],"replies":[{"embeddable":true,"href":"https:\/\/experienciadevida.com.ar\/portalurbano\/wp-json\/wp\/v2\/comments?post=173011"}],"version-history":[{"count":3,"href":"https:\/\/experienciadevida.com.ar\/portalurbano\/wp-json\/wp\/v2\/posts\/173011\/revisions"}],"predecessor-version":[{"id":173016,"href":"https:\/\/experienciadevida.com.ar\/portalurbano\/wp-json\/wp\/v2\/posts\/173011\/revisions\/173016"}],"wp:featuredmedia":[{"embeddable":true,"href":"https:\/\/experienciadevida.com.ar\/portalurbano\/wp-json\/wp\/v2\/media\/173012"}],"wp:attachment":[{"href":"https:\/\/experienciadevida.com.ar\/portalurbano\/wp-json\/wp\/v2\/media?parent=173011"}],"wp:term":[{"taxonomy":"category","embeddable":true,"href":"https:\/\/experienciadevida.com.ar\/portalurbano\/wp-json\/wp\/v2\/categories?post=173011"},{"taxonomy":"post_tag","embeddable":true,"href":"https:\/\/experienciadevida.com.ar\/portalurbano\/wp-json\/wp\/v2\/tags?post=173011"}],"curies":[{"name":"wp","href":"https:\/\/api.w.org\/{rel}","templated":true}]}}