{"id":173008,"date":"2022-08-10T19:20:47","date_gmt":"2022-08-10T22:20:47","guid":{"rendered":"https:\/\/experienciadevida.com.ar\/portalurbano\/?p=173008"},"modified":"2022-08-10T19:20:47","modified_gmt":"2022-08-10T22:20:47","slug":"capacitacion-para-el-equipo-de-la-secretaria-de-desarrollo-humano-y-calidad-de-vida","status":"publish","type":"post","link":"https:\/\/experienciadevida.com.ar\/portalurbano\/capacitacion-para-el-equipo-de-la-secretaria-de-desarrollo-humano-y-calidad-de-vida\/","title":{"rendered":"Capacitaci\u00f3n para el equipo de la Secretar\u00eda de Desarrollo Humano y Calidad de Vida"},"content":{"rendered":"<p>Capacitaci\u00f3n para el equipo de la Secretar\u00eda de Desarrollo Humano y Calidad de Vida, durante los meses de marzo, abril, mayo, junio y julio de 2022 se llev\u00f3 a cabo un programa de talleres para el fortalecimiento del equipo de subsecretarios de la Secretar\u00eda de Desarrollo Humano y Calidad de Vida, a cargo de referentes del \u00e1rea de Recursos Humanos.<\/p>\n<p>Bajo el lema \u201cLiderazgo en Servicio\u201d se facilit\u00f3 un proceso de construcci\u00f3n conjunta a trav\u00e9s de talleres con herramientas de Coaching.<\/p>\n<p>Consultado sobre el tema al Secretario de Desarrollo Humano y Calidad de Vida, Diego Robbiani, remarc\u00f3 que: \u201clo que se busca es trabajar en coordinaci\u00f3n entre las \u00e1reas y que los subsecretarios tengan una mejor comunicaci\u00f3n y agilidad para trabajar en equipo, maximizar los recursos y llegar a m\u00e1s vecinos. El objetivo tambi\u00e9n es dar herramientas para mejorar el liderazgo, mejorar el trato con sus compa\u00f1eros y conocer el territorio; saber qu\u00e9 temas est\u00e1 abordando el compa\u00f1ero para as\u00ed articular el trabajo de cada \u00e1rea\u201d.<\/p>\n<p>\u201cTambi\u00e9n quiero destacar que el trabajo con profesionales en recursos humanos hace que uno pueda llevar adelante estas propuestas y que tengan resultado. Estos encuentros no s\u00f3lo fortalecen el trabajo en equipo sino tambi\u00e9n permiten delinear objetivos y planificar pol\u00edticas de Estado a largo plazo\u201d, indic\u00f3 Diego Robbiani.<\/p>\n<p>Los talleres estuvieron enfocados a una mayor consolidaci\u00f3n del equipo de trabajo, partiendo del fortalecimiento individual, en el marco de un proceso de autoconocimiento e intercambio, incorporando herramientas para una comunicaci\u00f3n productiva, que abran nuevos canales de escucha y apoyo mutuo.<\/p>\n<p>Con respecto a la din\u00e1mica desarrollada, Robbiani se\u00f1al\u00f3 el compromiso de los subsecretarios del \u00e1rea para llevar adelante esta capacitaci\u00f3n: \u201chay algo que es importante resaltar y que tiene que ver con la importancia de tomarnos una o dos horas de trabajo a la semana para pensar y proyectar pol\u00edticas p\u00fablicas. Esto es clave para enfocarnos en las necesidades de la comunidad, en llegar a m\u00e1s vecinos y vecinas con nuestras propuestas, y no solo quedarnos en resolver lo urgente que est\u00e1 siempre delante nuestro\u201d.<\/p>\n<p>Tal lo expresado por el Secretario del \u00e1rea, esta propuesta signific\u00f3 para cada uno la posibilidad de hacer un alto en el camino, repensar el modo de ser y actuar como l\u00edderes, mirar para adentro y para los costados, sentirse equipo y lograr mayor impacto en la misi\u00f3n com\u00fan.<\/p>\n<p>&nbsp;<\/p>\n","protected":false},"excerpt":{"rendered":"<p>Capacitaci\u00f3n para el equipo de la Secretar\u00eda de Desarrollo Humano y Calidad de Vida, durante&#8230;<\/p>\n","protected":false},"author":1,"featured_media":173009,"comment_status":"closed","ping_status":"closed","sticky":false,"template":"","format":"standard","meta":{"content-type":""},"categories":[27],"tags":[],"nelio_content":{"isAutoShareEnabled":false,"autoShareEndMode":"default","automationSources":{"useContentSentences":true,"useSocialTemplates":true,"useCustomSentences":false,"customSentences":[]},"followers":[1],"suggestedReferences":[],"includedReferences":[],"efiUrl":"","efiAlt":"","highlights":[]},"yoast_head":"<!-- This site is optimized with the Yoast SEO plugin v20.7 - https:\/\/yoast.com\/wordpress\/plugins\/seo\/ -->\n<title>Capacitaci\u00f3n para el equipo de la Secretar\u00eda de desarrollo<\/title>\n<meta name=\"description\" content=\"Capacitaci\u00f3n para el equipo de la Secretar\u00eda de Desarrollo Humano y Calidad de Vida, durante los meses de marzo, abril, mayo, junio\" \/>\n<meta name=\"robots\" content=\"index, follow, max-snippet:-1, max-image-preview:large, max-video-preview:-1\" \/>\n<link rel=\"canonical\" href=\"https:\/\/experienciadevida.com.ar\/portalurbano\/capacitacion-para-el-equipo-de-la-secretaria-de-desarrollo-humano-y-calidad-de-vida\/\" \/>\n<meta property=\"og:locale\" content=\"es_ES\" \/>\n<meta property=\"og:type\" content=\"article\" \/>\n<meta property=\"og:title\" content=\"Capacitaci\u00f3n para el equipo de la Secretar\u00eda de desarrollo\" \/>\n<meta property=\"og:description\" content=\"Capacitaci\u00f3n para el equipo de la Secretar\u00eda de Desarrollo Humano y Calidad de Vida, durante los meses de marzo, abril, mayo, junio\" \/>\n<meta property=\"og:url\" content=\"https:\/\/experienciadevida.com.ar\/portalurbano\/capacitacion-para-el-equipo-de-la-secretaria-de-desarrollo-humano-y-calidad-de-vida\/\" \/>\n<meta property=\"article:publisher\" content=\"https:\/\/www.facebook.com\/Portal-Urbano-171542830093757\/\" \/>\n<meta property=\"article:published_time\" content=\"2022-08-10T22:20:47+00:00\" \/>\n<meta property=\"og:image\" content=\"https:\/\/experienciadevida.com.ar\/portalurbano\/wp-content\/uploads\/2022\/08\/Capacitacion-para-el-equipo.jpg\" \/>\n\t<meta property=\"og:image:width\" content=\"1024\" \/>\n\t<meta property=\"og:image:height\" content=\"682\" \/>\n\t<meta property=\"og:image:type\" content=\"image\/jpeg\" \/>\n<meta name=\"author\" content=\"admpu17wp\" \/>\n<meta name=\"twitter:card\" content=\"summary_large_image\" \/>\n<meta name=\"twitter:creator\" content=\"@portalurbanook\" \/>\n<meta name=\"twitter:site\" content=\"@portalurbanook\" \/>\n<meta name=\"twitter:label1\" content=\"Escrito por\" \/>\n\t<meta name=\"twitter:data1\" content=\"admpu17wp\" \/>\n\t<meta name=\"twitter:label2\" content=\"Tiempo de lectura\" \/>\n\t<meta name=\"twitter:data2\" content=\"2 minutos\" \/>\n<script type=\"application\/ld+json\" class=\"yoast-schema-graph\">{\"@context\":\"https:\/\/schema.org\",\"@graph\":[{\"@type\":\"Article\",\"@id\":\"https:\/\/experienciadevida.com.ar\/portalurbano\/capacitacion-para-el-equipo-de-la-secretaria-de-desarrollo-humano-y-calidad-de-vida\/#article\",\"isPartOf\":{\"@id\":\"https:\/\/experienciadevida.com.ar\/portalurbano\/capacitacion-para-el-equipo-de-la-secretaria-de-desarrollo-humano-y-calidad-de-vida\/\"},\"author\":{\"name\":\"admpu17wp\",\"@id\":\"https:\/\/experienciadevida.com.ar\/portalurbano\/#\/schema\/person\/02dd326b1c4b056e9cc972486934a3a7\"},\"headline\":\"Capacitaci\u00f3n para el equipo de la Secretar\u00eda de Desarrollo Humano y Calidad de Vida\",\"datePublished\":\"2022-08-10T22:20:47+00:00\",\"dateModified\":\"2022-08-10T22:20:47+00:00\",\"mainEntityOfPage\":{\"@id\":\"https:\/\/experienciadevida.com.ar\/portalurbano\/capacitacion-para-el-equipo-de-la-secretaria-de-desarrollo-humano-y-calidad-de-vida\/\"},\"wordCount\":431,\"publisher\":{\"@id\":\"https:\/\/experienciadevida.com.ar\/portalurbano\/#organization\"},\"articleSection\":[\"Ciudad\"],\"inLanguage\":\"es\"},{\"@type\":\"WebPage\",\"@id\":\"https:\/\/experienciadevida.com.ar\/portalurbano\/capacitacion-para-el-equipo-de-la-secretaria-de-desarrollo-humano-y-calidad-de-vida\/\",\"url\":\"https:\/\/experienciadevida.com.ar\/portalurbano\/capacitacion-para-el-equipo-de-la-secretaria-de-desarrollo-humano-y-calidad-de-vida\/\",\"name\":\"Capacitaci\u00f3n para el equipo de la Secretar\u00eda de desarrollo\",\"isPartOf\":{\"@id\":\"https:\/\/experienciadevida.com.ar\/portalurbano\/#website\"},\"datePublished\":\"2022-08-10T22:20:47+00:00\",\"dateModified\":\"2022-08-10T22:20:47+00:00\",\"description\":\"Capacitaci\u00f3n para el equipo de la Secretar\u00eda de Desarrollo Humano y Calidad de Vida, durante los meses de marzo, abril, mayo, junio\",\"breadcrumb\":{\"@id\":\"https:\/\/experienciadevida.com.ar\/portalurbano\/capacitacion-para-el-equipo-de-la-secretaria-de-desarrollo-humano-y-calidad-de-vida\/#breadcrumb\"},\"inLanguage\":\"es\",\"potentialAction\":[{\"@type\":\"ReadAction\",\"target\":[\"https:\/\/experienciadevida.com.ar\/portalurbano\/capacitacion-para-el-equipo-de-la-secretaria-de-desarrollo-humano-y-calidad-de-vida\/\"]}]},{\"@type\":\"BreadcrumbList\",\"@id\":\"https:\/\/experienciadevida.com.ar\/portalurbano\/capacitacion-para-el-equipo-de-la-secretaria-de-desarrollo-humano-y-calidad-de-vida\/#breadcrumb\",\"itemListElement\":[{\"@type\":\"ListItem\",\"position\":1,\"name\":\"Portada\",\"item\":\"https:\/\/experienciadevida.com.ar\/portalurbano\/\"},{\"@type\":\"ListItem\",\"position\":2,\"name\":\"Capacitaci\u00f3n para el equipo de la Secretar\u00eda de Desarrollo Humano y Calidad de Vida\"}]},{\"@type\":\"WebSite\",\"@id\":\"https:\/\/experienciadevida.com.ar\/portalurbano\/#website\",\"url\":\"https:\/\/experienciadevida.com.ar\/portalurbano\/\",\"name\":\"\",\"description\":\"\",\"publisher\":{\"@id\":\"https:\/\/experienciadevida.com.ar\/portalurbano\/#organization\"},\"potentialAction\":[{\"@type\":\"SearchAction\",\"target\":{\"@type\":\"EntryPoint\",\"urlTemplate\":\"https:\/\/experienciadevida.com.ar\/portalurbano\/?s={search_term_string}\"},\"query-input\":\"required name=search_term_string\"}],\"inLanguage\":\"es\"},{\"@type\":\"Organization\",\"@id\":\"https:\/\/experienciadevida.com.ar\/portalurbano\/#organization\",\"name\":\"Portal Urbano\",\"url\":\"https:\/\/experienciadevida.com.ar\/portalurbano\/\",\"logo\":{\"@type\":\"ImageObject\",\"inLanguage\":\"es\",\"@id\":\"https:\/\/experienciadevida.com.ar\/portalurbano\/#\/schema\/logo\/image\/\",\"url\":\"https:\/\/experienciadevida.com.ar\/portalurbano\/wp-content\/uploads\/2019\/09\/Logo-Original.png\",\"contentUrl\":\"https:\/\/experienciadevida.com.ar\/portalurbano\/wp-content\/uploads\/2019\/09\/Logo-Original.png\",\"width\":2236,\"height\":1216,\"caption\":\"Portal Urbano\"},\"image\":{\"@id\":\"https:\/\/experienciadevida.com.ar\/portalurbano\/#\/schema\/logo\/image\/\"},\"sameAs\":[\"https:\/\/www.facebook.com\/Portal-Urbano-171542830093757\/\",\"https:\/\/twitter.com\/portalurbanook\",\"https:\/\/www.instagram.com\/_portalurbano\/\",\"https:\/\/www.youtube.com\/channel\/UCXhagIfszH8KxFiOok79zbA?view_as=subscriber\"]},{\"@type\":\"Person\",\"@id\":\"https:\/\/experienciadevida.com.ar\/portalurbano\/#\/schema\/person\/02dd326b1c4b056e9cc972486934a3a7\",\"name\":\"admpu17wp\",\"image\":{\"@type\":\"ImageObject\",\"inLanguage\":\"es\",\"@id\":\"https:\/\/experienciadevida.com.ar\/portalurbano\/#\/schema\/person\/image\/\",\"url\":\"https:\/\/secure.gravatar.com\/avatar\/830d4c57adaae6630765e449a6908047?s=96&d=mm&r=g\",\"contentUrl\":\"https:\/\/secure.gravatar.com\/avatar\/830d4c57adaae6630765e449a6908047?s=96&d=mm&r=g\",\"caption\":\"admpu17wp\"}}]}<\/script>\n<!-- \/ Yoast SEO plugin. -->","yoast_head_json":{"title":"Capacitaci\u00f3n para el equipo de la Secretar\u00eda de desarrollo","description":"Capacitaci\u00f3n para el equipo de la Secretar\u00eda de Desarrollo Humano y Calidad de Vida, durante los meses de marzo, abril, mayo, junio","robots":{"index":"index","follow":"follow","max-snippet":"max-snippet:-1","max-image-preview":"max-image-preview:large","max-video-preview":"max-video-preview:-1"},"canonical":"https:\/\/experienciadevida.com.ar\/portalurbano\/capacitacion-para-el-equipo-de-la-secretaria-de-desarrollo-humano-y-calidad-de-vida\/","og_locale":"es_ES","og_type":"article","og_title":"Capacitaci\u00f3n para el equipo de la Secretar\u00eda de desarrollo","og_description":"Capacitaci\u00f3n para el equipo de la Secretar\u00eda de Desarrollo Humano y Calidad de Vida, durante los meses de marzo, abril, mayo, junio","og_url":"https:\/\/experienciadevida.com.ar\/portalurbano\/capacitacion-para-el-equipo-de-la-secretaria-de-desarrollo-humano-y-calidad-de-vida\/","article_publisher":"https:\/\/www.facebook.com\/Portal-Urbano-171542830093757\/","article_published_time":"2022-08-10T22:20:47+00:00","og_image":[{"width":1024,"height":682,"url":"https:\/\/experienciadevida.com.ar\/portalurbano\/wp-content\/uploads\/2022\/08\/Capacitacion-para-el-equipo.jpg","type":"image\/jpeg"}],"author":"admpu17wp","twitter_card":"summary_large_image","twitter_creator":"@portalurbanook","twitter_site":"@portalurbanook","twitter_misc":{"Escrito por":"admpu17wp","Tiempo de lectura":"2 minutos"},"schema":{"@context":"https:\/\/schema.org","@graph":[{"@type":"Article","@id":"https:\/\/experienciadevida.com.ar\/portalurbano\/capacitacion-para-el-equipo-de-la-secretaria-de-desarrollo-humano-y-calidad-de-vida\/#article","isPartOf":{"@id":"https:\/\/experienciadevida.com.ar\/portalurbano\/capacitacion-para-el-equipo-de-la-secretaria-de-desarrollo-humano-y-calidad-de-vida\/"},"author":{"name":"admpu17wp","@id":"https:\/\/experienciadevida.com.ar\/portalurbano\/#\/schema\/person\/02dd326b1c4b056e9cc972486934a3a7"},"headline":"Capacitaci\u00f3n para el equipo de la Secretar\u00eda de Desarrollo Humano y Calidad de Vida","datePublished":"2022-08-10T22:20:47+00:00","dateModified":"2022-08-10T22:20:47+00:00","mainEntityOfPage":{"@id":"https:\/\/experienciadevida.com.ar\/portalurbano\/capacitacion-para-el-equipo-de-la-secretaria-de-desarrollo-humano-y-calidad-de-vida\/"},"wordCount":431,"publisher":{"@id":"https:\/\/experienciadevida.com.ar\/portalurbano\/#organization"},"articleSection":["Ciudad"],"inLanguage":"es"},{"@type":"WebPage","@id":"https:\/\/experienciadevida.com.ar\/portalurbano\/capacitacion-para-el-equipo-de-la-secretaria-de-desarrollo-humano-y-calidad-de-vida\/","url":"https:\/\/experienciadevida.com.ar\/portalurbano\/capacitacion-para-el-equipo-de-la-secretaria-de-desarrollo-humano-y-calidad-de-vida\/","name":"Capacitaci\u00f3n para el equipo de la Secretar\u00eda de desarrollo","isPartOf":{"@id":"https:\/\/experienciadevida.com.ar\/portalurbano\/#website"},"datePublished":"2022-08-10T22:20:47+00:00","dateModified":"2022-08-10T22:20:47+00:00","description":"Capacitaci\u00f3n para el equipo de la Secretar\u00eda de Desarrollo Humano y Calidad de Vida, durante los meses de marzo, abril, mayo, junio","breadcrumb":{"@id":"https:\/\/experienciadevida.com.ar\/portalurbano\/capacitacion-para-el-equipo-de-la-secretaria-de-desarrollo-humano-y-calidad-de-vida\/#breadcrumb"},"inLanguage":"es","potentialAction":[{"@type":"ReadAction","target":["https:\/\/experienciadevida.com.ar\/portalurbano\/capacitacion-para-el-equipo-de-la-secretaria-de-desarrollo-humano-y-calidad-de-vida\/"]}]},{"@type":"BreadcrumbList","@id":"https:\/\/experienciadevida.com.ar\/portalurbano\/capacitacion-para-el-equipo-de-la-secretaria-de-desarrollo-humano-y-calidad-de-vida\/#breadcrumb","itemListElement":[{"@type":"ListItem","position":1,"name":"Portada","item":"https:\/\/experienciadevida.com.ar\/portalurbano\/"},{"@type":"ListItem","position":2,"name":"Capacitaci\u00f3n para el equipo de la Secretar\u00eda de Desarrollo Humano y Calidad de Vida"}]},{"@type":"WebSite","@id":"https:\/\/experienciadevida.com.ar\/portalurbano\/#website","url":"https:\/\/experienciadevida.com.ar\/portalurbano\/","name":"","description":"","publisher":{"@id":"https:\/\/experienciadevida.com.ar\/portalurbano\/#organization"},"potentialAction":[{"@type":"SearchAction","target":{"@type":"EntryPoint","urlTemplate":"https:\/\/experienciadevida.com.ar\/portalurbano\/?s={search_term_string}"},"query-input":"required name=search_term_string"}],"inLanguage":"es"},{"@type":"Organization","@id":"https:\/\/experienciadevida.com.ar\/portalurbano\/#organization","name":"Portal Urbano","url":"https:\/\/experienciadevida.com.ar\/portalurbano\/","logo":{"@type":"ImageObject","inLanguage":"es","@id":"https:\/\/experienciadevida.com.ar\/portalurbano\/#\/schema\/logo\/image\/","url":"https:\/\/experienciadevida.com.ar\/portalurbano\/wp-content\/uploads\/2019\/09\/Logo-Original.png","contentUrl":"https:\/\/experienciadevida.com.ar\/portalurbano\/wp-content\/uploads\/2019\/09\/Logo-Original.png","width":2236,"height":1216,"caption":"Portal Urbano"},"image":{"@id":"https:\/\/experienciadevida.com.ar\/portalurbano\/#\/schema\/logo\/image\/"},"sameAs":["https:\/\/www.facebook.com\/Portal-Urbano-171542830093757\/","https:\/\/twitter.com\/portalurbanook","https:\/\/www.instagram.com\/_portalurbano\/","https:\/\/www.youtube.com\/channel\/UCXhagIfszH8KxFiOok79zbA?view_as=subscriber"]},{"@type":"Person","@id":"https:\/\/experienciadevida.com.ar\/portalurbano\/#\/schema\/person\/02dd326b1c4b056e9cc972486934a3a7","name":"admpu17wp","image":{"@type":"ImageObject","inLanguage":"es","@id":"https:\/\/experienciadevida.com.ar\/portalurbano\/#\/schema\/person\/image\/","url":"https:\/\/secure.gravatar.com\/avatar\/830d4c57adaae6630765e449a6908047?s=96&d=mm&r=g","contentUrl":"https:\/\/secure.gravatar.com\/avatar\/830d4c57adaae6630765e449a6908047?s=96&d=mm&r=g","caption":"admpu17wp"}}]}},"featured_image_urls":{"full":["https:\/\/experienciadevida.com.ar\/portalurbano\/wp-content\/uploads\/2022\/08\/Capacitacion-para-el-equipo.jpg",1024,682,false],"thumbnail":["https:\/\/experienciadevida.com.ar\/portalurbano\/wp-content\/uploads\/2022\/08\/Capacitacion-para-el-equipo-150x150.jpg",150,150,true],"medium":["https:\/\/experienciadevida.com.ar\/portalurbano\/wp-content\/uploads\/2022\/08\/Capacitacion-para-el-equipo-300x200.jpg",300,200,true],"medium_large":["https:\/\/experienciadevida.com.ar\/portalurbano\/wp-content\/uploads\/2022\/08\/Capacitacion-para-el-equipo-768x512.jpg",640,427,true],"large":["https:\/\/experienciadevida.com.ar\/portalurbano\/wp-content\/uploads\/2022\/08\/Capacitacion-para-el-equipo.jpg",640,426,false],"ug_big":["https:\/\/experienciadevida.com.ar\/portalurbano\/wp-content\/uploads\/2022\/08\/Capacitacion-para-el-equipo-768x512.jpg",768,512,true],"1536x1536":["https:\/\/experienciadevida.com.ar\/portalurbano\/wp-content\/uploads\/2022\/08\/Capacitacion-para-el-equipo.jpg",1024,682,false],"2048x2048":["https:\/\/experienciadevida.com.ar\/portalurbano\/wp-content\/uploads\/2022\/08\/Capacitacion-para-el-equipo.jpg",1024,682,false],"newsever-slider-full":["https:\/\/experienciadevida.com.ar\/portalurbano\/wp-content\/uploads\/2022\/08\/Capacitacion-para-el-equipo.jpg",1024,682,false],"newsever-featured":["https:\/\/experienciadevida.com.ar\/portalurbano\/wp-content\/uploads\/2022\/08\/Capacitacion-para-el-equipo.jpg",1024,682,false],"newsever-medium":["https:\/\/experienciadevida.com.ar\/portalurbano\/wp-content\/uploads\/2022\/08\/Capacitacion-para-el-equipo.jpg",713,475,false],"web-stories-poster-portrait":["https:\/\/experienciadevida.com.ar\/portalurbano\/wp-content\/uploads\/2022\/08\/Capacitacion-para-el-equipo-640x682.jpg",640,682,true],"web-stories-publisher-logo":["https:\/\/experienciadevida.com.ar\/portalurbano\/wp-content\/uploads\/2022\/08\/Capacitacion-para-el-equipo-96x96.jpg",96,96,true],"web-stories-thumbnail":["https:\/\/experienciadevida.com.ar\/portalurbano\/wp-content\/uploads\/2022\/08\/Capacitacion-para-el-equipo-150x100.jpg",150,100,true]},"author_info":{"display_name":"admpu17wp","author_link":"https:\/\/experienciadevida.com.ar\/portalurbano\/author\/admpu17wp\/"},"category_info":"<a href=\"https:\/\/experienciadevida.com.ar\/portalurbano\/category\/ciudad\/\" rel=\"category tag\">Ciudad<\/a>","tag_info":"Ciudad","comment_count":"0","amp_enabled":true,"_links":{"self":[{"href":"https:\/\/experienciadevida.com.ar\/portalurbano\/wp-json\/wp\/v2\/posts\/173008"}],"collection":[{"href":"https:\/\/experienciadevida.com.ar\/portalurbano\/wp-json\/wp\/v2\/posts"}],"about":[{"href":"https:\/\/experienciadevida.com.ar\/portalurbano\/wp-json\/wp\/v2\/types\/post"}],"author":[{"embeddable":true,"href":"https:\/\/experienciadevida.com.ar\/portalurbano\/wp-json\/wp\/v2\/users\/1"}],"replies":[{"embeddable":true,"href":"https:\/\/experienciadevida.com.ar\/portalurbano\/wp-json\/wp\/v2\/comments?post=173008"}],"version-history":[{"count":1,"href":"https:\/\/experienciadevida.com.ar\/portalurbano\/wp-json\/wp\/v2\/posts\/173008\/revisions"}],"predecessor-version":[{"id":173010,"href":"https:\/\/experienciadevida.com.ar\/portalurbano\/wp-json\/wp\/v2\/posts\/173008\/revisions\/173010"}],"wp:featuredmedia":[{"embeddable":true,"href":"https:\/\/experienciadevida.com.ar\/portalurbano\/wp-json\/wp\/v2\/media\/173009"}],"wp:attachment":[{"href":"https:\/\/experienciadevida.com.ar\/portalurbano\/wp-json\/wp\/v2\/media?parent=173008"}],"wp:term":[{"taxonomy":"category","embeddable":true,"href":"https:\/\/experienciadevida.com.ar\/portalurbano\/wp-json\/wp\/v2\/categories?post=173008"},{"taxonomy":"post_tag","embeddable":true,"href":"https:\/\/experienciadevida.com.ar\/portalurbano\/wp-json\/wp\/v2\/tags?post=173008"}],"curies":[{"name":"wp","href":"https:\/\/api.w.org\/{rel}","templated":true}]}}