{"id":172993,"date":"2022-08-10T16:31:29","date_gmt":"2022-08-10T19:31:29","guid":{"rendered":"https:\/\/experienciadevida.com.ar\/portalurbano\/?p=172993"},"modified":"2022-08-10T16:34:36","modified_gmt":"2022-08-10T19:34:36","slug":"de-la-fio-a-europa-con-la-experiencia-brasilena-como-objetivo-clave","status":"publish","type":"post","link":"https:\/\/experienciadevida.com.ar\/portalurbano\/de-la-fio-a-europa-con-la-experiencia-brasilena-como-objetivo-clave\/","title":{"rendered":"De la FIO a Europa, con la experiencia brasile\u00f1a como objetivo clave"},"content":{"rendered":"<p>De la <a href=\"https:\/\/www.facebook.com\/FIO.UNICEN\">FIO<\/a> a Europa, con la experiencia brasile\u00f1a como objetivo clave, el Ingeniero Andr\u00e9s Petit inici\u00f3 su carrera acad\u00e9mica en la Facultad de Ingenier\u00eda y el posdoctorado en la Universidad de R\u00edo de Janeiro logr\u00f3 ampliar esos horizontes. Hoy es investigador asistente del CONICET y acaba de disertar en Francia e Italia sobre usos y aplicaci\u00f3n de part\u00edculas en la miner\u00eda, un reto acad\u00e9mico \u201cnuevo\u201d en Argentina que podr\u00eda potenciarse a nivel local.<\/p>\n<p>Los minerales est\u00e1n en su hoja de ruta desde que transitaba los laboratorios de la FIO y posteriormente en Brasil, donde ampli\u00f3 su investigaci\u00f3n en formato posdoctoral. \u201cLa idea es comenzar a hacer ac\u00e1 lo que se hace all\u00e1, vinculando con canteras y cementeras\u201d, plantea el ingeniero Andr\u00e9s Petit, graduado en la FIO e investigador asistente del CONICET, que acaba de exponer sus avances acad\u00e9micos en Francia e Italia junto a expertos en tecnolog\u00edas de trituraci\u00f3n y clasificaci\u00f3n de la industria y la universidad.<\/p>\n<p>\u201cPresent\u00e9 trabajos que hice durante mi postdoctorado en la Universidad Federal de R\u00edo de Janeiro\u201d, apunta el investigador, que decidi\u00f3 enfocarse en la simulaci\u00f3n del manejo de minerales y la previsi\u00f3n del impacto ambiental de dichos procesos.<\/p>\n<p>Toulouse como primera vidriera:<\/p>\n<p>En Francia particip\u00f3 del \u201cEuropean Symposium on Comminution &amp; Classification\u201d que se llev\u00f3 a cabo en la Universidad de Toulouse, del 27 al 29 de junio, organizado por la Federaci\u00f3n Europea de Ingenier\u00eda Qu\u00edmica (EFCE).<\/p>\n<p>El encuentro reuni\u00f3 a especialistas del mundo empresarial y acad\u00e9mico y en esta edici\u00f3n combin\u00f3 fundamentos de la rotura, los modelos avanzados y los procesos de trituraci\u00f3n y clasificaci\u00f3n en las industrias de procesamiento de minerales, biorrefiner\u00eda, alimentos, farmac\u00e9utica, qu\u00edmica y de materiales, as\u00ed como industrias de reciclaje y procesamiento de residuos.<\/p>\n<p>Hubo conferencias plenarias y conferencias magistrales de los principales expertos en trituraci\u00f3n y clasificaci\u00f3n de todo el mundo, adem\u00e1s de exhibiciones de fabricantes de instrumentos. El ingeniero Andr\u00e9s Petit fue uno de ellos y disert\u00f3 sobre la simulaci\u00f3n de quiebra de part\u00edculas usando el software Rocky.<\/p>\n<p>En Italia, el software de simulaci\u00f3n:<\/p>\n<p>De la FIO a Europa,\u00a0 luego hizo escala en Salerno (Italia), en la Conferencia Internacional sobre Transporte y Manipulaci\u00f3n de S\u00f3lidos de Part\u00edculas (CHoPS) donde se dieron a conocer avances cient\u00edficos de la mec\u00e1nica y la tecnolog\u00eda de part\u00edculas para satisfacer necesidades industriales que van desde la manipulaci\u00f3n de materiales de part\u00edculas voluminosas hasta la dosificaci\u00f3n de precisi\u00f3n de polvos finos.<\/p>\n<p>El eje fue &#8220;Nuevos horizontes para la mec\u00e1nica de part\u00edculas y el manejo de s\u00f3lidos en la revoluci\u00f3n de la fabricaci\u00f3n inteligente\u201d y cont\u00f3 con m\u00e1s de 200 especialistas en s\u00f3lidos de part\u00edculas y cient\u00edficos e ingenieros conocidos de todo el mundo, entre los que estuvo el Ing. Petit.<\/p>\n<p>El temario incluy\u00f3 la ciencia y la tecnolog\u00eda para la producci\u00f3n, transformaci\u00f3n y manipulaci\u00f3n de cualquier material de part\u00edculas desde productos qu\u00edmicos, minerales, cer\u00e1mica, farmac\u00e9uticos, alimentos y sanitarios hasta combustibles convencionales y biomasa, desechos, part\u00edculas para impresi\u00f3n 3D, o part\u00edculas para la preservaci\u00f3n ambiental. All\u00ed se promovi\u00f3 el intercambio de informaci\u00f3n t\u00e9cnica y cient\u00edfica en los sectores acad\u00e9mico e industrial, adem\u00e1s de fomentar oportunidades de negocio y colaboraci\u00f3n.<\/p>\n<p>El referente de la FIO present\u00f3 \u201cun software que desarroll\u00e9 en el postdoctorado y que habilita a la simulaci\u00f3n del empillamiento y rascamiento de sinter feed alimentado a un proceso de sinterizaci\u00f3n\u201d, explica con entusiasmo.<\/p>\n<p>El ingeniero qu\u00edmico puso en valor los saberes que capitaliz\u00f3 en Brasil, donde estuvo \u201ctrabajando dos a\u00f1os en la Universidad de R\u00edo de Janeiro\u201d de 2019 a diciembre de 2021 pero \u201csigo vinculado\u201d, aunque hoy su campo de acci\u00f3n es a trav\u00e9s del CONICET. En esa l\u00ednea de investigaci\u00f3n sobre part\u00edculas \u201cen el pa\u00eds a\u00fan no hay grupos relevantes o referentes en el tema\u201d, advierte.<\/p>\n<p>En Salerno, el profesional relev\u00f3 la experiencia carioca luego de \u201cestar en uno de los laboratorios m\u00e1s fuertes en Latinoam\u00e9rica en cuanto a modelado de moliendas, cuyo director es uno de los referentes de ese campo. Aprend\u00ed mucho\u201d, destaca Petit. El paso previo hab\u00eda sido la FIO, donde se doctor\u00f3 en Ingenier\u00eda con orientaci\u00f3n en Tecnolog\u00eda Qu\u00edmica poniendo la lupa en las micropart\u00edculas.<\/p>\n<p>Vincular con la academia y la industria:<\/p>\n<p>De la FIO a Europa, el Ing. Andr\u00e9s Petit hizo docencia en la Facultad de Ingenier\u00eda hasta marzo de 2022. Hoy est\u00e1 totalmente abocado a la investigaci\u00f3n, dentro del CONICET, con base de trabajo en el campus universitario de Olavarr\u00eda.<\/p>\n<p>El objetivo es \u201ccomenzar a hacer ac\u00e1 lo que se hace all\u00e1, con la misma metodolog\u00eda, vinculando con la industria en esa rama del modelado de molienda y del manejo de materiales con canteras y cementeras\u201d, observa el profesional.<\/p>\n<p>\u201cEn la Argentina no hacen estos estudios, quiz\u00e1 hay alg\u00fan intento en Bah\u00eda Blanca pero es un campo en el que no hay ninguna facultad como referente\u201d por lo que no descarta una articulaci\u00f3n entre la Universidad de R\u00edo de Janeiro y la FIO-UNICEN.<\/p>\n","protected":false},"excerpt":{"rendered":"<p>De la FIO a Europa, con la experiencia brasile\u00f1a como objetivo clave, el Ingeniero Andr\u00e9s&#8230;<\/p>\n","protected":false},"author":1,"featured_media":172994,"comment_status":"closed","ping_status":"closed","sticky":false,"template":"","format":"standard","meta":{"content-type":""},"categories":[31],"tags":[],"nelio_content":{"isAutoShareEnabled":false,"autoShareEndMode":"default","automationSources":{"useContentSentences":true,"useSocialTemplates":true,"useCustomSentences":false,"customSentences":[]},"followers":[1],"suggestedReferences":[],"includedReferences":[],"efiUrl":"","efiAlt":"","highlights":[]},"yoast_head":"<!-- This site is optimized with the Yoast SEO plugin v20.7 - https:\/\/yoast.com\/wordpress\/plugins\/seo\/ -->\n<title>De la FIO a Europa con la experiencia Brasile\u00f1a como objetivo<\/title>\n<meta name=\"description\" content=\"De la FIO a Europa, con la experiencia brasile\u00f1a como objetivo clave, el Ingeniero Andr\u00e9s Petit inici\u00f3 su carrera acad\u00e9mica\" \/>\n<meta name=\"robots\" content=\"index, follow, max-snippet:-1, max-image-preview:large, max-video-preview:-1\" \/>\n<link rel=\"canonical\" href=\"https:\/\/experienciadevida.com.ar\/portalurbano\/de-la-fio-a-europa-con-la-experiencia-brasilena-como-objetivo-clave\/\" \/>\n<meta property=\"og:locale\" content=\"es_ES\" \/>\n<meta property=\"og:type\" content=\"article\" \/>\n<meta property=\"og:title\" content=\"De la FIO a Europa con la experiencia Brasile\u00f1a como objetivo\" \/>\n<meta property=\"og:description\" content=\"De la FIO a Europa, con la experiencia brasile\u00f1a como objetivo clave, el Ingeniero Andr\u00e9s Petit inici\u00f3 su carrera acad\u00e9mica\" \/>\n<meta property=\"og:url\" content=\"https:\/\/experienciadevida.com.ar\/portalurbano\/de-la-fio-a-europa-con-la-experiencia-brasilena-como-objetivo-clave\/\" \/>\n<meta property=\"article:publisher\" content=\"https:\/\/www.facebook.com\/Portal-Urbano-171542830093757\/\" \/>\n<meta property=\"article:published_time\" content=\"2022-08-10T19:31:29+00:00\" \/>\n<meta property=\"article:modified_time\" content=\"2022-08-10T19:34:36+00:00\" \/>\n<meta property=\"og:image\" content=\"https:\/\/experienciadevida.com.ar\/portalurbano\/wp-content\/uploads\/2022\/08\/De-la-FIO-a.jpg\" \/>\n\t<meta property=\"og:image:width\" content=\"1589\" \/>\n\t<meta property=\"og:image:height\" content=\"892\" \/>\n\t<meta property=\"og:image:type\" content=\"image\/jpeg\" \/>\n<meta name=\"author\" content=\"admpu17wp\" \/>\n<meta name=\"twitter:card\" content=\"summary_large_image\" \/>\n<meta name=\"twitter:creator\" content=\"@portalurbanook\" \/>\n<meta name=\"twitter:site\" content=\"@portalurbanook\" \/>\n<meta name=\"twitter:label1\" content=\"Escrito por\" \/>\n\t<meta name=\"twitter:data1\" content=\"admpu17wp\" \/>\n\t<meta name=\"twitter:label2\" content=\"Tiempo de lectura\" \/>\n\t<meta name=\"twitter:data2\" content=\"4 minutos\" \/>\n<script type=\"application\/ld+json\" class=\"yoast-schema-graph\">{\"@context\":\"https:\/\/schema.org\",\"@graph\":[{\"@type\":\"Article\",\"@id\":\"https:\/\/experienciadevida.com.ar\/portalurbano\/de-la-fio-a-europa-con-la-experiencia-brasilena-como-objetivo-clave\/#article\",\"isPartOf\":{\"@id\":\"https:\/\/experienciadevida.com.ar\/portalurbano\/de-la-fio-a-europa-con-la-experiencia-brasilena-como-objetivo-clave\/\"},\"author\":{\"name\":\"admpu17wp\",\"@id\":\"https:\/\/experienciadevida.com.ar\/portalurbano\/#\/schema\/person\/02dd326b1c4b056e9cc972486934a3a7\"},\"headline\":\"De la FIO a Europa, con la experiencia brasile\u00f1a como objetivo clave\",\"datePublished\":\"2022-08-10T19:31:29+00:00\",\"dateModified\":\"2022-08-10T19:34:36+00:00\",\"mainEntityOfPage\":{\"@id\":\"https:\/\/experienciadevida.com.ar\/portalurbano\/de-la-fio-a-europa-con-la-experiencia-brasilena-como-objetivo-clave\/\"},\"wordCount\":920,\"publisher\":{\"@id\":\"https:\/\/experienciadevida.com.ar\/portalurbano\/#organization\"},\"articleSection\":[\"Educaci\u00f3n\"],\"inLanguage\":\"es\"},{\"@type\":\"WebPage\",\"@id\":\"https:\/\/experienciadevida.com.ar\/portalurbano\/de-la-fio-a-europa-con-la-experiencia-brasilena-como-objetivo-clave\/\",\"url\":\"https:\/\/experienciadevida.com.ar\/portalurbano\/de-la-fio-a-europa-con-la-experiencia-brasilena-como-objetivo-clave\/\",\"name\":\"De la FIO a Europa con la experiencia Brasile\u00f1a como objetivo\",\"isPartOf\":{\"@id\":\"https:\/\/experienciadevida.com.ar\/portalurbano\/#website\"},\"datePublished\":\"2022-08-10T19:31:29+00:00\",\"dateModified\":\"2022-08-10T19:34:36+00:00\",\"description\":\"De la FIO a Europa, con la experiencia brasile\u00f1a como objetivo clave, el Ingeniero Andr\u00e9s Petit inici\u00f3 su carrera acad\u00e9mica\",\"breadcrumb\":{\"@id\":\"https:\/\/experienciadevida.com.ar\/portalurbano\/de-la-fio-a-europa-con-la-experiencia-brasilena-como-objetivo-clave\/#breadcrumb\"},\"inLanguage\":\"es\",\"potentialAction\":[{\"@type\":\"ReadAction\",\"target\":[\"https:\/\/experienciadevida.com.ar\/portalurbano\/de-la-fio-a-europa-con-la-experiencia-brasilena-como-objetivo-clave\/\"]}]},{\"@type\":\"BreadcrumbList\",\"@id\":\"https:\/\/experienciadevida.com.ar\/portalurbano\/de-la-fio-a-europa-con-la-experiencia-brasilena-como-objetivo-clave\/#breadcrumb\",\"itemListElement\":[{\"@type\":\"ListItem\",\"position\":1,\"name\":\"Portada\",\"item\":\"https:\/\/experienciadevida.com.ar\/portalurbano\/\"},{\"@type\":\"ListItem\",\"position\":2,\"name\":\"De la FIO a Europa, con la experiencia brasile\u00f1a como objetivo clave\"}]},{\"@type\":\"WebSite\",\"@id\":\"https:\/\/experienciadevida.com.ar\/portalurbano\/#website\",\"url\":\"https:\/\/experienciadevida.com.ar\/portalurbano\/\",\"name\":\"\",\"description\":\"\",\"publisher\":{\"@id\":\"https:\/\/experienciadevida.com.ar\/portalurbano\/#organization\"},\"potentialAction\":[{\"@type\":\"SearchAction\",\"target\":{\"@type\":\"EntryPoint\",\"urlTemplate\":\"https:\/\/experienciadevida.com.ar\/portalurbano\/?s={search_term_string}\"},\"query-input\":\"required name=search_term_string\"}],\"inLanguage\":\"es\"},{\"@type\":\"Organization\",\"@id\":\"https:\/\/experienciadevida.com.ar\/portalurbano\/#organization\",\"name\":\"Portal Urbano\",\"url\":\"https:\/\/experienciadevida.com.ar\/portalurbano\/\",\"logo\":{\"@type\":\"ImageObject\",\"inLanguage\":\"es\",\"@id\":\"https:\/\/experienciadevida.com.ar\/portalurbano\/#\/schema\/logo\/image\/\",\"url\":\"https:\/\/experienciadevida.com.ar\/portalurbano\/wp-content\/uploads\/2019\/09\/Logo-Original.png\",\"contentUrl\":\"https:\/\/experienciadevida.com.ar\/portalurbano\/wp-content\/uploads\/2019\/09\/Logo-Original.png\",\"width\":2236,\"height\":1216,\"caption\":\"Portal Urbano\"},\"image\":{\"@id\":\"https:\/\/experienciadevida.com.ar\/portalurbano\/#\/schema\/logo\/image\/\"},\"sameAs\":[\"https:\/\/www.facebook.com\/Portal-Urbano-171542830093757\/\",\"https:\/\/twitter.com\/portalurbanook\",\"https:\/\/www.instagram.com\/_portalurbano\/\",\"https:\/\/www.youtube.com\/channel\/UCXhagIfszH8KxFiOok79zbA?view_as=subscriber\"]},{\"@type\":\"Person\",\"@id\":\"https:\/\/experienciadevida.com.ar\/portalurbano\/#\/schema\/person\/02dd326b1c4b056e9cc972486934a3a7\",\"name\":\"admpu17wp\",\"image\":{\"@type\":\"ImageObject\",\"inLanguage\":\"es\",\"@id\":\"https:\/\/experienciadevida.com.ar\/portalurbano\/#\/schema\/person\/image\/\",\"url\":\"https:\/\/secure.gravatar.com\/avatar\/830d4c57adaae6630765e449a6908047?s=96&d=mm&r=g\",\"contentUrl\":\"https:\/\/secure.gravatar.com\/avatar\/830d4c57adaae6630765e449a6908047?s=96&d=mm&r=g\",\"caption\":\"admpu17wp\"}}]}<\/script>\n<!-- \/ Yoast SEO plugin. -->","yoast_head_json":{"title":"De la FIO a Europa con la experiencia Brasile\u00f1a como objetivo","description":"De la FIO a Europa, con la experiencia brasile\u00f1a como objetivo clave, el Ingeniero Andr\u00e9s Petit inici\u00f3 su carrera acad\u00e9mica","robots":{"index":"index","follow":"follow","max-snippet":"max-snippet:-1","max-image-preview":"max-image-preview:large","max-video-preview":"max-video-preview:-1"},"canonical":"https:\/\/experienciadevida.com.ar\/portalurbano\/de-la-fio-a-europa-con-la-experiencia-brasilena-como-objetivo-clave\/","og_locale":"es_ES","og_type":"article","og_title":"De la FIO a Europa con la experiencia Brasile\u00f1a como objetivo","og_description":"De la FIO a Europa, con la experiencia brasile\u00f1a como objetivo clave, el Ingeniero Andr\u00e9s Petit inici\u00f3 su carrera acad\u00e9mica","og_url":"https:\/\/experienciadevida.com.ar\/portalurbano\/de-la-fio-a-europa-con-la-experiencia-brasilena-como-objetivo-clave\/","article_publisher":"https:\/\/www.facebook.com\/Portal-Urbano-171542830093757\/","article_published_time":"2022-08-10T19:31:29+00:00","article_modified_time":"2022-08-10T19:34:36+00:00","og_image":[{"width":1589,"height":892,"url":"https:\/\/experienciadevida.com.ar\/portalurbano\/wp-content\/uploads\/2022\/08\/De-la-FIO-a.jpg","type":"image\/jpeg"}],"author":"admpu17wp","twitter_card":"summary_large_image","twitter_creator":"@portalurbanook","twitter_site":"@portalurbanook","twitter_misc":{"Escrito por":"admpu17wp","Tiempo de lectura":"4 minutos"},"schema":{"@context":"https:\/\/schema.org","@graph":[{"@type":"Article","@id":"https:\/\/experienciadevida.com.ar\/portalurbano\/de-la-fio-a-europa-con-la-experiencia-brasilena-como-objetivo-clave\/#article","isPartOf":{"@id":"https:\/\/experienciadevida.com.ar\/portalurbano\/de-la-fio-a-europa-con-la-experiencia-brasilena-como-objetivo-clave\/"},"author":{"name":"admpu17wp","@id":"https:\/\/experienciadevida.com.ar\/portalurbano\/#\/schema\/person\/02dd326b1c4b056e9cc972486934a3a7"},"headline":"De la FIO a Europa, con la experiencia brasile\u00f1a como objetivo clave","datePublished":"2022-08-10T19:31:29+00:00","dateModified":"2022-08-10T19:34:36+00:00","mainEntityOfPage":{"@id":"https:\/\/experienciadevida.com.ar\/portalurbano\/de-la-fio-a-europa-con-la-experiencia-brasilena-como-objetivo-clave\/"},"wordCount":920,"publisher":{"@id":"https:\/\/experienciadevida.com.ar\/portalurbano\/#organization"},"articleSection":["Educaci\u00f3n"],"inLanguage":"es"},{"@type":"WebPage","@id":"https:\/\/experienciadevida.com.ar\/portalurbano\/de-la-fio-a-europa-con-la-experiencia-brasilena-como-objetivo-clave\/","url":"https:\/\/experienciadevida.com.ar\/portalurbano\/de-la-fio-a-europa-con-la-experiencia-brasilena-como-objetivo-clave\/","name":"De la FIO a Europa con la experiencia Brasile\u00f1a como objetivo","isPartOf":{"@id":"https:\/\/experienciadevida.com.ar\/portalurbano\/#website"},"datePublished":"2022-08-10T19:31:29+00:00","dateModified":"2022-08-10T19:34:36+00:00","description":"De la FIO a Europa, con la experiencia brasile\u00f1a como objetivo clave, el Ingeniero Andr\u00e9s Petit inici\u00f3 su carrera acad\u00e9mica","breadcrumb":{"@id":"https:\/\/experienciadevida.com.ar\/portalurbano\/de-la-fio-a-europa-con-la-experiencia-brasilena-como-objetivo-clave\/#breadcrumb"},"inLanguage":"es","potentialAction":[{"@type":"ReadAction","target":["https:\/\/experienciadevida.com.ar\/portalurbano\/de-la-fio-a-europa-con-la-experiencia-brasilena-como-objetivo-clave\/"]}]},{"@type":"BreadcrumbList","@id":"https:\/\/experienciadevida.com.ar\/portalurbano\/de-la-fio-a-europa-con-la-experiencia-brasilena-como-objetivo-clave\/#breadcrumb","itemListElement":[{"@type":"ListItem","position":1,"name":"Portada","item":"https:\/\/experienciadevida.com.ar\/portalurbano\/"},{"@type":"ListItem","position":2,"name":"De la FIO a Europa, con la experiencia brasile\u00f1a como objetivo clave"}]},{"@type":"WebSite","@id":"https:\/\/experienciadevida.com.ar\/portalurbano\/#website","url":"https:\/\/experienciadevida.com.ar\/portalurbano\/","name":"","description":"","publisher":{"@id":"https:\/\/experienciadevida.com.ar\/portalurbano\/#organization"},"potentialAction":[{"@type":"SearchAction","target":{"@type":"EntryPoint","urlTemplate":"https:\/\/experienciadevida.com.ar\/portalurbano\/?s={search_term_string}"},"query-input":"required name=search_term_string"}],"inLanguage":"es"},{"@type":"Organization","@id":"https:\/\/experienciadevida.com.ar\/portalurbano\/#organization","name":"Portal Urbano","url":"https:\/\/experienciadevida.com.ar\/portalurbano\/","logo":{"@type":"ImageObject","inLanguage":"es","@id":"https:\/\/experienciadevida.com.ar\/portalurbano\/#\/schema\/logo\/image\/","url":"https:\/\/experienciadevida.com.ar\/portalurbano\/wp-content\/uploads\/2019\/09\/Logo-Original.png","contentUrl":"https:\/\/experienciadevida.com.ar\/portalurbano\/wp-content\/uploads\/2019\/09\/Logo-Original.png","width":2236,"height":1216,"caption":"Portal Urbano"},"image":{"@id":"https:\/\/experienciadevida.com.ar\/portalurbano\/#\/schema\/logo\/image\/"},"sameAs":["https:\/\/www.facebook.com\/Portal-Urbano-171542830093757\/","https:\/\/twitter.com\/portalurbanook","https:\/\/www.instagram.com\/_portalurbano\/","https:\/\/www.youtube.com\/channel\/UCXhagIfszH8KxFiOok79zbA?view_as=subscriber"]},{"@type":"Person","@id":"https:\/\/experienciadevida.com.ar\/portalurbano\/#\/schema\/person\/02dd326b1c4b056e9cc972486934a3a7","name":"admpu17wp","image":{"@type":"ImageObject","inLanguage":"es","@id":"https:\/\/experienciadevida.com.ar\/portalurbano\/#\/schema\/person\/image\/","url":"https:\/\/secure.gravatar.com\/avatar\/830d4c57adaae6630765e449a6908047?s=96&d=mm&r=g","contentUrl":"https:\/\/secure.gravatar.com\/avatar\/830d4c57adaae6630765e449a6908047?s=96&d=mm&r=g","caption":"admpu17wp"}}]}},"featured_image_urls":{"full":["https:\/\/experienciadevida.com.ar\/portalurbano\/wp-content\/uploads\/2022\/08\/De-la-FIO-a.jpg",1589,892,false],"thumbnail":["https:\/\/experienciadevida.com.ar\/portalurbano\/wp-content\/uploads\/2022\/08\/De-la-FIO-a-150x150.jpg",150,150,true],"medium":["https:\/\/experienciadevida.com.ar\/portalurbano\/wp-content\/uploads\/2022\/08\/De-la-FIO-a-300x168.jpg",300,168,true],"medium_large":["https:\/\/experienciadevida.com.ar\/portalurbano\/wp-content\/uploads\/2022\/08\/De-la-FIO-a-768x431.jpg",640,359,true],"large":["https:\/\/experienciadevida.com.ar\/portalurbano\/wp-content\/uploads\/2022\/08\/De-la-FIO-a-1024x575.jpg",640,359,true],"ug_big":["https:\/\/experienciadevida.com.ar\/portalurbano\/wp-content\/uploads\/2022\/08\/De-la-FIO-a-768x431.jpg",768,431,true],"1536x1536":["https:\/\/experienciadevida.com.ar\/portalurbano\/wp-content\/uploads\/2022\/08\/De-la-FIO-a-1536x862.jpg",1536,862,true],"2048x2048":["https:\/\/experienciadevida.com.ar\/portalurbano\/wp-content\/uploads\/2022\/08\/De-la-FIO-a.jpg",1589,892,false],"newsever-slider-full":["https:\/\/experienciadevida.com.ar\/portalurbano\/wp-content\/uploads\/2022\/08\/De-la-FIO-a.jpg",1280,719,false],"newsever-featured":["https:\/\/experienciadevida.com.ar\/portalurbano\/wp-content\/uploads\/2022\/08\/De-la-FIO-a.jpg",1024,575,false],"newsever-medium":["https:\/\/experienciadevida.com.ar\/portalurbano\/wp-content\/uploads\/2022\/08\/De-la-FIO-a.jpg",720,404,false],"web-stories-poster-portrait":["https:\/\/experienciadevida.com.ar\/portalurbano\/wp-content\/uploads\/2022\/08\/De-la-FIO-a-640x853.jpg",640,853,true],"web-stories-publisher-logo":["https:\/\/experienciadevida.com.ar\/portalurbano\/wp-content\/uploads\/2022\/08\/De-la-FIO-a-96x96.jpg",96,96,true],"web-stories-thumbnail":["https:\/\/experienciadevida.com.ar\/portalurbano\/wp-content\/uploads\/2022\/08\/De-la-FIO-a-150x84.jpg",150,84,true]},"author_info":{"display_name":"admpu17wp","author_link":"https:\/\/experienciadevida.com.ar\/portalurbano\/author\/admpu17wp\/"},"category_info":"<a href=\"https:\/\/experienciadevida.com.ar\/portalurbano\/category\/ciudad\/educacion\/\" rel=\"category tag\">Educaci\u00f3n<\/a>","tag_info":"Educaci\u00f3n","comment_count":"0","amp_enabled":true,"_links":{"self":[{"href":"https:\/\/experienciadevida.com.ar\/portalurbano\/wp-json\/wp\/v2\/posts\/172993"}],"collection":[{"href":"https:\/\/experienciadevida.com.ar\/portalurbano\/wp-json\/wp\/v2\/posts"}],"about":[{"href":"https:\/\/experienciadevida.com.ar\/portalurbano\/wp-json\/wp\/v2\/types\/post"}],"author":[{"embeddable":true,"href":"https:\/\/experienciadevida.com.ar\/portalurbano\/wp-json\/wp\/v2\/users\/1"}],"replies":[{"embeddable":true,"href":"https:\/\/experienciadevida.com.ar\/portalurbano\/wp-json\/wp\/v2\/comments?post=172993"}],"version-history":[{"count":1,"href":"https:\/\/experienciadevida.com.ar\/portalurbano\/wp-json\/wp\/v2\/posts\/172993\/revisions"}],"predecessor-version":[{"id":172995,"href":"https:\/\/experienciadevida.com.ar\/portalurbano\/wp-json\/wp\/v2\/posts\/172993\/revisions\/172995"}],"wp:featuredmedia":[{"embeddable":true,"href":"https:\/\/experienciadevida.com.ar\/portalurbano\/wp-json\/wp\/v2\/media\/172994"}],"wp:attachment":[{"href":"https:\/\/experienciadevida.com.ar\/portalurbano\/wp-json\/wp\/v2\/media?parent=172993"}],"wp:term":[{"taxonomy":"category","embeddable":true,"href":"https:\/\/experienciadevida.com.ar\/portalurbano\/wp-json\/wp\/v2\/categories?post=172993"},{"taxonomy":"post_tag","embeddable":true,"href":"https:\/\/experienciadevida.com.ar\/portalurbano\/wp-json\/wp\/v2\/tags?post=172993"}],"curies":[{"name":"wp","href":"https:\/\/api.w.org\/{rel}","templated":true}]}}