{"id":172990,"date":"2022-08-10T16:26:06","date_gmt":"2022-08-10T19:26:06","guid":{"rendered":"https:\/\/experienciadevida.com.ar\/portalurbano\/?p=172990"},"modified":"2022-08-10T16:26:42","modified_gmt":"2022-08-10T19:26:42","slug":"se-dictara-el-curso-infancias-derechos-y-esi-en-la-escuela-en-facso","status":"publish","type":"post","link":"https:\/\/experienciadevida.com.ar\/portalurbano\/se-dictara-el-curso-infancias-derechos-y-esi-en-la-escuela-en-facso\/","title":{"rendered":"Se dictar\u00e1 el curso Infancias, Derechos y ESI en la Escuela en FACSO"},"content":{"rendered":"<p>Se dictar\u00e1 el curso Infancias, Derechos y ESI en la Escuela en FACSO, el observatorio de la Ni\u00f1ez y Adolescencia de la <a href=\"https:\/\/www.facebook.com\/facultadcienciassociales.unicen\">Facultad de Ciencias Sociales<\/a> ofrecer\u00e1 el curso Infancias, Derechos y ESI en la Escuela. El mismo fue aprobado por resoluci\u00f3n del Ministerio de Educaci\u00f3n de la Provincia de Buenos Aires (Dictamen N\u00b0 10645) y otorgar\u00e1 puntaje docente.<\/p>\n<p>La propuesta est\u00e1 destinada a docentes en ejercicio del nivel inicial y primario, graduados y graduadas del Profesorado en Educaci\u00f3n Inicial y Primario y p\u00fablico general. Se llevar\u00e1 a cabo mediante modalidad virtual y contar\u00e1 con encuentros sincr\u00f3nicos y actividades asincr\u00f3nicas. El mismo otorgar\u00e1 puntaje docente (0.13 puntos).<\/p>\n<p>El curso que cuenta con cupos limitados ser\u00e1 dictado por las docentes Laura Hoffmann y Laura Casamayou e iniciar\u00e1 el 5 de septiembre desde las 18:30 mediante plataforma de videollamada y a trav\u00e9s del aula virtual de la Facultad de Ciencias Sociales. El mismo contar\u00e1 con una carga horaria total de 65 horas reloj. Ver programa y cronograma de la propuesta.<\/p>\n<p>En el mismo se abordar\u00e1n los principios de la Educaci\u00f3n Sexual Integral (ESI) como un derecho consagrado en la legislaci\u00f3n vigente que garantiza y promueve, adem\u00e1s, otros derechos de la infancias. En el contexto de nuestra sociedad adultoc\u00e9ntrica, los ni\u00f1os y ni\u00f1as tienen escasas posibilidades de influenciar su propia experiencia, por ello los adultos y adultas asumimos un rol clave en tanto referentes. En el \u00e1mbito de la ESI, promover el reconocimiento de sus derechos, significa ofrecer a los ni\u00f1os y ni\u00f1as la oportunidad para desarrollar subjetividades en el marco de una educaci\u00f3n m\u00e1s justa, libre e inclusiva.<\/p>\n<p>La reflexi\u00f3n cr\u00edtica sobre las pr\u00e1cticas pedag\u00f3gicas gu\u00eda los contenidos y la propuesta did\u00e1ctica del recorrido, en pos de producir experiencias significativas con perspectiva de ESI en el entorno escolar.<\/p>\n<p>Para inscribirse deber\u00e1n completar el formulario disponible aqu\u00ed. Para m\u00e1s informaci\u00f3n acerca de la propuesta y las condiciones de inscripci\u00f3n, contactarse al correo cursos@virtual.soc.unicen.edu.ar<\/p>\n","protected":false},"excerpt":{"rendered":"<p>Se dictar\u00e1 el curso Infancias, Derechos y ESI en la Escuela en FACSO, el observatorio&#8230;<\/p>\n","protected":false},"author":1,"featured_media":172991,"comment_status":"closed","ping_status":"closed","sticky":false,"template":"","format":"standard","meta":{"content-type":""},"categories":[31],"tags":[],"nelio_content":{"isAutoShareEnabled":false,"autoShareEndMode":"default","automationSources":{"useContentSentences":true,"useSocialTemplates":true,"useCustomSentences":false,"customSentences":[]},"followers":[1],"suggestedReferences":[],"includedReferences":[],"efiUrl":"","efiAlt":"","highlights":[]},"yoast_head":"<!-- This site is optimized with the Yoast SEO plugin v20.7 - https:\/\/yoast.com\/wordpress\/plugins\/seo\/ -->\n<title>Se dictar\u00e1 el curso infancias, derechos y ESI en la escuela<\/title>\n<meta name=\"description\" content=\"Se dictar\u00e1 el curso Infancias, Derechos y ESI en la Escuela en FACSO, el observatorio de la Ni\u00f1ez y Adolescencia de la Facultad\" \/>\n<meta name=\"robots\" content=\"index, follow, max-snippet:-1, max-image-preview:large, max-video-preview:-1\" \/>\n<link rel=\"canonical\" href=\"https:\/\/experienciadevida.com.ar\/portalurbano\/se-dictara-el-curso-infancias-derechos-y-esi-en-la-escuela-en-facso\/\" \/>\n<meta property=\"og:locale\" content=\"es_ES\" \/>\n<meta property=\"og:type\" content=\"article\" \/>\n<meta property=\"og:title\" content=\"Se dictar\u00e1 el curso infancias, derechos y ESI en la escuela\" \/>\n<meta property=\"og:description\" content=\"Se dictar\u00e1 el curso Infancias, Derechos y ESI en la Escuela en FACSO, el observatorio de la Ni\u00f1ez y Adolescencia de la Facultad\" \/>\n<meta property=\"og:url\" content=\"https:\/\/experienciadevida.com.ar\/portalurbano\/se-dictara-el-curso-infancias-derechos-y-esi-en-la-escuela-en-facso\/\" \/>\n<meta property=\"article:publisher\" content=\"https:\/\/www.facebook.com\/Portal-Urbano-171542830093757\/\" \/>\n<meta property=\"article:published_time\" content=\"2022-08-10T19:26:06+00:00\" \/>\n<meta property=\"article:modified_time\" content=\"2022-08-10T19:26:42+00:00\" \/>\n<meta property=\"og:image\" content=\"https:\/\/experienciadevida.com.ar\/portalurbano\/wp-content\/uploads\/2022\/08\/Se-dictara-el-curso.png\" \/>\n\t<meta property=\"og:image:width\" content=\"1028\" \/>\n\t<meta property=\"og:image:height\" content=\"1028\" \/>\n\t<meta property=\"og:image:type\" content=\"image\/png\" \/>\n<meta name=\"author\" content=\"admpu17wp\" \/>\n<meta name=\"twitter:card\" content=\"summary_large_image\" \/>\n<meta name=\"twitter:creator\" content=\"@portalurbanook\" \/>\n<meta name=\"twitter:site\" content=\"@portalurbanook\" \/>\n<meta name=\"twitter:label1\" content=\"Escrito por\" \/>\n\t<meta name=\"twitter:data1\" content=\"admpu17wp\" \/>\n\t<meta name=\"twitter:label2\" content=\"Tiempo de lectura\" \/>\n\t<meta name=\"twitter:data2\" content=\"2 minutos\" \/>\n<script type=\"application\/ld+json\" class=\"yoast-schema-graph\">{\"@context\":\"https:\/\/schema.org\",\"@graph\":[{\"@type\":\"Article\",\"@id\":\"https:\/\/experienciadevida.com.ar\/portalurbano\/se-dictara-el-curso-infancias-derechos-y-esi-en-la-escuela-en-facso\/#article\",\"isPartOf\":{\"@id\":\"https:\/\/experienciadevida.com.ar\/portalurbano\/se-dictara-el-curso-infancias-derechos-y-esi-en-la-escuela-en-facso\/\"},\"author\":{\"name\":\"admpu17wp\",\"@id\":\"https:\/\/experienciadevida.com.ar\/portalurbano\/#\/schema\/person\/02dd326b1c4b056e9cc972486934a3a7\"},\"headline\":\"Se dictar\u00e1 el curso Infancias, Derechos y ESI en la Escuela en FACSO\",\"datePublished\":\"2022-08-10T19:26:06+00:00\",\"dateModified\":\"2022-08-10T19:26:42+00:00\",\"mainEntityOfPage\":{\"@id\":\"https:\/\/experienciadevida.com.ar\/portalurbano\/se-dictara-el-curso-infancias-derechos-y-esi-en-la-escuela-en-facso\/\"},\"wordCount\":362,\"publisher\":{\"@id\":\"https:\/\/experienciadevida.com.ar\/portalurbano\/#organization\"},\"articleSection\":[\"Educaci\u00f3n\"],\"inLanguage\":\"es\"},{\"@type\":\"WebPage\",\"@id\":\"https:\/\/experienciadevida.com.ar\/portalurbano\/se-dictara-el-curso-infancias-derechos-y-esi-en-la-escuela-en-facso\/\",\"url\":\"https:\/\/experienciadevida.com.ar\/portalurbano\/se-dictara-el-curso-infancias-derechos-y-esi-en-la-escuela-en-facso\/\",\"name\":\"Se dictar\u00e1 el curso infancias, derechos y ESI en la escuela\",\"isPartOf\":{\"@id\":\"https:\/\/experienciadevida.com.ar\/portalurbano\/#website\"},\"datePublished\":\"2022-08-10T19:26:06+00:00\",\"dateModified\":\"2022-08-10T19:26:42+00:00\",\"description\":\"Se dictar\u00e1 el curso Infancias, Derechos y ESI en la Escuela en FACSO, el observatorio de la Ni\u00f1ez y Adolescencia de la Facultad\",\"breadcrumb\":{\"@id\":\"https:\/\/experienciadevida.com.ar\/portalurbano\/se-dictara-el-curso-infancias-derechos-y-esi-en-la-escuela-en-facso\/#breadcrumb\"},\"inLanguage\":\"es\",\"potentialAction\":[{\"@type\":\"ReadAction\",\"target\":[\"https:\/\/experienciadevida.com.ar\/portalurbano\/se-dictara-el-curso-infancias-derechos-y-esi-en-la-escuela-en-facso\/\"]}]},{\"@type\":\"BreadcrumbList\",\"@id\":\"https:\/\/experienciadevida.com.ar\/portalurbano\/se-dictara-el-curso-infancias-derechos-y-esi-en-la-escuela-en-facso\/#breadcrumb\",\"itemListElement\":[{\"@type\":\"ListItem\",\"position\":1,\"name\":\"Portada\",\"item\":\"https:\/\/experienciadevida.com.ar\/portalurbano\/\"},{\"@type\":\"ListItem\",\"position\":2,\"name\":\"Se dictar\u00e1 el curso Infancias, Derechos y ESI en la Escuela en FACSO\"}]},{\"@type\":\"WebSite\",\"@id\":\"https:\/\/experienciadevida.com.ar\/portalurbano\/#website\",\"url\":\"https:\/\/experienciadevida.com.ar\/portalurbano\/\",\"name\":\"\",\"description\":\"\",\"publisher\":{\"@id\":\"https:\/\/experienciadevida.com.ar\/portalurbano\/#organization\"},\"potentialAction\":[{\"@type\":\"SearchAction\",\"target\":{\"@type\":\"EntryPoint\",\"urlTemplate\":\"https:\/\/experienciadevida.com.ar\/portalurbano\/?s={search_term_string}\"},\"query-input\":\"required name=search_term_string\"}],\"inLanguage\":\"es\"},{\"@type\":\"Organization\",\"@id\":\"https:\/\/experienciadevida.com.ar\/portalurbano\/#organization\",\"name\":\"Portal Urbano\",\"url\":\"https:\/\/experienciadevida.com.ar\/portalurbano\/\",\"logo\":{\"@type\":\"ImageObject\",\"inLanguage\":\"es\",\"@id\":\"https:\/\/experienciadevida.com.ar\/portalurbano\/#\/schema\/logo\/image\/\",\"url\":\"https:\/\/experienciadevida.com.ar\/portalurbano\/wp-content\/uploads\/2019\/09\/Logo-Original.png\",\"contentUrl\":\"https:\/\/experienciadevida.com.ar\/portalurbano\/wp-content\/uploads\/2019\/09\/Logo-Original.png\",\"width\":2236,\"height\":1216,\"caption\":\"Portal Urbano\"},\"image\":{\"@id\":\"https:\/\/experienciadevida.com.ar\/portalurbano\/#\/schema\/logo\/image\/\"},\"sameAs\":[\"https:\/\/www.facebook.com\/Portal-Urbano-171542830093757\/\",\"https:\/\/twitter.com\/portalurbanook\",\"https:\/\/www.instagram.com\/_portalurbano\/\",\"https:\/\/www.youtube.com\/channel\/UCXhagIfszH8KxFiOok79zbA?view_as=subscriber\"]},{\"@type\":\"Person\",\"@id\":\"https:\/\/experienciadevida.com.ar\/portalurbano\/#\/schema\/person\/02dd326b1c4b056e9cc972486934a3a7\",\"name\":\"admpu17wp\",\"image\":{\"@type\":\"ImageObject\",\"inLanguage\":\"es\",\"@id\":\"https:\/\/experienciadevida.com.ar\/portalurbano\/#\/schema\/person\/image\/\",\"url\":\"https:\/\/secure.gravatar.com\/avatar\/830d4c57adaae6630765e449a6908047?s=96&d=mm&r=g\",\"contentUrl\":\"https:\/\/secure.gravatar.com\/avatar\/830d4c57adaae6630765e449a6908047?s=96&d=mm&r=g\",\"caption\":\"admpu17wp\"}}]}<\/script>\n<!-- \/ Yoast SEO plugin. -->","yoast_head_json":{"title":"Se dictar\u00e1 el curso infancias, derechos y ESI en la escuela","description":"Se dictar\u00e1 el curso Infancias, Derechos y ESI en la Escuela en FACSO, el observatorio de la Ni\u00f1ez y Adolescencia de la Facultad","robots":{"index":"index","follow":"follow","max-snippet":"max-snippet:-1","max-image-preview":"max-image-preview:large","max-video-preview":"max-video-preview:-1"},"canonical":"https:\/\/experienciadevida.com.ar\/portalurbano\/se-dictara-el-curso-infancias-derechos-y-esi-en-la-escuela-en-facso\/","og_locale":"es_ES","og_type":"article","og_title":"Se dictar\u00e1 el curso infancias, derechos y ESI en la escuela","og_description":"Se dictar\u00e1 el curso Infancias, Derechos y ESI en la Escuela en FACSO, el observatorio de la Ni\u00f1ez y Adolescencia de la Facultad","og_url":"https:\/\/experienciadevida.com.ar\/portalurbano\/se-dictara-el-curso-infancias-derechos-y-esi-en-la-escuela-en-facso\/","article_publisher":"https:\/\/www.facebook.com\/Portal-Urbano-171542830093757\/","article_published_time":"2022-08-10T19:26:06+00:00","article_modified_time":"2022-08-10T19:26:42+00:00","og_image":[{"width":1028,"height":1028,"url":"https:\/\/experienciadevida.com.ar\/portalurbano\/wp-content\/uploads\/2022\/08\/Se-dictara-el-curso.png","type":"image\/png"}],"author":"admpu17wp","twitter_card":"summary_large_image","twitter_creator":"@portalurbanook","twitter_site":"@portalurbanook","twitter_misc":{"Escrito por":"admpu17wp","Tiempo de lectura":"2 minutos"},"schema":{"@context":"https:\/\/schema.org","@graph":[{"@type":"Article","@id":"https:\/\/experienciadevida.com.ar\/portalurbano\/se-dictara-el-curso-infancias-derechos-y-esi-en-la-escuela-en-facso\/#article","isPartOf":{"@id":"https:\/\/experienciadevida.com.ar\/portalurbano\/se-dictara-el-curso-infancias-derechos-y-esi-en-la-escuela-en-facso\/"},"author":{"name":"admpu17wp","@id":"https:\/\/experienciadevida.com.ar\/portalurbano\/#\/schema\/person\/02dd326b1c4b056e9cc972486934a3a7"},"headline":"Se dictar\u00e1 el curso Infancias, Derechos y ESI en la Escuela en FACSO","datePublished":"2022-08-10T19:26:06+00:00","dateModified":"2022-08-10T19:26:42+00:00","mainEntityOfPage":{"@id":"https:\/\/experienciadevida.com.ar\/portalurbano\/se-dictara-el-curso-infancias-derechos-y-esi-en-la-escuela-en-facso\/"},"wordCount":362,"publisher":{"@id":"https:\/\/experienciadevida.com.ar\/portalurbano\/#organization"},"articleSection":["Educaci\u00f3n"],"inLanguage":"es"},{"@type":"WebPage","@id":"https:\/\/experienciadevida.com.ar\/portalurbano\/se-dictara-el-curso-infancias-derechos-y-esi-en-la-escuela-en-facso\/","url":"https:\/\/experienciadevida.com.ar\/portalurbano\/se-dictara-el-curso-infancias-derechos-y-esi-en-la-escuela-en-facso\/","name":"Se dictar\u00e1 el curso infancias, derechos y ESI en la escuela","isPartOf":{"@id":"https:\/\/experienciadevida.com.ar\/portalurbano\/#website"},"datePublished":"2022-08-10T19:26:06+00:00","dateModified":"2022-08-10T19:26:42+00:00","description":"Se dictar\u00e1 el curso Infancias, Derechos y ESI en la Escuela en FACSO, el observatorio de la Ni\u00f1ez y Adolescencia de la Facultad","breadcrumb":{"@id":"https:\/\/experienciadevida.com.ar\/portalurbano\/se-dictara-el-curso-infancias-derechos-y-esi-en-la-escuela-en-facso\/#breadcrumb"},"inLanguage":"es","potentialAction":[{"@type":"ReadAction","target":["https:\/\/experienciadevida.com.ar\/portalurbano\/se-dictara-el-curso-infancias-derechos-y-esi-en-la-escuela-en-facso\/"]}]},{"@type":"BreadcrumbList","@id":"https:\/\/experienciadevida.com.ar\/portalurbano\/se-dictara-el-curso-infancias-derechos-y-esi-en-la-escuela-en-facso\/#breadcrumb","itemListElement":[{"@type":"ListItem","position":1,"name":"Portada","item":"https:\/\/experienciadevida.com.ar\/portalurbano\/"},{"@type":"ListItem","position":2,"name":"Se dictar\u00e1 el curso Infancias, Derechos y ESI en la Escuela en FACSO"}]},{"@type":"WebSite","@id":"https:\/\/experienciadevida.com.ar\/portalurbano\/#website","url":"https:\/\/experienciadevida.com.ar\/portalurbano\/","name":"","description":"","publisher":{"@id":"https:\/\/experienciadevida.com.ar\/portalurbano\/#organization"},"potentialAction":[{"@type":"SearchAction","target":{"@type":"EntryPoint","urlTemplate":"https:\/\/experienciadevida.com.ar\/portalurbano\/?s={search_term_string}"},"query-input":"required name=search_term_string"}],"inLanguage":"es"},{"@type":"Organization","@id":"https:\/\/experienciadevida.com.ar\/portalurbano\/#organization","name":"Portal Urbano","url":"https:\/\/experienciadevida.com.ar\/portalurbano\/","logo":{"@type":"ImageObject","inLanguage":"es","@id":"https:\/\/experienciadevida.com.ar\/portalurbano\/#\/schema\/logo\/image\/","url":"https:\/\/experienciadevida.com.ar\/portalurbano\/wp-content\/uploads\/2019\/09\/Logo-Original.png","contentUrl":"https:\/\/experienciadevida.com.ar\/portalurbano\/wp-content\/uploads\/2019\/09\/Logo-Original.png","width":2236,"height":1216,"caption":"Portal Urbano"},"image":{"@id":"https:\/\/experienciadevida.com.ar\/portalurbano\/#\/schema\/logo\/image\/"},"sameAs":["https:\/\/www.facebook.com\/Portal-Urbano-171542830093757\/","https:\/\/twitter.com\/portalurbanook","https:\/\/www.instagram.com\/_portalurbano\/","https:\/\/www.youtube.com\/channel\/UCXhagIfszH8KxFiOok79zbA?view_as=subscriber"]},{"@type":"Person","@id":"https:\/\/experienciadevida.com.ar\/portalurbano\/#\/schema\/person\/02dd326b1c4b056e9cc972486934a3a7","name":"admpu17wp","image":{"@type":"ImageObject","inLanguage":"es","@id":"https:\/\/experienciadevida.com.ar\/portalurbano\/#\/schema\/person\/image\/","url":"https:\/\/secure.gravatar.com\/avatar\/830d4c57adaae6630765e449a6908047?s=96&d=mm&r=g","contentUrl":"https:\/\/secure.gravatar.com\/avatar\/830d4c57adaae6630765e449a6908047?s=96&d=mm&r=g","caption":"admpu17wp"}}]}},"featured_image_urls":{"full":["https:\/\/experienciadevida.com.ar\/portalurbano\/wp-content\/uploads\/2022\/08\/Se-dictara-el-curso.png",1028,1028,false],"thumbnail":["https:\/\/experienciadevida.com.ar\/portalurbano\/wp-content\/uploads\/2022\/08\/Se-dictara-el-curso-150x150.png",150,150,true],"medium":["https:\/\/experienciadevida.com.ar\/portalurbano\/wp-content\/uploads\/2022\/08\/Se-dictara-el-curso-300x300.png",300,300,true],"medium_large":["https:\/\/experienciadevida.com.ar\/portalurbano\/wp-content\/uploads\/2022\/08\/Se-dictara-el-curso-768x768.png",640,640,true],"large":["https:\/\/experienciadevida.com.ar\/portalurbano\/wp-content\/uploads\/2022\/08\/Se-dictara-el-curso-1024x1024.png",640,640,true],"ug_big":["https:\/\/experienciadevida.com.ar\/portalurbano\/wp-content\/uploads\/2022\/08\/Se-dictara-el-curso-768x768.png",768,768,true],"1536x1536":["https:\/\/experienciadevida.com.ar\/portalurbano\/wp-content\/uploads\/2022\/08\/Se-dictara-el-curso.png",1028,1028,false],"2048x2048":["https:\/\/experienciadevida.com.ar\/portalurbano\/wp-content\/uploads\/2022\/08\/Se-dictara-el-curso.png",1028,1028,false],"newsever-slider-full":["https:\/\/experienciadevida.com.ar\/portalurbano\/wp-content\/uploads\/2022\/08\/Se-dictara-el-curso.png",845,845,false],"newsever-featured":["https:\/\/experienciadevida.com.ar\/portalurbano\/wp-content\/uploads\/2022\/08\/Se-dictara-el-curso.png",1024,1024,false],"newsever-medium":["https:\/\/experienciadevida.com.ar\/portalurbano\/wp-content\/uploads\/2022\/08\/Se-dictara-el-curso.png",475,475,false],"web-stories-poster-portrait":["https:\/\/experienciadevida.com.ar\/portalurbano\/wp-content\/uploads\/2022\/08\/Se-dictara-el-curso-640x853.png",640,853,true],"web-stories-publisher-logo":["https:\/\/experienciadevida.com.ar\/portalurbano\/wp-content\/uploads\/2022\/08\/Se-dictara-el-curso-96x96.png",96,96,true],"web-stories-thumbnail":["https:\/\/experienciadevida.com.ar\/portalurbano\/wp-content\/uploads\/2022\/08\/Se-dictara-el-curso-150x150.png",150,150,true]},"author_info":{"display_name":"admpu17wp","author_link":"https:\/\/experienciadevida.com.ar\/portalurbano\/author\/admpu17wp\/"},"category_info":"<a href=\"https:\/\/experienciadevida.com.ar\/portalurbano\/category\/ciudad\/educacion\/\" rel=\"category tag\">Educaci\u00f3n<\/a>","tag_info":"Educaci\u00f3n","comment_count":"0","amp_enabled":true,"_links":{"self":[{"href":"https:\/\/experienciadevida.com.ar\/portalurbano\/wp-json\/wp\/v2\/posts\/172990"}],"collection":[{"href":"https:\/\/experienciadevida.com.ar\/portalurbano\/wp-json\/wp\/v2\/posts"}],"about":[{"href":"https:\/\/experienciadevida.com.ar\/portalurbano\/wp-json\/wp\/v2\/types\/post"}],"author":[{"embeddable":true,"href":"https:\/\/experienciadevida.com.ar\/portalurbano\/wp-json\/wp\/v2\/users\/1"}],"replies":[{"embeddable":true,"href":"https:\/\/experienciadevida.com.ar\/portalurbano\/wp-json\/wp\/v2\/comments?post=172990"}],"version-history":[{"count":1,"href":"https:\/\/experienciadevida.com.ar\/portalurbano\/wp-json\/wp\/v2\/posts\/172990\/revisions"}],"predecessor-version":[{"id":172992,"href":"https:\/\/experienciadevida.com.ar\/portalurbano\/wp-json\/wp\/v2\/posts\/172990\/revisions\/172992"}],"wp:featuredmedia":[{"embeddable":true,"href":"https:\/\/experienciadevida.com.ar\/portalurbano\/wp-json\/wp\/v2\/media\/172991"}],"wp:attachment":[{"href":"https:\/\/experienciadevida.com.ar\/portalurbano\/wp-json\/wp\/v2\/media?parent=172990"}],"wp:term":[{"taxonomy":"category","embeddable":true,"href":"https:\/\/experienciadevida.com.ar\/portalurbano\/wp-json\/wp\/v2\/categories?post=172990"},{"taxonomy":"post_tag","embeddable":true,"href":"https:\/\/experienciadevida.com.ar\/portalurbano\/wp-json\/wp\/v2\/tags?post=172990"}],"curies":[{"name":"wp","href":"https:\/\/api.w.org\/{rel}","templated":true}]}}