{"id":172982,"date":"2022-08-10T16:18:07","date_gmt":"2022-08-10T19:18:07","guid":{"rendered":"https:\/\/experienciadevida.com.ar\/portalurbano\/?p=172982"},"modified":"2022-08-10T16:18:36","modified_gmt":"2022-08-10T19:18:36","slug":"la-facultad-de-derecho-de-la-unicen-y-la-unlamp-avanzan-en-acuerdos-sobre-el-dictado-de-carreras-de-posgrado","status":"publish","type":"post","link":"https:\/\/experienciadevida.com.ar\/portalurbano\/la-facultad-de-derecho-de-la-unicen-y-la-unlamp-avanzan-en-acuerdos-sobre-el-dictado-de-carreras-de-posgrado\/","title":{"rendered":"La Facultad de Derecho de la UNICEN y la UNLamp avanzan en acuerdos sobre el dictado de carreras de posgrado"},"content":{"rendered":"<p>La Facultad de Derecho de la UNICEN y la UNLamp avanzan en acuerdos sobre el dictado de carreras de posgrado, el d\u00eda viernes 5 de agosto, el Dr. Francisco Marull, el Decano de la Facultad de Ciencias Econ\u00f3micas y Jur\u00eddicas de la Universidad Nacional de La Pampa, recibi\u00f3 a la Prof. Laura Mar\u00eda Giosa, Decana de la Facultad de Derecho de la UNICEN para desarrollar una reuni\u00f3n de trabajo conjunto.<\/p>\n<p>Durante el encuentro conversaron sobre acuerdos comunes para construir propuestas de carreras de posgrado de forma interinstitucional. Uno de los objetivos es fortalecer el intercambio y vinculaci\u00f3n docente, adem\u00e1s de<br \/>\npromover m\u00e1s y mejores espacios de formaci\u00f3n para los abogados.<\/p>\n<p>Por otra parte, en la reuni\u00f3n tambi\u00e9n intercambiaron miradas sobre los avances y desaf\u00edos de la implementaci\u00f3n de los nuevos planes de estudios de ambas unidades acad\u00e9micas, proyectando mejorar los procesos de ense\u00f1anza y<br \/>\naprendizaje del Derecho y la formaci\u00f3n de abogados.<\/p>\n<p>En este \u00faltimo aspecto, acordaron en la necesidad de continuar con la agenda sobre innovaci\u00f3n en los m\u00e9todos de la ense\u00f1anza del Derecho, de forma que la misma de respuestas a los desaf\u00edos que presentan las sociedades actuales, donde surgen como prioritarias para la ense\u00f1anza institucionalizar la adopci\u00f3n del enfoque de derechos humanos y profundizar los espacios de pr\u00e1ctica profesional.<\/p>\n","protected":false},"excerpt":{"rendered":"<p>La Facultad de Derecho de la UNICEN y la UNLamp avanzan en acuerdos sobre el&#8230;<\/p>\n","protected":false},"author":1,"featured_media":172983,"comment_status":"closed","ping_status":"closed","sticky":false,"template":"","format":"standard","meta":{"content-type":""},"categories":[31],"tags":[],"nelio_content":{"isAutoShareEnabled":false,"autoShareEndMode":"default","automationSources":{"useContentSentences":true,"useSocialTemplates":true,"useCustomSentences":false,"customSentences":[]},"followers":[1],"suggestedReferences":[],"includedReferences":[],"efiUrl":"","efiAlt":"","highlights":[]},"yoast_head":"<!-- This site is optimized with the Yoast SEO plugin v20.7 - https:\/\/yoast.com\/wordpress\/plugins\/seo\/ -->\n<title>La facultad de derecho y UNLamp avanzan en acuerdos<\/title>\n<meta name=\"description\" content=\"La Facultad de Derecho de la UNICEN y la UNLamp avanzan en acuerdos sobre el dictado de carreras de posgrado, el d\u00eda viernes 5 de agosto\" \/>\n<meta name=\"robots\" content=\"index, follow, max-snippet:-1, max-image-preview:large, max-video-preview:-1\" \/>\n<link rel=\"canonical\" href=\"https:\/\/experienciadevida.com.ar\/portalurbano\/la-facultad-de-derecho-de-la-unicen-y-la-unlamp-avanzan-en-acuerdos-sobre-el-dictado-de-carreras-de-posgrado\/\" \/>\n<meta property=\"og:locale\" content=\"es_ES\" \/>\n<meta property=\"og:type\" content=\"article\" \/>\n<meta property=\"og:title\" content=\"La facultad de derecho y UNLamp avanzan en acuerdos\" \/>\n<meta property=\"og:description\" content=\"La Facultad de Derecho de la UNICEN y la UNLamp avanzan en acuerdos sobre el dictado de carreras de posgrado, el d\u00eda viernes 5 de agosto\" \/>\n<meta property=\"og:url\" content=\"https:\/\/experienciadevida.com.ar\/portalurbano\/la-facultad-de-derecho-de-la-unicen-y-la-unlamp-avanzan-en-acuerdos-sobre-el-dictado-de-carreras-de-posgrado\/\" \/>\n<meta property=\"article:publisher\" content=\"https:\/\/www.facebook.com\/Portal-Urbano-171542830093757\/\" \/>\n<meta property=\"article:published_time\" content=\"2022-08-10T19:18:07+00:00\" \/>\n<meta property=\"article:modified_time\" content=\"2022-08-10T19:18:36+00:00\" \/>\n<meta property=\"og:image\" content=\"https:\/\/experienciadevida.com.ar\/portalurbano\/wp-content\/uploads\/2022\/08\/La-Facultad-de-Derecho.jpg\" \/>\n\t<meta property=\"og:image:width\" content=\"660\" \/>\n\t<meta property=\"og:image:height\" content=\"622\" \/>\n\t<meta property=\"og:image:type\" content=\"image\/jpeg\" \/>\n<meta name=\"author\" content=\"admpu17wp\" \/>\n<meta name=\"twitter:card\" content=\"summary_large_image\" \/>\n<meta name=\"twitter:creator\" content=\"@portalurbanook\" \/>\n<meta name=\"twitter:site\" content=\"@portalurbanook\" \/>\n<meta name=\"twitter:label1\" content=\"Escrito por\" \/>\n\t<meta name=\"twitter:data1\" content=\"admpu17wp\" \/>\n\t<meta name=\"twitter:label2\" content=\"Tiempo de lectura\" \/>\n\t<meta name=\"twitter:data2\" content=\"1 minuto\" \/>\n<script type=\"application\/ld+json\" class=\"yoast-schema-graph\">{\"@context\":\"https:\/\/schema.org\",\"@graph\":[{\"@type\":\"Article\",\"@id\":\"https:\/\/experienciadevida.com.ar\/portalurbano\/la-facultad-de-derecho-de-la-unicen-y-la-unlamp-avanzan-en-acuerdos-sobre-el-dictado-de-carreras-de-posgrado\/#article\",\"isPartOf\":{\"@id\":\"https:\/\/experienciadevida.com.ar\/portalurbano\/la-facultad-de-derecho-de-la-unicen-y-la-unlamp-avanzan-en-acuerdos-sobre-el-dictado-de-carreras-de-posgrado\/\"},\"author\":{\"name\":\"admpu17wp\",\"@id\":\"https:\/\/experienciadevida.com.ar\/portalurbano\/#\/schema\/person\/02dd326b1c4b056e9cc972486934a3a7\"},\"headline\":\"La Facultad de Derecho de la UNICEN y la UNLamp avanzan en acuerdos sobre el dictado de carreras de posgrado\",\"datePublished\":\"2022-08-10T19:18:07+00:00\",\"dateModified\":\"2022-08-10T19:18:36+00:00\",\"mainEntityOfPage\":{\"@id\":\"https:\/\/experienciadevida.com.ar\/portalurbano\/la-facultad-de-derecho-de-la-unicen-y-la-unlamp-avanzan-en-acuerdos-sobre-el-dictado-de-carreras-de-posgrado\/\"},\"wordCount\":254,\"publisher\":{\"@id\":\"https:\/\/experienciadevida.com.ar\/portalurbano\/#organization\"},\"articleSection\":[\"Educaci\u00f3n\"],\"inLanguage\":\"es\"},{\"@type\":\"WebPage\",\"@id\":\"https:\/\/experienciadevida.com.ar\/portalurbano\/la-facultad-de-derecho-de-la-unicen-y-la-unlamp-avanzan-en-acuerdos-sobre-el-dictado-de-carreras-de-posgrado\/\",\"url\":\"https:\/\/experienciadevida.com.ar\/portalurbano\/la-facultad-de-derecho-de-la-unicen-y-la-unlamp-avanzan-en-acuerdos-sobre-el-dictado-de-carreras-de-posgrado\/\",\"name\":\"La facultad de derecho y UNLamp avanzan en acuerdos\",\"isPartOf\":{\"@id\":\"https:\/\/experienciadevida.com.ar\/portalurbano\/#website\"},\"datePublished\":\"2022-08-10T19:18:07+00:00\",\"dateModified\":\"2022-08-10T19:18:36+00:00\",\"description\":\"La Facultad de Derecho de la UNICEN y la UNLamp avanzan en acuerdos sobre el dictado de carreras de posgrado, el d\u00eda viernes 5 de agosto\",\"breadcrumb\":{\"@id\":\"https:\/\/experienciadevida.com.ar\/portalurbano\/la-facultad-de-derecho-de-la-unicen-y-la-unlamp-avanzan-en-acuerdos-sobre-el-dictado-de-carreras-de-posgrado\/#breadcrumb\"},\"inLanguage\":\"es\",\"potentialAction\":[{\"@type\":\"ReadAction\",\"target\":[\"https:\/\/experienciadevida.com.ar\/portalurbano\/la-facultad-de-derecho-de-la-unicen-y-la-unlamp-avanzan-en-acuerdos-sobre-el-dictado-de-carreras-de-posgrado\/\"]}]},{\"@type\":\"BreadcrumbList\",\"@id\":\"https:\/\/experienciadevida.com.ar\/portalurbano\/la-facultad-de-derecho-de-la-unicen-y-la-unlamp-avanzan-en-acuerdos-sobre-el-dictado-de-carreras-de-posgrado\/#breadcrumb\",\"itemListElement\":[{\"@type\":\"ListItem\",\"position\":1,\"name\":\"Portada\",\"item\":\"https:\/\/experienciadevida.com.ar\/portalurbano\/\"},{\"@type\":\"ListItem\",\"position\":2,\"name\":\"La Facultad de Derecho de la UNICEN y la UNLamp avanzan en acuerdos sobre el dictado de carreras de posgrado\"}]},{\"@type\":\"WebSite\",\"@id\":\"https:\/\/experienciadevida.com.ar\/portalurbano\/#website\",\"url\":\"https:\/\/experienciadevida.com.ar\/portalurbano\/\",\"name\":\"\",\"description\":\"\",\"publisher\":{\"@id\":\"https:\/\/experienciadevida.com.ar\/portalurbano\/#organization\"},\"potentialAction\":[{\"@type\":\"SearchAction\",\"target\":{\"@type\":\"EntryPoint\",\"urlTemplate\":\"https:\/\/experienciadevida.com.ar\/portalurbano\/?s={search_term_string}\"},\"query-input\":\"required name=search_term_string\"}],\"inLanguage\":\"es\"},{\"@type\":\"Organization\",\"@id\":\"https:\/\/experienciadevida.com.ar\/portalurbano\/#organization\",\"name\":\"Portal Urbano\",\"url\":\"https:\/\/experienciadevida.com.ar\/portalurbano\/\",\"logo\":{\"@type\":\"ImageObject\",\"inLanguage\":\"es\",\"@id\":\"https:\/\/experienciadevida.com.ar\/portalurbano\/#\/schema\/logo\/image\/\",\"url\":\"https:\/\/experienciadevida.com.ar\/portalurbano\/wp-content\/uploads\/2019\/09\/Logo-Original.png\",\"contentUrl\":\"https:\/\/experienciadevida.com.ar\/portalurbano\/wp-content\/uploads\/2019\/09\/Logo-Original.png\",\"width\":2236,\"height\":1216,\"caption\":\"Portal Urbano\"},\"image\":{\"@id\":\"https:\/\/experienciadevida.com.ar\/portalurbano\/#\/schema\/logo\/image\/\"},\"sameAs\":[\"https:\/\/www.facebook.com\/Portal-Urbano-171542830093757\/\",\"https:\/\/twitter.com\/portalurbanook\",\"https:\/\/www.instagram.com\/_portalurbano\/\",\"https:\/\/www.youtube.com\/channel\/UCXhagIfszH8KxFiOok79zbA?view_as=subscriber\"]},{\"@type\":\"Person\",\"@id\":\"https:\/\/experienciadevida.com.ar\/portalurbano\/#\/schema\/person\/02dd326b1c4b056e9cc972486934a3a7\",\"name\":\"admpu17wp\",\"image\":{\"@type\":\"ImageObject\",\"inLanguage\":\"es\",\"@id\":\"https:\/\/experienciadevida.com.ar\/portalurbano\/#\/schema\/person\/image\/\",\"url\":\"https:\/\/secure.gravatar.com\/avatar\/830d4c57adaae6630765e449a6908047?s=96&d=mm&r=g\",\"contentUrl\":\"https:\/\/secure.gravatar.com\/avatar\/830d4c57adaae6630765e449a6908047?s=96&d=mm&r=g\",\"caption\":\"admpu17wp\"}}]}<\/script>\n<!-- \/ Yoast SEO plugin. -->","yoast_head_json":{"title":"La facultad de derecho y UNLamp avanzan en acuerdos","description":"La Facultad de Derecho de la UNICEN y la UNLamp avanzan en acuerdos sobre el dictado de carreras de posgrado, el d\u00eda viernes 5 de agosto","robots":{"index":"index","follow":"follow","max-snippet":"max-snippet:-1","max-image-preview":"max-image-preview:large","max-video-preview":"max-video-preview:-1"},"canonical":"https:\/\/experienciadevida.com.ar\/portalurbano\/la-facultad-de-derecho-de-la-unicen-y-la-unlamp-avanzan-en-acuerdos-sobre-el-dictado-de-carreras-de-posgrado\/","og_locale":"es_ES","og_type":"article","og_title":"La facultad de derecho y UNLamp avanzan en acuerdos","og_description":"La Facultad de Derecho de la UNICEN y la UNLamp avanzan en acuerdos sobre el dictado de carreras de posgrado, el d\u00eda viernes 5 de agosto","og_url":"https:\/\/experienciadevida.com.ar\/portalurbano\/la-facultad-de-derecho-de-la-unicen-y-la-unlamp-avanzan-en-acuerdos-sobre-el-dictado-de-carreras-de-posgrado\/","article_publisher":"https:\/\/www.facebook.com\/Portal-Urbano-171542830093757\/","article_published_time":"2022-08-10T19:18:07+00:00","article_modified_time":"2022-08-10T19:18:36+00:00","og_image":[{"width":660,"height":622,"url":"https:\/\/experienciadevida.com.ar\/portalurbano\/wp-content\/uploads\/2022\/08\/La-Facultad-de-Derecho.jpg","type":"image\/jpeg"}],"author":"admpu17wp","twitter_card":"summary_large_image","twitter_creator":"@portalurbanook","twitter_site":"@portalurbanook","twitter_misc":{"Escrito por":"admpu17wp","Tiempo de lectura":"1 minuto"},"schema":{"@context":"https:\/\/schema.org","@graph":[{"@type":"Article","@id":"https:\/\/experienciadevida.com.ar\/portalurbano\/la-facultad-de-derecho-de-la-unicen-y-la-unlamp-avanzan-en-acuerdos-sobre-el-dictado-de-carreras-de-posgrado\/#article","isPartOf":{"@id":"https:\/\/experienciadevida.com.ar\/portalurbano\/la-facultad-de-derecho-de-la-unicen-y-la-unlamp-avanzan-en-acuerdos-sobre-el-dictado-de-carreras-de-posgrado\/"},"author":{"name":"admpu17wp","@id":"https:\/\/experienciadevida.com.ar\/portalurbano\/#\/schema\/person\/02dd326b1c4b056e9cc972486934a3a7"},"headline":"La Facultad de Derecho de la UNICEN y la UNLamp avanzan en acuerdos sobre el dictado de carreras de posgrado","datePublished":"2022-08-10T19:18:07+00:00","dateModified":"2022-08-10T19:18:36+00:00","mainEntityOfPage":{"@id":"https:\/\/experienciadevida.com.ar\/portalurbano\/la-facultad-de-derecho-de-la-unicen-y-la-unlamp-avanzan-en-acuerdos-sobre-el-dictado-de-carreras-de-posgrado\/"},"wordCount":254,"publisher":{"@id":"https:\/\/experienciadevida.com.ar\/portalurbano\/#organization"},"articleSection":["Educaci\u00f3n"],"inLanguage":"es"},{"@type":"WebPage","@id":"https:\/\/experienciadevida.com.ar\/portalurbano\/la-facultad-de-derecho-de-la-unicen-y-la-unlamp-avanzan-en-acuerdos-sobre-el-dictado-de-carreras-de-posgrado\/","url":"https:\/\/experienciadevida.com.ar\/portalurbano\/la-facultad-de-derecho-de-la-unicen-y-la-unlamp-avanzan-en-acuerdos-sobre-el-dictado-de-carreras-de-posgrado\/","name":"La facultad de derecho y UNLamp avanzan en acuerdos","isPartOf":{"@id":"https:\/\/experienciadevida.com.ar\/portalurbano\/#website"},"datePublished":"2022-08-10T19:18:07+00:00","dateModified":"2022-08-10T19:18:36+00:00","description":"La Facultad de Derecho de la UNICEN y la UNLamp avanzan en acuerdos sobre el dictado de carreras de posgrado, el d\u00eda viernes 5 de agosto","breadcrumb":{"@id":"https:\/\/experienciadevida.com.ar\/portalurbano\/la-facultad-de-derecho-de-la-unicen-y-la-unlamp-avanzan-en-acuerdos-sobre-el-dictado-de-carreras-de-posgrado\/#breadcrumb"},"inLanguage":"es","potentialAction":[{"@type":"ReadAction","target":["https:\/\/experienciadevida.com.ar\/portalurbano\/la-facultad-de-derecho-de-la-unicen-y-la-unlamp-avanzan-en-acuerdos-sobre-el-dictado-de-carreras-de-posgrado\/"]}]},{"@type":"BreadcrumbList","@id":"https:\/\/experienciadevida.com.ar\/portalurbano\/la-facultad-de-derecho-de-la-unicen-y-la-unlamp-avanzan-en-acuerdos-sobre-el-dictado-de-carreras-de-posgrado\/#breadcrumb","itemListElement":[{"@type":"ListItem","position":1,"name":"Portada","item":"https:\/\/experienciadevida.com.ar\/portalurbano\/"},{"@type":"ListItem","position":2,"name":"La Facultad de Derecho de la UNICEN y la UNLamp avanzan en acuerdos sobre el dictado de carreras de posgrado"}]},{"@type":"WebSite","@id":"https:\/\/experienciadevida.com.ar\/portalurbano\/#website","url":"https:\/\/experienciadevida.com.ar\/portalurbano\/","name":"","description":"","publisher":{"@id":"https:\/\/experienciadevida.com.ar\/portalurbano\/#organization"},"potentialAction":[{"@type":"SearchAction","target":{"@type":"EntryPoint","urlTemplate":"https:\/\/experienciadevida.com.ar\/portalurbano\/?s={search_term_string}"},"query-input":"required name=search_term_string"}],"inLanguage":"es"},{"@type":"Organization","@id":"https:\/\/experienciadevida.com.ar\/portalurbano\/#organization","name":"Portal Urbano","url":"https:\/\/experienciadevida.com.ar\/portalurbano\/","logo":{"@type":"ImageObject","inLanguage":"es","@id":"https:\/\/experienciadevida.com.ar\/portalurbano\/#\/schema\/logo\/image\/","url":"https:\/\/experienciadevida.com.ar\/portalurbano\/wp-content\/uploads\/2019\/09\/Logo-Original.png","contentUrl":"https:\/\/experienciadevida.com.ar\/portalurbano\/wp-content\/uploads\/2019\/09\/Logo-Original.png","width":2236,"height":1216,"caption":"Portal Urbano"},"image":{"@id":"https:\/\/experienciadevida.com.ar\/portalurbano\/#\/schema\/logo\/image\/"},"sameAs":["https:\/\/www.facebook.com\/Portal-Urbano-171542830093757\/","https:\/\/twitter.com\/portalurbanook","https:\/\/www.instagram.com\/_portalurbano\/","https:\/\/www.youtube.com\/channel\/UCXhagIfszH8KxFiOok79zbA?view_as=subscriber"]},{"@type":"Person","@id":"https:\/\/experienciadevida.com.ar\/portalurbano\/#\/schema\/person\/02dd326b1c4b056e9cc972486934a3a7","name":"admpu17wp","image":{"@type":"ImageObject","inLanguage":"es","@id":"https:\/\/experienciadevida.com.ar\/portalurbano\/#\/schema\/person\/image\/","url":"https:\/\/secure.gravatar.com\/avatar\/830d4c57adaae6630765e449a6908047?s=96&d=mm&r=g","contentUrl":"https:\/\/secure.gravatar.com\/avatar\/830d4c57adaae6630765e449a6908047?s=96&d=mm&r=g","caption":"admpu17wp"}}]}},"featured_image_urls":{"full":["https:\/\/experienciadevida.com.ar\/portalurbano\/wp-content\/uploads\/2022\/08\/La-Facultad-de-Derecho.jpg",660,622,false],"thumbnail":["https:\/\/experienciadevida.com.ar\/portalurbano\/wp-content\/uploads\/2022\/08\/La-Facultad-de-Derecho-150x150.jpg",150,150,true],"medium":["https:\/\/experienciadevida.com.ar\/portalurbano\/wp-content\/uploads\/2022\/08\/La-Facultad-de-Derecho-300x283.jpg",300,283,true],"medium_large":["https:\/\/experienciadevida.com.ar\/portalurbano\/wp-content\/uploads\/2022\/08\/La-Facultad-de-Derecho.jpg",640,603,false],"large":["https:\/\/experienciadevida.com.ar\/portalurbano\/wp-content\/uploads\/2022\/08\/La-Facultad-de-Derecho.jpg",640,603,false],"ug_big":["https:\/\/experienciadevida.com.ar\/portalurbano\/wp-content\/uploads\/2022\/08\/La-Facultad-de-Derecho.jpg",660,622,false],"1536x1536":["https:\/\/experienciadevida.com.ar\/portalurbano\/wp-content\/uploads\/2022\/08\/La-Facultad-de-Derecho.jpg",660,622,false],"2048x2048":["https:\/\/experienciadevida.com.ar\/portalurbano\/wp-content\/uploads\/2022\/08\/La-Facultad-de-Derecho.jpg",660,622,false],"newsever-slider-full":["https:\/\/experienciadevida.com.ar\/portalurbano\/wp-content\/uploads\/2022\/08\/La-Facultad-de-Derecho.jpg",660,622,false],"newsever-featured":["https:\/\/experienciadevida.com.ar\/portalurbano\/wp-content\/uploads\/2022\/08\/La-Facultad-de-Derecho.jpg",660,622,false],"newsever-medium":["https:\/\/experienciadevida.com.ar\/portalurbano\/wp-content\/uploads\/2022\/08\/La-Facultad-de-Derecho.jpg",504,475,false],"web-stories-poster-portrait":["https:\/\/experienciadevida.com.ar\/portalurbano\/wp-content\/uploads\/2022\/08\/La-Facultad-de-Derecho-640x622.jpg",640,622,true],"web-stories-publisher-logo":["https:\/\/experienciadevida.com.ar\/portalurbano\/wp-content\/uploads\/2022\/08\/La-Facultad-de-Derecho-96x96.jpg",96,96,true],"web-stories-thumbnail":["https:\/\/experienciadevida.com.ar\/portalurbano\/wp-content\/uploads\/2022\/08\/La-Facultad-de-Derecho-150x141.jpg",150,141,true]},"author_info":{"display_name":"admpu17wp","author_link":"https:\/\/experienciadevida.com.ar\/portalurbano\/author\/admpu17wp\/"},"category_info":"<a href=\"https:\/\/experienciadevida.com.ar\/portalurbano\/category\/ciudad\/educacion\/\" rel=\"category tag\">Educaci\u00f3n<\/a>","tag_info":"Educaci\u00f3n","comment_count":"0","amp_enabled":true,"_links":{"self":[{"href":"https:\/\/experienciadevida.com.ar\/portalurbano\/wp-json\/wp\/v2\/posts\/172982"}],"collection":[{"href":"https:\/\/experienciadevida.com.ar\/portalurbano\/wp-json\/wp\/v2\/posts"}],"about":[{"href":"https:\/\/experienciadevida.com.ar\/portalurbano\/wp-json\/wp\/v2\/types\/post"}],"author":[{"embeddable":true,"href":"https:\/\/experienciadevida.com.ar\/portalurbano\/wp-json\/wp\/v2\/users\/1"}],"replies":[{"embeddable":true,"href":"https:\/\/experienciadevida.com.ar\/portalurbano\/wp-json\/wp\/v2\/comments?post=172982"}],"version-history":[{"count":2,"href":"https:\/\/experienciadevida.com.ar\/portalurbano\/wp-json\/wp\/v2\/posts\/172982\/revisions"}],"predecessor-version":[{"id":172987,"href":"https:\/\/experienciadevida.com.ar\/portalurbano\/wp-json\/wp\/v2\/posts\/172982\/revisions\/172987"}],"wp:featuredmedia":[{"embeddable":true,"href":"https:\/\/experienciadevida.com.ar\/portalurbano\/wp-json\/wp\/v2\/media\/172983"}],"wp:attachment":[{"href":"https:\/\/experienciadevida.com.ar\/portalurbano\/wp-json\/wp\/v2\/media?parent=172982"}],"wp:term":[{"taxonomy":"category","embeddable":true,"href":"https:\/\/experienciadevida.com.ar\/portalurbano\/wp-json\/wp\/v2\/categories?post=172982"},{"taxonomy":"post_tag","embeddable":true,"href":"https:\/\/experienciadevida.com.ar\/portalurbano\/wp-json\/wp\/v2\/tags?post=172982"}],"curies":[{"name":"wp","href":"https:\/\/api.w.org\/{rel}","templated":true}]}}