{"id":172978,"date":"2022-08-10T16:08:37","date_gmt":"2022-08-10T19:08:37","guid":{"rendered":"https:\/\/experienciadevida.com.ar\/portalurbano\/?p=172978"},"modified":"2022-08-10T16:11:38","modified_gmt":"2022-08-10T19:11:38","slug":"paradas-seguras-reparacion-de-puentes-y-senaletica-los-proyectos-del-foro-olavarria-fr-para-la-sesion-del-hcd","status":"publish","type":"post","link":"https:\/\/experienciadevida.com.ar\/portalurbano\/paradas-seguras-reparacion-de-puentes-y-senaletica-los-proyectos-del-foro-olavarria-fr-para-la-sesion-del-hcd\/","title":{"rendered":"Paradas seguras, reparaci\u00f3n de puentes y se\u00f1al\u00e9tica: los proyectos del Foro Olavarr\u00eda FR para la sesi\u00f3n del HCD"},"content":{"rendered":"<p>Paradas seguras, reparaci\u00f3n de puentes y se\u00f1al\u00e9tica: los proyectos del Foro Olavarr\u00eda FR para la sesi\u00f3n del HCD, este jueves 11 de agosto el Concejo Deliberante retoma las sesiones donde se tratar\u00e1n una serie de proyectos del bloque conformado por la concejal In\u00e9s <a href=\"https:\/\/www.instagram.com\/inecreimer\/\">Creimer<\/a> y el concejal Gast\u00f3n <a href=\"https:\/\/www.instagram.com\/gastonsarachu\/\">Sarachu<\/a>.<\/p>\n<p>El bloque Foro Olavarr\u00eda &#8211; Frente Renovador, integrado por la concejal In\u00e9s Creimer y el concejal Gast\u00f3n Sarachu, y que forma parte del Frente de Todos, present\u00f3 al Concejo Deliberante una serie de proyectos que ser\u00e1n<br \/>\ntratados este jueves, cuando se retomen las sesiones ordinarias.<\/p>\n<p>Los proyectos en cuesti\u00f3n giran en torno al mantenimiento de los puentes colgantes, demarcaci\u00f3n y se\u00f1al\u00e9tica de caminos municipales y trabajo de alumbrado en paradas de colectivos determinadas.<\/p>\n<p><strong>Puentes colgantes:<\/strong><\/p>\n<p>Esta iniciativa surge a partir de numerosos reclamos vecinales al advertir el deterioro y la falta de cuidado de los puentes peatonales que se suspenden sobre la corriente del arroyo a lo largo del parque Mitre.<\/p>\n<p>En concreto, se solicita al Departamento Ejecutivo Municipal disponga los medios y hechos necesarios para el estudio t\u00e9cnico de la estructura de los puentes peatonales colgantes, a fin de realizar el recambio de las tablas<br \/>\nde circulaci\u00f3n que se encuentran deterioradas, la protecci\u00f3n anticorrosiva de la estructura met\u00e1lica, recambio de largueros y viguetas, tensado y recambio de alambres laterales, arreglos de articulaciones, reajuste de<br \/>\nbulones y dem\u00e1s tareas necesarias que garanticen el correcto estado de conservaci\u00f3n de la estructura y la seguridad de los peatones.<\/p>\n<p><strong>Demarcaci\u00f3n y se\u00f1al\u00e9tica de caminos Municipales:<\/strong><\/p>\n<p>Mediante este proyecto se solicita al Departamento Ejecutivo la demarcaci\u00f3n de l\u00edneas longitudinales y marcas especiales en puntos determinados del Partido de Olavarr\u00eda.<\/p>\n<p>Paradas seguras, reparaci\u00f3n de puentes y se\u00f1al\u00e9tica: los proyectos del Foro Olavarr\u00eda FR los trabajos solicitados incluyen Au. Luciano Fortabat entre Av. Eva Per\u00f3n y Ruta 51 y el viario \u201cCamino Uni\u00f3n de los Pueblos&#8221;, que une Olavarr\u00eda, Sierra Chica, Hinojo y Colonia Hinojo, conformado por las calles Av. Dante y Torcuato Emiliozzi, Av. P. Legorburu, Av. Centenario y Av. Uni\u00f3n de los Pueblos.<\/p>\n<p>Desde el bloque Foro Olavarr\u00eda &#8211; Frente Renovador, en el Interbloque Frente de Todos, destacaron que \u201ces responsabilidad del Municipio el mantenimiento de las calles existentes en el ejido urbano\u201d. As\u00ed, \u201clos trabajos de<br \/>\nconservaci\u00f3n y mantenimiento a cargo de la Municipalidad del Partido de Olavarr\u00eda se deben realizar de manera sostenida en distintos puntos del Partido\u201d.<\/p>\n<p><strong>Paradas de colectivos seguras:<\/strong><\/p>\n<p>Con origen en \u201cla preocupaci\u00f3n manifestada por los vecinos\u201d, seg\u00fan se\u00f1alaron desde el bloque Foro Olavarr\u00eda &#8211; Frente Renovador, en el Interbloque Frente de Todos, se plantean distintas problem\u00e1ticas referidas a la seguridad social y vial.<\/p>\n<p>En principio, \u201cla ausencia de iluminaci\u00f3n genera condiciones de inseguridad en la v\u00eda p\u00fablica en general y en las paradas de colectivo en particular, siendo est\u00e1 condici\u00f3n m\u00e1s profunda en las mujeres que all\u00ed esperan\u201d, indica<br \/>\nel proyecto.<\/p>\n<p>Por otra parte, desde el bloque Foro Olavarr\u00eda &#8211; Frente Renovador, en el Interbloque Frente de Todos, indicaron que \u201cla seguridad vial de la zona se ver\u00eda mejorada mediante la instalaci\u00f3n de se\u00f1al\u00e9tica que demarque las paradas de colectivo y la mejora del alumbrado p\u00fablico en el viario mencionado\u201d. De esta forma, \u201cse favorece a la movilidad urbana y se previenen siniestros viales producto de la escasa visibilidad nocturna de la zona\u201d.<\/p>\n<p>Desde el Foro Olavarr\u00eda &#8211; Frente Renovador se invita a todas aquellas personas del Partido de Olavarr\u00eda que quieran acercar sus inquietudes o proyectos, dirigirse al bloque de concejales en el HCD (Alsina 2785) de lunes a viernes de 8 a 13 horas, o a la Casa Eduardo \u201cChino\u201d Correa, ubicado en Belgrano 3222, de lunes a viernes de 9 a 13 horas.<\/p>\n","protected":false},"excerpt":{"rendered":"<p>Paradas seguras, reparaci\u00f3n de puentes y se\u00f1al\u00e9tica: los proyectos del Foro Olavarr\u00eda FR para la&#8230;<\/p>\n","protected":false},"author":1,"featured_media":172979,"comment_status":"closed","ping_status":"closed","sticky":false,"template":"","format":"standard","meta":{"content-type":""},"categories":[27,64],"tags":[],"nelio_content":{"isAutoShareEnabled":false,"autoShareEndMode":"default","automationSources":{"useContentSentences":true,"useSocialTemplates":true,"useCustomSentences":false,"customSentences":[]},"followers":[1],"suggestedReferences":[],"includedReferences":[],"efiUrl":"","efiAlt":"","highlights":[]},"yoast_head":"<!-- This site is optimized with the Yoast SEO plugin v20.7 - https:\/\/yoast.com\/wordpress\/plugins\/seo\/ -->\n<title>Paradas seguras, reparaci\u00f3n de puentes proyectos para la sesi\u00f3n<\/title>\n<meta name=\"description\" content=\"Paradas seguras, reparaci\u00f3n de puentes y se\u00f1al\u00e9tica: los proyectos del Foro Olavarr\u00eda FR para la sesi\u00f3n del HCD, este jueves 11 de agosto\" \/>\n<meta name=\"robots\" content=\"index, follow, max-snippet:-1, max-image-preview:large, max-video-preview:-1\" \/>\n<link rel=\"canonical\" href=\"https:\/\/experienciadevida.com.ar\/portalurbano\/paradas-seguras-reparacion-de-puentes-y-senaletica-los-proyectos-del-foro-olavarria-fr-para-la-sesion-del-hcd\/\" \/>\n<meta property=\"og:locale\" content=\"es_ES\" \/>\n<meta property=\"og:type\" content=\"article\" \/>\n<meta property=\"og:title\" content=\"Paradas seguras, reparaci\u00f3n de puentes proyectos para la sesi\u00f3n\" \/>\n<meta property=\"og:description\" content=\"Paradas seguras, reparaci\u00f3n de puentes y se\u00f1al\u00e9tica: los proyectos del Foro Olavarr\u00eda FR para la sesi\u00f3n del HCD, este jueves 11 de agosto\" \/>\n<meta property=\"og:url\" content=\"https:\/\/experienciadevida.com.ar\/portalurbano\/paradas-seguras-reparacion-de-puentes-y-senaletica-los-proyectos-del-foro-olavarria-fr-para-la-sesion-del-hcd\/\" \/>\n<meta property=\"article:publisher\" content=\"https:\/\/www.facebook.com\/Portal-Urbano-171542830093757\/\" \/>\n<meta property=\"article:published_time\" content=\"2022-08-10T19:08:37+00:00\" \/>\n<meta property=\"article:modified_time\" content=\"2022-08-10T19:11:38+00:00\" \/>\n<meta property=\"og:image\" content=\"https:\/\/experienciadevida.com.ar\/portalurbano\/wp-content\/uploads\/2022\/08\/Paradas-seguras.jpg\" \/>\n\t<meta property=\"og:image:width\" content=\"800\" \/>\n\t<meta property=\"og:image:height\" content=\"500\" \/>\n\t<meta property=\"og:image:type\" content=\"image\/jpeg\" \/>\n<meta name=\"author\" content=\"admpu17wp\" \/>\n<meta name=\"twitter:card\" content=\"summary_large_image\" \/>\n<meta name=\"twitter:creator\" content=\"@portalurbanook\" \/>\n<meta name=\"twitter:site\" content=\"@portalurbanook\" \/>\n<meta name=\"twitter:label1\" content=\"Escrito por\" \/>\n\t<meta name=\"twitter:data1\" content=\"admpu17wp\" \/>\n\t<meta name=\"twitter:label2\" content=\"Tiempo de lectura\" \/>\n\t<meta name=\"twitter:data2\" content=\"3 minutos\" \/>\n<script type=\"application\/ld+json\" class=\"yoast-schema-graph\">{\"@context\":\"https:\/\/schema.org\",\"@graph\":[{\"@type\":\"Article\",\"@id\":\"https:\/\/experienciadevida.com.ar\/portalurbano\/paradas-seguras-reparacion-de-puentes-y-senaletica-los-proyectos-del-foro-olavarria-fr-para-la-sesion-del-hcd\/#article\",\"isPartOf\":{\"@id\":\"https:\/\/experienciadevida.com.ar\/portalurbano\/paradas-seguras-reparacion-de-puentes-y-senaletica-los-proyectos-del-foro-olavarria-fr-para-la-sesion-del-hcd\/\"},\"author\":{\"name\":\"admpu17wp\",\"@id\":\"https:\/\/experienciadevida.com.ar\/portalurbano\/#\/schema\/person\/02dd326b1c4b056e9cc972486934a3a7\"},\"headline\":\"Paradas seguras, reparaci\u00f3n de puentes y se\u00f1al\u00e9tica: los proyectos del Foro Olavarr\u00eda FR para la sesi\u00f3n del HCD\",\"datePublished\":\"2022-08-10T19:08:37+00:00\",\"dateModified\":\"2022-08-10T19:11:38+00:00\",\"mainEntityOfPage\":{\"@id\":\"https:\/\/experienciadevida.com.ar\/portalurbano\/paradas-seguras-reparacion-de-puentes-y-senaletica-los-proyectos-del-foro-olavarria-fr-para-la-sesion-del-hcd\/\"},\"wordCount\":680,\"publisher\":{\"@id\":\"https:\/\/experienciadevida.com.ar\/portalurbano\/#organization\"},\"articleSection\":[\"Ciudad\",\"Destacadas 2\"],\"inLanguage\":\"es\"},{\"@type\":\"WebPage\",\"@id\":\"https:\/\/experienciadevida.com.ar\/portalurbano\/paradas-seguras-reparacion-de-puentes-y-senaletica-los-proyectos-del-foro-olavarria-fr-para-la-sesion-del-hcd\/\",\"url\":\"https:\/\/experienciadevida.com.ar\/portalurbano\/paradas-seguras-reparacion-de-puentes-y-senaletica-los-proyectos-del-foro-olavarria-fr-para-la-sesion-del-hcd\/\",\"name\":\"Paradas seguras, reparaci\u00f3n de puentes proyectos para la sesi\u00f3n\",\"isPartOf\":{\"@id\":\"https:\/\/experienciadevida.com.ar\/portalurbano\/#website\"},\"datePublished\":\"2022-08-10T19:08:37+00:00\",\"dateModified\":\"2022-08-10T19:11:38+00:00\",\"description\":\"Paradas seguras, reparaci\u00f3n de puentes y se\u00f1al\u00e9tica: los proyectos del Foro Olavarr\u00eda FR para la sesi\u00f3n del HCD, este jueves 11 de agosto\",\"breadcrumb\":{\"@id\":\"https:\/\/experienciadevida.com.ar\/portalurbano\/paradas-seguras-reparacion-de-puentes-y-senaletica-los-proyectos-del-foro-olavarria-fr-para-la-sesion-del-hcd\/#breadcrumb\"},\"inLanguage\":\"es\",\"potentialAction\":[{\"@type\":\"ReadAction\",\"target\":[\"https:\/\/experienciadevida.com.ar\/portalurbano\/paradas-seguras-reparacion-de-puentes-y-senaletica-los-proyectos-del-foro-olavarria-fr-para-la-sesion-del-hcd\/\"]}]},{\"@type\":\"BreadcrumbList\",\"@id\":\"https:\/\/experienciadevida.com.ar\/portalurbano\/paradas-seguras-reparacion-de-puentes-y-senaletica-los-proyectos-del-foro-olavarria-fr-para-la-sesion-del-hcd\/#breadcrumb\",\"itemListElement\":[{\"@type\":\"ListItem\",\"position\":1,\"name\":\"Portada\",\"item\":\"https:\/\/experienciadevida.com.ar\/portalurbano\/\"},{\"@type\":\"ListItem\",\"position\":2,\"name\":\"Paradas seguras, reparaci\u00f3n de puentes y se\u00f1al\u00e9tica: los proyectos del Foro Olavarr\u00eda FR para la sesi\u00f3n del HCD\"}]},{\"@type\":\"WebSite\",\"@id\":\"https:\/\/experienciadevida.com.ar\/portalurbano\/#website\",\"url\":\"https:\/\/experienciadevida.com.ar\/portalurbano\/\",\"name\":\"\",\"description\":\"\",\"publisher\":{\"@id\":\"https:\/\/experienciadevida.com.ar\/portalurbano\/#organization\"},\"potentialAction\":[{\"@type\":\"SearchAction\",\"target\":{\"@type\":\"EntryPoint\",\"urlTemplate\":\"https:\/\/experienciadevida.com.ar\/portalurbano\/?s={search_term_string}\"},\"query-input\":\"required name=search_term_string\"}],\"inLanguage\":\"es\"},{\"@type\":\"Organization\",\"@id\":\"https:\/\/experienciadevida.com.ar\/portalurbano\/#organization\",\"name\":\"Portal Urbano\",\"url\":\"https:\/\/experienciadevida.com.ar\/portalurbano\/\",\"logo\":{\"@type\":\"ImageObject\",\"inLanguage\":\"es\",\"@id\":\"https:\/\/experienciadevida.com.ar\/portalurbano\/#\/schema\/logo\/image\/\",\"url\":\"https:\/\/experienciadevida.com.ar\/portalurbano\/wp-content\/uploads\/2019\/09\/Logo-Original.png\",\"contentUrl\":\"https:\/\/experienciadevida.com.ar\/portalurbano\/wp-content\/uploads\/2019\/09\/Logo-Original.png\",\"width\":2236,\"height\":1216,\"caption\":\"Portal Urbano\"},\"image\":{\"@id\":\"https:\/\/experienciadevida.com.ar\/portalurbano\/#\/schema\/logo\/image\/\"},\"sameAs\":[\"https:\/\/www.facebook.com\/Portal-Urbano-171542830093757\/\",\"https:\/\/twitter.com\/portalurbanook\",\"https:\/\/www.instagram.com\/_portalurbano\/\",\"https:\/\/www.youtube.com\/channel\/UCXhagIfszH8KxFiOok79zbA?view_as=subscriber\"]},{\"@type\":\"Person\",\"@id\":\"https:\/\/experienciadevida.com.ar\/portalurbano\/#\/schema\/person\/02dd326b1c4b056e9cc972486934a3a7\",\"name\":\"admpu17wp\",\"image\":{\"@type\":\"ImageObject\",\"inLanguage\":\"es\",\"@id\":\"https:\/\/experienciadevida.com.ar\/portalurbano\/#\/schema\/person\/image\/\",\"url\":\"https:\/\/secure.gravatar.com\/avatar\/830d4c57adaae6630765e449a6908047?s=96&d=mm&r=g\",\"contentUrl\":\"https:\/\/secure.gravatar.com\/avatar\/830d4c57adaae6630765e449a6908047?s=96&d=mm&r=g\",\"caption\":\"admpu17wp\"}}]}<\/script>\n<!-- \/ Yoast SEO plugin. -->","yoast_head_json":{"title":"Paradas seguras, reparaci\u00f3n de puentes proyectos para la sesi\u00f3n","description":"Paradas seguras, reparaci\u00f3n de puentes y se\u00f1al\u00e9tica: los proyectos del Foro Olavarr\u00eda FR para la sesi\u00f3n del HCD, este jueves 11 de agosto","robots":{"index":"index","follow":"follow","max-snippet":"max-snippet:-1","max-image-preview":"max-image-preview:large","max-video-preview":"max-video-preview:-1"},"canonical":"https:\/\/experienciadevida.com.ar\/portalurbano\/paradas-seguras-reparacion-de-puentes-y-senaletica-los-proyectos-del-foro-olavarria-fr-para-la-sesion-del-hcd\/","og_locale":"es_ES","og_type":"article","og_title":"Paradas seguras, reparaci\u00f3n de puentes proyectos para la sesi\u00f3n","og_description":"Paradas seguras, reparaci\u00f3n de puentes y se\u00f1al\u00e9tica: los proyectos del Foro Olavarr\u00eda FR para la sesi\u00f3n del HCD, este jueves 11 de agosto","og_url":"https:\/\/experienciadevida.com.ar\/portalurbano\/paradas-seguras-reparacion-de-puentes-y-senaletica-los-proyectos-del-foro-olavarria-fr-para-la-sesion-del-hcd\/","article_publisher":"https:\/\/www.facebook.com\/Portal-Urbano-171542830093757\/","article_published_time":"2022-08-10T19:08:37+00:00","article_modified_time":"2022-08-10T19:11:38+00:00","og_image":[{"width":800,"height":500,"url":"https:\/\/experienciadevida.com.ar\/portalurbano\/wp-content\/uploads\/2022\/08\/Paradas-seguras.jpg","type":"image\/jpeg"}],"author":"admpu17wp","twitter_card":"summary_large_image","twitter_creator":"@portalurbanook","twitter_site":"@portalurbanook","twitter_misc":{"Escrito por":"admpu17wp","Tiempo de lectura":"3 minutos"},"schema":{"@context":"https:\/\/schema.org","@graph":[{"@type":"Article","@id":"https:\/\/experienciadevida.com.ar\/portalurbano\/paradas-seguras-reparacion-de-puentes-y-senaletica-los-proyectos-del-foro-olavarria-fr-para-la-sesion-del-hcd\/#article","isPartOf":{"@id":"https:\/\/experienciadevida.com.ar\/portalurbano\/paradas-seguras-reparacion-de-puentes-y-senaletica-los-proyectos-del-foro-olavarria-fr-para-la-sesion-del-hcd\/"},"author":{"name":"admpu17wp","@id":"https:\/\/experienciadevida.com.ar\/portalurbano\/#\/schema\/person\/02dd326b1c4b056e9cc972486934a3a7"},"headline":"Paradas seguras, reparaci\u00f3n de puentes y se\u00f1al\u00e9tica: los proyectos del Foro Olavarr\u00eda FR para la sesi\u00f3n del HCD","datePublished":"2022-08-10T19:08:37+00:00","dateModified":"2022-08-10T19:11:38+00:00","mainEntityOfPage":{"@id":"https:\/\/experienciadevida.com.ar\/portalurbano\/paradas-seguras-reparacion-de-puentes-y-senaletica-los-proyectos-del-foro-olavarria-fr-para-la-sesion-del-hcd\/"},"wordCount":680,"publisher":{"@id":"https:\/\/experienciadevida.com.ar\/portalurbano\/#organization"},"articleSection":["Ciudad","Destacadas 2"],"inLanguage":"es"},{"@type":"WebPage","@id":"https:\/\/experienciadevida.com.ar\/portalurbano\/paradas-seguras-reparacion-de-puentes-y-senaletica-los-proyectos-del-foro-olavarria-fr-para-la-sesion-del-hcd\/","url":"https:\/\/experienciadevida.com.ar\/portalurbano\/paradas-seguras-reparacion-de-puentes-y-senaletica-los-proyectos-del-foro-olavarria-fr-para-la-sesion-del-hcd\/","name":"Paradas seguras, reparaci\u00f3n de puentes proyectos para la sesi\u00f3n","isPartOf":{"@id":"https:\/\/experienciadevida.com.ar\/portalurbano\/#website"},"datePublished":"2022-08-10T19:08:37+00:00","dateModified":"2022-08-10T19:11:38+00:00","description":"Paradas seguras, reparaci\u00f3n de puentes y se\u00f1al\u00e9tica: los proyectos del Foro Olavarr\u00eda FR para la sesi\u00f3n del HCD, este jueves 11 de agosto","breadcrumb":{"@id":"https:\/\/experienciadevida.com.ar\/portalurbano\/paradas-seguras-reparacion-de-puentes-y-senaletica-los-proyectos-del-foro-olavarria-fr-para-la-sesion-del-hcd\/#breadcrumb"},"inLanguage":"es","potentialAction":[{"@type":"ReadAction","target":["https:\/\/experienciadevida.com.ar\/portalurbano\/paradas-seguras-reparacion-de-puentes-y-senaletica-los-proyectos-del-foro-olavarria-fr-para-la-sesion-del-hcd\/"]}]},{"@type":"BreadcrumbList","@id":"https:\/\/experienciadevida.com.ar\/portalurbano\/paradas-seguras-reparacion-de-puentes-y-senaletica-los-proyectos-del-foro-olavarria-fr-para-la-sesion-del-hcd\/#breadcrumb","itemListElement":[{"@type":"ListItem","position":1,"name":"Portada","item":"https:\/\/experienciadevida.com.ar\/portalurbano\/"},{"@type":"ListItem","position":2,"name":"Paradas seguras, reparaci\u00f3n de puentes y se\u00f1al\u00e9tica: los proyectos del Foro Olavarr\u00eda FR para la sesi\u00f3n del HCD"}]},{"@type":"WebSite","@id":"https:\/\/experienciadevida.com.ar\/portalurbano\/#website","url":"https:\/\/experienciadevida.com.ar\/portalurbano\/","name":"","description":"","publisher":{"@id":"https:\/\/experienciadevida.com.ar\/portalurbano\/#organization"},"potentialAction":[{"@type":"SearchAction","target":{"@type":"EntryPoint","urlTemplate":"https:\/\/experienciadevida.com.ar\/portalurbano\/?s={search_term_string}"},"query-input":"required name=search_term_string"}],"inLanguage":"es"},{"@type":"Organization","@id":"https:\/\/experienciadevida.com.ar\/portalurbano\/#organization","name":"Portal Urbano","url":"https:\/\/experienciadevida.com.ar\/portalurbano\/","logo":{"@type":"ImageObject","inLanguage":"es","@id":"https:\/\/experienciadevida.com.ar\/portalurbano\/#\/schema\/logo\/image\/","url":"https:\/\/experienciadevida.com.ar\/portalurbano\/wp-content\/uploads\/2019\/09\/Logo-Original.png","contentUrl":"https:\/\/experienciadevida.com.ar\/portalurbano\/wp-content\/uploads\/2019\/09\/Logo-Original.png","width":2236,"height":1216,"caption":"Portal Urbano"},"image":{"@id":"https:\/\/experienciadevida.com.ar\/portalurbano\/#\/schema\/logo\/image\/"},"sameAs":["https:\/\/www.facebook.com\/Portal-Urbano-171542830093757\/","https:\/\/twitter.com\/portalurbanook","https:\/\/www.instagram.com\/_portalurbano\/","https:\/\/www.youtube.com\/channel\/UCXhagIfszH8KxFiOok79zbA?view_as=subscriber"]},{"@type":"Person","@id":"https:\/\/experienciadevida.com.ar\/portalurbano\/#\/schema\/person\/02dd326b1c4b056e9cc972486934a3a7","name":"admpu17wp","image":{"@type":"ImageObject","inLanguage":"es","@id":"https:\/\/experienciadevida.com.ar\/portalurbano\/#\/schema\/person\/image\/","url":"https:\/\/secure.gravatar.com\/avatar\/830d4c57adaae6630765e449a6908047?s=96&d=mm&r=g","contentUrl":"https:\/\/secure.gravatar.com\/avatar\/830d4c57adaae6630765e449a6908047?s=96&d=mm&r=g","caption":"admpu17wp"}}]}},"featured_image_urls":{"full":["https:\/\/experienciadevida.com.ar\/portalurbano\/wp-content\/uploads\/2022\/08\/Paradas-seguras.jpg",800,500,false],"thumbnail":["https:\/\/experienciadevida.com.ar\/portalurbano\/wp-content\/uploads\/2022\/08\/Paradas-seguras-150x150.jpg",150,150,true],"medium":["https:\/\/experienciadevida.com.ar\/portalurbano\/wp-content\/uploads\/2022\/08\/Paradas-seguras-300x188.jpg",300,188,true],"medium_large":["https:\/\/experienciadevida.com.ar\/portalurbano\/wp-content\/uploads\/2022\/08\/Paradas-seguras-768x480.jpg",640,400,true],"large":["https:\/\/experienciadevida.com.ar\/portalurbano\/wp-content\/uploads\/2022\/08\/Paradas-seguras.jpg",640,400,false],"ug_big":["https:\/\/experienciadevida.com.ar\/portalurbano\/wp-content\/uploads\/2022\/08\/Paradas-seguras-768x480.jpg",768,480,true],"1536x1536":["https:\/\/experienciadevida.com.ar\/portalurbano\/wp-content\/uploads\/2022\/08\/Paradas-seguras.jpg",800,500,false],"2048x2048":["https:\/\/experienciadevida.com.ar\/portalurbano\/wp-content\/uploads\/2022\/08\/Paradas-seguras.jpg",800,500,false],"newsever-slider-full":["https:\/\/experienciadevida.com.ar\/portalurbano\/wp-content\/uploads\/2022\/08\/Paradas-seguras.jpg",800,500,false],"newsever-featured":["https:\/\/experienciadevida.com.ar\/portalurbano\/wp-content\/uploads\/2022\/08\/Paradas-seguras.jpg",800,500,false],"newsever-medium":["https:\/\/experienciadevida.com.ar\/portalurbano\/wp-content\/uploads\/2022\/08\/Paradas-seguras.jpg",720,450,false],"web-stories-poster-portrait":["https:\/\/experienciadevida.com.ar\/portalurbano\/wp-content\/uploads\/2022\/08\/Paradas-seguras-640x500.jpg",640,500,true],"web-stories-publisher-logo":["https:\/\/experienciadevida.com.ar\/portalurbano\/wp-content\/uploads\/2022\/08\/Paradas-seguras-96x96.jpg",96,96,true],"web-stories-thumbnail":["https:\/\/experienciadevida.com.ar\/portalurbano\/wp-content\/uploads\/2022\/08\/Paradas-seguras-150x94.jpg",150,94,true]},"author_info":{"display_name":"admpu17wp","author_link":"https:\/\/experienciadevida.com.ar\/portalurbano\/author\/admpu17wp\/"},"category_info":"<a href=\"https:\/\/experienciadevida.com.ar\/portalurbano\/category\/ciudad\/\" rel=\"category tag\">Ciudad<\/a> <a href=\"https:\/\/experienciadevida.com.ar\/portalurbano\/category\/destacadas-2\/\" rel=\"category tag\">Destacadas 2<\/a>","tag_info":"Destacadas 2","comment_count":"0","amp_enabled":true,"_links":{"self":[{"href":"https:\/\/experienciadevida.com.ar\/portalurbano\/wp-json\/wp\/v2\/posts\/172978"}],"collection":[{"href":"https:\/\/experienciadevida.com.ar\/portalurbano\/wp-json\/wp\/v2\/posts"}],"about":[{"href":"https:\/\/experienciadevida.com.ar\/portalurbano\/wp-json\/wp\/v2\/types\/post"}],"author":[{"embeddable":true,"href":"https:\/\/experienciadevida.com.ar\/portalurbano\/wp-json\/wp\/v2\/users\/1"}],"replies":[{"embeddable":true,"href":"https:\/\/experienciadevida.com.ar\/portalurbano\/wp-json\/wp\/v2\/comments?post=172978"}],"version-history":[{"count":2,"href":"https:\/\/experienciadevida.com.ar\/portalurbano\/wp-json\/wp\/v2\/posts\/172978\/revisions"}],"predecessor-version":[{"id":172981,"href":"https:\/\/experienciadevida.com.ar\/portalurbano\/wp-json\/wp\/v2\/posts\/172978\/revisions\/172981"}],"wp:featuredmedia":[{"embeddable":true,"href":"https:\/\/experienciadevida.com.ar\/portalurbano\/wp-json\/wp\/v2\/media\/172979"}],"wp:attachment":[{"href":"https:\/\/experienciadevida.com.ar\/portalurbano\/wp-json\/wp\/v2\/media?parent=172978"}],"wp:term":[{"taxonomy":"category","embeddable":true,"href":"https:\/\/experienciadevida.com.ar\/portalurbano\/wp-json\/wp\/v2\/categories?post=172978"},{"taxonomy":"post_tag","embeddable":true,"href":"https:\/\/experienciadevida.com.ar\/portalurbano\/wp-json\/wp\/v2\/tags?post=172978"}],"curies":[{"name":"wp","href":"https:\/\/api.w.org\/{rel}","templated":true}]}}