{"id":172953,"date":"2022-08-10T10:05:51","date_gmt":"2022-08-10T13:05:51","guid":{"rendered":"https:\/\/experienciadevida.com.ar\/portalurbano\/?p=172953"},"modified":"2022-08-10T10:10:29","modified_gmt":"2022-08-10T13:10:29","slug":"desde-este-miercoles-el-quirofano-veterinario-movil-atendera-en-san-vicente","status":"publish","type":"post","link":"https:\/\/experienciadevida.com.ar\/portalurbano\/desde-este-miercoles-el-quirofano-veterinario-movil-atendera-en-san-vicente\/","title":{"rendered":"Desde este mi\u00e9rcoles el Quir\u00f3fano Veterinario M\u00f3vil atender\u00e1 en San Vicente"},"content":{"rendered":"<p>Desde este mi\u00e9rcoles el Quir\u00f3fano Veterinario M\u00f3vil atender\u00e1 en San Vicente, desde la Direcci\u00f3n de Bromatolog\u00eda Municipal se record\u00f3 que desde este mi\u00e9rcoles el Quir\u00f3fano Veterinario M\u00f3vil atender\u00e1 en el barrio San Vicente, donde permanecer\u00e1 hasta el viernes 12 del corriente mes inclusive.<\/p>\n<p>En el horario de 8:30 a 12 horas se realizar\u00e1n castraciones quir\u00fargicas caninas y felinas en el Sal\u00f3n de la Sociedad de Fomento D\u00e1maso Arce, que se encuentra ubicado en avenida Avellaneda y 25 de Mayo.<\/p>\n<p>El servicio ser\u00e1 exclusivo a vecinos y vecinas de ese sector de la ciudad, quienes deber\u00e1n requerir turno previamente a trav\u00e9s de la L\u00ednea Interactiva (2284-229029) mediante mensajes de WhatsApp.<\/p>\n<p>A partir del pr\u00f3ximo lunes 16 de agosto el Quir\u00f3fano Veterinario M\u00f3vil se trasladar\u00e1 al barrio Coronel Dorrego, m\u00e1s precisamente a la sed de la Sociedad de Fomento ubicada sobre Necochea y Calle 17, donde permanecer\u00e1 hasta el viernes 19.<\/p>\n<p>El barrio Pickelado, puntualmente el Servicio Territorial Municipal 2 de avenida Alberdi y Coronel Su\u00e1rez, ser\u00e1 el pr\u00f3ximo destino. Se realizar\u00e1n castraciones desde el lunes 22 al viernes 26 de agosto.<\/p>\n<p>Por \u00faltimo, desde el lunes 29 de agosto al 2 de septiembre el servicio se brindar\u00e1 en el sal\u00f3n del C\u00edrculo de Suboficiales y Guardias Penitenciario de Sierra Chica, ubicado en Av. Centenario 1380 de la mencionada localidad.<\/p>\n","protected":false},"excerpt":{"rendered":"<p>Desde este mi\u00e9rcoles el Quir\u00f3fano Veterinario M\u00f3vil atender\u00e1 en San Vicente, desde la Direcci\u00f3n de&#8230;<\/p>\n","protected":false},"author":1,"featured_media":168344,"comment_status":"closed","ping_status":"closed","sticky":false,"template":"","format":"standard","meta":{"content-type":""},"categories":[27,51],"tags":[],"nelio_content":{"isAutoShareEnabled":false,"autoShareEndMode":"default","automationSources":{"useContentSentences":true,"useSocialTemplates":true,"useCustomSentences":false,"customSentences":[]},"followers":[1],"suggestedReferences":[],"includedReferences":[],"efiUrl":"","efiAlt":"","highlights":[]},"yoast_head":"<!-- This site is optimized with the Yoast SEO plugin v20.7 - https:\/\/yoast.com\/wordpress\/plugins\/seo\/ -->\n<title>Desde este mi\u00e9rcoles el quir\u00f3fano veterinario m\u00f3vil atender\u00e1<\/title>\n<meta name=\"description\" content=\"Desde este mi\u00e9rcoles el Quir\u00f3fano Veterinario M\u00f3vil atender\u00e1 en San Vicente, desde la Direcci\u00f3n de Bromatolog\u00eda Municipal\" \/>\n<meta name=\"robots\" content=\"index, follow, max-snippet:-1, max-image-preview:large, max-video-preview:-1\" \/>\n<link rel=\"canonical\" href=\"https:\/\/experienciadevida.com.ar\/portalurbano\/desde-este-miercoles-el-quirofano-veterinario-movil-atendera-en-san-vicente\/\" \/>\n<meta property=\"og:locale\" content=\"es_ES\" \/>\n<meta property=\"og:type\" content=\"article\" \/>\n<meta property=\"og:title\" content=\"Desde este mi\u00e9rcoles el quir\u00f3fano veterinario m\u00f3vil atender\u00e1\" \/>\n<meta property=\"og:description\" content=\"Desde este mi\u00e9rcoles el Quir\u00f3fano Veterinario M\u00f3vil atender\u00e1 en San Vicente, desde la Direcci\u00f3n de Bromatolog\u00eda Municipal\" \/>\n<meta property=\"og:url\" content=\"https:\/\/experienciadevida.com.ar\/portalurbano\/desde-este-miercoles-el-quirofano-veterinario-movil-atendera-en-san-vicente\/\" \/>\n<meta property=\"article:publisher\" content=\"https:\/\/www.facebook.com\/Portal-Urbano-171542830093757\/\" \/>\n<meta property=\"article:published_time\" content=\"2022-08-10T13:05:51+00:00\" \/>\n<meta property=\"article:modified_time\" content=\"2022-08-10T13:10:29+00:00\" \/>\n<meta property=\"og:image\" content=\"https:\/\/experienciadevida.com.ar\/portalurbano\/wp-content\/uploads\/2022\/05\/Quirofano-Veterinario-Movil-en.jpg\" \/>\n\t<meta property=\"og:image:width\" content=\"1024\" \/>\n\t<meta property=\"og:image:height\" content=\"682\" \/>\n\t<meta property=\"og:image:type\" content=\"image\/jpeg\" \/>\n<meta name=\"author\" content=\"admpu17wp\" \/>\n<meta name=\"twitter:card\" content=\"summary_large_image\" \/>\n<meta name=\"twitter:creator\" content=\"@portalurbanook\" \/>\n<meta name=\"twitter:site\" content=\"@portalurbanook\" \/>\n<meta name=\"twitter:label1\" content=\"Escrito por\" \/>\n\t<meta name=\"twitter:data1\" content=\"admpu17wp\" \/>\n\t<meta name=\"twitter:label2\" content=\"Tiempo de lectura\" \/>\n\t<meta name=\"twitter:data2\" content=\"1 minuto\" \/>\n<script type=\"application\/ld+json\" class=\"yoast-schema-graph\">{\"@context\":\"https:\/\/schema.org\",\"@graph\":[{\"@type\":\"Article\",\"@id\":\"https:\/\/experienciadevida.com.ar\/portalurbano\/desde-este-miercoles-el-quirofano-veterinario-movil-atendera-en-san-vicente\/#article\",\"isPartOf\":{\"@id\":\"https:\/\/experienciadevida.com.ar\/portalurbano\/desde-este-miercoles-el-quirofano-veterinario-movil-atendera-en-san-vicente\/\"},\"author\":{\"name\":\"admpu17wp\",\"@id\":\"https:\/\/experienciadevida.com.ar\/portalurbano\/#\/schema\/person\/02dd326b1c4b056e9cc972486934a3a7\"},\"headline\":\"Desde este mi\u00e9rcoles el Quir\u00f3fano Veterinario M\u00f3vil atender\u00e1 en San Vicente\",\"datePublished\":\"2022-08-10T13:05:51+00:00\",\"dateModified\":\"2022-08-10T13:10:29+00:00\",\"mainEntityOfPage\":{\"@id\":\"https:\/\/experienciadevida.com.ar\/portalurbano\/desde-este-miercoles-el-quirofano-veterinario-movil-atendera-en-san-vicente\/\"},\"wordCount\":243,\"publisher\":{\"@id\":\"https:\/\/experienciadevida.com.ar\/portalurbano\/#organization\"},\"articleSection\":[\"Ciudad\",\"Destacadas\"],\"inLanguage\":\"es\"},{\"@type\":\"WebPage\",\"@id\":\"https:\/\/experienciadevida.com.ar\/portalurbano\/desde-este-miercoles-el-quirofano-veterinario-movil-atendera-en-san-vicente\/\",\"url\":\"https:\/\/experienciadevida.com.ar\/portalurbano\/desde-este-miercoles-el-quirofano-veterinario-movil-atendera-en-san-vicente\/\",\"name\":\"Desde este mi\u00e9rcoles el quir\u00f3fano veterinario m\u00f3vil atender\u00e1\",\"isPartOf\":{\"@id\":\"https:\/\/experienciadevida.com.ar\/portalurbano\/#website\"},\"datePublished\":\"2022-08-10T13:05:51+00:00\",\"dateModified\":\"2022-08-10T13:10:29+00:00\",\"description\":\"Desde este mi\u00e9rcoles el Quir\u00f3fano Veterinario M\u00f3vil atender\u00e1 en San Vicente, desde la Direcci\u00f3n de Bromatolog\u00eda Municipal\",\"breadcrumb\":{\"@id\":\"https:\/\/experienciadevida.com.ar\/portalurbano\/desde-este-miercoles-el-quirofano-veterinario-movil-atendera-en-san-vicente\/#breadcrumb\"},\"inLanguage\":\"es\",\"potentialAction\":[{\"@type\":\"ReadAction\",\"target\":[\"https:\/\/experienciadevida.com.ar\/portalurbano\/desde-este-miercoles-el-quirofano-veterinario-movil-atendera-en-san-vicente\/\"]}]},{\"@type\":\"BreadcrumbList\",\"@id\":\"https:\/\/experienciadevida.com.ar\/portalurbano\/desde-este-miercoles-el-quirofano-veterinario-movil-atendera-en-san-vicente\/#breadcrumb\",\"itemListElement\":[{\"@type\":\"ListItem\",\"position\":1,\"name\":\"Portada\",\"item\":\"https:\/\/experienciadevida.com.ar\/portalurbano\/\"},{\"@type\":\"ListItem\",\"position\":2,\"name\":\"Desde este mi\u00e9rcoles el Quir\u00f3fano Veterinario M\u00f3vil atender\u00e1 en San Vicente\"}]},{\"@type\":\"WebSite\",\"@id\":\"https:\/\/experienciadevida.com.ar\/portalurbano\/#website\",\"url\":\"https:\/\/experienciadevida.com.ar\/portalurbano\/\",\"name\":\"\",\"description\":\"\",\"publisher\":{\"@id\":\"https:\/\/experienciadevida.com.ar\/portalurbano\/#organization\"},\"potentialAction\":[{\"@type\":\"SearchAction\",\"target\":{\"@type\":\"EntryPoint\",\"urlTemplate\":\"https:\/\/experienciadevida.com.ar\/portalurbano\/?s={search_term_string}\"},\"query-input\":\"required name=search_term_string\"}],\"inLanguage\":\"es\"},{\"@type\":\"Organization\",\"@id\":\"https:\/\/experienciadevida.com.ar\/portalurbano\/#organization\",\"name\":\"Portal Urbano\",\"url\":\"https:\/\/experienciadevida.com.ar\/portalurbano\/\",\"logo\":{\"@type\":\"ImageObject\",\"inLanguage\":\"es\",\"@id\":\"https:\/\/experienciadevida.com.ar\/portalurbano\/#\/schema\/logo\/image\/\",\"url\":\"https:\/\/experienciadevida.com.ar\/portalurbano\/wp-content\/uploads\/2019\/09\/Logo-Original.png\",\"contentUrl\":\"https:\/\/experienciadevida.com.ar\/portalurbano\/wp-content\/uploads\/2019\/09\/Logo-Original.png\",\"width\":2236,\"height\":1216,\"caption\":\"Portal Urbano\"},\"image\":{\"@id\":\"https:\/\/experienciadevida.com.ar\/portalurbano\/#\/schema\/logo\/image\/\"},\"sameAs\":[\"https:\/\/www.facebook.com\/Portal-Urbano-171542830093757\/\",\"https:\/\/twitter.com\/portalurbanook\",\"https:\/\/www.instagram.com\/_portalurbano\/\",\"https:\/\/www.youtube.com\/channel\/UCXhagIfszH8KxFiOok79zbA?view_as=subscriber\"]},{\"@type\":\"Person\",\"@id\":\"https:\/\/experienciadevida.com.ar\/portalurbano\/#\/schema\/person\/02dd326b1c4b056e9cc972486934a3a7\",\"name\":\"admpu17wp\",\"image\":{\"@type\":\"ImageObject\",\"inLanguage\":\"es\",\"@id\":\"https:\/\/experienciadevida.com.ar\/portalurbano\/#\/schema\/person\/image\/\",\"url\":\"https:\/\/secure.gravatar.com\/avatar\/830d4c57adaae6630765e449a6908047?s=96&d=mm&r=g\",\"contentUrl\":\"https:\/\/secure.gravatar.com\/avatar\/830d4c57adaae6630765e449a6908047?s=96&d=mm&r=g\",\"caption\":\"admpu17wp\"}}]}<\/script>\n<!-- \/ Yoast SEO plugin. -->","yoast_head_json":{"title":"Desde este mi\u00e9rcoles el quir\u00f3fano veterinario m\u00f3vil atender\u00e1","description":"Desde este mi\u00e9rcoles el Quir\u00f3fano Veterinario M\u00f3vil atender\u00e1 en San Vicente, desde la Direcci\u00f3n de Bromatolog\u00eda Municipal","robots":{"index":"index","follow":"follow","max-snippet":"max-snippet:-1","max-image-preview":"max-image-preview:large","max-video-preview":"max-video-preview:-1"},"canonical":"https:\/\/experienciadevida.com.ar\/portalurbano\/desde-este-miercoles-el-quirofano-veterinario-movil-atendera-en-san-vicente\/","og_locale":"es_ES","og_type":"article","og_title":"Desde este mi\u00e9rcoles el quir\u00f3fano veterinario m\u00f3vil atender\u00e1","og_description":"Desde este mi\u00e9rcoles el Quir\u00f3fano Veterinario M\u00f3vil atender\u00e1 en San Vicente, desde la Direcci\u00f3n de Bromatolog\u00eda Municipal","og_url":"https:\/\/experienciadevida.com.ar\/portalurbano\/desde-este-miercoles-el-quirofano-veterinario-movil-atendera-en-san-vicente\/","article_publisher":"https:\/\/www.facebook.com\/Portal-Urbano-171542830093757\/","article_published_time":"2022-08-10T13:05:51+00:00","article_modified_time":"2022-08-10T13:10:29+00:00","og_image":[{"width":1024,"height":682,"url":"https:\/\/experienciadevida.com.ar\/portalurbano\/wp-content\/uploads\/2022\/05\/Quirofano-Veterinario-Movil-en.jpg","type":"image\/jpeg"}],"author":"admpu17wp","twitter_card":"summary_large_image","twitter_creator":"@portalurbanook","twitter_site":"@portalurbanook","twitter_misc":{"Escrito por":"admpu17wp","Tiempo de lectura":"1 minuto"},"schema":{"@context":"https:\/\/schema.org","@graph":[{"@type":"Article","@id":"https:\/\/experienciadevida.com.ar\/portalurbano\/desde-este-miercoles-el-quirofano-veterinario-movil-atendera-en-san-vicente\/#article","isPartOf":{"@id":"https:\/\/experienciadevida.com.ar\/portalurbano\/desde-este-miercoles-el-quirofano-veterinario-movil-atendera-en-san-vicente\/"},"author":{"name":"admpu17wp","@id":"https:\/\/experienciadevida.com.ar\/portalurbano\/#\/schema\/person\/02dd326b1c4b056e9cc972486934a3a7"},"headline":"Desde este mi\u00e9rcoles el Quir\u00f3fano Veterinario M\u00f3vil atender\u00e1 en San Vicente","datePublished":"2022-08-10T13:05:51+00:00","dateModified":"2022-08-10T13:10:29+00:00","mainEntityOfPage":{"@id":"https:\/\/experienciadevida.com.ar\/portalurbano\/desde-este-miercoles-el-quirofano-veterinario-movil-atendera-en-san-vicente\/"},"wordCount":243,"publisher":{"@id":"https:\/\/experienciadevida.com.ar\/portalurbano\/#organization"},"articleSection":["Ciudad","Destacadas"],"inLanguage":"es"},{"@type":"WebPage","@id":"https:\/\/experienciadevida.com.ar\/portalurbano\/desde-este-miercoles-el-quirofano-veterinario-movil-atendera-en-san-vicente\/","url":"https:\/\/experienciadevida.com.ar\/portalurbano\/desde-este-miercoles-el-quirofano-veterinario-movil-atendera-en-san-vicente\/","name":"Desde este mi\u00e9rcoles el quir\u00f3fano veterinario m\u00f3vil atender\u00e1","isPartOf":{"@id":"https:\/\/experienciadevida.com.ar\/portalurbano\/#website"},"datePublished":"2022-08-10T13:05:51+00:00","dateModified":"2022-08-10T13:10:29+00:00","description":"Desde este mi\u00e9rcoles el Quir\u00f3fano Veterinario M\u00f3vil atender\u00e1 en San Vicente, desde la Direcci\u00f3n de Bromatolog\u00eda Municipal","breadcrumb":{"@id":"https:\/\/experienciadevida.com.ar\/portalurbano\/desde-este-miercoles-el-quirofano-veterinario-movil-atendera-en-san-vicente\/#breadcrumb"},"inLanguage":"es","potentialAction":[{"@type":"ReadAction","target":["https:\/\/experienciadevida.com.ar\/portalurbano\/desde-este-miercoles-el-quirofano-veterinario-movil-atendera-en-san-vicente\/"]}]},{"@type":"BreadcrumbList","@id":"https:\/\/experienciadevida.com.ar\/portalurbano\/desde-este-miercoles-el-quirofano-veterinario-movil-atendera-en-san-vicente\/#breadcrumb","itemListElement":[{"@type":"ListItem","position":1,"name":"Portada","item":"https:\/\/experienciadevida.com.ar\/portalurbano\/"},{"@type":"ListItem","position":2,"name":"Desde este mi\u00e9rcoles el Quir\u00f3fano Veterinario M\u00f3vil atender\u00e1 en San Vicente"}]},{"@type":"WebSite","@id":"https:\/\/experienciadevida.com.ar\/portalurbano\/#website","url":"https:\/\/experienciadevida.com.ar\/portalurbano\/","name":"","description":"","publisher":{"@id":"https:\/\/experienciadevida.com.ar\/portalurbano\/#organization"},"potentialAction":[{"@type":"SearchAction","target":{"@type":"EntryPoint","urlTemplate":"https:\/\/experienciadevida.com.ar\/portalurbano\/?s={search_term_string}"},"query-input":"required name=search_term_string"}],"inLanguage":"es"},{"@type":"Organization","@id":"https:\/\/experienciadevida.com.ar\/portalurbano\/#organization","name":"Portal Urbano","url":"https:\/\/experienciadevida.com.ar\/portalurbano\/","logo":{"@type":"ImageObject","inLanguage":"es","@id":"https:\/\/experienciadevida.com.ar\/portalurbano\/#\/schema\/logo\/image\/","url":"https:\/\/experienciadevida.com.ar\/portalurbano\/wp-content\/uploads\/2019\/09\/Logo-Original.png","contentUrl":"https:\/\/experienciadevida.com.ar\/portalurbano\/wp-content\/uploads\/2019\/09\/Logo-Original.png","width":2236,"height":1216,"caption":"Portal Urbano"},"image":{"@id":"https:\/\/experienciadevida.com.ar\/portalurbano\/#\/schema\/logo\/image\/"},"sameAs":["https:\/\/www.facebook.com\/Portal-Urbano-171542830093757\/","https:\/\/twitter.com\/portalurbanook","https:\/\/www.instagram.com\/_portalurbano\/","https:\/\/www.youtube.com\/channel\/UCXhagIfszH8KxFiOok79zbA?view_as=subscriber"]},{"@type":"Person","@id":"https:\/\/experienciadevida.com.ar\/portalurbano\/#\/schema\/person\/02dd326b1c4b056e9cc972486934a3a7","name":"admpu17wp","image":{"@type":"ImageObject","inLanguage":"es","@id":"https:\/\/experienciadevida.com.ar\/portalurbano\/#\/schema\/person\/image\/","url":"https:\/\/secure.gravatar.com\/avatar\/830d4c57adaae6630765e449a6908047?s=96&d=mm&r=g","contentUrl":"https:\/\/secure.gravatar.com\/avatar\/830d4c57adaae6630765e449a6908047?s=96&d=mm&r=g","caption":"admpu17wp"}}]}},"featured_image_urls":{"full":["https:\/\/experienciadevida.com.ar\/portalurbano\/wp-content\/uploads\/2022\/05\/Quirofano-Veterinario-Movil-en.jpg",1024,682,false],"thumbnail":["https:\/\/experienciadevida.com.ar\/portalurbano\/wp-content\/uploads\/2022\/05\/Quirofano-Veterinario-Movil-en-150x150.jpg",150,150,true],"medium":["https:\/\/experienciadevida.com.ar\/portalurbano\/wp-content\/uploads\/2022\/05\/Quirofano-Veterinario-Movil-en-300x200.jpg",300,200,true],"medium_large":["https:\/\/experienciadevida.com.ar\/portalurbano\/wp-content\/uploads\/2022\/05\/Quirofano-Veterinario-Movil-en-768x512.jpg",640,427,true],"large":["https:\/\/experienciadevida.com.ar\/portalurbano\/wp-content\/uploads\/2022\/05\/Quirofano-Veterinario-Movil-en.jpg",640,426,false],"ug_big":["https:\/\/experienciadevida.com.ar\/portalurbano\/wp-content\/uploads\/2022\/05\/Quirofano-Veterinario-Movil-en-768x512.jpg",768,512,true],"1536x1536":["https:\/\/experienciadevida.com.ar\/portalurbano\/wp-content\/uploads\/2022\/05\/Quirofano-Veterinario-Movil-en.jpg",1024,682,false],"2048x2048":["https:\/\/experienciadevida.com.ar\/portalurbano\/wp-content\/uploads\/2022\/05\/Quirofano-Veterinario-Movil-en.jpg",1024,682,false],"newsever-slider-full":["https:\/\/experienciadevida.com.ar\/portalurbano\/wp-content\/uploads\/2022\/05\/Quirofano-Veterinario-Movil-en.jpg",1024,682,false],"newsever-featured":["https:\/\/experienciadevida.com.ar\/portalurbano\/wp-content\/uploads\/2022\/05\/Quirofano-Veterinario-Movil-en.jpg",1024,682,false],"newsever-medium":["https:\/\/experienciadevida.com.ar\/portalurbano\/wp-content\/uploads\/2022\/05\/Quirofano-Veterinario-Movil-en.jpg",713,475,false],"web-stories-poster-portrait":["https:\/\/experienciadevida.com.ar\/portalurbano\/wp-content\/uploads\/2022\/05\/Quirofano-Veterinario-Movil-en.jpg",640,426,false],"web-stories-publisher-logo":["https:\/\/experienciadevida.com.ar\/portalurbano\/wp-content\/uploads\/2022\/05\/Quirofano-Veterinario-Movil-en.jpg",96,64,false],"web-stories-thumbnail":["https:\/\/experienciadevida.com.ar\/portalurbano\/wp-content\/uploads\/2022\/05\/Quirofano-Veterinario-Movil-en.jpg",150,100,false]},"author_info":{"display_name":"admpu17wp","author_link":"https:\/\/experienciadevida.com.ar\/portalurbano\/author\/admpu17wp\/"},"category_info":"<a href=\"https:\/\/experienciadevida.com.ar\/portalurbano\/category\/ciudad\/\" rel=\"category tag\">Ciudad<\/a> <a href=\"https:\/\/experienciadevida.com.ar\/portalurbano\/category\/destacadas\/\" rel=\"category tag\">Destacadas<\/a>","tag_info":"Destacadas","comment_count":"0","amp_enabled":true,"_links":{"self":[{"href":"https:\/\/experienciadevida.com.ar\/portalurbano\/wp-json\/wp\/v2\/posts\/172953"}],"collection":[{"href":"https:\/\/experienciadevida.com.ar\/portalurbano\/wp-json\/wp\/v2\/posts"}],"about":[{"href":"https:\/\/experienciadevida.com.ar\/portalurbano\/wp-json\/wp\/v2\/types\/post"}],"author":[{"embeddable":true,"href":"https:\/\/experienciadevida.com.ar\/portalurbano\/wp-json\/wp\/v2\/users\/1"}],"replies":[{"embeddable":true,"href":"https:\/\/experienciadevida.com.ar\/portalurbano\/wp-json\/wp\/v2\/comments?post=172953"}],"version-history":[{"count":1,"href":"https:\/\/experienciadevida.com.ar\/portalurbano\/wp-json\/wp\/v2\/posts\/172953\/revisions"}],"predecessor-version":[{"id":172954,"href":"https:\/\/experienciadevida.com.ar\/portalurbano\/wp-json\/wp\/v2\/posts\/172953\/revisions\/172954"}],"wp:featuredmedia":[{"embeddable":true,"href":"https:\/\/experienciadevida.com.ar\/portalurbano\/wp-json\/wp\/v2\/media\/168344"}],"wp:attachment":[{"href":"https:\/\/experienciadevida.com.ar\/portalurbano\/wp-json\/wp\/v2\/media?parent=172953"}],"wp:term":[{"taxonomy":"category","embeddable":true,"href":"https:\/\/experienciadevida.com.ar\/portalurbano\/wp-json\/wp\/v2\/categories?post=172953"},{"taxonomy":"post_tag","embeddable":true,"href":"https:\/\/experienciadevida.com.ar\/portalurbano\/wp-json\/wp\/v2\/tags?post=172953"}],"curies":[{"name":"wp","href":"https:\/\/api.w.org\/{rel}","templated":true}]}}